{"id":973,"date":"2018-10-17T21:01:37","date_gmt":"2018-10-17T19:01:37","guid":{"rendered":"https:\/\/rume.inrieda.de\/?p=973"},"modified":"2018-10-18T16:16:03","modified_gmt":"2018-10-18T14:16:03","slug":"aufgelesen-und-kommentiert-2018-10-17","status":"publish","type":"post","link":"https:\/\/www.rume.de\/?p=973","title":{"rendered":"Aufgelesen und kommentiert 2018-10-17"},"content":{"rendered":"<p>\/ Armut in Deutschland ist politisch gewollt<br \/>\n\/ Schattenbericht: Bittere Armut und unmenschliche Minijobs<br \/>\n\/ DGB und BDA gratulieren sich zu 100 Jahren \u00bbSozialpartnerschaft\u00ab<br \/>\n\/ Bayern-Wahl und #unteilbar-Demo: Historisches Wochenende<br \/>\n\/ Spahn: &#8222;Kinderlose sollen mehr Pflegebeitrag zahlen&#8220;<br \/>\n\/ Loderndes Warnsignal<br \/>\n\/ Audi zahlt 800 Millionen Euro Bu\u00dfgeld<br \/>\n\/ Die Propaganda gewinnt immer, wenn wir es zulassen<br \/>\n\/ Die Ohnmacht der Moral<br \/>\n\/ Mord an Journalistin: Welche Rolle spielt Maltas Regierung?<br \/>\n\/ Lehrer am Pranger der AfD<br \/>\n\/ Lager Donauw\u00f6rth: Polizei und Justiz kriminalisieren Gefl\u00fcchtete<br \/>\n\/ \u00bbSave the Children\u00ab legt Bericht zu afghanischen R\u00fcckkehrerfamilien vor<br \/>\n\/ Fl\u00fcchtlinge: Nur wenn ihr n\u00fctzlich seid<br \/>\n\/ Die Klimakanzlerin<\/p>\n<p><!--more--><\/p>\n<p><a href='https:\/\/www.stuttgarter-zeitung.de\/inhalt.armut-in-deutschland-hartz-iv-raubt-lebenschancen.b6051ab8-85a7-4c51-9174-1aa8669466b8.html' class='azc_bbc_url'>Armut in Deutschland ist politisch gewollt<\/a><br \/>\n<span class='azc_bbc_italic'>&#8222;Seit der Einf\u00fchrung von Hartz IV im Jahr 2005 haben wir in unserem Land einen Dauergast: den Mangel an Gerechtigkeit, der zu wachsender Ungleichheit f\u00fchrt. Wir lassen es zu, dass sich alte, einkommensarme Menschen keine Brille leisten k\u00f6nnen, weil Brillen irgendwann aus dem Leistungskatalog der Krankenkassen gestrichen wurden. Vor allem die Bildungschancen sind in Deutschland sehr ungleich verteilt. 70 Prozent der Kinder von Akademikern studieren, aber nur 20 Prozent der Arbeiterkinder gehen zur Uni. Armut in einem armen Land ist ein Folge des Mangels. Armut in einem reichen Land ist ein Problem mangelnder Gerechtigkeit und in der Konsequenz politisch gewollt, auch wenn Politiker dem Vorwurf regelm\u00e4\u00dfig widersprechen.&#8220;<\/span> <a href='https:\/\/www.stuttgarter-zeitung.de\/inhalt.armut-in-deutschland-hartz-iv-raubt-lebenschancen.b6051ab8-85a7-4c51-9174-1aa8669466b8.html' class='azc_bbc_url'>Weiterlesen&#8230;<\/a><\/p>\n<p>Leider kratzt der Bericht auch nur an der Oberfl\u00e4che, wenngleich auch deutlich. Und auch der Appell, dass doch die Politik f\u00fcr Gerechtigkeit sorgen sollte (gerade in wirtschaftlich guten Zeiten), ist belustigend naiv innerhalb eines Wirtschaftssystem, in dem es niemals genug Profit geben kann. Aber ich lass das heute trotzdem mal so stehen.<\/p>\n<p><a href='https:\/\/www.heise.de\/tp\/features\/Bittere-Armut-und-unmenschliche-Minijobs-4194330.html' class='azc_bbc_url'>Schattenbericht: Bittere Armut und unmenschliche Minijobs<\/a><br \/>\n<span class='azc_bbc_italic'>&#8222;Kein Geld, miese Jobs, Schulden, Wohnungsnot und schlechtes Essen betreffen ein F\u00fcnftel der Menschen. Seit Jahren wird das oberste Zehntel reicher und das unterste F\u00fcnftel \u00e4rmer.&#8220; Zu lesen ist von 1,2 Millionen Erwerbst\u00e4tigen, die so wenig verdienen, &#8222;dass sie auf zus\u00e4tzliche Hartz-IV-Leistungen angewiesen sind. Der Anteil derjenigen, die Anspruch auf Hartz IV haben und diesen aus Scham nicht in Anspruch nehmen, ist noch h\u00f6her&#8220;. Die zunehmende Armut spaltet nicht nur die Erwerbst\u00e4tigen in Besch\u00e4ftigte erster und zweiter Klasse, sondern setzt ganze Branchen unter Druck. Sie f\u00fchrt dazu, dass die Tarifbindung schwindet.&#8220;<\/span> <a href='https:\/\/www.heise.de\/tp\/features\/Bittere-Armut-und-unmenschliche-Minijobs-4194330.html' class='azc_bbc_url'>Weiterlesen&#8230;<\/a><\/p>\n<p>Und wie reagieren die Gewerkschaften darauf?<\/p>\n<p><a href='https:\/\/www.jungewelt.de\/artikel\/341748.html' class='azc_bbc_url'>DGB und BDA gratulieren sich zu 100 Jahren \u00bbSozialpartnerschaft\u00ab<\/a><br \/>\nL E S E B E F E H L !! <img class='azc_bbc_image' src='https:\/\/www.rume.de\/smilies\/sarkasm.gif'  \/><\/p>\n<p>Siehe auch:<\/p>\n<p><a href='https:\/\/www.antikapitalistische-linke.de\/?p=2808' class='azc_bbc_url'>Bayern-Wahl und #unteilbar-Demo: Historisches Wochenende<\/a><br \/>\nDas vergangene Wochenende hat gezeigt: es gibt keinen gesellschaftlichen Rechtsruck in diesem Land. Es gibt einen Rechtsruck der herrschenden Politik insgesamt.<\/p>\n<p>Ein Warnsignal ist, dass die AfD unter Gewerkschaftsmitgliedern und Arbeiter*innen generell \u00fcberdurchschnittlich gut abschneidet. Das ist Ausdruck der Entfremdung dieser Schichten vom etablierten Politikbetrieb, aber eben auch davon, dass die soziale Frage gerade nicht im Mittelpunkt steht bzw. durch das Thema Migration \u00fcberdeckt wird. Dass das so ist, ist auch eine Verantwortung der Gewerkschaftsf\u00fchrungen, die auf Bundesebene die Gro\u00dfe Koalition unterst\u00fctzen, statt eine Opposition auf Klassenbasis zu organisieren und in den Betrieben gegen die AfD als arbeiterfeindlicher Partei aufzukl\u00e4ren.<\/p>\n<img class='azc_bbc_image' src='https:\/\/www.rume.de\/smilies\/verehr.gif'  \/>\n<p><a href='https:\/\/www.n-tv.de\/politik\/Kinderlose-sollen-mehr-Pflegebeitrag-zahlen-article20673387.html' class='azc_bbc_url'>Spahn: &#8222;Kinderlose sollen mehr Pflegebeitrag zahlen&#8220;<\/a><br \/>\nUnd unser Gesundheitssystem wird weiter zerSpahnt, indem neue Ungerechtigkeiten eingebaut werden. Statt daf\u00fcr zu sorgen, dass auch mal Politiker und andere Besserverdiener zusammen mit uns in die Sozialsysteme einzahlen, betreibt Minister Spahn mal wieder das beliebte &#8222;Teile und Herrsche&#8220; Spielchen aus dem Mittelalter, indem er Familien aufeinanderhetzt, die Kinder haben und die keine Kinder bekommen k\u00f6nnen.<\/p>\n<p>Pflegekr\u00e4fte wissen, welche Ver\u00e4nderungen sie brauchen, um gut arbeiten zu k\u00f6nnen. <a href='https:\/\/www.linksfraktion.de\/presse\/pressemitteilungen\/detail\/gute-pflege-nicht-auf-die-lange-bank-schieben' class='azc_bbc_url'>Sie werden nur nicht gefragt<\/a>.<\/p>\n<p><a href='https:\/\/www.kontextwochenzeitung.de\/wirtschaft\/394\/loderndes-warnsignal-5410.html' class='azc_bbc_url'>Loderndes Warnsignal<\/a><br \/>\nVergangene Woche brannte der ICE 511 zwischen K\u00f6ln und Frankfurt. Die verkohlten Waggons auf offener Schnellbahnstrecke machen deutlich, dass der Brandschutz f\u00fcr Tiefbahnhof und Tunnel von Stuttgart 21 nichts taugt. W\u00e4re der brennende ICE inklusive dessen Rauchentwicklung im Tunnelsystem von &#8222;Stuttgart 21&#8220; passiert, h\u00e4tte es das vielleicht gr\u00f6sste deutsche Krematorium nach dem Zweiten Weltkrieg werden k\u00f6nnen.<\/p>\n<p><a href='https:\/\/www.tagesschau.de\/wirtschaft\/audi-dieselskandal-101.html' class='azc_bbc_url'>Audi zahlt 800 Millionen Euro Bu\u00dfgeld<\/a><br \/>\n<span class='azc_bbc_italic'>&#8222;Die Dieselaff\u00e4re wird f\u00fcr die VW-Tochter Audi teuer&#8220;<\/span>, berichtet die ARD Tagesschau.<\/p>\n<p>Seht ihr: Organisierter Betrug ist jetzt eine &#8222;Aff\u00e4re&#8220;. Quasi ein kleiner Fehltritt, hoppla, passiert eben schon mal.<\/p>\n<p>Aber noch besser: 800 Mio. Euro sollen f\u00fcr Audi &#8222;teuer&#8220; sein. Kurzer Blick auf deren Gewinn im vergangenen Jahr: <a href='https:\/\/is.gd\/XDCssR' class='azc_bbc_url'>Satte 3,94 Milliarden Euro.<\/a> Im Klartext: Die &#8222;Strafe&#8220; hat Audi schon in zehn Wochen wieder drin. Wenn nicht noch fr\u00fcher. Denn dank ihrer Co-Manager mit Betriebsratsetikett kann der Vorstand die Geldstafe ja lachend an die Belegschaft durchreichen und dementsprechend deren Erfolgsbeteiligung k\u00fcrzen <img class='azc_bbc_image' src='https:\/\/www.rume.de\/smilies\/sarkasm.gif'  \/><\/p>\n<p>Teuer? Aff\u00e4re?<\/p>\n<p>Nochmal Tagesschau: <span class='azc_bbc_italic'>&#8222;Audi akzeptiere den Bu\u00dfgeldbescheid &#8211; daf\u00fcr stellt die Staatsanwaltschaft M\u00fcnchen ihr Verfahren gegen den Konzern ein.&#8220;<\/span> Joah, und anschliessend knallten im Vorstand die Sektkorken.<\/p>\n<p><a href='https:\/\/www.rubikon.news\/artikel\/die-propaganda-gewinnt-immer-wenn-wir-es-zulassen' class='azc_bbc_url'>Die Propaganda gewinnt immer, wenn wir es zulassen<\/a><br \/>\nBraucht man nicht weiter zu kommentieren.<\/p>\n<p><a href='http:\/\/www.nrhz.de\/flyer\/beitrag.php?id=25305' class='azc_bbc_url'>Die Ohnmacht der Moral<\/a><br \/>\n<span class='azc_bbc_italic'>&#8222;Ich wei\u00df nicht wie es Ihnen geht, aber mir geht es regelm\u00e4\u00dfig schlecht, wenn ich die Nachrichten lese. Da lese ich heute, wie saudi-arabische Jets nach der fast vollkommenen Zerst\u00f6rung der Infrastruktur des Jemens, nun nicht nur zivile Ziele bombardieren, sondern ganz gezielt auch versuchen die sp\u00e4rlichen Lebensmittelgrundlagen auch noch zu zerst\u00f6ren, um das Land durch eine noch gr\u00f6\u00dfere Hungersnot zu unterwerfen.<\/p>\n<p>Nachdem Saudi-Arabien mit der Hilfe der USA und von Gro\u00dfbritannien also 100.000 Menschen im Jemen t\u00f6tete, wird nun ein (!) saudischer B\u00fcrger vermisst, der zuletzt in einem t\u00fcrkischen Konsulat gesehen wurde. Man vermutet: er wurde get\u00f6tet und zerst\u00fcckelt. Was einen gr\u00f6\u00dferen Aufschrei ausl\u00f6st als der Tod von 100.000 Menschen im Jemen. Aber nat\u00fcrlich, der US-Pr\u00e4sident Trump erkl\u00e4rt es deutlich, das w\u00fcrde nicht die Waffengesch\u00e4fte von \u00fcber 110 Milliarden Dollar in Frage stellen. Irgendwie w\u00fcrde Saudi-Arabien bestraft werden, sollte der Mord sich als wahr herausstellen, meinte er. Aber nicht auf Kosten der Profite.&#8220;<\/span> <a href='http:\/\/www.nrhz.de\/flyer\/beitrag.php?id=25305' class='azc_bbc_url'>Weiterlesen&#8230;<\/a><\/p>\n<p>Tja, auf der einen Seite die Skripals, bei denen OHNE Beweise sofort Sanktionen gegen die &#8222;b\u00f6sen Russen&#8220; verh\u00e4ngt werden &#8211; inklusive Begleitpropaganda durch unsere seri\u00f6se Qualit\u00e4tsjournaille. Aber wenn Saudi-Arabien mordet und dies auch noch zugibt, erledigt man weiterhin lachend Waffengesch\u00e4fte in Milliardenh\u00f6he. <a href='https:\/\/www.german-foreign-policy.com\/news\/detail\/7754' class='azc_bbc_url'>Auch deutsche Konzerne stehen Schlange<\/a>, nicht nur die US-Amerikaner.<\/p>\n<p>Westliche Werte eben <img class='azc_bbc_image' src='https:\/\/www.rume.de\/smilies\/sarkasm.gif'  \/><\/p>\n<p>Und kleiner Lacher am Rande: <a href='https:\/\/www.der-postillon.com\/2018\/10\/khashoggi-bin-salman.html' class='azc_bbc_url'>Die Saudis verstehen die Aufregung auch nicht<\/a>. <span class='azc_bbc_italic'>&#8222;Seit Jahrzehnten wenden wir bei Dissidenten Folter an und enthaupten unliebsame Kritiker, ohne dass sich jemand gro\u00df beschwert hat&#8220;<\/span>, erkl\u00e4rte Kronprinz Mohammed bin Salman in Riad. <span class='azc_bbc_italic'>&#8222;Stockhiebe, \u00f6ffentliche Hinrichtungen, gewaltsame Niederschlagung von Aufst\u00e4nden &#8211; das alles war doch noch nie ein Problem.&#8220; Nicht einmal die Tatsache, dass die saudische Luftwaffe im Jemen tausende Zivilisten t\u00f6tet und mit seiner r\u00fccksichtslosen Kriegsf\u00fchrung den Hungertod von Millionen Menschen riskiert, hat die Weltgemeinschaft bislang gro\u00df gest\u00f6rt. &#8222;Im Gegenteil! Wir bekommen ja von allen die Waffen daf\u00fcr geliefert&#8220;<\/span> <img class='azc_bbc_image' src='https:\/\/www.rume.de\/smilies\/nasiehste.gif'  \/><\/p>\n<p><a href='https:\/\/www.deutschlandfunk.de\/journalistenmorde-welche-rolle-spielt-die-regierung.2907.de.html?dram:article_id=430559' class='azc_bbc_url'>Mord an Journalistin: Welche Rolle spielt Maltas Regierung?<\/a><br \/>\nIn Malta wird seitens der Regierung ebenso gemauert, wie hierzulande rund um die NSU-Mordserie. Aber hat deswegen jemand etwas von Sanktionen gegen Malta geh\u00f6rt? Oder dem Abbruch der diplomatischen Beziehungen? Nein, nat\u00fcrlich nicht, denn Malta wird als Steuerhinterziehungs-Basis von schwerreichen Deutschen genutzt &#8211; und die Journalistin Daphne Caruana Galizia hat dort zu energisch drin gestochert. Die &#8222;notwendige&#8220; Autobombe war dann das klare Signal an alle anderen Journalisten, es nicht zu \u00fcbertreiben.<\/p>\n<p>Lest euch mal den Bericht im Deutschlandfunk durch, wie seitens der Regierung eine Journalistin zuerst gemobbt, getrollt &#8211; und letztlich ihre Ermordung gefeiert wurde.<\/p>\n<p><a href='http:\/\/www.internet-law.de\/2018\/10\/lehrer-am-pranger-der-afd.html' class='azc_bbc_url'>Lehrer am Pranger der AfD<\/a><br \/>\nEine Betrachtung aus rechtlicher Sicht. H\u00e4tten wir einen Rechtsstaat, w\u00e4re diese Spuk an Ort und Stelle per Razzia direkt gegen Strafzahlung beendet worden. Stattdessen aber leben wir in Deutschland, in dem der Bundesinnenminister offen zugibt, bei den rechtsextremen Aufm\u00e4rschen von Chemnitz gerne selber mitmarschiert w\u00e4re &#8211; und der den obersten Schutzpatron der mit Steuergeld finanzierten Neonazi-Hochburgen ins eigene Ministerium bef\u00f6rdert. Wenig \u00fcberraschend also, dass in diesem brauen Sumpf auch kein Handschlag gegen den Lehrer-Pranger der AfD unternommen wird.<\/p>\n<p>Dazu passt auch:<\/p>\n<p><a href='https:\/\/www.akweb.de\/ak_s\/ak642\/34.htm' class='azc_bbc_url'>Lager Donauw\u00f6rth: Polizei und Justiz kriminalisieren Gefl\u00fcchtete<\/a><br \/>\nDie sogenannte &#8222;Politik der Mitte&#8220; im realen Einsatz.<\/p>\n<p>Weiteres Beispiel gef\u00e4llig?<\/p>\n<p><a href='https:\/\/www.jungewelt.de\/artikel\/341762.html' class='azc_bbc_url'>\u00bbSave the Children\u00ab legt Bericht zu afghanischen R\u00fcckkehrerfamilien vor<\/a><br \/>\n<span class='azc_bbc_italic'>&#8222;Nicht nur Erwachsene werden nach ihrer Ankunft in der afghanischen Hauptstadt Kabul h\u00e4ufig einfach ihrem Schicksal \u00fcberlassen. Auch Kinder, die nie zuvor in Afghanistan gewesen sind, werden aus Europa dahin &#8222;zur\u00fcckgef\u00fchrt&#8220;. Die Kinderrechtsorganisation \u00bbSave the Children\u00ab (STC) hat ein Jahr lang Kinder, Jugendliche und erwachsene Familienangeh\u00f6rige nach ihren Erfahrungen vor, w\u00e4hrend und nach der R\u00fcckkehr nach Afghanistan befragt.<\/p>\n<p>Am Dienstag hat STC seinen Bericht \u00fcber die Ergebnisse vorgestellt. Darin sind insgesamt 57 F\u00e4lle zur\u00fcckgekehrter Kinder und Jugendlicher ausgewertet worden. Die vergleichsweise kleine Gruppe von Befragten erkl\u00e4rte sie mit der extrem gewaltsamen Situation in Afghanistan. Urspr\u00fcnglich wollte die Organisation in drei Provinzen Kinder befragen. Aber die Sicherheitslage habe dies nur in zweien erlaubt.&#8220;<\/span><\/p>\n<p>Kurze Zwischenbemerkung: F\u00fcr Abschiebungen sind diese Gebiete nat\u00fcrlich &#8222;sicher&#8220;. Hauptsache: Ausl\u00e4nder raus! Das gilt nat\u00fcrlich auch f\u00fcr Kinder.<\/p>\n<span class='azc_bbc_italic'>&#8222;Allein von der Polizei zum Flughafen abgeholt und, in Handschellen gefesselt, ausgeflogen zu werden, traumatisiere Riebau zufolge viele Kinder. R\u00fcckkehrer aus Europa st\u00fcnden zudem unter einem sozialen Stigma. In der \u00d6ffentlichkeit und im Kreise von Angeh\u00f6rigen werde ihnen verboten, ihre europ\u00e4ische Muttersprache oder \u00fcberhaupt \u00fcber ihre europ\u00e4ische Herkunft zu sprechen. In Afghanistan angekommen, seien aus Europa abgeschobene Kinder und Jugendliche der Gefahr ausgesetzt, als Milizenk\u00e4mpfer oder gar Selbstmordattent\u00e4ter rekrutiert zu werden. Dies betreffe ein F\u00fcnftel der von STC Befragten. Die Dunkelziffer sei allerdings wesentlich h\u00f6her einzusch\u00e4tzen, sagte Riebau. Schlie\u00dflich habe man nur mit denen sprechen k\u00f6nnen, die einem solchen Schicksal entgangen waren.&#8220;<\/span>\n<p>Das ist sie, die menschliche &#8222;Politik der Mitte&#8220; unter der fl\u00fcchtlingsguten Merkel.<\/p>\n<p><a href='https:\/\/www.kontextwochenzeitung.de\/politik\/394\/nur-wenn-ihr-nuetzlich-seid-5411.html' class='azc_bbc_url'>Fl\u00fcchtlinge: Nur wenn ihr n\u00fctzlich seid<\/a><br \/>\n<span class='azc_bbc_italic'>&#8222;Wenn schon legale Einwanderung, dann wenigstens bedarfsgerecht: Diese Vorstellung wird durch die neuen, von der Gro\u00dfen Koalition in Berlin erdachten &#8222;Eckpunkte zur Fachkr\u00e4fteeinwanderung&#8220; zus\u00e4tzlich befeuert. Weil es statt um Menschen vor allem um deren Relevanz f\u00fcr die Volkswirtschaft geht.&#8220;<\/span><\/p>\n<p>Sehr sch\u00f6n geschrieben. Und genau das ist auch der Punkt, in dem ich mich fundamental von z.B. den sozialdemokratischen Nachdenkseiten unterscheide. Wer Menschen nach N\u00fctzlichkeit sortieren will, wird n\u00e4mlich immer scheitern. Denn die strikte Aufteilung nach &#8222;berechtigten&#8220; Fluchtursachen scheitert doch jetzt schon an allen Ecken. Daf\u00fcr reicht ein Blick auf die &#8222;sicheren Herkunftsl\u00e4nder&#8220;, die man vollkommen willk\u00fcrlich benennt.<\/p>\n<p>Es gibt keine humane und sozialgerechte Auslese zwischen Menschen, die hier her kommen d\u00fcrfen und Menschen, denen man dieses Vorhaben verweigert. Und ich hatte das <a href='https:\/\/www.rume.de\/2018\/08\/29\/aufgelesen-und-kommentiert-2018-08-29' class='azc_bbc_url'>hier im unteren Drittel<\/a> schon mal abschliessend erkl\u00e4rt. Statt mit viel Energie solche ergebnislosen Debatten zu f\u00fchren, sollte man lieber den Blick darauf richten, welches Wirtschaftssystem permanent Fluchtursachen verursacht.<\/p>\n<p>Und zu guter Letzt:<\/p>\n<p><a href='http:\/\/www.sfv.de\/fotos\/l\/MesterKlimakanzlerin.jpg' class='azc_bbc_url'>Die Klimakanzlerin<\/a><br \/>\n<img class='azc_bbc_image' src='https:\/\/www.rume.de\/smilies\/nasiehste.gif'  \/><\/p>\n","protected":false},"excerpt":{"rendered":"<p>\/ Armut in Deutschland ist politisch gewollt \/ Schattenbericht: Bittere Armut und unmenschliche Minijobs \/ DGB und BDA gratulieren sich zu 100 Jahren \u00bbSozialpartnerschaft\u00ab \/ Bayern-Wahl und #unteilbar-Demo: Historisches Wochenende \/ Spahn: &#8222;Kinderlose sollen mehr Pflegebeitrag zahlen&#8220; \/ Loderndes Warnsignal \/ Audi zahlt 800 Millionen Euro Bu\u00dfgeld \/ Die Propaganda gewinnt immer, wenn wir es &hellip; <a href=\"https:\/\/www.rume.de\/?p=973\" class=\"more-link\"><span class=\"screen-reader-text\">\u201eAufgelesen und kommentiert 2018-10-17\u201c <\/span>weiterlesen<\/a><\/p>\n","protected":false},"author":1,"featured_media":0,"comment_status":"open","ping_status":"closed","sticky":false,"template":"","format":"standard","meta":{"footnotes":""},"categories":[2],"tags":[],"class_list":["post-973","post","type-post","status-publish","format-standard","hentry","category-aufgelesen"],"_links":{"self":[{"href":"https:\/\/www.rume.de\/index.php?rest_route=\/wp\/v2\/posts\/973","targetHints":{"allow":["GET"]}}],"collection":[{"href":"https:\/\/www.rume.de\/index.php?rest_route=\/wp\/v2\/posts"}],"about":[{"href":"https:\/\/www.rume.de\/index.php?rest_route=\/wp\/v2\/types\/post"}],"author":[{"embeddable":true,"href":"https:\/\/www.rume.de\/index.php?rest_route=\/wp\/v2\/users\/1"}],"replies":[{"embeddable":true,"href":"https:\/\/www.rume.de\/index.php?rest_route=%2Fwp%2Fv2%2Fcomments&post=973"}],"version-history":[{"count":11,"href":"https:\/\/www.rume.de\/index.php?rest_route=\/wp\/v2\/posts\/973\/revisions"}],"predecessor-version":[{"id":991,"href":"https:\/\/www.rume.de\/index.php?rest_route=\/wp\/v2\/posts\/973\/revisions\/991"}],"wp:attachment":[{"href":"https:\/\/www.rume.de\/index.php?rest_route=%2Fwp%2Fv2%2Fmedia&parent=973"}],"wp:term":[{"taxonomy":"category","embeddable":true,"href":"https:\/\/www.rume.de\/index.php?rest_route=%2Fwp%2Fv2%2Fcategories&post=973"},{"taxonomy":"post_tag","embeddable":true,"href":"https:\/\/www.rume.de\/index.php?rest_route=%2Fwp%2Fv2%2Ftags&post=973"}],"curies":[{"name":"wp","href":"https:\/\/api.w.org\/{rel}","templated":true}]}}