{"id":955,"date":"2018-10-16T23:40:50","date_gmt":"2018-10-16T21:40:50","guid":{"rendered":"https:\/\/rume.inrieda.de\/?p=955"},"modified":"2018-10-18T16:15:52","modified_gmt":"2018-10-18T14:15:52","slug":"aufgelesen-und-kommentiert-2018-10-16","status":"publish","type":"post","link":"https:\/\/www.rume.de\/?p=955","title":{"rendered":"Aufgelesen und kommentiert 2018-10-16"},"content":{"rendered":"<p>\/ Hartz IV-Sanktionsregime: Wenn M\u00f6rder besser versorgt werden als Hartz IV-Betroffene<br \/>\n\/ Bayern-Wahl: Der rechte Block hat zugelegt<br \/>\n\/ Klima: Verdi rettet die Welt<br \/>\n\/ Bundespolizei hat Bericht zur Gesichtserkennung absichtlich gesch\u00f6nt<br \/>\n\/ Autobahn-Teilprivatisierung: Rechnungshof r\u00fcgt Scheuer ungew\u00f6hnlich scharf<br \/>\n\/ Kein Prozess gegen Ex-DFB-Chefs Niersbach und Zwanziger<br \/>\n\/ Nach Razzia: R\u00fcckruf von fast 100.000 Opel-Diesel steht bevor<br \/>\n\/ SPD zieht Konsequenzen aus Wahldebakel<\/p>\n<p><!--more--><\/p>\n<p><a href='https:\/\/www.freitag.de\/autoren\/fhp-freie-hartz-iv-presse\/hartz-iv-sanktionsregime-agiert-haerter-als' class='azc_bbc_url'>Hartz IV-Sanktionsregime: Wenn M\u00f6rder besser versorgt werden als Hartz IV-Betroffene<\/a><br \/>\nStrafgefangene d\u00fcrfen bei &#8222;Arbeitsverweigerung&#8220; nicht mit Entzug der Gesundheitsf\u00fcrsorge oder mit Nahrungsentzug bestraft werden! Aber, Hartz IV- Empf\u00e4ngern wird dies zu Hunderttausenden &#8211; auch ihren Kindern &#8211; jeden Tag angetan!<\/p>\n<p>Wer im Gef\u00e4ngnis nicht spurt, hat auch weiterhin ein Dach \u00fcber dem Kopf und Essen auf dem Teller. Hartz IV Empf\u00e4nger indes m\u00fcssen bei Regelverst\u00f6\u00dfen damit rechnen, pl\u00f6tzlich kein Geld mehr f\u00fcr Lebensmittel oder die Miete zu haben.<\/p>\n<p>Diese Sanktionen liegen schon seit dem 02. August 2016 (!) als Verfassungsbeschwerde vor, doch das Bundesverfassungsgericht l\u00e4sst sich in unverantwortlicher Weise viel zu viel Zeit &#8211; und gef\u00e4hrdet wissentlich das Leben und die Gesundheit von vielen 10.000 Betroffenen.<\/p>\n<p><a href='https:\/\/www.heise.de\/tp\/features\/Der-rechte-Block-hat-zugelegt-4192665.html' class='azc_bbc_url'>Bayern-Wahl: Der rechte Block hat zugelegt<\/a><br \/>\nIch habs gestern auch schon kommentiert, dass der braune Grundgestank h\u00f6chstens von ein paar dr\u00fcber gestreuselten Kr\u00fcmeln leicht beeinflusst wird &#8211; und heute zieht man bei TELEPOLIS dieselbe Bilanz.<\/p>\n<p>Kurzer Auszug: <span class='azc_bbc_italic'>&#8222;Die reibungslose Kapitalverwertung w\u00e4re bei jeder denkbaren Regierungsbildung gewahrt gewesen &#8211; auch mit den GR\u00dcNEN. Doch dazu wird es wohl nicht kommen. Der rechte B\u00fcrgerblock kann weiterregieren. Denn mit den FREIEN W\u00c4HLERN steht ein Koalitionspartner bereit, deren f\u00fchrende Politiker sich wie CSU und AfD positionieren.<\/p>\n<p>Exemplarisch daf\u00fcr steht der Landshuter Landrat der FREIEN W\u00c4HLER, Peter Dreier. Im Januar 2016 schickte er Migranten, die in seiner Gemeinde aufgenommen wurden, nach Berlin und auch die konservative Presse \u00fcbernahm den rechten Sprech, er habe die Fl\u00fcchtlinge zu Merkel geschickt. DIE WELT zitiert Dreier so: &#8222;Wenn Deutschland eine Million Fl\u00fcchtlinge aufnimmt, entfallen rechnerisch auf meinen Landkreis 1.800. Die nehme ich auf, alle weiteren schicke ich per Bus weiter nach Berlin zum Kanzleramt.&#8220;<\/p>\n<p>Wenn solche Aktionen von einem AfD-Politiker gekommen w\u00e4ren, h\u00e4tte es Emp\u00f6rung in der Republik gegeben. Bei einem Politiker der FREIEN W\u00c4HLER gilt so etwas als mutige Tat. So konnten also die W\u00e4hler mit dieser Formation eine AfD-light w\u00e4hlen und der Rechtsblock kann weiterregieren.&#8220;<\/span><\/p>\n<p><a href='https:\/\/www.freitag.de\/autoren\/der-freitag\/verdi-rettet-die-welt' class='azc_bbc_url'>Klima: Verdi rettet die Welt<\/a><br \/>\n<span class='azc_bbc_italic'>&#8222;Die Gutmenschen blockieren die Grube, die Arbeiter verlieren ihre Jobs? So sieht es die Industriegewerkschaft Bergbau, Chemie und Energie (IG BCE), die f\u00fcr die Kohle k\u00e4mpft. Erst im Juni ver\u00f6ffentlichte die Gewerkschaft ihren &#8222;Revier-Appell&#8220; und warnte vor einem &#8222;\u00fcberhasteten, unkontrollierten Ausstieg aus der Kohle&#8220;. Ein verfr\u00fchtes, von Symbolpolitik getriebenes Abschalten h\u00e4tte &#8222;Kahlschlag in den Regionen, steigende Energiepreise und Jobabbau&#8220; zur Folge. Teile von Verdi aus der Region schlossen sich dem Aufruf an, den RWE-Mitarbeiter, Bundes- und Landtagsabgeordnete, SPD-Politiker, B\u00fcrgermeister sowie Mitglieder des DGB und der IG Metall unterzeichneten.<\/p>\n<p>&#8222;Die Leute, die umgesiedelt werden oder unter dem Feinstaub leiden, die kommen bei der IG BCE gar nicht vor&#8220;, \u00e4rgert sich Verdi-Mitglied Helmut Born, &#8222;die Region, das sind immer nur die Besch\u00e4ftigten.&#8220; Als im Sommer 2016 das Klimacamp in der N\u00e4he des Hambacher Forsts tagte, startete die IG BCE dagegen eine aggressive Kampagne. Motto: &#8222;Schnauze voll von Gewalt durch Klimaaktivisten&#8220;. Dabei gab es nicht einmal Demonstrationen. &#8222;Das Camp war nur f\u00fcr Gespr\u00e4che mit Anwohnern da&#8220;, sagt der 66-J\u00e4hrige, &#8222;trotzdem hat die IG BCE solche Infost\u00e4nde in den St\u00e4dten gemacht.&#8220;<\/p>\n<p>\u00dcber diese Diffamierung und Kriminalisierung hat sich Born, ehedem Betriebsrat und Mitglied im Landesbezirksvorstand bei Verdi, so ge\u00e4rgert, dass er die Initiative Gewerkschafterinnen und Gewerkschafter f\u00fcr Klimaschutz gr\u00fcndete. &#8222;Klimagerechtigkeit bedeutet, sowohl die Interessen der Besch\u00e4ftigten, der Anwohner als auch die der globalen Umwelt zu ber\u00fccksichtigen&#8220;, lautet ihr Selbstverst\u00e4ndnis.<\/p>\n<p>Die Forderungen: Kohleausstieg so schnell wie m\u00f6glich, aber so, dass niemand erwerbslos wird. Neue Arbeitspl\u00e4tze rund um den stillgelegten Tagebau, etwa beim R\u00fcckbau der F\u00f6rdergebiete, und den Ausbau der erneuerbaren Energien. Dazu Fortbildungen und Umschulungen sowie eine Arbeitszeitverk\u00fcrzung auf 30 Stunden pro Woche bei vollem Lohnausgleich. &#8222;Wir wollen uns als Klimagewerkschafter sichtbar machen und die Gewerkschaften von unten unter Druck setzen, den sozial vertr\u00e4glichen Abbau voranzutreiben.<\/p>\n<p>Von der Bundesregierung ist wenig zu erwarten. Die CDU warnt noch immer vor einem &#8222;\u00fcberst\u00fcrzten&#8220; Ausstieg und k\u00fcrzlich \u00e4tzte SPD-Chefin Andrea Nahles gegen die Gr\u00fcnen, die einen Kohleausstieg bis 2030 und Investitionen f\u00fcr den Strukturwandel fordern. F\u00fcr eine &#8222;Blutgr\u00e4tsche gegen die Braunkohle&#8220; stehe die SPD nicht zur Verf\u00fcgung. Dabei gibt es nur noch 20.000 Arbeitspl\u00e4tze in der Braunkohle in Deutschland, 9.000 davon in Nordrhein-Westfalen. 40 Prozent der Arbeitnehmer sind mindestens 50 Jahre alt. Demgegen\u00fcber stehen mehr als 300.000 Arbeitspl\u00e4tze in den erneuerbaren Energien. Eigentlich gute Voraussetzungen f\u00fcr einen sozial gerechten Strukturwandel.&#8220;<\/span> <a href='https:\/\/www.freitag.de\/autoren\/der-freitag\/verdi-rettet-die-welt' class='azc_bbc_url'>Weiterlesen&#8230;<\/a><\/p>\n<p><a href='https:\/\/www.heise.de\/newsticker\/meldung\/CCC-Bundespolizei-hat-Bericht-zur-Gesichtserkennung-absichtlich-geschoent-4191216.html' class='azc_bbc_url'>CCC: Bundespolizei hat Bericht zur Gesichtserkennung absichtlich gesch\u00f6nt<\/a><br \/>\nSogar die offiziell ver\u00f6ffentlichte (und miserable) Trefferquote wurde zurechtgebogen, damit sie &#8222;etwas&#8220; besser aussehen &#8211; wie die Spezialisten vom CCC herausgefunden haben.<\/p>\n<p>Aber nochmal: Wir d\u00fcrfen uns gar nicht erst auf eine Effizienzdebatte einlassen, sondern m\u00fcssen die Gesichtserkennung im \u00f6ffentlichen Raum vollst\u00e4ndig ablehnen. Denn selbst wenn eine 100-Prozent-Trefferquote erf\u00fcllt w\u00e4re, w\u00e4ren die anschliessenden Folgen umso gravierender. <span class='azc_bbc_italic'>&#8222;Die Gesichter aller Passanten seien keine biometrische Ressource, die beliebig gescannt werden k\u00f6nnen. W\u00fcrden solche Systeme gar noch ausgebaut, drohe eine anlasslose biometrische Personen\u00fcberwachung im \u00f6ffentlichen Raum&#8220;<\/span>, warnt der CCC v\u00f6llig zurecht.<\/p>\n<p><a href='http:\/\/www.fr.de\/wirtschaft\/a49-bei-neuental-rechnungshof-ruegt-scheuer-ungewoehnlich-scharf-a-1600673' class='azc_bbc_url'>Autobahn-Teilprivatisierung: Rechnungshof r\u00fcgt Scheuer ungew\u00f6hnlich scharf<\/a><br \/>\nJoah und der Scheuer wird diese R\u00fcge &#8222;ungew\u00f6hnlich scharf&#8220; lachend in den Papierkorb werfen.<\/p>\n<span class='azc_bbc_italic'>&#8222;In ungew\u00f6hnlich drastischen Worten r\u00fcgt der Bundesrechnungshof die milliardenschweren Pl\u00e4ne des Bundesverkehrsministers, ein Autobahn-Teilst\u00fcck in Hessen zu privatisieren &#8211; und zugleich mit Steuergeld zu f\u00f6rdern. Das Ministerium k\u00f6nne nicht nachweisen, dass die von Scheuer f\u00fcr 2020 angestrebte &#8222;\u00f6ffentlich-private Partnerschaft&#8220; (\u00d6PP) f\u00fcr den Anschluss der A 49 an die A 5 billiger sei als ein Bau in staatlicher Hand, erkl\u00e4rt der Rechnungshof dem Haushaltsausschuss des Bundestages in einem 15-seitigem Bericht. Vielmehr weise die Kalkulation des Ministeriums dazu absichtliche L\u00fccken und M\u00e4ngel auf. Zudem erf\u00fcllt die Ministeriumsrechnung laut dem Schreiben von Anfang Oktober nicht die Bedingungen, unter denen der Bundestag das Staatsgeld in H\u00f6he von 1,1 Milliarden Euro f\u00fcr das Bauprojekt bewilligt hat.&#8220;<\/span>\n<p>Haha, das sind auch Witzbolde da beim Bundesrechnungshof. Nat\u00fcrlich wird eine Privatisierung IMMER teurer. Genau das ist ja auch der Zweck von Privatisierungen. Dass man unbemerkt vom Wahlvieh mehrere Millionen Euro ihres Steuergelds in die Taschen der Reichen verschieben kann.<\/p>\n<p>Vielleicht sollten sich die Heinis vom Bundesrechnungshof auch mal grossz\u00fcgig mit Aktien der Konzerne eindecken. Dann sehen sie Privatisierungen pl\u00f6tzlich mit ganz anderen Augen <img class='azc_bbc_image' src='https:\/\/www.rume.de\/smilies\/sarkasm.gif'  \/><\/p>\n<p><a href='https:\/\/www.neues-deutschland.de\/artikel\/1103525.html' class='azc_bbc_url'>Kein Prozess gegen Ex-DFB-Chefs Niersbach und Zwanziger<\/a><br \/>\nWegen der verschwundenen 6,7 Millionen Euro f\u00fcr die Sport-Gala, die nie stattgefunden hat, muss man jetzt gar nicht so genau hinschauen &#8211; meint das Gericht. Auch die gekaufte WM, bei der \u00fcber 13 Millionen Euro an Steuern hinterzogen wurden, sind der M\u00fche nicht wert. Das sind eben <span class='azc_bbc_italic'>&#8222;die \u00fcblichen Betriebsausgaben&#8220;<\/span> <img class='azc_bbc_image' src='https:\/\/www.rume.de\/smilies\/sarkasm.gif'  \/><\/p>\n<p><a href='https:\/\/www.swr.de\/swraktuell\/rheinland-pfalz\/mainz\/diesel-razzia-100.html' class='azc_bbc_url'>Nach Razzia: R\u00fcckruf von fast 100.000 Opel-Diesel steht bevor<\/a><br \/>\nEs geht (immer noch) um das sogenannte Thermofenster mit folgender &#8222;Wirkung&#8220;: Nur wenn draussen mindestens 20 Grad herrschen, wird die Abgasreinigung eingeschaltet. Aber wenn es \u00fcber 30 Grad geht, wird sofort wieder abgeschaltet. Wir reden hier also von vielleicht zehn Prozent der allt\u00e4glichen Autofahrten, in denen die Abgasreinigung \u00fcberhaupt mal l\u00e4uft.<\/p>\n<p>Sch\u00f6nes Zitat auch noch im Bericht: <span class='azc_bbc_italic'>&#8222;Hardware-Nachr\u00fcstungen lehnt das Unternehmen weiterhin ab, weil diese &#8222;\u00f6konomisch nicht sinnvoll und technologisch nicht ausgereift&#8220; seien. &#8222;Wir glauben nicht, dass Nachr\u00fcstungen funktionieren&#8220;, hatte der Chef des Opel-Mutterkonzerns PSA, Carlos Tavares, j\u00fcngst auf der Pariser Automesse erkl\u00e4rt.&#8220;<\/span><\/p>\n<p>Na klar, sich einen arschkriechenden Bundesverkehrsminister zurecht zu schmieren ist sicherlich &#8222;\u00f6konomisch sinnvoller&#8220;, aber \u00e4hnliches Gejammer kennen wir ja bereits:<\/p>\n<p>&#8211; gesetzliche Gurtpflicht ist zu teuer<br \/>\n&#8211; Pflicht zum Airbag ist zu teuer<br \/>\n&#8211; Katalysatorpflicht ist zu teuer<br \/>\n&#8211; zwingender Einbau von ABS ist zu teuer<br \/>\n&#8211; Partikelfilterpflicht ist zu teuer<br \/>\n&#8211; umweltfreundlichere Klimaanlagen zu teuer<br \/>\n&#8211; sch\u00e4rfere Abgasregeln sind nicht machbar<br \/>\n&#8211; Fahrverbote sind nicht sinnvoll<\/p>\n<p>Das alles waren H\u00f6llenqualen f\u00fcr die notleidende Automobilindustrie. Allein an den kargen Managergeh\u00e4ltern und Dividendenaussch\u00fcttungen kann man schon ablesen, dass sie sich allein von der Katalysator-Pflicht niemals erholen konnten <img class='azc_bbc_image' src='https:\/\/www.rume.de\/smilies\/sarkasm.gif'  \/><\/p>\n<p>Und zu guter Letzt:<\/p>\n<p><a href='https:\/\/pfohlmann.de\/wp-content\/uploads\/2018\/10\/181015CNahlesPutzfrauWeg.jpg' class='azc_bbc_url'>SPD zieht Konsequenzen aus Wahldebakel<\/a><br \/>\n<img class='azc_bbc_image' src='https:\/\/www.rume.de\/smilies\/nasiehste.gif'  \/><\/p>\n","protected":false},"excerpt":{"rendered":"<p>\/ Hartz IV-Sanktionsregime: Wenn M\u00f6rder besser versorgt werden als Hartz IV-Betroffene \/ Bayern-Wahl: Der rechte Block hat zugelegt \/ Klima: Verdi rettet die Welt \/ Bundespolizei hat Bericht zur Gesichtserkennung absichtlich gesch\u00f6nt \/ Autobahn-Teilprivatisierung: Rechnungshof r\u00fcgt Scheuer ungew\u00f6hnlich scharf \/ Kein Prozess gegen Ex-DFB-Chefs Niersbach und Zwanziger \/ Nach Razzia: R\u00fcckruf von fast 100.000 Opel-Diesel &hellip; <a href=\"https:\/\/www.rume.de\/?p=955\" class=\"more-link\"><span class=\"screen-reader-text\">\u201eAufgelesen und kommentiert 2018-10-16\u201c <\/span>weiterlesen<\/a><\/p>\n","protected":false},"author":1,"featured_media":0,"comment_status":"open","ping_status":"closed","sticky":false,"template":"","format":"standard","meta":{"footnotes":""},"categories":[2],"tags":[],"class_list":["post-955","post","type-post","status-publish","format-standard","hentry","category-aufgelesen"],"_links":{"self":[{"href":"https:\/\/www.rume.de\/index.php?rest_route=\/wp\/v2\/posts\/955","targetHints":{"allow":["GET"]}}],"collection":[{"href":"https:\/\/www.rume.de\/index.php?rest_route=\/wp\/v2\/posts"}],"about":[{"href":"https:\/\/www.rume.de\/index.php?rest_route=\/wp\/v2\/types\/post"}],"author":[{"embeddable":true,"href":"https:\/\/www.rume.de\/index.php?rest_route=\/wp\/v2\/users\/1"}],"replies":[{"embeddable":true,"href":"https:\/\/www.rume.de\/index.php?rest_route=%2Fwp%2Fv2%2Fcomments&post=955"}],"version-history":[{"count":5,"href":"https:\/\/www.rume.de\/index.php?rest_route=\/wp\/v2\/posts\/955\/revisions"}],"predecessor-version":[{"id":990,"href":"https:\/\/www.rume.de\/index.php?rest_route=\/wp\/v2\/posts\/955\/revisions\/990"}],"wp:attachment":[{"href":"https:\/\/www.rume.de\/index.php?rest_route=%2Fwp%2Fv2%2Fmedia&parent=955"}],"wp:term":[{"taxonomy":"category","embeddable":true,"href":"https:\/\/www.rume.de\/index.php?rest_route=%2Fwp%2Fv2%2Fcategories&post=955"},{"taxonomy":"post_tag","embeddable":true,"href":"https:\/\/www.rume.de\/index.php?rest_route=%2Fwp%2Fv2%2Ftags&post=955"}],"curies":[{"name":"wp","href":"https:\/\/api.w.org\/{rel}","templated":true}]}}