{"id":899,"date":"2018-10-10T21:19:33","date_gmt":"2018-10-10T19:19:33","guid":{"rendered":"https:\/\/rume.inrieda.de\/?p=899"},"modified":"2018-10-10T21:19:33","modified_gmt":"2018-10-10T19:19:33","slug":"aufgelesen-und-kommentiert-2018-10-10","status":"publish","type":"post","link":"https:\/\/www.rume.de\/?p=899","title":{"rendered":"Aufgelesen und kommentiert 2018-10-10"},"content":{"rendered":"<p>\/ Staatsversagen beim Arbeitsschutz<br \/>\n\/ #unteilbar &#8211; Bleibt Aufstehen sitzen?<br \/>\n\/ Griechenland und die L\u00fcge von der &#8222;\u00fcberwundenen&#8220; Finanzkrise<br \/>\n\/ Trump und die USA: Ein Abgesang auf die gr\u00f6\u00dfte Pseudodemokratie der Welt<br \/>\n\/ NATO-Chef Stoltenberg in Belgrad: &#8222;Wir bombardierten euch, um euch zu sch\u00fctzen&#8220;<br \/>\n\/ Abschiebungen trotz gerichtlicher Verbote: Rechtsschutz als Gl\u00fccksspiel<br \/>\n\/ EU-Kooperation mit Libyen: Das Land f\u00fcrs Grobe<br \/>\n\/ EU will Fingerabdr\u00fccke und Gesichtsbilder gemeinsam speichern<br \/>\n\/ Stoiber nennt Zuzug von Deutschen nach Bayern als Grund f\u00fcr CSU-Absturz<br \/>\n\/ Reul (CDU): &#8222;Was bringt das beste Polizeigesetz, wenn es am Verfassungsgericht scheitert?&#8220;<br \/>\n\/ Tag der deutschen Einheit: Milit\u00e4r, Macht, Krieg<br \/>\n\/ Kaum belastbares Material gegen vermeintliche Skripal-Attent\u00e4ter<br \/>\n\/ Kohle f\u00fcr Wildtiersch\u00fctzer<br \/>\n\/ Autoland ist abgebrannt<br \/>\n\/ SPD droht Autokonzernen mit Bu\u00dfgeldern<\/p>\n<p>&#8212;<\/p>\n<p><!--more--><\/p>\n<p><a href='https:\/\/www.kontextwochenzeitung.de\/wirtschaft\/393\/staatsversagen-beim-arbeitsschutz-5393.html' class='azc_bbc_url'>Staatsversagen beim Arbeitsschutz<\/a><br \/>\n<span class='azc_bbc_italic'>&#8222;Wenn Arbeit krank macht, ist das keine Schlagzeile. Das hat der Stuttgarter Filmemacher Hermann Abmayr bei seinen Recherchen f\u00fcr den SWR gelernt. Verantwortlich sind nicht nur Unternehmen, sondern auch der Staat, der beim Arbeitsschutz versagt &#8211; und schweigt.&#8220;<\/span><\/p>\n<p>So berichtet KONTEXT und argumentiert dabei rein auf der moralischen Ebene &#8211; ganz nach dem Motto: Wenn etwas sch\u00e4dlich ist, dann m\u00fcssen Gesetze und Strafen her!<\/p>\n<p>Das Problem dabei ist: Was genau ist aus Sicht der Bundesregierung sch\u00e4dlich? Die Gesundheit der Menschen definitiv nicht, denn daf\u00fcr reicht nur ein fl\u00fcchtiger Blick auf die derzeitige Dieselpolitik. Sch\u00e4dlich ist innerhalb eines kapitalistischen Systems nur das, was die Profite gef\u00e4hrdet. Und die Bundesregierung hat einzig und allein den Auftrag, die Profite (die systembedingt nat\u00fcrlich nur nach Oben fliessen) zu steigern. Wenn daf\u00fcr niedrigere Sozialabgaben n\u00f6tig ist, wird halt das Rentenalter erh\u00f6ht. Wenn daf\u00fcr niedrigere L\u00f6hne n\u00f6tig sind, wird die Agenda 2010 durchgesetzt. Wenn man daf\u00fcr sogar an den Krankheiten der eigenen Bev\u00f6lkerung verdienen muss, wird eben das Gesundheitssystem auf Profit umgebaut.<\/p>\n<p>So lange Krankheiten nicht den Profit gef\u00e4hrden, so lange sind diese auch kein Problem f\u00fcr die Herrschenden und ihre regierenden Marionetten in der Bundesregierung. Dies kann man emp\u00f6rend finden, ist aber keinesfalls Staatsversagen, sondern reine kapitalistische Logik. Und ein anderes System, welches die Menschen in den Mittelpunkt stellt, das wollen wir ja nicht.<\/p>\n<p><a href='https:\/\/www.freitag.de\/autoren\/elsa-koester\/bleibt-aufstehen-sitzen' class='azc_bbc_url'>#unteilbar &#8211; Bleibt Aufstehen sitzen?<\/a><br \/>\nEs geht um den Sozialstaat, um Flucht und Migration, um Pflege, Gesundheit, Kinderbetreuung und Bildung, um die Agenda 2010, LGBTIQ*-Rechte, Wohnungsnot, Steuerungerechtigkeit, kurz: es geht um alles bei der #unteilbar-Demonstration. Am kommenden Samstag wird sich in Berlin die linke Zivilgesellschaft in voller Breite zusammenfinden, zum ersten Mal seit langem. \u00dcber 500 Organisationen unterst\u00fctzen den Aufruf. Man muss sie gar nicht erst aufz\u00e4hlen, es sind einfach alle, die in den vergangenen Jahren immer mal wieder linke Kundgebungen oder Demonstrationen organisiert haben. Mehrere Zehntausend Teilnehmer werden erwartet &#8211; doch wenn es nach Sahra Wagenknecht geht, wird #aufstehen nicht dabei sein.<\/p>\n<p><a href='https:\/\/www.heise.de\/tp\/features\/Griechenland-und-die-Luege-von-der-ueberwundenen-Finanzkrise-4182664.html' class='azc_bbc_url'>Griechenland und die L\u00fcge von der &#8222;\u00fcberwundenen&#8220; Finanzkrise<\/a><br \/>\nNein &#8211; Doch &#8211; Oohh <img class='azc_bbc_image' src='https:\/\/www.rume.de\/smilies\/sarkasm.gif'  \/><\/p>\n<p><a href='https:\/\/derstandard.at\/2000087890658' class='azc_bbc_url'>Trump und die USA: Ein Abgesang auf die gr\u00f6\u00dfte Pseudodemokratie der Welt<\/a><br \/>\n<span class='azc_bbc_italic'>&#8222;Donald Trump ist f\u00fcr viele ein Schock, die an Amerika geglaubt haben. Tats\u00e4chlich haben sie schon immer in einer Traumwelt gelebt. Es gibt keine zweite Nation auf der Erde, die so wenig mit Demokratie und Menschenrechten wie die USA zu tun hat und es gleichzeitig dennoch jahrzehntelang so gut verstanden hat, der ganzen Welt &#8211; oder zumindest dem Gro\u00dfteil der westlichen Journalisten, aber die halten sich ja f\u00fcr &#8222;die Welt&#8220; &#8211; wei\u00dfzumachen, dass sie der Inbegriff von Demokratie und Menschenrechten sei.<\/p>\n<p>Dass nun pl\u00f6tzlich ein autorit\u00e4rer, nach einer weit verbreiteten Lesart sogar geistig umnachteter Geldaristokrat die USA regiert, dem die Menschenrechte und die Rechtsstaatlichkeit schnurzegal sind, das erscheint folglich vielen als ein vollkommener Bruch. Tats\u00e4chlich aber k\u00f6nnen hier nur diejenigen ersch\u00fcttert sein, die auf jenes von vornherein idealisierte Amerikabild hereingefallen sind, das in unserem Teil der Erde jahrzehntelang konstruiert und gepflegt wurde.&#8220;<\/span> <img class='azc_bbc_image' src='https:\/\/www.rume.de\/smilies\/nasiehste.gif'  \/><\/p>\n<p>Auch Barack Obama h\u00e4tte statt des Friedensnobelpreises eher nach Den Haag geh\u00f6rt, um dort f\u00fcr seine Massenmorde <a href='http:\/\/www.zeit.de\/2013\/23\/drohnen-zivile-opfer-pakistan-afghanistan' class='azc_bbc_url'>(1)<\/a> <a href='http:\/\/www.faz.net\/aktuell\/politik\/ausland\/obamas-drohnenkrieg-lizenz-zum-toeten-11843805.html' class='azc_bbc_url'>(2)<\/a> <a href='http:\/\/www.spiegel.de\/politik\/ausland\/a-774975.html' class='azc_bbc_url'>(3)<\/a> zur Verantwortung gezogen zu werden. Aber im Unterschied zum polternden Trump hat Obama seine Verbrechen stets weggel\u00e4chelt. Wer den Vorhang hinter Obama nur leicht zur Seite schob, konnte das erkennen. Und einzig die bildungspolitische Intelligenz der Deutschen ist es zu &#8222;verdanken&#8220;, dass so einer wie Obama hierzulande einen guten Ruf geniesst.<\/p>\n<p><a href='https:\/\/blog.fdik.org\/2018-10\/s1539153462' class='azc_bbc_url'>NATO-Chef Stoltenberg in Belgrad: &#8222;Wir bombardierten euch, um euch zu sch\u00fctzen&#8220;<\/a><br \/>\nDer Applaus der anwesenden Serben war gross <img class='azc_bbc_image' src='https:\/\/www.rume.de\/smilies\/sarkasm.gif'  \/><\/p>\n<p><a href='https:\/\/www.jungewelt.de\/artikel\/341330.html' class='azc_bbc_url'>Abschiebungen trotz gerichtlicher Verbote: Rechtsschutz als Gl\u00fccksspiel<\/a><br \/>\nWas mit der steuerlichen Finanzierung von Morden an Ausl\u00e4ndern \u00fcber den sogenannten Verfassungsschutz begann, l\u00e4uft inzwischen immer skrupelloser \u00fcber eine rigorose &#8222;Ausl\u00e4nder raus!&#8220; Abschiebepolitik in ganz Deutschland &#8211; sogar wenn Gerichtsurteile die Abschiebung verbieten. Der Fall des angeblichen Bin-Laden-Leibw\u00e4chters <img class='azc_bbc_image' src='https:\/\/www.rume.de\/smilies\/clown.gif'  \/> ist hier nur das prominenteste Beispiel, den man ins folternde Tunesien abschob. Kurzer Auszug aus dem Bericht: <span class='azc_bbc_italic'>&#8222;Im ganzen Bereich der Abschiebungen besteht eine gro\u00dfe Rechtsschutzl\u00fccke, die vom Gesetzgeber gewollt ist. Wenn ein Asylantrag (f\u00e4lschlicherweise) abgelehnt wurde, kann man zwar einen Folgeantrag stellen. Dieser hat aber keine aufschiebende Wirkung. Ab dem Zeitpunkt, wo die Beh\u00f6rde erstmalig \u00fcber einen Antrag entschieden hat, kann abgeschoben werden.&#8220;<\/span><\/p>\n<p>In jedem Rechtsstaat muss man einem Beschuldigten nachweisen, dass er auch tats\u00e4chlich schuldig ist. Stattdessen aber leben wir in Deutschland.<\/p>\n<p>Wie auch bei den Hartz4-Sanktionen kann man zwar gegen ein falsche Urteil klagen &#8211; aber es hat keine aufschiebende Wirkung. Das Geld ist sofort weg, das Gerichtsurteil hingegen erfolgt erst mehrere Monate sp\u00e4ter. Und was schon bei Hartz4-Opfern angesichts ihres menschenverachtend kleingerechneten &#8222;Existenzminimums&#8220; ein klarer Verstoss gegen die Grundgesetz Artikel 1 der Menschenw\u00fcrde ist, ist beim Asylbescheid erst recht ein Verbrechen. Denn (Zitat): <span class='azc_bbc_italic'>&#8222;Die Polizei kommt dann meist nachts oder fr\u00fch morgens &#8211; jedenfalls zu Zeiten, zu denen noch kein Gericht arbeitet &#8211; und wenn es ganz dumm l\u00e4uft, sitzt da ein Mensch im Flieger, bevor auch nur ein Richter etwas h\u00e4tte machen k\u00f6nnen. Es ist ausdr\u00fccklich vom Gesetzgeber vorgeschrieben, dass Abschiebungen nicht vorher angek\u00fcndigt werden d\u00fcrfen. Selbst wenn Rechtsanw\u00e4lte vermuten, dass eine Ma\u00dfnahme droht, und daraufhin pr\u00e4ventiv Rechtsschutz beantragen, wird dies meist von Gerichten mit der Begr\u00fcndung abgelehnt, dies sei doch \u00fcberfl\u00fcssig, weil nichts bekannt sei &#8211; und drei Tage sp\u00e4ter wird dann doch abgeschoben.&#8220;<\/span><\/p>\n<p>So sieht sie aus, die &#8222;Ausl\u00e4nder raus&#8220;-Politik, die sich hierzulande &#8222;Politik der Mitte&#8220; nennt &#8211; und von den (schon wieder viel zu vielen) Deutschen jubelnd gew\u00e4hlt wird.<\/p>\n<p><a href='https:\/\/www.taz.de\/!5538503' class='azc_bbc_url'>EU-Kooperation mit Libyen: Das Land f\u00fcrs Grobe<\/a><br \/>\nLibyens K\u00fcstenmiliz bekommt von der EU noch mehr Schiffe. Ziel sei es, Gefl\u00fcchtete noch auf dem Meer abzufangen und in ihre (Zitat: Ausw\u00e4rtiges Amt) &#8222;KZ-\u00e4hnlichen Folterlager&#8220; zu verschleppen. Das geht aus der Antwort von EU-Innenkommissar Dimitris Avramopoulos auf eine Anfrage der LINKEN hervor, die der taz vorliegt.<\/p>\n<p>Wof\u00fcr nochmal genau hat die EU den Friedensnobelpreis bekommen?<\/p>\n<p><a href='https:\/\/www.jungewelt.de\/artikel\/341340.html' class='azc_bbc_url'>EU will Fingerabdr\u00fccke und Gesichtsbilder gemeinsam speichern<\/a><br \/>\nWas an Fl\u00fcchtlingen auf Massentauglichkeit getestet wurde, wird nun fl\u00e4chendeckend gegen die gesamte Bev\u00f6lkerung ausgerollt: Die jetzige Fahndungs(!)datenbank des Schengen-Raumes, in der vorverurteilend alle Daten von Fl\u00fcchtlingen eingetragen wurden, soll nun auch mit den Daten der Gesamtbev\u00f6lkerung aufgef\u00fcllt werden. Der Hintergedanke dabei: Schliesslich k\u00f6nnte ja jeder kriminell werden.<\/p>\n<p>Zitat: <span class='azc_bbc_italic'>&#8222;Besonders besorgniserregend ist die Ausweitung von biometriebasierten Funktionen in den Datenbanken. Seit diesem Jahr erm\u00f6glicht das SIS den Abgleich von Fingerabdr\u00fccken. Fingerabdr\u00fccke und Gesichtsbilder w\u00fcrden mit Personendaten in einer einzigen Datei gespeichert, womit diese durchsuchbar w\u00e4ren. Deutsche Beh\u00f6rden nutzen diese M\u00f6glichkeit mit mehr als 20.000 monatlichen Abfragen intensiv. Geplant ist zudem ein \u00bbgemeinsamer Dienst f\u00fcr den Abgleich biometrischer Daten\u00ab, der jeden neuen Eintrag mit bereits vorhandenen Daten \u00fcberpr\u00fcft. Vorgesehen ist au\u00dferdem ein einheitliches \u00bbEurop\u00e4isches Suchportal\u00ab, das bei einer polizeilichen Anfrage gleich mehrere Datenbanken abfragt.&#8220;<\/span><\/p>\n<p>Die Folgen sind: Gezielte Pauschalkontrollen, &#8222;robustere&#8220; Durchsuchungen &#8211; kurzum: Jeder B\u00fcrger schleppt einen Anfangsverdacht mit sich herum. Und da ausdr\u00fccklich der &#8222;Verfassungsschutz&#8220; f\u00fcr die Kontrolle und Ausarbeitung dieses Systems eingebunden wird, ist auch klar, welche Personengruppe zuk\u00fcnftig &#8222;unangenehmer&#8220; angefasst werden soll. Kleiner Tipp: Neonazis sind es nicht!<\/p>\n<span class='azc_bbc_italic'>&#8222;Das Projekt ist so gewaltig, dass es Haushaltsmittel in H\u00f6he von 425 Millionen Euro verschlingen soll. Diese Sch\u00e4tzung der Kommission bezieht sich aber nur auf das zentralisierte System. Mittel in \u00e4hnlicher H\u00f6he sind vermutlich f\u00fcr Anpassungen in den einzelnen Mitgliedstaaten erforderlich.&#8220;<\/span>\n<p>Und das Sch\u00f6nste daran: Der P\u00f6bel finanziert mit seinen Steuern seine eigene Unterdr\u00fcckung &#8211; und w\u00e4hlt anschliessend dennoch jubelnd wieder seine Unterdr\u00fcckungsparteien. Es muss Spass machen, eine SOLCHE Bev\u00f6lkerung zu regieren <img class='azc_bbc_image' src='https:\/\/www.rume.de\/smilies\/sarkasm.gif'  \/><\/p>\n<p><a href='https:\/\/www.welt.de\/politik\/deutschland\/article181814182' class='azc_bbc_url'>Stoiber nennt Zuzug von Deutschen nach Bayern als Grund f\u00fcr CSU-Absturz<\/a><br \/>\nDer CSU-Ehrenvorsitzende und fr\u00fchere bayerische Ministerpr\u00e4sident Edmund Stoiber sieht in den Zuz\u00fcgen nach Bayern aus anderen Bundesl\u00e4ndern einen Grund f\u00fcr den Absturz seiner Partei in den Umfragen. <span class='azc_bbc_italic'>&#8222;Aus allen Teilen Deutschlands sind in den letzten zehn Jahren mehr als eine Million Menschen zu uns kommen&#8220;<\/span>, zitiert ihn DIE WELT. <span class='azc_bbc_italic'>&#8222;W\u00e4ren wir stattdessen <a href='https:\/\/www.facebook.com\/cokotv\/posts\/2009267749096779' class='azc_bbc_url'>weiterhin unter uns geblieben<\/a>, h\u00e4tte meine CSU ungest\u00f6rt weiter regieren k\u00f6nnen.&#8220;<\/span><\/p>\n<p><a href='https:\/\/www.lto.de\/recht\/nachrichten\/n\/schwarz-gelb-nrw-entschaerft-geplantes-neues-polizeigesetz-drohende-gefahr-ueberwachung-gewahrsam' class='azc_bbc_url'>Reul (CDU): &#8222;Was bringt das beste Polizeigesetz, wenn es am Verfassungsgericht scheitert?&#8220;<\/a><br \/>\nAlso erstmal ist das sicherlich kein &#8222;bestes Gesetz&#8220;, wenn es gegen das Grundgesetz verst\u00f6sst. Und zum Zweiten handelt es sich bei diesem Spruch um denselben CDU-Innenminister Reul, der gerade erst Gerichte beschimpfte, weil deren Urteile nicht <a href='https:\/\/de.wikipedia.org\/wiki\/Gesundes_Volksempfinden' class='azc_bbc_url'>wie in der guten alten Zeit<\/a> nach dem &#8222;Empfinden der Bev\u00f6lkerung&#8220; ausfallen &#8211; sondern nach geltenden Gesetzen, die auch vor dem Bundesverfassungsgericht bestehen.<\/p>\n<p>Welche Bildungsintelligenz w\u00e4hlt eigentlich immer wieder solche Zellhaufen an die Regierung?<\/p>\n<p><a href='http:\/\/www.ossietzky.net\/18-2018&#038;textfile=4511' class='azc_bbc_url'>Tag der deutschen Einheit: Milit\u00e4r, Macht, Krieg<\/a><br \/>\n<span class='azc_bbc_italic'>&#8222;Eine deutsche Dominanz in Europa, 1989 von vielen L\u00e4ndern gef\u00fcrchtet, ist Realit\u00e4t. Der Exportweltmeister setzt einen rigorosen Sparsadismus in der EU durch und sorgt f\u00fcr F\u00f6rderung von Investoren und Freihandel im eigenen Interesse. Doch das g\u00fcnstige Umfeld f\u00fcr Investitionen der deutschen Konzerne wie auch der Zugang zu billigen Rohstoffen m\u00fcssen allerdings milit\u00e4risch gesichert werden.<\/p>\n<p>Einen Erfolg k\u00f6nnen die Bundesregierung und die R\u00fcstungsindustrie dabei verbuchen: Gegen die kontinuierliche Aufr\u00fcstung gibt es aus der Bev\u00f6lkerung nur geringen Widerstand. Zwar zeigen viele Umfragen seit Jahren, dass sich in Deutschland starke Mehrheiten gegen Milit\u00e4reins\u00e4tze aussprechen und die Meinung vertreten, die Bedrohung des Friedens ginge viel st\u00e4rker von den USA als von Russland aus. Dennoch k\u00f6nnen das von Frau von der Leyen geleitete Ministerium und die Gro\u00dfe Koalition ungest\u00f6rt eine Politik betreiben, die von Militarisierung, Aufr\u00fcstung und Drohgeb\u00e4rden gegen Russland gepr\u00e4gt ist.<\/p>\n<p>Noch vor wenigen Jahren versch\u00e4mt angedeutet, hebt die Verteidigungsministerin heute in stolzer Selbstverst\u00e4ndlichkeit hervor: Deutschland beansprucht eine F\u00fchrungsrolle in der EU. Dazu muss auch die Bundeswehr in multinationalen Eins\u00e4tzen ihre F\u00fchrung behaupten k\u00f6nnen &#8211; besonders bei der Sicherung der Handels- und Versorgungswege des rohstoffarmen, aber exportstarken Deutschland. Daf\u00fcr, so hebt die Konzeption hervor, hat das Milit\u00e4r seit 1991 weltweit mehr als 60 Eins\u00e4tze bew\u00e4ltigt.<\/p>\n<p>Die Bundeswehr steht jedenfalls bereit. In diesem Jahr sind insgesamt 12.000 deutsche Soldaten f\u00fcr NATO-\u00dcbungen im n\u00f6rdlichen und \u00f6stlichen B\u00fcndnisgebiet eingeplant, dreimal so viel wie 2017.&#8220;<\/span> <a href='http:\/\/www.ossietzky.net\/18-2018&#038;textfile=4511' class='azc_bbc_url'>Weiterlesen&#8230;<\/a><\/p>\n<p><a href='https:\/\/heise.de\/-4188007' class='azc_bbc_url'>Kaum belastbares Material gegen vermeintliche Skripal-Attent\u00e4ter<\/a><br \/>\nEs ist schon bezeichnend, dass TELEPOLIS genau das macht, was unsere sogenannte Qualit\u00e4tsjournaille nicht als ihre Aufgabe ansieht: N\u00e4mlich Gegenrecherche.<\/p>\n<p>Nat\u00fcrlich ganz vorne mit dabei, wenn es um anti-russische Propaganda geht: Unsere \u00d6ffentlich-Rechten Staatssender. Und die sogenannten &#8222;Faktenfinder&#8220;, die nicht einmal mehr Journalismus betreiben, sondern direkt die Wahrheit f\u00fcr sich beanspruchen, stellen sich dabei <a href='https:\/\/faktenfinder.tagesschau.de\/ausland\/skripal-russland-117.html' class='azc_bbc_url'>direkt in die vorderste Propgandafront<\/a> und st\u00fctzen sich dabei einzig und allein auf &#8222;Bellingcat&#8220;, die sie als Recherche-Plattform <img class='azc_bbc_image' src='https:\/\/www.rume.de\/smilies\/clown.gif'  \/> bezeichnen.<\/p>\n<p>Davon einmal abgesehen, wo denn da die gute alte Journalistenausbildung geblieben ist, dass f\u00fcr jede Behauptung mindestens eine zweite Quelle zur Verifizierung n\u00f6tig ist, ist aber auch &#8222;Bellingcat&#8220; unter seri\u00f6sen Journalisten l\u00e4ngst verbrannt. Denn &#8222;Bellingcat&#8220; ist <a href='https:\/\/www.rubikon.news\/artikel\/professionelle-heuchelei-3-4' class='azc_bbc_url'>schon so oft beim L\u00fcgen erwischt worden<\/a>, dass der &#8222;Verfassungsschutz&#8220; im direkten Vergleich wie eine hochseri\u00f6se Anlaufstelle f\u00fcr politische Neutralit\u00e4t wirkt. Und man h\u00e4tte es wissen k\u00f6nnen: Denn Bellingcat wurde eilig aus den Boden gestampft, um den US-amerikanischen Regierungsputsch in der Ukraine propagandistisch als russische Greueltat umzudichten. Und der Bellingcat-Gr\u00fcnder Eliot Higgins arbeitet zusammen mit der NATO-Lobbytruppe &#8222;Atlantic Council&#8220;, <a href='https:\/\/de.wikipedia.org\/wiki\/Atlantic_Council' class='azc_bbc_url'>die nur einen einzigen Auftrag hat<\/a>: Und zwar die Regierungen von Russland und China anzubellen und die NATO zu bejubeln. Bellingcat ist eine derart hochseri\u00f6se &#8222;Recherche-Plattform&#8220;, dass jede Zeitung schon im Voraus die Kommentarspalte dicht macht, bevor ihre Leser dort ihr schallendes Gel\u00e4chter hinterlassen k\u00f6nnen.<\/p>\n<p>Aber hey: F\u00fcr solche &#8222;Faktenfinder&#8220;-Propaganda zahlen wir doch gerne jedes Jahr \u00fcber acht Milliarden Euro an Zwangsgeb\u00fchren <img class='azc_bbc_image' src='https:\/\/www.rume.de\/smilies\/sarkasm.gif'  \/><\/p>\n<p><a href='http:\/\/www.kontextwochenzeitung.de\/debatte\/393\/kohle-fuer-wildtierschuetzer-5394.html' class='azc_bbc_url'>Kohle f\u00fcr Wildtiersch\u00fctzer<\/a><br \/>\nDie &#8222;Deutsche Wildtier Stiftung&#8220; sch\u00fctzt die Haselmaus und den Wald, wenn es gegen Windkraft geht. Gegen die geplante Rodung des Hambacher Forsts hatte sie nichts einzuwenden. Das k\u00f6nnte damit zusammenh\u00e4ngen, dass Stiftungsvorstand Fritz Vahrenholt beste Kontakte zum Kohlekonzern RWE hat &#8211; und im Jahresbericht 2017 der &#8222;Wildtier-Stiftung&#8220; die RWE Power AG aus Essen als Spender auftaucht.<\/p>\n<p><a href='http:\/\/www.nachdenkseiten.de\/?p=46466' class='azc_bbc_url'>Autoland ist abgebrannt<\/a><br \/>\nEine sehr gute Analyse und auch ein direkter Konter auf die <a href='https:\/\/www.sueddeutsche.de\/wirtschaft\/schaerfere-klimaziele-vw-chef-diess-droht-mit-massivem-stellenabbau-1.4164002' class='azc_bbc_url'>100.000 Arbeitspl\u00e4tze-Abbau-Ank\u00fcndigung von VW<\/a>, die gerade die Runde macht. <span class='azc_bbc_italic'>&#8222;Deutschlands Automobilbauer t\u00e4ten gut daran, ihre Lobbyarbeit gegen die EU-Klimaziele herunterzufahren und ihre Energie lieber in die Entwicklung neuer Techniken zu stecken. Ansonsten gehen bald die Lichter in Wolfsburg, Stuttgart, Ingolstadt und M\u00fcnchen aus &#8211; nicht weil irgendwelche Richtlinien Arbeitspl\u00e4tze vernichten, sondern weil man ganz einfach die Zeichen der Zeit schlichtweg verschlafen hat.&#8220;<\/span><\/p>\n<p>Und zu guter Letzt:<\/p>\n<p><a href='http:\/\/www.harm-bengen.de\/toonpool\/2018%2010%2010%20SPD-Bussgelder-FARBE.jpg' class='azc_bbc_url'>SPD droht Autokonzernen mit Bu\u00dfgeldern<\/a><br \/>\n<img class='azc_bbc_image' src='https:\/\/www.rume.de\/smilies\/biggrin.gif'  \/> <img class='azc_bbc_image' src='https:\/\/www.rume.de\/smilies\/biggrin.gif'  \/> <img class='azc_bbc_image' src='https:\/\/www.rume.de\/smilies\/biggrin.gif'  \/><\/p>\n","protected":false},"excerpt":{"rendered":"<p>\/ Staatsversagen beim Arbeitsschutz \/ #unteilbar &#8211; Bleibt Aufstehen sitzen? \/ Griechenland und die L\u00fcge von der &#8222;\u00fcberwundenen&#8220; Finanzkrise \/ Trump und die USA: Ein Abgesang auf die gr\u00f6\u00dfte Pseudodemokratie der Welt \/ NATO-Chef Stoltenberg in Belgrad: &#8222;Wir bombardierten euch, um euch zu sch\u00fctzen&#8220; \/ Abschiebungen trotz gerichtlicher Verbote: Rechtsschutz als Gl\u00fccksspiel \/ EU-Kooperation mit &hellip; <a href=\"https:\/\/www.rume.de\/?p=899\" class=\"more-link\"><span class=\"screen-reader-text\">\u201eAufgelesen und kommentiert 2018-10-10\u201c <\/span>weiterlesen<\/a><\/p>\n","protected":false},"author":1,"featured_media":0,"comment_status":"open","ping_status":"closed","sticky":false,"template":"","format":"standard","meta":{"footnotes":""},"categories":[2],"tags":[],"class_list":["post-899","post","type-post","status-publish","format-standard","hentry","category-aufgelesen"],"_links":{"self":[{"href":"https:\/\/www.rume.de\/index.php?rest_route=\/wp\/v2\/posts\/899","targetHints":{"allow":["GET"]}}],"collection":[{"href":"https:\/\/www.rume.de\/index.php?rest_route=\/wp\/v2\/posts"}],"about":[{"href":"https:\/\/www.rume.de\/index.php?rest_route=\/wp\/v2\/types\/post"}],"author":[{"embeddable":true,"href":"https:\/\/www.rume.de\/index.php?rest_route=\/wp\/v2\/users\/1"}],"replies":[{"embeddable":true,"href":"https:\/\/www.rume.de\/index.php?rest_route=%2Fwp%2Fv2%2Fcomments&post=899"}],"version-history":[{"count":1,"href":"https:\/\/www.rume.de\/index.php?rest_route=\/wp\/v2\/posts\/899\/revisions"}],"predecessor-version":[{"id":900,"href":"https:\/\/www.rume.de\/index.php?rest_route=\/wp\/v2\/posts\/899\/revisions\/900"}],"wp:attachment":[{"href":"https:\/\/www.rume.de\/index.php?rest_route=%2Fwp%2Fv2%2Fmedia&parent=899"}],"wp:term":[{"taxonomy":"category","embeddable":true,"href":"https:\/\/www.rume.de\/index.php?rest_route=%2Fwp%2Fv2%2Fcategories&post=899"},{"taxonomy":"post_tag","embeddable":true,"href":"https:\/\/www.rume.de\/index.php?rest_route=%2Fwp%2Fv2%2Ftags&post=899"}],"curies":[{"name":"wp","href":"https:\/\/api.w.org\/{rel}","templated":true}]}}