{"id":897,"date":"2018-10-09T21:26:50","date_gmt":"2018-10-09T19:26:50","guid":{"rendered":"https:\/\/rume.inrieda.de\/?p=897"},"modified":"2018-10-09T21:26:50","modified_gmt":"2018-10-09T19:26:50","slug":"aufgelesen-und-kommentiert-2018-10-09","status":"publish","type":"post","link":"https:\/\/www.rume.de\/?p=897","title":{"rendered":"Aufgelesen und kommentiert 2018-10-09"},"content":{"rendered":"<p>\/ So wollen die GR\u00dcNEN Jobcenter entmachten<br \/>\n\/ Das Verm\u00f6gen der Familie Porsche w\u00e4chst gewaltig &#8211; trotz Dieselskandal<br \/>\n\/ Hohe Mieten sind eine sehr effektive Grenze<br \/>\n\/ Welche Koalition in Bayern die gr\u00f6\u00dfte Schnittmenge h\u00e4tte<br \/>\n\/ Brasilien: Rechtsau\u00dfen-Erfolg befl\u00fcgelt die M\u00e4rkte<br \/>\n\/ Brutalit\u00e4t von Neofaschisten ist Folge der Gewaltt\u00e4tigkeit des Systems<br \/>\n\/ Geheimdienste<br \/>\n\/ Aus den Einsatzgebieten der Bundeswehr: Beispiel Kosovo<br \/>\n\/ Aus den Einsatzgebieten der Bundeswehr: Beispiel S\u00fcdsudan<br \/>\n\/ Berlin pr\u00fcft auch Fahrverbot f\u00fcr neue Euro-6-Diesel<br \/>\n\/ Die Energie- und Klimawochenschau<br \/>\n\/ Bemerkungen, diverse<br \/>\n\/ Der ultimativ aufr\u00fcttelnde Weckruf<\/p>\n<p>&#8212;<\/p>\n<p><!--more--><\/p>\n<p><a href='https:\/\/www.huffingtonpost.de\/entry\/jobcenter-entmachten-so-wollen-die-grunen-hartz-iv-uberwinden_de_5bbc5059e4b028e1fe40bc1f' class='azc_bbc_url'>So wollen die GR\u00dcNEN Jobcenter entmachten<\/a><br \/>\nDie sogenannten Jobcenter sollen nur noch als Vermittler agieren d\u00fcrfen, nicht aber mehr als auszahlende Beh\u00f6rde. Und Sanktionen soll es gar nicht mehr geben, sondern stattdessen eine sanktionsfreie Garantiesicherung. \u00dcber die H\u00f6he steht nix dabei und bislang ist es auch nur ein Positionspapier und kein Grundsatzprogramm, welches auch nicht vor 2020 fertig wird. Und selbst wenn, dann wird der gesamte Bereich &#8222;Soziales&#8220; ohnehin als allererstes in den Koalitionsverhandlungen zum Abschuss freigegeben.<\/p>\n<p>Von daher ist diese Meldung auch nicht h\u00f6her zu h\u00e4ngen, als das Lametta am Weihnachtsbaum.<\/p>\n<p><a href='http:\/\/www.spiegel.de\/wirtschaft\/unternehmen\/porsche-unter-reichsten-deutschen-mit-am-erfolgreichsten-a-1231576.html' class='azc_bbc_url'>Das Verm\u00f6gen der Familie Porsche w\u00e4chst gewaltig &#8211; trotz Dieselskandal<\/a><br \/>\nUnd genau das ist ja das Sch\u00f6ne am Kapitalismus: Konjunkturschwankungen und Betrugsstrafen reicht man 1:1 an die eigene Belegschaft durch, pr\u00e4sentiert daraufhin &#8222;rote Zahlen&#8220; und schickt seine Gewerkschafter und Betriebsr\u00e4te los, um &#8222;schmerzhafte Sparpl\u00e4ne&#8220; gegen die Arbeiter durchzudr\u00fccken.<\/p>\n<p>Und w\u00e4hrenddessen kassiert die Chefetage ungebremst weiter <img class='azc_bbc_image' src='https:\/\/www.rume.de\/smilies\/nasiehste.gif'  \/><\/p>\n<p>Und sollte das doch dem einen oder anderen Funktion\u00e4r der Gewerkschaft auffallen, dann bekommt derjenige eben Schweigegeld in Form eines Aufsichtsratsp\u00f6stchens &#8211; oder bekommt direkt den Posten als Personalvorstand.<\/p>\n<p>Das ehemalige Nachrichtenmagazin schreibt: <span class='azc_bbc_italic'>&#8222;Nach Bekanntwerden des Dieselskandals folgten Milliardenstrafen in den USA und eine un\u00fcbersichtliche Zahl von Verfahren, auch in Deutschland. Dem Verm\u00f6gen hat das im Laufe des vergangenen Jahres nicht geschadet. Es ist um 3,5 Milliarden auf insgesamt zw\u00f6lf Milliarden Euro gestiegen. Die Sippe (sic) z\u00e4hlt damit zu den gr\u00f6\u00dften Gewinnern unter den Reichsten und reiht sich als Newcomer sogar ein in die Riege der zehn reichsten Deutschen.&#8220;<\/span><\/p>\n<p>Seht ihr, wie erfolgreich die von den Gewerkschaften gefeierte &#8222;Sozialpartnerschaft&#8220; ist? Auf der einen Seite explodierende Verm\u00f6gen, die man schon vorher niemals h\u00e4tte ausgeben k\u00f6nnen &#8211; und auf der anderen Seite Niedrigl\u00f6hne, Arbeitshetze und Altersarmut. Ein echtes (kapitalistisches) Erfolgsmodell <img class='azc_bbc_image' src='https:\/\/www.rume.de\/smilies\/sarkasm.gif'  \/><\/p>\n<p><a href='http:\/\/www.faz.net\/aktuell\/wirtschaft\/wohnen\/soziologin-cornelia-koppetsch-ueber-homogene-innenstaedte-15827087.html' class='azc_bbc_url'>Hohe Mieten sind eine sehr effektive Grenze<\/a><br \/>\nDie FAZ bejubelt die Vertreibung des P\u00f6bels aus <span class='azc_bbc_italic'>ihren<\/span> Besserverdiener-Wohngegenden, woraufhin sich dort auch eigene \u00c4rzte, Schulen und Kulturangebote ansiedeln.<\/p>\n<p>Oder wie es die FAZ berichtet: <span class='azc_bbc_italic'>&#8222;Die hohen Preise funktionieren wie eine hochgradig effektive Grenze. In den begehrten und teuren Stadtteilen lassen sich Personen aus unteren Schichten zunehmend gar nicht mehr antreffen. Auf diese Weise wird von klein auf der Kontakt mit Menschen aus niederen sozialen Schichten unterbunden. So etwa haben Arbeiterkinder in den 1970er Jahren oftmals noch selbstverst\u00e4ndlich mit den Lehrerkindern auf der Stra\u00dfe gespielt. Das w\u00e4re heute so kaum noch m\u00f6glich.&#8220;<\/span><\/p>\n<p>Seht ihr: Die Sorgen und N\u00f6te von normalen Menschen kommen dort schlichtweg nicht mehr an. Fr\u00fcher wurden solche Echokammern und Filterblasen \u00fcbrigens durch den sozialen Wohnungsbau abgeschw\u00e4cht. Das alles ist aber &#8222;linksromantischer Kitsch von vorgestern&#8220; und im modernen Deutschland l\u00e4ngst privatisiert und zur Renditejagd an Finanzheuschrecken und Bankster \u00fcbergeben worden.<\/p>\n<p>Und wartet, f\u00fcr unsere angeblich so soziale und tolerante Mittelschicht gibt es auch eine klare Ansage (Zitat): <span class='azc_bbc_italic'>&#8222;Eine aktuelle Studie von Marcel Helbig und Stefanie J\u00e4hnen vom Wissenschaftszentrum Berlin zeigt: Ist die Nachbarschaft zu durchmischt, neigen viele Mittelschichtseltern dazu, ihre Kinder auf private Grundschulen zu geben. Gibt es diese Option nicht, ziehen sie eher weg, in ein sozial bessergestelltes, homogeneres Viertel.&#8220;<\/span><\/p>\n<p>Tja und jetzt muss man nur noch nachschauen, wie viele Arbeiterkinder in der Bundesregierung vorhanden sind (<a href='https:\/\/is.gd\/Jqr3YI' class='azc_bbc_url'>weniger als zehn Prozent<\/a>) und wie die Wahlbeteiligung in armen und reichen Wohlgebieten aussieht (<a href='https:\/\/www.welt.de\/wirtschaft\/bilanz\/article168747430\/Bessergestellte-entscheiden-Schlechtergestellte-schauen-zu.html' class='azc_bbc_url'>katastrophal<\/a>) und schon hat man eine herrliche Demokratie, die &#8222;wie von oben gew\u00fcnscht&#8220; funktioniert, ohne dass die Herrschenden auff\u00e4llig aggressiv eingreifen m\u00fcssten <img class='azc_bbc_image' src='https:\/\/www.rume.de\/smilies\/sarkasm.gif'  \/><\/p>\n<p><a href='https:\/\/www.abgeordnetenwatch.de\/blog\/2018-10-08\/schwarz-gruen-groko-oder-csu-afd-welche-koalition-bayern-die-groesste-schnittmenge' class='azc_bbc_url'>Welche Koalition in Bayern die gr\u00f6\u00dfte Schnittmenge h\u00e4tte<\/a><br \/>\nJetzt denkt sicherlich jeder reflexartig, dass CSU und AfD von ihren inhaltlichen Positionen her am besten zusammenpassen. Denn zwischen den Aussagen f\u00fchrender CSU-Politiker und <a href='http:\/\/www.ossietzky.net\/18-2018&#038;textfile=4502' class='azc_bbc_url'>der blauen NSDAP<\/a> passt ja kaum mehr ein Blatt Papier.<\/p>\n<p>Und richtig: In 13 von 20 Themen ist man sich komplett einig zwischen CSU und AfD. Unterschiede gibt es lediglich darin, ob Programme gegen Rechts weiter finanziert werden sollten (AfD sagt Nein, CSU eiert herum) und ob in den Beh\u00f6rden unbedingt ein Kreuz h\u00e4ngen muss (CSU sagt Ja, AfD eiert herum). Man k\u00f6nnte also praktisch ohne monatelange Koalitionsverhandlungen sofort in der Regierungshauptstadt der Bewegung loslegen.<\/p>\n<p>Zu allen anderen Parteien hat die CSU \u00fcbrigens mehr Kontra als Gemeinsamkeiten (zumindest im Wahlkampf). Bei SPD und GR\u00dcNE steht es 9:11 und bei einer FDP\/Freie W\u00e4hler-Koalition 8:12.<\/p>\n<p><a href='https:\/\/boerse.ard.de\/anlagestrategie\/regionen\/brasilien-rechtsaussen-erfolg-befluegelt-die-maerkte100.html' class='azc_bbc_url'>Brasilien: Rechtsau\u00dfen-Erfolg befl\u00fcgelt die M\u00e4rkte<\/a><br \/>\nKapital und Faschisten vereint, die B\u00f6rse jubelt &#8211; und die ARD jubelt mit. Zitat: <span class='azc_bbc_italic'>&#8222;Der klare Sieg des Rechtspopulisten Jair Bolsonaro bei der ersten Runde der brasilianischen Pr\u00e4sidentschaftswahlen sorgt an den Aktien- und Devisenm\u00e4rkten f\u00fcr gro\u00dfe Freude. Der brasilianische Leitindex Bovespa gewann zur Er\u00f6ffnung in Sao Paulo 5,43 Prozent. In Frankfurt gewinnen die Titel des staatlichen \u00d6lkonzerns Petrobras sogar \u00fcber 13 Prozent.&#8220;<\/span><\/p>\n<p>Seht ihr: Ein rechtsextremer Ex-Milit\u00e4r, der sich die fr\u00fcheren Milit\u00e4rregierungen Brasiliens zum Vorbild nimmt und schon jetzt unverhohlen <a href='https:\/\/www.heise.de\/tp\/features\/Brasilien-hat-die-falsche-Wahl-4183964.html' class='azc_bbc_url'>mit schweren Menschenrechtsverletzungen droht<\/a>, ist (Zitat) <span class='azc_bbc_italic'>&#8222;eine gro\u00dfe Freude&#8220;<\/span> f\u00fcr den Kapitalismus. Drum merke: Aus Protest rechts zu w\u00e4hlen, ist im Kapitalismus kein Protest, sondern das Eingest\u00e4ndnis von fehlender Bildung.<\/p>\n<p>Und noch etwas: All diejenigen, die die AfD in (Mit-)Regierungsverantwortung sehen wollen, um sie &#8222;zu entzaubern&#8220;, d\u00fcrfen jetzt nochmal \u00fcber ihre Forderung nachdenken. Denn exakt das Gegenteil von &#8222;Entzauberung&#8220; wird der Fall sein. Das Kapital reibt sich bereits vor Vorfreude die H\u00e4nde bei der Aussicht auf eine vollst\u00e4ndig rechtsextreme Bundesregierung. Es ist die Vorfreude darauf, dass Streikende eingesperrt werden und die daf\u00fcr n\u00f6tigen Polizeigesetze von CDU\/CSU\/SPD\/FDP\/GR\u00dcNE\/LINKE l\u00e4ngst durchgesetzt wurden. Der d\u00fcnne gesellschaftliche Zusammenhalt, den wir jetzt noch haben, wird die n\u00e4chste Finanz- und\/oder Wirtschaftskrise nicht \u00fcberleben &#8211; und stattdessen den immer aggressiveren Rechtsruck, der sich schon heute auf R\u00fcckendeckung durch Pegizei, Milit\u00e4r und Regierung verlassen kann, vollst\u00e4ndig entfesseln. Allersp\u00e4testens dann, wenn sich das Kapital auf die Seite der Rechten stellt, um die krisenbedingt n\u00f6tige &#8222;linke Umverteilung&#8220; zu verhindern.<\/p>\n<p>Aus der Geschichte lernt man eben &#8211; oder man ist Deutscher <img class='azc_bbc_image' src='https:\/\/www.rume.de\/smilies\/nasiehste.gif'  \/><\/p>\n<p><a href='https:\/\/www.rubikon.news\/artikel\/das-krisensymptom' class='azc_bbc_url'>Brutalit\u00e4t von Neofaschisten ist Folge der Gewaltt\u00e4tigkeit des Systems<\/a><br \/>\n<span class='azc_bbc_italic'>&#8222;Wir schreiben den Beginn des 21. Jahrhunderts. Mehr und mehr befreit die Technologie den Menschen von der Arbeit. Sie hat uns die Massenproduktion beschert und das Internet. Jeder kann weltweit mit jedem kommunizieren. Diese Entwicklung hat uns nicht nur in die Lage versetzt, global zu planen und alle Menschen am Reichtum teilhaben zu lassen. Theoretisch k\u00f6nnten wir unter gr\u00f6\u00dfter Schonung der Umwelt ein Paradies f\u00fcr jeden erschaffen.<\/p>\n<p>Doch wir erleben das Gegenteil. Unsere Wirtschaft befindet sich in wenigen privaten H\u00e4nden. Was auch immer diese Eigent\u00fcmer produzieren lassen, es geschieht zu einem einzigen Zweck: Maximalprofite. So geht Kapitalismus. W\u00e4hrend sich das Kapital bei den Reichsten konzentriert, schreitet die Massenverelendung global voran. Der profitgetriebene Zwang zu st\u00e4ndigem Wirtschaftswachstum l\u00e4sst Geld- und Industriekapital zu m\u00e4chtigen Monopolen verschmelzen. Das kollidiert mit einem begrenzten Planeten. Ressourcen gehen zur Neige. Anlagem\u00f6glichkeiten f\u00fcr neues Kapital schwinden.<\/p>\n<p>Die Staaten als Manager der Kapitaleigent\u00fcmer reagieren mit Privatisierung der \u00f6ffentlichen Daseinsvorsorge &#8211; und nicht zuletzt mit milit\u00e4rischer Aufr\u00fcstung. Denn mit aller Macht will das Gro\u00dfkapital Profite sichern. M\u00e4rkte m\u00fcssen erobert, Gegenspieler nieder konkurriert werden. Krieg steht auf dem Programm. Alle Gewalt liegt beim Staat. Nennen wir ihn &#8222;Gesamtkapitalist&#8220;, denn als solcher regiert er. Nur gewaltsam ist die Unterdr\u00fcckung einer Vielzahl Besitzloser durch wenige Besitzende, sind also Klassengesellschaften zu managen.&#8220;<\/span> <a href='https:\/\/www.rubikon.news\/artikel\/das-krisensymptom' class='azc_bbc_url'>Weiterlesen&#8230;<\/a><\/p>\n<p><a href='http:\/\/www.ossietzky.net\/18-2018&#038;textfile=4503' class='azc_bbc_url'>Geheimdienste<\/a><br \/>\nKein Kommentar n\u00f6tig.<\/p>\n<p><a href='https:\/\/www.german-foreign-policy.com\/news\/detail\/7742' class='azc_bbc_url'>Aus den Einsatzgebieten der Bundeswehr: Beispiel Kosovo<\/a><br \/>\n<span class='azc_bbc_italic'>&#8222;Die Bundeswehr, die seit fast 20 Jahren im Kosovo stationiert ist, bereitet inzwischen den weitgehenden Abzug vor. Das Ergebnis: Die Bev\u00f6lkerung des Kosovo versinkt nach fast zwei Jahrzehnten westlicher Besatzung im Armutselend. Das Gebiet ist inzwischen das zweit\u00e4rmste in Europa &#8211; einzig die Milit\u00e4rkooperation mit der NATO gedeiht.&#8220;<\/span> <a href='https:\/\/www.german-foreign-policy.com\/news\/detail\/7742' class='azc_bbc_url'>Weiterlesen&#8230;<\/a><\/p>\n<p>Dazu passt auch:<\/p>\n<p><a href='https:\/\/www.german-foreign-policy.com\/news\/detail\/7746' class='azc_bbc_url'>Aus den Einsatzgebieten der Bundeswehr: Beispiel S\u00fcdsudan<\/a><br \/>\n<span class='azc_bbc_italic'>&#8222;Sieben Jahre nach seiner von Berlin entschlossen gef\u00f6rderten Abspaltung versinkt der S\u00fcdsudan in einem der m\u00f6rderischsten Kriege der Gegenwart. Laut einer aktuellen Studie der London School of Hygiene &#038; Tropical Medicine hat der s\u00fcdsudanesische B\u00fcrgerkrieg seit Ende 2013 fast 400.000 Menschen das Leben gekostet, nicht viel weniger als der Syrien-Krieg. Vor einer solchen Entwicklung hatten Beobachter bereits vor der Abspaltung des Gebiets vom Sudan gewarnt. Doch die Bundesregierung hat die Abpaltung im Jahr 2011 gemeinsam mit weiteren westlichen M\u00e4chten dennoch erzwungen &#8211; aus geostrategischen Gr\u00fcnden: Es ging darum, die Zentralregierung in Khartum durch Abtrennung des ressourcenreichen S\u00fcdens zu schw\u00e4chen, weil sie gegen\u00fcber dem Westen nicht kooperationswillig war.&#8220;<\/span> <a href='https:\/\/www.german-foreign-policy.com\/news\/detail\/7746' class='azc_bbc_url'>Weiterlesen&#8230;<\/a><\/p>\n<p>Tja Leute: Wie lautete nochmal <a href='https:\/\/blog.fdik.org\/2018-01\/s1517386958' class='azc_bbc_url'>der Werbespruch der Bundeswehr<\/a> <img class='azc_bbc_image' src='https:\/\/www.rume.de\/smilies\/sarkasm.gif'  \/><\/p>\n<p><a href='https:\/\/www.heise.de\/newsticker\/meldung\/Berlin-prueft-auch-Fahrverbot-fuer-neue-Euro-6-Diesel-4183979.html' class='azc_bbc_url'>Berlin pr\u00fcft auch Fahrverbot f\u00fcr neue Euro-6-Diesel<\/a><br \/>\nSollten die Fahrverbote nicht ausreichen, um die Atemluft wieder ges\u00fcnder zu machen, r\u00fccken folgerichtig auch die Diesel mit den Abgasnormen Euro 6a, 6b und 6c in den Fokus. Und wenn wir die dann durch haben, k\u00f6nnen wir dann auch endlich mal \u00fcber den globalen Warenverkehr diskutieren? \u00dcber das ruin\u00f6se Verbrennen von \u00d6l, nur damit Produkte irgendwo auf der Welt &#8222;billiger&#8220; weiter verarbeitet werden &#8211; und damit Umweltsch\u00e4den in doppelter H\u00f6he verursachen. Denn <a href='https:\/\/www.rubikon.news\/artikel\/totet-uns-der-kapitalismus' class='azc_bbc_url'>internationale Auswertungen<\/a> haben l\u00e4ngst ergeben, dass die Umweltverschmutzung j\u00e4hrlich Kosten im Umfang von 6 Prozent der Weltwirtschaft verursacht. Das j\u00e4hrliche Weltwirtschaftswachstum dagegen betrage nur 2 Prozent. J\u00e4hrlich verringert sich das Wohlergehen auf dem Planeten also um 4 Prozent.<\/p>\n<p><a href='https:\/\/heise.de\/-4183929' class='azc_bbc_url'>Die Energie- und Klimawochenschau<\/a><br \/>\nTELEPOLIS zieht eine Zwischenbilanz.<\/p>\n<p>Ganz interessante Info \u00fcbrigens an die <span class='azc_bbc_italic'>&#8222;Aber die Chinesen!!!11&#8220;<\/span> Rufer, die man bei jeder Klimadebatte findet: Ja, China produziert ziemlich viel Treibhausgase. Aber im Kapitalismus geht es immer um Ausbeutung. Und es sind sehr oft deutsche Firmen, die Chinas Natur und ihre Menschen ausbeuten und dort unter &#8222;billigen&#8220; Umweltbedingungen f\u00fcr den deutschen Konsum produzieren.<\/p>\n<p>W\u00fcrde man von Chinas Umwelts\u00fcnden diejenigen abziehen, die sie nur wegen exportierter westlicher Konsumprodukte begehen, so <a href='https:\/\/de.wikipedia.org\/wiki\/Liste_der_L%C3%A4nder_nach_CO2-Emission#Verzerrung_durch_Export_und_Import' class='azc_bbc_url'>st\u00f6sst China nicht einmal halb so viel CO2 in die Umwelt wie Deutschland<\/a>.<\/p>\n<p><a href='http:\/\/www.ossietzky.net\/18-2018&#038;textfile=4515' class='azc_bbc_url'>Bemerkungen, diverse<\/a><br \/>\nKurzer Auszug: <span class='azc_bbc_italic'>&#8222;Miethai &#8211; das Wort ist aus mancherlei Journalistenmunde zu h\u00f6ren; Vielleicht schafft der Begriff es zum Unwort des Jahres. Haie k\u00f6nnen Blut in milliardenfacher Verd\u00fcnnung wahrnehmen. Sie wittern so ihre Beute schon aus gro\u00dfer Entfernung. Londoner Miethaie sollen sogar eine gute Rendite in Berlin \u00fcber 933 Kilometer Luftlinie schnuppern.&#8220;<\/span><\/p>\n<p>Und zu guter Letzt:<\/p>\n<p><a href='http:\/\/www.sakurai-cartoons.de\/actual.php5?gross=7504' class='azc_bbc_url'>Der ultimativ aufr\u00fcttelnde Weckruf<\/a><br \/>\n&#8230;.<\/p>\n","protected":false},"excerpt":{"rendered":"<p>\/ So wollen die GR\u00dcNEN Jobcenter entmachten \/ Das Verm\u00f6gen der Familie Porsche w\u00e4chst gewaltig &#8211; trotz Dieselskandal \/ Hohe Mieten sind eine sehr effektive Grenze \/ Welche Koalition in Bayern die gr\u00f6\u00dfte Schnittmenge h\u00e4tte \/ Brasilien: Rechtsau\u00dfen-Erfolg befl\u00fcgelt die M\u00e4rkte \/ Brutalit\u00e4t von Neofaschisten ist Folge der Gewaltt\u00e4tigkeit des Systems \/ Geheimdienste \/ Aus &hellip; <a href=\"https:\/\/www.rume.de\/?p=897\" class=\"more-link\"><span class=\"screen-reader-text\">\u201eAufgelesen und kommentiert 2018-10-09\u201c <\/span>weiterlesen<\/a><\/p>\n","protected":false},"author":1,"featured_media":0,"comment_status":"open","ping_status":"closed","sticky":false,"template":"","format":"standard","meta":{"footnotes":""},"categories":[2],"tags":[],"class_list":["post-897","post","type-post","status-publish","format-standard","hentry","category-aufgelesen"],"_links":{"self":[{"href":"https:\/\/www.rume.de\/index.php?rest_route=\/wp\/v2\/posts\/897","targetHints":{"allow":["GET"]}}],"collection":[{"href":"https:\/\/www.rume.de\/index.php?rest_route=\/wp\/v2\/posts"}],"about":[{"href":"https:\/\/www.rume.de\/index.php?rest_route=\/wp\/v2\/types\/post"}],"author":[{"embeddable":true,"href":"https:\/\/www.rume.de\/index.php?rest_route=\/wp\/v2\/users\/1"}],"replies":[{"embeddable":true,"href":"https:\/\/www.rume.de\/index.php?rest_route=%2Fwp%2Fv2%2Fcomments&post=897"}],"version-history":[{"count":1,"href":"https:\/\/www.rume.de\/index.php?rest_route=\/wp\/v2\/posts\/897\/revisions"}],"predecessor-version":[{"id":898,"href":"https:\/\/www.rume.de\/index.php?rest_route=\/wp\/v2\/posts\/897\/revisions\/898"}],"wp:attachment":[{"href":"https:\/\/www.rume.de\/index.php?rest_route=%2Fwp%2Fv2%2Fmedia&parent=897"}],"wp:term":[{"taxonomy":"category","embeddable":true,"href":"https:\/\/www.rume.de\/index.php?rest_route=%2Fwp%2Fv2%2Fcategories&post=897"},{"taxonomy":"post_tag","embeddable":true,"href":"https:\/\/www.rume.de\/index.php?rest_route=%2Fwp%2Fv2%2Ftags&post=897"}],"curies":[{"name":"wp","href":"https:\/\/api.w.org\/{rel}","templated":true}]}}