{"id":890,"date":"2018-10-04T21:06:47","date_gmt":"2018-10-04T19:06:47","guid":{"rendered":"https:\/\/rume.inrieda.de\/?p=890"},"modified":"2018-10-04T21:06:47","modified_gmt":"2018-10-04T19:06:47","slug":"aufgelesen-und-kommentiert-2018-10-04","status":"publish","type":"post","link":"https:\/\/www.rume.de\/?p=890","title":{"rendered":"Aufgelesen und kommentiert 2018-10-04"},"content":{"rendered":"<p>\/ Die deutsche Wiedervereinigung und ihre Folgen<br \/>\n\/ Statistisches Bundesamt: Atypische Besch\u00e4ftigung seit 1991 um 74 Prozent gestiegen<br \/>\n\/ Internationaler Gerichtshof in Den Haag: USA m\u00fcssen Iran-Sanktionen zur\u00fccknehmen<br \/>\n\/ Merkel will Einstimmigkeitsanforderung mit &#8222;EU-Sicherheitsrat&#8220; aushebeln<br \/>\n\/ &#8222;Revolution Chemnitz&#8220; &#8211; Vom Wort zur Tat<br \/>\n\/ Eine Zensur findet statt<br \/>\n\/ Niedersachsen: SPD-Experte fordert Staatstrojaner bei Ger\u00fcch(t)en<br \/>\n\/ Merkel erneut vor der Automobilindustrie eingeknickt<br \/>\n\/ Stickoxide: Welchen Anteil hat der Autoverkehr?<br \/>\n\/ GR\u00dcNE haben erstmals mehr als 70.000 Mitglieder<br \/>\n\/ Welttierschutztag<\/p>\n<p>&#8212;<\/p>\n<p><!--more--><\/p>\n<p><a href='https:\/\/publikumskonferenz.de\/blog\/2018\/10\/02\/die-deutsche-wiedervereinigung-und-ihre-folgen-teil-1' class='azc_bbc_url'>Die deutsche Wiedervereinigung und ihre Folgen<\/a><br \/>\nKurzer R\u00fcckblick auf die ruin\u00f6se Arbeit der sogenannten &#8222;Treuhand&#8220;, die nach der Pl\u00fcnderung Ostdeutschlands als Blaupause <a href='https:\/\/deutsch.rt.com\/29610\/international\/wasser-gas-strom-infrastruktur-die-pluenderung-griechenlands-kennt-keine-grenzen' class='azc_bbc_url'>f\u00fcr die Pl\u00fcnderung Griechenlands<\/a> diente.<\/p>\n<p>Kurzer Auszug: <span class='azc_bbc_italic'>&#8222;Die Treuhand-Anstalt verwaltete das gesamte Staatsverm\u00f6gen der DDR nach der deutschen Wiedervereinigung. Sie wurde ma\u00dfgeblich von westdeutschen Managern und Politikern geleitet und kontrolliert. Das Ergebnis war die fast komplette Enteignung der ostdeutschen Bev\u00f6lkerung und eine verheerende De-Industrialisierung. Das, was die Ostdeutschen in 40 Jahren aufgebaut hatten und was ihnen gemeinschaftlich geh\u00f6rte, wurde ihnen genommen oder zerst\u00f6rt. Heute befinden sich 90 Prozent des ostdeutschen Produktivverm\u00f6gens im Besitz von Westdeutschen und nur 5 Prozent geh\u00f6ren Ostdeutschen.<\/p>\n<p>Innerhalb k\u00fcrzester Zeit verloren \u00fcber 40 Prozent der arbeitenden Bev\u00f6lkerung ihren Arbeitsplatz. Seit der deutschen Wiedervereinigung haben mindestens 3 bis 4 Millionen Menschen ihre Heimat verlassen &#8211; von urspr\u00fcnglich einmal 16 Millionen.&#8220;<\/span> <a href='https:\/\/publikumskonferenz.de\/blog\/2018\/10\/02\/die-deutsche-wiedervereinigung-und-ihre-folgen-teil-1' class='azc_bbc_url'>Weiterlesen&#8230;<\/a><\/p>\n<p>Dazu passt auch:<\/p>\n<p><a href='https:\/\/www.jungewelt.de\/artikel\/341005.html' class='azc_bbc_url'>Statistisches Bundesamt: Atypische Besch\u00e4ftigung seit 1991 um 74 Prozent gestiegen<\/a><br \/>\nEs gibt wenig Grund zum Feiern. 28 Jahre nach der Wiedervereinigung verl\u00e4uft die Spaltung der Gesellschaft zwischen Oben und Unten, zwischen Arm und Reich. Und von der Zunahme prek\u00e4rer Besch\u00e4ftigungsverh\u00e4ltnisse im Grundsatz sowohl die Menschen in Ost- wie auch in Westdeutschland betroffen, wenn auch in unterschiedlichem Ma\u00dfe.<\/p>\n<p>Die Zahl der atypisch Besch\u00e4ftigten stieg zwischen 1991 und 2017 um 74 Prozent auf 7,7 Millionen. Davon waren 2,5 Millionen Menschen befristet besch\u00e4ftigt. 4,7 Millionen Menschen arbeiteten in Teilzeit weniger als 20 Stunden pro Woche, was einem Anstieg um 87,4 Prozent entspricht. Die Zahl atypischer Besch\u00e4ftigungsverh\u00e4ltnisse nahm im Osten um 19,6 Prozent zu, vor allem wegen eines drastischen Zuwachses bei Minijobs, deren Zahl sich mehr als versechsfachte, sowie eines Zuwachses um 144 Prozent bei Teilzeit unter 20 Stunden.<\/p>\n<p><a href='http:\/\/justicenow.de\/2018-10-03\/usa-muessen-iran-sanktionen-zuruecknehmen-urteilt-der-internationale-gerichtshof-in-den-haag' class='azc_bbc_url'>Internationaler Gerichtshof in Den Haag: USA m\u00fcssen Iran-Sanktionen zur\u00fccknehmen<\/a><br \/>\nInteressiert die USA, den <span class='azc_bbc_italic'>&#8222;Garanten f\u00fcr Demokratie, Freiheit und Menschenrechte&#8220;<\/span> (<a href='http:\/\/norberthaering.de\/de\/27-german\/news\/1035-maas-heile-welt' class='azc_bbc_url'>Zitat: Heiko Maas, SPD<\/a>) nat\u00fcrlich nen feuchten Kehricht.<\/p>\n<p><a href='https:\/\/www.heise.de\/tp\/features\/Merkel-will-Einstimmigkeitsanforderung-mit-EU-Sicherheitsrat-aushebeln-4180615.html' class='azc_bbc_url'>Merkel will Einstimmigkeitsanforderung mit &#8222;EU-Sicherheitsrat&#8220; aushebeln<\/a><br \/>\nStatt dass man sich innerhalb der EU vorher einigt und erst dann eine Handlung durchf\u00fchrt, will Merkel einen handverlesenen &#8222;Sicherheitsrat&#8220; installieren, der dann die Entscheidungen f\u00e4llt. Und ihr Komplize Juncker ist sofort daf\u00fcr und will <span class='azc_bbc_italic'>&#8222;bei Menschenrechtsfragen, Sanktionen gegen Nicht-Mitgliedsl\u00e4nder und Milit\u00e4reins\u00e4tzen anfangen&#8220;<\/span>.<\/p>\n<p>Hintergrund ist, dass es einige EU-L\u00e4nder gibt, die mit den Sanktionen gegen Russland nicht (mehr) einverstanden sind. EU-Politiker Elmar Brok (CDU) sagt dazu: <span class='azc_bbc_italic'>&#8222;Es ist ein Problem, wenn 28 L\u00e4nder immer erst auf eine gemeinsame Position kommen m\u00fcssen.<\/span> Und richtig Kalle: H\u00e4tte Hitler erst alle Abgeordneten im Reichstag und alle Ministerpr\u00e4sidenten der Bundesl\u00e4nder vorher um Erlaubnis befragen m\u00fcssen, h\u00e4tte es den Krieg gegen Russland vielleicht auch nicht gegeben.<\/p>\n<p>Und Nein, das ist kein Hitlervergleich, sondern der Hinweis darauf, dass es mehr als berechtigte Gr\u00fcnde gibt, warum ein handverlesener Kreis niemals die vollen Machtbefugnisse bekommen darf. Gerade angesichts immer st\u00e4rker werdender rechtsextremer Parteien in ganz Europa!<\/p>\n<p><a href='https:\/\/www.freitag.de\/autoren\/der-freitag\/vom-wort-zur-tat' class='azc_bbc_url'>&#8220;Revolution Chemnitz&#8220; &#8211; Vom Wort zur Tat<\/a><br \/>\nDer FREITAG kommentiert: <span class='azc_bbc_italic'>&#8222;Vor knapp einem Monat hatte es in K\u00f6then (Sachsen-Anhalt) Protestm\u00e4rsche gegeben, auf denen Hunderte Menschen den Ex-NPD-Funktion\u00e4r und Aktivisten des Pegida-Ablegers Th\u00fcgida, David K\u00f6ckert, bejubelten, als er von einem &#8222;Rassenkrieg gegen Deutsche&#8220; sprach. Lauter Beifall brandete auf, als K\u00f6ckert mit dem Satz &#8222;Wollen wir weiter Schafe sein, die bl\u00f6ken, oder wollen wir zu W\u00f6lfen werden und sie zerfetzen?&#8220; zum gewaltt\u00e4tigen Umsturz in der Bundesrepublik aufrief.<\/p>\n<p>Nur einen Tag sp\u00e4ter fanden sich zwei Autostunden weiter s\u00fcdlich in Chemnitz acht Neonazis zusammen, um K\u00f6ckerts Aufruf zur rechten Revolte in die Tat umzusetzen. Am Abend des 10. September er\u00f6ffnete der 31-j\u00e4hrige Christian K. eine neue Chatgruppe im Messenger-Dienst Telegram mit dem Namen &#8222;Planung zur Revolution&#8220;, zu der er sieben Gleichgesinnte einlud. Es gehe darum, &#8222;die Geschichte Deutschlands zu \u00e4ndern&#8220;, schrieb K. in der ersten Nachricht der neuen Chatgruppe. Dies k\u00f6nne m\u00f6glicherweise &#8222;nicht gewaltfrei&#8220; erreicht werden und &#8222;Opfer fordern&#8220;, meinte K. laut Chatprotokoll, aus dem ARD und Zeit Online zitierten. Deshalb m\u00fcsse man auch &#8222;nur gewaltbereite Leute&#8220; rekrutieren. &#8222;Es ist an der Zeit, nicht nur Worte sprechen zu lassen, sondern Taten&#8220;. Eine Maschinenpistole MP 5 von Heckler &#038; Koch w\u00e4re gut oder auch eine Pistole vom Typ Walther, hei\u00dft es im Chat.&#8220;<\/span> <a href='https:\/\/www.freitag.de\/autoren\/der-freitag\/vom-wort-zur-tat' class='azc_bbc_url'>Weiterlesen&#8230;<\/a><\/p>\n<p>Und falls jetzt jemand denkt, die wurden verhaftet und somit ist Gefahr gebannt &#8211; f\u00fcr den nur folgender Hinweis: Die AfD beschimpft auf einer Veranstaltung ganz offen gegen alle Gegendemonstranten mit den Worten (<a href='https:\/\/twitter.com\/deltamikeplus\/status\/1047383981275197440' class='azc_bbc_url'>Zitat<\/a>): <span class='azc_bbc_italic'>&#8222;Die Polizei filmt euch, hat jedes einzelne Gesicht von Euch. Wenn wir an die Macht kommen, machen wir wie die FP\u00d6 eine Razzia beim Verfassungsschutz und r\u00e4umen mit euch auf.&#8220;<\/span><\/p>\n<p>Dazu passt auch:<\/p>\n<p><a href='https:\/\/www.kontextwochenzeitung.de\/medien\/392\/eine-zensur-findet-statt-5377.html' class='azc_bbc_url'>Eine Zensur findet statt<\/a><br \/>\n<span class='azc_bbc_italic'>&#8222;Drei PublizistInnen (u.a. auch Peter Nowak von TELEPOLIS) erkl\u00e4rten sich kurz nach dem Verbot der Plattform &#8222;linksunten.indymedia&#8220; im Sommer 2017 solidarisch mit dem Medium. Gut ein Jahr sp\u00e4ter bekommen sie Post vom LKA Berlin. Ihnen wird zwar die Gelegenheit einger\u00e4umt, sich zu den Vorw\u00fcrfen zu \u00e4u\u00dfern. Sie wissen aber gar nicht, was die Vorw\u00fcrfe sind. Daher sprechen die Betroffenen von Ermittlungen gegen die Pressefreiheit.&#8220;<\/span> <a href='https:\/\/www.kontextwochenzeitung.de\/medien\/392\/eine-zensur-findet-statt-5377.html' class='azc_bbc_url'>Weiterlesen&#8230;<\/a><\/p>\n<p>Kleine Randbemerkung: Polizei ist L\u00e4ndersache. Das Land Berlin wird von Rot-Rot-Gr\u00fcn regiert. Wie wir sehen, steht auch f\u00fcr SPD, LINKE und GR\u00dcNE der Feind links.<\/p>\n<p><a href='https:\/\/netzpolitik.org\/2018\/niedersachsen-spd-experte-fordert-staatstrojaner-bei-geruechten' class='azc_bbc_url'>Niedersachsen: SPD-Experte fordert Staatstrojaner bei Ger\u00fcch(t)en<\/a><br \/>\nDie gro\u00dfe Koalition in Niedersachsen will demn\u00e4chst das umstrittene Polizeigesetz beschlie\u00dfen. Ulrich Watermann, stellvertretender Vorsitzender der SPD-Fraktion und innenpolitischer Sprecher der Partei, erkl\u00e4rt das Thema Staatstrojaner anhand einer ausl\u00e4ndischen Gro\u00dffamilie an, die von ihren Nachbarn des Bombenbaus bezichtigt wurde.<\/p>\n<p>Zitat: <span class='azc_bbc_italic'>&#8222;Eine gro\u00df angelegte Hausdurchsuchung durch das SEK im Anschluss ergab jedoch, dass die Familien lediglich Lebensmittel zubereitet hatte. Eine Onlinedurchsuchung h\u00e4tte hier schnell ergeben&#8220;, so Watermann, &#8222;dass auf dem Computer der Familie zahlreiche Rechnungen den Bezug der Lebensmittel belegen. Der durchgef\u00fchrte SEK-Einsatz h\u00e4tte verhindert werden k\u00f6nnen.&#8220;<\/span><\/p>\n<p>Mit anderen Worten: Demn\u00e4chst schaut die Polizei direkt mit dem Staatstrojaner vorbei, wenn jemand seinen Nachbarn anschw\u00e4rzt.<\/p>\n<p>Aber hey: Das geh\u00f6rt bestimmt zu dieser SPD-Erneuerung, \u00fcber die sie st\u00e4ndig reden <img class='azc_bbc_image' src='https:\/\/www.rume.de\/smilies\/sarkasm.gif'  \/><\/p>\n<p><a href='https:\/\/www.duh.de\/presse\/pressemitteilungen\/pressemitteilung\/deutsche-umwelthilfe-bewertet-diesel-konzept-der-bundesregierung-als-doppelte-nullloesung-merke' class='azc_bbc_url'>Merkel erneut vor der Automobilindustrie eingeknickt<\/a><br \/>\n<span class='azc_bbc_italic'>&#8222;Die Deutsche Umwelthilfe begl\u00fcckw\u00fcnscht Andreas Scheuer, den Vertreter der Automobilindustrie in der Bundesregierung, f\u00fcr diese grandiose Lobbyleistung. Die Autoaktien reagieren bereits mit Gewinnsprung.&#8220;<\/span><\/p>\n<p>In unseren Innenst\u00e4dten wird zwar weiterhin ungebremst Giftgas verbreitet und tausende Menschen krank gemacht &#8211; aber unter kapitalistischen Rahmenbedingungen wurde alles richtig gemacht <img class='azc_bbc_image' src='https:\/\/www.rume.de\/smilies\/nasiehste.gif'  \/><\/p>\n<p>Und kleiner Lacher am Rande: <span class='azc_bbc_italic'>&#8222;Mit Kriminellen verhandelt man nicht&#8220;<\/span>, so lautet ja stets das oberste Motto, wenn die Regierung einer Erpressung gegen\u00fcber steht. Wenn diese Kriminellen jedoch mit dem Entzug von Belohnungsp\u00f6stchen und Parteispendenentzug drohen (und offiziell mit &#8222;Arbeitspl\u00e4tzen&#8220;), dann sieht das nat\u00fcrlich anders aus. Oder glaubt hier jemand, der <a href='https:\/\/de.wikipedia.org\/wiki\/Matthias_Wissmann' class='azc_bbc_url'>fr\u00fchere Bundesverkehrsminister Matthias Wissmann (CDU)<\/a> w\u00e4re auch dann h\u00f6chstbezahlter Autolobbyist geworden, wenn Helmut Kohl eine \u00f6kologische Verkehrswende eingeleitet h\u00e4tte? <img class='azc_bbc_image' src='https:\/\/www.rume.de\/smilies\/biggrin.gif'  \/><\/p>\n<p>Dazu passt auch:<\/p>\n<p><a href='https:\/\/www.swr.de\/abgasalarm\/luftschadstoffe-stickoxide-welchen-anteil-hat-der-verkehr\/-\/id=18988100\/did=20682692\/nid=18988100\/ai23qt\/index.html' class='azc_bbc_url'>Stickoxide: Welchen Anteil hat der Autoverkehr?<\/a><br \/>\nUnd genau hier sehen wir den Autolobbyisten der CDU im Einsatz, indem er fl\u00e4chendeckend das M\u00e4rchen verbreitet, der Autoverkehr w\u00e4re f\u00fcr die Stickoxidbelastungen kaum verantwortlich. Man sollte so eine (teuer) gekaufte Marionette mal f\u00fcr f\u00fcnf Minuten bei laufendem Motor in eine Garage einsperren &#8211; ob er dann immer noch meint, das h\u00e4tte kaum Auswirkungen <img class='azc_bbc_image' src='https:\/\/www.rume.de\/smilies\/sarkasm.gif'  \/><\/p>\n<p>Entsprechend entsetzt reagieren dann auch Forscher auf das dumme CDU-Lobbygeschw\u00e4tz (Zitat): <span class='azc_bbc_italic'>&#8222;Der Verkehr tr\u00e4gt zu etwa 40 Prozent zum gesamten (!) NO2-Aussto\u00df in Deutschland bei. Also zu den Emissionen. Diese Gesamtbelastung ist aber ungleich \u00fcber die Republik verteilt. Daraus folgt, dass in Innenst\u00e4dten (!) mit viel Verkehr der Anteil des Verkehrs an dem Eintrag von NO2 vor Ort viel h\u00f6her ist &#8211; n\u00e4mlich bis zu 80 Prozent.&#8220;<\/span><\/p>\n<p><a href='https:\/\/www.zeit.de\/politik\/deutschland\/2018-10\/mitgliederwachstum-die-gruenen-rekord' class='azc_bbc_url'>GR\u00dcNE haben erstmals mehr als 70.000 Mitglieder<\/a><br \/>\nDIE ZEIT meldet: <span class='azc_bbc_italic'>&#8222;Die Gr\u00fcnen haben im Oktober erstmals in ihrer Parteigeschichte die Marke von 70.000 Mitgliedern \u00fcberschritten. Das erfuhr ZEIT ONLINE am Donnerstag aus der Bundesgesch\u00e4ftsstelle in Berlin. &#8222;Wir sind so viele wie noch nie, die f\u00fcr Klimaschutz, eine offene Gesellschaft und gegen Ungleichheit eintreten&#8220;, sagte Bundesgesch\u00e4ftsf\u00fchrer Michael Kellner.&#8220;<\/span> Und gut dass er nicht noch &#8222;Frieden&#8220; erw\u00e4hnt hat, denn dann w\u00e4re er endg\u00fcltig ne Nummer f\u00fcrs Kabarett <img class='azc_bbc_image' src='https:\/\/www.rume.de\/smilies\/laugh.gif'  \/> Denn die GR\u00dcNEN stehen nat\u00fcrlich NICHT f\u00fcr Klimaschutz, NICHT f\u00fcr eine offene Gesellschaft und treten nat\u00fcrlich auch NICHT gegen Ungleichheit ein. Was bitte erz\u00e4hlt der f\u00fcr einen Schwachsinn?<\/p>\n<p>Beim Klimaschutz muss man nur nach Baden-W\u00fcrttemberg schauen, wo die GR\u00dcNEN den Landesvater stellen, gegen Fahrverbote trommeln und der Autoindustrie das Wort reden. Beim Thema offene Gesellschaft muss man nur nachschauen, wie die Abschiebezahlen der gr\u00fcnregierten Bundesl\u00e4nder aussehen und vom GR\u00dcNEN OB Boris Palmer kommentiert werden. Und zum Thema Bek\u00e4mpfung der Ungleichheit: Hartz4 w\u00e4re ohne GR\u00dcNE nicht m\u00f6glich gewesen. Leiharbeitsausbeutung w\u00e4re ohne GR\u00dcNE nicht m\u00f6glich gewesen. Und wer nun meint, das w\u00e4ren alte Gesetze, aus denen die GR\u00dcNEN gelernt h\u00e4tten: Okay, dann nennt mir ein Bundesland, in dem die GR\u00dcNEN (mit-)regierten und die Armut zur\u00fcckging. Nur ein einziges Bundesland reicht <img class='azc_bbc_image' src='https:\/\/www.rume.de\/smilies\/nasiehste.gif'  \/><\/p>\n<p>Nein, mit all dem haben die GR\u00dcNEN nichts zu tun. Denn wir messen hier doch bittesch\u00f6n die realen Taten &#8211; und nicht deren oppositionelles Geschw\u00e4tz, dass sie direkt mit der Einnahme eines Ministerp\u00f6stchens sofort vergessen haben, oder?<\/p>\n<p>Und auf diesem Niveau agieren auch all diejenigen, die da jetzt fleissig den GR\u00dcNEN nachrennen. Denn jeder weiss, dass das kapitalistische System f\u00fcr unsere Erde den totalen Kollaps bedeutet. Gleichzeitig m\u00f6chte man aber seinen (gehobenen) Lebensstil keinesfalls zur\u00fcckschrauben. Und in dieser Marketingl\u00fccke stehen die GR\u00dcNEN mit ihrem <a href='https:\/\/www.deutschlandfunk.de\/kathrin-hartmann-die-gruene-luege.1310.de.html?dram:article_id=410423' class='azc_bbc_url'>&#8220;gr\u00fcnen Kapitalismus&#8220;<\/a>. Statt dass man einen SUV mit Verbrennungsmotor kauft, legt man etwas Geld obendrauf und kauft sich einen SUV mit Elektromotor. Statt dass man ausbeuterischen Billigkaffee kauft, legt man etwas Geld obendrauf und kauft sich Fairtrade-Kaffeekapseln. Statt einer Billigjeans aus Kinderarbeit legt man etwas Geld obendrauf und kauft eine teurere Markenjeans. NICHTS davon ist zugunsten der Umwelt, aber man hat ein besseres Gewissen.<\/p>\n<p>Das ist nichts anderes als Ablasshandel.<\/p>\n<p>Es ist der irrwitzige Glaube daran, dass man weiterhin Ressourcen ohne Ende verballern kann, wenn wenigstens &#8222;Bio&#8220; oder &#8222;Fair&#8220; auf der Verpackung steht &#8211; oder eben &#8222;Gr\u00fcn&#8220; auf der Partei.<\/p>\n<p>Und dass die Fans der GR\u00dcNEN ihre eigenen Kinder lieber in &#8222;hochwertige&#8220; Schulen stecken, statt ihn mit &#8222;dem P\u00f6bel&#8220; zusammen lernen und spielen zu lassen, dokumentiert deren Freude an der &#8222;offenen Gesellschaft&#8220; dann auch nochmal deutlich <img class='azc_bbc_image' src='https:\/\/www.rume.de\/smilies\/sarkasm.gif'  \/><\/p>\n<p>Und zu guter Letzt:<\/p>\n<p><a href='https:\/\/de.toonpool.com\/cartoons\/Freiwillige%20vor_322639' class='azc_bbc_url'>Welttierschutztag<\/a><br \/>\n<img class='azc_bbc_image' src='https:\/\/www.rume.de\/smilies\/nasiehste.gif'  \/><\/p>\n","protected":false},"excerpt":{"rendered":"<p>\/ Die deutsche Wiedervereinigung und ihre Folgen \/ Statistisches Bundesamt: Atypische Besch\u00e4ftigung seit 1991 um 74 Prozent gestiegen \/ Internationaler Gerichtshof in Den Haag: USA m\u00fcssen Iran-Sanktionen zur\u00fccknehmen \/ Merkel will Einstimmigkeitsanforderung mit &#8222;EU-Sicherheitsrat&#8220; aushebeln \/ &#8222;Revolution Chemnitz&#8220; &#8211; Vom Wort zur Tat \/ Eine Zensur findet statt \/ Niedersachsen: SPD-Experte fordert Staatstrojaner bei Ger\u00fcch(t)en &hellip; <a href=\"https:\/\/www.rume.de\/?p=890\" class=\"more-link\"><span class=\"screen-reader-text\">\u201eAufgelesen und kommentiert 2018-10-04\u201c <\/span>weiterlesen<\/a><\/p>\n","protected":false},"author":1,"featured_media":0,"comment_status":"open","ping_status":"closed","sticky":false,"template":"","format":"standard","meta":{"footnotes":""},"categories":[2],"tags":[],"class_list":["post-890","post","type-post","status-publish","format-standard","hentry","category-aufgelesen"],"_links":{"self":[{"href":"https:\/\/www.rume.de\/index.php?rest_route=\/wp\/v2\/posts\/890","targetHints":{"allow":["GET"]}}],"collection":[{"href":"https:\/\/www.rume.de\/index.php?rest_route=\/wp\/v2\/posts"}],"about":[{"href":"https:\/\/www.rume.de\/index.php?rest_route=\/wp\/v2\/types\/post"}],"author":[{"embeddable":true,"href":"https:\/\/www.rume.de\/index.php?rest_route=\/wp\/v2\/users\/1"}],"replies":[{"embeddable":true,"href":"https:\/\/www.rume.de\/index.php?rest_route=%2Fwp%2Fv2%2Fcomments&post=890"}],"version-history":[{"count":1,"href":"https:\/\/www.rume.de\/index.php?rest_route=\/wp\/v2\/posts\/890\/revisions"}],"predecessor-version":[{"id":891,"href":"https:\/\/www.rume.de\/index.php?rest_route=\/wp\/v2\/posts\/890\/revisions\/891"}],"wp:attachment":[{"href":"https:\/\/www.rume.de\/index.php?rest_route=%2Fwp%2Fv2%2Fmedia&parent=890"}],"wp:term":[{"taxonomy":"category","embeddable":true,"href":"https:\/\/www.rume.de\/index.php?rest_route=%2Fwp%2Fv2%2Fcategories&post=890"},{"taxonomy":"post_tag","embeddable":true,"href":"https:\/\/www.rume.de\/index.php?rest_route=%2Fwp%2Fv2%2Ftags&post=890"}],"curies":[{"name":"wp","href":"https:\/\/api.w.org\/{rel}","templated":true}]}}