{"id":875,"date":"2018-09-26T21:12:48","date_gmt":"2018-09-26T19:12:48","guid":{"rendered":"https:\/\/rume.inrieda.de\/?p=875"},"modified":"2018-09-26T21:12:48","modified_gmt":"2018-09-26T19:12:48","slug":"aufgelesen-und-kommentiert-2018-09-26","status":"publish","type":"post","link":"https:\/\/www.rume.de\/?p=875","title":{"rendered":"Aufgelesen und kommentiert 2018-09-26"},"content":{"rendered":"<p>\/ Was haben CDU\/CSU\/SPD\/FDP\/GR\u00dcNE in den letzten 20 Jahren erreicht<br \/>\n\/ Ulrich Schneider warnt vor sozialer Dienstpflicht<br \/>\n\/ Profit oder Gemeinwohl?<br \/>\n\/ Kapital gibt Wunschzettel ab: BDI bestellt \u00bbReformen\u00ab<br \/>\n\/ Steinmeier: &#8222;Es sind zu viele, die sich wohlf\u00fchlen im Schlechtreden unseres Landes&#8220;<br \/>\n\/ EU-Gericht: Abgeordnete d\u00fcrfen ihre Reisekosten verschweigen<br \/>\n\/ Von der Leyen (CDU) bestellte Berater f\u00fcr \u00fcber 150 Millionen Euro j\u00e4hrlich<br \/>\n\/ An diese sieben Redaktionen verschickte Maa\u00dfen anw\u00e4ltliche Drohbriefe<br \/>\n\/ Zum Schutze der Verfassung<br \/>\n\/ Kirchlicher sexueller Missbrauch: Halbherzige Aufkl\u00e4rung<br \/>\n\/ Merkeld\u00e4mmerung in unserer Qualit\u00e4tspresse &#8211; vom Jahr 2000 bis heute<br \/>\n\/ Herber Verlust: Heckler &#038; Koch verliert engsten Vertrauten in Berlin<\/p>\n<p>&#8212;<\/p>\n<p><!--more--><\/p>\n<p><a href='https:\/\/blog.fdik.org\/2018-09\/s1537940839' class='azc_bbc_url'>Was haben CDU\/CSU\/SPD\/FDP\/GR\u00dcNE in den letzten 20 Jahren erreicht<\/a><br \/>\nEine Grafik sagt mehr als tausend Worte.<\/p>\n<p><a href='https:\/\/www.noz.de\/deutschland-welt\/politik\/artikel\/1535363' class='azc_bbc_url'>Ulrich Schneider warnt vor sozialer Dienstpflicht<\/a><br \/>\n<span class='azc_bbc_italic'>&#8222;Zwangsrekrutierte haben nichts in der Pflege zu suchen. Man stelle sich nur einmal vor, wir w\u00fcrden ein Pflichtjahr Informationstechnik f\u00fcr alle jungen Menschen einf\u00fchren, die dann in die Firmen gehen. Jeder w\u00fcrde sagen: Das ist v\u00f6llig absurd. Viele glauben aber offensichtlich, dass die Besch\u00e4ftigten in der Pflege oder im Gesundheitswesen nichts k\u00f6nnen m\u00fcssen. Fakt ist aber: Hier geht es um Ausbildungsberufe und qualifizierte Arbeit. Und dazu muss man richtig Lust haben. Um mit pflegebed\u00fcrftigen Menschen umgehen zu k\u00f6nnen, braucht man ein hohes Ma\u00df an sozialer Kompetenz, das leider nicht jeder hat.&#8220;<\/span><\/p>\n<p>Da hat er nat\u00fcrlich recht, der Hauptgesch\u00e4ftsf\u00fchrer des Parit\u00e4tischen Gesamtverbandes. ABER: Es geht f\u00fcr Jens Spahn doch nicht darum, dass der Pflegeberuf mit Fachpersonal besetzt wird. Daf\u00fcr stellt die Bundesregierung auch gar nicht die n\u00f6tigen Gelder bereit. Jens Spahn will &#8222;mit irgendwas&#8220; einige besetzte Stellen vorzeigen, um damit Wahlkampf zu machen. Jens Spahn kennt schliesslich die bildungspolitische Intelligenz der Deutschen. Und f\u00fcr den P\u00f6bel reicht es vollkommen aus, sich in einer Talkshow zu inszenieren, dass man &#8222;tausende Pflegestellen neu besetzt&#8220; hat. F\u00fcr das Klatschvieh im Talkshowstudio sind die Hintergr\u00fcnde &#8211; beispielsweise welche Leute zu welchen L\u00f6hnen dort arbeiten (m\u00fcssen) &#8211; schon viel zu kompliziert.<\/p>\n<p>Kurz gesagt: Jens Spahn muss kapitalistische Verwaltungsarbeit abliefern. Daf\u00fcr wurde er gew\u00e4hlt und nur das setzt er jetzt auch um.<\/p>\n<p>H\u00e4tte der W\u00e4hler stattdessen Pflegekr\u00e4fte gewollt, die sich menschenw\u00fcrdig (statt nach vorgegebenem Zeitplan) f\u00fcr die Pflegebed\u00fcrftigen einsetzen k\u00f6nnen und daf\u00fcr auch anst\u00e4ndig bezahlt werden, dann h\u00e4tte der W\u00e4hler niemals CDU\/CSU\/SPD\/FDP\/GR\u00dcNE\/AfD angekreuzt. Also darf man auch sagen, dass die Pflegesituation f\u00fcr die W\u00e4hler eher unwichtig ist. Und das weiss auch Jens Spahn und liefert eben Alibipolitik ab.<\/p>\n<p>Und immerhin DAS macht er ganz hervorragend. Es w\u00fcrde auch bei einer pl\u00f6tzlichen Neuwahl immer noch eine breite Mehrheit f\u00fcr kapitalistische Verwaltungsarbeit geben <img class='azc_bbc_image' src='https:\/\/www.rume.de\/smilies\/nasiehste.gif'  \/><\/p>\n<p><a href='https:\/\/www.deutschlandfunk.de\/pflege-profit-oder-gemeinwohl.886.de.html?dram:article_id=428864' class='azc_bbc_url'>Profit oder Gemeinwohl?<\/a><br \/>\nDie Pflege war \u00fcber Jahrhunderte eine Sache von Familie, Kirchen und Wohlfahrtsverb\u00e4nden. Seit den 1990er-Jahren sind auch privatwirtschaftliche Unternehmen auf dem Pflegemarkt aktiv, um Renditen zu erwirtschaften. Sie kaufen Aktien und ziehen Geld aus der Pflege, ohne selbst je in einem Altenheim gewesen zu sein. Die Menschen bleiben dabei auf der Strecke. Eine Deutschlandfunk-Reportage.<\/p>\n<p><a href='https:\/\/www.jungewelt.de\/artikel\/340518.html' class='azc_bbc_url'>Kapital gibt Wunschzettel ab: BDI bestellt \u00bbReformen\u00ab<\/a><br \/>\nIndustriellenverband rechnet mit konjunktureller Abk\u00fchlung und verlangt Senkung der Unternehmenssteuern. Merkel verspricht, z\u00fcgig zu liefern. Und die hofbericht-erstattende &#8222;Tagesschau&#8220; beeilte sich sogar, um daraus <a href='https:\/\/www.tagesschau.de\/inland\/merkel-bdi-101.html' class='azc_bbc_url'>eine eigene Meldung<\/a> zu basteln. Dem P\u00f6bel muss schliesslich klar gemacht werden, dass die Unternehmen jetzt unbedingt entlastet werden m\u00fcssen.<\/p>\n<p>Daf\u00fcr muss der Wohnungsmangel, verrottende Schulen und Pflegenotstand auch mal ein wenig zur\u00fcckstehen <img class='azc_bbc_image' src='https:\/\/www.rume.de\/smilies\/sarkasm.gif'  \/><\/p>\n<p><a href='https:\/\/www.heise.de\/tp\/features\/Steinmeier-Es-sind-zu-viele-die-sich-wohlfuehlen-im-Schlechtreden-unseres-Landes-4174727.html' class='azc_bbc_url'>Steinmeier: &#8222;Es sind zu viele, die sich wohlf\u00fchlen im Schlechtreden unseres Landes&#8220;<\/a><br \/>\nTELEPOLIS kommentiert die politische Ignoranz des SPD-Bundespr\u00e4sidenten bereits mehr als ausf\u00fchrlich. Aber weil auch ich mich hier irgendwie angegriffen f\u00fchle, will ich nur kurz klarstellen: Nein, ich schreibe dieses Land nicht schlecht. Ich schreibe \u00fcber das, was ist. Ich schreibe \u00fcber das, was die herrschende Politik verursacht. Und wenn das, wor\u00fcber ich schreibe, als &#8222;schlecht&#8220; wahrgenommen wird, dann ist das einzig und allein das Ergebnis der Regierungsarbeit. Punkt.<\/p>\n<p>Ausserdem kommt auch ein Bundespr\u00e4sident nicht an den Fakten vorbei, wenn selbst die Bundesregierung in ihrem Armuts- und Reichtumsbericht zugeben muss, dass nur eine einzige Gruppe von ihrer Regierungsarbeit profitiert: N\u00e4mlich die obersten 10 Prozent. Mein einziger Beitrag dazu ist es, dass ich genau dieses Regierungsergebnis bekannt mache und anhand vieler kleiner Nachrichtenmeldungen aufzeige, wie es dazu kommen musste.<\/p>\n<p>Wenn meine bescheidene Arbeit, die eigentlich die Arbeit von Journalisten w\u00e4re, von einem sozialdemokratischen Bundespr\u00e4sidenten als &#8222;Schlechtreden&#8220; beschimpft wird, dann hat das schon Trump-Niveau.<\/p>\n<p><a href='https:\/\/netzpolitik.org\/2018\/eu-gericht-gegen-transparenz-reisekosten-von-eu-abgeordneten-bleiben-geheim' class='azc_bbc_url'>EU-Gericht: Abgeordnete d\u00fcrfen ihre Reisekosten verschweigen<\/a><br \/>\nMan muss dabei erw\u00e4hnen: Sowohl beim Europ\u00e4ischen Gerichtshof (EuGH) als auch beim Gericht der Europ\u00e4ischen Union (EU-Gericht) m\u00fcssen sich die Richter, die von den Regierungen der Mitgliedsl\u00e4nder ernannt werden, nach ihrer sechsj\u00e4hrigen Amtszeit <a href='https:\/\/dejure.org\/gesetze\/AEUV\/253.html' class='azc_bbc_url'>wiederw\u00e4hlen lassen<\/a>. Derartige Richter werden nat\u00fcrlich niemals krachende Urteile gegen genau die Regierenden f\u00e4llen, von deren Wiederwahl sie abh\u00e4ngen. Und schon gleich doppelt nicht, wenn man als EU-Richter sein saftiges (und fast steuerfreies) f\u00fcnfstelliges Monatsgehalt liebgewonnen hat.<\/p>\n<p>Drum merkt euch: Immer wenn &#8222;\u00fcberraschend milde&#8220; Urteile von einem EU-Gericht gef\u00e4llt werden, so passiert dies wegen ihrer Abh\u00e4ngigkeit vom Wohlwollen der Regierenden. Und jeder Qualit\u00e4tsjournalist, der genau diese Abh\u00e4ngigkeit nicht bei jedem dieser EU-Urteile mit dazuschreibt, betreibt Propaganda. Punkt.<\/p>\n<p><a href='http:\/\/www.spiegel.de\/politik\/deutschland\/ursula-von-der-leyen-wehrressort-zahlte-bis-zu-150-millionen-euro-jaehrlich-an-berater-a-1229849.html' class='azc_bbc_url'>Von der Leyen (CDU) bestellte Berater f\u00fcr \u00fcber 150 Millionen Euro j\u00e4hrlich<\/a><br \/>\n<span class='azc_bbc_italic'>&#8222;Fast zwei Jahre lang untersuchte der Rechnungshof Vertr\u00e4ge mit Beratungsunternehmen und erheben nun schwere Vorw\u00fcrfe. Demnach gibt Ministerin Von der Leyen bis zu 150 Millionen Euro j\u00e4hrlich nur f\u00fcr Berater aus. Einzelbeispiele aus dem Bericht wirken teilweise wie aus einem schlechten Drehbuch. So engagierte das Ministerium selbst externe M\u00f6belberater f\u00fcr die neue Ausstattung f\u00fcr Kasernen. Aus Sicht des Rechnungshofs sind all diese Vorgehen klar rechtswidrig, daraus machen die Pr\u00fcfer keinen Hehl. In ihren Empfehlungen fordern sie das Ministerium dringlich auf, die beschriebenen M\u00e4ngel zu beseitigen. Bisher hat von der Leyens Haus nicht auf den Bericht reagiert.&#8220;<\/span><\/p>\n<p>Soll ich es immer wieder wiederholen, dass in jedem Rechtsstaat nun Handschellen klicken w\u00fcrden wegen Veruntreuung von Steuergeld? Aber das wir stattdessen in Deutschland leben, wo der Bundesrechnungshof nur folgenlose Berichte schreiben kann, Millionensummen in dunkle Kan\u00e4le verschwinden und der W\u00e4hler doch wieder jubelnd seine gekauften schwarzrotgelbgr\u00fcnblauen Parteien ankreuzt?<\/p>\n<p><a href='https:\/\/netzpolitik.org\/2018\/korrekturbitten-verfassungsschutz-chef-maassen-hat-sich-bei-diesen-sieben-redaktionen-beschwert' class='azc_bbc_url'>An diese sieben Redaktionen verschickte Maa\u00dfen anw\u00e4ltliche Drohbriefe<\/a><br \/>\nDer Skandal, dass der sogenannte &#8222;Verfassungsschutz&#8220; auch noch die Pressefreiheit einschr\u00e4nken wollte, ist im gesamten Trubel zuletzt sogar v\u00f6llig untergegangen.<\/p>\n<p>Aber hey: Dank der knallhart nachverhandelnden SPD ist Maa\u00dfen dann ja zur Belohnung auf einen ganz neuen Posten aufger\u00fcckt, der sogar extra f\u00fcr Maa\u00dfen erst geschaffen wurde. Und die SPD fordert f\u00fcr diese Witznummer, die sogar Satiriker ablehnen weil ihnen der Lacher zu plump w\u00e4re, auch noch ernsthaft Applaus von den W\u00e4hlern.<\/p>\n<p>Aber das geh\u00f6rt bestimmt zu dieser SPD-Erneuerung, f\u00fcr die ich nur nicht schlau genug bin, um sie zu kapieren <img class='azc_bbc_image' src='https:\/\/www.rume.de\/smilies\/sarkasm.gif'  \/><\/p>\n<p><a href='https:\/\/www.kontextwochenzeitung.de\/editorial\/391\/zum-schutze-der-verfassung-5361.html' class='azc_bbc_url'>Zum Schutze der Verfassung<\/a><br \/>\n<span class='azc_bbc_italic'>&#8222;Die Geheimdienste bauen Mist, und bekommen kurz darauf zus\u00e4tzliche Befugnisse zugesprochen. Und mehr Kohle. Allein das Budget des Bundesamts f\u00fcr Verfassungsschutz (BfV) ist inzwischen zehnmal h\u00f6her als das des Bundesverfassungsgerichts, das die Verfassung auch tats\u00e4chlich sch\u00fctzt. Eine Bef\u00f6rderung von BfV-Chef Hans-Georg Maa\u00dfen zum Staatssekret\u00e4r h\u00e4tte demnach l\u00fcckenlos die Tradition fortgef\u00fchrt, schlapphutb\u00fcrgerliches Totalversagen nach Kr\u00e4ften zu belohnen.<\/p>\n<p>Der Menschenrechtsrechtsaktivist Rolf G\u00f6ssner, selbst jahrzehntelanges Opfer rechtswidriger Bespitzelung, ruft dazu auf, sich von der Personal-Debatte um Maa\u00dfen nicht von den strukturellen Problemen der Geheimdienste ablenken zu lassen, die &#8222;durch einen blo\u00dfen Wechsel an der Spitze des BfV keinesfalls gel\u00f6st werden k\u00f6nnen&#8220;.&#8220;<\/span> <a href='https:\/\/www.kontextwochenzeitung.de\/editorial\/391\/zum-schutze-der-verfassung-5361.html' class='azc_bbc_url'>Weiterlesen&#8230;<\/a><\/p>\n<p>Kurze Anmerkung: Die Unterst\u00fctzung rassistischer Morde und terroristischer Anschl\u00e4ge als &#8222;Mist bauen&#8220; zu bezeichnen, ist schon eine \u00fcble Verharmlosung &#8211; insbesondere deren Opfern gegen\u00fcber. Aber vom Fazit her ist nat\u00fcrlich klar: Die Maa\u00dfen-Debatte soll nicht davon ablenken, dass der sogenannte Verfassungsschutz nat\u00fcrlich abgeschafft geh\u00f6rt.<\/p>\n<p>Allerdings ist das mit einer Bundesregierung, die <a href='http:\/\/www.wsws.org\/de\/articles\/2018\/09\/26\/hist-s26.html' class='azc_bbc_url'>selber nach der Methode &#8222;Ausl\u00e4nder raus&#8220; regiert<\/a>, nat\u00fcrlich nicht zu machen.<\/p>\n<p><a href='https:\/\/www.jungewelt.de\/artikel\/340533.html' class='azc_bbc_url'>Kirchlicher sexueller Missbrauch: Halbherzige Aufkl\u00e4rung<\/a><br \/>\nDie beauftragten Wissenschaftler kamen zu dem Ergebnis, dass sich f\u00fcr den Zeitraum von 1946 bis 2014 anhand von Personal- und Handakten f\u00fcr 1.670 Kleriker (4,4 Prozent) Hinweise auf Vorw\u00fcrfe des sexuellen Missbrauchs an 3.677 Kindern und Jugendlichen finden lassen. Dabei handelt es sich laut den Autoren der Studie um eine \u00bbuntere Sch\u00e4tzgr\u00f6\u00dfe\u00ab, denn in vielen F\u00e4llen seien Unterlagen \u00bbvernichtet oder manipuliert worden.\u00ab<\/p>\n<p>Die Studie sei zudem \u00bbunvollst\u00e4ndig, weil die Ordensgemeinschaften wie Jesuiten oder Benediktiner nicht untersucht wurden\u00ab.<\/p>\n<p>Wie <a href='https:\/\/www.neues-deutschland.de\/artikel\/1101639.html' class='azc_bbc_url'>aus der Studie hervorgeht<\/a>, gab es mit gut 20 Prozent auch weibliche Opfer. Doch die Kirche betrachtet sexuellen Missbrauch weiterhin als \u00bbinternes Problem\u00ab. Schlimmer noch: Sie bearbeitet die Schutzbefohlenen dahingehend, indem den Minderj\u00e4hrigen auch noch Schuldgef\u00fchle eingeredet werden, f\u00fcr das, was geschehen ist.<\/p>\n<p>Ach ja: Fragt hier jemand nach Konsequenzen? <img class='azc_bbc_image' src='https:\/\/www.rume.de\/smilies\/laugh.gif'  \/> Nat\u00fcrlich keine. <a href='https:\/\/www.berliner-zeitung.de\/berlin\/berliner-opfer-berichtet-kaplan-missbrauchte-ihn&#8212;-und-ist-wieder-in-amt-und-wuerden-31349086' class='azc_bbc_url'>Die T\u00e4ter arbeiten unbehelligt weiter<\/a>. Proteste innerhalb der katholischen Szene existieren nicht. Bundesregierung und Justiz schauen tatenlos zu. Und noch nicht einmal die vom Verfassungsschutz (also mit unserem Steuergeld) finanzierten Neonazis, die immer am lautesten die Todesstrafe gegen Kindersch\u00e4nder fordern, fackeln jetzt statt Fl\u00fcchtlingsunterk\u00fcnfte mal einige Kirchen nieder.<\/p>\n<p>Man stelle sich nur einmal kurz vor, in den Moscheen w\u00fcrden tausendfach Minderj\u00e4hrige sexuell missbraucht. Was DANN in den Qualit\u00e4tsmedien, TV-Talkshows und bei den \u00fcblichen Polithetzern los w\u00e4re.<\/p>\n<p><a href='https:\/\/uebermedien.de\/31960\/der-anfang-der-aera-merkel-war-der-anfang-vom-ende-der-aera-merkel' class='azc_bbc_url'>Merkeld\u00e4mmerung in unserer Qualit\u00e4tspresse &#8211; vom Jahr 2000 bis heute<\/a><br \/>\nEin Rundgang durch unsere Qualit\u00e4tspresse, die schon im Jahr 2000 zu berichten wusste: <span class='azc_bbc_italic'>&#8222;Diese Frau hat keine Zukunft&#8220;<\/span> <img class='azc_bbc_image' src='https:\/\/www.rume.de\/smilies\/sarkasm.gif'  \/><\/p>\n<p>Und zu guter Letzt:<\/p>\n<p><a href='https:\/\/www.der-postillon.com\/2018\/09\/kauder-und-koch.html' class='azc_bbc_url'>Herber Verlust: Heckler &#038; Koch verliert engsten Vertrauten in Berlin<\/a><br \/>\nEinzig und allein der POSTILLON hat mal wieder erkannt, f\u00fcr wen die Abwahl von Volker Kauder TATS\u00c4CHLICH ein herber Verlust ist <img class='azc_bbc_image' src='https:\/\/www.rume.de\/smilies\/nasiehste.gif'  \/> Ein erstes Interview mit dem neuen CDU-Star Ralf Brinkmaus <a href='http:\/\/www.titanic-magazin.de\/news\/titanic-interview-mit-dem-neuen-cdu-star-ralf-brinkmaus-9966' class='azc_bbc_url'>gibt es \u00fcbrigens hier<\/a>.<\/p>\n","protected":false},"excerpt":{"rendered":"<p>\/ Was haben CDU\/CSU\/SPD\/FDP\/GR\u00dcNE in den letzten 20 Jahren erreicht \/ Ulrich Schneider warnt vor sozialer Dienstpflicht \/ Profit oder Gemeinwohl? \/ Kapital gibt Wunschzettel ab: BDI bestellt \u00bbReformen\u00ab \/ Steinmeier: &#8222;Es sind zu viele, die sich wohlf\u00fchlen im Schlechtreden unseres Landes&#8220; \/ EU-Gericht: Abgeordnete d\u00fcrfen ihre Reisekosten verschweigen \/ Von der Leyen (CDU) bestellte &hellip; <a href=\"https:\/\/www.rume.de\/?p=875\" class=\"more-link\"><span class=\"screen-reader-text\">\u201eAufgelesen und kommentiert 2018-09-26\u201c <\/span>weiterlesen<\/a><\/p>\n","protected":false},"author":1,"featured_media":0,"comment_status":"open","ping_status":"closed","sticky":false,"template":"","format":"standard","meta":{"footnotes":""},"categories":[2],"tags":[],"class_list":["post-875","post","type-post","status-publish","format-standard","hentry","category-aufgelesen"],"_links":{"self":[{"href":"https:\/\/www.rume.de\/index.php?rest_route=\/wp\/v2\/posts\/875","targetHints":{"allow":["GET"]}}],"collection":[{"href":"https:\/\/www.rume.de\/index.php?rest_route=\/wp\/v2\/posts"}],"about":[{"href":"https:\/\/www.rume.de\/index.php?rest_route=\/wp\/v2\/types\/post"}],"author":[{"embeddable":true,"href":"https:\/\/www.rume.de\/index.php?rest_route=\/wp\/v2\/users\/1"}],"replies":[{"embeddable":true,"href":"https:\/\/www.rume.de\/index.php?rest_route=%2Fwp%2Fv2%2Fcomments&post=875"}],"version-history":[{"count":1,"href":"https:\/\/www.rume.de\/index.php?rest_route=\/wp\/v2\/posts\/875\/revisions"}],"predecessor-version":[{"id":876,"href":"https:\/\/www.rume.de\/index.php?rest_route=\/wp\/v2\/posts\/875\/revisions\/876"}],"wp:attachment":[{"href":"https:\/\/www.rume.de\/index.php?rest_route=%2Fwp%2Fv2%2Fmedia&parent=875"}],"wp:term":[{"taxonomy":"category","embeddable":true,"href":"https:\/\/www.rume.de\/index.php?rest_route=%2Fwp%2Fv2%2Fcategories&post=875"},{"taxonomy":"post_tag","embeddable":true,"href":"https:\/\/www.rume.de\/index.php?rest_route=%2Fwp%2Fv2%2Ftags&post=875"}],"curies":[{"name":"wp","href":"https:\/\/api.w.org\/{rel}","templated":true}]}}