{"id":873,"date":"2018-09-25T21:31:36","date_gmt":"2018-09-25T19:31:36","guid":{"rendered":"https:\/\/rume.inrieda.de\/?p=873"},"modified":"2018-09-25T21:31:36","modified_gmt":"2018-09-25T19:31:36","slug":"aufgelesen-und-kommentiert-2018-09-25","status":"publish","type":"post","link":"https:\/\/www.rume.de\/?p=873","title":{"rendered":"Aufgelesen und kommentiert 2018-09-25"},"content":{"rendered":"<p>\/ Zwangsr\u00e4umung: Rentnerin begeht Selbstmord<br \/>\n\/ 38 Prozent der Erwerbst\u00e4tigen geh\u00f6ren ganz oder beinahe zum \u00bbPrekariat\u00ab<br \/>\n\/ Vier Millionen Erwerbst\u00e4tige geh\u00f6ren dauerhaft zum Prekariat<br \/>\n\/ Wenn die Krise zuschl\u00e4gt<br \/>\n\/ Wie man in 69 Jahren einen \u00dcberwachungsstaat aufbaut<br \/>\n\/ Hambacher Forst: Aktivistin zu neun Monaten Freiheitsstrafe verurteilt<br \/>\n\/ Der Rechts-Empfindungs-Staat<br \/>\n\/ Diesel-Gipfel bringt keine L\u00f6sung<br \/>\n\/ Massensterben auf deutschen Stra\u00dfen<br \/>\n\/ Vom Verfassungsschutz zum Dschihad geschickt<br \/>\n\/ Gro\u00dfe Koalition h\u00e4lt an Maa\u00dfen fest<br \/>\n\/ Landtagswahl: In Bayern werden Erst- und Zweitstimme addiert<br \/>\n\/ Kirchen beklagen Mitgliederschwund<\/p>\n<p>&#8212;<\/p>\n<p><!--more--><\/p>\n<p><a href='https:\/\/www.gegen-hartz.de\/rentnerin-stuerzte-sich-waehrend-einer-zwangsraeumung-aus-dem-fenster-8788' class='azc_bbc_url'>Zwangsr\u00e4umung: Rentnerin begeht Selbstmord<\/a><br \/>\nDie Verzweiflung war offenbar gro\u00df: Bei der polizeilichen Zwangsr\u00e4umung im Auftrag der profitinteressierten Wohnungsgesellschaft hat sich eine 70-j\u00e4hrige Frau aus Porta Westfalica aus dem Fenster ihrer Wohnung im 7. Stockwerk gest\u00fcrzt.<\/p>\n<p>Wir k\u00f6nnen ein Menschenrecht auf Wohnen haben, oder Kapitalismus &#8211; aber nich beides.<\/p>\n<p><a href='https:\/\/www.jungewelt.de\/artikel\/340449.html' class='azc_bbc_url'>38 Prozent der Erwerbst\u00e4tigen geh\u00f6ren ganz oder beinahe zum \u00bbPrekariat\u00ab<\/a><br \/>\nDas Ergebnis der sozialdemokratischen &#8222;Arbeitsmarktreformen&#8220;, f\u00fcr die die SPD sich heute noch abfeiert.<\/p>\n<p>Tats\u00e4chlich war die Agenda 2010 ein reines Projekt zugunsten der Reichsten hierzulande. Die obersten 10 Prozent hatten schon im Jahr 2000 derart viel Verm\u00f6gen an sich gerafft, dass allein deren Zinserwartungen aus der normalen Wirtschaft nicht mehr zustande kommen konnten. Auf die damals schon ruin\u00f6sen 3,5 Billionen (!) Euro, die allein die reichsten Deutschen besassen, verlangte man schliesslich 10 Prozent Zinsen. Der gesamte Bundeshaushalt allerdings war <a href='https:\/\/www.bundesfinanzministerium.de\/Content\/DE\/Monatsberichte\/2014\/09\/Inhalte\/Kapitel-5-Statistiken\/5-1-08-gesamtuebersicht-entwicklung-bundeshaushalt.html' class='azc_bbc_url'>nur 250 Milliarden Euro<\/a> gross.<\/p>\n<p>Mit anderen Worten: Selbst wenn die Bundesregierung keinen einzigen Euro f\u00fcr Rente, Strassen, Bundeswehr und Gesundheit ausgegeben h\u00e4tte, h\u00e4tte es nicht gereicht, um allein die Zinserwartungen der obersten 10 Prozent zu bedienen. Also mussten Lohnsenkungen, Rentenk\u00fcrzungen und Sozialabbau her, damit das Geld zusammenkommt. Die Agenda 2010 war geboren.<\/p>\n<p>Die Agenda 2010 hatte NICHTS mit einer &#8222;schwachen Wirtschaft&#8220; oder dem &#8222;globalen Wettbewerb&#8220; zu tun. Die Agenda 2010 war eine rein kapitalistische Verwaltungsarbeit, wenn <a href='https:\/\/de.wikipedia.org\/wiki\/Gesetz_des_tendenziellen_Falls_der_Profitrate' class='azc_bbc_url'>die Profitrate zu sinken droht<\/a>.<\/p>\n<p>Siehe auch:<\/p>\n<p><a href='http:\/\/www.spiegel.de\/wirtschaft\/soziales\/deutschland-vier-millionen-erwerbstaetige-gehoeren-dauerhaft-zum-prekariat-a-1229460.html' class='azc_bbc_url'>Vier Millionen Erwerbst\u00e4tige geh\u00f6ren dauerhaft zum Prekariat<\/a><br \/>\nErg\u00e4nzend noch dieser Bericht vom ehemaligen Nachrichtenmagazin, der darauf hinweist (Zitat): <span class='azc_bbc_italic'>&#8222;Ein Arbeitnehmer, der zu einem Niedriglohn arbeitet (Bereich &#8222;Einkommen&#8220; erf\u00fcllt), aber sonst keine Kriterien erf\u00fcllt, gilt NICHT als prek\u00e4r besch\u00e4ftigt. Eine Arbeit gilt erst dann als prek\u00e4r, wenn mindestens in zwei von drei Bereichen ein Kriterium erf\u00fcllt wird.&#8220;<\/span><\/p>\n<p>Die weiteren Kriterien sind beispielsweise fehlender K\u00fcndigungsschutz oder erh\u00f6hte gesundheitliche Belastungen. Man kann sich ausmalen, wie katastrophal die tats\u00e4chlichen Arbeitspl\u00e4tze hier in Deutschland &#8211; dank der sozialdemokratischen Reformen &#8211; inzwischen geworden sind.<\/p>\n<p>Fachkr\u00e4ftemangel? Darf man den Witz bitte nochmal h\u00f6ren?<\/p>\n<p>Aber zum Gl\u00fcck hat die SPD sich ja erneuert, distanziert sich von ihren Gesetzesverbrechen und fordert heute das Gegenteil &#8211; inklusive komplett erneuertem Spitzenpersonal wie Andrea Nahles und Olaf Scholz.<\/p>\n<img class='azc_bbc_image' src='https:\/\/www.rume.de\/smilies\/muahaha.gif'  \/>\n<p><a href='http:\/\/feynsinn.org\/?p=10576' class='azc_bbc_url'>Wenn die Krise zuschl\u00e4gt<\/a><br \/>\nEs ist ja nicht so, dass man aus der deutschen Geschichte etwas lernen k\u00f6nnte <img class='azc_bbc_image' src='https:\/\/www.rume.de\/smilies\/sarkasm.gif'  \/><\/p>\n<p><a href='https:\/\/netzpolitik.org\/2018\/wie-man-in-69-jahren-einen-ueberwachungsstaat-aufbaut' class='azc_bbc_url'>Wie man in 69 Jahren einen \u00dcberwachungsstaat aufbaut<\/a><br \/>\nEine Chronik, wie unmittelbar nach Kriegsende Scheibchen f\u00fcr Scheibchen wieder Polizeiterror und staatliche \u00dcberwachung gegen die Bev\u00f6lkerung durchgesetzt wurde.<\/p>\n<p>Ihr fragt, welcher Terror?<\/p>\n<p><a href='https:\/\/www.ksta.de\/region\/rhein-erft\/kerpen\/-zeichen-gegen-weitere-straftaten&#8211;aktivistin-aus-dem-hambacher-forst-verurteilt-31044480' class='azc_bbc_url'>Hambacher Forst: Aktivistin zu neun Monaten Freiheitsstrafe verurteilt<\/a><br \/>\nDie Aktivistin aus dem Hambacher Forst, die seit knapp vier Monaten in Untersuchungshaft sitzt, ist am Dienstag zu einer Freiheitsstrafe von neun Monaten ohne Bew\u00e4hrung verurteilt worden. Ihre brutale Straftat: Sie stand &#8222;trommelnd unterst\u00fctzend&#8220; daneben, als andere mit B\u00f6llern warfen.<\/p>\n<p>Zeitgleich bittet die Dortmunder Polizei um Verst\u00e4ndnis, warum man <a href='http:\/\/www.spiegel.de\/politik\/deutschland\/dortmund-polizei-bittet-um-verstaendnis-fuer-zurueckhaltung-bei-nazi-aufmarsch-a-1229706.html' class='azc_bbc_url'>gegen gr\u00f6hlende Rechtsextreme nicht vorgehen<\/a> will.<\/p>\n<p>Und kleiner Lacher am Rande: NRW-Innenminister Reul (CDU) behauptet einfach mal, dass f\u00fcr die Windr\u00e4der bei Aachen mehr B\u00e4ume gerodet wurden, als im Hambacher Forst. Ist zwar <a href='https:\/\/twitter.com\/Westpol\/status\/1044204623421157376' class='azc_bbc_url'>um mehr als den Faktor Zehn erstunken und erlogen<\/a>, aber hey: Seit wann interessieren sich gekaufte Marionetten der Wirtschaft (und deren W\u00e4hler) f\u00fcr Fakten?<\/p>\n<p><a href='http:\/\/www.ossietzky.net\/17-2018&#038;textfile=4487' class='azc_bbc_url'>Der Rechts-Empfindungs-Staat<\/a><br \/>\nL E S E B E F E H L !!<\/p>\n<p><a href='https:\/\/www.n-tv.de\/politik\/Diesel-Gipfel-bringt-keine-Loesung-article20637332.html' class='azc_bbc_url'>Diesel-Gipfel bringt keine L\u00f6sung<\/a><br \/>\n<span class='azc_bbc_italic'>&#8222;Die Bundesregierung und die Chefs deutscher Autokonzerne haben bei ihrem Spitzentreffen zur Diesel-Problematik und den drohenden Fahrverbote in Innenst\u00e4dten keine Einigung erzielt&#8220;<\/span>, berichtet N-TV. Und dass man mit den Abgasbetr\u00fcgern \u00fcberhaupt noch verhandelt, statt ihnen klipp und klar in den Arsch zu treten, ist schon bezeichnend.<\/p>\n<p>Die Abgasbetr\u00fcger haben schlicht Produkte in Umlauf gebracht, die nicht den gesetzlichen Bestimmungen entsprechen. Die Betrugssoftware kam hier nur nochmal obendrauf, ist aber nicht entscheidend. S\u00e4mtliche Euro-5-Stinker liegen MASSIV \u00fcber den gesetzlichen Werten. Und in jedem Rechtsstaat besteht dann das Recht auf Fahrzeugr\u00fcckgabe oder kostenfreie Nachbesserung &#8211; wie auch bei R\u00fcckrufaktionen \u00fcblich.<\/p>\n<p>Stattdessen aber leben wir in Deutschland, wo die Regierung nachtr\u00e4glich die Abgasbetr\u00fcger anbettelt? Und das drei Jahre (!) nach dem Auffliegen des Betrugs? Nein, das alles l\u00e4sst nur ein Fazit zu: Wenn selbst heute noch ein <span class='azc_bbc_italic'>&#8222;die Gespr\u00e4che werden fortgef\u00fchrt&#8220;<\/span> verk\u00fcndet wird, kann es nur noch um die Verteilung von Belohnungsp\u00f6stchen f\u00fcr die folgerichtige Abwahl gehen. Denn die Verantwortlichen, sowohl T\u00e4ter als auch Opfer, sind allesamt schon seit Jahren bekannt.<\/p>\n<p><a href='http:\/\/www.ossietzky.net\/17-2018&#038;textfile=4493' class='azc_bbc_url'>Massensterben auf deutschen Stra\u00dfen<\/a><br \/>\n<span class='azc_bbc_italic'>&#8222;Warum werden in unserem Land \u00fcber 3200 Verkehrstote im Jahr 2017 fast kommentar- und mitleidslos hingenommen &#8211; jedenfalls mitleidsloser als viel weniger Opfer einer Naturkatastrophe? Wenn es mal den Verdacht eines Terroranschlages gibt, dann schlagen viele Politiker_innen Alarm: \u00bbEs muss jetzt endlich oberste Aufgabe der Politik sein, unser Leben wieder sicherer zu machen.\u00ab Warum werden \u00fcber 3000 Verkehrstote und \u00fcber 300.000 Verungl\u00fcckte kaum zur Kenntnis genommen? Niemals w\u00fcrden wir &#8211; au\u00dfer dem Auto &#8211; eine Technologie akzeptieren, die j\u00e4hrlich weltweit zu Millionen Toten und Verletzten f\u00fchrt!&#8220;<\/span> <a href='http:\/\/www.ossietzky.net\/17-2018&#038;textfile=4493' class='azc_bbc_url'>Weiterlesen&#8230;<\/a><\/p>\n<p><a href='https:\/\/www.tagesspiegel.de\/berlin\/23112108.html' class='azc_bbc_url'>Vom Verfassungsschutz zum Dschihad geschickt<\/a><br \/>\nRund um den (politisch gewollten) Anschlag durch Anis Amri fliegt nun auf: Der sogenannte &#8222;Verfassungsschutz&#8220; schickt auf Kosten der Steuerzahler sogar Minderj\u00e4hrige zur IS-Ausbildung nach Syrien. Wann nochmal genau wollten wir diese Verbrecherbude namens &#8222;Verfassungsschutz&#8220; endlich dichtmachen und aufl\u00f6sen?<\/p>\n<p><a href='http:\/\/www.wsws.org\/de\/articles\/2018\/09\/25\/maas-s25.html' class='azc_bbc_url'>Gro\u00dfe Koalition h\u00e4lt an Maa\u00dfen fest<\/a><br \/>\n<span class='azc_bbc_italic'>&#8222;Das Festhalten an Maa\u00dfen ist ein klares Signal an die AfD und all ihre Sympathisanten und Mitglieder im Staatsapparat, dass sie die volle R\u00fcckendeckung der Gro\u00dfen Koalition haben. Normalerweise wird ein Spitzenbeamter, der sich derart offen mit Rechtsextremen identifiziert, ohne weitere Umst\u00e4nde in den einstweiligen Ruhestand versetzt. Dutzende Beamte haben dieses Schicksal erfahren, darunter auch mehrere Verfassungsschutzpr\u00e4sidenten.<\/p>\n<p>Doch die Gro\u00dfe Koalition will sich unter keinen Umst\u00e4nden von Maa\u00dfen trennen. Je mehr sie in Umfragen an Unterst\u00fctzung verliert, desto st\u00e4rker st\u00fctzt sie sich auf jene Elemente im Polizei- und Sicherheitsapparat, die Maa\u00dfen als Vorbild bewundern, wie er Sympathien f\u00fcr die autorit\u00e4ren und ausl\u00e4nderfeindlichen Standpunkte der AfD hegen und alles hassen, was sie als &#8222;links&#8220; betrachten.<\/p>\n<p>Dabei handelt es sich nicht, wie SPD-Generalsekret\u00e4r Klingbeil weismachen will, um eine pers\u00f6nliche Entscheidung von Innenminister Seehofer oder, wie viele Medien behaupten, um einen Racheakt des CSU-Vorsitzenden an Kanzlerin Merkel am Ende seiner politischen Laufbahn. Vielmehr st\u00fctzt sich die gesamte Gro\u00dfe Koalition zunehmend auf die autorit\u00e4ren Kr\u00e4fte im Staatsapparat, die Maa\u00dfen verk\u00f6rpert. Deshalb hatte die SPD-Vorsitzende Andrea Nahles urspr\u00fcnglich auch kein Problem, der Bef\u00f6rderung Maa\u00dfens zuzustimmen.&#8220;<\/span><\/p>\n<p><a href='https:\/\/www.heise.de\/tp\/features\/In-Bayern-werden-Erst-und-Zweitstimme-addiert-4172439.html' class='azc_bbc_url'>Landtagswahl: In Bayern werden Erst- und Zweitstimme addiert<\/a><br \/>\nAusserdem gibt es keine Direktmandate. Sollte jemand einen Wahlkreis gewinnen, seine Partei aber unter der F\u00fcnf-Prozent-H\u00fcrde bleiben, geht der Wahlsieg automatisch an den Zweitplatzierten.<\/p>\n<p>Und zu guter Letzt:<\/p>\n<p><a href='https:\/\/www.stuttmann-karikaturen.de\/karikaturen\/2018\/schuft_kol.jpg' class='azc_bbc_url'>Kirchen beklagen Mitgliederschwund<\/a><br \/>\n<img class='azc_bbc_image' src='https:\/\/www.rume.de\/smilies\/sarkasm.gif'  \/><\/p>\n","protected":false},"excerpt":{"rendered":"<p>\/ Zwangsr\u00e4umung: Rentnerin begeht Selbstmord \/ 38 Prozent der Erwerbst\u00e4tigen geh\u00f6ren ganz oder beinahe zum \u00bbPrekariat\u00ab \/ Vier Millionen Erwerbst\u00e4tige geh\u00f6ren dauerhaft zum Prekariat \/ Wenn die Krise zuschl\u00e4gt \/ Wie man in 69 Jahren einen \u00dcberwachungsstaat aufbaut \/ Hambacher Forst: Aktivistin zu neun Monaten Freiheitsstrafe verurteilt \/ Der Rechts-Empfindungs-Staat \/ Diesel-Gipfel bringt keine L\u00f6sung &hellip; <a href=\"https:\/\/www.rume.de\/?p=873\" class=\"more-link\"><span class=\"screen-reader-text\">\u201eAufgelesen und kommentiert 2018-09-25\u201c <\/span>weiterlesen<\/a><\/p>\n","protected":false},"author":1,"featured_media":0,"comment_status":"open","ping_status":"closed","sticky":false,"template":"","format":"standard","meta":{"footnotes":""},"categories":[2],"tags":[],"class_list":["post-873","post","type-post","status-publish","format-standard","hentry","category-aufgelesen"],"_links":{"self":[{"href":"https:\/\/www.rume.de\/index.php?rest_route=\/wp\/v2\/posts\/873","targetHints":{"allow":["GET"]}}],"collection":[{"href":"https:\/\/www.rume.de\/index.php?rest_route=\/wp\/v2\/posts"}],"about":[{"href":"https:\/\/www.rume.de\/index.php?rest_route=\/wp\/v2\/types\/post"}],"author":[{"embeddable":true,"href":"https:\/\/www.rume.de\/index.php?rest_route=\/wp\/v2\/users\/1"}],"replies":[{"embeddable":true,"href":"https:\/\/www.rume.de\/index.php?rest_route=%2Fwp%2Fv2%2Fcomments&post=873"}],"version-history":[{"count":1,"href":"https:\/\/www.rume.de\/index.php?rest_route=\/wp\/v2\/posts\/873\/revisions"}],"predecessor-version":[{"id":874,"href":"https:\/\/www.rume.de\/index.php?rest_route=\/wp\/v2\/posts\/873\/revisions\/874"}],"wp:attachment":[{"href":"https:\/\/www.rume.de\/index.php?rest_route=%2Fwp%2Fv2%2Fmedia&parent=873"}],"wp:term":[{"taxonomy":"category","embeddable":true,"href":"https:\/\/www.rume.de\/index.php?rest_route=%2Fwp%2Fv2%2Fcategories&post=873"},{"taxonomy":"post_tag","embeddable":true,"href":"https:\/\/www.rume.de\/index.php?rest_route=%2Fwp%2Fv2%2Ftags&post=873"}],"curies":[{"name":"wp","href":"https:\/\/api.w.org\/{rel}","templated":true}]}}