{"id":871,"date":"2018-09-24T23:12:04","date_gmt":"2018-09-24T21:12:04","guid":{"rendered":"https:\/\/rume.inrieda.de\/?p=871"},"modified":"2018-09-25T01:44:58","modified_gmt":"2018-09-24T23:44:58","slug":"aufgelesen-und-kommentiert-2018-09-24","status":"publish","type":"post","link":"https:\/\/www.rume.de\/?p=871","title":{"rendered":"Aufgelesen und kommentiert 2018-09-24"},"content":{"rendered":"<p>\/ Niedriglohnsektor: Mehr als Hartz IV, aber zu wenig zum Leben<br \/>\n\/ Bundesregierung unterl\u00e4uft zahlreiche Prinzipien des UN-Sozialpakts<br \/>\n\/ Bundesregierung blockiert UN-Abkommen f\u00fcr menschenrechtliche Regulierung der Wirtschaft<br \/>\n\/ DIE LINKE deckt auf: Zahl der Krankschreibungen stark gestiegen<br \/>\n\/ Rendite mit Miete<br \/>\n\/ Gesichtserkennung: Aktivisten manipulieren biometrisches Passbild<br \/>\n\/ Das ist Netzpolitik-Konferenz: Vortrag von Ulrich Kerner<br \/>\n\/ Maa\u00dfen wird Fr\u00fchst\u00fccksdirektor unter Seehofer<br \/>\n\/ Fast 200 Kinder und Jugendliche wurden 2017 Opfer rechter Gewalt<br \/>\n\/ Amri-Ausschuss: &#8222;Im Zweifel f\u00fcr den Ausschluss der \u00d6ffentlichkeit&#8220;<br \/>\n\/ Seenotrettung: Gebt der Aquarius die Deutsche Flagge<br \/>\n\/ Wie die EU Fl\u00fcchtlingshelfer kriminalisiert und Fl\u00fcchtlinge bek\u00e4mpft<br \/>\n\/ Wir Versprengten in der Kr\u00e4nkungsgesellschaft<br \/>\n\/ Er steckt hinter allem<br \/>\n\/ AfD benennt Parteistiftung um<\/p>\n<p>&#8212;<\/p>\n<p><!--more--><\/p>\n<p><a href='https:\/\/www.bz-berlin.de\/berlin\/mehr-als-hartz-iv-aber-zu-wenig-zum-leben' class='azc_bbc_url'>Niedriglohnsektor: Mehr als Hartz IV, aber zu wenig zum Leben<\/a><br \/>\n<span class='azc_bbc_italic'>&#8222;Jeder achte Erwerbst\u00e4tige &#8211; und damit gut vier Millionen Menschen in Deutschland &#8211; leben dauerhaft in prek\u00e4ren Umst\u00e4nden. Hei\u00dft: Sie strampeln sich in wechselnden, schlecht bezahlten Jobs ab, haben zwar mehr als die rund sechs Millionen Hartz-IV-Bezieher, aber zum Leben trotzdem zu wenig. Alarmierende Zahlen, die auch das Statistische Bundesamt best\u00e4tigt: Mehr als jeder f\u00fcnfte (21,4 Prozent) der Besch\u00e4ftigten arbeitete demnach 2014 im Niedriglohn-Bereich, verdiente also weniger als 10 Euro die Stunde, weniger als zwei Drittel des mittleren Stundenlohns&#8220;<\/span>, berichtet die BZ.<\/p>\n<p>Und genau das ist der Grund, weswegen ich immer und immer wieder auf den (politisch gewollten) kleingerechneten Regelsatz hinweise.<\/p>\n<p>Denn w\u00e4re der sogenannte Regelsatz auf einem menschenw\u00fcrdigen Niveau, dann h\u00e4tten schlagartig auch alle Erwerbst\u00e4tigen einen Anspruch auf h\u00f6here L\u00f6hne. Und sollten diese nicht aus ihrem Arbeitsentgelt zustande kommen, h\u00e4tten sie immer noch Rechtsanspruch auf &#8222;aufstockende&#8220; Leistungen, bis das Hartz4-Niveau \u00fcbersprungen ist.<\/p>\n<p>Stattdessen aber haut sich der P\u00f6bel gegenseitig den Sch\u00e4del ein, g\u00f6nnt den Erwerbslosen noch nicht einmal den menschenverachtenden Regelsatz (&#8222;f\u00fcr die muss ich mitarbeiten&#8220;) und fordert gegen\u00fcber gefl\u00fcchteten Menschen sogar NOCH menschenverachtendere Schikanen. Und begreifen, dass er mit seinem Kn\u00fcppeln gegen die Schw\u00e4chsten unserer Gesellschaft sich gleich selber mit herunterkn\u00fcppelt, das schafft dieser lautstarke P\u00f6bel nicht.<\/p>\n<p>Es muss Spass machen, SOLCH eine Bev\u00f6lkerung zu regieren <img class='azc_bbc_image' src='https:\/\/www.rume.de\/smilies\/nasiehste.gif'  \/><\/p>\n<p><a href='https:\/\/www.jungewelt.de\/artikel\/340386.html' class='azc_bbc_url'>Bundesregierung unterl\u00e4uft zahlreiche Prinzipien des UN-Sozialpakts<\/a><br \/>\nGestern hatte ich \u00fcber den Kampf f\u00fcr einen menschenw\u00fcrdigen Regelsatz vor den Vereinten Nationen berichtet. Nat\u00fcrlich geht es dabei noch um weit mehr: <span class='azc_bbc_italic'>&#8222;Im Krankheitsfall zum Arzt gehen zu k\u00f6nnen, ein Dach \u00fcber dem Kopf zu haben, am kulturellen Leben teilzuhaben &#8211; auch in Deutschland sind diese Dinge nicht f\u00fcr alle Menschen selbstverst\u00e4ndlich. Dabei hat Deutschland bereits 1973 den \u00bbInternationalen Pakt \u00fcber wirtschaftliche, soziale und kulturelle Rechte\u00ab &#8211; kurz UN-Sozialpakt &#8211; ratifiziert und sich damit verpflichtet, diese Rechte zu sch\u00fctzen.&#8220;<\/span><\/p>\n<p>Aber hey: Was interessieren sich Union und SPD um die Vereinten Nationen, wenn sie selber kritisiert werden?<\/p>\n<p>Dazu passt auch:<\/p>\n<p><a href='http:\/\/www.taz.de\/!5534564' class='azc_bbc_url'>Bundesregierung blockiert UN-Abkommen f\u00fcr menschenrechtliche Regulierung der Wirtschaft<\/a><br \/>\nWir k\u00f6nnen eben Menschenrechte haben, oder Kapitalismus &#8211; aber nicht beides <img class='azc_bbc_image' src='https:\/\/www.rume.de\/smilies\/nasiehste.gif'  \/><\/p>\n<p><a href='https:\/\/www.tagesschau.de\/inland\/anstieg-krankschreibungen-101.html' class='azc_bbc_url'>DIE LINKE deckt auf: Zahl der Krankschreibungen stark gestiegen<\/a><br \/>\nDie stark gestiegene und politisch gewollte Arbeitshetze hinterl\u00e4sst klare Spuren: <span class='azc_bbc_italic'>&#8222;In den neun Jahren zwischen 2008 und 2016 betrage die Zunahme der Krankschreibungen mehr als 60 Prozent auf fast 560 Millionen, wie aus einer Regierungsantwort auf eine Anfrage der Linksfraktion hervorgeht. Die h\u00e4ufigste Ursache f\u00fcr Krankschreibungen waren Erkrankungen des Muskel-Skelett-Systems, die zwischen 2008 und 2016 um \u00fcber 60 Prozent stiegen. Schon an zweiter Stelle stehen psychische Erkrankungen, die gegen\u00fcber 2008 um 125 Prozent zulegten.&#8220;<\/span><\/p>\n<p>Und in solchen Zeiten will ein Bundesgesundheits(!)minister wie Jens Spahn (CDU) den Pflegenotstand mit \u00dcberstunden (!) bek\u00e4mpfen.<\/p>\n<p>L\u00e4uft <img class='azc_bbc_image' src='https:\/\/www.rume.de\/smilies\/sarkasm.gif'  \/><\/p>\n<p><a href='https:\/\/www.deutschlandfunk.de\/immobilienmarkt-rendite-mit-miete.766.de.html?dram:article_id=428693' class='azc_bbc_url'>Rendite mit Miete<\/a><br \/>\nWer braucht schon Sozialen Wohnungsbau, wenn man den auch privatisieren und an Finanzheuschrecken zur Profitmaximierung verscherbeln kann? Im Kapitalismus geht es um Wichtigeres als ein Dach \u00fcberm Kopf. Es geht um Aktienkurse, Dividenden und Profit.<\/p>\n<p><span class='azc_bbc_italic'>&#8222;Von den ausl\u00e4ndischen Investoren sind etwa der Verm\u00f6gensverwalter Blackrock oder Blackstone direkt oder indirekt engagiert. Der deutsche Immobilienmarkt gilt immer noch als unterbewertet, die Mieten in den Bestandsimmobilien sind aus Sicht der Investoren steigerungsf\u00e4hig&#8220;<\/span>, berichtet der Deutschlandfunk.<\/p>\n<p>Nur mal so am Rande angemerkt, warum bei Seehofers Wohngipfel fast nur Immobilienkonzerne und Finanzheuschrecken eingeladen waren. Und warum Union und SPD die sogenannte &#8222;Mietpreisbremse&#8220; nur als Wahlkampftheater ohne Wirkung benutzen. F\u00fcr die Politmarionetten der Finanzkonzerne sind die derzeitigen Mietpreissteigerungen n\u00e4mlich immer noch viel zu gering.<\/p>\n<p><a href='https:\/\/netzpolitik.org\/2018\/gesichtserkennung-aktivisten-manipulieren-biometrisches-passbild' class='azc_bbc_url'>Gesichtserkennung: Aktivisten manipulieren biometrisches Passbild<\/a><br \/>\n<span class='azc_bbc_italic'>&#8222;Aktionsk\u00fcnstlern vom &#8222;Peng!-Kollektiv&#8220; haben eine Software entwickelt, die biometrische Fotos von zwei Personen miteinander kombiniert. Im Ergebnis zeigt das von &#8222;Peng!&#8220; erstellte Bild sowohl eine ihrer Aktivistinnen als auch Federica Mogherini, Hohe Vertreterin der Europ\u00e4ischen Union f\u00fcr Au\u00dfen- und Sicherheitspolitik. Wie eine Gesichtserkennungssoftware auf das staatlich erfasste Foto reagieren w\u00fcrde, ist bislang unklar. Gut m\u00f6glich, dass das System meint, die \u00dcbereinstimmung zwischen der Peng-Aktivistin und ihrem Passbild sei gro\u00df genug, um sie durchzulassen&#8220;<\/span>, berichtet Netzpolitik.<\/p>\n<p>Und unter uns gesagt: W\u00e4re ich Umweltsch\u00fctzer oder Linksaktivist, w\u00fcrde ich mir wohl auch solch ein &#8222;Doppelfoto&#8220; anfertigen lassen. Da die &#8222;Sicherheitsbeh\u00f6rden&#8220; stets am h\u00e4rtesten gegen Linke statt Rechte durchkn\u00fcppelt (siehe Vergleich Chemnitz und K\u00f6then zu G20 oder Hambach), w\u00e4re eine Beimischung der Fotos von unbehelligten Mafiosis wie Sch\u00e4uble oder Juncker sicherlich hilfreich <img class='azc_bbc_image' src='https:\/\/www.rume.de\/smilies\/sarkasm.gif'  \/><\/p>\n<p><a href='https:\/\/heise.de\/-4170599' class='azc_bbc_url'>Das ist Netzpolitik-Konferenz: Vortrag von Ulrich Kerner<\/a><br \/>\nHautnah berichtet er, was ihm und anderen russischen Oppositionellen dort bl\u00fchte (Zitat): <span class='azc_bbc_italic'>&#8222;Auf Hausdurchsuchungen und Beschlagnahmungen von IT-Ger\u00e4ten sollten sich alle vorbereiten, die &#8222;in der kritischen \u00d6ffentlichkeit&#8220; t\u00e4tig sind. Es treffe nicht nur ausgewiesene Datenschutz-Aktivisten, sondern auch meinungsstarke Blogger und Journalisten m\u00fcssten damit rechnen, dass eines morgens um 6 Uhr die Staatsmacht vor der T\u00fcr stehe, bestimmte Vorw\u00fcrfe in den Raum stelle oder gar mit Untersuchungshaft drohe.&#8220;<\/span><\/p>\n<p>Joah, kennen wir ja alle aus der Tagesschau, wie schlimm die b\u00f6sen Russen sind.<\/p>\n<p>Oh, wartet mal: Hier geht es gar nicht um Russland, sondern um Deutschland. <span class='azc_bbc_italic'>&#8222;Generell meinte Kerner, dass man angesichts der Vielzahl personenbezogener Daten, die Ermittler heute dank digitaler Medien, Mobiltelefonen und sozialer Netzwerke zutage f\u00f6rdern k\u00f6nnten, durchaus auch in westlichen Demokratien von einem \u00dcberwachungsstaat sprechen k\u00f6nne. Riesige Informationsmengen lie\u00dfen sich einfach zusammenfassen und ohne gro\u00dfen personellen Aufwand auswerten. Ein gro\u00dfer Apparat, wie ihn die Stasi noch ben\u00f6tigt habe, sei nicht mehr n\u00f6tig.&#8220;<\/span><\/p>\n<p>Doch warum nur hat die Tagesschau noch nie dar\u00fcber berichtet? <img class='azc_bbc_image' src='https:\/\/www.rume.de\/smilies\/sarkasm.gif'  \/><\/p>\n<p><a href='https:\/\/www.neues-deutschland.de\/artikel\/1101388.html' class='azc_bbc_url'>Maa\u00dfen wird Fr\u00fchst\u00fccksdirektor unter Seehofer<\/a><br \/>\nWie bescheuert dieser neue &#8222;Deal&#8220; ist, zeigt sich schon daran, dass Maa\u00dfen vorher einfach nur 2.600 Euro mehr Gehalt bekommen h\u00e4tte &#8211; jetzt jedoch erfindet man eine zus\u00e4tzliche (!) Stelle, die uns seine kompletten 11.500 Euro im Monat kostet.<\/p>\n<p>Und heutmorgen jubelt mir die SPD-Nahles ins Gesicht, dass sie &#8222;erfolgreich nachverhandelt&#8220; h\u00e4tte <img class='azc_bbc_image' src='https:\/\/www.rume.de\/smilies\/clown.gif'  \/><\/p>\n<p>Fassen wir also zusammen: Jemand, der &#8222;Fake-News&#8220; zur Unterst\u00fctzung des rechtsextremen Mobs verbreitet und der AfD &#8222;wohlgesonnen&#8220; beiseite steht, bleibt weiter im h\u00f6chsten Staatsdienst &#8211; und die SPD feiert sich auch noch daf\u00fcr. Deutlicher kann man als Regierung kaum noch zeigen, dass man <a href='http:\/\/www.wsws.org\/de\/articles\/2018\/09\/24\/dort-s24.html' class='azc_bbc_url'>den rechtsbraunen Mob unterst\u00fctzt<\/a>.<\/p>\n<span class='azc_bbc_italic'>&#8222;Am Freitagabend zogen mehrere hundert Nazi-Schl\u00e4ger durch ein Wohngebiet der Arbeiterstadt Dortmund. Sie schwenkten schwarz-wei\u00df-rote Reichsflaggen und br\u00fcllten Neonazi-Parolen. Das reaktion\u00e4re Schauspiel sollte an die Fackelz\u00fcge und n\u00e4chtlichen Aufm\u00e4rsche der NSDAP erinnern. Die Polizei lie\u00df die Nazi-Schreih\u00e4lse v\u00f6llig unbehelligt und griff nicht ein.<\/p>\n<p>Zeitgleich zogen in Chemnitz erneut Rechtsradikale durch die Stadt. Dabei griffen Medienberichten zufolge Anh\u00e4nger des B\u00fcndnisses &#8222;Pro Chemnitz&#8220; das Parteib\u00fcro der Linkspartei an, in dem mehrere Landtagsabgeordnete ihre Vertretung haben. Am Samstag brannte zudem in der bayerischen Stadt Bamberg ein so genanntes &#8222;Ankerzentrum&#8220; f\u00fcr Fl\u00fcchtlinge. Es dauerte mehrere Stunden, den Gro\u00dfbrand zu l\u00f6schen und hunderte darin eingesperrte Menschen zu evakuieren.<\/p>\n<p>Doch f\u00fcr Widerstand gegen faschistische Attacken ist die Bundesregierung eindeutig die falsche Adresse. Dass heute wieder Nazi-Banden durch die Stra\u00dfen ziehen und unter den Augen der Polizei ihre Parolen skandieren, ist das Produkt der Politik der Bundesregierung. Die Gro\u00dfe Koalition, die schon bei der Bundestagswahl im vergangenen Herbst abgew\u00e4hlt worden war und zutiefst verhasst ist, hat die Parole &#8222;Ausl\u00e4nder raus!&#8220; zur Maxime ihrer Fl\u00fcchtlingspolitik erhoben. Sie hat ein menschenverachtendes Lagersystem errichtet, um Fl\u00fcchtlinge zu konzentrieren, b\u00fcrokratisch zu schikanieren und schnellstm\u00f6glich abzuschieben.<\/p>\n<p>Als Ende August rechtsextreme Schl\u00e4ger in Chemnitz eine Hetzjagd auf Menschen organisierten, erkl\u00e4rte Seehofer, bei den Demonstranten handele es sich um besorgte B\u00fcrger und f\u00fcgte hinzu, er w\u00e4re als Chemnitzer B\u00fcrger auch auf die Stra\u00dfe gegangen. Sein Ex-Verfassungsschutzpr\u00e4sident Hans-Georg Maa\u00dfen unterh\u00e4lt enge Verbindung zu rechtsradikalen Kreisen. Er ist ein Unterst\u00fctzer der AfD, die selbst einen neofaschistischen Fl\u00fcgel hat. Er f\u00fchrte mehrere Gespr\u00e4che mit AfD-Spitzenpolitikern und sorgte daf\u00fcr, dass die Partei im Verfassungsschutzbericht nicht genannt wird und stattdessen jeder als linksextremistisch stigmatisiert wird, der sich gegen die Rechtsextremisten zur Wehr setzt.<\/p>\n<p>Bis zuletzt weigerte sich Seehofer, Maa\u00dfen zu entlassen. Stattdessen erh\u00e4lt er einen einflussreichen Posten im Innenministerium.&#8220;<\/span>\n<p><a href='http:\/\/www.spiegel.de\/panorama\/justiz\/deutschland-kinder-und-jugendliche-oft-opfer-rechter-gewalt-a-1229367.html' class='azc_bbc_url'>Fast 200 Kinder und Jugendliche wurden 2017 Opfer rechter Gewalt<\/a><br \/>\nZu den Opfern rechtsextremer Gewalt z\u00e4hlten in den vergangenen Jahren viele Kinder und Jugendliche. In 2017 registrierte der Kriminalpolizeiliche Meldedienst zu politisch motivierter Kriminalit\u00e4t 34 Kinder bis zu 13 Jahren sowie 141 Jugendliche zwischen 14 und 17 Jahren als Opfer von rechten Gewaltt\u00e4tern. Bei linksextremen Gewalttaten waren 2017 dagegen nur ein Kind und elf Jugendliche Opfer; bei Taten, die einer ausl\u00e4ndischen oder einer religi\u00f6sen Ideologie zugeschrieben wurden, f\u00fcnf Kinder und neun Jugendliche.<\/p>\n<p><a href='https:\/\/www.heise.de\/tp\/features\/Amri-Ausschuss-Im-Zweifel-fuer-den-Ausschluss-der-Oeffentlichkeit-4171201.html' class='azc_bbc_url'>Amri-Ausschuss: &#8222;Im Zweifel f\u00fcr den Ausschluss der \u00d6ffentlichkeit&#8220;<\/a><br \/>\nIch w\u00fcrde auch lieber die T\u00fcr dichtmachen, wenn man weiterhin geheimhalten will, dass der Terroranschlag politisch gewollt war, um anschliessend endlich seine Polizeiterror-Gesetze aus der Schublade holen zu k\u00f6nnen.<\/p>\n<p><a href='https:\/\/www.freitag.de\/autoren\/elsa-koester\/deutsche-flagge-fuer-die-aquarius' class='azc_bbc_url'>Seenotrettung: Gebt der Aquarius die Deutsche Flagge<\/a><br \/>\nDer FREITAG kommentiert: <span class='azc_bbc_italic'>&#8222;W\u00e4hrend SPD und Union in der Diskussion um den Posten Hans-Georg Maa\u00dfens Bullshit-Bingo spielen, dreht sich die Welt weiter. Das sagt auch die SPD, die darauf hofft, endlich zu Sachthemen zur\u00fcckkehren zu k\u00f6nnen. Doch welche Sachthemen meinen die Sozialdemokraten? Das Sterben im Mittelmeer etwa? Denn w\u00e4hrend die Parteichefs sich einsperrten, um \u00fcber das Lohnniveau des ehemaligen Verfassungsschutz-Pr\u00e4sidenten zu verhandeln, wurde am Wochenende einem der letzten Schiffe der zivilen Seenotrettung das Recht entzogen, im Mittelmeer unterwegs zu sein. Panama k\u00fcndigte an, der &#8222;Aquarius 2&#8220; die Flagge zu entziehen. Sollte es den tragenden Nichtregierungsorganisationen &#8222;SOS Mediterranee&#8220; und &#8222;\u00c4rzte ohne Grenzen&#8220; samt ihrer Reederei nicht gelingen, eine andere Flagge zu erhalten, dann wandelt sich <a href='https:\/\/www.rume.de\/2018\/07\/15\/oder-soll-man-es-lassen' class='azc_bbc_url'>die zynische Frage der ZEIT<\/a> in eine d\u00fcstere Prophezeiung: dann lassen wir es mit der zivilen Seenotrettung im zentralen Mittelmeer.<\/p>\n<p>Die SPD will eigene Akzente setzen? Sie k\u00f6nnte damit anfangen, das menschenunw\u00fcrdige Schauspiel auf dem Mittelmeer zu beenden.&#8220;<\/span><\/p>\n<p>Unter uns gesagt: Ja, das k\u00f6nnte sie. Aber die SPD ist hierf\u00fcr ebenfalls der falsche Ansprechpartner, denn die deutschlandweit durchgesetzte &#8222;Ausl\u00e4nder raus&#8220;-Politik wird ja nicht allein von der SPD-Spitze massiv vorangetrieben. Dazu geh\u00f6ren auch deren Parteimitglieder, die explizit F\u00dcR diese GroKo-Regierung und F\u00dcR Andrea Nahles als Parteichefin abstimmten &#8211; und zudem den Paten der Polizeigewalt von Hamburg zum Bundesfinanzminister hochjubelten. Noch weiter Rechts konnte die heutige SPD kaum noch positioniert werden. Und die SPD setzt nun auch genau die rechte Politik durch, die sie auch angek\u00fcndigt hatte.<\/p>\n<p><a href='https:\/\/diefreiheitsliebe.de\/politik\/meinungsstark-politik\/europa-kein-ort-fuer-humanitaet-wie-fluechtlingshelfer-kriminalisiert-und-fluechtlinge-bekaempft-werden' class='azc_bbc_url'>Wie die EU Fl\u00fcchtlingshelfer kriminalisiert und Fl\u00fcchtlinge bek\u00e4mpft<\/a><br \/>\nWof\u00fcr nochmal genau hat die EU den Friedensnobelpreis bekommen?<\/p>\n<p><a href='https:\/\/www.heise.de\/tp\/features\/Wir-Versprengten-in-der-Kraenkungsgesellschaft-4170961.html' class='azc_bbc_url'>Wir Versprengten in der Kr\u00e4nkungsgesellschaft<\/a><br \/>\nTELEPOLIS zieht Bilanz (Zitat): <span class='azc_bbc_italic'>&#8222;Wie konnten wir nur so versagen? Mit Globalisierung und Digitalisierung, B\u00f6rsenkrachs, Klimawandel und Massenmigration knicken alle vier S\u00e4ulen unserer bisherigen Demokratien ein: die Legislative, die Exekutive, die Judikative und die sogenannte &#8222;vierte Gewalt&#8220;, die Medien. Unhaltbare wirtschaftliche Ungleichheit und allgegenw\u00e4rtige Unsicherheit m\u00fcnden in nationalen Chauvinismus. Die Kriegsspirale dreht sich.<\/p>\n<p>Das ist kein Zukunftsszenario. Es geschieht jetzt. Wir befinden uns mittendrin. Der Trumpismus wird nicht kommen, er ist da. Die Wohnungen werden nicht unbezahlbar werden, sie sind es. In vielen EU-Staaten droht nicht die Wahl rechtsnationaler Regierungen, sie sind bereits an der Macht. Aufwachen.<\/p>\n<p>Die Risiken ballen sich. Und alle sind von Menschenhand gemacht und eben keine Naturkatastrophen. Vielleicht ist das die wirkliche Katastrophe. Bei der schieren Menge an gleichzeitigen Krisenherden, bei den so zahlreichen Schwierigkeiten und Dilemmas in so vielen Bereichen, kann niemand vorhersagen, wann welches Problem zu einem gro\u00dfen Knall f\u00fchrt. Doch die Lage ist hochexplosiv &#8211; und es gibt kein Entrinnen. Es muss und wird knallen. So viel systemisches Gift an so vielen Schaupl\u00e4tzen ist nicht beherrschbar.&#8220;<\/span> <a href='https:\/\/www.heise.de\/tp\/features\/Wir-Versprengten-in-der-Kraenkungsgesellschaft-4170961.html' class='azc_bbc_url'>Weiterlesen&#8230;<\/a><\/p>\n<p>Tja Leute: Gestern hatte ich noch geschrieben, dass die Reichsten dort hin wollen, wo Ungarn, T\u00fcrkei und Polen bereits stehen. Und heute lesen wir (Zitat): <span class='azc_bbc_italic'>&#8222;In den 1990er-Jahren waren die oberen 20 Prozent der Einkommensbezieher im Westen noch die gr\u00f6\u00dften Gegner von nicht demokratischen Regierungen. Seither haben sich die Einstellungen auf den Kopf gestellt. In fast jeder Region neigen die Reichen jetzt eher zur Zustimmung zu Milit\u00e4rregierungen als die Armen. Statt fr\u00fcheren 19 Prozent ist seit einigen Jahren ein Drittel der US-amerikanischen Oberschicht der Meinung, dass es gut oder sehr gut w\u00e4re, einen &#8222;starken Anf\u00fchrer&#8220; zu haben, der sich nicht um &#8222;Wahlen oder das Parlament zu k\u00fcmmern braucht&#8220;. Wer Donald Trumps Erfolg also nur den gebeutelten Bewohnern des Mittleren Westens oder \u00e4lteren wei\u00dfen W\u00e4hlern zuschreibt, unterliegt einer Fehleinsch\u00e4tzung. Und auch in den EU-Staaten k\u00f6nnen 17 Prozent der jungen, wohlhabenden Europ\u00e4er einer Milit\u00e4rregierung etwas abgewinnen, drei Mal mehr als vor zwei Jahrzehnten.&#8220;<\/span><\/p>\n<p>Dazu passt auch:<\/p>\n<p><a href='http:\/\/www.spiegel.de\/kultur\/literatur\/timothy-snyder-der-weg-in-die-unfreiheit-das-warnbuch-a-1228635.html' class='azc_bbc_url'>Er steckt hinter allem<\/a><br \/>\nDer Schuldige an Brexit, Trump, Orban, Rechtsrutsch und AfD ist endlich gefunden: Putin (wer auch sonst) <img class='azc_bbc_image' src='https:\/\/www.rume.de\/smilies\/clown.gif'  \/> Schreibt jedenfalls der SPIEGEL. Und das ist ja schliesslich ein angesehenes Politmagazin. Das wird schon stimmen.<\/p>\n<img class='azc_bbc_image' src='https:\/\/www.rume.de\/smilies\/muahaha.gif'  \/>\n<p><a href='https:\/\/www.greser-lenz.de\/wp-content\/gallery\/2018\/AfD-Horst-Seehofer-Stiftung.jpg' class='azc_bbc_url'>AfD benennt Parteistiftung um<\/a><br \/>\nPasst.<\/p>\n","protected":false},"excerpt":{"rendered":"<p>\/ Niedriglohnsektor: Mehr als Hartz IV, aber zu wenig zum Leben \/ Bundesregierung unterl\u00e4uft zahlreiche Prinzipien des UN-Sozialpakts \/ Bundesregierung blockiert UN-Abkommen f\u00fcr menschenrechtliche Regulierung der Wirtschaft \/ DIE LINKE deckt auf: Zahl der Krankschreibungen stark gestiegen \/ Rendite mit Miete \/ Gesichtserkennung: Aktivisten manipulieren biometrisches Passbild \/ Das ist Netzpolitik-Konferenz: Vortrag von Ulrich Kerner &hellip; <a href=\"https:\/\/www.rume.de\/?p=871\" class=\"more-link\"><span class=\"screen-reader-text\">\u201eAufgelesen und kommentiert 2018-09-24\u201c <\/span>weiterlesen<\/a><\/p>\n","protected":false},"author":1,"featured_media":0,"comment_status":"open","ping_status":"closed","sticky":false,"template":"","format":"standard","meta":{"footnotes":""},"categories":[2],"tags":[],"class_list":["post-871","post","type-post","status-publish","format-standard","hentry","category-aufgelesen"],"_links":{"self":[{"href":"https:\/\/www.rume.de\/index.php?rest_route=\/wp\/v2\/posts\/871","targetHints":{"allow":["GET"]}}],"collection":[{"href":"https:\/\/www.rume.de\/index.php?rest_route=\/wp\/v2\/posts"}],"about":[{"href":"https:\/\/www.rume.de\/index.php?rest_route=\/wp\/v2\/types\/post"}],"author":[{"embeddable":true,"href":"https:\/\/www.rume.de\/index.php?rest_route=\/wp\/v2\/users\/1"}],"replies":[{"embeddable":true,"href":"https:\/\/www.rume.de\/index.php?rest_route=%2Fwp%2Fv2%2Fcomments&post=871"}],"version-history":[{"count":1,"href":"https:\/\/www.rume.de\/index.php?rest_route=\/wp\/v2\/posts\/871\/revisions"}],"predecessor-version":[{"id":872,"href":"https:\/\/www.rume.de\/index.php?rest_route=\/wp\/v2\/posts\/871\/revisions\/872"}],"wp:attachment":[{"href":"https:\/\/www.rume.de\/index.php?rest_route=%2Fwp%2Fv2%2Fmedia&parent=871"}],"wp:term":[{"taxonomy":"category","embeddable":true,"href":"https:\/\/www.rume.de\/index.php?rest_route=%2Fwp%2Fv2%2Fcategories&post=871"},{"taxonomy":"post_tag","embeddable":true,"href":"https:\/\/www.rume.de\/index.php?rest_route=%2Fwp%2Fv2%2Ftags&post=871"}],"curies":[{"name":"wp","href":"https:\/\/api.w.org\/{rel}","templated":true}]}}