{"id":856,"date":"2018-09-18T23:25:56","date_gmt":"2018-09-18T21:25:56","guid":{"rendered":"https:\/\/rume.inrieda.de\/?p=856"},"modified":"2018-09-18T23:25:56","modified_gmt":"2018-09-18T21:25:56","slug":"aufgelesen-und-kommentiert-2018-09-18","status":"publish","type":"post","link":"https:\/\/www.rume.de\/?p=856","title":{"rendered":"Aufgelesen und kommentiert 2018-09-18"},"content":{"rendered":"<p>\/ Berlins OB M\u00fcller (SPD) will Hartz-IV-Sanktionen f\u00fcr Kinder abschaffen<br \/>\n\/ Kohle f\u00fcr Kohle: RWE und der Interessenkonflikt der CDU-Abgeordneten<br \/>\n\/ Das war es also mit dem Hambacher Forst<br \/>\n\/ EU-Gipfel ber\u00e4t am Mittwoch \u00fcber Anti-Terror-Filter<br \/>\n\/ BKA: Polizei nutzt Staatstrojaner vor allem zur Drogenfahndung<br \/>\n\/ Trotz Gro\u00dfdemo: SPD und CDU halten am Nieders\u00e4chsischen Polizeigesetz fest<br \/>\n\/ Rassistische Beh\u00f6rdenkette<br \/>\n\/ Die &#8222;besorgten B\u00fcrger&#8220; von Chemnitz und K\u00f6then<br \/>\n\/ Der Verfassungsschutz geh\u00f6rt abgeschafft<br \/>\n\/ Im Interview: Julian Pahlke, Vorstandsmitglied von Jugend Rettet e.V.<br \/>\n\/ DIE LINKE deckt auf: Bundesregierung kontrolliert Endverbleib ihrer Waffenexporte kaum<br \/>\n\/ Fall Amri: Bundesregierung blockiert Aufkl\u00e4rung<br \/>\n\/ Verkehrsminister Scheuer macht Karriere<\/p>\n<p>&#8212;<\/p>\n<p><!--more--><\/p>\n<p><a href='https:\/\/www.bz-berlin.de\/berlin\/mueller-will-hartz-iv-sanktionen-fuer-kinder-abschaffen' class='azc_bbc_url'>Berlins OB M\u00fcller (SPD) will Hartz-IV-Sanktionen f\u00fcr Kinder abschaffen<\/a><br \/>\nWarum nur bei den Eltern\/Alleinerziehenden mit Kind abschaffen, wo es doch ohnehin nicht genug existenzsichernde Arbeitspl\u00e4tze f\u00fcr alle gibt? Gibt es nur einen einzigen stichhaltigen Grund, warum man an Sanktionen festh\u00e4lt? Zitat: <span class='azc_bbc_italic'>&#8222;Die Abschaffung jeglicher Sanktionen lehnte der Regierende B\u00fcrgermeister allerdings ab. Es gebe auch Komplettverweigerer und mit denen m\u00fcsse irgendwie umgegangen werden, sagte er.&#8220;<\/span><\/p>\n<p>Gegenvorschlag: Mindestlohn auf 13 Euro hochsetzen, damit man von seiner Arbeit leben kann &#8211; und dann denjenigen, die keine existenzsichernde Stelle finden (aber sich darum bem\u00fchen), eine gesellschaftliche Mindestteilhabe von 1.139 Euro (<a href='https:\/\/www.schuldnerberatung-diskret.de\/pfaendungstabelle' class='azc_bbc_url'>siehe Pf\u00e4ndungsfreigrenze<\/a>) auszahlen. Und wer sich dann als &#8222;Komplettverweigerer&#8220; herausstellt, der bekommt eben 20 Prozent Abzug?<\/p>\n<p>Oder ist das schon zu sozialdemokratisch?<\/p>\n<p><a href='https:\/\/www.abgeordnetenwatch.de\/blog\/2017-01-18\/kohle-fuer-kohle-interessenkonflikt-eines-abgeordneten' class='azc_bbc_url'>Kohle f\u00fcr Kohle: RWE und der Interessenkonflikt der CDU-Abgeordneten<\/a><br \/>\nNach abgeordnetenwatch.de-Recherchen geh\u00f6rt Gregor Golland mit seiner &#8222;Nebent\u00e4tigkeit&#8220; zu den NRW-Landtagsabgeordneten mit den h\u00f6chsten Nebeneink\u00fcnften. Seit 2015 kassiert der CDU-Politiker f\u00fcr seinen Teilzeitjob (!) bei einer RWE-Tochter zwischen 90.000 und 120.000 Euro. Auch heute noch. Und weil er dem Wirtschafts- und dem Umweltausschuss als stellvertretendes Mitglied angeh\u00f6rt, erh\u00e4lt er privilegierten Zugang zu Informationen, die auch seinen Arbeitgeber betreffen k\u00f6nnen. Ein eklatanter Interessenkonflikt? Fragen zu seiner Doppelrolle will uns der CDU-Politiker Gregor Golland &#8222;sicherheitshalber&#8220; nicht beantworten <img class='azc_bbc_image' src='https:\/\/www.rume.de\/smilies\/sarkasm.gif'  \/><\/p>\n<p>Gegen\u00fcber dem K\u00f6lner Stadtanzeiger hingegen sagte er nur lachend: <span class='azc_bbc_italic'>&#8222;Ich arbeite einfach mehr als der Normalverdiener. Ich mache beide Jobs gut, sonst h\u00e4tte ich sie nicht.&#8220;<\/span> Und DAS liegt voll auf CDU-Logik, wie deren Generalsekret\u00e4r ja auch schon mal sagte: <span class='azc_bbc_italic'>&#8222;Wenn Sie was Ordentliches gelernt haben, brauchen Sie keine drei Minijobs.&#8220;<\/span> Und wenn man sich kein Brot leisten kann, soll man doch Kuchen essen.<\/p>\n<p><a href='https:\/\/www.heise.de\/tp\/features\/Das-war-es-also-mit-dem-Hambacher-Forst-4167401.html' class='azc_bbc_url'>Das war es also mit dem Hambacher Forst<\/a><br \/>\nL E S E B E F E H L !!<\/p>\n<p><a href='https:\/\/fm4.orf.at\/stories\/2936501' class='azc_bbc_url'>EU-Gipfel ber\u00e4t am Mittwoch \u00fcber Anti-Terror-Filter<\/a><br \/>\n<span class='azc_bbc_italic'>&#8222;Die Copyright-Novelle ist nach der Abstimmung im EU-Parlament samt implizierter Filterpflicht f\u00fcr alle hochgeladenen Inhalte nun im sogenannten Trilog angelangt. Dieses Verfahren hinter verschlossenen T\u00fcren wird bei besonders umstrittenen Gesetzesentw\u00fcrfen eingesetzt&#8220;<\/span>, meldet das ORF.<\/p>\n<p>Denn die beste Demokratie ist immer noch die, die sich hinter verschlossenen T\u00fcren abspielt.<\/p>\n<p>Und warum man lieber die T\u00fcr verschliesst, steht auch im Bericht (Zitat): <span class='azc_bbc_italic'>&#8222;Das Factsheet der Kommission betont mehrfach, dass sie &#8222;voll und ganz mit der Definition terroristischer Straftaten in der bestehenden Richtlinie zur Terrorismusbek\u00e4mpfung im Einklang&#8220; stehe. Genau das ist aber der Hauptangriffspunkt aller Kritiker der Regelung, n\u00e4mlich die Definition von Terrorismus. Die ist n\u00e4mlich so breit gefasst, dass diese auch gegen Oppositionelle und Medien eingesetzt werden k\u00f6nnen. Ebenso ist die Schwelle zur Beurteilung, ob es sich um ein &#8222;Terrorismusdelikt&#8220; handelt, denkbar niedrig angesetzt, eine Definition von Terrorismus fehlt \u00fcberhaupt. Ermittlungen wegen Terrorismus werden vielmehr an den angenommenen Absichten eines Verd\u00e4chtigen aufgeh\u00e4ngt. Schon der blo\u00dfe Besuch auf &#8222;Terror-Websites&#8220; kann so als Straftat gewertet werden.&#8220;<\/span><\/p>\n<p>Dazu passt auch:<\/p>\n<p><a href='https:\/\/heise.de\/-4166611' class='azc_bbc_url'>BKA: Polizei nutzt Staatstrojaner vor allem zur Drogenfahndung<\/a><br \/>\nEingef\u00fchrt mit der Begleitpropaganda, dass man den Staatstrojaner unbedingt f\u00fcr den Kampf gegen Terrorismus und der Gef\u00e4hrdung von Leib und Leben ben\u00f6tigt &#8211; und wie das BKA nun betreten zugeben muss, wurde der Staatstrojaner f\u00fcr diese F\u00e4lle kein einziges Mal eingesetzt. Stattdessen aber massenhaft f\u00fcr den Kampf gegen Drogen missbraucht. Also gegen reine Alltagsdelikte. Und zudem f\u00fcr einen Kampf, der ohne die verfehlte und l\u00e4ngst gescheiterte Drogenpolitik gar nicht n\u00f6tig w\u00e4re.<\/p>\n<p>Und morgen? Staatstrojaner gegen MP3-Tauscher? Zur Kontrolle von Hartz4-Opfern? W\u00e4hlen sie auf jeden Fall auch bei der n\u00e4chsten Wahl wieder CDU\/CSU\/SPD\/FDP\/GR\u00dcNE\/LINKE\/AfD. Damit der faschistische Polizeistaat endlich Wirklichkeit wird.<\/p>\n<p><a href='https:\/\/netzpolitik.org\/2018\/trotz-grossdemo-spd-und-cdu-verteidigen-plaene-fuer-niedersaechsisches-polizeigesetz' class='azc_bbc_url'>Trotz Gro\u00dfdemo: SPD und CDU halten am Nieders\u00e4chsischen Polizeigesetz fest<\/a><br \/>\nSeit wann interessieren sich SPD und CDU auch um Demonstrationen? <img class='azc_bbc_image' src='https:\/\/www.rume.de\/smilies\/laugh.gif'  \/> F\u00fcr die sind nur die Wahlen und anschliessenden P\u00f6stchen entscheidend. Und bei den Wahlen hat der P\u00f6bel klipp und klar F\u00dcR den Polizeistaat entschieden &#8211; und genau den wird er auch bekommen. <a href='https:\/\/www.youtube.com\/watch?v=QgUA-wkNrLQ&#038;t=120s' class='azc_bbc_url'>&#8220;Man hat ja nichts zu verbergen&#8230;&#8220;<\/a> <img class='azc_bbc_image' src='https:\/\/www.rume.de\/smilies\/sarkasm.gif'  \/><\/p>\n<p>UPDATE: In Bayern sollen die Proteste gegen die Polizeigesetze <a href='https:\/\/netzpolitik.org\/2018\/wieder-breiter-protest-gegen-polizeigesetz-in-bayern-geplant' class='azc_bbc_url'>am 3. Oktober fortgesetzt werden<\/a>. Weitere Demonstrationen in Hamburg und Berlin sind geplant.<\/p>\n<p><a href='https:\/\/www.akweb.de\/ak_s\/ak641\/11.htm' class='azc_bbc_url'>Rassistische Beh\u00f6rdenkette<\/a><br \/>\nEin Bericht \u00fcber Menschen, die rassistisch beleidigt wurden, sich dagegen wehren &#8211; und anschliessend von Polizei und Justiz ebenfalls rassistisch verunglimpft werden &#8211; und zur Untermauerung sogar &#8222;Beweise&#8220; manipuliert und fingiert werden.<\/p>\n<p><a href='https:\/\/www.heise.de\/tp\/features\/Die-besorgten-Buerger-von-Chemnitz-und-Koethen-4165936.html' class='azc_bbc_url'>Die &#8222;besorgten B\u00fcrger&#8220; von Chemnitz und K\u00f6then<\/a><br \/>\nTELEPOLIS kommentiert: <span class='azc_bbc_italic'>&#8222;Mitunter hei\u00dft es: An den Demonstrationen in Chemnitz und in K\u00f6then beteiligten sich &#8222;besorgte B\u00fcrger&#8220;, die mit Rechtsradikalismus nichts gemein h\u00e4tten. Warum ziehen sich die &#8222;besorgten B\u00fcrger&#8220; aber nicht z. B. in K\u00f6then von der Demonstration nach der Rede von David K\u00f6ckert zur\u00fcck? K\u00f6ckert ist Kopf des Pegida-Ablegers &#8222;Th\u00fcgida&#8220; und Ex-NPD-Mann. Und er ruft zu Gewalt gegen Andersdenkende auf:<\/p>\n<p>&#8211; &#8222;Das einzige, was diese Schei\u00df-Piep-Kunden verstehen, ist, wenn man sie zu Hause stellt, wenn man <a href='http:\/\/www.schleckysilberstein.com\/2018\/09\/ein-hauch-von-33-und-plotzlich-stehen-sie-vor-deiner-tur' class='azc_bbc_url'>vor ihren T\u00fcren auf sie wartet<\/a>.&#8220;<br \/>\n&#8211; &#8222;Wenn wir noch einmal die Macht bekommen, dann werden diese Flitzpiepen sich im dunklen Kellerverlie\u00df wiederfinden.&#8220;<br \/>\n&#8211; &#8222;Und zwar ist es Krieg und das kann man wirklich so sagen. Ein Rassenkrieg gegen das deutsche Volk, was hier passiert, und dagegen m\u00fcssen wir uns wehren. Wollt Ihr weiterhin die Schafe bleiben, die bl\u00f6ken, oder wollt Ihr zu W\u00f6lfen werden und sie zerfetzen?&#8220; <\/p>\n<p>K\u00f6nnen diejenigen, die b\u00fcrgerliche Werte und eine b\u00fcrgerliche Verfassung ablehnen, als &#8222;besorgte B\u00fcrger&#8220; gelten?&#8220;<\/span><\/p>\n<p>Klare Antwort: NEIN! Jeder, der dort mitl\u00e4uft weiss ganz genau, mit welchen Personen er sich solidarisiert.<\/p>\n<p><a href='https:\/\/www.deutschlandfunk.de\/verfassungsschutz-der-inlandsgeheimdienst-gehoert.694.de.html?dram:article_id=428242' class='azc_bbc_url'>Der Verfassungsschutz geh\u00f6rt abgeschafft<\/a><br \/>\n<span class='azc_bbc_italic'>&#8222;Der aktuelle Fall um den Verfassungsschutzpr\u00e4sidenten Maa\u00dfen sei nicht der erste Skandal, den der Verfassungsschutz produziere, sagte der Jurist und Publizist Horst Meier im Dlf. Die Beh\u00f6rde habe in ihrer Geschichte seit 1950 mehr Probleme gemacht als gel\u00f6st. &#8222;Was die deutsche Demokratie heute ist &#8211; eine stabile Demokratie, ein Rechtsstaat &#8211; ist sie trotz Verfassungsschutz und nicht wegen des Verfassungsschutzes&#8220;, sagte Meier. Es sei daher mehr als angebracht \u00fcber diese Beh\u00f6rde an sich nachzudenken: &#8222;Ein Geheimdienst, der als Fr\u00fchwarnsystem, dann wenn es darauf ankommt versagt &#8211; ich finde ein solcher Geheimdienst ist nicht nur \u00fcberfl\u00fcssig, sondern sch\u00e4dlich.&#8220;<\/span><\/p>\n<p>Kleiner Lacher am Rande: Es gibt tats\u00e4chlich Leute hier in Deutschland, die stolz mit dem Hashtag <a href='https:\/\/netzpolitik.org\/2018\/wirsindmaassen-welche-twitter-accounts-sich-vor-den-verfassungsschutzchef-stellen' class='azc_bbc_url'>&#8220;#wirsindmaa\u00dfen&#8220;<\/a> ihre vollst\u00e4ndige geistige Umnachtung pr\u00e4sentieren. Wie lange wollen wir den Niedergang unseres Bildungssystems eigentlich noch tatenlos zusehen, wenn sich (rein \u00e4usserlich) gesunde Menschen mit <a href='https:\/\/www.youtube.com\/watch?v=Lu46_4-EZ2k' class='azc_bbc_url'>diesem<\/a> Verfassungsschutz-Pr\u00e4sidenten solidarisieren?<\/p>\n<p>UPDATE: Solidarisierten! <a href='https:\/\/www.sueddeutsche.de\/politik\/kuenftiger-staatssekretaer-fuer-maassen-erfuellt-sich-ein-karrieretraum-1.4135788' class='azc_bbc_url'>Denn Maa\u00dfen wurde nun bef\u00f6rdert!<\/a> Ja, richtig gelesen. Wer Rechtsextremisten unterst\u00fctzt, mit Steuergeld aufbaut und sie mit Waffen ausstattet, der wird in unserem RECHTSstaat selbstverst\u00e4ndlich nicht entlassen, sondern zum Staatssekret\u00e4r ins Innenministerium hochbef\u00f6rdert. Hans-Georg MaaSSen ist jetzt quasi der erste Ministeriums-Mitarbeiter der AfD. Nat\u00fcrlich inklusive Gehaltssprung von B9 mit rund 11.600 Euro monatlich hoch auf B11 mit rund 14.200 Euro monatlich (<a href='https:\/\/de.wikipedia.org\/wiki\/Besoldungsordnung_B#Besoldungsgruppe_B_9' class='azc_bbc_url'>siehe Besoldungstabellen<\/a>).<\/p>\n<p>Noch irgendjemand offene Fragen, ob Rassismus politisch gewollt ist?<\/p>\n<p><a href='https:\/\/www.akweb.de\/ak_s\/ak641\/08.htm' class='azc_bbc_url'>Im Interview: Julian Pahlke, Vorstandsmitglied von Jugend Rettet e.V.<\/a><br \/>\n<span class='azc_bbc_italic'>&#8222;Als Ende 2015 die Bilder eines gekenterten Holzbootes mit etwa 800 Toten um die Welt gingen, konnten wir nicht mehr nur zuschauen. Es passte einfach nicht zu unserem Weltbild, dass man Menschen auf der Flucht vor Not und Elend ausgerechnet an Europas Au\u00dfengrenze ertrinken l\u00e4sst.<\/p>\n<p>Doch pl\u00f6tzlich sind wir, die eigentlich nur L\u00fcckenf\u00fcller f\u00fcr eine verfehlte EU-Politik sind, die neuen Feinde. Wir sind pl\u00f6tzlich schuld am Rechtsruck, an Straftaten, die durch Menschen mit Migrationshintergrund begangen werden. Wir stehen da seit langem in einem ganz eigenartigen Fokus, der eine krasse Verschiebung der Werte zeigt &#8211; zumindest in einigen Redaktionen. Selbst Politikerinnen und Politiker beschuldigen uns, Straftaten begangen zu haben. Das ist absurd. Und es macht uns unglaublich w\u00fctend. Anstatt sich um staatliche Seenotrettung zu bem\u00fchen, kritisieren sie die, die ihre Freizeit und M\u00fche f\u00fcr die Vers\u00e4umnisse der Politik in Europa aufbringen.<\/p>\n<p>Unsere Crews wurden und werden noch heute von Psychotherapeutinnen und Psychotherapeuten betreut, die ihnen helfen, das Erlebte zu verarbeiten. Das sind teilweise traumatische Erfahrungen: Wir mussten Tote bergen, haben Menschen ertrinken sehen oder mussten etwa 1.000 Menschen zur\u00fccklassen, weil wir aufgrund des Wetters nicht mehr helfen konnten. Das nagt sehr an einem.&#8220;<\/span> <a href='https:\/\/www.akweb.de\/ak_s\/ak641\/08.htm' class='azc_bbc_url'>Weiterlesen&#8230;<\/a><\/p>\n<p><a href='https:\/\/www.linksfraktion.de\/themen\/nachrichten\/detail\/waffenexporte-bundesregierung-kontrolliert-endverbleib-kaum' class='azc_bbc_url'>DIE LINKE deckt auf: Bundesregierung kontrolliert Endverbleib ihrer Waffenexporte kaum<\/a><br \/>\nEs sind insgesamt sogar nur drei (ja, DREI!) Waffenexportgesch\u00e4fte n\u00e4her kontrolliert worden. Der Grund: Die Ausfuhrkontrolle hat gerade einmal zwei (ja, ZWEI!) Planstellen, um die Kontrollen vor Ort durchf\u00fchren zu k\u00f6nnen. Deswegen &#8222;kontrolliert&#8220; <img class='azc_bbc_image' src='https:\/\/www.rume.de\/smilies\/clown.gif'  \/> man auch nur noch \u00fcber m\u00fcndliche Zusagen, das <span class='azc_bbc_italic'>&#8222;Alles in Ordnung&#8220;<\/span> ist.<\/p>\n<p><a href='https:\/\/www.heise.de\/tp\/features\/Amri-Bundesregierung-blockiert-Aufklaerung-4166150.html' class='azc_bbc_url'>Fall Amri: Bundesregierung blockiert Aufkl\u00e4rung<\/a><br \/>\nNa sowas aber auch: Ein politisch gewollter Anschlag, in dessen Windschatten man herrliche Polizeigesetze und rassistische &#8222;Ausl\u00e4nder raus&#8220;-Politik durchbringen kann &#8211; dessen Aufkl\u00e4rung wird von ganz Oben blockiert? Also DAS ist mir ja mal v\u00f6llig unerkl\u00e4rlich <img class='azc_bbc_image' src='https:\/\/www.rume.de\/smilies\/sarkasm.gif'  \/><\/p>\n<p>Ich frag mich ja viel eher: Was denken eigentlich die Hinterbliebenen all der (politisch gewollten) Todesopfern? Nicht nur im Fall Amri, sondern auch beim NSU und all den anderen, in denen die sogenannten &#8222;Sicherheitsbeh\u00f6rden&#8220; tatkr\u00e4ftig mithalfen. Glauben die wohl noch an Demokratie und Rechtsstaat? W\u00e4hlen die immer noch CDU, weil die ja &#8222;den starken Staat&#8220; und &#8222;Sicherheit&#8220; fordern? Und wie f\u00fchlt man sich als Qualit\u00e4tsjournalist, der angesichts der Tatsachen immer noch die Worte &#8222;Panne&#8220; und &#8222;Versagen&#8220; benutzen muss?<\/p>\n<p>Und zu guter Letzt:<\/p>\n<p><a href='https:\/\/pfohlmann.de\/wp-content\/uploads\/2018\/09\/18918ScheuerVWVertreter.jpg' class='azc_bbc_url'>Verkehrsminister Scheuer macht Karriere<\/a><br \/>\n&#8230;.<\/p>\n","protected":false},"excerpt":{"rendered":"<p>\/ Berlins OB M\u00fcller (SPD) will Hartz-IV-Sanktionen f\u00fcr Kinder abschaffen \/ Kohle f\u00fcr Kohle: RWE und der Interessenkonflikt der CDU-Abgeordneten \/ Das war es also mit dem Hambacher Forst \/ EU-Gipfel ber\u00e4t am Mittwoch \u00fcber Anti-Terror-Filter \/ BKA: Polizei nutzt Staatstrojaner vor allem zur Drogenfahndung \/ Trotz Gro\u00dfdemo: SPD und CDU halten am Nieders\u00e4chsischen Polizeigesetz &hellip; <a href=\"https:\/\/www.rume.de\/?p=856\" class=\"more-link\"><span class=\"screen-reader-text\">\u201eAufgelesen und kommentiert 2018-09-18\u201c <\/span>weiterlesen<\/a><\/p>\n","protected":false},"author":1,"featured_media":0,"comment_status":"open","ping_status":"closed","sticky":false,"template":"","format":"standard","meta":{"footnotes":""},"categories":[2],"tags":[],"class_list":["post-856","post","type-post","status-publish","format-standard","hentry","category-aufgelesen"],"_links":{"self":[{"href":"https:\/\/www.rume.de\/index.php?rest_route=\/wp\/v2\/posts\/856","targetHints":{"allow":["GET"]}}],"collection":[{"href":"https:\/\/www.rume.de\/index.php?rest_route=\/wp\/v2\/posts"}],"about":[{"href":"https:\/\/www.rume.de\/index.php?rest_route=\/wp\/v2\/types\/post"}],"author":[{"embeddable":true,"href":"https:\/\/www.rume.de\/index.php?rest_route=\/wp\/v2\/users\/1"}],"replies":[{"embeddable":true,"href":"https:\/\/www.rume.de\/index.php?rest_route=%2Fwp%2Fv2%2Fcomments&post=856"}],"version-history":[{"count":1,"href":"https:\/\/www.rume.de\/index.php?rest_route=\/wp\/v2\/posts\/856\/revisions"}],"predecessor-version":[{"id":857,"href":"https:\/\/www.rume.de\/index.php?rest_route=\/wp\/v2\/posts\/856\/revisions\/857"}],"wp:attachment":[{"href":"https:\/\/www.rume.de\/index.php?rest_route=%2Fwp%2Fv2%2Fmedia&parent=856"}],"wp:term":[{"taxonomy":"category","embeddable":true,"href":"https:\/\/www.rume.de\/index.php?rest_route=%2Fwp%2Fv2%2Fcategories&post=856"},{"taxonomy":"post_tag","embeddable":true,"href":"https:\/\/www.rume.de\/index.php?rest_route=%2Fwp%2Fv2%2Ftags&post=856"}],"curies":[{"name":"wp","href":"https:\/\/api.w.org\/{rel}","templated":true}]}}