{"id":854,"date":"2018-09-17T23:27:10","date_gmt":"2018-09-17T21:27:10","guid":{"rendered":"https:\/\/rume.inrieda.de\/?p=854"},"modified":"2018-09-17T23:27:10","modified_gmt":"2018-09-17T21:27:10","slug":"aufgelesen-und-kommentiert-2018-09-17","status":"publish","type":"post","link":"https:\/\/www.rume.de\/?p=854","title":{"rendered":"Aufgelesen und kommentiert 2018-09-17"},"content":{"rendered":"<p>\/ Bettina Kenter-G\u00f6tte: &#8222;Dem\u00fctigung von Armen muss ein Gesicht bekommen&#8220;<br \/>\n\/ Bayerisches Familiengeld: Hartz-IV-Kinder gehen leer aus<br \/>\n\/ Lohndumping: The Real Deal<br \/>\n\/ Zoll: Jeder zehnte Betrieb betr\u00fcgt beim Mindestlohn<br \/>\n\/ Gibt es in meiner Gegend gro\u00dfe Probleme mit Fl\u00fcchtlingen?<br \/>\n\/ Offenkundig au\u00dfer Kontrolle<br \/>\n\/ Markus S\u00f6der (CSU) pr\u00e4sentiert Pl\u00e4ne f\u00fcr die Schulen<br \/>\n\/ Hambacher Forst: Die GR\u00dcNEN ringen um ihre Glaubw\u00fcrdigkeit<br \/>\n\/ Aachener M\u00fcnsterwald muss Windkraftanlagen weichen<br \/>\n\/ Die Toten Hosen planen Konzert zur Rettung vom Hambacher Forst<br \/>\n\/ Polizei verbreitet Hetze gegen Hambacher Waldsch\u00fctzer<br \/>\n\/ EU-Copyright-Reform: &#8222;Viele legale Inhalte werden einfach verschwinden&#8220;<br \/>\n\/ &#8222;Vater&#8220; des neuen EU-Zensurgesetzes wei\u00df nicht genau, was in seinem Gesetz steht<br \/>\n\/ Altmaier (CDU): &#8222;Waffenexporten bringen Frieden und Menschenrechte&#8220;<br \/>\n\/ Idlib: ARD-aktuell berichtet servil und kriegsbereit<br \/>\n\/ EU er\u00f6ffnet Strafverfahren gegen Ungarn<br \/>\n\/ Algerienreise von Merkel dient der Fl\u00fcchtlingsabwehr<br \/>\n\/ Zur Erinnerung: der Fall Amri ist keine Ausnahme<br \/>\n\/ Verfassungsschutz lie\u00df Hinweise \u00fcber rechtsextreme AfD-Strukturen monatelang liegen<br \/>\n\/ Zeit zu gehen &#8211; Und bitte den Hut nicht vergessen<\/p>\n<p>&#8212;<\/p>\n<p><!--more--><\/p>\n<p><a href='https:\/\/www.jungewelt.de\/artikel\/339990.html' class='azc_bbc_url'>Bettina Kenter-G\u00f6tte: &#8222;Dem\u00fctigung von Armen muss ein Gesicht bekommen&#8220;<\/a><br \/>\nL E S E B E F E H L !!<\/p>\n<p>Kurzer Auszug: <span class='azc_bbc_italic'>&#8222;Es wird immer so dargestellt, als w\u00e4re eine Sanktion ein &#8222;Kn\u00f6llchen&#8220; f\u00fcr pflichtvergessene Menschen. In Wahrheit ist es der Entzug von Essen, Heizung, Strom &#8211; w\u00fcrde man diese Strafe einem M\u00f6rder angedeihen lassen, w\u00e4re das ein klarer Versto\u00df gegen die Menschenrechte. 34.000 Vollsanktionen gab es im vergangenen Jahr, das bedeutet: keine Miete, Verlust der Krankenversicherung, gar nichts mehr. Alle leben in der Angst davor, weil es jederzeit passieren kann. Ich sollte einmal einen Antrag zu sp\u00e4t abgegeben haben, was nicht stimmte. Beim zweiten Mal haben sie mir eine Sanktionsandrohung geschickt, weil ich einen Antrag angeblich zu fr\u00fch abgeschickt hatte, was genauso ein v\u00f6lliger Humbug war. Beides war widerrechtlich und musste zur\u00fcckgenommen werden. Aber wenn die Sanktion einmal l\u00e4uft, l\u00e4uft sie bis zum finalen Gerichtsurteil, das kann drei Jahre dauern. Und deswegen darf man nicht von Sanktionen sprechen, sondern muss sagen: Es sind mittelalterliche Leib- und Hungerstrafen. Das ist ein Unrechtssystem, eine Schreckenskammer. Man darf gar nicht fragen: Was kann man da verbessern? Sondern das Grundgesetz muss wieder f\u00fcr alle gelten. Da muss man es ansiedeln. Es ist genug Geld da. Es wird in Banken reingesteckt, \u00bbParadise Papers\u00ab, \u00bbPanama Papers\u00ab, da sitzen die Schmarotzer. VW-Betrug geht als Schummelei durch die Presse, aber wenn ein Hartz-IV-Bezieher hundert Euro schwarz verdient, weil er sonst gar nicht \u00fcberleben kann, schreien sie: Betrug!&#8220;<\/span><\/p>\n<p><a href='https:\/\/www.merkur.de\/lokales\/erding\/erding-ort28651\/familiengeld-streit-zwischen-bund-und-land-hartz-iv-kinder-gehen-leer-aus-10248023.html' class='azc_bbc_url'>Bayerisches Familiengeld: Hartz-IV-Kinder gehen leer aus<\/a><br \/>\nF\u00fcr die allermeisten Eltern mit Kleinkindern in Bayern ist der September 2018 ein Wonnemonat. Denn ab sofort gibt es das Familiengeld. Hartz-IV-Familien bekommen das Geld zwar, sollten es aber besser nicht anr\u00fchren, denn das Familiengeld ist eine Art Einkommen und daher mit Hartz IV zu verrechnen. G\u00fcnter Schmelz, der als gesetzlicher Betreuer arbeitet, warnt daher: <span class='azc_bbc_italic'>&#8222;Hartz-IV-Familien k\u00f6nnten das Familiengeld ausgeben und wenige Monate sp\u00e4ter zur vollst\u00e4ndigen oder ratenweisen R\u00fcckzahlung aufgefordert werden.&#8220;<\/span><\/p>\n<p>Alles weitere zum Thema Familiengeld hatte ich <a href='https:\/\/www.rume.de\/2018\/08\/30\/aufgelesen-und-kommentiert-2018-08-30' class='azc_bbc_url'>bereits hier kommentiert<\/a>. Dem gibt es auch heute nichts hinzuzuf\u00fcgen.<\/p>\n<p><a href='https:\/\/www.jungewelt.de\/artikel\/339980.html' class='azc_bbc_url'>Lohndumping: The Real Deal<\/a><br \/>\nMitarbeiter der Metro-Tochter verzichteten auf Druck von Verdi auf Gehalt. Nun wird die Einzelhandelskette trotzdem verkauft. Ein Vorzeigebeispiel f\u00fcr die &#8222;Erfolge&#8220; kapitalistischer Gewerkschaften mitsamt ihrer &#8222;Sozialpartnerschaft&#8220;.<\/p>\n<p><a href='https:\/\/www.rosenheim24.de\/bayern\/muenchen-zoll-prueft-mindestlohn-jeder-zehnte-fall-auffaellig-10247802.html' class='azc_bbc_url'>Zoll: Jeder zehnte Betrieb betr\u00fcgt beim Mindestlohn<\/a><br \/>\nUnd diese Kontrollen waren nur reine Stichproben und sogar vorher angek\u00fcndigt worden! Man kann sich ausmalen, wie fl\u00e4chendeckend die Menschen um ihren gesetzliche <span class='azc_bbc_strike'>Mindestlohn<\/span> Armutslohn tats\u00e4chlich betrogen werden.<\/p>\n<p><a href='https:\/\/www.linksfraktion.de\/presse\/pressemitteilungen\/detail\/ohne-kontrollen-geht-es-beim-mindestlohn-nicht' class='azc_bbc_url'>Und Nein, ihr handzahmen LINKEN<\/a>. Wenn jeder zehnte Betrieb beim Mindestlohn vors\u00e4tzlich betr\u00fcgt, braucht es NICHT mehr Kontrollen, sondern deutlich h\u00e4rtere Strafen! Eine Nachzahlung des doppelten Mindestlohns an den Ausgebeuteten plus zus\u00e4tzlicher Geldstrafe w\u00e4re hierbei angemessen, damit solcher Lohn- und Sozialversicherungsbetrug gar nicht erst als lohnenswert erachtet wird.<\/p>\n<p>Aber das fordert noch nicht einmal die selbsternannte LINKE hierzulande &#8211; was auch tief blicken l\u00e4sst.<\/p>\n<p><a href='https:\/\/politbarometer2.zdf.de\/store\/Politbarometer\/2018_09_14\/html\/16_9-1536851768692-c62e84a1.png' class='azc_bbc_url'>Gibt es in meiner Gegend gro\u00dfe Probleme mit Fl\u00fcchtlingen?<\/a><br \/>\nDie Antworten im ZDF-Politbarometer sprechen sicherlich f\u00fcr sich. \u00dcbrigens nicht zum ersten Mal, denn Altersarmut, Mietpreise und L\u00f6hne spielen in eigentlich ALLEN Umfragen eine deutlich h\u00f6here Rolle, als die Integrationsprobleme. Und das ist f\u00fcr unsere kapitalistischen Verwaltungsparteien nat\u00fcrlich ein Problem. Denn Hetze gegen Menschen, ob ohne Arbeit oder aus dem Ausland stammend, ist billig und schnell erledigt. Und dank des heruntergefahrenen Bildungsniveaus ist dieses Teile-und-Herrsche-Prinzip heute auch noch genauso erfolgreich, wie damals im Mittelalter.<\/p>\n<p><a href='http:\/\/www.spiegel.de\/panorama\/justiz\/hetzjagd-migration-und-maassen-offenkundig-ausser-kontrolle-kolumne-a-1228154.html' class='azc_bbc_url'>Offenkundig au\u00dfer Kontrolle<\/a><br \/>\nThomas Fischer <img class='azc_bbc_image' src='https:\/\/www.rume.de\/smilies\/nasiehste.gif'  \/><\/p>\n<p><a href='https:\/\/www.abendzeitung-muenchen.de\/inhalt.plaene-fuer-die-schulen-soeder-dialekt-macht-intelligenter.7e9794c8-e05b-4a4f-bad1-1a3f149d87e8.html' class='azc_bbc_url'>Markus S\u00f6der (CSU) pr\u00e4sentiert Pl\u00e4ne f\u00fcr die Schulen<\/a><br \/>\nDas Abendblatt meldet: <span class='azc_bbc_italic'>&#8222;Mundart und Dialekte sollen im Lehrplan der achten Klassen von Realschule und Gymnasium verankert werden. Auch in Schulb\u00fcchern soll sich mehr um den Dialekt und regionale Kultur drehen, hei\u00dft es. Dabei gehe es darum, bei Lehrern und Sch\u00fclern das Bewusstsein f\u00fcr die bayerischen Mundarten und die regionale Kultur zu sch\u00e4rfen.&#8220;<\/span><\/p>\n<p>Joah, kann man machen.<\/p>\n<p>Aber kennt ihr auch die Begr\u00fcndung? Sitzt ihr stabil? <img class='azc_bbc_image' src='https:\/\/www.rume.de\/smilies\/biggrin.gif'  \/> Zitat: <span class='azc_bbc_italic'>&#8222;Ministerpr\u00e4sident Markus S\u00f6der (CSU) sagte: &#8222;Sie alle wissen, dass Dialekt intelligenter macht, das sieht man an der bayerischen Staatsregierung jeden Tag.&#8220;<\/span><\/p>\n<p>Und wenn man Dobrindt, Seehofer, S\u00f6der und Scheuer bei ihrer t\u00e4glichen Arbeit erlebt, denkt sicherlich auch jeder von euch direkt als Erstes an Intelligenz, oder? <img class='azc_bbc_image' src='https:\/\/www.rume.de\/smilies\/nasiehste.gif'  \/><\/p>\n<p><a href='https:\/\/www.nw.de\/nachrichten\/regionale_politik\/22244454_Gruene-in-Bedraengnis.html' class='azc_bbc_url'>Hambacher Forst: Die GR\u00dcNEN ringen um ihre Glaubw\u00fcrdigkeit<\/a><br \/>\nWelche Glaubw\u00fcrdigkeit?<\/p>\n<p>Soziales? Gerhard Schr\u00f6der konnte Hartz4, Leiharbeit und Riesterrente nur durchsetzen, weil die GR\u00dcNEN geschlossen zustimmten.<\/p>\n<p>Frieden? Schr\u00f6der konnte nur deswegen beim v\u00f6lkerrechtswidrigen Kosovo-Krieg mitmorden lassen, weil die GR\u00dcNEN geschlossen zustimmten.<\/p>\n<p>Tja und jetzt eben auch die Umwelt. Denn ab 2010 regierte man als NRW-Landesregierung zuerst zugunsten von RWE und stimmte der Niederschlagung des Hambacher Waldes zu &#8211; und heute, wo Schwarz-Gelb die Landesregierung stellt, agitieren die GR\u00dcNEN nun gegen ihre eigene Entscheidung <img class='azc_bbc_image' src='https:\/\/www.rume.de\/smilies\/sarkasm.gif'  \/> Gegen\u00fcber den GR\u00dcNEN ist ja sogar die SPD glaubw\u00fcrdiger, die immerhin bekr\u00e4ftigt, auch heute noch F\u00dcR die Abschlachtung des Waldes zugunsten kurzfristiger RWE-Profite abzustimmen.<\/p>\n<p>An den GR\u00dcNEN erkennt man ganz hervorragend, dass es keinen &#8222;gr\u00fcnen Kapitalismus&#8220; geben kann. Wir k\u00f6nnen eine lebenswerte Natur haben, oder Kapitalismus &#8211; aber nicht beides.<\/p>\n<p><a href='https:\/\/www1.wdr.de\/nachrichten\/landespolitik\/westpol-wald-oder-windkraft-100.html' class='azc_bbc_url'>Aachener M\u00fcnsterwald muss Windkraftanlagen weichen<\/a><br \/>\nUnd das Belustigende an dieser Meldung ist: Wenn es kein dickes Schmiergeld von Grosskonzernen gibt, sondern ganz im Gegenteil eine dezentrale Stromkonkurrenz gest\u00e4rkt werden k\u00f6nnte, dann sind auch ganz pl\u00f6tzlich CDU und FDP f\u00fcr den Waldschutz <img class='azc_bbc_image' src='https:\/\/www.rume.de\/smilies\/sarkasm.gif'  \/> Der WDR dazu nur s\u00fcffisant: <span class='azc_bbc_italic'>&#8222;W\u00e4hrend Schwarz-Gelb im Hambacher Forst die Rodungen durch RWE unterst\u00fctzt, sind ihr an anderer Stelle pl\u00f6tzlich die B\u00e4ume wichtig. Landschaft und besonders &#8222;qualit\u00e4tvoller Wald&#8220; m\u00fcssten mehr gesch\u00fctzt werden, sagt Wirtschaftsminister Andreas Pinkwart (FDP) im Westpol-Interview: &#8222;Wir wollen, dass die Belange von Umwelt und Mensch viel st\u00e4rker Ber\u00fccksichtigung finden.&#8220;<\/p>\n<p>Wald ist offenbar nicht gleich Wald.&#8220;<\/span><\/p>\n<p>Und nur nochmal zum Abgleich: Das Gerichtsurteil, ob der Hambacher Forst wirklich gef\u00e4llt werden darf, ist noch gar nicht gesprochen. Trotzdem werden bereits Fakten geschaffen. Und das, obwohl RWE auch ohne Waldvernichtung noch <a href='https:\/\/www.dw.com\/de\/t%C3%A4uscht-rwe-%C3%B6ffentlichkeit-und-kohlekommission\/a-45305739' class='azc_bbc_url'>gen\u00fcgend Braunkohle f\u00fcr mindestens drei Jahre gebunkert<\/a> hat.<\/p>\n<p><a href='https:\/\/www.eine-zeitung.net\/2018\/09\/17\/muessen-dafuer-nur-ein-paar-baeume-faellen-tote-hosen-planen-konzert-zur-rettung-vom-hambacher-forst' class='azc_bbc_url'>Die Toten Hosen planen Konzert zur Rettung vom Hambacher Forst<\/a><br \/>\n<img class='azc_bbc_image' src='https:\/\/www.rume.de\/smilies\/sarkasm.gif'  \/><\/p>\n<p><a href='https:\/\/bildblog.de\/102062\/vermeintliche-falle-im-hambacher-forst-twittern-julian-reichelt-style' class='azc_bbc_url'>Polizei verbreitet Hetze gegen Hambacher Waldsch\u00fctzer<\/a><br \/>\nWenn die Polizei nicht gerade damit ausgelastet ist, <a href='https:\/\/www.djv.de\/startseite\/profil\/der-djv\/pressebereich-download\/pressemitteilungen\/detail\/article\/polizei-behindert-journalisten.html' class='azc_bbc_url'>Journalisten einzukesseln, damit sie nicht \u00fcber die Polizeigewalt im Forst berichten k\u00f6nnen<\/a>, dann erfindet man angebliche Todesfallen, die von den Waldsch\u00fctzern ausgelegt wurden &#8211; was tats\u00e4chlich aber nur ein am Boden (!) angebrachtes Gegengewicht f\u00fcr ein Kletterseil ist.<\/p>\n<p>Unn\u00f6tig zu erw\u00e4hnen, dass die rechtsbraune Kapitalistenjournaille von BILD \u00fcber WELT bis hin zu unseren \u00d6ffentlich-Rechten nat\u00fcrlich ungepr\u00fcft auf diese polizeilichen Fake-News aufspringen und mithetzen.<\/p>\n<p><a href='https:\/\/www.heise.de\/newsticker\/meldung\/EU-Copyright-Reform-Viele-legale-Inhalte-werden-einfach-verschwinden-4163531.html' class='azc_bbc_url'>EU-Copyright-Reform: &#8222;Viele legale Inhalte werden einfach verschwinden&#8220;<\/a><br \/>\nUnd genau das war ja auch <a href='https:\/\/www.martinsonneborn.de\/wp-content\/uploads\/2018\/09\/copyrightvote.jpg' class='azc_bbc_url'>das Ziel von CDU, SPD, FDP und GR\u00dcNE<\/a>, die dieser Zensurmaschine zugestimmt haben.<\/p>\n<p>Wir werden uns wieder an die YouTube-Anzeige <span class='azc_bbc_italic'>&#8222;Dieses Video ist in ihrem Land nicht verf\u00fcgbar &#8211; das tut uns leid&#8220;<\/span> gew\u00f6hnen m\u00fcssen. Denn kennt ihr z.B. <a href='https:\/\/www.tz.de\/sport\/1860-muenchen\/1860-video-hit-juan-joya-borja-risitas-typ-sagt-wirklich-4803439.html' class='azc_bbc_url'>den lachenden Spanier<\/a>, dem stets andere Texte in den Mund gelegt werden? Zuk\u00fcnftig illegal, weil eine Verletzung des Urheberrechts. Wie auch jede andere TV-Aufnahme, die ins Netz gestellt wird. Oder Selfie-Fotos und Videos auf Sportveranstaltungen oder Konzerten.<\/p>\n<p>Wie das mit den Zeitungszitaten weitergeht, muss man abwarten. Schliesslich zitiere ich hier auch stets etwas gr\u00f6ssere Abschnitte, um diese entsprechend herausheben und\/oder kritisieren zu k\u00f6nnen. Wenn nun nahezu JEDES Zitat verboten wird, sind solche Blogs wie das meine wohl nicht erw\u00fcnscht. Der P\u00f6bel soll stattdessen konsumieren, was die Massenmedien bereits vorgefiltert haben &#8211; Ende der Durchsage.<\/p>\n<p>UPDATE: Siehe auch Heise-Online mit <a href='https:\/\/www.heise.de\/newsticker\/meldung\/Urheberrechtsreform-Was-hat-das-EU-Parlament-tatsaechlich-beschlossen-4165818.html?seite=all' class='azc_bbc_url'>diesem ausf\u00fchrlichen Kommentar<\/a>, der darauf hinweist, dass auch die Google-Bildersuche damit abgeschossen wird. Denn Google m\u00fcsste f\u00fcr jedes angezeigte Bild vorab die entsprechenden Lizenzrechte einholen. Nur um mal andeuten zu k\u00f6nnen, welcher Wahnsinn da von CDU\/CSU\/SPD\/FDP\/GR\u00dcNE beschlossen wurde.<\/p>\n<p>Dazu passt auch:<\/p>\n<p><a href='https:\/\/netzpolitik.org\/2018\/urheberrecht-axel-voss-weiss-nicht-genau-was-in-seinem-gesetz-steht' class='azc_bbc_url'>&#8220;Vater&#8220; des neuen EU-Zensurgesetzes wei\u00df nicht genau, was in seinem Gesetz steht<\/a><br \/>\nAxel Voss von der CDU &#8211; ein Name, der noch f\u00fcr viel Schrecken und Elend sorgen wird.<\/p>\n<p><a href='https:\/\/www.facebook.com\/jungundnaiv\/videos\/921264918056765' class='azc_bbc_url'>Bundeswirtschaftsminister Altmaier (CDU): &#8222;Waffenexporten bringen Frieden und Menschenrechte&#8220;<\/a><br \/>\n<span class='azc_bbc_italic'>&#8222;Warum liefert Deutschland Waffen an Diktaturen und Kriegstreiber, wie zB Saudi-Arabien? Der Bundeswirtschaftsminister erkl\u00e4rt es euch: &#8222;Wir wollen mit unserer Au\u00dfenpolitik und die Waffenexportpolitik ist da ein wichtiges Element, wir wollen damit Frieden, Stabilit\u00e4t und Menschenrechte bef\u00f6rdern&#8220;, so Peter Altmaier, der zust\u00e4ndig f\u00fcr deutsche R\u00fcstungsexporte an die Welt ist. Denn das Problem sei: &#8222;Wenn Deutschland nicht mehr liefert, w\u00fcrden die L\u00fccken von anderen L\u00e4ndern gef\u00fcllt werden&#8220;, erkl\u00e4rt Altmaier. Solange also andere L\u00e4nder mit Waffen an Diktaturen Geld verdienen, muss Deutschland das auch machen.&#8220;<\/span><\/p>\n<p>Man kennt dieses Argument &#8222;Wenn wir es nicht tun, tun es andere&#8220; nur allzu gut. Komisch nur, dass diejenigen diesen Satz eher selten sagen, wenn es z.B. um Folter geht. Oder um Steinigungen. Oder um Vergewaltigungen. Oder um Mord. <span class='azc_bbc_italic'>&#8222;Wenn wir nicht diesen Menschen umbringt, so macht es jemand anderes.&#8220;<\/span><\/p>\n<p>Wie wir sehen, ist das \u00fcberhaupt keine Begr\u00fcndung, sondern nur eine faule Ausrede. Wir k\u00f6nnen n\u00e4mlich Abr\u00fcstung und Frieden haben, oder Kapitalismus &#8211; aber nicht beides.<\/p>\n<p><a href='https:\/\/publikumskonferenz.de\/blog\/2018\/09\/16\/idlib-ard-aktuell-servil-und-kriegsbereit' class='azc_bbc_url'>Idlib: ARD-aktuell berichtet servil und kriegsbereit<\/a><br \/>\nSoll auch die Bundeswehr in Syrien Bombenangriffe fliegen? Die Wissenschaftlichen Dienste des Bundestages gutachten, ein solcher Kriegseinsatz sei V\u00f6lkerrechtsbruch und unvereinbar mit dem Grundgesetz. Trotzdem erkl\u00e4rten sich Bundeskanzlerin Merkel und ihre Verteidigungsministerin von der Leyen im Bundestag dazu bereit, falls in Idlib Chemiewaffen verwendet w\u00fcrden. Sie bewegen sich damit fernab aller Rechtsgrundlagen, fernab der Realit\u00e4t in Syrien und fernab der \u00fcberw\u00e4ltigenden Mehrheit der deutschen Bev\u00f6lkerung.<\/p>\n<p>Und was berichtet ARD-aktuell, was melden Tagesschau und Tagesthemen \u00fcber diesen unglaublichen Skandal? Die Tagesschau \u00fcbernimmt 1:1 die Agenda der Regierung und verschweigt ihren Zuschauern den V\u00f6lkerrechtsbruch.<\/p>\n<p><a href='http:\/\/www.wsws.org\/de\/articles\/2018\/09\/17\/unga-s17.html' class='azc_bbc_url'>EU er\u00f6ffnet Strafverfahren gegen Ungarn<\/a><br \/>\n<span class='azc_bbc_italic'>&#8222;Es steht au\u00dfer Frage, dass Ungarns rechte Regierung seit mittlerweile drei Legislaturperioden ein autorit\u00e4res Regime aufbaut, welches systematisch demokratische Rechte au\u00dfer Kraft setzt und auf brutalste Weise gegen Fl\u00fcchtlinge und deren Unterst\u00fctzer vorgeht. Die Kritik der Europ\u00e4ischen Union daran ist allerdings reine Heuchelei.<\/p>\n<p>In der Fl\u00fcchtlingsfrage sind die EU-Staaten und Ungarn auf einer Linie. Auf Dr\u00e4ngen der EU hat Ungarns Ministerpr\u00e4sident Victor Orban die so genannte Balkanroute, auf der Fl\u00fcchtlinge \u00fcber die Balkanstaaten versuchen nach Europa zu gelangen, systematisch abgeriegelt. Europ\u00e4ische Politiker wie der deutsche Innenminister Horst Seehofer oder \u00d6sterreichs Kanzler Sebastian Kurz lobten ihn daf\u00fcr ausdr\u00fccklich. Auch die vorangegangene Kriminalisierung von Fl\u00fcchtlingshelfern im Rahmen des &#8222;Stoppt Soros&#8220;-Pakets fand unter der Duldung der EU statt. Regierungen unter Beteiligung offen rechtsradikaler Parteien wie in \u00d6sterreich und Italien sto\u00dfen in Br\u00fcssel auf keine Kritik.<\/p>\n<p>Auch der Angriff auf demokratische Rechte und rechtsstaatliche Strukturen in Ungarn ist Teil einer Entwicklung, die in ganz Europa stattfindet. Die Verabschiedung drastischer Polizeigesetze und die Zensur des Internets in Deutschland sind hier beispielhaft.&#8220;<\/span> <a href='http:\/\/www.wsws.org\/de\/articles\/2018\/09\/17\/unga-s17.html' class='azc_bbc_url'>Weiterlesen&#8230;<\/a><\/p>\n<p>Dazu passt auch:<\/p>\n<p><a href='https:\/\/www.german-foreign-policy.com\/news\/detail\/7724' class='azc_bbc_url'>Algerienreise von Merkel dient der Fl\u00fcchtlingsabwehr<\/a><br \/>\n<span class='azc_bbc_italic'>&#8222;Der Ausbau der Fl\u00fcchtlingsabwehr steht im Mittelpunkt der heutigen Algerienreise von Bundeskanzlerin Angela Merkel. Denn die Fl\u00fcchtlingsabwehr pr\u00e4gt nicht nur die politischen, sondern auch die Wirtschaftsbeziehungen zwischen beiden L\u00e4ndern: Die deutsche Ausfuhr nach Algerien, das drittgr\u00f6\u00dfter Kunde deutscher Exportunternehmen in Afrika ist, besteht zu gr\u00f6\u00dferen Teilen aus Baus\u00e4tzen f\u00fcr Milit\u00e4rfahrzeuge, f\u00fcr Radaranlagen und weiteres Ger\u00e4t, die in Algerien montiert und bei der Abschottung der Grenze eingesetzt werden. Die Bem\u00fchungen seitens der Bundesregierung, Algerien auch noch zum &#8222;sicheren Herkunftsland&#8220; zu erkl\u00e4ren, sto\u00dfen dabei auf scharfe Kritik: Experten werfen den algerischen Beh\u00f6rden gravierende Menschenrechtsverletzungen vor. Dass Algeriens Beh\u00f6rden Fl\u00fcchtlinge in Massenabschiebungen zu Tausenden an der S\u00fcdgrenze in der W\u00fcste aussetzen &#8211; dabei kommen viele zu Tode -, ist f\u00fcr Berlin jedoch kein Hinderungsgrund. Ganz im Gegenteil.&#8220;<\/span> <a href='https:\/\/www.german-foreign-policy.com\/news\/detail\/7724' class='azc_bbc_url'>Weiterlesen&#8230;<\/a><\/p>\n<p><a href='https:\/\/blog.fdik.org\/2018-09\/s1537160506' class='azc_bbc_url'>Zur Erinnerung: der Fall Amri ist keine Ausnahme<\/a><br \/>\nNicht nur der Terroranschlag von Anis Amri war politisch gewollt, um die nun vorherrschende &#8222;Ausl\u00e4nder raus&#8220;-Politik zu legitimieren und gleichzeitig die \u00dcberwachungs- und Polizeistaat-Gesetze zu versch\u00e4rfen. Nein, dasselbe Schema findet sich inzwischen in ganz Europa. Aber lest selbst.<\/p>\n<p><a href='https:\/\/www.tagesspiegel.de\/politik\/23074060.html' class='azc_bbc_url'>Verfassungsschutz lie\u00df Hinweise \u00fcber rechtsextreme AfD-Strukturen monatelang liegen<\/a><br \/>\nNein wie \u00fcberraschend, wo doch der sogenannte Verfassungsschutz daf\u00fcr zust\u00e4ndig ist, rechtsextreme Hochburgen mit unserem Steuergeld aufzubauen &#8211; und deren Pr\u00e4sident MaaSSen der rechtsextremen AfD &#8222;wohlgesonnen&#8220; beiseite steht. Aber hey: MaaSSen musste ja auch 20 Jahre lang warten, bis <a href='http:\/\/swissfondue-interim.soup.io\/post\/663225864' class='azc_bbc_url'>der Geist seiner Doktorarbeit<\/a> mit 12,6 Prozent im Bundestag ankommen konnte.<\/p>\n<p>Und zu guter Letzt:<\/p>\n<p><a href='https:\/\/www.stuttmann-karikaturen.de\/karikaturen\/2018\/nach_ihnen_kol.jpg' class='azc_bbc_url'>Zeit zu gehen<\/a><br \/>\nUnd bitte <a href='http:\/\/www.paolo-calleri.de\/paolo-calleri\/karikaturen2018\/maassen_nimmt_seinen_hut_farbig_calleri_sn.jpg' class='azc_bbc_url'>den Hut nicht vergessen<\/a> <img class='azc_bbc_image' src='https:\/\/www.rume.de\/smilies\/nasiehste.gif'  \/><\/p>\n","protected":false},"excerpt":{"rendered":"<p>\/ Bettina Kenter-G\u00f6tte: &#8222;Dem\u00fctigung von Armen muss ein Gesicht bekommen&#8220; \/ Bayerisches Familiengeld: Hartz-IV-Kinder gehen leer aus \/ Lohndumping: The Real Deal \/ Zoll: Jeder zehnte Betrieb betr\u00fcgt beim Mindestlohn \/ Gibt es in meiner Gegend gro\u00dfe Probleme mit Fl\u00fcchtlingen? \/ Offenkundig au\u00dfer Kontrolle \/ Markus S\u00f6der (CSU) pr\u00e4sentiert Pl\u00e4ne f\u00fcr die Schulen \/ Hambacher &hellip; <a href=\"https:\/\/www.rume.de\/?p=854\" class=\"more-link\"><span class=\"screen-reader-text\">\u201eAufgelesen und kommentiert 2018-09-17\u201c <\/span>weiterlesen<\/a><\/p>\n","protected":false},"author":1,"featured_media":0,"comment_status":"open","ping_status":"closed","sticky":false,"template":"","format":"standard","meta":{"footnotes":""},"categories":[2],"tags":[],"class_list":["post-854","post","type-post","status-publish","format-standard","hentry","category-aufgelesen"],"_links":{"self":[{"href":"https:\/\/www.rume.de\/index.php?rest_route=\/wp\/v2\/posts\/854","targetHints":{"allow":["GET"]}}],"collection":[{"href":"https:\/\/www.rume.de\/index.php?rest_route=\/wp\/v2\/posts"}],"about":[{"href":"https:\/\/www.rume.de\/index.php?rest_route=\/wp\/v2\/types\/post"}],"author":[{"embeddable":true,"href":"https:\/\/www.rume.de\/index.php?rest_route=\/wp\/v2\/users\/1"}],"replies":[{"embeddable":true,"href":"https:\/\/www.rume.de\/index.php?rest_route=%2Fwp%2Fv2%2Fcomments&post=854"}],"version-history":[{"count":1,"href":"https:\/\/www.rume.de\/index.php?rest_route=\/wp\/v2\/posts\/854\/revisions"}],"predecessor-version":[{"id":855,"href":"https:\/\/www.rume.de\/index.php?rest_route=\/wp\/v2\/posts\/854\/revisions\/855"}],"wp:attachment":[{"href":"https:\/\/www.rume.de\/index.php?rest_route=%2Fwp%2Fv2%2Fmedia&parent=854"}],"wp:term":[{"taxonomy":"category","embeddable":true,"href":"https:\/\/www.rume.de\/index.php?rest_route=%2Fwp%2Fv2%2Fcategories&post=854"},{"taxonomy":"post_tag","embeddable":true,"href":"https:\/\/www.rume.de\/index.php?rest_route=%2Fwp%2Fv2%2Ftags&post=854"}],"curies":[{"name":"wp","href":"https:\/\/api.w.org\/{rel}","templated":true}]}}