{"id":850,"date":"2018-09-12T23:44:14","date_gmt":"2018-09-12T21:44:14","guid":{"rendered":"https:\/\/rume.inrieda.de\/?p=850"},"modified":"2018-09-13T00:33:27","modified_gmt":"2018-09-12T22:33:27","slug":"aufgelesen-und-kommentiert-2018-09-12","status":"publish","type":"post","link":"https:\/\/www.rume.de\/?p=850","title":{"rendered":"Aufgelesen und kommentiert 2018-09-12"},"content":{"rendered":"<p>\/ Tochter einer Hartz-IV-Empf\u00e4ngerin: &#8222;Die Gesetze zwingen mich, weiter arm zu bleiben&#8220;<br \/>\n\/ Wohngeld schafft keine Wohnungen<br \/>\n\/ OECD-Bildungsreport: Chancengleichheit gibt es in Deutschland nicht<br \/>\n\/ Berliner Schulbau: Volksinitiative fordert sofortigen Stopp aller rot-rot-gr\u00fcnen Privatisierungsaktivit\u00e4ten<br \/>\n\/ Brandenburg: Rot-Rot ernennt Braunkohle-Lobbyisten zum Wirtschaftsminister<br \/>\n\/ Opel-Demontage geht in die n\u00e4chste Runde<br \/>\n\/ Die Kriminalit\u00e4t der Eliten<br \/>\n\/ Landtags-Livestream zum nieders\u00e4chsischen Polizeigesetz am Donnerstag<br \/>\n\/ EU-Parlament nickt Upload-Filter und Leistungsschutzrecht ab<br \/>\n\/ Graue GR\u00dcNE stimmen f\u00fcr Springerpresse-Uploadfilter<br \/>\n\/ Mehrere Bundespolizisten zeigen in der \u00d6ffentlichkeit den Hitlergru\u00df<br \/>\n\/ Wer hat&#8217;s gesagt: BILD oder AfD?<br \/>\n\/ Kurzvideo: Umwelts\u00fcnder Elektroauto<br \/>\n\/ Ein Insolvenzrecht f\u00fcr Staaten spaltet Arm gegen Reich<br \/>\n\/ &#8222;Sicheres Herkunftsland&#8220;: Abschiebeflug in Afghanistan eingetroffen<br \/>\n\/ Vieltausendfache Mordank\u00fcndigung: Der Werte-Westen in Syrien<br \/>\n\/ Fast drei Viertel der Deutschen gegen Bundeswehr-Einsatz in Syrien<br \/>\n\/ Chemiewaffen in Syrien<\/p>\n<p>&#8212;<\/p>\n<p><!--more--><\/p>\n<p><a href='https:\/\/www.vice.com\/de\/article\/xwk9en\/armut-als-tochter-einer-hartz-iv-empfangerin-unmoglich-nicht-arm-zu-bleiben' class='azc_bbc_url'>Tochter einer Hartz-IV-Empf\u00e4ngerin: &#8222;Die Gesetze zwingen mich, weiter arm zu bleiben&#8220;<\/a><br \/>\n<span class='azc_bbc_italic'>&#8222;Ich bin 17 Jahre alt und die Tochter einer Hartz-IV-Empf\u00e4ngerin. N\u00e4chstes Jahr mache ich in Nordrhein-Westfalen mein Abi, jetzt w\u00fcrde ich mir gerne Geld auf die Seite legen f\u00fcr die Zeit danach. F\u00fcr Reisen mit Freunden, M\u00f6bel f\u00fcr die erste Wohnung, vielleicht einfach nur einen kleinen Geldpuffer, falls mal was passiert und ich etwas mehr Geld brauche.<\/p>\n<p>Aber das Problem ist: Solange ich zu Hause lebe, darf ich kaum Geld verdienen.<\/p>\n<p>Da meine Mutter Hartz IV bezieht, bilden wir im Amtssprech eine sogenannte Bedarfsgemeinschaft. Andere w\u00fcrden es eine Familie nennen, eine Gemeinschaft, in der man sich gegenseitig unterst\u00fctzt. Das nimmt die Bundesagentur f\u00fcr Arbeit nur allzu genau. Alles, was ich, die 17-j\u00e4hrige Tochter, im Monat \u00fcber 100 Euro verdiene, wird zu 80 Prozent auf den Hartz-IV-Satz unserer Bedarfsgemeinschaft angerechnet. Das Amt zahlt dann also weniger f\u00fcr uns, weil ich einen Teil des Geldes einbringe, das uns laut Amt zusteht.&#8220;<\/span> <a href='https:\/\/www.vice.com\/de\/article\/xwk9en\/armut-als-tochter-einer-hartz-iv-empfangerin-unmoglich-nicht-arm-zu-bleiben' class='azc_bbc_url'>Weiterlesen&#8230;<\/a><\/p>\n<p>Die Hartz4-Gesetze bei ihrer t\u00e4glichen Arbeit. Eine Sozialreform, auf die die SPD heute noch stolz ist.<\/p>\n<p><a href='https:\/\/www.kontextwochenzeitung.de\/debatte\/389\/wohngeld-schafft-keine-wohnungen-5338.html' class='azc_bbc_url'>Wohngeld schafft keine Wohnungen<\/a><br \/>\nAndrej Holm hatte das ja auch bereits in einer <a href='https:\/\/alternativlos.org\/40' class='azc_bbc_url'>sehr h\u00f6renswerten &#8222;Alternativlos&#8220; Sendung<\/a> bekannt gemacht, dass ein Wohngeldzuschuss nur eine Steuergeld-Umverteilung in die Taschen der Immobilienbesitzer ist. Rolf Ga\u00dfmann, der Vorsitzende des Mieterbunds Baden-W\u00fcrttemberg, erl\u00e4utert dies im verlinkten Bericht auch nochmal in aller Deutlichkeit <img class='azc_bbc_image' src='https:\/\/www.rume.de\/smilies\/verehr.gif'  \/><\/p>\n<p><a href='https:\/\/www.jungewelt.de\/artikel\/339649.html' class='azc_bbc_url'>OECD-Bildungsreport: Chancengleichheit gibt es in Deutschland nicht<\/a><br \/>\nUnd der Weg in die kapitalistische Ausbeutung wird schon bei den Allerkleinsten vorgegeben. Aber hey: Weit \u00fcber 80 Prozent der W\u00e4hler w\u00fcrden die aktuelle Politik wiederw\u00e4hlen. So sieht es aus, wenn die Opfer dieser Bildungspolitik taktisch w\u00e4hlen <img class='azc_bbc_image' src='https:\/\/www.rume.de\/smilies\/sarkasm.gif'  \/><\/p>\n<p><a href='https:\/\/www.gemeingut.org\/schluss-mit-bau-und-planungsstopp-im-schulbau-volksinitiative-fordert-sofortiges-aussetzen-aller-privatisierungsaktivitaeten-des-senats' class='azc_bbc_url'>Berliner Schulbau: Volksinitiative fordert sofortigen Stopp aller rot-rot-gr\u00fcnen Privatisierungsaktivit\u00e4ten<\/a><br \/>\nIn Berlin versuchen SPD, LINKE und GR\u00dcNE gerade gemeinsam s\u00e4mtliche Schulneubauten zu privatisieren und unter Profitinteressen zu stellen. Aber hey: F\u00fcr Rot-Rot-Gr\u00fcn w\u00fcrden wir doch alle gerne #aufstehen <img class='azc_bbc_image' src='https:\/\/www.rume.de\/smilies\/sarkasm.gif'  \/><\/p>\n<p>Kleiner Lacher am Rande: Auf der Homepage der LINKEN im Bundestag steht: <a href='https:\/\/www.linksfraktion.de\/presse\/pressemitteilungen\/detail\/bildung-ist-aufgabe-der-oeffentlichen-daseinsvorsorge' class='azc_bbc_url'>&#8220;Bildung ist Aufgabe der \u00f6ffentlichen Daseinsvorsorge&#8220;<\/a> <img class='azc_bbc_image' src='https:\/\/www.rume.de\/smilies\/biggrin.gif'  \/> Aber so ist das eben. Im Bundestag sind sie Opposition, in der Stadt Berlin aber mit in der Regierung. Dann sind alle Spr\u00fcche vergessen und es herrscht kapitalistische Verwaltungsarbeit.<\/p>\n<p>Dazu passt auch:<\/p>\n<p><a href='https:\/\/www.heise.de\/tp\/features\/Brandenburg-will-zurueck-in-die-Vergangenheit-Braunkohlemann-als-Wirtschaftsminister-4162154.html' class='azc_bbc_url'>Brandenburg: Rot-Rot ernennt Braunkohle-Lobbyisten zum Wirtschaftsminister<\/a><br \/>\nEin Mann mit Aufsichtsratsmandat beim Kohlekonzern LEAG und zudem mit der Deutschen Bank verfilzt, in dessen Beirat er hockt. Wie wir sehen, genau der richtige Mann zum #aufstehen <img class='azc_bbc_image' src='https:\/\/www.rume.de\/smilies\/sarkasm.gif'  \/><\/p>\n<p>Soll ich nochmal auf der Homepage der LINKEN im Bundestag nachschauen, was die als Opposition zur Braunkohle schreiben? <img class='azc_bbc_image' src='https:\/\/www.rume.de\/smilies\/biggrin.gif'  \/> Hier bitte: <a href='https:\/\/www.linksfraktion.de\/parlament\/parlamentarische-initiativen\/detail\/klimaziel-2020-einhalten-20-aelteste-braunkohlekraftwerke-unverzueglich-abschalten' class='azc_bbc_url'>&#8220;Klimaziel 2020 einhalten &#8211; 20 \u00e4lteste Braunkohlekraftwerke unverz\u00fcglich abschalten&#8220;<\/a> <img class='azc_bbc_image' src='https:\/\/www.rume.de\/smilies\/sarkasm.gif'  \/><\/p>\n<p><a href='http:\/\/www.wsws.org\/de\/articles\/2018\/09\/12\/opel-s12.html' class='azc_bbc_url'>Opel-Demontage geht in die n\u00e4chste Runde<\/a><br \/>\nJetzt ist die Entwicklungszentrale in R\u00fcsselsheim f\u00e4llig. Von den noch 4.000 Besch\u00e4ftigten &#8222;d\u00fcrfen&#8220; sich bis zu 2.000 als Verleihsklaven bei einem &#8222;Dienstleister&#8220; bewerben, um dann dieselbe Arbeit weiter zu machen. Nat\u00fcrlich f\u00fcr deutlich weniger Gehalt und ohne sonstige Zulagen wie Betriebsrente oder Erfolgsbeteiligungen.<\/p>\n<p><span class='azc_bbc_italic'>&#8222;Stolz verk\u00fcndeten PSA- und Opel-Management Ende Juli, Opel habe im ersten Halbjahr 2018 einen Gewinn von \u00fcber 500 Millionen Euro erwirtschaftet, obwohl der europ\u00e4ische Marktanteil von Opel seit 2010 von 10,2 Prozent auf nur noch 5,6 Prozent schrumpfte. Grund f\u00fcr den Gewinnanstieg sei, so wurde berichtet, im Wesentlichen eine Senkung der Fixkosten um 28 Prozent in zw\u00f6lf Monaten. Dieser &#8222;Erfolg&#8220; ist voll und ganz auf den Knochen der Arbeiter und Angestellten erwirtschaftet. Er st\u00fctzt sich auf die versch\u00e4rfte Ausbeutung der Opel-Belegschaften und auf Angriffe auf die Leiharbeiter und Besch\u00e4ftigten von Zuliefer-Firmen.<\/p>\n<p>In den Opel-Werken au\u00dferhalb Deutschlands wurden rund 17.000 Arbeiter regelrecht erpresst, und ihre Arbeitspl\u00e4tze systematisch dezimiert. Mit Hilfe der jeweiligen nationalen Gewerkschaften setzten PSA und Opel\/Vauxhall in Gro\u00dfbritannien, Polen, Spanien, Ungarn und \u00d6sterreich Lohnsenkungen mit der Drohung durch, die Werke sonst zu schlie\u00dfen. Doch alle Zugest\u00e4ndnisse retten nicht die Arbeitspl\u00e4tze. Den Belegschaften droht weiterhin Arbeitsplatzverlust, wie im Opel-Werk in Wien-Aspern, wo bis Ende n\u00e4chsten Jahres 600 von 1400 Arbeitspl\u00e4tzen abgebaut werden.<\/p>\n<p>In Deutschland machen die Autoarbeiter mit der IG Metall dieselbe bittere Erfahrung: W\u00e4hrend die Konzernleitung fordert, dass die Arbeitspl\u00e4tze massiv abgebaut, die L\u00f6hne gesenkt und die Bedingungen f\u00fcr die Besch\u00e4ftigten verschlechtert werden, arbeiten die so genannten &#8222;Sozialpartner&#8220; in der IG Metall und den Betriebsr\u00e4ten eng mit dem Management zusammen und sabotieren jeden ernsthaften Widerstand. Sie spielen einen Standort gegen den anderen aus, unterdr\u00fccken Arbeiter, die sich den Angriffen widersetzen, und organisieren eigenh\u00e4ndig die Entlassungen und den Sozialabbau.&#8220;<\/span> <a href='http:\/\/www.wsws.org\/de\/articles\/2018\/09\/12\/opel-s12.html' class='azc_bbc_url'>Weiterlesen&#8230;<\/a><\/p>\n<p><a href='https:\/\/derstandard.at\/2000086215623\/Die-Kriminalitaet-der-Eliten' class='azc_bbc_url'>Die Kriminalit\u00e4t der Eliten<\/a><br \/>\nW\u00e4hrend polizeiliche Ma\u00dfnahmen auf der Stra\u00dfe ausgebaut werden, wartet man auf hartes Durchgreifen im Wirtschaftsbereich vergeblich. Ein Kommentar.<\/p>\n<p><a href='https:\/\/netzpolitik.org\/2018\/donnerstag-im-landtag-und-im-stream-aktuelle-stunde-zum-niedersaechsischen-polizeigesetz' class='azc_bbc_url'>Landtags-Livestream zum nieders\u00e4chsischen Polizeigesetz am Donnerstag<\/a><br \/>\nWer Interesse hat, kann sich solch eine &#8222;Debatte&#8220; mit bereits vorgefertigter Regierungsmeinung, die auch durch die besten Argumenten von Fachleuten und B\u00fcrgerrechtlern keinen einzigen Millimeter ver\u00e4ndert wird, mal <a href='https:\/\/www.landtag-niedersachsen.de\/videouebertragungen' class='azc_bbc_url'>live auf der Homepage des Landtags<\/a> zwischen 9:10 und 10:40 Uhr anschauen. So funktioniert eine vorbildliche Demokratie <img class='azc_bbc_image' src='https:\/\/www.rume.de\/smilies\/nasiehste.gif'  \/><\/p>\n<p>Dazu passt auch:<\/p>\n<p><a href='https:\/\/www.sueddeutsche.de\/digital\/urheberrecht-leistungsschutzrecht-eu-parlament-1.4126771' class='azc_bbc_url'>EU-Parlament nickt Upload-Filter und Leistungsschutzrecht ab<\/a><br \/>\nDie verpflichtende (!) Zensurmaschine wurde nun federf\u00fchrend von der CDU europaweit per Gesetz eingef\u00fchrt. ALLES, was vielleicht urheberrechtlich gesch\u00fctzt sein k\u00f6nnte, muss noch VOR dem Hochladen ins Netz automatisch (!) blockiert werden. Das betrifft kleine Bildchen ebenso, wie vielleicht im Hintergrund laufende Musik. Zeitgleich wird auch noch <a href='https:\/\/netzpolitik.org\/2018\/eu-kommission-will-terrorismus-mit-upload-filtern-und-automatischen-systemen-bekaempfen' class='azc_bbc_url'>ein neues Terrorgesetz durchgedr\u00fcckt<\/a>, mit dessen Hilfe jeder Text, jedes Foto und jedes Video als &#8222;Terrorpropaganda&#8220; bezeichnet werden kann, welches &#8222;zu unbequem&#8220; f\u00fcr die Herrschenden ist. Diese &#8222;zu unbequeme&#8220; Kritik soll ebenfalls per Upload-Filter schon vor dem Hochladen blockiert werden.<\/p>\n<p>Man muss nur einmal kurz zum sogenannten &#8222;Verfassungsschutz&#8220; schauen, was dort als Propaganda eingestuft wird, um sich ein Bild von der soeben eingef\u00fchrten Zensurmaschine zu machen. Ganz ernsthaft werden dort n\u00e4mlich <a href='https:\/\/www.freitag.de\/autoren\/sebastianpuschner\/in-dieser-form-verzichtbar' class='azc_bbc_url'>Proteste gegen Mietpreissteigerungen als &#8222;linksextreme Propaganda&#8220; angeprangert<\/a>. Das ist der &#8222;Terror&#8220;, der bek\u00e4mpft und zensiert werden soll.<\/p>\n<p>Und die Abstimmung war keinesfalls knapp: <a href='https:\/\/pbs.twimg.com\/media\/Dm5phn4WwAEG_cx.jpg' class='azc_bbc_url'>438 waren daf\u00fcr und nur 226 dagegen<\/a>. Die SPD ist erwartungsgem\u00e4ss fl\u00e4chendeckend umgekippt und lieferte lediglich sieben Gegenstimmen. Und auch bei den GR\u00dcNEN stimmten mehr Leute F\u00dcR als gegen die Zensur.<\/p>\n<p>Dazu passt auch:<\/p>\n<p><a href='https:\/\/www.heise.de\/tp\/news\/Graue-Gruene-stimmen-fuer-Springerpresse-Uploadfilter-4163275.html' class='azc_bbc_url'>Graue GR\u00dcNE stimmen f\u00fcr Springerpresse-Uploadfilter<\/a><br \/>\nDie APO-Opas sind im System angekommen. Fehlt eigentlich nur noch die Koalition mit der CSU nach der Bayerischen Landtagswahl im Oktober.<\/p>\n<p><a href='http:\/\/www.spiegel.de\/politik\/deutschland\/rosenheim-bundespolizisten-sollen-hitlergruss-gezeigt-haben-a-1226091.html' class='azc_bbc_url'>Mehrere Bundespolizisten zeigen in der \u00d6ffentlichkeit den Hitlergru\u00df<\/a><br \/>\nUnd Nein, diesmal nicht in Sachsen, wo das bei deren Pegizei auch gar nicht weiter auffallen w\u00fcrde, sondern im RECHTSstaat Bayern.<\/p>\n<p>Und kleiner Lacher am Rande: Der gesamte Bericht wurde nat\u00fcrlich zugekleistert mit &#8222;polizeiliche Ermittlungen eingeleitet&#8220; und &#8222;die Staatsanwaltschaft ist informiert&#8220;, um diesen Vorfall aussehen zu lassen, als w\u00e4re es ein Einzelfall, der aufs Sch\u00e4rfste bek\u00e4mpft wird <img class='azc_bbc_image' src='https:\/\/www.rume.de\/smilies\/laugh.gif'  \/> Wer aber mitbekommen hat, wie sogar eine rechtsextreme NSU-Mordserie von den &#8222;Sicherheitsbeh\u00f6rden&#8220; vertuscht wurde, der weiss ganz genau, wie &#8222;scharf&#8220; <img class='azc_bbc_image' src='https:\/\/www.rume.de\/smilies\/clown.gif'  \/> die rassistischen Spr\u00fcche <a href='http:\/\/volldraht.de\/images\/politik\/Politik_2018\/Provokateur.jpg' class='azc_bbc_url'>mit Hitlergruss unter den Kollegen<\/a> verwarnt wird.<\/p>\n<p><a href='https:\/\/bildblog.de\/101785\/wer-hats-gesagt-bild-oder-afd' class='azc_bbc_url'>Wer hat&#8217;s gesagt: BILD oder AfD?<\/a><br \/>\nEin kleines Quiz zum Mitr\u00e4tseln <img class='azc_bbc_image' src='https:\/\/www.rume.de\/smilies\/nasiehste.gif'  \/><\/p>\n<p><a href='https:\/\/www.zdf.de\/nachrichten\/heute-plus\/videos\/umweltsuender-elektroauto-100.html' class='azc_bbc_url'>Kurzvideo: Umwelts\u00fcnder Elektroauto<\/a><br \/>\nEin ZDF-Kurzvideo dar\u00fcber, wie das gewonnene Lithium f\u00fcr die Batterien das Grundwasser in Chile verseucht, oder der Abbau von Kobalt im Kongo f\u00fcr Ausbeutung und zerst\u00f6rte Landschaften sorgt. Es ist zwar keinesfalls eine bahnbrechende Neuigkeit, dass das Elektroauto KEINE Hilfe gegen die Umweltzerst\u00f6rung sein kann. Wie auch? Schliesslich herrscht nach wie vor Kapitalismus. Und ob unsere Erde \u00fcber verseuchte Landschaften aufgrund der Erd\u00f6lgewinnung zerst\u00f6rt wird, oder den Raubbau zugunsten der Batterien, macht da folgerichtig \u00fcberhaupt keinen Unterschied.<\/p>\n<p><a href='https:\/\/www.freitag.de\/autoren\/der-freitag\/ein-vergiftetes-geschenk' class='azc_bbc_url'>Ein Insolvenzrecht f\u00fcr Staaten spaltet Arm gegen Reich<\/a><br \/>\nDer FREITAG kommentiert: <span class='azc_bbc_italic'>&#8222;Bislang gelten Anleihen von Staaten &#8211; besonders von Industriestaaten &#8211; als bombensichere Geldanlage. Mit der Einf\u00fchrung eines Insolvenzrecht f\u00fcr Staaten w\u00fcrden ein Schuldenschnitt und damit die Vernichtung von Kapital der Geldgeber zur realen M\u00f6glichkeit. Und je \u00e4rmer und verschuldeter ein Land, umso h\u00f6her das Risiko f\u00fcr Investoren &#8211; und je h\u00f6her der Zins, den sie verlangen.<\/p>\n<p>Damit teilt sich die Eurozone in starke Nationen, die billig an Kredit kommen, und schwache L\u00e4nder, die hohe Zinsen zahlen m\u00fcssen. Kredite werden ausgerechnet f\u00fcr die \u00c4rmeren noch teurer.<\/p>\n<p>Wie riskant ein Kredit an ein Land ist und welche Zinsh\u00f6he daraus resultiert, dieses Urteil f\u00e4llen die Finanzm\u00e4rkte dann in Eigenregie. Ohne eine Garantie seiner Schulden durch die Zentralbank oder die anderen Eurol\u00e4nder h\u00e4ngt ein Staat damit allein vom Urteil durch die Finanzm\u00e4rkte ab, die das Risiko einer Staateninsolvenz nicht nur bewerten, sondern diese herbeif\u00fchren.&#8220;<\/span> <a href='https:\/\/www.freitag.de\/autoren\/der-freitag\/ein-vergiftetes-geschenk' class='azc_bbc_url'>Weiterlesen&#8230;<\/a><\/p>\n<p><a href='https:\/\/www.neues-deutschland.de\/artikel\/1100221.html' class='azc_bbc_url'>&#8220;Sicheres Herkunftsland&#8220;: Abschiebeflug in Afghanistan eingetroffen<\/a><br \/>\nDie &#8222;Ausl\u00e4nder raus&#8220; Politik wird weiterhin ebenso gnaden- wie skrupellos fortgef\u00fchrt. Und das, obwohl sich am Dienstag ein weiterer Selbstmordattent\u00e4ter inmitten einer Menschenmenge in die Luft sprengte. 68 Menschen starben, 165 weitere wurden verletzt. Die Bundesregierung h\u00e4lt Afghanistan trotz solcher Meldungen f\u00fcr ein &#8222;sicheres Herkunftsland&#8220;, in das Menschen ohne weiteres abgeschoben werden k\u00f6nnen. In jedem Rechtsstaat w\u00fcrden derart handelnde Politiker wegen Verbrechen gegen die Menschlichkeit angeklagt und verurteilt. In Deutschland hingegen nennt sich das &#8222;Politische Mitte&#8220;.<\/p>\n<p><a href='http:\/\/www.nrhz.de\/flyer\/beitrag.php?id=25209' class='azc_bbc_url'>Vieltausendfache Mordank\u00fcndigung: Der Werte-Westen in Syrien<\/a><br \/>\nEin Gangster, der ohne zu z\u00f6gern so lange Menschen umbringt, bis er bekommt, was er will &#8211; das ist die aktuelle US-Politik in Syrien. Mit einem Unterschied: Die Zahl der Mordopfer eines Gangsters ist verschwindend gering im Vergleich zu denen der US-Regierungskriminellen, die demn\u00e4chst Unterst\u00fctzung durch Bundeswehr-Bombardierungen bekommen sollen. <a href='http:\/\/www.faz.net\/aktuell\/politik\/inland\/bundestags-gutachten-syrien-einsatz-der-bundeswehr-waere-rechtswidrig-15782455.html' class='azc_bbc_url'>Nat\u00fcrlich klar v\u00f6lkerrechtswidrig<\/a>, wie es sich f\u00fcr unsere vorbildliche westliche Wertegemeinschaft geh\u00f6rt.<\/p>\n<p>Dazu passt auch:<\/p>\n<p><a href='https:\/\/www.welt.de\/politik\/ausland\/article181491964' class='azc_bbc_url'>Fast drei Viertel der Deutschen gegen Bundeswehr-Einsatz in Syrien<\/a><br \/>\nUnd das Lustige an dieser Umfrage: Fast drei Viertel der Deutschen w\u00fcrden trotzdem die ganz ganz grosse Kriegskoalition w\u00e4hlen. Schliesslich werden ja keine richtigen Menschen bei solch einer Bombardierung ermordet, sondern nur Syrer.<\/p>\n<p>Dazu passt auch, dass YouTube schon mal im Voraus <a href='https:\/\/www.heise.de\/tp\/features\/YouTube-sperrt-Channels-der-syrischen-Regierung-4158485.html' class='azc_bbc_url'>den Kanal der Syrischen Regierung sperrte<\/a>. Die Bundesregierung will ja schliesslich erst ihren bombensicheren Massenmord durchf\u00fchren, wenn man (mal wieder) einen Giftgas-Fake inszenierte und Assad in die Schuhe schiebt. Von daher sperrt man dann auch schon mal &#8222;sicherheitshalber&#8220; den Videokanal der Syrischen Regierung, damit die nicht sofort ihre Gegenbeweise online stellen k\u00f6nnen und das m\u00fchsam inszenierte False-Flag-Kriegsverbrechen aufliegen lassen.<\/p>\n<p>Und zu guter Letzt:<\/p>\n<p><a href='https:\/\/www.stuttmann-karikaturen.de\/karikaturen\/2018\/chemiewaffen_kol.jpg' class='azc_bbc_url'>Chemiewaffen in Syrien<\/a><br \/>\n<img class='azc_bbc_image' src='https:\/\/www.rume.de\/smilies\/nasiehste.gif'  \/><\/p>\n","protected":false},"excerpt":{"rendered":"<p>\/ Tochter einer Hartz-IV-Empf\u00e4ngerin: &#8222;Die Gesetze zwingen mich, weiter arm zu bleiben&#8220; \/ Wohngeld schafft keine Wohnungen \/ OECD-Bildungsreport: Chancengleichheit gibt es in Deutschland nicht \/ Berliner Schulbau: Volksinitiative fordert sofortigen Stopp aller rot-rot-gr\u00fcnen Privatisierungsaktivit\u00e4ten \/ Brandenburg: Rot-Rot ernennt Braunkohle-Lobbyisten zum Wirtschaftsminister \/ Opel-Demontage geht in die n\u00e4chste Runde \/ Die Kriminalit\u00e4t der Eliten \/ &hellip; <a href=\"https:\/\/www.rume.de\/?p=850\" class=\"more-link\"><span class=\"screen-reader-text\">\u201eAufgelesen und kommentiert 2018-09-12\u201c <\/span>weiterlesen<\/a><\/p>\n","protected":false},"author":1,"featured_media":0,"comment_status":"open","ping_status":"closed","sticky":false,"template":"","format":"standard","meta":{"footnotes":""},"categories":[2],"tags":[],"class_list":["post-850","post","type-post","status-publish","format-standard","hentry","category-aufgelesen"],"_links":{"self":[{"href":"https:\/\/www.rume.de\/index.php?rest_route=\/wp\/v2\/posts\/850","targetHints":{"allow":["GET"]}}],"collection":[{"href":"https:\/\/www.rume.de\/index.php?rest_route=\/wp\/v2\/posts"}],"about":[{"href":"https:\/\/www.rume.de\/index.php?rest_route=\/wp\/v2\/types\/post"}],"author":[{"embeddable":true,"href":"https:\/\/www.rume.de\/index.php?rest_route=\/wp\/v2\/users\/1"}],"replies":[{"embeddable":true,"href":"https:\/\/www.rume.de\/index.php?rest_route=%2Fwp%2Fv2%2Fcomments&post=850"}],"version-history":[{"count":1,"href":"https:\/\/www.rume.de\/index.php?rest_route=\/wp\/v2\/posts\/850\/revisions"}],"predecessor-version":[{"id":851,"href":"https:\/\/www.rume.de\/index.php?rest_route=\/wp\/v2\/posts\/850\/revisions\/851"}],"wp:attachment":[{"href":"https:\/\/www.rume.de\/index.php?rest_route=%2Fwp%2Fv2%2Fmedia&parent=850"}],"wp:term":[{"taxonomy":"category","embeddable":true,"href":"https:\/\/www.rume.de\/index.php?rest_route=%2Fwp%2Fv2%2Fcategories&post=850"},{"taxonomy":"post_tag","embeddable":true,"href":"https:\/\/www.rume.de\/index.php?rest_route=%2Fwp%2Fv2%2Ftags&post=850"}],"curies":[{"name":"wp","href":"https:\/\/api.w.org\/{rel}","templated":true}]}}