{"id":834,"date":"2018-09-03T23:05:26","date_gmt":"2018-09-03T21:05:26","guid":{"rendered":"https:\/\/rume.inrieda.de\/?p=834"},"modified":"2018-09-03T23:05:26","modified_gmt":"2018-09-03T21:05:26","slug":"aufgelesen-und-kommentiert-2018-09-03","status":"publish","type":"post","link":"https:\/\/www.rume.de\/?p=834","title":{"rendered":"Aufgelesen und kommentiert 2018-09-03"},"content":{"rendered":"<p>\/ ARD-Reportage: Wie das Jobcenter Hartz-IV-Bezieher schikaniert<br \/>\n\/ D\u00fcsseldorfer Ordnungsvorschrift: Armut aus Stadtbild heraushalten<br \/>\n\/ Gro\u00dfe Koalition plant Altersarmut f\u00fcr Millionen<br \/>\n\/ DIE LINKE deckt auf: 41 Prozent aller Neueinstellungen nur befristet<br \/>\n\/ ARD: B\u00f6rse ja, Arbeit nein<br \/>\n\/ Steuerflucht der Konzerne: Ver\u00e4rgerung in der SPD \u00fcber Finanzminister Scholz<br \/>\n\/ Obsz\u00f6ner Reichtum: Die oberen 1000 haben jetzt \u00fcber eine Billion Euro<br \/>\n\/ Chemnitz: Enge Kooperation zwischen Rechtsextremisten, Polizei und Regierung<br \/>\n\/ Bundeskriminalamt geht nun verst\u00e4rkt gegen Kriegsverbrecher vor<br \/>\n\/ Bundesregierung verweigert R\u00fcstungsstopp f\u00fcr Kriegsverbrecher Saudi-Arabien<br \/>\n\/ Rechnungshof kritisiert Milliarden-Plus f\u00fcr Bundeswehr<br \/>\n\/ Klimabilanz: Hitze und Trockenheit 2018 stellt alles in den Schatten<br \/>\n\/ Andrea Nahles: Die SPD blutgr\u00e4tschen<br \/>\n\/ 74 Jahre nach Kriegsende: Sachsen soll n\u00e4chstes Jahr endlich entnazifiziert werden<\/p>\n<p>&#8212;<\/p>\n<p><!--more--><\/p>\n<p><a href='https:\/\/www.daserste.de\/information\/wirtschaft-boerse\/plusminus\/sendung\/strafen-fuer-hartz-vier-bezieher-100.html' class='azc_bbc_url'>ARD-Reportage: Wie das Jobcenter Hartz-IV-Bezieher schikaniert<\/a><br \/>\nGelegentlich erreichen mich Kommentare, dass ich die Sache mit den Sanktionen viel zu einseitig darstelle. Und dass es gar nicht sein kann, dass die Jobcenter derart willk\u00fcrlich agieren, indem sie absichtlich Menschenleben zerst\u00f6ren. Nun soll man die Hoffnung ja nie aufgeben, dass solche Naivlinge nicht doch irgendwann die Realit\u00e4t erkennen. Insofern verlinke ich hier mal diese ARD-Reportage, die genau das darstellt, was ich seit Jahren hier schreibe.<\/p>\n<p>Wenn ich aber andererseits die aktuellen Wahlumfragen sehe und wegen welchen &#8222;Themen&#8220; man beispielsweise in Chemnitz emp\u00f6rt auf die Strasse geht&#8230;<\/p>\n<p><a href='https:\/\/www.jungewelt.de\/artikel\/339080.html' class='azc_bbc_url'>D\u00fcsseldorfer Ordnungsvorschrift: Armut aus Stadtbild heraushalten<\/a><br \/>\n<span class='azc_bbc_italic'>&#8222;Dem Paragraphen merkt man an, dass er in seiner jetzigen Form im Jahr 2000 von der CDU geschaffen wurde, um Wohnungslose aus dem D\u00fcsseldorfer Stadtbild zu vertreiben. Die damals herrschende Stimmung wurde in der \u00bbMettmanner Erkl\u00e4rung\u00ab von CDU-Kandidaten zur Kommunalwahl 1999 deutlich. Dort wird w\u00f6rtlich von einer \u00bbVerteidigung der \u00f6ffentlichen Ordnung gegen Pennertum und agressives Betteln\u00ab gesprochen. Die D\u00fcsseldorfer CDU hat sich nie von dem Begriff \u00bbPennertum\u00ab distanziert. Ziel ist nat\u00fcrlich, die Armut aus dem Stadtbild herauszuhalten. Den wohlhabenden Konsumenten soll das Bild einer Kommune im Wohlstand vermittelt werden. Deshalb werden Wohnungslose vertrieben.&#8220;<\/span> <a href='https:\/\/www.jungewelt.de\/artikel\/339080.html' class='azc_bbc_url'>Weiterlesen&#8230;<\/a><\/p>\n<p><a href='http:\/\/www.wsws.org\/de\/articles\/2018\/08\/31\/rent-a31.html' class='azc_bbc_url'>Gro\u00dfe Koalition plant Altersarmut f\u00fcr Millionen<\/a><br \/>\nDas sogenannte &#8222;Rentenpaket&#8220; nochmal ausf\u00fchrlich beleuchtet.<\/p>\n<p><a href='https:\/\/rp-online.de\/wirtschaft\/arbeit\/trotz-fachkraeftemangel-neueinstellungen-sind-zu-41-prozent-befristet_aid-32219391' class='azc_bbc_url'>DIE LINKE deckt auf: 41 Prozent aller Neueinstellungen nur befristet<\/a><br \/>\n<span class='azc_bbc_italic'>&#8222;Junge Menschen unter 25 Jahre sind mit 46 Prozent besonders betroffen. Auch Frauen werden (zu 45 Prozent) h\u00e4ufiger auf Zeit eingestellt als M\u00e4nner. Und weniger als die H\u00e4lfte der Arbeitnehmer (42 Prozent), die nur \u00fcber einen Zeitvertrag verf\u00fcgen, werden sp\u00e4ter \u00fcbernommen&#8220;<\/span>, berichtet RP-Online. <span class='azc_bbc_italic'>&#8222;Sichere und gute Arbeit hat auch in dieser gro\u00dfen Koalition keine Lobby &#8211; gerade junge Menschen und Frauen wird eine planbare, sichere Zukunft verwehrt. Es ist h\u00f6chste Zeit, Befristungen auf ein Mindestma\u00df zu reduzieren und sachgrundlose Befristungen ganz zu verbieten.&#8220;<\/span><\/p>\n<p>Kurze Anmerkung meinerseits: Es gibt so viele m\u00f6gliche &#8222;Sachgr\u00fcnde&#8220;, dass die Forderung nach einem Ende der sachgrundlosen Befristungen ohnehin keine Auswirkung h\u00e4tte.<\/p>\n<p><a href='https:\/\/publikumskonferenz.de\/blog\/2018\/09\/02\/boerse-ja-arbeit-nein' class='azc_bbc_url'>ARD: B\u00f6rse ja, Arbeit nein<\/a><br \/>\n<span class='azc_bbc_italic'>&#8222;Die Interessen der Geldelite und der Konzerne bedient ARD-aktuell beinahe werkt\u00e4glich: mit ausf\u00fchrlichen Nachrichten im Programm &#8222;B\u00f6rse vor acht&#8220; sowie mit Wort- und Filmbeitr\u00e4gen von der Frankfurter B\u00f6rse in den Tagesthemen. Gleich h\u00e4ufige Informationen aus der Arbeitswelt gibt es hingegen nicht, obwohl Werkt\u00e4tige und Rentner die absolute Mehrheit der Zuschauer stellen. Ganz im Gegenteil: Lediglich einmal im Monat gibt es manipulative Nachrichten \u00fcber den &#8222;Arbeitsmarkt.&#8220;<\/span> <a href='https:\/\/publikumskonferenz.de\/blog\/2018\/09\/02\/boerse-ja-arbeit-nein' class='azc_bbc_url'>Weiterlesen&#8230;<\/a><\/p>\n<p><a href='https:\/\/www.presseportal.de\/pm\/65487\/4047570' class='azc_bbc_url'>Steuerflucht der Konzerne: Ver\u00e4rgerung in der SPD \u00fcber Finanzminister Scholz<\/a><br \/>\n<span class='azc_bbc_italic'>&#8222;Immer mehr Sozialdemokraten kritisieren, dass der eigene Finanzminister im Kampf der EU gegen die sogenannte Steuervermeidung der multinationalen Konzerne auf der Bremse steht&#8220;<\/span>, wird da ohne schallendes Gel\u00e4chter in die Zeitung geschissen.<\/p>\n<p>Ja ist das f\u00fcr die SPD-Bonzen etwa so eine dicke \u00dcberraschung, dass sich Olaf Scholz als &#8222;Sch\u00e4uble 2.0&#8220; entpuppt? <a href='https:\/\/www.rume.de\/2011\/01\/14\/olaf-scholz-und-rot-gelb-in-hamburg' class='azc_bbc_url'>Nein, ist es nat\u00fcrlich nicht!<\/a> Und deshalb ist die nun geheuchelte Emp\u00f6rung nichts anderes als ein erb\u00e4rmlich vorgef\u00fchrtes Laienschauspiel.<\/p>\n<p>Aber hey: So lange es noch f\u00fcr 18 Prozent SPD-W\u00e4hler reicht, denen man wirklich ALLES auftischen kann&#8230; <img class='azc_bbc_image' src='https:\/\/www.rume.de\/smilies\/nasiehste.gif'  \/><\/p>\n<p><a href='https:\/\/www.heise.de\/tp\/news\/Obszoener-Reichtum-Die-oberen-1000-haben-jetzt-ueber-eine-Billion-Euro-4152916.html' class='azc_bbc_url'>Obsz\u00f6ner Reichtum: Die oberen 1000 haben jetzt \u00fcber eine Billion Euro<\/a><br \/>\nTELEPOLIS berichtet: <span class='azc_bbc_italic'>&#8222;Die Reichen werden in Deutschland immer reicher. Die Zahl der Million\u00e4re hat in den letzten 15 Jahren um 85.000 zugenommen und liegt jetzt bei 1,4 Millionen, berichtet der Business Insider. Die Zahl der Million\u00e4re steigt, weil die Reall\u00f6hne im Durchschnitt eher stagnieren und das Segment der Niedrigl\u00f6hner w\u00e4chst und w\u00e4chst. Die deutsche Wirtschaftsleistung, das Bruttoinlandsprodukt, ist in dieser Zeit jedenfalls nur um 2,2 Prozent gestiegen, das hei\u00dft, die oberen 1000 haben nicht nur ihre Position gehalten, sondern ihr St\u00fcck vom Kuchen weiter vergr\u00f6\u00dfert.&#8220;<\/span><\/p>\n<p>Sozialdemokraten w\u00fcssten nun, was sie zu tun h\u00e4tten. Stattdessen aber haben wir die SPD mit einen Olaf Scholz als Bundesfinanzminister.<\/p>\n<p><a href='http:\/\/www.wsws.org\/de\/articles\/2018\/08\/31\/chem-a31.html' class='azc_bbc_url'>Chemnitz: Enge Kooperation zwischen Rechtsextremisten, Polizei und Regierung<\/a><br \/>\n<span class='azc_bbc_italic'>&#8222;Wie der Anschlag in Berlin werden auch die Ereignisse in Chemnitz genutzt, um die Hetzkampagne gegen Fl\u00fcchtlinge zu versch\u00e4rfen und die extreme Rechte zu st\u00e4rken. Neonazis, die in der \u00d6ffentlichkeit den Hitlergru\u00df zeigen und &#8222;Ausl\u00e4nder raus&#8220; br\u00fcllen, gelten in den Medien als &#8222;besorgte B\u00fcrger&#8220;. Vertreter der rechtsextremen AfD bekommen noch mehr Sendezeit in Talkshows und Nachrichtensendungen, um die Neonazi-Krawalle in Chemnitz zu rechtfertigen. Und die Politiker der etablierten Parteien, die sich unmittelbar nach den Ausschreitungen noch schockiert gaben und ein oberfl\u00e4chliches Entsetzen heuchelten, sto\u00dfen mittlerweile in das gleiche Horn.<\/p>\n<p>Der s\u00e4chsische Ministerpr\u00e4sident Michael Kretschmer (CDU) und die Chemnitzer B\u00fcrgermeisterin Barbara Ludwig (SPD) veranstalteten am Donnerstag einen sogenannten B\u00fcrgerdialog in Chemnitz, in dem sie das militante Auftreten der Rechtsextremen verharmlosten und in die rechte Stimmungsmache einstiegen. Ludwig \u00e4u\u00dferte Verst\u00e4ndnis &#8222;f\u00fcr die Wut und Best\u00fcrzung&#8220; in Chemnitz und Kretschmer erkl\u00e4rte im besten AfD-Stil. &#8222;Wenn man das beschreibt unter dem Motto \u00bbHetze durch die Stadt\u00ab, dann trifft es nicht das, was da stattgefunden hat. Das ist Unfug, dem muss man entgegentreten.&#8220;<\/p>\n<p>Nachdem der rechtsextreme Mob am Sonntag nahezu unbehelligt von der Polizei durch Chemnitz ziehen konnte, werden nun tausende Polizisten in Chemnitz zusammengezogen. Nicht um gegen Rechte vorzugehen, sondern gegen Links. Am Montag ist ein &#8222;Rock gegen Rechts&#8220;-Konzert mit bekannten Bands wie den Toten Hosen und Kraftklub geplant.&#8220;<\/span> <a href='http:\/\/www.wsws.org\/de\/articles\/2018\/08\/31\/chem-a31.html' class='azc_bbc_url'>Weiterlesen&#8230;<\/a><\/p>\n<p>In diesem Zusammenhang ist es belustigend zu lesen, wie die <a href='https:\/\/de.toonpool.com\/cartoons\/Puppenspielertricks_320538' class='azc_bbc_url'>Beobachtung der AfD durch den sogenannten &#8222;Verfassungsschutz&#8220;<\/a> eingefordert wird. Obwohl sogar LKA-Mitarbeiter ganz locker bei Pegida mitmarschieren und der Verfassungsschutz-Pr\u00e4sident &#8222;wohlwollend&#8220; gegen\u00fcber der AfD eingestellt ist. Deutlicher kann man doch gar nicht mehr zeigen, dass der Rassismus in Deutschland politisch gewollt und unterst\u00fctzt wird. Die Rechten f\u00fchlen sich doch genau deshalb so stark, weil sie Freunde in der Polizei, im Verfassungsschutz und in der Regierung haben. Daran \u00e4ndert sich auch nichts, wenn sich die Rassisten jetzt quasi selber beobachten sollen.<\/p>\n<p>Sp\u00e4testens seit Amtsantritt der neuen alten &#8222;Groko&#8220; wird pure AfD-Politik durchgezogen und rassistische Hetze gesch\u00fcrt. In ganz Deutschland entstehen wieder konzentrierte Lager, Seenotretter werden kriminalisiert, Waffenexporte und Klimaausstoss erh\u00f6ht und somit Fluchtursachen versch\u00e4rft, sowie  die milit\u00e4rische Abriegelung der Aussengrenzen brachial durchgesetzt. All das wird in Deutschland nicht als klar ausl\u00e4nderfeindlich bezeichnet, sondern zur &#8222;Politischen Mitte&#8220; geadelt &#8211; und wer dies kritisiert, wird an den politischen Rand gedr\u00e4ngt.<\/p>\n<p>Aber hey: Hier und heute nach &#8222;Beobachtung&#8220; zu rufen oder &#8222;die Sachsen&#8220; zu beschimpfen ist halt einfach, kostet nichts und es kann sich (fast) jeder mit einklinken, ohne dass <a href='http:\/\/www.wsws.org\/de\/articles\/2018\/09\/03\/rech-s03.html' class='azc_bbc_url'>die eigene Regierungsarbeit<\/a> kritisch hinterfragt wird, die derart viel Rassismus auf die Strasse bringt.<\/p>\n<a href='https:\/\/www.welt.de\/politik\/deutschland\/article181395450' class='azc_bbc_url'>Bundeskriminalamt geht nun verst\u00e4rkt gegen Kriegsverbrecher vor <\/a>\n<p>Dann k\u00f6nnen sie gleich hier anfangen:<\/p>\n<p><a href='https:\/\/www.linksfraktion.de\/presse\/pressemitteilungen\/detail\/bundesregierung-verweigert-ruestungsstopp-fuer-kriegsverbrecher-saudi-arabien' class='azc_bbc_url'>Bundesregierung verweigert R\u00fcstungsstopp f\u00fcr Kriegsverbrecher Saudi-Arabien<\/a><br \/>\nJa wie jetzt? Profite sind wichtiger als Frieden und Menschenleben? Das ist ja etwas GANZ Neues <img class='azc_bbc_image' src='https:\/\/www.rume.de\/smilies\/clown.gif'  \/><\/p>\n<p><a href='http:\/\/www.spiegel.de\/politik\/deutschland\/bundeswehr-bundesrechnungshof-kritisiert-wehretat-a-1225889.html' class='azc_bbc_url'>Rechnungshof kritisiert Milliarden-Plus f\u00fcr Bundeswehr<\/a><br \/>\nUnd warum kommt die Kritik? Nein, nicht weil es totaler Wahnsinn ist, dass die Bundesregierung inzwischen mehr Geld f\u00fcrs Milit\u00e4r verballert, als ganz Russland zusammen. Nein, kritisiert wird, dass die Milliarden nicht effizient genug f\u00fcr Waffen ausgegeben werden k\u00f6nnten.<\/p>\n<p>Genau so w\u00fcnscht es sich die Bundesregierung, wenn mal Kritik aufkommt: Nicht das Ziel selbst wird kritisiert (mehr staatliche Mordkommandos in aller Welt), sondern deren Effizienz.<\/p>\n<p><a href='https:\/\/www.tagesspiegel.de\/berlin\/22986610.html' class='azc_bbc_url'>Klimabilanz: Hitze und Trockenheit 2018 stellt alles in den Schatten<\/a><br \/>\nEin paar Klimafakten im Tagesspiegel.<\/p>\n<p>Dazu passt auch:<\/p>\n<p><a href='http:\/\/klima-luegendetektor.de\/2018\/09\/02\/andrea-nahles-die-spd-blutgraetschen' class='azc_bbc_url'>Andrea Nahles: Die SPD blutgr\u00e4tschen<\/a><br \/>\nEinige Zitate aus den SPD-Pl\u00e4nen zum Umweltschutz, teils aus den 1990er Jahren &#8211; und was daraus heute geworden ist <img class='azc_bbc_image' src='https:\/\/www.rume.de\/smilies\/nasiehste.gif'  \/><\/p>\n<p>\u00dcbrigens: In den letzten 20 Jahren war die SPD nur f\u00fcr schmale vier Jahre nicht an der Bundesregierung beteiligt. Es lag also keinesfalls daran, dass die SPD immer nur in der Opposition sass.<\/p>\n<p>Und zu guter Letzt:<\/p>\n<p><a href='https:\/\/www.eine-zeitung.net\/2018\/09\/03\/74-jahre-nach-kriegsende-sachsen-soll-naechstes-jahr-endlich-entnazifiziert-werden' class='azc_bbc_url'>74 Jahre nach Kriegsende: Sachsen soll n\u00e4chstes Jahr endlich entnazifiziert werden<\/a><br \/>\nEin Bericht, den man praktisch <a href='https:\/\/www.eine-zeitung.net\/2017\/12\/18\/73-jahre-nach-kriegsende-sachsen-soll-naechstes-jahr-endlich-entnazifiziert-werden' class='azc_bbc_url'>jedes Jahr nochmal<\/a> ver\u00f6ffentlichen kann <img class='azc_bbc_image' src='https:\/\/www.rume.de\/smilies\/sarkasm.gif'  \/><\/p>\n","protected":false},"excerpt":{"rendered":"<p>\/ ARD-Reportage: Wie das Jobcenter Hartz-IV-Bezieher schikaniert \/ D\u00fcsseldorfer Ordnungsvorschrift: Armut aus Stadtbild heraushalten \/ Gro\u00dfe Koalition plant Altersarmut f\u00fcr Millionen \/ DIE LINKE deckt auf: 41 Prozent aller Neueinstellungen nur befristet \/ ARD: B\u00f6rse ja, Arbeit nein \/ Steuerflucht der Konzerne: Ver\u00e4rgerung in der SPD \u00fcber Finanzminister Scholz \/ Obsz\u00f6ner Reichtum: Die oberen 1000 &hellip; <a href=\"https:\/\/www.rume.de\/?p=834\" class=\"more-link\"><span class=\"screen-reader-text\">\u201eAufgelesen und kommentiert 2018-09-03\u201c <\/span>weiterlesen<\/a><\/p>\n","protected":false},"author":1,"featured_media":0,"comment_status":"open","ping_status":"closed","sticky":false,"template":"","format":"standard","meta":{"footnotes":""},"categories":[2],"tags":[],"class_list":["post-834","post","type-post","status-publish","format-standard","hentry","category-aufgelesen"],"_links":{"self":[{"href":"https:\/\/www.rume.de\/index.php?rest_route=\/wp\/v2\/posts\/834","targetHints":{"allow":["GET"]}}],"collection":[{"href":"https:\/\/www.rume.de\/index.php?rest_route=\/wp\/v2\/posts"}],"about":[{"href":"https:\/\/www.rume.de\/index.php?rest_route=\/wp\/v2\/types\/post"}],"author":[{"embeddable":true,"href":"https:\/\/www.rume.de\/index.php?rest_route=\/wp\/v2\/users\/1"}],"replies":[{"embeddable":true,"href":"https:\/\/www.rume.de\/index.php?rest_route=%2Fwp%2Fv2%2Fcomments&post=834"}],"version-history":[{"count":1,"href":"https:\/\/www.rume.de\/index.php?rest_route=\/wp\/v2\/posts\/834\/revisions"}],"predecessor-version":[{"id":835,"href":"https:\/\/www.rume.de\/index.php?rest_route=\/wp\/v2\/posts\/834\/revisions\/835"}],"wp:attachment":[{"href":"https:\/\/www.rume.de\/index.php?rest_route=%2Fwp%2Fv2%2Fmedia&parent=834"}],"wp:term":[{"taxonomy":"category","embeddable":true,"href":"https:\/\/www.rume.de\/index.php?rest_route=%2Fwp%2Fv2%2Fcategories&post=834"},{"taxonomy":"post_tag","embeddable":true,"href":"https:\/\/www.rume.de\/index.php?rest_route=%2Fwp%2Fv2%2Ftags&post=834"}],"curies":[{"name":"wp","href":"https:\/\/api.w.org\/{rel}","templated":true}]}}