{"id":826,"date":"2018-08-29T20:47:16","date_gmt":"2018-08-29T18:47:16","guid":{"rendered":"https:\/\/rume.inrieda.de\/?p=826"},"modified":"2018-08-29T20:47:16","modified_gmt":"2018-08-29T18:47:16","slug":"aufgelesen-und-kommentiert-2018-08-29","status":"publish","type":"post","link":"https:\/\/www.rume.de\/?p=826","title":{"rendered":"Aufgelesen und kommentiert 2018-08-29"},"content":{"rendered":"<p>\/ Regierung will mehr Elend<br \/>\n\/ Gro\u00dfe Koalition hat sich auf Eckpunkte in der Rentenpolitik geeinigt<br \/>\n\/ Kaltgestellt<br \/>\n\/ Privatisierung: Unabh\u00e4ngige Patientenberatung (UPD) an Pharmalobby verkauft<br \/>\n\/ Berliner Schulbauoffensive startet mit Etikettenschwindel<br \/>\n\/ Neonaziangriffe in Chemnitz: \u00bbDas Ergebnis stimmt\u00ab<br \/>\n\/ Haftbefehl gegen Tatverd\u00e4chtigen ver\u00f6ffentlicht<br \/>\n\/ Chemnitz: Verfassungsschutz warnte Polizei fr\u00fch vor Krawallen<br \/>\n\/ AfD-Gewaltphantasien: &#8222;Verlage st\u00fcrmen und Mitarbeiter auf die Stra\u00dfe zerren&#8220;<br \/>\n\/ Wer hat Angst vor diesem Mann?<br \/>\n\/ Fl\u00fcchtlings-Debatte: Ich dachte, ich stehe auf der richtigen Seite<br \/>\n\/ Klimawandel: Es geht nicht um Geld!<br \/>\n\/ Polizei l\u00e4sst Wasserwerfer umr\u00fcsten<\/p>\n<p>&#8212;<\/p>\n<p><!--more--><\/p>\n<p><a href='http:\/\/www.nrhz.de\/flyer\/beitrag.php?id=25161' class='azc_bbc_url'>Regierung will mehr Elend<\/a><br \/>\n<span class='azc_bbc_italic'>&#8222;Heute schon im Park gewesen? Lag mal wieder ein Obdachloser auf ihrer Lieblingsbank? Im Vorraum Ihrer Bankfiliale haben sogar drei Obdachlose \u00fcbernachtet? Und die rochen auch noch ungewaschen? Oder lag j\u00fcngst einer von denen tats\u00e4chlich in ihrem Hauseingang? Emp\u00f6rend, oder? Die machen sich breit, die ohne eigene Wohnung. Von denen gibt es inzwischen ja auch fast eine Million. Offiziell. Inoffiziell werden deutlich mehr vermutet. Keine Arbeit haben offiziell 2,385 Millionen Menschen. Dass auch hier die Wahrheit l\u00e4ngst den Rahmen der L\u00fcgenstatistik sprengt, wissen, au\u00dferhalb der Propaganda-Instrumente der Bundesregierung, alle die bei Verstand sind. Und auch der Zusammenhang ist klar. Kein Job, keine Wohnung.&#8220;<\/span> <a href='http:\/\/www.nrhz.de\/flyer\/beitrag.php?id=25161' class='azc_bbc_url'>Weiterlesen&#8230;<\/a><\/p>\n<p><a href='https:\/\/www.neues-deutschland.de\/artikel\/1098823.html' class='azc_bbc_url'>Gro\u00dfe Koalition hat sich auf Eckpunkte in der Rentenpolitik geeinigt<\/a><br \/>\n<span class='azc_bbc_italic'>&#8222;Bis 2025 wird ein Rentenniveau von 48 Prozent zum aktuellen Durchschnittslohn und einen maximalen Beitrag zu Rentenversicherung von 20 Prozent festgeschrieben. Au\u00dferdem verst\u00e4ndigten sich die Spitzen der Koalition in der Nacht darauf, den Beitrag zur Arbeitslosenversicherung zum Jahreswechsel um 0,5 Prozentpunkte auf 2,5 Prozent des Bruttolohns zu senken.&#8220;<\/span><\/p>\n<p>Jawoll, was f\u00fcr ein Durchbruch: Keine armutsfeste Mindestrente und auch kein Schluss mit der milliardenteuren Riester-Subventionierung, daf\u00fcr aber wird die sich heute schon versch\u00e4rfende Altersarmut (jeder Zweite bekommt aktuell weniger als 800 Euro Rente) sogar f\u00fcr die Zukunft festgeschrieben &#8211; ohne zu erw\u00e4hnen, dass die Rente in den kommenden Jahren auch noch immer h\u00f6her versteuert werden muss und man &#8222;nat\u00fcrlich&#8220; weiterhin auf sinkende L\u00f6hne dr\u00e4ngen wird, um die Export\u00fcbersch\u00fcsse nicht zu gef\u00e4hrden. Und sinkende L\u00f6hne bedeuten nat\u00fcrlich auch sinkende Renten.<\/p>\n<p>Aber hey (Zitat): <span class='azc_bbc_italic'>&#8222;Bundessozialminister Hubertus Heil (SPD) sagte in der Nacht zu den Gespr\u00e4chen im Kanzleramt: Die Koalition ist handlungsf\u00e4hig. Er sei mit der Einigung sehr zufrieden.&#8220;<\/span><\/p>\n<p>Seht ihr: Das ist diese SPD-Erneuerung, \u00fcber die sie st\u00e4ndig reden <img class='azc_bbc_image' src='https:\/\/www.rume.de\/smilies\/nasiehste.gif'  \/><\/p>\n<p>Dabei w\u00e4re eine halbwegs ordentliche Rente auch heute schon finanzierbar. Sogar dann, wenn man die ganzen Besserverdiener nicht mit einbezieht, <a href='https:\/\/www.jungewelt.de\/artikel\/338729.html' class='azc_bbc_url'>wie Matthias W. Birkwald vorrechnet<\/a>. Was demzufolge m\u00f6glich w\u00e4re, wenn auch die Abkassierer in Wirtschaft und Politik in unsere Rentenkasse einzahlen m\u00fcssten, brauche ich sicherlich nicht erw\u00e4hnen <img class='azc_bbc_image' src='https:\/\/www.rume.de\/smilies\/biggrin.gif'  \/><\/p>\n<p>Und bevor jetzt jemand meckert: <a href='http:\/\/www.harm-bengen.de\/toonpool\/2018%2008%2029%20Arbeitslosenbeitrag-FARBE.jpg' class='azc_bbc_url'>Ja, es gibt noch weitere Entlastungen<\/a> <img class='azc_bbc_image' src='https:\/\/www.rume.de\/smilies\/nasiehste.gif'  \/><\/p>\n<p><a href='https:\/\/www.kontextwochenzeitung.de\/gesellschaft\/387\/kaltgestellt-5314.html' class='azc_bbc_url'>Kaltgestellt<\/a><br \/>\n<span class='azc_bbc_italic'>&#8222;30. Januar 2013, Kontext-Ausgabe 96: Eigentlich w\u00e4re er ein Kandidat f\u00fcr Nils Schmid. Marco Wehner war einer der besten Frankfurter Steuerfahnder, seine Arbeit hat Millionen Euro in die Staatskasse gesp\u00fclt. Insbesondere hatten er und seine Frankfurter Kollegen die Banken im Visier. Heute arbeitet er als Fahrlehrer in Fulda, zwangspsychiatrisiert und zwangspensioniert mit 39 Jahren.&#8220;<\/span> <a href='https:\/\/www.kontextwochenzeitung.de\/gesellschaft\/387\/kaltgestellt-5314.html' class='azc_bbc_url'>Weiterlesen&#8230;<\/a><\/p>\n<p><a href='https:\/\/www.jungewelt.de\/artikel\/338764.html' class='azc_bbc_url'>Privatisierung: Unabh\u00e4ngige Patientenberatung (UPD) an Pharmalobby verkauft<\/a><br \/>\n<span class='azc_bbc_italic'>&#8222;Die \u00bbUnabh\u00e4ngige Patientenberatung Deutschland\u00ab (UPD), eine auf dem Papier \u00bbgemeinn\u00fctzige\u00ab Anlaufstelle bei Konflikten mit Krankenkassen, Kliniken und \u00c4rzten, hat klammheimlich den Besitzer gewechselt und steht k\u00fcnftig unter Kontrolle des Pharmadienstleisters Careforce. Hinter dem Unternehmen steht der Private-Equity-Fonds &#8222;Findos Investor&#8220;, der mit dem Geld deutscher Mittelst\u00e4ndler auf Renditejagd geht (<a href='https:\/\/www.jungewelt.de\/artikel\/338775.html' class='azc_bbc_url'>weitergehender Bericht hier<\/a>). Wie soll die UPD unter diesen Bedingungen neutral und unabh\u00e4ngig Patienten beraten &#8211; etwa in F\u00e4llen, in denen Opfer falscher Medikamentenverabreichung Hilfe suchen?&#8220;<\/span><\/p>\n<p><a href='https:\/\/www.gemeingut.org\/eltern-haben-den-zuegigen-neubau-der-schule-erkaempft-die-howoge-brauchten-sie-dafuer-nicht-berliner-schulbauoffensive-startet-mit-einem-teuren-etikettenschwindel' class='azc_bbc_url'>Berliner Schulbauoffensive startet mit Etikettenschwindel<\/a><br \/>\nEs waren Eltern, die den z\u00fcgigen Neubau der Mahlsdorfer Schule erk\u00e4mpft haben. Die von SPD, LINKEN und GR\u00dcNEN gewollte Schulprivatisierung \u00fcber die &#8222;Howoge&#8220; brauchten sie daf\u00fcr nicht.<\/p>\n<p><a href='https:\/\/www.jungewelt.de\/artikel\/338770.html' class='azc_bbc_url'>Neonaziangriffe in Chemnitz: \u00bbDas Ergebnis stimmt\u00ab<\/a><br \/>\n<span class='azc_bbc_italic'>&#8222;In ihrer Einsatzbilanz sprach die Polizei von 43 Anzeigen, unter anderem wegen K\u00f6rperverletzung, Verwendens von Kennzeichen verfassungswidriger Organisationen, Versto\u00dfes gegen das Versammlungsgesetz und Landfriedensbruch. Gegen zehn Menschen werde wegen des Zeigens des \u00bbHitlergru\u00dfes\u00ab ermittelt, hie\u00df es.&#8220;<\/span><\/p>\n<p>Tja, druckt unsere Qualit\u00e4tspresse jetzt auch alle Randalierer mit Foto f\u00fcr eine \u00d6ffentlichkeitsfahndung ab?<\/p>\n<p>Haha, nat\u00fcrlich nicht. Es wird weiterhin <a href='https:\/\/bildblog.de\/101377\/wie-bild-mit-falschen-ueberschriften-den-hass-auf-den-islam-fuettert' class='azc_bbc_url'>gezielt gehetzt<\/a> und stattdessen <a href='https:\/\/bildblog.de\/101380\/jaja-die-neonazis-aber-die-linken-chaoten' class='azc_bbc_url'>auf &#8222;linke Chaoten&#8220; gezeigt<\/a>.<\/p>\n<p>Dazu passt auch:<\/p>\n<p><a href='http:\/\/www.fr.de\/politik\/chemnitz-haftbefehl-gegen-tatverdaechtigen-veroeffentlicht-a-1572337' class='azc_bbc_url'>Haftbefehl gegen Tatverd\u00e4chtigen ver\u00f6ffentlicht<\/a><br \/>\nOh Nein, wie \u00fcberraschend, wo die Polizei in Sachsen doch inoffiziell l\u00e4ngst als &#8222;Pegizei&#8220; bezeichnet wird, weil sie tief mit den rechtsextremen Kumpels verbr\u00fcdert ist. Da kann es &#8222;hoppla&#8220; schon mal passieren, dass die Teilnehmer linker Demos mitsamt Adresse an Rechtsextreme weitergegeben werden &#8211; oder wie heute eben der Haftbefehl gegen einen Tatverd\u00e4chtigen. Man kennt sich, man hilft sich &#8211; da ist gar kein <a href='https:\/\/www.der-postillon.com\/2018\/08\/maulwurf-haftbefehl.html' class='azc_bbc_url'>Pegida-Maulwurf in der Polizeibeh\u00f6rde<\/a> mehr n\u00f6tig. Das machen die schon von sich aus. <span class='azc_bbc_italic'>&#8222;Eine Selbstverst\u00e4ndlichkeit.&#8220;<\/span><\/p>\n<p>Und falls hier jemand nach Konsequenzen fragt, nur eine kleine Gegenfrage: Hat die NSU-Mordserie den Beh\u00f6rden geschadet?<\/p>\n<p>Dazu passt auch:<\/p>\n<p><a href='https:\/\/www.tagesspiegel.de\/politik\/22966428.html' class='azc_bbc_url'>Chemnitz: Verfassungsschutz warnte Polizei fr\u00fch vor Krawallen<\/a><br \/>\nAber hey: Die Krawallmacher sind ja gr\u00f6sstenteils die besten Kumpels der Pegizei. Warum sollte man deren &#8222;berechtigte Wut&#8220; unn\u00f6tig aufhalten wollen? Man m\u00fcsste sich ja u.a. seinen eigenen Kollegen in den Weg stellen. <span class='azc_bbc_italic'>&#8222;Mensch Maik, was soll das denn jetzt hier? Lass mich doch mal eben durch&#8230;.&#8220;<\/span><\/p>\n<p>Und f\u00fcr diejenigen, die es immer noch nicht wahr haben wollen: Wie viele tats\u00e4chliche Neonazis bleiben wohl \u00fcbrig, wenn man die Verfassungsschutz-Leute abzieht? Kurzes Stichwort dazu: Das gescheiterte NPD-Verbotsverfahren.<\/p>\n<p>Merkt es endlich: Rassismus ist politisch gewollt. Punkt. Andernfalls w\u00fcrde die Regierungspolitik ganz anders gegen Rassismus und Rechtsextremismus vorgehen, als nur mit folgenlosen Redebeitr\u00e4gen und konsequenzlosen Mahnungen. Sie w\u00fcrde Hausdurchsuchungen bei allen bekannten Neonazis durchf\u00fchren lassen, fl\u00e4chendeckend Untersuchungshaft anordnen und von ihrer Justiz h\u00e4rteste Strafen verlangen. Kurzum: All das, was man bei der G20-Randale getan hatte, w\u00fcrde man auch gegen den rechtsrandalierenden Mob durchziehen.<\/p>\n<p>Doch, oh Wunder <img class='azc_bbc_image' src='https:\/\/www.rume.de\/smilies\/clown.gif'  \/> Genau das passiert n\u00e4mlich NICHT! Weil Rassismus politisch gewollt ist.<\/p>\n<p><a href='https:\/\/meedia.de\/2018\/08\/29\/verlage-stuermen-und-die-mitarbeiter-auf-die-strasse-zerren-die-gewaltfantasien-der-afd-hochtaunus-gegen-journalisten' class='azc_bbc_url'>AfD-Gewaltphantasien: &#8222;Verlage st\u00fcrmen und Mitarbeiter auf die Stra\u00dfe zerren&#8220;<\/a><br \/>\nSogar der Deutsche Journalisten-Verband (DJV) spricht inzwischen <a href='https:\/\/www.djv.de\/startseite\/profil\/der-djv\/pressebereich-download\/pressemitteilungen\/detail\/article\/djv-raet-zu-vorsicht.html' class='azc_bbc_url'>Reisewarnungen f\u00fcr S\u00e4chsische St\u00e4dte<\/a> aus. Aber auch das wird vom AfD-wohlgesonnenen &#8222;Verfassungsschutz&#8220; ignoriert und die AfD weiterhin als Opfer von Linksextremen eingeordnet.<\/p>\n<p>Deutschland ist schliesslich ein RECHTSstaat. Und das soll auch so bleiben.<\/p>\n<p><a href='https:\/\/www.kontextwochenzeitung.de\/medien\/387\/wer-hat-angst-vor-diesem-mann-5310.html' class='azc_bbc_url'>Wer hat Angst vor diesem Mann?<\/a><br \/>\nDie &#8222;Stuttgarter Nachrichten&#8220; f\u00fchren eine Kampagne gegen einen Kita-Erzieher, den sie f\u00fcr linksextremistisch halten. Dabei beziehen sie sich auf &#8222;Informationen&#8220; der AfD und des rechten Kopp-Verlags &#8211; und die CDU stimmt in diesen Chor mit ein. Ein Vorgeschmack darauf, welche Berufsverbote und &#8222;S\u00e4uberungsaktionen&#8220; gegen politische Gegner folgen werden, falls der Einfluss der AfD weiter zunimmt.<\/p>\n<p><a href='https:\/\/www.stern.de\/politik\/deutschland\/thema-fluechtlinge&#8211;stehe-ich-noch-auf-der-richtigen-seite&#8211;8206922.html' class='azc_bbc_url'>Fl\u00fcchtlings-Debatte: Ich dachte, ich stehe auf der richtigen Seite<\/a><br \/>\nIm STERN berichtet jemand (Zitat): <span class='azc_bbc_italic'>&#8222;Ich bin einer von den Guten. Dachte ich immer. Ich w\u00e4hle die Gr\u00fcnen, seit es sie gibt. Ich sortiere meinen Abfall, seit das Wort M\u00fclltrennung erfunden wurde. Ich unterst\u00fctze Amnesty International, und meine Frau und ich haben seit Jahren Patenkinder in der Dritten Welt. Mein Weltbild und meine Rolle darin waren klar: Ich stehe auf der richtigen Seite.&#8220;<\/span><\/p>\n<img class='azc_bbc_image' src='https:\/\/www.rume.de\/smilies\/biggrin.gif'  \/>\n<p>Hehe, da ist sie: Die typische <a href='https:\/\/www.deutschlandfunk.de\/kathrin-hartmann-die-gruene-luege.1310.de.html?dram:article_id=410423' class='azc_bbc_url'>Lebensl\u00fcge vom &#8222;gr\u00fcnen&#8220; Kapitalismus<\/a>, die hier gelebt wird. Denn welche \u00fcblen Ausw\u00fcchse der Kapitalismus produziert sieht man schon daran, dass in jedem Supermarkt die &#8222;fair gehandelten&#8220; Produkte irgendwo in der Ecke herumstehen. Im Klartext heisst das n\u00e4mlich, dass 99 Prozent unfair hergestellt wurden &#8211; also durch Sklaverei, Ausbeutung, Kinderarbeit, Erpressung, Tierqu\u00e4lerei, Kriegsgewalt und Mord &#8211; und dennoch bedenkenlos gekauft wird. Denn wer kann sich schon &#8222;Fair Trade&#8220;, also einen nur minimal (!) weniger m\u00f6rderischen und ausbeutenden Kapitalismus leisten?<\/p>\n<p>Es gab ja neulich auch diese Meldung, dass die Deutschen 1,4 Millionen Euro f\u00fcr den Jemen gespendet hat &#8211; aber zeitgleich die Bundesregierung lachend bekannt gibt, dass man Waffenexporte im Umfang von zwei Milliarden (!) Euro in diese Kriegsregion lieferte. DAS ist Kapitalismus! Dagegen k\u00f6nnt ihr herumspenden und &#8222;gr\u00fcn&#8220; einkaufen, so viel ihr wollt: Es gibt keine Mitmenschlichkeit innerhalb eines falschen (weil rein auf Profit getrimmten) Systems <img class='azc_bbc_image' src='https:\/\/www.rume.de\/smilies\/nasiehste.gif'  \/><\/p>\n<p>Aber nochmal zur\u00fcck zum Bericht (Zitat): <span class='azc_bbc_italic'>&#8222;Die Stimmung im Land hat sich ver\u00e4ndert. Das ganze Land r\u00fcckt nach rechts. Das Gift sickert ein. Auch in mich. Ich beobachte f\u00fcnf nordafrikanische sehr laute junge M\u00e4nner in der S-Bahn und denke: M\u00fcssen die wirklich hier sein? Ich sehe in derselben Bahn eine arabische Frau mit einem Kopftuch und zwei Kindern, die sich kichernd in gutem Deutsch \u00fcber Mitsch\u00fcler unterhalten. Die Mutter l\u00e4chelt mir entschuldigend zu, und ich denke: wie nett. Ach, das schaffen wir schon. Die Tochter von Freunden ist mit einem Syrer zusammen. Ich h\u00f6re seine Geschichte und denke: Dem muss man helfen. Der Junge hat jedes Recht, hier zu sein. Aber &#8211; hat jeder das Recht, hier zu sein? Was sagt man der Mutter der get\u00f6teten Susanna? Sagt man: Du musst das aushalten, dass ein Mensch, der nicht hier sein durfte, deine Tochter get\u00f6tet hat?&#8220;<\/span><\/p>\n<p>Gleich <a href='https:\/\/www.antikapitalistische-linke.de\/?p=2339' class='azc_bbc_url'>die zweite Lebensl\u00fcge<\/a> vor sich hergeschoben: N\u00e4mlich der schwachsinnige Glaube, man k\u00f6nnte unterscheiden zwischen Menschen, die hier her d\u00fcrfen und Menschen, die nicht hier sein d\u00fcrfen.<\/p>\n<p>Ab wann sind Fluchtursachen so gravierend, dass man helfen muss? Ab wann genau spricht man von einem Krieg, ab wann genau von Unrechtsstaaten, ab wann genau von sogenannten Wirtschaftsfl\u00fcchtlingen? Die Grenzen sind beliebig und letztlich undefinierbar. Innerhalb dieser Widerspr\u00fcche verwickelt sich ja auch die Bundesregierung st\u00e4ndig, indem sie &#8222;sichere Herkunftsl\u00e4nder&#8220; definiert, in denen Krieg herrscht &#8211; und dann doch wieder Ausnahmen machen muss, wenn Gefl\u00fcchtete hier bereits Job oder Ausbildung gefunden haben.<\/p>\n<p>Ist derjenige, der vor dem vom westlichen Lebensstil verursachten Klimawandel fl\u00fcchtet, nun berechtigter Fl\u00fcchtling oder nicht? Ist derjenige, der vor dem westlichen Giftm\u00fcll und\/oder der westlichen \u00d6lausbeutung (und Verseuchung) flieht, nun berechtigter Fl\u00fcchtling oder nicht? Warum ist der in Schleswig-Holstein lebende Mensch kein Wirtschaftsfl\u00fcchtling, wenn er in Hamburg arbeitet? Oder der Deutsche, der im Ausland nach Arbeit und besserem Leben sucht? Ab wann genau beginnt &#8222;Wirtschaftsflucht&#8220;? Ab wann sind Fluchtgr\u00fcnde ernst genug? Ist Sachsen f\u00fcr Fl\u00fcchtlinge ein sicherer Herkunftsstaat, oder eher nicht?<\/p>\n<p>Und bevor ihr jetzt ergebnislos versucht, Grenzen zu definieren: Sollte man stattdessen nicht endlich \u00fcber das Wirtschaftssystem reden, das \u00fcberall (!) Fluchtursachen erschafft?<\/p>\n<p><a href='https:\/\/www.rubikon.news\/artikel\/es-geht-nicht-um-geld' class='azc_bbc_url'>Klimawandel: Es geht nicht um Geld!<\/a><br \/>\n<span class='azc_bbc_italic'>&#8222;Der Klimawandel soll teuer werden&#8220;, titeln nicht zum ersten Mal diverse Medien und geben eine Forderung der GR\u00dcNEN wieder, einen milliardenschweren Fonds f\u00fcr die Anpassung Deutschlands an die Folgen des Klimawandels einzurichten. Auch der Bauernverband, eine Lobbyorganisation industrieller Agrarunternehmen, forderte in den letzten Wochen Milliarden f\u00fcr die Kompensation ihrer Ernteausf\u00e4lle und damit faktisch Subventionen f\u00fcr ihre den Klimawandel mitverursachende Produktionsweise.<\/p>\n<p>Doch Medien und Politiker, die den Klimawandel auf reine Geldsummen reduzieren, haben NICHTS begriffen. Denn Geld kann die Folgen des Klimawandels nicht abfedern. Wenn Ernten ausfallen und das Trinkwasser knapp wird, was genau soll Geld dann bewirken? Geld kann man weder essen noch trinken. Man kann es nicht auss\u00e4en, um es zu ernten. Geld hat \u00fcberhaupt keinen Nutzen f\u00fcr leidgeplagte Menschen.<\/p>\n<p>Das Geld kann einzig und allein die Profite der Unternehmen absichern. Doch wieso sollte man ausgerechnet die industriellen Agrarunternehmen, die mit ihrer Produktionsweise den Klimawandel beschleunigen, daf\u00fcr auch noch belohnen? Die Subventionen werden die Unternehmer nicht zum Umdenken bringen. Ganz im Gegenteil: Sie werden ihnen suggerieren, dass sie einfach am bestehenden Kurs festhalten k\u00f6nnen, da der Steuerzahler ja f\u00fcr ihre Sch\u00e4den aufkommen wird.<\/p>\n<p>Auch ein Klimafonds, den die GR\u00dcNEN nun einrichten wollen, ist nicht dazu angetan, den Klimawandel direkt zu bek\u00e4mpfen, denn dazu m\u00fcsste man das kapitalistische System anfassen. Der Fonds dient lediglich zur Finanzierung der Folgenbek\u00e4mpfung. Klimafolgenbek\u00e4mpfung ist aber ein Ausdruck politischer Ohnmacht. Was die GR\u00dcNEN uns also offenbaren ist, dass sie selbst aktuell keinen Plan haben.&#8220;<\/span> <a href='https:\/\/www.rubikon.news\/artikel\/es-geht-nicht-um-geld' class='azc_bbc_url'>Weiterlesen&#8230;<\/a><\/p>\n<p>Und zu guter Letzt:<\/p>\n<p><a href='https:\/\/www.eine-zeitung.net\/2018\/08\/28\/wasserwerfer-werden-modifiziert-damit-sie-auch-gegen-rechte-eingesetzt-werden-koennen-2' class='azc_bbc_url'>Polizei l\u00e4sst Wasserwerfer umr\u00fcsten<\/a><br \/>\nBislang funktionierten Wasserwerfer ausschliesslich gegen linke Demonstranten und Stuttgart-21-Kritiker. Nach den Vorf\u00e4llen in Chemnitz denkt man \u00fcber eine Nachr\u00fcstung nach, um auch gegen rechte Demonstranten einsatzf\u00e4hig zu werden.<\/p>\n","protected":false},"excerpt":{"rendered":"<p>\/ Regierung will mehr Elend \/ Gro\u00dfe Koalition hat sich auf Eckpunkte in der Rentenpolitik geeinigt \/ Kaltgestellt \/ Privatisierung: Unabh\u00e4ngige Patientenberatung (UPD) an Pharmalobby verkauft \/ Berliner Schulbauoffensive startet mit Etikettenschwindel \/ Neonaziangriffe in Chemnitz: \u00bbDas Ergebnis stimmt\u00ab \/ Haftbefehl gegen Tatverd\u00e4chtigen ver\u00f6ffentlicht \/ Chemnitz: Verfassungsschutz warnte Polizei fr\u00fch vor Krawallen \/ AfD-Gewaltphantasien: &#8222;Verlage &hellip; <a href=\"https:\/\/www.rume.de\/?p=826\" class=\"more-link\"><span class=\"screen-reader-text\">\u201eAufgelesen und kommentiert 2018-08-29\u201c <\/span>weiterlesen<\/a><\/p>\n","protected":false},"author":1,"featured_media":0,"comment_status":"open","ping_status":"closed","sticky":false,"template":"","format":"standard","meta":{"footnotes":""},"categories":[2],"tags":[],"class_list":["post-826","post","type-post","status-publish","format-standard","hentry","category-aufgelesen"],"_links":{"self":[{"href":"https:\/\/www.rume.de\/index.php?rest_route=\/wp\/v2\/posts\/826","targetHints":{"allow":["GET"]}}],"collection":[{"href":"https:\/\/www.rume.de\/index.php?rest_route=\/wp\/v2\/posts"}],"about":[{"href":"https:\/\/www.rume.de\/index.php?rest_route=\/wp\/v2\/types\/post"}],"author":[{"embeddable":true,"href":"https:\/\/www.rume.de\/index.php?rest_route=\/wp\/v2\/users\/1"}],"replies":[{"embeddable":true,"href":"https:\/\/www.rume.de\/index.php?rest_route=%2Fwp%2Fv2%2Fcomments&post=826"}],"version-history":[{"count":1,"href":"https:\/\/www.rume.de\/index.php?rest_route=\/wp\/v2\/posts\/826\/revisions"}],"predecessor-version":[{"id":827,"href":"https:\/\/www.rume.de\/index.php?rest_route=\/wp\/v2\/posts\/826\/revisions\/827"}],"wp:attachment":[{"href":"https:\/\/www.rume.de\/index.php?rest_route=%2Fwp%2Fv2%2Fmedia&parent=826"}],"wp:term":[{"taxonomy":"category","embeddable":true,"href":"https:\/\/www.rume.de\/index.php?rest_route=%2Fwp%2Fv2%2Fcategories&post=826"},{"taxonomy":"post_tag","embeddable":true,"href":"https:\/\/www.rume.de\/index.php?rest_route=%2Fwp%2Fv2%2Ftags&post=826"}],"curies":[{"name":"wp","href":"https:\/\/api.w.org\/{rel}","templated":true}]}}