{"id":824,"date":"2018-08-28T21:37:07","date_gmt":"2018-08-28T19:37:07","guid":{"rendered":"https:\/\/rume.inrieda.de\/?p=824"},"modified":"2018-08-28T21:37:07","modified_gmt":"2018-08-28T19:37:07","slug":"aufgelesen-und-kommentiert-2018-08-28","status":"publish","type":"post","link":"https:\/\/www.rume.de\/?p=824","title":{"rendered":"Aufgelesen und kommentiert 2018-08-28"},"content":{"rendered":"<p>\/ DIE LINKE deckt auf: Mehr als eine Million Kinder beziehen St\u00fctze f\u00fcr Schulbedarf<br \/>\n\/ Debatte \u00fcber Alterssicherung &#8211; Ein Gastkommentar<br \/>\n\/ Krawalle in Chemnitz: Wie die Polizei eine Stadt den Rechten \u00fcberlie\u00df<br \/>\n\/ Zur Erinnerung: in Sachsen regiert eine CDU-SPD-Regierung<br \/>\n\/ Verfassungsschutz will muslimische Kinder bespitzeln lassen<br \/>\n\/ BILD-Kampagne &#8222;so unsicher ist Deutschland&#8220; biegt sich Zahlen zurecht<br \/>\n\/ Netzpolitik-Podcast zum Polizeigesetz Niedersachsen<br \/>\n\/ Deutsche Beh\u00f6rden ermitteln gegen Erdogan-Kritiker &#8211; in Deutschland<br \/>\n\/ &#8222;Russische Hacker&#8220; eine Marketingkampagne von Microsoft<br \/>\n\/ Bundesregierung kommt bei Open Data und Open Source nicht voran<br \/>\n\/ Neue Hauptstadt der Bewegung<\/p>\n<p>&#8212;<\/p>\n<p><!--more--><\/p>\n<p><a href='http:\/\/www.spiegel.de\/lebenundlernen\/schule\/schule-immer-mehr-kinder-brauchen-unterstuetzung-bei-schulbedarf-a-1225049.html' class='azc_bbc_url'>DIE LINKE deckt auf: Mehr als eine Million Kinder beziehen St\u00fctze f\u00fcr Schulbedarf<\/a><br \/>\nGenau 1.006.163 Sch\u00fcler sind einem Zeitungsbericht zufolge beim Schulbedarf auf staatliche Unterst\u00fctzung angewiesen. Das waren gut 5000 Kinder mehr als ein Jahr zuvor, wie die &#8222;Passauer Neue Presse&#8220; berichtet. Die Zeitung bezieht sich dabei auf eine Antwort der Bundesregierung auf eine Anfrage der LINKEN im Bundestag.<\/p>\n<p>Schon eine tolle Politik, die in einer Gesellschaft, in der die Geburtenrate sinkt (!) trotzdem jedes Jahr immer noch mehr Sch\u00fcler auf soziale Hilfen angewiesen sind. Solche Parteien w\u00e4hlt man doch immer wieder gerne <img class='azc_bbc_image' src='https:\/\/www.rume.de\/smilies\/sarkasm.gif'  \/><\/p>\n<p><a href='https:\/\/www.jungewelt.de\/artikel\/338729.html' class='azc_bbc_url'>Debatte \u00fcber Alterssicherung &#8211; Ein Gastkommentar<\/a><br \/>\nErw\u00e4hnte ich bereits, dass Matthias W. Birkwald zu den besten Rentenexperten im gesamten Bundestag geh\u00f6rt? <img class='azc_bbc_image' src='https:\/\/www.rume.de\/smilies\/biggrin.gif'  \/><\/p>\n<p><a href='http:\/\/www.spiegel.de\/politik\/deutschland\/chemnitz-wie-die-polizei-eine-stadt-den-rechten-ueberliess-a-1225238.html' class='azc_bbc_url'>Krawalle in Chemnitz: Wie die Polizei eine Stadt den Rechten \u00fcberlie\u00df<\/a><br \/>\nGeradezu belustigend, wie Politik und Medien der Pegizei unterst\u00fctzend unter die Arme greift und fl\u00e4chendeckend verbreiten, sie h\u00e4tte den rechten Aufmarsch &#8222;untersch\u00e4tzt&#8220; <img class='azc_bbc_image' src='https:\/\/www.rume.de\/smilies\/clown.gif'  \/> Als ob nicht gerade drei Tage vorher aufflog, dass die Pegizei sich &#8222;im Urlaub&#8220; gerne und oft mit in den rechten Mob einklinkt.<\/p>\n<p>Und \u00fcberrascht es jemanden, dass in unserem (politisch gewollten) RECHTSstaat <a href='http:\/\/www.spiegel.de\/politik\/deutschland\/chemnitz-nach-den-ausschreitungen-alle-boesen-sollen-wieder-gehen-a-1225166.html' class='azc_bbc_url'>Sympathien f\u00fcr die rechten Schl\u00e4ger<\/a> herrscht? Zitat: <span class='azc_bbc_italic'>&#8222;Wir brauchen die Rechtsextremen, wir brauchen Menschen, die mal in den Stadtpark gehen und einen umklatschen. Wenn wir Frauen demonstrieren gehen, w\u00e4re das doch allen egal&#8220;, sagt die 32-J\u00e4hrige. Wegen der m\u00e4nnlichen Fl\u00fcchtlinge f\u00fchle sie sich unwohl. Ihre Freundin nickt. &#8222;Wir m\u00fcssen ein Zeichen setzen, irgendwann ist das Ma\u00df voll&#8220;, begr\u00fcndet ein 66-j\u00e4hriger Rentner, warum er am Montagabend mitmarschieren will. Er tr\u00e4gt eine Deutschlandflagge auf seiner M\u00fctze. Ob er denn keine Bedenken habe, sich mit Nazis gemein zu machen? &#8222;Nein, da habe ich keine Ber\u00fchrungs\u00e4ngste.&#8220;<\/span><\/p>\n<p>Und nicht nur in Sachsen, sondern deutschlandweit ist die Verflechtung der Staatsapparate mit dem Rechtsextremismus bekannt und immer weiter ausgebaut worden. Die gesamte Fl\u00fcchtlingspolitik von CDU\/CSU und SPD ist eine Umsetzung von AfD-Forderungen &#8211; inklusive Lagersystem, Abschottung, Hetze gegen Seenotretter und Massendeportationen selbst in Kriegsgebiete. Der Verfassungsschutz h\u00e4lt &#8222;wohlwollend&#8220; seine Hand \u00fcber die AfD und CDU-Ministerpr\u00e4sidenten stellen sich ganz offen hin und loben die Abschaffung der Pressefreiheit, oder fordern Gerichtsurteile im Namen des &#8222;gesunden Volksempfindens&#8220;. Die SPD unterst\u00fctzt gezielt die AfD, indem sie erneut in eine &#8222;Groko&#8220; geht und der AfD die Oppositionsf\u00fchrerschaft \u00fcbergeben. Und der Bundestags-Vizepr\u00e4sident Oppermann (SPD) ernennt <a href='http:\/\/www.sprengsatz.de\/?p=4527' class='azc_bbc_url'>den AfD-Hetzer Stephan Brandner<\/a> zum Vorsitzenden des Rechtsausschusses im Bundestag.<\/p>\n<p>Jede nun nachtr\u00e4glich vorgetragene Emp\u00f6rung \u00fcber die rassistischen Ausschreitungen ist nichts anderes als schauspielerisches Geheuchel. <a href='http:\/\/tomicek.de\/images\/tomicek_bw\/18_08_28_Sachsen_Rechtsextremismus_f.jpg' class='azc_bbc_url'>Rassismus ist politisch gewollt<\/a>. Denn w\u00e4re Rassismus NICHT gewollt, w\u00fcrden die regierenden Parteien ganz anders handeln, als nur mit folgenlosen Redebeitr\u00e4gen.<\/p>\n<p>Es gibt nur einen einzigen Lichtblick: <a href='https:\/\/78.media.tumblr.com\/aa3ee5b468b6881a76409132e7aa022b\/tumblr_pe4nqhRmTv1tg01n9o1_1280.jpg' class='azc_bbc_url'>Das LKA verspricht l\u00fcckenlose Aufkl\u00e4rung<\/a> <img class='azc_bbc_image' src='https:\/\/www.rume.de\/smilies\/sarkasm.gif'  \/><\/p>\n<p>UPDATE: Auch Sachsens Ministerpr\u00e4sident Kretschmer (CDU) hat endlich den Ernst der Lage erkannt und zur Pressekonferenz eingeladen, um seinen <a href='https:\/\/twitter.com\/lkasachsen\/status\/1034388583321354240' class='azc_bbc_url'>&#8220;Aktionsplan linke Gewalt&#8220;<\/a> vorzustellen <img class='azc_bbc_image' src='https:\/\/www.rume.de\/smilies\/nasiehste.gif'  \/><\/p>\n<p><a href='https:\/\/blog.fdik.org\/2018-08\/s1535438283' class='azc_bbc_url'>Zur Erinnerung: in Sachsen regiert eine CDU-SPD-Regierung<\/a><br \/>\nUnd vergleicht man die Polizeigewalt bei G20 in Hamburg mit deren v\u00f6lligen Ausbleiben in Chemnitz, so wird klar, gegen wen die Regierungen Gewalt einsetzen: gegen Links, und gegen wen nicht: gegen Rechts. Soviel auch nochmal zum angeblichen &#8222;Untersch\u00e4tzen&#8220; des rechten Mobs seitens der Pegizei.<\/p>\n<p>Und noch etwas: F\u00e4llt euch auch auf, wie die Systempresse eifrig bem\u00fcht ist, rechte Aufm\u00e4rsche zu verharmlosen. Sie behauptet n\u00e4mlich immer, dass gegen Pegida\/AfD\/Neonazis stets &#8222;linke Gegendemonstranten&#8220; auftauchen. Ganz so, als ob man nahe dem Linksextremismus st\u00fcnde, wenn man sich dem Rassismus entgegenstellt. So verschiebt sich die &#8222;Politische Mitte&#8220; immer weiter nach rechts, indem man Widerstand gegen Rassismus zum Linksextremismus erkl\u00e4rt. Die Systemmedien unterst\u00fctzen damit genau die Leute, die behaupten: <span class='azc_bbc_italic'>&#8222;Ich bin ja kein Rechter, aber die ganzen Ausl\u00e4nder geh\u00f6ren hier weg.&#8220;<\/span> Denn Rechte sind f\u00fcr unsere Systemmedien einzig und allein die pr\u00fcgelnden Neonazis, aber nicht deren applaudierenden Menschen aus Politik, Medien und b\u00fcrgerlicher Mitte.<\/p>\n<p><a href='http:\/\/www.wsws.org\/de\/articles\/2018\/08\/28\/kind-a28.html' class='azc_bbc_url'>Verfassungsschutz will muslimische Kinder bespitzeln lassen<\/a><br \/>\n<span class='azc_bbc_italic'>&#8222;Der Verfassungsschutz ver\u00f6ffentlichte im Juni ein Papier, welches die \u00dcberwachung muslimischer Kinder und weitere Ma\u00dfnahmen fordert. Dabei gibt er sogar offen zu, dass er Familien \u00fcberwachen will, die sich &#8222;zu keinem Zeitpunkt&#8220; in einem Kampfgebiet befunden haben, geschweige denn jemals Kontakt mit dem &#8222;Islamischen Staat&#8220; hatten. Au\u00dferdem warnt er davor, dass Kleinkinder im Rahmen kleiner Vortr\u00e4ge vor der Gemeinde &#8222;altersgem\u00e4\u00df aktiv in Veranstaltungen eingebunden&#8220; werden &#8211; etwas, das bei den allermeisten christlichen Gemeinden g\u00e4ngige Praxis ist. Besonders verd\u00e4chtig sind dem Geheimdienst neben sozialen Angeboten wie der Kinderbetreuung auch &#8222;Grillfeste&#8220;, &#8222;Ausfl\u00fcge&#8220; oder andere von muslimischen Gemeinden organisierte Freizeitveranstaltungen.<\/p>\n<p>Doch nicht nur die Beh\u00f6rden sollen diese Kinder und ihre Familien bespitzeln. Der Verfassungsschutz fordert eine breitangelegte Kampagne, in welche auch Schulen, Jugend\u00e4mter und Sport\u00advereine eingebunden werden sollen. Gemeinsam sollen sie Informationen \u00fcber &#8222;auff\u00e4llig&#8220; gewordene Kinder und Jugendliche an die staatlichen Stellen weitergeben. &#8222;Auff\u00e4llig&#8220; im Sinne des Verfassungsschutzes ist ein Kind schon dann, wenn es Schulregeln missachtet, religi\u00f6se Redewendungen benutzt, vom Sportunterricht fernbleibt, &#8222;rebellisches Verhalten&#8220; zeigt oder auch allein schon, wenn sie oder er einen Vornamen tr\u00e4gt, der dem Amt verd\u00e4chtig ist. Anhand dieser Kriterien kann jedes Kind, das zuf\u00e4llig mit muslimischen Traditionen in Verbindung gebracht werden kann, im Handumdrehen als &#8222;Gef\u00e4hrder&#8220; und &#8222;Jihadist&#8220; stigmatisiert werden.<\/p>\n<p>Doch der Verfassungsschutz steht mit seinen Forderungen nicht alleine. Am 6. August forderte Herbert Reul (CDU), Landesinnenminister von Nordrhein-Westfalen, bereits entsprechende juristische Instrumente, die den Beh\u00f6rden gestatten, Kinder unter 14 Jahren &#8222;in den Blick nehmen&#8220; zu k\u00f6nnen. Auch der CDU-Sicherheitspolitiker Patrick Sensburg und der Staatssekret\u00e4r im Bundesinnenministerium, Stephan Mayer (CSU), bef\u00fcrworteten dies.<\/p>\n<p>Was ihnen vorschwebt, ist eine gesellschaftliche Atmosph\u00e4re der Vorverurteilung und des Argwohns gegen\u00fcber einer religi\u00f6sen Minderheit, wie sie aus der deutschen und internationalen Geschichte des vergangenen Jahrhunderts nur allzu bekannt ist. Unter Bedingungen der gr\u00f6\u00dften sozialen Ungleichheit seit 1913, explosiver sozialer Wut in der Arbeiterklasse und wachsendem Widerstand der Bev\u00f6lkerung gegen die fl\u00fcchtlingsfeindliche Politik der Bundesregierung, lanciert der Staatsapparat eine rechte Initiative nach der anderen.&#8220;<\/span> <a href='http:\/\/www.wsws.org\/de\/articles\/2018\/08\/28\/kind-a28.html' class='azc_bbc_url'>Weiterlesen&#8230;<\/a><\/p>\n<p>Unn\u00f6tig zu erw\u00e4hnen, dass die Kinder von Neonazi-Eltern nat\u00fcrlich NICHT &#8222;in den Blick zu nehmen&#8220; sind. Deren Eltern sind ja schliesslich die besten Kumpels unserer &#8222;Sicherheitsbeh\u00f6rden&#8220; und somit automatisch vorbildliche Eltern.<\/p>\n<p><a href='https:\/\/bildblog.de\/101326\/eins-ist-sicher-bild-macht-angst' class='azc_bbc_url'>BILD-Kampagne &#8222;so unsicher ist Deutschland&#8220; biegt sich Zahlen zurecht<\/a><br \/>\nNicht \u00fcberraschend, aber man muss doch gelegentlich immer wieder darauf hinweisen. Kurzer Auszug: <span class='azc_bbc_italic'>&#8222;Schaut man sich die Zahlen der Polizeilichen Kriminalstatistik (PKS) f\u00fcr das Jahr 2017, auf der die BILD-Serie haupts\u00e4chlich beruht, selbst an, erkennt man den genau gegenteiligen Trend: Es gab im vergangenen Jahr deutlich weniger erfasste Straftaten (5,76 Mio) als ein Jahr zuvor (6,37 Mio) &#8211; ein R\u00fcckgang von 9,6 Prozent. Mit den knapp 5,76 Millionen Straftaten waren es 2017 so wenige wie seit 1993 (6.750.613) nicht mehr.<\/p>\n<p>Ausserdem: Die Gewaltkriminalit\u00e4t mit Morden, Raubdelikten und K\u00f6rperverletzungen ist gesunken (minus 2,4 Prozent), die Stra\u00dfenkriminalit\u00e4t ist gesunken (minus 8,6 Prozent), die Diebstahlkriminalit\u00e4t ist gesunken (minus 11,8 Prozent) und es gab weniger Beleidigungen (minus 7,7 Prozent). Die Wirtschaftskriminalit\u00e4t ist hingegen gestiegen (plus 28,7 Prozent), genauso die Fallzahl der Vergewaltigungen, sexuellen N\u00f6tigungen und \u00dcbergriffe, wobei das Bundeskriminalamt darauf hinweist, dass &#8222;aufgrund der \u00c4nderungen im Sexualstrafrecht&#8220; ein Vergleich mit dem Vorjahr nicht m\u00f6glich sei.<\/p>\n<p>Solche Details und auch die Zahl der Straftaten insgesamt in Deutschland nennt BILD nicht &#8211; und damit nat\u00fcrlich auch nicht den R\u00fcckgang der Straftaten.&#8220;<\/span> <a href='https:\/\/bildblog.de\/101326\/eins-ist-sicher-bild-macht-angst' class='azc_bbc_url'>Weiterlesen&#8230;<\/a><\/p>\n<p><a href='https:\/\/netzpolitik.org\/2018\/videoueberwachung-fussfesseln-staatstrojaner-netzpolitik-org-podcast-zum-polizeigesetz-niedersachsen' class='azc_bbc_url'>Netzpolitik-Podcast zum Polizeigesetz Niedersachsen<\/a><br \/>\nNiedersachsen steht \u00fcbrigens nur exemplarisch f\u00fcr eine ganze Batterie an erweiterten Polizeibefugnissen, die gerade fl\u00e4chendeckend \u00fcber ganz Deutschland ausgerollt werden. <a href='http:\/\/www.wsws.org\/de\/articles\/2018\/08\/27\/brand-a27.html' class='azc_bbc_url'>Auch von den LINKEN in Brandenburg<\/a>.<\/p>\n<p><a href='https:\/\/www.ndr.de\/nachrichten\/mecklenburg-vorpommern\/tuerkei1124.html' class='azc_bbc_url'>Deutsche Beh\u00f6rden ermitteln gegen Erdogan-Kritiker &#8211; in Deutschland<\/a><br \/>\nDer NDR berichtet: <span class='azc_bbc_italic'>&#8222;Ibrahim \u00d6. aus Neustrelitz in Mecklenburg-Vorpommern lebt bereits seit Jahren in Deutschland und soll bei Facebook insgesamt vier Erdogan-kritische Beitr\u00e4ge geteilt &#8211; nicht selbst verfasst &#8211; haben. Eine t\u00fcrkische Staatsanwaltschaft in Igdir er\u00f6ffnete daraufhin ein Strafverfahren gegen den Mann. Der Vorwurf: Mitgliedschaft in der terroristischen Vereinigung PKK und Beleidigung des Staatspr\u00e4sidenten der T\u00fcrkei. Doch anstatt eine solche Anfrage unbeantwortet zu lassen, wurde Ibrahim \u00d6. von der Polizei vorgeladen und als Beschuldigter in einem Strafverfahren &#8222;wegen Beleidigung des t\u00fcrkischen Pr\u00e4sidenten Erdogan&#8220; vernommen. &#8222;Wenn die Staatsanwaltschaft nun auch noch die pers\u00f6nlichen Daten meines Mandanten an die t\u00fcrkischen Beh\u00f6rden \u00fcbersendet und ihn und seine Familie damit gef\u00e4hrdet, ist der Justizskandal komplett&#8220;, erkl\u00e4rt Rechtsanwalt Theune.&#8220;<\/span><\/p>\n<p><a href='https:\/\/fm4.orf.at\/stories\/2932044' class='azc_bbc_url'>&#8220;Russische Hacker&#8220; eine Marketingkampagne von Microsoft<\/a><br \/>\n<span class='azc_bbc_italic'>&#8222;Alle kolportierten neuen Angriffe der letzten Wochen stellen sich im Faktencheck als \u00fcberzogen und gro\u00dfteils einfach falsch heraus. Die Meldungen kamen von Microsoft und anderen Firmen, die neue Sicherheits-Software verkaufen wollen&#8220;<\/span>, meldet das ORF. Und zeitgleich wird bekannt, dass der ebenfalls an die grosse Glocke geh\u00e4ngte &#8222;russische Hackerangriff&#8220; auf die Demokratische Partei in den USA <a href='https:\/\/heise.de\/-4144757' class='azc_bbc_url'>nur ein interner Sicherheitstest der eigenen IT-Abteilung war<\/a>.<\/p>\n<p>Aber hey: Wozu auch recherchieren, wenn man als Qualit\u00e4tsjournalist auch einfach 1:1 die politisch gewollten Behauptungen der Regierung \u00fcber &#8222;die b\u00f6sen Russen&#8220; verbreiten kann? <img class='azc_bbc_image' src='https:\/\/www.rume.de\/smilies\/nasiehste.gif'  \/><\/p>\n<p><a href='https:\/\/heise.de\/-4145803' class='azc_bbc_url'>Bundesregierung kommt bei Open Data und Open Source nicht voran<\/a><br \/>\n\u00c4h, wie bitte? Will die Bundesregierung das denn \u00fcberhaupt? Oder ist nicht viel mehr Heimlichtuerei und Aktenschreddern ihre Hauptaufgabe? Privatisierungen sind immer Geheimvertr\u00e4ge, Verhandlungen \u00fcber &#8222;Freihandel&#8220; laufen ebenfalls stets geheim, die gesamte Bankenrettung war trotz 480 Milliarden Euro vollst\u00e4ndig geheim &#8211; denn alles, was die Bundesregierung betreibt, ist KEINE Regierungsarbeit, sondern die Durchsetzung von Konzerninteressen. Und Konzernstrategien sind (nat\u00fcrlich) immer geheim. Und genau deswegen wird das unter kapitalistischen Parteien auch niemals etwas werden mit &#8222;Open Data&#8220; und Transparenz.<\/p>\n<p>Ex-Innenminister Maiziere (CDU) sagte schon v\u00f6llig zurecht: <span class='azc_bbc_italic'>&#8222;Die Antwort k\u00f6nnte die Bev\u00f6lkerung verunsichern&#8220;<\/span> <img class='azc_bbc_image' src='https:\/\/www.rume.de\/smilies\/sarkasm.gif'  \/><\/p>\n<p>Und damit die Politiker nicht vom Wahlvieh &#8222;verunsichert&#8220; wird, macht man den eben nackig: Biometrische Daten, Mautsystem, Staatstrojaner, Vorratsdaten, Polizeigesetze, Video\u00fcberwachung, Gesichtserkennung, Passagierdatenerfassung, Fingerabdruck im Ausweis, Kennzeichenscanner und alles weitere, das man ganz modern als <a href='https:\/\/www.youtube.com\/watch?v=WY6KkRsS26M' class='azc_bbc_url'>&#8220;Cyber&#8220;<\/a> bezeichnet.<\/p>\n<p>Und das Beste: Weit \u00fcber 80 Prozent der W\u00e4hler finden das sogar super und w\u00e4hlen ihre Nackigmacher immer wieder gerne <img class='azc_bbc_image' src='https:\/\/www.rume.de\/smilies\/nasiehste.gif'  \/><\/p>\n<p>Und zu guter Letzt:<\/p>\n<p><a href='https:\/\/www.stuttmann-karikaturen.de\/karikaturen\/2018\/reichsparteitag_kol.jpg' class='azc_bbc_url'>Neue Hauptstadt der Bewegung<\/a><br \/>\nWie gut, dass sich da nicht einfach nur <a href='http:\/\/www.harm-bengen.de\/toonpool\/2018%2008%2027%20Chemnitz-Mob-FARBE.jpg' class='azc_bbc_url'>zwei Deutsche gepr\u00fcgelt<\/a> haben <img class='azc_bbc_image' src='https:\/\/www.rume.de\/smilies\/nasiehste.gif'  \/><\/p>\n","protected":false},"excerpt":{"rendered":"<p>\/ DIE LINKE deckt auf: Mehr als eine Million Kinder beziehen St\u00fctze f\u00fcr Schulbedarf \/ Debatte \u00fcber Alterssicherung &#8211; Ein Gastkommentar \/ Krawalle in Chemnitz: Wie die Polizei eine Stadt den Rechten \u00fcberlie\u00df \/ Zur Erinnerung: in Sachsen regiert eine CDU-SPD-Regierung \/ Verfassungsschutz will muslimische Kinder bespitzeln lassen \/ BILD-Kampagne &#8222;so unsicher ist Deutschland&#8220; biegt &hellip; <a href=\"https:\/\/www.rume.de\/?p=824\" class=\"more-link\"><span class=\"screen-reader-text\">\u201eAufgelesen und kommentiert 2018-08-28\u201c <\/span>weiterlesen<\/a><\/p>\n","protected":false},"author":1,"featured_media":0,"comment_status":"open","ping_status":"closed","sticky":false,"template":"","format":"standard","meta":{"footnotes":""},"categories":[2],"tags":[],"class_list":["post-824","post","type-post","status-publish","format-standard","hentry","category-aufgelesen"],"_links":{"self":[{"href":"https:\/\/www.rume.de\/index.php?rest_route=\/wp\/v2\/posts\/824","targetHints":{"allow":["GET"]}}],"collection":[{"href":"https:\/\/www.rume.de\/index.php?rest_route=\/wp\/v2\/posts"}],"about":[{"href":"https:\/\/www.rume.de\/index.php?rest_route=\/wp\/v2\/types\/post"}],"author":[{"embeddable":true,"href":"https:\/\/www.rume.de\/index.php?rest_route=\/wp\/v2\/users\/1"}],"replies":[{"embeddable":true,"href":"https:\/\/www.rume.de\/index.php?rest_route=%2Fwp%2Fv2%2Fcomments&post=824"}],"version-history":[{"count":1,"href":"https:\/\/www.rume.de\/index.php?rest_route=\/wp\/v2\/posts\/824\/revisions"}],"predecessor-version":[{"id":825,"href":"https:\/\/www.rume.de\/index.php?rest_route=\/wp\/v2\/posts\/824\/revisions\/825"}],"wp:attachment":[{"href":"https:\/\/www.rume.de\/index.php?rest_route=%2Fwp%2Fv2%2Fmedia&parent=824"}],"wp:term":[{"taxonomy":"category","embeddable":true,"href":"https:\/\/www.rume.de\/index.php?rest_route=%2Fwp%2Fv2%2Fcategories&post=824"},{"taxonomy":"post_tag","embeddable":true,"href":"https:\/\/www.rume.de\/index.php?rest_route=%2Fwp%2Fv2%2Ftags&post=824"}],"curies":[{"name":"wp","href":"https:\/\/api.w.org\/{rel}","templated":true}]}}