{"id":822,"date":"2018-08-27T21:22:40","date_gmt":"2018-08-27T19:22:40","guid":{"rendered":"https:\/\/rume.inrieda.de\/?p=822"},"modified":"2018-08-27T21:22:40","modified_gmt":"2018-08-27T19:22:40","slug":"aufgelesen-und-kommentiert-2018-08-27","status":"publish","type":"post","link":"https:\/\/www.rume.de\/?p=822","title":{"rendered":"Aufgelesen und kommentiert 2018-08-27"},"content":{"rendered":"<p>\/ Langzeitstudie zeigt: Hartz IV-Sanktionen geh\u00f6ren abgeschafft<br \/>\n\/ Jedes dritte Kind lebt in Deutschland unter der Armutsgrenze<br \/>\n\/ Tafel in Pl\u00f6n stolz: &#8222;So fertigen wir die Armen ab&#8220;<br \/>\n\/ Bei Erwerbsminderung: Im Schnitt nur 716 Euro im Monat<br \/>\n\/ Regierungsberater: Sozialen Wohnungsbau zur\u00fcckfahren<br \/>\n\/ Piketty: Weltweite Ungleichheit, d\u00fcstere Aussicht<br \/>\n\/ Bundesarbeitsgericht lockert Regeln f\u00fcr Video\u00fcberwachung bei K\u00fcndigungen<br \/>\n\/ Urteil: Hausdurchsuchung bei den &#8222;Zwiebelfreunden&#8220; war rechtswidrig<br \/>\n\/ Brandenburg: Rot-rote Landesregierung plant drastisches Polizeigesetz<br \/>\n\/ Pegizei: Sieben Journalisten erz\u00e4hlen<br \/>\n\/ Polizei Stuttgart: &#8222;Die Pressefreiheit endet hier&#8220;<br \/>\n\/ Pegizei: Die Faschisierung des Staatsapparates kommt in Fahrt<br \/>\n\/ Sachsen: Enge Verbindung zwischen Rechtsextremen, Polizei und Regierung<br \/>\n\/ Rassismus: Im Namen der Staatsr\u00e4son<br \/>\n\/ Rechtswidrige Abschiebung von Sami A.: Seehofer h\u00e4lt Regierungsakten geheim<br \/>\n\/ Rechter Fl\u00fcgel der CSU will mit AfD Rassisten koalieren<br \/>\n\/ Minderj\u00e4hrige bei der Bundeswehr: &#8222;Vor zwei Jahren hab ich noch mit Playmobil gespielt&#8220;<br \/>\n\/ 1,9 Millionen Deutsche streamen illegal Fernsehserien<br \/>\n\/ Hergestellt aus der Region<\/p>\n<p>&#8212;<\/p>\n<p><!--more--><\/p>\n<p><a href='https:\/\/www.neues-deutschland.de\/artikel\/1098125.html' class='azc_bbc_url'>Langzeitstudie zeigt: Hartz IV-Sanktionen geh\u00f6ren abgeschafft<\/a><br \/>\nEin Interview mit Natalie Grimm, der Autorin der Studie. Kurzer Auszug: <span class='azc_bbc_italic'>&#8222;Bei einigen Beziehenden gelingt es vielleicht durch diesen Druck, sie schnell in irgendein prek\u00e4res Leiharbeitsverh\u00e4ltnis zu dr\u00e4ngen. Allerdings ist da dann nach kurzer Zeit f\u00fcr sie oft wieder Schluss, ohne dass ein Anspruch auf Arbeitslosengeld 1 aufgebaut werden konnte. Dann landet man wieder im Arbeitslosengeld II-Bezug. Das hat verheerende Konsequenzen f\u00fcr die Betroffenen. Sie f\u00fchlen sich perspektivlos, depressiv und k\u00f6nnen zum Teil am normalen sozialen Leben kaum teilhaben. Bei den Sanktionierten l\u00f6sen diese Ma\u00dfnahmen oft einen Teufelskreis aus. Die Sanktionen versetzen Menschen zum Teil in echte Notlagen.&#8220;<\/span> <a href='https:\/\/www.neues-deutschland.de\/artikel\/1098125.html' class='azc_bbc_url'>Weiterlesen&#8230;<\/a><\/p>\n<p>\u00dcbrigens: Die oft und gerne zitierten &#8222;Sanktionen wegen vers\u00e4umter Termine&#8220; sind nichts anderes <a href='https:\/\/www.deutschlandfunk.de\/jobcenter-arbeitslose-wehren-sich-gegen-meldepflicht.769.de.html?dram:article_id=426258' class='azc_bbc_url'>als ein Schikaneinstrument der Sanktionscenter<\/a>. Diese lassen die Kapitalismusopfer n\u00e4mlich oft und gerne &#8222;einfach so&#8220; antanzen, in der Hoffnung, dass solch ein Sinnlos-Termin abgelehnt wird &#8211; um dann eine Sanktion zu verh\u00e4ngen. Oder wie es der Deutschlandfunk berichtet: <span class='azc_bbc_italic'>&#8222;Der eigentliche Zweck des Termins wird \u00fcberhaupt nicht genannt. Oft dauerten solche Gespr\u00e4che dann nur wenige Minuten &#8211; eine Art ziellose Plauderei. Im Grunde k\u00f6nnte vieles auch schriftlich oder per Telefonat gekl\u00e4rt werden.&#8220;<\/span><\/p>\n<p><a href='https:\/\/www.jungewelt.de\/artikel\/338392.html' class='azc_bbc_url'>Jedes dritte Kind lebt in Deutschland unter der Armutsgrenze<\/a><br \/>\n<span class='azc_bbc_italic'>&#8222;Bisherige Studien erfassten nur Kinder, f\u00fcr die der Staat existenzsichernde Sozialleistungen zahlt, wie Hartz IV, Kinderzuschlag oder Wohngeld. Das waren zuletzt etwa drei Millionen unter 18j\u00e4hrige. Z\u00e4hlt man aber auch Familien dazu, die Anspruch darauf haben, dies aber nicht nutzen, ist die Zahl armer Kinder deutlich h\u00f6her. Wie eine Antwort der Bundesregierung auf eine Anfrage der GR\u00dcNEN vom Juni dieses Jahres ergab, beziehen etwa die H\u00e4lfte aller eigentlich anspruchsberechtigten Familien kein aufstockendes Hartz IV. Allein davon seien rund 850.000 Kinder betroffen. Der Rest verzichte auf Kinderzuschlag, Sozialhilfe oder Wohngeld. Diese Kinder fielen durch das Raster und ihre Zahl sei der Bundesregierung auch bekannt.&#8220;<\/span><\/p>\n<p>Nun bin ich ja kein Freund der SPD und ihrer angeblichen Erneuerung. Aber hier k\u00f6nnte die SPD doch kurzerhand das Gesetz \u00e4ndern, damit die Anspruchsberechtigten automatisch die zustehende Unterst\u00fctzung ausgezahlt bekommen &#8211; ohne b\u00fcrokratische Schikanen. Das w\u00e4re noch nicht einmal ein Ausbau des Sozialstaates, sondern lediglich die Sicherstellung, dass die Unterst\u00fctzung auch bei den Berechtigten ankommt.<\/p>\n<p>Aber selbst das erkennt die SPD nicht, oder will es auch gar nicht. Und nennt ihre Regierungsarbeit trotzdem &#8222;Erneuerung&#8220; und hofft auf Wahlerfolge.<\/p>\n<p><a href='http:\/\/www.kn-online.de\/Lokales\/Ploen\/Nachhaltige-Jugendbegnung-Die-Ploener-Tafel-hatte-Besuch-aus-China' class='azc_bbc_url'>Tafel in Pl\u00f6n stolz: &#8222;So fertigen wir die Armen ab&#8220;<\/a><br \/>\nDie Stadt Pl\u00f6n in Schleswig Holstein hatte Besuch aus China. Im Rahmen der internationalen Jugendbegegnung &#8222;innovative Projekte&#8220; pr\u00e4sentierte man den Chinesen stolz ihre Tafel, wo weggeworfene Lebensmittel der Superm\u00e4rkte unters Volk gebracht wird. <span class='azc_bbc_italic'>&#8222;Eine ziemlich gute Sache&#8220;<\/span> und <span class='azc_bbc_italic'>&#8222;Von diesem Projekt k\u00f6nnen wir eine Menge lernen&#8220;<\/span> steht dann auch Bericht.<\/p>\n<p>Bl\u00f6d nur, dass die Tafel gar nicht mit der (politisch gewollten) Volksverarmungspolitik mithalten kann. Zitat: <span class='azc_bbc_italic'>&#8222;Bedauerlich ist, dass sie gerade wieder einen Aufnahmestopp aussprechen mussten. Zwar verteilt er mit rund 85 ehrenamtlichen Helfern zum Preis von zwei Euro gespendete Waren von Partnern in der Umgebung an 800 bed\u00fcrftige Menschen. Aber es reicht einfach nicht. &#8222;Man schickt ja ungern jemanden weg, aber manchmal geht es nicht anders.&#8220;<\/span><\/p>\n<p>Aber hey: Diese &#8222;faszinierende&#8220; Tafel ist doch eine tolle Sache &#8211; und keinesfalls ein Grund, als Qualit\u00e4tsjournalist \u00fcber das kapitalistische System nachzudenken, dass immer mehr Menschen in die Warteschlangen der Tafeln zwingt <img class='azc_bbc_image' src='https:\/\/www.rume.de\/smilies\/nasiehste.gif'  \/><\/p>\n<p><a href='https:\/\/www.tagesspiegel.de\/politik\/22934888.html' class='azc_bbc_url'>Bei Erwerbsminderung: Im Schnitt nur 716 Euro im Monat<\/a><br \/>\nWer krank wird und nicht mehr weiterarbeiten kann, wird von CDU\/CSU\/SPD\/FDP\/GR\u00dcNE lachend in die Armut abgeschoben. Denn wer &#8222;nicht funktioniert&#8220;, der steht unter Finanzierungsvorbehalt. Das haben ALLE bislang in der Bundesregierung t\u00e4tigen Parteien so gewollt &#8211; und das wird von den Deutschen jubelnd mit breiter Mehrheit angekreuzt.<\/p>\n<p>\u00dcbrigens: Wer seinen Lebensstil derart massiv \u00fcberzogen hat, dass sein Einkommen gepf\u00e4ndet werden muss, hat ein Anrecht auf <a href='https:\/\/www.buzer.de\/s1.htm?g=Pf%C3%A4ndungsfreigrenzenbekanntmachung+2017&#038;a=Anhang' class='azc_bbc_url'>1.139 Euro monatlich als Freigrenze<\/a>. Wer hingegen krank wird (z.B. Herzinfarkt, Krebs, Schlaganfall usw.) und deshalb nicht mehr weiterarbeiten kann, wird lachend mit 716 Euro abserviert. Es muss ja schliesslich sozial gerecht zugehen hier in Deutschland <img class='azc_bbc_image' src='https:\/\/www.rume.de\/smilies\/sarkasm.gif'  \/><\/p>\n<p><a href='https:\/\/www.deutschlandfunk.de\/gutachten-regierungsberater-sozialen-wohnungsbau.766.de.html?dram:article_id=426251' class='azc_bbc_url'>Regierungsberater: Sozialen Wohnungsbau zur\u00fcckfahren<\/a><br \/>\n<span class='azc_bbc_italic'>&#8222;Ein Beratergremium der Bundesregierung empfiehlt in einem Gutachten, die Mietpreisbremse zu streichen und den sozialen Wohnungsbau zur\u00fcckzufahren&#8220;<\/span>, berichtet der Deutschlandfunk. Es gibt n\u00e4mlich mehr als genug Wohnungen, nur die Leute wollen daf\u00fcr eben nicht zahlen.<\/p>\n<p>Seht ihr: <a href='http:\/\/www.harm-bengen.de\/toonpool\/2018%2008%2024%20Beirat_und_Wohnungsbau-FARBE.jpg' class='azc_bbc_url'>Erstklassige Leute<\/a>, von denen sich die Bundesregierung beraten l\u00e4sst, oder? <img class='azc_bbc_image' src='https:\/\/www.rume.de\/smilies\/sarkasm.gif'  \/><\/p>\n<p>Aber deren &#8222;Begr\u00fcndung&#8220; kann man auch noch auf andere Themenfelder ausweiten. Zum Beispiel die Schere zwischen Arm und Reich. Die Leute sind n\u00e4mlich gar nicht arm, denn Produkte gibt es ja genug im Schaufenster. Sie wollen halt nur nicht daf\u00fcr zahlen <img class='azc_bbc_image' src='https:\/\/www.rume.de\/smilies\/sarkasm.gif'  \/><\/p>\n<p><a href='https:\/\/www.taz.de\/!5527899' class='azc_bbc_url'>Piketty: Weltweite Ungleichheit, d\u00fcstere Aussicht<\/a><br \/>\nTrotz des Aufstiegs von China und Indien besitzt das \u00e4rmere Dreiviertel der Menschheit nur zehn Prozent des globalen Verm\u00f6gens. Das obere eine Prozent hingegen besitzt doppelt so viel: 20 Prozent. Tendenz steigend. Falls sich die globale Verm\u00f6gensverteilung so weiterentwickelt, wird Piketty &#038; Co zufolge 2050 das reichste Prozent so viel besitzen wie die globale Mittelschicht.<\/p>\n<p><a href='https:\/\/www.handelsblatt.com\/politik\/deutschland\/22944618.html' class='azc_bbc_url'>Bundesarbeitsgericht lockert Regeln f\u00fcr Video\u00fcberwachung bei K\u00fcndigungen<\/a><br \/>\nDas Bundesarbeitsgericht hat praktisch die H\u00f6chstspeicherdauer f\u00fcr Video\u00fcberwachung abgeschafft. Ein Mitarbeiter ist gek\u00fcndigt worden, weil er \u00fcber ein halbes Jahr sp\u00e4ter auf einer Videoaufnahme \u00fcberf\u00fchrt wurde. Und Nein, ich habe nichts an der K\u00fcndigung zu kritisieren, sondern an der Video\u00fcberwachung. Es ist absolut nicht hinnehmbar, dass man monatelang alles filmt und nicht zeitnah ausgewertet &#8211; und dann wieder beendet. Mit diesem Urteil hat das Bundesarbeitsgericht n\u00e4mlich eine pauschale Video\u00fcberwachung aller Arbeitnehmer bewilligt.<\/p>\n<p>Die <span class='azc_bbc_strike'>Arbeitgeber<\/span> Ausbeuter werden sich freuen. Die k\u00f6nnen jetzt \u00fcberall Videokameras aufstellen, um ihre Lohnsklaven zu \u00fcberwachen. <span class='azc_bbc_italic'>&#8222;Irgendwann wird sich schon etwas finden lassen&#8220;<\/span>, so das Motto.<\/p>\n<p>Quizfrage: H\u00e4tte das Bundesarbeitsgericht wohl genauso entscheiden, wenn Arbeitnehmer mit Bodycams herumlaufen und pausenlos mitfilmen, wie sie von ihrem <span class='azc_bbc_strike'>Arbeitgeber<\/span> Ausbeuter drangsaliert werden, um dann das \u00fcber ein halbes Jahr angesammelte Material f\u00fcr eine Klage vor Gericht einzureichen?<\/p>\n<p><a href='https:\/\/netzpolitik.org\/2018\/gericht-urteilt-durchsuchung-bei-zwiebelfreunden-war-rechtswidrig' class='azc_bbc_url'>Urteil: Hausdurchsuchung bei den &#8222;Zwiebelfreunden&#8220; war rechtswidrig<\/a><br \/>\nDas war zu erwarten.<\/p>\n<p>Viel Interessanter ist aber die Vorgehensweise, die seitens der Staatsmacht inzwischen wieder f\u00fcr lohnenswert angesehen wird. W\u00e4hrend man in der DDR und sogar unter Adolf vorher zumindest noch Gesetze erlassen hat, mit denen sie Staatsterrorismus &#8222;legitimieren&#8220;, geht man im modernen Deutschland inzwischen einfach rechtswirig vor und danach die (folgenlose) R\u00fcge vor Gericht.<\/p>\n<p>Hintergrund: W\u00e4hrend man staatliche Terrorgesetze vor dem Bundesverfassungsgericht bek\u00e4mpfen kann, muss man bei illegalem Handeln des Staatsapparates stets privat den Klageweg beschreiten &#8211; was viel Geld und Arbeit kostet. Und bis man sein Recht erk\u00e4mpft hat, hat der Unterdr\u00fcckungsapparat l\u00e4ngst Fakten geschaffen und alle Dateien, die man auf legalem rechtsstaatlichen Weg niemals bekommen w\u00fcrde, halt lachend auf dem rechtswidrigen Weg an sich gerissen. <a href='http:\/\/www.wsws.org\/de\/articles\/2018\/07\/18\/such-j18.html' class='azc_bbc_url'>War ja nicht die einzige Willk\u00fcr-Razzia<\/a>.<\/p>\n<p>Und einen Straftatbestand wie z.B. Amtsmissbrauch gibt es in Deutschland nicht. <a href='https:\/\/de.wikipedia.org\/wiki\/Amtsmissbrauch_(Deutschland)' class='azc_bbc_url'>Hatte die NSDAP damals abgeschafft<\/a> und von CDU\/CSU\/SPD\/FDP\/GR\u00dcNE &#8222;sicherheitshalber&#8220; nicht wieder eingef\u00fchrt. <span class='azc_bbc_italic'>&#8222;Man weiss ja nie, ob man nicht doch mal Amtsmissbrauch begehen muss&#8220;<\/span>, so ein Regierungssprecher.<\/p>\n<p>Ab wann nochmal genau spricht man von einem Unrechtsstaat?<\/p>\n<p>Ach ja: Und w\u00e4hrend &#8222;Tagesschau&#8220; und &#8222;Heute Journal&#8220; nat\u00fcrlich sofort \u00fcber jede Unterdr\u00fcckung und Razzia in Russland berichtet, verschweigt man dasselbe Vorgehen der Bundesregierung &#8222;vorsichtshalber&#8220; dem deutschen W\u00e4hler.<\/p>\n<p><a href='http:\/\/www.wsws.org\/de\/articles\/2018\/08\/27\/brand-a27.html' class='azc_bbc_url'>Brandenburg: Rot-rote Landesregierung plant drastisches Polizeigesetz<\/a><br \/>\nHinter dem R\u00fccken der Bev\u00f6lkerung arbeiten alle etablierten Parteien daran, Deutschland in einen Polizeistaat zu verwandeln. Im Mai wurde in Bayern das sch\u00e4rfste Polizeigesetz seit 1945 durchgesetzt (<a href='https:\/\/www.taz.de\/!5529642' class='azc_bbc_url'>Neues Polizeigesetz in Bayern: Ohne Anklage im Gef\u00e4ngnis<\/a>) und im vergangenen November hatte bereits die von den GR\u00dcNEN gef\u00fchrte Regierung in Baden-W\u00fcrttemberg das dortige Polizeigesetz versch\u00e4rft. Jetzt zieht auch Brandenburg nach. Das Bundesland, das seit Ende 2014 von einer rot-roten Koalition regiert wird, ist somit das erste mit Regierungsbeteiligung der LINKEN, das ein neues Polizeigesetz erhalten soll.<\/p>\n<p>\u00dcbrigens: Brandenburgs aktueller Polizeipr\u00e4sident ist Hans-J\u00fcrgen M\u00f6rke, der bis zur Wende Leiter des Volkspolizei-Kreisamtes Nauen war. M\u00f6rke war damit laut Tagesspiegel &#8222;nicht nur f\u00fcr Kriminal-, Schutz- und Verkehrspolizei verantwortlich, sondern auch f\u00fcr die ber\u00fcchtigte Abteilung K1, also die politische Polizei, einer Art Staatssicherheit der Volkspolizei, die mit geheimdienstlichen Mitteln arbeitete&#8220;. Gelernt ist eben gelernt <img class='azc_bbc_image' src='https:\/\/www.rume.de\/smilies\/nasiehste.gif'  \/><\/p>\n<p><a href='https:\/\/krautreporter.de\/2594-sachsen-hutburger-und-die-polizei-sieben-journalisten-erzahlen-was-sie-erlebt-haben' class='azc_bbc_url'>Pegizei: Sieben Journalisten erz\u00e4hlen<\/a><br \/>\nHaben s\u00e4chsische Journalisten h\u00e4ufiger Probleme mit der Polizei? Der Journalist Josa Mania-Schlegel hat f\u00fcr die &#8222;Krautreporter&#8220; bei seinen s\u00e4chsischen Kollegen nachgefragt &#8211; und Geschichten geh\u00f6rt, die dem des ZDF erstaunlich \u00e4hnlich sind.<\/p>\n<p>\u00dcbrigens: Im neuen Polizeigesetz von Sachsen steht explizit drin, dass <a href='https:\/\/www.sachsen-fernsehen.de\/protestaktionen-gegen-neues-polizeigesetz-476410' class='azc_bbc_url'>die Pegizei jederzeit die Pressefreiheit beenden kann<\/a>. Sie muss nur behaupten, es bestehe &#8222;eine Gefahrensituation&#8220;. Zitat aus dem Bericht: <span class='azc_bbc_italic'>&#8222;Das ist ein drastischer Eingriff in die Pressefreiheit, den es in der Bundesrepublik so seit 1945 nicht mehr gegeben hat.&#8220;<\/span><\/p>\n<p>Dazu passt auch:<\/p>\n<p><a href='https:\/\/www.neues-deutschland.de\/artikel\/1098596.html' class='azc_bbc_url'>Polizei Stuttgart: &#8222;Die Pressefreiheit endet hier&#8220;<\/a><br \/>\nNach dem grossen Erfolg in Dresden nun auch in Stuttgart. Und v\u00f6llig \u00fcberraschend <img class='azc_bbc_image' src='https:\/\/www.rume.de\/smilies\/clown.gif'  \/> besch\u00fctzt die Polizei mal wieder ihre rechtsextremen Kumpels.<\/p>\n<p><a href='https:\/\/www.jungewelt.de\/artikel\/338498.html' class='azc_bbc_url'>Pegizei: Die Faschisierung des Staatsapparates kommt in Fahrt<\/a><br \/>\nPegida entspricht nicht nur dem selbsternannten &#8222;Volksempfinden&#8220;, sondern wie nun aufflog, auch dem Empfinden des Landeskriminalamtes.<\/p>\n<p>Dazu passt auch:<\/p>\n<p><a href='http:\/\/www.wsws.org\/de\/articles\/2018\/08\/25\/pegi-a25.html' class='azc_bbc_url'>Sachsen: Enge Verbindung zwischen Rechtsextremen, Polizei und Regierung<\/a><br \/>\nBeiden Berichten gibt es nichts hinzuzuf\u00fcgen.<\/p>\n<p><a href='http:\/\/www.ossietzky.net\/15-2018&#038;textfile=4454' class='azc_bbc_url'>Rassismus: Im Namen der Staatsr\u00e4son<\/a><br \/>\nEin R\u00fcckblick auf die \u00fcber 50 Jahre andauernde Geschichte der rechtsextremen Verharmlosung &#8211; angefangen 1962 mit dem allerersten Verfassungsschutzbericht bis zur heutigen NSU-Mordserie und dessen Nichtaufkl\u00e4rung.<\/p>\n<p><a href='https:\/\/www.tagesspiegel.de\/politik\/22950958.html' class='azc_bbc_url'>Rechtswidrige Abschiebung von Sami A.: Seehofer h\u00e4lt Regierungsakten geheim<\/a><br \/>\nUnter dem Motto &#8222;Ausl\u00e4nder raus&#8220; werden inzwischen ja auch Menschen abgeschoben, bei denen Gerichte deren Abschiebung verboten oder \u00fcber deren Asylbescheid noch gar nicht entschieden hat. Und Sami A. ist ja nur ein Fall von vielen.<\/p>\n<p>\u00dcbrigens ist der Tagesspiegel-Bericht schon wieder derart widerlich geschrieben, dass es ein Vorzeigebeispiel f\u00fcr den Niedergang der selbsternannten Qualit\u00e4tspresse ist. Wer nicht gewillt ist, den Begriff &#8222;Gef\u00e4hrder&#8220; zu erkl\u00e4ren (das sind n\u00e4mlich Unschuldige, die trotzdem irgendjemand f\u00fcr gef\u00e4hrlich h\u00e4lt) und die gesamte Rechtsbeugung der Bundesregierung als &#8222;tricksen&#8220; verharmlost, der betreibt keinen Journalismus sondern Regierungspropaganda.<\/p>\n<p><a href='http:\/\/internetz-zeitung.eu\/index.php\/4904-w%C3%A4hler-warnung-rechter-fl%C3%BCgel-der-csu-will-mit-afd-rassisten-koalieren' class='azc_bbc_url'>Rechter Fl\u00fcgel der  CSU will mit AfD Rassisten koalieren<\/a><br \/>\nOb die CSU nun mit der FDP, der SPD, oder der AfD (bzw. GR\u00dcNEN oder LINKEN) den Kapitalismus verwaltet d\u00fcrfte unterm Strich f\u00fcr die Normalbev\u00f6lkerung wohl ziemlich egal sein. In JEDEM Bundesland ging bislang die Schere zwischen Arm und Reich immer weiter auseinander &#8211; egal ob man eine rassistische &#8222;Ausl\u00e4nder raus&#8220; Politik betreibt, den Konzernen jeden \u00fcbrig gebliebenen Euro in den Arsch schiebt, oder sich an oberfl\u00e4chlichen Sozilreformen versucht.<\/p>\n<p>Wir k\u00f6nnen entweder eine Politik f\u00fcr die Menschen haben, oder Kapitalismus &#8211; aber nicht beides <img class='azc_bbc_image' src='https:\/\/www.rume.de\/smilies\/nasiehste.gif'  \/><\/p>\n<p><a href='https:\/\/www.deutschlandfunk.de\/minderjaehrige-rekruten-bei-der-bundeswehr-vor-zwei-jahren.1773.de.html?dram:article_id=426163' class='azc_bbc_url'>Minderj\u00e4hrige bei der Bundeswehr: &#8222;Vor zwei Jahren hab ich noch mit Playmobil gespielt&#8220;<\/a><br \/>\nEin Bericht aus Deutschland &#8211; und NICHT aus dem &#8222;b\u00f6sen Russland&#8220;.<\/p>\n<p><a href='https:\/\/www.futurezone.de\/digital-life\/article215174807\/Millionen-Deutsch-streamen-illegal-Fernsehserien.html' class='azc_bbc_url'>1,9 Millionen Deutsche streamen illegal Fernsehserien<\/a><br \/>\n<span class='azc_bbc_italic'>&#8222;Das Beratungsunternehmen Goldmedia GmbH beziffert den direkten Schaden in Deutschland durch diese Form der illegalen Fernsehnutzung auf 430 Millionen Euro j\u00e4hrlich und geht von weiteren 100 Millionen Euro an entgangenen Steuern und Sozialabgaben pro Jahr aus&#8220;<\/span>, berichtet Futurezone.<\/p>\n<p>Und solche hochgerechnete Sch\u00e4den gibt es ja h\u00e4ufiger, von daher hier mal ein paar Hinweise.<\/p>\n<p>Die &#8222;entgangenen&#8220; 430 Millionen Euro wurden lediglich f\u00fcr etwas anderes ausgegeben. Die Deutschen hocken jetzt wegen dem illegalen Streaming ja nicht pl\u00f6tzlich auf 430 Millionen Euro an Verm\u00f6gen, sondern dieses Geld existiert nicht mehr. Insofern gibt es auch keine weiteren 100 Millionen Euro an &#8222;entgangenen&#8220; Steuern und Sozialabgaben, denn dem Staat ist es v\u00f6llig egal, wof\u00fcr der P\u00f6bel sein Geld raushaut.<\/p>\n<p>Zudem bleibt dabei stets unber\u00fccksichtigt, wie viele Leute absolut vors\u00e4tzlich nach illegalen Inhalten suchen &#8211; und wie viele solche Angebote einfach nur nutzen, weil sie eben da sind. Wenn ich in eine Zeitung reinschaue und danach wieder ins Regal zur\u00fccklege, ist es dasselbe, als wenn ich ein illegales Angebot wahrnehme. Man schaut rein, weil es da ist. Wenn nicht, dann l\u00e4sst man es.<\/p>\n<p>Und lustigerweise m\u00fcsste man sogar noch diejenigen Leute vom &#8222;Schaden&#8220; wieder abziehen, die sich nach dem illegalen Anschauen einer Serie anschliessend die DVD oder Bluray kaufen, um die <span class='azc_bbc_italic'>&#8222;endlich auch in guter Qualit\u00e4t&#8220;<\/span> anschauen zu k\u00f6nnen.<\/p>\n<p>Und zu guter Letzt:<\/p>\n<p><a href='http:\/\/www.titanic-magazin.de\/fileadmin\/content\/Postkarten\/180815_KaGreve_Kinderarbeit.jpg' class='azc_bbc_url'>Hergestellt aus der Region<\/a><br \/>\n<img class='azc_bbc_image' src='https:\/\/www.rume.de\/smilies\/sarkasm.gif'  \/><\/p>\n","protected":false},"excerpt":{"rendered":"<p>\/ Langzeitstudie zeigt: Hartz IV-Sanktionen geh\u00f6ren abgeschafft \/ Jedes dritte Kind lebt in Deutschland unter der Armutsgrenze \/ Tafel in Pl\u00f6n stolz: &#8222;So fertigen wir die Armen ab&#8220; \/ Bei Erwerbsminderung: Im Schnitt nur 716 Euro im Monat \/ Regierungsberater: Sozialen Wohnungsbau zur\u00fcckfahren \/ Piketty: Weltweite Ungleichheit, d\u00fcstere Aussicht \/ Bundesarbeitsgericht lockert Regeln f\u00fcr Video\u00fcberwachung &hellip; <a href=\"https:\/\/www.rume.de\/?p=822\" class=\"more-link\"><span class=\"screen-reader-text\">\u201eAufgelesen und kommentiert 2018-08-27\u201c <\/span>weiterlesen<\/a><\/p>\n","protected":false},"author":1,"featured_media":0,"comment_status":"open","ping_status":"closed","sticky":false,"template":"","format":"standard","meta":{"footnotes":""},"categories":[2],"tags":[],"class_list":["post-822","post","type-post","status-publish","format-standard","hentry","category-aufgelesen"],"_links":{"self":[{"href":"https:\/\/www.rume.de\/index.php?rest_route=\/wp\/v2\/posts\/822","targetHints":{"allow":["GET"]}}],"collection":[{"href":"https:\/\/www.rume.de\/index.php?rest_route=\/wp\/v2\/posts"}],"about":[{"href":"https:\/\/www.rume.de\/index.php?rest_route=\/wp\/v2\/types\/post"}],"author":[{"embeddable":true,"href":"https:\/\/www.rume.de\/index.php?rest_route=\/wp\/v2\/users\/1"}],"replies":[{"embeddable":true,"href":"https:\/\/www.rume.de\/index.php?rest_route=%2Fwp%2Fv2%2Fcomments&post=822"}],"version-history":[{"count":1,"href":"https:\/\/www.rume.de\/index.php?rest_route=\/wp\/v2\/posts\/822\/revisions"}],"predecessor-version":[{"id":823,"href":"https:\/\/www.rume.de\/index.php?rest_route=\/wp\/v2\/posts\/822\/revisions\/823"}],"wp:attachment":[{"href":"https:\/\/www.rume.de\/index.php?rest_route=%2Fwp%2Fv2%2Fmedia&parent=822"}],"wp:term":[{"taxonomy":"category","embeddable":true,"href":"https:\/\/www.rume.de\/index.php?rest_route=%2Fwp%2Fv2%2Fcategories&post=822"},{"taxonomy":"post_tag","embeddable":true,"href":"https:\/\/www.rume.de\/index.php?rest_route=%2Fwp%2Fv2%2Ftags&post=822"}],"curies":[{"name":"wp","href":"https:\/\/api.w.org\/{rel}","templated":true}]}}