{"id":807,"date":"2018-08-21T23:37:51","date_gmt":"2018-08-21T21:37:51","guid":{"rendered":"https:\/\/rume.inrieda.de\/?p=807"},"modified":"2018-08-30T19:10:24","modified_gmt":"2018-08-30T17:10:24","slug":"aufgelesen-und-kommentiert-2018-08-21","status":"publish","type":"post","link":"https:\/\/www.rume.de\/?p=807","title":{"rendered":"Aufgelesen und kommentiert 2018-08-21"},"content":{"rendered":"<p>\/ \u00dcberleben mit Hartz IV, Sozialhilfe, Grundsicherung<br \/>\n\/ Hartz-IV-Sanktionen f\u00fcr Jugendliche: &#8222;Aus juristischer Sicht ein Diskriminierungstatbestand&#8220;<br \/>\n\/ Sozialwissenschaftler Gerhard Wegner: &#8222;Sanktionen ganz abschaffen&#8220;<br \/>\n\/ Die Rente kann sicher sein<br \/>\n\/ AfD: Nur ein stummer Schrei nach Liebe?<br \/>\n\/ Je st\u00e4rker Facebook genutzt wird, umso mehr Brutalit\u00e4t gegen Fl\u00fcchtlinge gibt es<br \/>\n\/ Polizei Sachsen &#8211; Handlanger von Pegida<br \/>\n\/ Kein &#8222;BAMF-Skandal&#8220;: Nur wenige Fl\u00fcchtlinge haben Bleiberecht erschlichen<br \/>\n\/ Wie gr\u00fcn ist die Landwirtschaft?<br \/>\n\/ Diesel-Betrug: Volkswagen greift hart durch<br \/>\n\/ Wie steht es tats\u00e4chlich um Griechenland?<br \/>\n\/ Viele Wahrheiten sind zu unangenehm<br \/>\n\/ US-Zeitungen gegen Trump: Die &#8222;Wachhunde&#8220; proben den Aufstand<br \/>\n\/ Bundesfinanzminister Scholz konkretisiert SPD-Rentenpl\u00e4ne<\/p>\n<p>&#8212;<\/p>\n<p><!--more--><\/p>\n<p><a href='https:\/\/www.deutschlandfunkkultur.de\/hartz-iv-sozialhilfe-grundsicherung-ueberleben-in-der.976.de.html?dram:article_id=425907' class='azc_bbc_url'>\u00dcberleben mit Hartz IV, Sozialhilfe, Grundsicherung<\/a><br \/>\nAlltagsberichte aus unserem sozialdemokratisch reformierten Sozialstaat.<\/p>\n<p><a href='https:\/\/www.deutschlandfunk.de\/hartz-iv-sanktionen-fuer-jugendliche-aus-juristischer-sicht.694.de.html?dram:article_id=425981' class='azc_bbc_url'>Hartz-IV-Sanktionen f\u00fcr Jugendliche: &#8222;Aus juristischer Sicht ein Diskriminierungstatbestand&#8220;<\/a><br \/>\nDer vom Deutschlandfunk interviewte Hilmar Schneider ist \u00fcbrigens KEIN Arbeitsmarktexperte, sondern ein gekaufter Singvogel der von Million\u00e4ren finanzierten Lobbyklitsche &#8222;Forschungsinstituts zur Zukunft der Arbeit&#8220; (IZA). Diese Kloppertruppe wurde vom kriminellen Steuerhinterzieher Klaus Zumwinkel gegr\u00fcndet und viele Jahre vom <a href='https:\/\/web.archive.org\/web\/20110204033628\/http:\/\/www.tagesschau.de\/wirtschaft\/diw146.html' class='azc_bbc_url'>hochangesehenen<\/a> <img class='azc_bbc_image' src='https:\/\/www.rume.de\/smilies\/biggrin.gif'  \/> Klaus F. Zimmermann geleitet. Das sind ebenso einseitige wie gut abgeschmierte Lautsprecher des Kapitals &#8211; und das bemerkt man auch mehr als deutlich an seinen gegebenen Antworten.<\/p>\n<p>Dennoch muss selbst er zugeben, dass die h\u00e4rteren Sanktionen gegen Unter-25-J\u00e4hrige ein seit \u00fcber zehn Jahren andauernder (aber politisch gewollter) Rechtsbruch ist. Und w\u00e4re Hilmar Schneider kein gekaufter Singvogel, dann w\u00fcrde er auch zugeben, dass JEDE Sanktion ein Verstoss gegen die Menschenw\u00fcrde Artikel 1 Grundgesetz ist. Denn wird einem das auch noch menschenverachtend kleingerechnete Existenzminimum (!) gek\u00fcrzt, ist dies ein Angriff auf sein Leben. Und allein der Fakt, dass es <a href='https:\/\/www.freitag.de\/autoren\/fhp-freie-hartz-iv-presse\/hartz-iv-zahl-der-toten-steigt-rasant-an' class='azc_bbc_url'>in Deutschland jeden Tag zwei Selbstmorde<\/a> wegen der Hoffnungslosigkeit innerhalb der Sanktionsmaschine gibt, zeigt das mehr als \u00fcberdeutlich.<\/p>\n<p><a href='http:\/\/www.fr.de\/politik\/sozialleistungen-sanktionen-bei-hartz-iv-ganz-abschaffen-a-1566499' class='azc_bbc_url'>Sozialwissenschaftler Gerhard Wegner: &#8222;Sanktionen ganz abschaffen&#8220;<\/a><br \/>\nUnd er argumentiert dabei nicht mit dem Grundgesetz, sondern aus mitmenschlicher Sicht (Zitat): <span class='azc_bbc_italic'>&#8222;Studien belegen, dass solche Strafma\u00dfnahmen nur f\u00fcr einen kleinen Teil der Betroffenen eine antreibende &#8222;Push-Funktion&#8220; h\u00e4tten. &#8222;F\u00fcr einen anderen Teil ist das aber ein Tritt in die Depression&#8220;, erkl\u00e4rte er. Das gelte f\u00fcr Jugendliche und f\u00fcr Erwachsene gleicherma\u00dfen.<\/p>\n<p>Er pl\u00e4diere schon seit langem daf\u00fcr, Hartz IV auf ein Belohnungssystem umzustellen, sagte der Leiter des Sozialwissenschaftlichen Instituts der Evangelischen Kirche in Deutschland (EKD): &#8222;Die Menschen d\u00fcrfen nicht daf\u00fcr bestraft werden, wenn sie etwas nicht schaffen. Sie m\u00fcssen vielmehr daf\u00fcr belohnt werden, wenn sie etwas schaffen.&#8220; Vorstellbar sei etwa eine einmalige Zahlung von 200 oder 300 Euro, wenn jemand etwa eine Qualifizierungsma\u00dfnahme abschlie\u00dft oder eine Ausbildung beginnen kann. Wer l\u00e4nger arbeitslos sei und den Einstieg in die Arbeitswelt nicht schaffe, ben\u00f6tige &#8222;Unterst\u00fctzung und Ermutigung und nicht eine Drohung mit Sanktionen im Hintergrund&#8220;. Nur dann k\u00f6nne das Selbstwertgef\u00fchl wieder aufgebaut werden.&#8220;<\/span> <a href='http:\/\/www.fr.de\/politik\/sozialleistungen-sanktionen-bei-hartz-iv-ganz-abschaffen-a-1566499' class='azc_bbc_url'>Weiterlesen&#8230;<\/a><\/p>\n<p>Quizfrage: Wie nennt man ein Wirtschaftssystem, in dem selbst dieser Vorschlag aus &#8222;\u00f6konomischen Gr\u00fcnden&#8220; abgelehnt wird? Vorbildlich? Ein Gewinn f\u00fcr alle? Realpolitische Vernunft einer politischen Mitte? Oder einfach nur menschenverachtend?<\/p>\n<p><a href='https:\/\/www.freitag.de\/autoren\/sebastianpuschner\/die-rente-kann-sicher-sein' class='azc_bbc_url'>Die Rente kann sicher sein<\/a><br \/>\nEin kleiner launiger Abriss im FREITAG <img class='azc_bbc_image' src='https:\/\/www.rume.de\/smilies\/nasiehste.gif'  \/><\/p>\n<p><a href='https:\/\/www.heise.de\/tp\/features\/AfD-Nur-ein-stummer-Schrei-nach-Liebe-4140166.html' class='azc_bbc_url'>AfD: Nur ein stummer Schrei nach Liebe?<\/a><br \/>\nAfD-W\u00e4hler sind haupts\u00e4chlich keine &#8222;Abgeh\u00e4ngten&#8220; oder &#8222;Protestw\u00e4hler&#8220;, sondern schlicht und einfach Rassisten. Genauer gesagt: Besserverdiener-Rassisten.<\/p>\n<p>TELEPOLIS berichtet: <span class='azc_bbc_italic'>&#8222;Ein zentraler Mythos, der den politischen Aufstieg der AfD begleitet, besteht aus der Behauptung, dies sei die Partei der sozial Abgeh\u00e4ngten, die diese rassistische und nationalistische Partei nicht aus \u00dcberzeugung, sondern aus Protest gegen &#8222;die da Oben&#8220; w\u00e4hlen. Die mit diesem Mythos eng verwandte Rede von den zu kurz gekommenen &#8222;besorgten B\u00fcrgern&#8220;, deren berechtigte Sorgen, \u00c4ngste und N\u00f6te Politik und Medien unbedingt ernst zu nehmen h\u00e4tten, ist ja inzwischen sprichw\u00f6rtlich geworden.<\/p>\n<p>Doch die Studie beim Deutschen Institut f\u00fcr Wirtschaftsforschung (DIW) zeigt: AfD-W\u00e4hler sind \u00fcberproportional viele Gutverdiener, w\u00e4hrend die Geringverdiener innerhalb der AfD gerade unterrepr\u00e4sentiert sind. AfD-W\u00e4hler unterschieden sich &#8222;fast ausschlie\u00dflich&#8220; durch ihre &#8222;Einstellungen&#8220; zu Fl\u00fcchtlingen von der W\u00e4hlerschaft der sonstigen Parteien. Eine rassistische und ausl\u00e4nderfeindliche Partei wird von Rassisten und Ausl\u00e4nderfeinden gew\u00e4hlt.<\/p>\n<p>Die historischen Parallelen sind somit un\u00fcbersehbar: Die heutige Mittelschicht, die \u00fcberproportional oft innerhalb der Anh\u00e4ngerschaft der AfD vertreten ist, droht somit dieselbe Funktion als soziales &#8222;R\u00fcckgrat&#8220; der Neuen Rechten einzunehmen, wie es im deutschen Vorfaschismus der fr\u00fchen 1930er Jahre beim &#8222;Kleinb\u00fcrgertum&#8220; der Fall war. Es sind eben genau nicht vorwiegend die verarmten Bev\u00f6lkerungsschichten, die &#8222;alles verloren&#8220; haben, die der AfD zulaufen, sondern gerade die von Verlust\u00e4ngsten geplagte Mittelklasse, die der Neuen Rechten \u00fcberproportional zugetan ist.<\/p>\n<p>Es stellt sich nur noch die Frage, inwiefern diese sozialwissenschaftliche Erkenntnis sich auch in einem \u00f6ffentlichen Diskurs wird durchsetzen k\u00f6nnen, in dem die Neue Rechte l\u00e4ngst dominiert.&#8220;<\/span> <a href='https:\/\/www.heise.de\/tp\/features\/AfD-Nur-ein-stummer-Schrei-nach-Liebe-4140166.html' class='azc_bbc_url'>Weiterlesen&#8230;<\/a><\/p>\n<p>Nat\u00fcrlich tobt die Meute daraufhin emp\u00f6rt durch das Leserforum <img class='azc_bbc_image' src='https:\/\/www.rume.de\/smilies\/biggrin.gif'  \/> Aber hey: Schaut einfach nur mal in euren Spiegel. Denn wer Menschenleben abwertet, ist rechts. Punkt.<\/p>\n<p>Angefangen beim (politisch gewollten) Treten gegen diejenigen, die keine existenzsichernden Arbeitspl\u00e4tze finden (was das Versagen der Politik ist und nicht das Versagen der Arbeitssuchenden) durch die Hartz-Gesetze und dem johlenden Stammtisch, der in die Hetze gegen &#8222;die Sozialschmarotzer&#8220; einstimmt &#8211; weiter fortgesetzt \u00fcber Sch\u00e4ubles t\u00f6dlichen Sparsadismus gegen\u00fcber unseren europ\u00e4ischen Nachbarl\u00e4ndern &#8211; bis eben heute zum AfD-symphatisierenden Mob, der keinerlei Einf\u00fchlungsverm\u00f6gen besitzt, sondern nur reaktion\u00e4re Abwehrreflexe.<\/p>\n<p>Aus der Geschichte lernt man eben &#8211; oder man ist Deutscher.<\/p>\n<p><a href='https:\/\/www.nytimes.com\/2018\/08\/21\/world\/europe\/facebook-refugee-attacks-germany.html' class='azc_bbc_url'>Je st\u00e4rker Facebook genutzt wird, umso mehr Brutalit\u00e4t gegen Fl\u00fcchtlinge gibt es<\/a><br \/>\nDie New York Times berichtet: <span class='azc_bbc_italic'>&#8222;Karsten M\u00fcller und Carlo Schwarz, Forscher an der Uni Warwick, \u00fcberpr\u00fcften jeden Angriff auf Fl\u00fcchtlinge in Deutschland, insgesamt 3.335 St\u00fcck, \u00fcber einen Zeitraum von zwei Jahren. Jeder Angriff wurde abgeglichen mit den vor Ort herrschenden Einkommensverh\u00e4ltnissen, der Demographie, der Anzahl von Fl\u00fcchtlingen und der Anzahl der Proteste.<\/p>\n<p>Doch nur eine Sache stach hervor: Gebiete, in denen Facebook \u00fcberdurchschnittlich stark genutzt wurde, erlebten zahlreichere und extremere Angriffe auf Fl\u00fcchtlinge. Das galt sowohl f\u00fcr Gro\u00dfstadt wie auch Kleinstadt; wohlhabende Gegenden wie auch Armutsvierteln; und sowohl auch f\u00fcr eher liberale Wohngebiete wie auch rechtsextreme Hochburgen. \u00dcberall dort, wo die Facebook-Nutzung pro Person \u00fcber dem jeweiligen Landesdurchschnitt lag, stiegen auch die Angriffe auf Fl\u00fcchtlinge um etwa 50 Prozent.<\/p>\n<p>Diese Studie unterstreicht deutlich, was fr\u00fchere Forschungsarbeiten bereits ergaben: Facebook sorgt f\u00fcr geschlossene Umgebungen mit eigenen isolierten Verhaltensmustern (sogenannte Echokammern). Selbst wer in Wohngebieten lebt, in denen \u00fcberwiegend tolerante und soziale Normen vorherrschen, wird in seiner Facebook-Echokammer immer weiter in Richtung Extremismus abdriften.<\/p>\n<p>Die Forscher der Universit\u00e4t von Warwick gingen sogar noch einen Schritt weiter und \u00fcberpr\u00fcften ihre Ergebnisse erneut, indem sie sogar jeden l\u00e4nger andauernden Internetausfall in ihre Untersuchungen einfliessen lie\u00dfen. Und das Ergebnis zeigt: Immer wenn der Internetzugang in einem Gebiet mit hohem Facebook-Einsatz sank, gingen die Angriffe auf Fl\u00fcchtlinge deutlich zur\u00fcck &#8211; bis auf das Niveau f\u00fcr Gebiete mit durchschnittlicher Facebook-Nutzung.<\/p>\n<p>Gleichzeitig zeigen die Forschungsergebnisse, dass ein Internetausfall in Gebieten, in denen lediglich eine durchschnittliche Facebook-Nutzung vorliegt, keine messbaren Ver\u00e4nderungen der Gewalt gegen Fl\u00fcchtlinge ergaben.&#8220;<\/span> <a href='https:\/\/www.nytimes.com\/2018\/08\/21\/world\/europe\/facebook-refugee-attacks-germany.html' class='azc_bbc_url'>Weiterlesen&#8230;<\/a><\/p>\n<p>UPDATE: <a href='https:\/\/heise.de\/-4149351' class='azc_bbc_url'>Vielleicht ist das doch nicht so einfach zu erkl\u00e4ren<\/a>.<\/p>\n<p><a href='https:\/\/www.jungewelt.de\/artikel\/338271.html' class='azc_bbc_url'>Polizei Sachsen &#8211; Handlanger von Pegida<\/a><br \/>\nErinnert ihr euch noch an <a href='https:\/\/twitter.com\/__anra\/status\/942358233611669504\/photo\/1' class='azc_bbc_url'>die s\u00e4chsischen Polizeipanzer<\/a>, dessen Sitze mit rechtsbrauner Frakturschrift und NS-\u00e4hnlicher Stickerei &#8222;geschm\u00fcckt&#8220; wurden? Das war keinesfalls eine Panne, sondern schon damals eine klare Ansage.<\/p>\n<p><a href='https:\/\/www.sueddeutsche.de\/politik\/bundesamt-fuer-migration-nur-wenige-fluechtlinge-haben-bleiberecht-erschlichen-1.4096796' class='azc_bbc_url'>Kein &#8222;BAMF-Skandal&#8220;: Nur wenige Fl\u00fcchtlinge haben Bleiberecht erschlichen<\/a><br \/>\nVon \u00fcber 43.000 bewilligten Pr\u00fcfverfahren mussten lediglich 307 (also 0,7 Prozent) nachtr\u00e4glich wieder einkassiert werden. ABER: Einen tats\u00e4chlichen Skandal gibt es dennoch! Von den 270.000 abgelehnten (!) Asylentscheidungen wurden von den Gerichten rund 100.000 als rechtswidrig einkassiert. Und das, obwohl weitere 20.000 Asylbewerber Deutschland schon wieder verlassen haben, noch bevor ein Gericht dar\u00fcber urteilen konnte.<\/p>\n<p>DAS ist der wahre BAMF-Skandal! Sie produziert 44 Prozent falsche Ablehnungen!<\/p>\n<p>Aber solch ein Thema eignet sich halt nicht f\u00fcr die rassistische Themensetzung in unseren \u00f6ffentlich-rechten TV-Talkshows zur Unterst\u00fctzung der politisch gewollten &#8222;Ausl\u00e4nder raus&#8220; Politik. Da wird lieber 200 mal \u00fcber Fl\u00fcchtlinge, Islam und Kriminalit\u00e4t (immer zusammen genannt) &#8222;diskutiert&#8220;, statt auch nur ein einziges mal \u00fcber die (politisch gewollte) Missachtung der Menschenrechte.<\/p>\n<p><a href='https:\/\/www.heise.de\/tp\/features\/Wie-gruen-ist-die-Landwirtschaft-4141156.html' class='azc_bbc_url'>Wie gr\u00fcn ist die Landwirtschaft?<\/a><br \/>\nDie Kurzfassung: Gar nicht! Glyphosat als Massenvernichtungswaffe, alle Insekten tot, die V\u00f6gel verschwunden, das Grundwasser durch Pestizide und G\u00fclle schwerstens belastet &#8211; eine profitgetriebene kapitalistische Landwirtschaft, die seitens der EU mit 60 Milliarden Euro j\u00e4hrlich (!) subventioniert wird.<\/p>\n<p>Man kann entweder die Erde retten, oder den Kapitalismus unterst\u00fctzen &#8211; aber nicht beides.<\/p>\n<p><a href='https:\/\/www.jungewelt.de\/artikel\/338294.html' class='azc_bbc_url'>Diesel-Betrug: Volkswagen greift hart durch<\/a><br \/>\nNein, nat\u00fcrlich nicht gegen die Manager und Vorst\u00e4nde. Ganz im Gegenteil. Dem einen Ingenieur, der als Kronzeuge den Beh\u00f6rden bei der Aufkl\u00e4rung half, wurde gek\u00fcndigt und muss nun nach 25 Jahren das Unternehmen verlassen.<\/p>\n<p><a href='https:\/\/www.heise.de\/tp\/features\/Wie-steht-es-tatsaechlich-um-Griechenland-4142919.html' class='azc_bbc_url'>Wie steht es tats\u00e4chlich um Griechenland?<\/a><br \/>\nW\u00e4hrend die Qualit\u00e4tsjournaille gr\u00f6sstenteils unkritisch die Jubelspr\u00fcche der herrschenden Politik verbreitet, knipst TELEPOLIS mal das Licht an und beleuchtet &#8222;den Erfolg&#8220; des EU-weiten Sparsadismus. Leider aber nur anhand von \u00f6konomischen Zahlen, die zwar drastisch sind und die katastrophale Wirtschaftspolitik von CDU und SPD aufzeigt &#8211; aber nicht die Folgen f\u00fcr die dort lebenden Menschen.<\/p>\n<p>Von daher hier nochmal, was Gregor Gysi bereits <a href='https:\/\/www.youtube.com\/watch?v=SfEhvt_YZAM&#038;t=242s' class='azc_bbc_url'>im Oktober 2014 im Bundestag aufz\u00e4hlte<\/a> (Zitat): <span class='azc_bbc_italic'>&#8222;In Griechenland bekommen nur 27 Prozent der Arbeitslosen Arbeitslosengeld. Die S\u00e4uglingssterblichkeit stieg in der Zeit der Krise um 21 Prozent, die Kindersterblichkeit stieg um 43 Prozent, die HIV-Ansteckungsquote stieg um 52 Prozent. Die Selbstmordrate stieg um 37 Prozent. Es tut mir leid, Frau Bundeskanzlerin, aber das ist das Ergebnis Ihrer Politik.&#8220;<\/span><\/p>\n<p><a href='https:\/\/www.rubikon.news\/artikel\/viele-wahrheiten-sind-zu-unangenehm' class='azc_bbc_url'>Viele Wahrheiten sind zu unangenehm<\/a><br \/>\nUnd weiter gehts mit der RUBIKON-Serie \u00fcber den Niedergang des selbsternannten Qualit\u00e4tsjournalismus. Heute mit Ulrich Tilgner, bekannt geworden als Kriegsberichterstatter aus Bagdad und einer der wenigen, die \u00fcberhaupt noch kritische Fragen stellen &#8211; weswegen er vom Bundesnachrichtendienst auch bespitzelt worden ist.<\/p>\n<p><a href='https:\/\/augenaufunddurch.net\/2018\/08\/17\/spartacus-ante-portas' class='azc_bbc_url'>US-Zeitungen gegen Trump: Die &#8222;Wachhunde&#8220; proben den Aufstand<\/a><br \/>\n<span class='azc_bbc_italic'>&#8222;Die Konzernmedien, die sich jetzt als heroische Verteidiger der Pressefreiheit inszenieren, solidarisieren sich selbstverst\u00e4ndlich auch nicht mit ihrem Kollegen Julian Assange, der sich in akuter Gefahr befindet. Von seinen Enth\u00fcllungen haben sie zeitweise zwar gerne profitiert, aber jetzt lassen sie ihn im Stich und versetzen ihm noch Fu\u00dftritte. Sie solidarisieren sich auch nicht mit Bradley Manning oder mit Reality Winner. Die schlichte Wahrheit lautet: Die Konzernmedien solidarisieren sich mit sich selbst. Nur f\u00fcr sie soll die Medienfreiheit gelten, nicht f\u00fcr die anderen.&#8220;<\/span> <a href='https:\/\/augenaufunddurch.net\/2018\/08\/17\/spartacus-ante-portas' class='azc_bbc_url'>Weiterlesen&#8230;<\/a><\/p>\n<p>Und zu guter Letzt:<\/p>\n<p><a href='https:\/\/de.toonpool.com\/cartoons\/Scholzgequatsche_319827' class='azc_bbc_url'>Bundesfinanzminister Scholz konkretisiert SPD-Rentenpl\u00e4ne<\/a><br \/>\n<img class='azc_bbc_image' src='https:\/\/www.rume.de\/smilies\/nasiehste.gif'  \/><\/p>\n","protected":false},"excerpt":{"rendered":"<p>\/ \u00dcberleben mit Hartz IV, Sozialhilfe, Grundsicherung \/ Hartz-IV-Sanktionen f\u00fcr Jugendliche: &#8222;Aus juristischer Sicht ein Diskriminierungstatbestand&#8220; \/ Sozialwissenschaftler Gerhard Wegner: &#8222;Sanktionen ganz abschaffen&#8220; \/ Die Rente kann sicher sein \/ AfD: Nur ein stummer Schrei nach Liebe? \/ Je st\u00e4rker Facebook genutzt wird, umso mehr Brutalit\u00e4t gegen Fl\u00fcchtlinge gibt es \/ Polizei Sachsen &#8211; Handlanger &hellip; <a href=\"https:\/\/www.rume.de\/?p=807\" class=\"more-link\"><span class=\"screen-reader-text\">\u201eAufgelesen und kommentiert 2018-08-21\u201c <\/span>weiterlesen<\/a><\/p>\n","protected":false},"author":1,"featured_media":0,"comment_status":"open","ping_status":"closed","sticky":false,"template":"","format":"standard","meta":{"footnotes":""},"categories":[2],"tags":[],"class_list":["post-807","post","type-post","status-publish","format-standard","hentry","category-aufgelesen"],"_links":{"self":[{"href":"https:\/\/www.rume.de\/index.php?rest_route=\/wp\/v2\/posts\/807","targetHints":{"allow":["GET"]}}],"collection":[{"href":"https:\/\/www.rume.de\/index.php?rest_route=\/wp\/v2\/posts"}],"about":[{"href":"https:\/\/www.rume.de\/index.php?rest_route=\/wp\/v2\/types\/post"}],"author":[{"embeddable":true,"href":"https:\/\/www.rume.de\/index.php?rest_route=\/wp\/v2\/users\/1"}],"replies":[{"embeddable":true,"href":"https:\/\/www.rume.de\/index.php?rest_route=%2Fwp%2Fv2%2Fcomments&post=807"}],"version-history":[{"count":2,"href":"https:\/\/www.rume.de\/index.php?rest_route=\/wp\/v2\/posts\/807\/revisions"}],"predecessor-version":[{"id":829,"href":"https:\/\/www.rume.de\/index.php?rest_route=\/wp\/v2\/posts\/807\/revisions\/829"}],"wp:attachment":[{"href":"https:\/\/www.rume.de\/index.php?rest_route=%2Fwp%2Fv2%2Fmedia&parent=807"}],"wp:term":[{"taxonomy":"category","embeddable":true,"href":"https:\/\/www.rume.de\/index.php?rest_route=%2Fwp%2Fv2%2Fcategories&post=807"},{"taxonomy":"post_tag","embeddable":true,"href":"https:\/\/www.rume.de\/index.php?rest_route=%2Fwp%2Fv2%2Ftags&post=807"}],"curies":[{"name":"wp","href":"https:\/\/api.w.org\/{rel}","templated":true}]}}