{"id":801,"date":"2018-08-15T22:56:35","date_gmt":"2018-08-15T20:56:35","guid":{"rendered":"https:\/\/rume.inrieda.de\/?p=801"},"modified":"2018-08-16T04:18:41","modified_gmt":"2018-08-16T02:18:41","slug":"aufgelesen-und-kommentiert-2018-08-15","status":"publish","type":"post","link":"https:\/\/www.rume.de\/?p=801","title":{"rendered":"Aufgelesen und kommentiert 2018-08-15"},"content":{"rendered":"<p>\/ Zwangsrente f\u00fcr Hartz-Bezieher<br \/>\n\/ Immer gr\u00f6\u00dfere Milliardenl\u00fccke bei Investitionen in Schulen<br \/>\n\/ Erntehelfer: Sie wollen hier nicht mehr arbeiten<br \/>\n\/ Armut von Alleinerziehenden: &#8222;Dann geht doch arbeiten&#8220;<br \/>\n\/ Wenn Regierungen l\u00fcgen und Medien mitmachen<br \/>\n\/ Neues vom Polizeistaat<br \/>\n\/ Abschiebungen in Krieg und Tod beenden<br \/>\n\/ Bundestagsverwaltung stuft Wahlkampfhilfe f\u00fcr AfD als unzul\u00e4ssig ein<br \/>\n\/ Auf freiem Fu\u00df: Angriff von Neonazis auf Journalisten bleibt folgenlos<br \/>\n\/ Warum wurde Anis Amris Freund so schnell abgeschoben?<br \/>\n\/ NSU-Untersuchungsausschuss Hessen: Vers\u00e4umnisse und Vertuschung<br \/>\n\/ Software-Updates f\u00fcr Diesel-Pkw sind angeblich kaum wirksam<br \/>\n\/ B\u00fcndnis 90\/Die Gr\u00fcnen &#8211; 2003 und heute<br \/>\n\/ Bald ist wieder Weihnachten<\/p>\n<p>&#8212;<\/p>\n<p><!--more--><\/p>\n<p><a href='https:\/\/www.swp.de\/politik\/inland\/zwangsrente-fuer-hartz-bezieher-27375026.html' class='azc_bbc_url'>Zwangsrente f\u00fcr Hartz-Bezieher<\/a><br \/>\nBis zu 70.000 \u00e4ltere Arbeitslose m\u00fcssen Jahr f\u00fcr Jahr gegen ihren Willen in Rente gehen. Dabei hatte die heutige SPD-Vorsitzende Andrea Nahles verk\u00fcndet, die Zwangsverrentung solle abgeschafft werden. Doch daraus wird nichts. Nur wenn das Ergebnis w\u00e4re, dass die Betroffenen so hohe Abschl\u00e4ge h\u00e4tten, dass sie dann dauerhaft Grundsicherung beziehen w\u00fcrden, wird die Zwangsverrentung ausgesetzt.<\/p>\n<p>Bei denjenigen, die auch nach den Abz\u00fcgen durch eine fr\u00fchzeitige Zwangsverrentung noch Rentenbez\u00fcge oberhalb der Grundsicherung erhalten, gibt es keine Diskussion: Ihnen droht weiterhin eine Zwangsverrentung, die um bis zu 14 Prozent gek\u00fcrzt werden kann. Lebenslang. Und daran wird sich auch k\u00fcnftig nichts \u00e4ndern, denn es sei (Zitat SPD) <span class='azc_bbc_italic'>&#8222;nicht geplant, die Pflicht zur Inanspruchnahme einer vorzeitigen Rente vollst\u00e4ndig abzuschaffen.&#8220;<\/span><\/p>\n<p>Aber hey: Das ist bestimmt diese SPD-Erneuerung, \u00fcber die sie st\u00e4ndig reden <img class='azc_bbc_image' src='https:\/\/www.rume.de\/smilies\/sarkasm.gif'  \/><\/p>\n<p><a href='https:\/\/www.heise.de\/newsticker\/meldung\/Immer-groessere-Milliardenluecke-bei-Investitionen-in-Schulen-4137300.html' class='azc_bbc_url'>Immer gr\u00f6\u00dfere Milliardenl\u00fccke bei Investitionen in Schulen<\/a><br \/>\n<span class='azc_bbc_italic'>&#8222;Dreckige Toiletten, bauf\u00e4llige Turnhallen &#8211; viele Schulen in Deutschland sehen traurig aus. Auf fast 48 Milliarden Euro beziffert die F\u00f6rderbank KfW in einer aktuellen Studie den Investitionsstau. F\u00fcr Kindertagesst\u00e4tten fehlen den Kommunen bundesweit demnach weitere 7,6 Milliarden Euro. Damit macht der Bildungsbereich mit zusammen gut 55 Milliarden Euro (Vorjahr: 37,4 Milliarden Euro) inzwischen mit 35 Prozent den gr\u00f6\u00dften Teil des Investitionsr\u00fcckstandes der Kommunen aus. Dieser kletterte nach KfW-Berechnungen insgesamt auf den H\u00f6chststand von 158,8 Milliarden Euro.&#8220;<\/span><\/p>\n<p>Tja das kommt halt dabei heraus, wenn die Bundesregierung ihre &#8222;schwarze Null&#8220; abfeiert und JEDEN verf\u00fcgbaren Euro f\u00fcrs Milit\u00e4r veruntreut, um ein willk\u00fcrlich festgelegtes &#8222;Zwei-Prozent-Ziel&#8220; zu erreichen. Und das Beste: W\u00e4hrend die eigenen Kinder sich kaum noch auf die Schultoilette trauen, w\u00e4hlen ihre Eltern weiterhin begeistert CDU\/CSU\/SPD\/FDP\/GR\u00dcNE\/AfD.<\/p>\n<p>Wie hoch war noch gleich die bildungspolitische Intelligenz der Deutschen? <img class='azc_bbc_image' src='https:\/\/www.rume.de\/smilies\/nasiehste.gif'  \/><\/p>\n<p><a href='https:\/\/www.zeit.de\/arbeit\/2018-07\/erntehelfer-saisonkraefte-mangel-landwirtschaft-agrarbereich\/komplettansicht' class='azc_bbc_url'>Erntehelfer: Sie wollen hier nicht mehr arbeiten<\/a><br \/>\nBehandel die Leute schlecht und sie kommen nicht wieder. Diese Lektion lernen hier wohl auch gerade die Bauern mit den dicksten Kartoffeln <img class='azc_bbc_image' src='https:\/\/www.rume.de\/smilies\/nasiehste.gif'  \/><\/p>\n<p><a href='https:\/\/www.freitag.de\/autoren\/der-freitag\/diese-muetter-arbeiten-alle-vollzeit' class='azc_bbc_url'>Armut von Alleinerziehenden: &#8222;Dann geht doch arbeiten&#8220;<\/a><br \/>\nDieses <span class='azc_bbc_italic'>&#8222;Dann geht doch arbeiten&#8220;<\/span> geben sowohl die S\u00fcddeutsche Zeitung, der Tagesspiegel wie auch die Frankfurter Allgemeine als &#8222;hilfreichen Tipp gegen die Armut&#8220;. Und darauf angesprochen, dass man trotz Vollzeitjob kaum mehr als die Mietkosten begleichen kann, entgegnen die Qualit\u00e4tsjournalisten nur, dass man es sich eben (Zitat) <span class='azc_bbc_italic'>&#8222;besser hundertmal \u00fcberlegen sollte, ob man sich wirklich trennt.&#8220;<\/span><\/p>\n<p>Qualit\u00e4tsjournalismus, der geschmacklich mal wieder ganz unten am Laternenpfahl herumleckt.<\/p>\n<p><a href='https:\/\/www.rubikon.news\/artikel\/wenn-regierungen-lugen-und-medien-mitmachen' class='azc_bbc_url'>Wenn Regierungen l\u00fcgen und Medien mitmachen<\/a><br \/>\nInterview mit dem Journalisten David Goe\u00dfmann.<\/p>\n<p>Kurzer Auszug: <span class='azc_bbc_italic'>&#8222;Wer das Grundvertrauen in S\u00fcddeutsche, Spiegel &#038; Co. infrage stellt, darf keine Liebkosungen erwarten. Wer in den 1960er Jahren den Vietnamkrieg und die Rolle westlicher Medien kritisierte, wurde als \u00bbantiamerikanisch\u00ab diskreditiert. Wer den offiziellen Diskurs \u00fcber die \u00bbAngriffe auf den Wohlfahrtsstaat\u00ab attackiert, ob nun als Agenda 2010 oder \u00bbGriechenlandrettung\u00ab maskiert, dem werden ideologische Kreuzz\u00fcge unterstellt. Bei der Ukraine-Krise landet man schnell neben Putin und Menschenrechtsverletzungen, fr\u00fcher waren es Stalin und der Gulag. Und wer nach 9\/11 in Vorbereitung auf den US-gef\u00fchrten Luftkrieg gegen Afghanistan nur leicht vom offiziellen Meinungskurs abwich, fand sich als Terroristen-Versteher einsortiert.<\/p>\n<p>Wir erinnern uns noch an die Demutsgeste, die der damalige \u00bbTagesthemen\u00ab-Moderator Ulrich Wickert machen musste, weil er es gewagt hatte, in einem Interview auf die Bush-Kritik der indischen Schriftstellerin Arundhati Roy hinzuweisen. Die damalige CDU-Vorsitzende Angela Merkel stellte in der BILD daraufhin fest, dass Wickert damit \u00bbabsolut nicht mehr tragbar als Nachrichtenmoderator im \u00f6ffentlich-rechtlichen Fernsehen\u00ab sei.&#8220;<\/span> <a href='https:\/\/www.rubikon.news\/artikel\/wenn-regierungen-lugen-und-medien-mitmachen' class='azc_bbc_url'>Weiterlesen&#8230;<\/a><\/p>\n<p>Neues vom Polizeistaat:<\/p>\n<a href='https:\/\/netzpolitik.org\/2018\/digitale-forensik-mit-diesen-sieben-programmen-liest-die-polizei-smartphone-daten-aus' class='azc_bbc_url'>Mit diesen Programmen liest die Polizei eure Smartphone-Daten aus<\/a>\n<a href='https:\/\/netzpolitik.org\/2018\/soko-schwarzer-block-hamburger-datenschutzbeauftragter-haelt-gesichtserkennung-fuer-rechtswidrig' class='azc_bbc_url'>Hamburger Polizei benutzt Gesichtserkennungs-Software bei Demonstrationen<\/a>\n<p><a href='https:\/\/heise.de\/-4135330' class='azc_bbc_url'>NRW: Schwarz-Gelb schafft Polizei-Kennzeichnungspflicht wieder ab<\/a><br \/>\nBegr\u00fcndung: <span class='azc_bbc_italic'>&#8222;Die Polizei soll das herrschende System auch mit Gewalt durchsetzen k\u00f6nnen, ob es den Protestierern gef\u00e4llt oder nicht&#8220;<\/span>, so der CDU-Innenminister. <span class='azc_bbc_italic'>&#8222;Jede Art von \u00bbNummernschildern\u00ab f\u00fcr Polizeibeamte <a href='https:\/\/dietenberger.de\/blog\/wp-content\/gallery\/zweiter-jahrestag-3009\/s21-symbolbild.jpg' class='azc_bbc_url'>hemmt nur ihre Durchsetzungskraft<\/a>.&#8220;<\/span><\/p>\n<p><a href='https:\/\/www.linksfraktion.de\/presse\/pressemitteilungen\/detail\/abschiebungen-in-krieg-und-tod-beenden' class='azc_bbc_url'>Abschiebungen in Krieg und Tod beenden<\/a><br \/>\n<span class='azc_bbc_italic'>&#8222;Wer nach Afghanistan abschiebt, schickt Menschen in den Krieg und potentiell in den Tod&#8220;<\/span>, knallt DIE LINKE per Pressemitteilung raus. <span class='azc_bbc_italic'>&#8222;Menschen, die aus Afghanistan fliehen, m\u00fcssen hier Schutz bekommen.&#8220;<\/span><\/p>\n<p>Und damit hat DIE LINKE nat\u00fcrlich recht.<\/p>\n<p>ABER: Warum <a href='https:\/\/www.neues-deutschland.de\/artikel\/1097412.html' class='azc_bbc_url'>schiebt die mitregierende LINKE aus Brandenburg trotzdem nach Afghanistan ab?<\/a> Zitat: <span class='azc_bbc_italic'>&#8222;Unter den betroffenen abgelehnten Asylbewerbern seien auch solche, die sich bereits in Ausbildung befunden oder eine Schule besucht h\u00e4tten. Einer der Gefl\u00fcchteten habe nur noch ein Jahr Berufsschule vor sich gehabt, teilte der Fl\u00fcchtlingsrat auf seiner Website vor der Abschiebung am Dienstagabend mit. Ein weiterer junger Afghane habe bereits zwei Jahre lang eine Ausbildung absolviert.&#8220;<\/span><\/p>\n<p><a href='https:\/\/www.lobbycontrol.de\/2018\/08\/verdeckte-afd-millionen-ein-fall-fuer-den-staatsanwalt' class='azc_bbc_url'>Bundestagsverwaltung stuft Wahlkampfhilfe f\u00fcr AfD als unzul\u00e4ssig ein<\/a><br \/>\nDa es in Deutschland <a href='https:\/\/www.dhm.de\/fileadmin\/medien\/lemo\/images\/d2z02541.jpg' class='azc_bbc_url'>eine traditionsreiche Freundschaft von Faschismus und Kapital<\/a> gibt, wird auch die verdeckte Schmiergeldzahlung an die AfD kein Problem darstellen. Als der CDU damals die schwarzen Parteikassen um die Ohren flogen, haben die Bonzen halt ihre gekaufte CDU entsprechend &#8222;legal&#8220; mit Parteispenden eingedeckt, damit die Strafzahlungen abgedeckt wurden. Und bei der AfD sitzen ebenfalls Multimillion\u00e4re dahinter, die halt nur nicht namentlich als Unterst\u00fctzer der AfD in der Presse stehen wollten. Deswegen wurde der intransparente Schmiergeldverein gegr\u00fcndet, der ihre Millionensummen einsammelte &#8211; und schon taucht nur der &#8222;Verein&#8220; als Name auf, der die AfD unterst\u00fctzt.<\/p>\n<p>Man wollte halt eben vertuschen, wie eng Kapital und Faschismus hier in Deutschland zusammenarbeiten. Denn dann w\u00e4re ja auch den AfD-W\u00e4hlern aufgefallen, dass es sich um gar keine &#8222;Alternative&#8220; handelt, sondern um denselben kapitalistischen Einheitsbrei in blauer Lackierung.<\/p>\n<p>Tja und wenn nun der AfD-Schmiergeldverein als rechtswidrig abgeurteilt wird, greifen die Multimillion\u00e4re eben nochmal kurz in die Tasche, begleichen die Strafe lachend aus ihrem zusammengerafften Verm\u00f6gen &#8211; und weiter gehts mit dem kapitalistischen Rechtsruck.<\/p>\n<p>Oder glaubt hier jemand ernsthaft, dass der politisch gewollte Rassismus an Geldsorgen zugrunde geht? <img class='azc_bbc_image' src='https:\/\/www.rume.de\/smilies\/laugh.gif'  \/> <img class='azc_bbc_image' src='https:\/\/www.rume.de\/smilies\/laugh.gif'  \/> <img class='azc_bbc_image' src='https:\/\/www.rume.de\/smilies\/laugh.gif'  \/><\/p>\n<p><a href='https:\/\/www.jungewelt.de\/artikel\/337888.html' class='azc_bbc_url'>Auf freiem Fu\u00df: Angriff von Neonazis auf Journalisten bleibt folgenlos<\/a><br \/>\nUnd der Grund f\u00fcr die Straffreiheit ist: Es war ein V-Mann des Verfassungsschutzes. Oder wie es im ericht steht (Zitat): <span class='azc_bbc_italic'>&#8222;Der NPD-Mann Thorsten Heise wird bereits als \u00bbJustizwunder\u00ab bezeichnet, da er bereits in mehreren (!) Gerichtsverfahren trotz langem Vorstrafenregister (!) glimpflich davonkam.&#8220;<\/span><\/p>\n<p>Deswegen, Leute: Wenn ihr Straftaten oder sogar Morde organisieren wollt, meldet euch vorher beim sogenannten Verfassungsschutz an. Dann habt ihr nichts zu bef\u00fcrchten, sondern bekommt sogar noch Steuergeld zugesteckt. Und keine Angst wegen eurer Akten. Die wird man schon fr\u00fchzeitig schreddern.<\/p>\n<p>Deutschland ist schliesslich ein RECHTSstaat. Und nur irgendwelche linken Spinner behaupten das Gegenteil <img class='azc_bbc_image' src='https:\/\/www.rume.de\/smilies\/sarkasm.gif'  \/><\/p>\n<p>Dazu passt auch:<\/p>\n<p><a href='https:\/\/www.tagesspiegel.de\/politik\/anschlag-am-breitscheidplatz-warum-wurde-anis-amris-freund-so-schnell-abgeschoben\/22917140.html' class='azc_bbc_url'>Warum wurde Anis Amris Freund so schnell abgeschoben?<\/a><br \/>\n<span class='azc_bbc_italic'>&#8222;Er war einer der wichtigsten Kontaktpersonen Amris, am Abend vor dem Attentat sa\u00df er sogar noch mit ihm zusammen. Beim Polizeiverh\u00f6r verstrickt er sich in Widerspr\u00fcche, behauptet sogar, eigentlich anders zu hei\u00dfen. Als die Ermittler ihn in einer sp\u00e4teren Vernehmung mit seinen L\u00fcgen konfrontieren, wird er aufbrausend. Doch Anfang Februar 2017 und damit nur anderthalb Monate nach dem Anschlag, wird Bilel Ben A. dennoch eilig nach Tunesien abgeschoben. Obwohl offiziell noch wegen m\u00f6glicher Beteiligung an dem Anschlag gegen ihn ermittelt wird. Warum?&#8220;<\/span>, fragt sich der Tagesspiegel <img class='azc_bbc_image' src='https:\/\/www.rume.de\/smilies\/biggrin.gif'  \/> <img class='azc_bbc_image' src='https:\/\/www.rume.de\/smilies\/biggrin.gif'  \/> <img class='azc_bbc_image' src='https:\/\/www.rume.de\/smilies\/biggrin.gif'  \/><\/p>\n<p>Nun, ihr k\u00f6nnt ja selber mal <a href='https:\/\/www.rume.de\/?s=amri' class='azc_bbc_url'>nach &#8222;Amri&#8220; suchen<\/a>, warum da wohl so eine eilige Abschiebung n\u00f6tig war. Ihr k\u00f6nnt aber auch Eins und Eins zusammenz\u00e4hlen, indem ihr euch anschaut, wie schonungslos und umfassend die Beh\u00f6rden ihre NSU-Morde &#8222;aufgekl\u00e4rt&#8220; haben <img class='azc_bbc_image' src='https:\/\/www.rume.de\/smilies\/sarkasm.gif'  \/><\/p>\n<p>Kleine aktuelle Meldung zur Auffrischung der Erinnerung:<\/p>\n<p><a href='https:\/\/www.taz.de\/!5528589' class='azc_bbc_url'>NSU-Untersuchungsausschuss Hessen: Vers\u00e4umnisse und Vertuschung<\/a><br \/>\n<a href='https:\/\/www.youtube.com\/watch?v=w4aLThuU008' class='azc_bbc_url'>Nein &#8211; Doch &#8211; Ooohh<\/a> <img class='azc_bbc_image' src='https:\/\/www.rume.de\/smilies\/sarkasm.gif'  \/><\/p>\n<p>Und wo wir schon beim Thema &#8222;Wer h\u00e4tte DAS ahnen k\u00f6nnen&#8220; sind:<\/p>\n<p><a href='https:\/\/www.heise.de\/newsticker\/meldung\/Abgas-Skandal-Software-Updates-fuer-Diesel-Pkw-sind-angeblich-kaum-wirksam-4138182.html' class='azc_bbc_url'>Software-Updates f\u00fcr Diesel-Pkw sind angeblich kaum wirksam<\/a><br \/>\nBei drei Fahrzeugen von VW habe sich nach dem Software-Update gezeigt, dass bei sommerlichen Temperaturen der Stickoxid (NOx)-Werte auf 602 mg\/km gesenkt wurde, der gesetzliche Grenzwert von 180 mg\/km aber nach wie vor nicht erreicht wird. Und bei Temperaturen der Herbst\/Winterzeit seien sogar \u00fcber 20 Prozent mehr (!) NOx gemessen als vor dem Software-Update (964 mg\/km). Zudem war nach dem Software-Update der Kraftstoffverbrauch <a href='https:\/\/www.duh.de\/presse\/pressemitteilungen\/pressemitteilung\/diesel-abgasmessungen-der-duh-verdeutlichen-notwendigkeit-von-hardware-nachruestungen' class='azc_bbc_url'>um 15 Prozent erh\u00f6ht<\/a>.<\/p>\n<p><a href='https:\/\/www.kontextwochenzeitung.de\/politik\/385\/das-veggie-day-trauma-5284.html' class='azc_bbc_url'>B\u00fcndnis 90\/Die Gr\u00fcnen &#8211; 2003 und heute<\/a><br \/>\nTote Fische, Hitzerekorde, D\u00fcrresch\u00e4den: Sp\u00e4testens im Jahrhundertsommer 2003 war der Klimawandel in Baden-W\u00fcrttemberg angekommen. Und die GR\u00dcNEN in der Opposition wussten ganz genau, wie dringend das Bewusstsein f\u00fcr die Risiken der Zukunft gesch\u00e4rft werden muss. 15 Jahre sp\u00e4ter und in der Regierungsverantwortung angekommen will man vom fr\u00fcheren Oppositionsgetrommel jedoch nichts mehr wissen. Obwohl sogar die CDU den Klimawandel nicht mehr leugnet.<\/p>\n<p>Und zu guter Letzt:<\/p>\n<p><a href='http:\/\/www.sfv.de\/fotos\/l\/4_08.gif' class='azc_bbc_url'>Bald ist wieder Weihnachten<\/a><br \/>\n<img class='azc_bbc_image' src='https:\/\/www.rume.de\/smilies\/nasiehste.gif'  \/><\/p>\n","protected":false},"excerpt":{"rendered":"<p>\/ Zwangsrente f\u00fcr Hartz-Bezieher \/ Immer gr\u00f6\u00dfere Milliardenl\u00fccke bei Investitionen in Schulen \/ Erntehelfer: Sie wollen hier nicht mehr arbeiten \/ Armut von Alleinerziehenden: &#8222;Dann geht doch arbeiten&#8220; \/ Wenn Regierungen l\u00fcgen und Medien mitmachen \/ Neues vom Polizeistaat \/ Abschiebungen in Krieg und Tod beenden \/ Bundestagsverwaltung stuft Wahlkampfhilfe f\u00fcr AfD als unzul\u00e4ssig ein &hellip; <a href=\"https:\/\/www.rume.de\/?p=801\" class=\"more-link\"><span class=\"screen-reader-text\">\u201eAufgelesen und kommentiert 2018-08-15\u201c <\/span>weiterlesen<\/a><\/p>\n","protected":false},"author":1,"featured_media":0,"comment_status":"open","ping_status":"closed","sticky":false,"template":"","format":"standard","meta":{"footnotes":""},"categories":[2],"tags":[],"class_list":["post-801","post","type-post","status-publish","format-standard","hentry","category-aufgelesen"],"_links":{"self":[{"href":"https:\/\/www.rume.de\/index.php?rest_route=\/wp\/v2\/posts\/801","targetHints":{"allow":["GET"]}}],"collection":[{"href":"https:\/\/www.rume.de\/index.php?rest_route=\/wp\/v2\/posts"}],"about":[{"href":"https:\/\/www.rume.de\/index.php?rest_route=\/wp\/v2\/types\/post"}],"author":[{"embeddable":true,"href":"https:\/\/www.rume.de\/index.php?rest_route=\/wp\/v2\/users\/1"}],"replies":[{"embeddable":true,"href":"https:\/\/www.rume.de\/index.php?rest_route=%2Fwp%2Fv2%2Fcomments&post=801"}],"version-history":[{"count":1,"href":"https:\/\/www.rume.de\/index.php?rest_route=\/wp\/v2\/posts\/801\/revisions"}],"predecessor-version":[{"id":802,"href":"https:\/\/www.rume.de\/index.php?rest_route=\/wp\/v2\/posts\/801\/revisions\/802"}],"wp:attachment":[{"href":"https:\/\/www.rume.de\/index.php?rest_route=%2Fwp%2Fv2%2Fmedia&parent=801"}],"wp:term":[{"taxonomy":"category","embeddable":true,"href":"https:\/\/www.rume.de\/index.php?rest_route=%2Fwp%2Fv2%2Fcategories&post=801"},{"taxonomy":"post_tag","embeddable":true,"href":"https:\/\/www.rume.de\/index.php?rest_route=%2Fwp%2Fv2%2Ftags&post=801"}],"curies":[{"name":"wp","href":"https:\/\/api.w.org\/{rel}","templated":true}]}}