{"id":799,"date":"2018-08-14T23:00:20","date_gmt":"2018-08-14T21:00:20","guid":{"rendered":"https:\/\/rume.inrieda.de\/?p=799"},"modified":"2018-08-15T05:32:30","modified_gmt":"2018-08-15T03:32:30","slug":"aufgelesen-und-kommentiert-2018-08-14","status":"publish","type":"post","link":"https:\/\/www.rume.de\/?p=799","title":{"rendered":"Aufgelesen und kommentiert 2018-08-14"},"content":{"rendered":"<p>\/ Sozialstaat gegen Arme<br \/>\n\/ SPD-Vorsitzende Nahles: &#8222;631 Euro Rente ist keine Armut&#8220;<br \/>\n\/ Zahnarztversorgung: Finanzinvestoren dr\u00e4ngen auf den Markt<br \/>\n\/ UPS zahlt 700 Millionen Dollar an Aktion\u00e4re aus<br \/>\n\/ Privatisiertes Mautsystem: Ein Kartell gegen die Steuerzahler<br \/>\n\/ LINKE und CDU? Ramelow will &#8222;ideologische Scheuklappen&#8220; ablegen<br \/>\n\/ Vorwurf &#8222;Geheimnisverrat&#8220;: Deutscher Whistleblower vor Gericht<br \/>\n\/ 13. August &#8211; Wir trauern um die Grenztoten<br \/>\n\/ Rechtspopulistische Sommerinterviews in ARD und ZDF<br \/>\n\/ \u00d6ffentlich-rechtlicher Gesinnungsjournalismus<br \/>\n\/ Schulbus-Massaker im Jemen: Keine Verurteilung der Bundesregierung<br \/>\n\/ Android: Google speichert Standort auch bei ausgeschaltetem &#8222;Standortverlauf&#8220;<br \/>\n\/ T\u00f6dliche Dreckschleudern<br \/>\n\/ #IchbinCSU: S\u00f6der-Wahlkampf im Netz geht m\u00e4chtig nach hinten los<br \/>\n\/ Opa erz\u00e4hlt aus der guten alten Zeit<\/p>\n<p>&#8212;<\/p>\n<p><!--more--><\/p>\n<p><a href='https:\/\/www.kontextwochenzeitung.de\/debatte\/385\/sozialstaat-gegen-arme-5263.html' class='azc_bbc_url'>Sozialstaat gegen Arme<\/a><br \/>\nEin Rechtsanwalt berichtet, wie die Betroffenen (politisch gewollt) kaputt gemacht werden, weil die Sozialbeh\u00f6rden per Gesetz (!) nicht etwa helfen sollen, sondern so viel Geld wie maximal m\u00f6glich einsparen m\u00fcssen. Und wie die Opfer dann von einer Beh\u00f6rde zur n\u00e4chsten abgewimmelt werden, Hauptsache &#8222;meine&#8220; Beh\u00f6rde kann Geld sparen.<\/p>\n<p><a href='https:\/\/www.juedische-allgemeine.de\/article\/view\/id\/32455' class='azc_bbc_url'>SPD-Vorsitzende Nahles: &#8222;631 Euro Rente ist keine Armut&#8220;<\/a><br \/>\nWie DIE LINKE ja aufdeckte, liegt dank sozialdemokratischer Reformen inzwischen schon jede zweite Rente unter 800 Euro. Darauf angesprochen blafft die SPD-Chefin Andrea Nahles aber zur\u00fcck (Zitat): <span class='azc_bbc_italic'>&#8222;Mit 631 Euro pro Person, die den beiden Rentnern zur Verf\u00fcgung stehen, sind sie nach Auffassung der SPD-Vorsitzenden Andrea Nahles nicht als arm einzustufen. Die ehemalige Arbeits- und Sozialministerin negiert die sozialwissenschaftliche These, wonach jeder, der weniger als 60 Prozent des mittleren Einkommens zur Verf\u00fcgung hat, arm ist. Und wo keine Armut ist, gibt es offenbar keinen Handlungsbedarf.&#8220;<\/span><\/p>\n<p>Das ist bestimmt diese SPD-Erneuerung, \u00fcber die sie st\u00e4ndig reden <img class='azc_bbc_image' src='https:\/\/www.rume.de\/smilies\/sarkasm.gif'  \/><\/p>\n<p><a href='https:\/\/www.handelsblatt.com\/politik\/deutschland\/22902270.html' class='azc_bbc_url'>Zahnarztversorgung: Finanzinvestoren dr\u00e4ngen auf den Markt<\/a><br \/>\nLiest der Chef der Kassenzahn\u00e4rztlichen Bundesvereinigung (KZBV) etwa mein kleines Blog? <img class='azc_bbc_image' src='https:\/\/www.rume.de\/smilies\/biggrin.gif'  \/> Denn wie oft hatte ich schon den Satz, dass wir entweder XYZ haben kann, oder Kapitalismus &#8211; aber nicht beides?<\/p>\n<p>Und heute zitiert das Handelsblatt: <span class='azc_bbc_italic'>&#8222;Finanzstarke Investoren kaufen reihenweise Praxen auf und gr\u00fcnden sogenannte Zahnmedizinische Versorgungszentren (ZMVZ). F\u00fcr Wolfgang E\u00dfer stellt sich nicht weniger als die Systemfrage. Entweder die \u00e4rztliche Versorgung werde &#8222;an renditeorientierte Gro\u00df- und Finanzinvestoren&#8220; verkauft, oder die &#8222;wohnartnahe und qualitativ hochwertige Versorgung durch freiberuflich t\u00e4tige \u00c4rzte und Zahn\u00e4rzte&#8220; bleibe erhalten, sagt der Chef der Kassenzahn\u00e4rztlichen Bundesvereinigung (KZBV). &#8222;Beides ist nicht miteinander vereinbar.&#8220;<\/span><\/p>\n<p>Korrekt <img class='azc_bbc_image' src='https:\/\/www.rume.de\/smilies\/nasiehste.gif'  \/><\/p>\n<p><a href='http:\/\/www.wsws.org\/de\/articles\/2018\/08\/14\/pers-j01.html' class='azc_bbc_url'>UPS zahlt 700 Millionen Dollar an Aktion\u00e4re aus<\/a><br \/>\n<span class='azc_bbc_italic'>&#8222;Am Donnerstag gab das Logistik- und Zustellunternehmen UPS eine viertelj\u00e4hrliche Dividendenaussch\u00fcttung an die Aktion\u00e4re in H\u00f6he von mehr als 700 Millionen US-Dollar f\u00fcr die drei Monate bis August 2018 bekannt. Die Ank\u00fcndigung kam am selben Tag, als die Gewerkschaft zusammenkam, um neue Vertr\u00e4ge f\u00fcr die UPS-Mitarbeiter zu verabschieden, die L\u00f6hne auf Armutsniveau durchsetzen und weitreichende Zugest\u00e4ndnisse einf\u00fchren. Eine Lehrstunde des Kapitalismus und der sogenannten Sozialpartnerschaft.&#8220;<\/span> <a href='http:\/\/www.wsws.org\/de\/articles\/2018\/08\/14\/pers-j01.html' class='azc_bbc_url'>Weiterlesen&#8230;<\/a><\/p>\n<p><a href='https:\/\/www.zeit.de\/2018\/33\/toll-collect-lkw-maut-staat\/komplettansicht' class='azc_bbc_url'>Privatisiertes Mautsystem: Ein Kartell gegen die Steuerzahler<\/a><br \/>\n<span class='azc_bbc_italic'>&#8222;Toll Collect hat dem Staat bei der Lkw-Maut jahrelang Millionen Euro zu viel in Rechnung gestellt. Die Regierung st\u00f6rt das nicht. Sie lie\u00df sich hereinlegen und lernt daraus wenig&#8220;<\/span>, meldet DIE ZEIT.<\/p>\n<p>Wie oft musste man das schon lesen:<\/p>\n<p>&#8211; Finanzkrise? Banker zocken weiter, haben <span class='azc_bbc_italic'>&#8222;nichts gelernt&#8220;<\/span><br \/>\n&#8211; Abgasskandal? Betr\u00fcger bleiben unbehelligt, haben <span class='azc_bbc_italic'>&#8222;nichts gelernt&#8220;<\/span><br \/>\n&#8211; Klimawandel? Regierung macht weiter so, hat <span class='azc_bbc_italic'>&#8222;nichts gelernt&#8220;<\/span><\/p>\n<p>Egal ob Privatisierungen, Freihandelsabkommen, kapitalgedeckte Schneeballsysteme und vieles mehr &#8211; stets kommt von der Qualit\u00e4tsjournaille die l\u00e4cherliche Floskel, dass keiner was dagegen unternimmt &#8211; man also <span class='azc_bbc_italic'>&#8222;nichts gelernt&#8220;<\/span> h\u00e4tte.<\/p>\n<p>Das exakte Gegenteil ist der Fall!<\/p>\n<p>Die Verantwortlichen haben gelernt. Sie haben ganz genau hingeschaut und mitbekommen, dass selbst schwerste Kapitalverbrechen komplett straffrei bleiben. Sie haben gelernt, dass jeder Betrug nicht von ihnen selbst, sondern von der Allgemeinheit beglichen wird. Und sie haben gelernt, dass sie anschliessend noch nicht einmal zur Verantwortung gezogen werden. Weder in der Wirtschaft, noch in der Politik, die weiterhin mehrheitlich angekreuzt wird. Vielleicht ver\u00e4ndert sich hin und wieder die Farbe der kapitalistischen Verwaltungsparteien &#8211; aber weder die Herrschenden noch das herrschende System wird jemals in Frage gestellt.<\/p>\n<p>Das Verbrechen hat gelernt. Und zwar vollst\u00e4ndig. Das, was fehlt, ist die bildungspolitische Intelligenz in der Bev\u00f6lkerung.<\/p>\n<p><a href='https:\/\/www.neues-deutschland.de\/artikel\/1097300.html' class='azc_bbc_url'>LINKE und CDU? Ramelow will &#8222;ideologische Scheuklappen&#8220; ablegen<\/a><br \/>\nRamelow hat vollkommen recht. Wenn er die Regierungsarbeit seiner LINKEN mit der von CDU\/CSU\/SPD\/FDP\/GR\u00dcNE vergleicht, existiert dort &#8222;ideologisch&#8220; \u00fcberhaupt kein ernsthafter Unterschied.<\/p>\n<p>&#8211; CDU\/CSU\/SPD\/FDP\/GR\u00dcNE privatisieren &#8211; und DIE LINKE auch (<a href='https:\/\/www.rume.de\/2017\/06\/07\/aufgelesen-und-kommentiert-2017-06-07' class='azc_bbc_url'>Autobahn<\/a>, <a href='https:\/\/www.gemeingut.org\/volksinitiative-unsere-schulen-zulaessig-berliner-senat-muss-sich-der-kritik-an-der-schulprivatisierung-stellen' class='azc_bbc_url'>Schulen<\/a>, <a href='http:\/\/berliner-wassertisch.info\/wir-uber-uns\/berliner-wassertisch' class='azc_bbc_url'>Trinkwasser<\/a>)<br \/>\n&#8211; CDU\/CSU\/SPD\/FDP\/GR\u00dcNE machen Deals mit Heuschrecken &#8211; <a href='https:\/\/www.morgenpost.de\/berlin-aktuell\/article103945408\/GSW-Verkauf-bringt-Rot-Rot-in-Bedraengnis.html' class='azc_bbc_url'>und DIE LINKE auch<\/a><br \/>\n&#8211; CDU\/CSU\/SPD\/FDP\/GR\u00dcNE betreiben Lohndumping &#8211; <a href='http:\/\/www.spiegel.de\/wirtschaft\/tarifflucht-berliner-senat-verlaesst-arbeitgeberverband-a-229732.html' class='azc_bbc_url'>und DIE LINKE auch<\/a><br \/>\n&#8211; CDU\/CSU\/SPD\/FDP\/GR\u00dcNE ziehen Abschiebungen durch &#8211; <a href='https:\/\/www.marx21.de\/asylpolitik-linke-berlin-thueringen-bilanz' class='azc_bbc_url'>und DIE LINKE auch<\/a><br \/>\n&#8211; CDU\/CSU\/SPD\/FDP\/GR\u00dcNE machen sch\u00e4rfere Polizeigesetze &#8211; <a href='https:\/\/www.heise.de\/newsticker\/meldung\/Hauchduenne-Mehrheit-fuer-Verschaerfung-des-Berliner-Polizeigesetzes-198649.html' class='azc_bbc_url'>und DIE LINKE auch<\/a><\/p>\n<p>CDU\/CSU\/SPD\/FDP\/GR\u00dcNE retten verzockte Profite auf dem R\u00fccken der Bev\u00f6lkerung &#8211; und DIE LINKE auch. CDU\/CSU\/SPD\/FDP\/GR\u00dcNE sortieren Ausl\u00e4nder nach ihrem Nutzen f\u00fcr die kapitalistische Ausbeutung &#8211; und DIE LINKE will auch dar\u00fcber bestimmen, wer bleiben darf und wer nicht. Und CDU\/CSU\/SPD\/FDP\/GR\u00dcNE sorgen deutschlandweit daf\u00fcr, dass die Schere zwischen Arm und Reich immer weiter auseinander geht &#8211; und \u00fcberall, wo DIE LINKE mitregiert, ist dies auch der Fall.<\/p>\n<p>Bodo Ramelow hat also v\u00f6llig recht, wenn er der CDU zuwinkt und sagt: <span class='azc_bbc_italic'>&#8222;Hey, wir sind doch genauso wie ihr.&#8220;<\/span><\/p>\n<p>Oder wie es die Passauer Neue Presse schreibt (Zitat): <span class='azc_bbc_italic'>&#8222;Es ist h\u00f6chste Zeit, die ideologischen Scheuklappen abzulegen\u00ab, sagte Th\u00fcringens Ministerpr\u00e4sident Ramelow (Linke) an beide Seiten gerichtet. Er verwies auf die unterschiedlichen Regierungsb\u00fcndnisse in den Bundesl\u00e4ndern, 13 verschiedene Farbkonstellationen, wie er sagte. So bunt war Deutschland noch nie. Diesen Pragmatismus sollten wir jetzt nutzen.&#8220;<\/span><\/p>\n<p>Joah, 13 bunte Farben und doch \u00fcberall dieselbe Volksverarmungspolitik. Wie pragmatisch <img class='azc_bbc_image' src='https:\/\/www.rume.de\/smilies\/sarkasm.gif'  \/><\/p>\n<p>Aber hey: So sieht das eben aus, wenn man den Kapitalismus sozial gestalten will. \u00dcber 150 Jahre scheitert die Sozialdemokratie daran schon vor sich hin. Und das wird sie auch noch weitere 150 Jahre tun, selbst wenn sie sich LINKE nennt.<\/p>\n<p><a href='https:\/\/deutsch.rt.com\/inland\/74499-vorwurf-geheimnisverrat-deutscher-whistleblower-vor-gericht' class='azc_bbc_url'>Vorwurf &#8222;Geheimnisverrat&#8220;: Deutscher Whistleblower vor Gericht<\/a><br \/>\nEr ver\u00f6ffentlichte die Entscheidung eines kommunalen Unternehmens, die Bonuszahlungen f\u00fcr einfache Besch\u00e4ftigte massiv zu k\u00fcrzen und gleichzeitig die Vorstands-Boni unangetastet zu lassen. Jetzt muss sich DKP-Ratsherr Michael Gerber juristisch verteidigen.<\/p>\n<p><a href='https:\/\/blog.fdik.org\/2018-08\/s1534195479' class='azc_bbc_url'>13. August &#8211; Wir trauern um die Grenztoten<\/a><br \/>\n<img class='azc_bbc_image' src='https:\/\/www.rume.de\/smilies\/nasiehste.gif'  \/><\/p>\n<p><a href='https:\/\/einfacherdienst.de\/sommerinterviews-2018-die-ewige-fluechtlingskrise' class='azc_bbc_url'>Rechtspopulistische Sommerinterviews in ARD und ZDF<\/a><br \/>\nBei den &#8222;Sommerinterviews&#8220; k\u00f6nnten die Journalisten fragen, was denn mit der Altersarmut ist? Mit der Wohnungsnot? Mit dem Klimawandel? Oder ganz investigativ: Was ist aus den eigenen Wahlversprechen geworden? Stattdessen aber agitiert man sich als Lautsprecher der Rechtsextremen und befragt die Politiker nur nach Fl\u00fcchtlinge, deren Abschiebung und die bestm\u00f6gliche Abschottung vor &#8222;denen&#8220;.<\/p>\n<p>Jeweils 15 Minuten lang befragt (abz\u00fcglich Intro, Outro, Fragen nach Wohlbefinden, Wetter, usw.) wurden Merkel (CDU), Nahles (SPD), Meuthen (AfD), zweimal Lindner (FDP), Riexinger (Linke), Habeck (Gr\u00fcne), Baerbock (auch Gr\u00fcne), und Seehofer (CSU). Insgesamt also 9x 15 Minuten Zeit f\u00fcr politisch unbequeme Fragen &#8211; aber tats\u00e4chlich gefragt wurde:<\/p>\n<p>61 Minuten zum Thema Fl\u00fcchtlinge, Asyl und Abschiebung<br \/>\n34 Minuten \u00fcber die eigene Partei\/eigene Rolle<\/p>\n<p>8 Minuten zum Thema Arbeit, Rente und Soziales<br \/>\n3 Minuten zum Thema Bau und Wohnen<br \/>\n1 Minute zum Thema Umwelt und Klimawandel<br \/>\n26 Sekunden zum Thema Pflege<br \/>\n18 Sekunden zum Thema Bildung<br \/>\n12 Sekunden zum Thema Familie<\/p>\n<p>Hat noch jemand Fragen dazu, warum ich ARD und ZDF stets \u00d6ffentlich-Rechte nenne?<\/p>\n<p>Und wartet, einen hab ich noch: Wenn bei den \u00d6ffentlich-Rechten jemand <a href='https:\/\/uebermedien.de\/30658\/rechter-shitstorm-gegen-linkes-t-shirt-ist-dem-wdr-nicht-latte' class='azc_bbc_url'>mit einem linken Satire-Shirt auftritt<\/a>, wird dieser Beitrag nat\u00fcrlich sofort gel\u00f6scht, nachdem der AfD\/Pegida-Mob seinen Shitstorm ausk\u00fcbelte. Der WDR bedankt (!) sich sogar ausdr\u00fccklich f\u00fcr die Hinweise aus dem rechtsbraunen Toilettenrand: <span class='azc_bbc_italic'>&#8222;Liebe Gr\u00fc\u00dfe aus der Redaktion und nochmals vielen Dank.&#8220;<\/span><\/p>\n<p><a href='https:\/\/www.rubikon.news\/artikel\/offentlich-rechtlicher-gesinnungsjournalismus' class='azc_bbc_url'>\u00d6ffentlich-rechtlicher Gesinnungsjournalismus<\/a><br \/>\nEin SEHR LESENSWERTES Interview mit Volker Br\u00e4utigam, dem ehemaligen Tagesschau-Redakteur beim NDR.<\/p>\n<p><a href='https:\/\/www.youtube.com\/watch?v=Z5-O5amkc2Y' class='azc_bbc_url'>Schulbus-Massaker im Jemen: Keine Verurteilung der Bundesregierung<\/a><br \/>\nDas war <span class='azc_bbc_italic'>&#8222;entsetzlich&#8220;<\/span> , die Bilder <span class='azc_bbc_italic'>&#8222;grauenhaft&#8220;<\/span> und es muss alles getan werden, damit <span class='azc_bbc_italic'>&#8222;so etwas nicht passiert&#8220;<\/span>, so Regierungssprecher Seibert. ABER: Das Kriegsverbrechen auch zu verurteilen, nein, das will die Bundesregierung nicht. Es waren ja schliesslich &#8222;unsere saudischen Freunde&#8220; und nicht etwa der &#8222;b\u00f6se Russe&#8220;, der hier Kriegsverbrechen und Abschlachtungen durchf\u00fchrte.<\/p>\n<p><a href='https:\/\/netzpolitik.org\/2018\/google-speichert-standort-auch-bei-ausgeschaltetem-standortverlauf' class='azc_bbc_url'>Android: Google speichert Standort auch bei ausgeschaltetem &#8222;Standortverlauf&#8220;<\/a><br \/>\nNetzpolitik berichtet: <span class='azc_bbc_italic'>&#8222;Der Standortverlauf zeichnet alle Orte auf, die NutzerInnen mit einem eingeschalteten und bei Google eingeloggten Ger\u00e4t, zum Beispiel einem Android-Handy, besuchen. Diese Funktion l\u00e4sst sich in den Einstellungen des Google-Kontos ausschalten. &#8222;Wenn Sie den Standortverlauf deaktivieren, werden die von Ihnen besuchten Orte nicht mehr gespeichert&#8220;, hei\u00dft es dazu in der Erkl\u00e4rung von Google.<\/p>\n<p>Wer denkt, damit Google das Speichern jeglicher Standortdaten verboten zu haben, liegt falsch. Denn der Konzern speichert standardm\u00e4\u00dfig den Standort auch bei jedem Suchvorgang, dem Aufrufen von Google-Maps und weiteren Google-Diensten. Diese werden unter &#8222;Meine Aktivit\u00e4ten&#8220; gespeichert und f\u00fcr zielgerichtete Werbung genutzt.&#8220;<\/span><\/p>\n<p>Tja, und das eigentlich schlimme daran ist, dass man nur noch mit Achselzucken auf solche Rechtsbr\u00fcche reagiert. So unterirdisch ist bereits das Rechtsempfinden der Bev\u00f6lkerung gegen\u00fcber der allgegenw\u00e4rtigen Wirtschaftskriminalit\u00e4t geworden.<\/p>\n<p>Ob die DSGVO f\u00fcr die n\u00e4chste Milliardenstrafe sorgt?<\/p>\n<p><a href='https:\/\/www.rubikon.news\/artikel\/todliche-dreckschleudern' class='azc_bbc_url'>T\u00f6dliche Dreckschleudern<\/a><br \/>\nHintergrundbericht \u00fcber die &#8222;Europ\u00e4ischen Forschungsvereinigung f\u00fcr Umwelt und Gesundheit im Transportsektor&#8220; (EUGT), die mit Gef\u00e4lligkeitsgutachten f\u00fcr die \u00f6ffentliche Sauberkeit von Dieselmotoren warb. Was auch nicht \u00fcberrascht, denn die EUGT wurde von VW, BMW, Daimler und Bosch gegr\u00fcndet und finanziert. Bestes Zitat dieser Kloppertruppe: <span class='azc_bbc_italic'>&#8222;Durch die modernen Abgasnachbehandlungsanlagen (&#8230;) k\u00f6nnte fast sagen, dass ein moderner Diesel in vielen Situationen sozusagen die Luft reinigt.&#8220;<\/span> <img class='azc_bbc_image' src='https:\/\/www.rume.de\/smilies\/sarkasm.gif'  \/><\/p>\n<p>Derweil l\u00e4uft mir \u00fcber den Bildschirm, dass der <a href='http:\/\/www.handelsblatt.com\/unternehmen\/industrie\/22906468.html' class='azc_bbc_url'>Audi-Chef Stadler in Untersuchungshaft bleibt<\/a>. Das ist zwar gut so, aber es fehlen noch all seine kriminellen Helfer und Helfershelfer &#8211; womit ausdr\u00fccklich auch seine Komplizen wie Dobrindt und Scheuer gemeint sind. Jeden Tag 20 zus\u00e4tzliche Kranke (asthma, Krebs, usw.) aufgrund blockierter Zwangsnachr\u00fcstung &#8211; und bestraft wurden bislang nur die Autobesitzer?<\/p>\n<p><a href='https:\/\/meedia.de\/2018\/08\/13\/hashtag-haeme-mit-csuliefert-und-ichbincsu-der-csu-wahlkampf-im-netz-geht-maechtig-nach-hinten-los' class='azc_bbc_url'>#IchbinCSU: S\u00f6der-Wahlkampf im Netz geht m\u00e4chtig nach hinten los<\/a><br \/>\n<img class='azc_bbc_image' src='https:\/\/www.rume.de\/smilies\/biggrin.gif'  \/><\/p>\n<p>Und zu guter Letzt:<\/p>\n<p><a href='http:\/\/www.sfv.de\/fotos\/l\/Opaerzaehlt.jpg' class='azc_bbc_url'>Opa erz\u00e4hlt aus der guten alten Zeit<\/a><br \/>\n<img class='azc_bbc_image' src='https:\/\/www.rume.de\/smilies\/nasiehste.gif'  \/><\/p>\n","protected":false},"excerpt":{"rendered":"<p>\/ Sozialstaat gegen Arme \/ SPD-Vorsitzende Nahles: &#8222;631 Euro Rente ist keine Armut&#8220; \/ Zahnarztversorgung: Finanzinvestoren dr\u00e4ngen auf den Markt \/ UPS zahlt 700 Millionen Dollar an Aktion\u00e4re aus \/ Privatisiertes Mautsystem: Ein Kartell gegen die Steuerzahler \/ LINKE und CDU? Ramelow will &#8222;ideologische Scheuklappen&#8220; ablegen \/ Vorwurf &#8222;Geheimnisverrat&#8220;: Deutscher Whistleblower vor Gericht \/ 13. &hellip; <a href=\"https:\/\/www.rume.de\/?p=799\" class=\"more-link\"><span class=\"screen-reader-text\">\u201eAufgelesen und kommentiert 2018-08-14\u201c <\/span>weiterlesen<\/a><\/p>\n","protected":false},"author":1,"featured_media":0,"comment_status":"open","ping_status":"closed","sticky":false,"template":"","format":"standard","meta":{"footnotes":""},"categories":[2],"tags":[],"class_list":["post-799","post","type-post","status-publish","format-standard","hentry","category-aufgelesen"],"_links":{"self":[{"href":"https:\/\/www.rume.de\/index.php?rest_route=\/wp\/v2\/posts\/799","targetHints":{"allow":["GET"]}}],"collection":[{"href":"https:\/\/www.rume.de\/index.php?rest_route=\/wp\/v2\/posts"}],"about":[{"href":"https:\/\/www.rume.de\/index.php?rest_route=\/wp\/v2\/types\/post"}],"author":[{"embeddable":true,"href":"https:\/\/www.rume.de\/index.php?rest_route=\/wp\/v2\/users\/1"}],"replies":[{"embeddable":true,"href":"https:\/\/www.rume.de\/index.php?rest_route=%2Fwp%2Fv2%2Fcomments&post=799"}],"version-history":[{"count":1,"href":"https:\/\/www.rume.de\/index.php?rest_route=\/wp\/v2\/posts\/799\/revisions"}],"predecessor-version":[{"id":800,"href":"https:\/\/www.rume.de\/index.php?rest_route=\/wp\/v2\/posts\/799\/revisions\/800"}],"wp:attachment":[{"href":"https:\/\/www.rume.de\/index.php?rest_route=%2Fwp%2Fv2%2Fmedia&parent=799"}],"wp:term":[{"taxonomy":"category","embeddable":true,"href":"https:\/\/www.rume.de\/index.php?rest_route=%2Fwp%2Fv2%2Fcategories&post=799"},{"taxonomy":"post_tag","embeddable":true,"href":"https:\/\/www.rume.de\/index.php?rest_route=%2Fwp%2Fv2%2Ftags&post=799"}],"curies":[{"name":"wp","href":"https:\/\/api.w.org\/{rel}","templated":true}]}}