{"id":796,"date":"2018-08-13T22:48:16","date_gmt":"2018-08-13T20:48:16","guid":{"rendered":"https:\/\/rume.inrieda.de\/?p=796"},"modified":"2018-08-13T22:48:16","modified_gmt":"2018-08-13T20:48:16","slug":"aufgelesen-und-kommentiert-2018-08-13","status":"publish","type":"post","link":"https:\/\/www.rume.de\/?p=796","title":{"rendered":"Aufgelesen und kommentiert 2018-08-13"},"content":{"rendered":"<p>\/ Im Handwerk fehlen bis zu 250.000 Fachkr\u00e4fte<br \/>\n\/ Ausbeutung bei Ryanair: Verwerflich bestimmt &#8211; aber so sch\u00f6n billig<br \/>\n\/ Toll Collect: &#8222;Eigentlich m\u00fcsste man da sofort mit Durchsuchungsbeschluss rein&#8220;<br \/>\n\/ SPD lanciert ausl\u00e4nderfeindliche Kindergeld-Kampagne<br \/>\n\/ Wenn Seenotrettung politisch wird<br \/>\n\/ Nach CSU-Hetzkampagne: Mehr als 700 Angriffe auf Fl\u00fcchtlinge<br \/>\n\/ Seehofer und von der Leyen planen Cyberwaffen-Agentur<br \/>\n\/ Der ARD-&#8222;Faktenfinder&#8220; hat mal wieder keinerlei Fakten gefunden<br \/>\n\/ Die ARD tagesschau verdreht den Zweiten Weltkrieg<br \/>\n\/ Postkapitalismus ohne Verzicht<br \/>\n\/ Ludwig Erhard, der Held der b\u00fcrgerlichen Geschichtsschreibung, war keiner<br \/>\n\/ Presseschreder<br \/>\n\/ Man nennt mich die Klimakanzlerin<\/p>\n<p>&#8212;<\/p>\n<p><!--more--><\/p>\n<p><a href='https:\/\/www.n-tv.de\/wirtschaft\/Im-Handwerk-fehlen-bis-zu-250-000-Fachkraefte-article20568375.html' class='azc_bbc_url'>Im Handwerk fehlen bis zu 250.000 Fachkr\u00e4fte<\/a><br \/>\nFachkr\u00e4ftemangel-Propaganda in Endlosschleife. Zitat: <span class='azc_bbc_italic'>&#8222;Einen Fachkr\u00e4ftemangel gebe es vor allem in technischen Berufen, etwa in der Geb\u00e4udetechnik, aber auch bei Elektronikern. &#8222;Wir haben sehr viele Betriebe, die gar keine offenen Stellen mehr melden&#8220;, sagte Handwerkspr\u00e4sident Hans Peter Wollseifer. &#8222;Deshalb sch\u00e4tzen wir die Zahl der fehlenden Fachkr\u00e4fte im Handwerk auf 200.000 bis 250.000.&#8220;<\/span><\/p>\n<p>F\u00fcr mich das Zitat des Tages <img class='azc_bbc_image' src='https:\/\/www.rume.de\/smilies\/laugh.gif'  \/><\/p>\n<p>Wer keine Stellen ausschreibt, der hat keinen Bedarf. Punkt. Denn wenn ich wirklich (!) Leute ben\u00f6tige, dann nehme ich auch in Kauf, dass ich viele untaugliche Bewerbungen erhalte und sortieren muss. Auch Fortbildungen, Schnellkurse und Einbarbeitungszeiten w\u00fcrde ich voll bezahlen, wenn ich wirklich Leute ben\u00f6tigen w\u00fcrde. Allein <a href='http:\/\/sakurai-cartoons.de\/\/images\/g_baustellenshuttle.gif' class='azc_bbc_url'>diese kleine Karikatur<\/a> zeigt, was tats\u00e4chlicher Fachkr\u00e4ftemangel bedeuten w\u00fcrde. Und davon sind wir meilenweit entfernt, denn seit der Agenda 2010 sind \u00fcber 200.000 deutsche Fachkr\u00e4fte in die Schweiz AUSgewandert. Als Grenzg\u00e4nger kommen weitere 200.000 dazu, die lieber in der Schweiz als in Deutschland arbeiten. Alles dank der von CDU\/CSU\/SPD\/FDP\/GR\u00dcNE gewollten, immer mieseren Arbeitsbedingungen hier in Deutschland.<\/p>\n<p>Kleines Beispiel: Im oben genannten Elektrohandwerk gibt es derzeit <a href='http:\/\/www.mindest-lohn.org\/branchen\/elektrohandwerk.html' class='azc_bbc_url'>10,95 Euro brutto als Branchen-Mindestlohn<\/a>. Und genau das ist auch automatisch der Lohn, den die ausgebildeten Fachkr\u00e4fte bekommen. Auch als langj\u00e4hrige Mitarbeiter. ABER: Diesen Lohn gibt es nur f\u00fcr zehn Monate, weil zwei Monate wegen Schlechtwetterphase wegfallen. Und wer einen Betriebsrat gr\u00fcnden will, ist genauso schnell entlassen wie diejenigen, die &#8222;nicht mehr funktionieren&#8220;. Und damit ist man noch gut bedient, denn Ausbeutungen \u00fcber Sub-Subunternehmer und Scheinselbstst\u00e4ndigkeit sind eine (politisch gewollte) Endlosquelle f\u00fcr \u00f6ffentlich-rechte Dokus.<\/p>\n<p>Fachkr\u00e4ftemangel? Darf ich den Witz nochmal h\u00f6ren?<\/p>\n<p>Somit kommen wir zum Kern des gesamten Berichts. Denn nat\u00fcrlich wollen die Handwerksbetriebe keine h\u00f6heren L\u00f6hne oder bessere Arbeitsbedingungen anbieten. Nein, sie wollen stattdessen Geld von uns Steuerzahlern. Zitat: <span class='azc_bbc_italic'>&#8222;Auf Dr\u00e4ngen der Branche sei ein Berufsbildungspakt in den Koalitionsvertrag genommen worden. &#8222;Der muss jetzt aber auch inhaltlich gef\u00fcllt werden&#8220;, sagte Wollseifer. &#8222;Und da muss man auch \u00fcber Geld sprechen und mehr Geld in die Hand nehmen. Es geht darum, berufliche Bildung und akademische Bildung auch finanziell gleichwertig zu behandeln. Wir wollen keine Milliarden, aber eine wesentlich bessere Mittelausstattung&#8220;, sagte der 63-J\u00e4hrige.&#8220;<\/span><\/p>\n<p>Im Klartext: Wir Steuerzahler sollen auch die Ausbildung im Handwerk bezahlen <img class='azc_bbc_image' src='https:\/\/www.rume.de\/smilies\/nasiehste.gif'  \/><\/p>\n<p>Aber hey: Die Pflegeberufe werden ja auch gerade so sch\u00f6n zer-Spahnt. Vielleicht erfindet die CDU ja auch noch ein <a href='http:\/\/www.schwarwel.de\/wp-content\/uploads\/2018\/08\/180809-lehrer-bildung-1000-karikatur-schwarwel.jpg' class='azc_bbc_url'>&#8220;Zwangsjahr Handwerk&#8220;<\/a> f\u00fcr den Kampf gegen den Fachkr\u00e4ftemangel. Bei den Pflegeberufen diskutiert man ja auch schon \u00fcber die Wiedereinf\u00fchrung des Zivi-Dienstes.<\/p>\n<p><a href='https:\/\/www.n-tv.de\/wirtschaft\/Verwerflich-bestimmt-aber-so-schoen-billig-article20567062.html' class='azc_bbc_url'>Ausbeutung bei Ryanair: Verwerflich bestimmt &#8211; aber so sch\u00f6n billig<\/a><br \/>\nL E S E B E F E H L !!<\/p>\n<p>Kurzer Auszug: <span class='azc_bbc_italic'>&#8222;Seine Piloten nennt er der Ryanair-Chef O&#8217;Leary mal &#8222;\u00fcberbewertete Taxifahrer&#8220; oder &#8222;Busfahrer&#8220;. Als vergangenen Herbst Forderungen nach mehr Gehalt laut wurden, sagte er, seine Angestellten h\u00e4tten ein \u00fcberzogenes Selbstwertgef\u00fchl. In einem Interview mit der S\u00fcddeutschen Zeitung sagte er einmal, die Umwelt interessiere ihn &#8222;einen Dreck&#8220;, was ihn interessiere, seien die \u00d6lpreise. Das Beste, was man seiner Ansicht nach mit Umweltaktivisten machen k\u00f6nne, sei es, sie &#8222;abzuknallen&#8220;, ein weiteres Zitat von ihm. Und was sein eigenes Auskommen angeht, sagte er einmal: &#8222;Ich verdiene etwa das 20-Fache dessen meiner Angestellten. Ich denke, diese L\u00fccke sollte gr\u00f6\u00dfer sein.&#8220;<\/span><\/p>\n<p>\u00dcbrigens: Der Streik bei Ryanair l\u00e4uft <a href='https:\/\/www.wsws.org\/de\/articles\/2018\/08\/11\/ryan-a11.html' class='azc_bbc_url'>wie erwartet<\/a>. Jede Gewerkschaft k\u00e4mpft f\u00fcr sich allein und statt sich l\u00e4nder\u00fcbergreifend zu vernetzen, sind die Gewerkschaften dar\u00fcm bem\u00fcht, jede Kampfaktion zu isolieren und wirkungslos in Leere laufen zu lassen. Zitat: <span class='azc_bbc_italic'>&#8222;In Deutschland zeigte sich besonders deutlich, wie gro\u00df die Angst der Gewerkschaftsf\u00fchrer ist, dass sich der Streik ihrer Kontrolle entziehen und zum Anziehungspunkt f\u00fcr das Kabinen- und Bodenpersonal sowie f\u00fcr die gesamte Flugbranche werden k\u00f6nnte. Die &#8222;Vereinigung Cockpit&#8220; weigerte sich, irgendeinen Streikposten aufzustellen oder Aktionen an einem der zehn Ryanair-Standorte zu organisieren. Stattdessen rief die Gewerkschaft ihre Mitglieder zu einem fein s\u00e4uberlich inszenierten Fototermin ins Kellergeschoss ihrer Zentrale in Frankfurt auf &#8211; weit abgeschieden vom Flughafen und von allen Kollegen der Ryanair-Piloten in den andern Fluggesellschaften. Den Vertretern der WSWS verboten die B\u00fcrokraten, Flugbl\u00e4tter zu verteilen. Mehrfach riefen Gewerkschaftsvertreter die anwesenden Mitglieder auf, keinesfalls mit Vertretern der Presse zu sprechen. Dies d\u00fcrften ausschlie\u00dflich die Pressesprecher der Gewerkschaft, hie\u00df es immer wieder.&#8220;<\/span><\/p>\n<p><a href='https:\/\/www.zeit.de\/mobilitaet\/2018-08\/toll-collect-steuergeld-bund-alexander-eisenkopf-interview' class='azc_bbc_url'>Toll Collect: &#8222;Eigentlich m\u00fcsste man da sofort mit Durchsuchungsbeschluss rein&#8220;<\/a><br \/>\nUnd in einem Rechtsstaat w\u00e4re dies auch schon l\u00e4ngst der Fall. Aber wir leben stattdessen in Deutschland. Da geh\u00f6rt Wirtschaftskriminalit\u00e4t (auch &#8222;Privatisierung&#8220; genannt) zur &#8222;Politischen Mitte&#8220; und wird von \u00fcber 80 Prozent aller W\u00e4hler begeistert angekreuzt.<\/p>\n<p>Aber hey: So lange man Erwerbslose und Fl\u00fcchtlinge hat, an denen sich der Deutsche abreagieren darf (aktuell: Kindergelddebatte), ist doch alles in Ordnung <img class='azc_bbc_image' src='https:\/\/www.rume.de\/smilies\/sarkasm.gif'  \/><\/p>\n<p><a href='https:\/\/www.wsws.org\/de\/articles\/2018\/08\/13\/kind-a13.html' class='azc_bbc_url'>SPD lanciert ausl\u00e4nderfeindliche Kindergeld-Kampagne<\/a><br \/>\n<span class='azc_bbc_italic'>&#8222;Nachdem die Gro\u00dfe Koalition im Fr\u00fchjahr die sogenannte &#8222;BAMF-Aff\u00e4re&#8220; nutzte, um Stimmung gegen Fl\u00fcchtlinge zu sch\u00fcren, lanciert sie nun die n\u00e4chste ausl\u00e4nderfeindliche Kampagne. Am vergangenen Donnerstag wetterte der SPD-Oberb\u00fcrgermeister S\u00f6ren Link in den Tagesthemen gegen EU-Ausl\u00e4nder und betrieb rassistische Stimmungsmache im Stile der AfD. &#8222;Sie kommen nicht wegen der Arbeit, sondern um Sozialleistungen zu beziehen&#8220;. Er m\u00fcsse sich &#8222;hier mit Menschen besch\u00e4ftigen, die ganze Stra\u00dfenz\u00fcge verm\u00fcllen und das Rattenproblem versch\u00e4rfen.&#8220; Er habe eine Task Force eingerichtet, um gegen die angeblichen &#8222;Problemimmobilien&#8220; der Sinti und Roma &#8222;vorzugehen&#8220;.<\/p>\n<p>Die SPD-Vorsitzende Andrea Nahles hat daraufhin f\u00fcr den 27. September ein Spitzentreffen mit Oberb\u00fcrgermeistern und Kommunalpolitikern unter dem Slogan &#8222;Teilproblem im Gesamtkomplex Arbeitsmigration&#8220; angek\u00fcndigt, um die sozialen Rechte von EU-Ausl\u00e4ndern zu beschneiden. Unter anderem wollen Nahles und ihr Parteikollege und Bundesfinanzminister, Olaf Scholz, eine sogenannte Indexierung des Kindergeldes auf europ\u00e4ischer Ebene durchsetzen. Was da hei\u00dft, machte Hamburgs B\u00fcrgermeister Peter Tschentscher (SPD) deutlich: &#8222;Die H\u00f6he des Kindergeldes muss sich nach den Lebenshaltungskosten des Landes richten, in dem sich das Kind aufh\u00e4lt&#8220;, sagte er am Freitag.<\/p>\n<p>Die Kampagne der SPD zielt darauf ab, die Arbeiterklasse zu spalten, von der immer gr\u00f6\u00dfer werden Schere zwischen Arm und Reich abzulenken und die rechte Politik der Gro\u00dfen Koalition &#8211; Sozialabbau, Militarismus und Staatsaufr\u00fcstung &#8211; voranzutreiben. Die Pl\u00e4ne der SPD versto\u00dfen gegen geltendes europ\u00e4isches Recht und sind deshalb bereits in der Vergangenheit von der EU-Kommission mehrfach abgelehnt wurden. Und wie bereits zuvor die angeblichen Mi\u00dfst\u00e4nde im Bundesamt f\u00fcr Migration und Fl\u00fcchtlinge (BAMF), sind dabei auch die Behauptungen \u00fcber den angeblichen Kindergeld-Missbrauch frei erfunden.<\/p>\n<p>In einem Interview mit der Zeit erkl\u00e4rt der Sprecher der Bundesagentur f\u00fcr Arbeit, Christian Weinert, man habe &#8222;bisher keine Hinweise auf Missbrauch von Kindergeldanspr\u00fcchen durch Familien, deren Kinder im Ausland leben.&#8220; Wer hier eine sozialversicherungspflichtige Arbeit aus\u00fcbt, hat in den meisten F\u00e4llen auch Anspruch auf Kindergeld.&#8220;<\/span><\/p>\n<p><a href='https:\/\/www.heise.de\/tp\/features\/Wenn-Seenotrettung-politisch-wird-4134005.html' class='azc_bbc_url'>Wenn Seenotrettung politisch wird<\/a><br \/>\n<span class='azc_bbc_italic'>&#8222;Ein Feuerwehrmann ist ein Feuerwehrmann, ein Notarzt ist ein Notarzt, doch ein Seenotretter ist ein Angeklagter&#8220;<\/span>, leitet TELEPOLIS seinen lesenswerten Bericht ein, den ich etwas ausf\u00fchrlicher zitieren muss.<\/p>\n<p>Zitat: <span class='azc_bbc_italic'>&#8222;Die Aquarius-Crew hat <a href='https:\/\/onboard-aquarius.org' class='azc_bbc_url'>eine Online-Seite eingerichtet<\/a>, wo sie alle ihre Schritte dokumentiert. Sie will retten und transparent machen, was im Mittelmeer geschieht. Am Freitag hat das Rettungsschiff 141 Menschen aus zwei kleinen Booten an Bord genommen. Die Crew hat sie mit eigener Hilfe gefunden, ohne jegliche Unterst\u00fctzung, weder von Italien noch von Malta, Tunesien oder Libyen. Sie hat alle Leitstellen informiert, wo sie sich befindet und Hilfe angeboten. Keine Leitstelle hat mit den Rettern zusammengearbeitet. Laut SOS Mediterranee haben die Schiffbr\u00fcchigen mitgeteilt, dass, bevor die Aquarius kam, f\u00fcnf Schiffe vorbei gefahren seien, ohne Hilfe zu leisten.<\/p>\n<p>Etwa die H\u00e4lfte der Geretteten sind unbegleitete Minderj\u00e4hrige. Es ist die erste Rettungsaktion nach etwa zwei Monaten.<\/p>\n<p>Das orangefarben angestrichene Schiff ist zum Symbol geworden. Zum Symbol f\u00fcr den Kampf gegen den Untergang der Menschenrechte. Zum Symbol f\u00fcr den Kampf gegen ausgerechnet die eigenen Regierungen in Europa, die diese Menschenrechte l\u00e4ngst f\u00fcr sich abgeschafft haben und nun in einer b\u00f6sartigen Verkehrung der Verh\u00e4ltnisse versuchen, die Verteidiger der Menschenrechte zu T\u00e4tern zu stempeln.<\/p>\n<p>Im Juni wurde die Aquarius widerwillig weltbekannt. \u00dcber 600 Menschen hatte die Crew eingesammelt und vor dem sicheren Tod bewahrt. Doch ein einzelner Mann, der Innenminister Italiens, durfte entscheiden, dass das Schiff keinen Hafen des Landes anlaufen d\u00fcrfe. Es war eine Entscheidung gegen das Recht. Man lie\u00df ihn entscheiden. Warum? Wo waren die Vertreter des Rechts? Warum unterzieht sich eine Gesellschaft erst den M\u00fchen, in komplizierten demokratischen Prozessen zu verabreden, was gilt, wenn ein Minister das mit einem einzigen Satz von jetzt auf gleich f\u00fcr ung\u00fcltig erkl\u00e4rt?<\/p>\n<p>Sich den Salvinis und den Seehofers zu beugen, hei\u00dft die Demokratie zu opfern. Die Seenotrettung ist jetzt zugleich ein Machtkampf um das internationale Menschenrecht, wie um die demokratischen Entscheidungsverh\u00e4ltnisse innerhalb der EU.&#8220;<\/span> <a href='https:\/\/www.heise.de\/tp\/features\/Wenn-Seenotrettung-politisch-wird-4134005.html' class='azc_bbc_url'>Weiterlesen&#8230;<\/a><\/p>\n<p><a href='https:\/\/www.zeit.de\/gesellschaft\/zeitgeschehen\/2018-08\/afd-fluechtling-fluechtlingsunterkunft-fremdenhass-asylbewerber-angriffe-rechtsradikale' class='azc_bbc_url'>Nach CSU-Hetzkampagne: Mehr als 700 Angriffe auf Fl\u00fcchtlinge<\/a><br \/>\nDIE ZEIT meldet: <span class='azc_bbc_italic'>&#8222;Im ersten Halbjahr 2018 hat es nach Angaben der Bundesregierung mehr als 700 Angriffe auf Fl\u00fcchtlinge und Fl\u00fcchtlingsunterk\u00fcnfte gegeben. Das geht aus einer Antwort des Bundesinnenministeriums auf eine Kleine Anfrage der Linksfraktion hervor, die den Zeitungen der Funke Mediengruppe vorliegt. Insgesamt gab es demnach 627 Angriffe auf Fl\u00fcchtlinge und 77 Attacken auf Unterk\u00fcnfte. Dabei seien 120 Menschen verletzt worden.&#8220;<\/span><\/p>\n<p>Wohlgemerkt: Das sind nur die offiziellen Zahlen. Denn wer sieht, dass die Bundesregierung &#8222;nur&#8220; 75 Todesopfer rechter Gewalt z\u00e4hlen will, w\u00e4hrend Nichtregierungsorganisationen und Journalisten <a href='https:\/\/www.mut-gegen-rechte-gewalt.de\/news\/chronik-der-gewalt\/todesopfer-rechtsextremer-und-rassistischer-gewalt-seit-1990' class='azc_bbc_url'>fast 200 Todesf\u00e4lle auflisten<\/a>, erkennt man die Verharmlosung schon sehr deutlich.<\/p>\n<p><a href='http:\/\/www.spiegel.de\/netzwelt\/netzpolitik\/horst-seehofer-und-ursula-von-der-leyen-planen-cyberwaffen-agentur-a-1222548.html' class='azc_bbc_url'>Seehofer und von der Leyen planen Cyberwaffen-Agentur<\/a><br \/>\nUnd das ehemalige Nachrichtenmagazin benutzt gleich 13 mal <a href='https:\/\/www.youtube.com\/watch?v=WY6KkRsS26M' class='azc_bbc_url'>das Wort &#8222;Cyber&#8220;<\/a> in ihrem Bericht <img class='azc_bbc_image' src='https:\/\/www.rume.de\/smilies\/biggrin.gif'  \/> Und fast genauso witzig ist es, dass man &#8222;zum Angriff bereit&#8220; sein will, aber sichere Open-Source-Produkte gerade fl\u00e4chendeckend wieder abbaut (<a href='https:\/\/netzpolitik.org\/2017\/kommentar-die-abkehr-von-freier-und-unabhaengiger-software-in-muenchen-waere-falsch' class='azc_bbc_url'>Limux in M\u00fcnchen<\/a>, <a href='https:\/\/netzpolitik.org\/2014\/polizei-niedersachsen-kurz-vor-wechsel-zu-windows-aus-intransparenten-wirtschaftlichkeitsgruenden' class='azc_bbc_url'>Linux in Niedersachsen<\/a>, usw.) und stattdessen <a href='https:\/\/www.rbb24.de\/politik\/beitrag\/2018\/02\/ARD-Doku-Microsoft-Dilemma.html' class='azc_bbc_url'>teure und schadhafte Microsoft-Produkte<\/a> installiert.<\/p>\n<p>Aber zum eigentlichen Thema: <span class='azc_bbc_italic'>&#8222;Deutschland will bei der Entwicklung von Cyberwaffen zur Weltspitze aufschlie\u00dfen&#8220;<\/span>, so der Bericht. Satte 50 Millionen Euro j\u00e4hrlich wollen Innenhorst und Flintenuschi ausgeben, um <span class='azc_bbc_italic'>&#8222;auf dem digitalen Gefechtsfeld zu bestehen&#8220;<\/span> <img class='azc_bbc_image' src='https:\/\/www.rume.de\/smilies\/clown.gif'  \/> Oder wie es der SPIEGEL schreibt: <span class='azc_bbc_italic'>&#8222;Dies markiert den Einstieg in die staatliche Forschung auf der Suche nach defensiven aber auch offensiven Cyberwaffen.&#8220;<\/span><\/p>\n<p>Ja und vor allem ist dies der Einstieg in den Verfassungsbruch! Denn wie DIE LINKE bereits vom Wissenschaftlichen Dienst des Bundestags kl\u00e4ren liess, sind <a href='https:\/\/netzpolitik.org\/2018\/wissenschaftlichen-dienste-des-bundestages-hackbacks-im-ausland-sind-verfassungswidrig' class='azc_bbc_url'>solche staatlichen Gegenschl\u00e4ge verfassungswidrig<\/a>. Davon steht im SPIEGEL aber nat\u00fcrlich nichts, sondern es wird stattdessen das Loblied gesungen, dass man nun nach dem Vorbild (!) der USA (!) ebenfalls in digitale Angriffskriege ziehen will.<\/p>\n<p>Ab wann nochmal genau spricht man von einer Staatspresse?<\/p>\n<p><a href='https:\/\/blog.fdik.org\/2018-08\/s1533849431' class='azc_bbc_url'>Der ARD-&#8222;Faktenfinder&#8220; hat mal wieder keinerlei Fakten gefunden<\/a><br \/>\nUnd dreimal d\u00fcrft ihr raten, bei welchem Thema die selbsternannten &#8222;Faktenfinder&#8220; mal wieder haufenweise Behauptungen in den Wind pupsen:<\/p>\n<p>&#8211; russische Trolle<br \/>\n&#8211; Trolle aus Russland<br \/>\n&#8211; Russentrolle<\/p>\n<p>Hach ja, was w\u00e4ren wir nur ohne unsere \u00d6ffentlich-Rechten, die uns jeder Woche aufs Neue erz\u00e4hlen m\u00fcssen, wie b\u00f6se die Russen doch unsere Meinung beeinflussen. So etwas w\u00fcrde die deutsche Qualit\u00e4tspresse niemals, h\u00f6rt ihr, NIEMALS machen. Geschweige denn, dass man <a href='https:\/\/www.youtube.com\/watch?v=1YOGUvEVJlM' class='azc_bbc_url'>US-amerikanische Trolle unterst\u00fctzt<\/a> <img class='azc_bbc_image' src='https:\/\/www.rume.de\/smilies\/sarkasm.gif'  \/><\/p>\n<p><a href='https:\/\/propagandaschau.wordpress.com\/2018\/08\/10\/wie-die-geschichtsfaelscher-der-ard-tagesschau-den-zweiten-weltkrieg-verdrehen' class='azc_bbc_url'>Die ARD tagesschau verdreht den Zweiten Weltkrieg<\/a><br \/>\nUnsere acht Milliarden Euro Zwangsgeb\u00fchr bei der t\u00e4glichen Arbeit.<\/p>\n<p><a href='https:\/\/www.heise.de\/tp\/features\/Postkapitalismus-ohne-Verzicht-4133750.html' class='azc_bbc_url'>Postkapitalismus ohne Verzicht<\/a><br \/>\nW\u00e4hrend unsere Qualit\u00e4tsjournaille noch eifrig ablenkend damit besch\u00e4ftigt ist, ein kollektives &#8222;wir&#8220; f\u00fcr den Klimawandel verantwortlich zu machen, oder sogar rechtsextreme Konstruktionen einer \u00dcberbev\u00f6lkerung als &#8222;Begr\u00fcndung&#8220; ins Feld zu f\u00fchren, schreibt Tomasz Konicz hingegen Klartext: <span class='azc_bbc_italic'>&#8222;Entscheidend ist gerade, was der &#8222;Erd\u00fcberlastungstag&#8220; eigentlich erfasst. Es ist gerade nicht die Befriedigung der Bed\u00fcrfnisse der Menschheit, die zu einer immer st\u00e4rkeren \u00f6kologischen \u00dcberbelastung &#8222;unseres&#8220; Planeten f\u00fchrt. Es ist die Verwertungsbewegung des Kapitals, die den Ressourcenverbrauch \u00fcber ein nachhaltiges Niveau ansteigen l\u00e4sst.&#8220;<\/span><\/p>\n<p>Zusammengefasst: Produzieren f\u00fcr die M\u00fcllhalde, dank fest verbauter Akkus, eingebauter Selbstzerst\u00f6rung nach Ende der Garantiezeit, sowie der Nichtreparierbarkeit von Bauteilen. \u00dcber die nicht vorhandenen Updates f\u00fcr \u00e4ltere Navis, Handys und all dem anderen Zeugs, was inzwischen ans Internet geh\u00e4ngt wird (<a href='https:\/\/blog.fdik.org\/2018-08\/s1534148607' class='azc_bbc_url'>Alexa und Co.<\/a>), ganz zu schweigen. Hauptsache weggeworfen und neue Nachfrage generiert. Der Faktor Umweltschutz, Naturerhalt und Ressourcenschonung kommt in dieser Logik der ungehemmten Profitvermehrung \u00fcberhaupt nicht vor. Ganz im Gegenteil: F\u00fcr den Profit ist dies sogar sch\u00e4dlich!<\/p>\n<p>Nochmal aus dem Bericht (Zitat): <span class='azc_bbc_italic'>&#8222;Daher sei hier auf den Unterschied zwischen Marktnachfrage und Bed\u00fcrfnissen hingewiesen. Im Kapitalismus ist Nachfrage immer nur zahlungskr\u00e4ftige Nachfrage: Es mag eine breite Nachfrage nach Tamagotschis, sprithungrigen Automonstern oder an Unibody-Notebooks herrschen, die aus einen Aluminiumblock gefr\u00e4st werden, w\u00e4hrend zugleich in Hungergebieten sich partout keine Nachfrage nach Lebensmitteln einstellen will.&#8220;<\/span><\/p>\n<p>Profit kann eben nur dort geholt werden, wo ohnehin schon Ressourcenverbrauch betrieben wird. Eine Spirale, die sich von selbst immer weiter anheizt &#8211; im wahrsten Sinne des Wortes. Und \u00fcber die Tiere haben wir noch gar nicht gesprochen, die in hunderttausenden Tier-KZs kapitalistisch verwertet werden. Oder die Klimasch\u00e4dlichkeit des steuersubventionierten Tourismus.<\/p>\n<p><a href='https:\/\/www.freitag.de\/autoren\/der-freitag\/zigarren-fuer-alle' class='azc_bbc_url'>Ludwig Erhard, der Held der b\u00fcrgerlichen Geschichtsschreibung, war keiner<\/a><br \/>\nDer FREITAG mit ein wenig Geschichtsunterricht \u00fcber den angeblichen Helden der sozialen Marktwirtschaft: <span class='azc_bbc_italic'>&#8222;Es war nicht Erhard, der die W\u00e4hrungsreform initiierte, sondern die US-amerikanische Besatzungsmacht. An Erhard und seinen Beratern lag es allerdings, die seit Kriegsende geltenden Preisbindungen aufzuheben, w\u00e4hrend sie den Lohnstopp beibehielten. Das hatte fatale Folgen f\u00fcr einen Gro\u00dfteil der Bev\u00f6lkerung. Die Lebenshaltungskosten stiegen rasant an, die W\u00e4hrungsreform machte viele Menschen unter dem Strich \u00e4rmer. W\u00e4hrend kleine Sparguthaben weitgehend ihren Wert verloren, wurden die Eigent\u00fcmer der Produktionsmittel geschont &#8211; Umverteilung von unten nach oben.<\/p>\n<p>Es folgten Monate des Protests: Es kam an vielen Orten zu Unruhen. Schl\u00e4gereien auf M\u00e4rkten, Kartoffelschlachten, Pl\u00fcnderungen. Im August demonstrierten Hunderttausende gegen Erhard &#8211; allein in Hessen sollen es an einem einzigen Tag 400.000 gewesen sein. Schlie\u00dflich fand am 12. November 1948 der <a href='https:\/\/de.wikipedia.org\/wiki\/Generalstreik#Deutschland_Bizone_%E2%80%93_der_Generalstreik_von_1948' class='azc_bbc_url'>bisher einzige Generalstreik in Westdeutschland<\/a> mit \u00fcber neun Millionen Streikenden statt.<\/p>\n<p>Wirtschafts- und sozialpolitisch blieb Erhard Zeit seines Lebens ein Rechter. Er war 1951 gegen Mitbestimmung der Gewerkschaften in der Industrie, 1957 gegen die Rentenreform. Sein Kartellgesetz spickte er mit mehr als einem Dutzend Ausnahmebestimmungen &#8211; zur Freude des Kapitals; den Arbeitern rief er zu, sie sollten mit ihren Lohnforderungen ma\u00dfhalten.&#8220;<\/span> <a href='https:\/\/www.freitag.de\/autoren\/der-freitag\/zigarren-fuer-alle' class='azc_bbc_url'>Weiterlesen&#8230;<\/a><\/p>\n<p><a href='https:\/\/schrottpresse.org\/presseschreder-11-8-2018' class='azc_bbc_url'>Presseschreder<\/a><br \/>\nWeitere kommentierte Schlagzeilen &#8211; mit einer besonders sch\u00f6nen Ohrfeige f\u00fcr den Verfassungsschutz-Pr\u00e4sidenten <img class='azc_bbc_image' src='https:\/\/www.rume.de\/smilies\/sarkasm.gif'  \/><\/p>\n<p>Und zu guter Letzt:<\/p>\n<p><a href='http:\/\/www.sfv.de\/fotos\/l\/MesterKlimakanzlerin2.jpg' class='azc_bbc_url'>Man nennt mich die Klimakanzlerin<\/a><br \/>\n<img class='azc_bbc_image' src='https:\/\/www.rume.de\/smilies\/sarkasm.gif'  \/><\/p>\n","protected":false},"excerpt":{"rendered":"<p>\/ Im Handwerk fehlen bis zu 250.000 Fachkr\u00e4fte \/ Ausbeutung bei Ryanair: Verwerflich bestimmt &#8211; aber so sch\u00f6n billig \/ Toll Collect: &#8222;Eigentlich m\u00fcsste man da sofort mit Durchsuchungsbeschluss rein&#8220; \/ SPD lanciert ausl\u00e4nderfeindliche Kindergeld-Kampagne \/ Wenn Seenotrettung politisch wird \/ Nach CSU-Hetzkampagne: Mehr als 700 Angriffe auf Fl\u00fcchtlinge \/ Seehofer und von der Leyen &hellip; <a href=\"https:\/\/www.rume.de\/?p=796\" class=\"more-link\"><span class=\"screen-reader-text\">\u201eAufgelesen und kommentiert 2018-08-13\u201c <\/span>weiterlesen<\/a><\/p>\n","protected":false},"author":1,"featured_media":0,"comment_status":"open","ping_status":"closed","sticky":false,"template":"","format":"standard","meta":{"footnotes":""},"categories":[2],"tags":[],"class_list":["post-796","post","type-post","status-publish","format-standard","hentry","category-aufgelesen"],"_links":{"self":[{"href":"https:\/\/www.rume.de\/index.php?rest_route=\/wp\/v2\/posts\/796","targetHints":{"allow":["GET"]}}],"collection":[{"href":"https:\/\/www.rume.de\/index.php?rest_route=\/wp\/v2\/posts"}],"about":[{"href":"https:\/\/www.rume.de\/index.php?rest_route=\/wp\/v2\/types\/post"}],"author":[{"embeddable":true,"href":"https:\/\/www.rume.de\/index.php?rest_route=\/wp\/v2\/users\/1"}],"replies":[{"embeddable":true,"href":"https:\/\/www.rume.de\/index.php?rest_route=%2Fwp%2Fv2%2Fcomments&post=796"}],"version-history":[{"count":1,"href":"https:\/\/www.rume.de\/index.php?rest_route=\/wp\/v2\/posts\/796\/revisions"}],"predecessor-version":[{"id":797,"href":"https:\/\/www.rume.de\/index.php?rest_route=\/wp\/v2\/posts\/796\/revisions\/797"}],"wp:attachment":[{"href":"https:\/\/www.rume.de\/index.php?rest_route=%2Fwp%2Fv2%2Fmedia&parent=796"}],"wp:term":[{"taxonomy":"category","embeddable":true,"href":"https:\/\/www.rume.de\/index.php?rest_route=%2Fwp%2Fv2%2Fcategories&post=796"},{"taxonomy":"post_tag","embeddable":true,"href":"https:\/\/www.rume.de\/index.php?rest_route=%2Fwp%2Fv2%2Ftags&post=796"}],"curies":[{"name":"wp","href":"https:\/\/api.w.org\/{rel}","templated":true}]}}