{"id":790,"date":"2018-08-12T22:18:39","date_gmt":"2018-08-12T20:18:39","guid":{"rendered":"https:\/\/rume.inrieda.de\/?p=790"},"modified":"2018-08-12T22:39:09","modified_gmt":"2018-08-12T20:39:09","slug":"aufgelesen-und-kommentiert-2018-08-12","status":"publish","type":"post","link":"https:\/\/www.rume.de\/?p=790","title":{"rendered":"Aufgelesen und kommentiert 2018-08-12"},"content":{"rendered":"<p>\/ Hartz-IV-Empf\u00e4ngerinnen treiben drei mal so h\u00e4ufig ab wie gut verdienende Frauen<br \/>\n\/ Bayerisches Familiengeld: Eine Sozialleistung f\u00fcr Besserverdiener<br \/>\n\/ ZDF &#8222;heute journal&#8220; mit versteckter FDP-Wahlwerbung<br \/>\n\/ Jens Spahn will was anpacken, sagt er<br \/>\n\/ Jahresgutachten: Wirtschaftlicher Aufschwung kommt bei Arbeitern nicht an<br \/>\n\/ Kartell gegen die Steuerzahlenden &#8211; Regierungsversagen bei der LKW-Maut<br \/>\n\/ Kaputtgespart: Die Geldw\u00e4sche-Spezialeinheit im Zoll geriet zum Sicherheitsrisiko<br \/>\n\/ Fachkr\u00e4fte aus dem Ausland: Eine Unterschicht unterhalb aller Unterschichten<br \/>\n\/ AfD will AfD-Enth\u00fcllungsbuch juristisch stoppen<br \/>\n\/ AfD-Aussteigerin: &#8222;Man w\u00fcnscht mir, dass ich von Fl\u00fcchtlingen vergewaltigt werde&#8220;<br \/>\n\/ T\u00f6dlicher Angriff auf Schulbus: Krieg im Jemen &#8211; und die Welt schaut weg<br \/>\n\/ Massent\u00f6tungen durch Regierungstruppen in Mali<br \/>\n\/ Die GEZ-Nutte des Monats: Christina Nagel (WDR)<br \/>\n\/ Kaufland in Leipzig-Reudnitz evakuiert<br \/>\n\/ BILD verunsachtlicht Kindergeld-Debatte mit falschen Zahlen<br \/>\n\/ 5 Mio. Euro gegen Linksextremismus &#8211; 130.000 Euro gegen Rechtsextremismus<br \/>\n\/ Schwarz auf Weiss: Wochenr\u00fcckblick auf den medialen Abgrund<br \/>\n\/ Kindergeld-Debatte<\/p>\n<p>&#8212;<\/p>\n<p><!--more--><\/p>\n<p><a href='https:\/\/www.huffingtonpost.de\/entry\/hartz-iv-empfangerinnen-treiben-haufiger-ab-weil-es-gunstiger-ist_de_5b6965d1e4b0b15abaa6a51e' class='azc_bbc_url'>Hartz-IV-Empf\u00e4ngerinnen treiben drei mal so h\u00e4ufig ab wie gut verdienende Frauen<\/a><br \/>\nUnd der Grund ist: Wenn man als Frau bereits in die (politisch gewollte) Armut aussortiert wurde, w\u00e4re ein zus\u00e4tzliches Kind <span class='azc_bbc_italic'>&#8222;ein finanzieller Alptraum&#8220;<\/span>. Man m\u00f6chte ja seinen Kindern etwas Gutes tun &#8211; und kann vom Regelsatz noch nicht mal selber leben.<\/p>\n<p>Immerhin an einer Stelle zeigt die Bundesregierung aber ihr Herz mit den \u00c4rmsten: Wer weniger als 1179 Euro netto im Monat zur Verf\u00fcgung hat, f\u00fcr den ist der Schwangerschaftsabbruch kostenlos. <span class='azc_bbc_italic'>&#8222;Das unwerte Leben soll sich ja schliesslich nicht ungebremst vermehren&#8220;<\/span>, so ein Regierungssprecher, der noch lachend erg\u00e4nzt: <span class='azc_bbc_italic'>&#8222;Hier helfen wir dann nat\u00fcrlich gerne.&#8220;<\/span><\/p>\n<p><a href='https:\/\/www.augsburger-allgemeine.de\/bayern\/Bund-bremst-Soeder-Hilft-das-Familiengeld-nur-Besserverdienenden-id51897216.html' class='azc_bbc_url'>Bayerisches Familiengeld: Eine Sozialleistung f\u00fcr Besserverdiener<\/a><br \/>\nDie Augsburger Allgemeine berichtet: <span class='azc_bbc_italic'>&#8222;Die CSU will das Familiengeld ab 1. September zahlen, der Starttermin liegt sechs Wochen vor der Landtagswahl. Eltern ein- und zweij\u00e4hriger Kinder sollen unabh\u00e4ngig vom Einkommen ab 1. September 250 Euro pro Kind und Monat bekommen. Doch \u00c4rmere haben nichts davon, weil ihnen f\u00fcr das Familiengeld im Gegenzug die Sozialhilfe gek\u00fcrzt w\u00fcrde.<\/p>\n<p>Das Familiengeld ersetzt unter anderem das ebenfalls von der CSU erfundene Betreuungsgeld (Herdpr\u00e4mie) und ist von der CSU-Spitze als Wahlkampfmunition gedacht, wie in der Partei seit Monaten zu h\u00f6ren ist.&#8220;<\/span><\/p>\n<p>Kleiner Lacher am Rande: Es ist die Bundes-SPD, die best\u00e4ndig darauf pocht, dass das &#8222;Familiengeld&#8220; auf Hartz4 angerechnet wird &#8211; und von der CSU daf\u00fcr <a href='https:\/\/www.augsburger-allgemeine.de\/bayern\/CSU-Sozialpolitiker-zu-Familiengeld-SPD-hat-kein-Herz-fuer-Familien-id44274496.html' class='azc_bbc_url'>als Partei ohne Herz<\/a> beschimpft wird. So tief ist die SPD inzwischen gesunken. Denn bes\u00e4sse die SPD auch nur halbwegs Intelligenz in ihrer Parteispitze, h\u00e4tte sie den CSU-Vorstoss f\u00fcr eine Gesetzesinitiative genutzt, damit das Familiengeld (und auch z.B. Kindergeld) nicht mehr vom Regelsatz abgezogen wird. Man h\u00e4tte herrlich die CDU damit vor sich hertreiben k\u00f6nnen und die Schlagzeilen bestimmt. Stattdessen aber pr\u00e4sentiert sich die SPD als Partei, die unerbittlich darauf pocht, <span class='azc_bbc_italic'>&#8222;den Hartz-Schmarotzern auch weiterhin alle Zuwendungen abzuziehen.&#8220;<\/span><\/p>\n<p>Aber hey: Das ist bestimmt diese SPD-Erneuerung, \u00fcber die sie st\u00e4ndig reden <img class='azc_bbc_image' src='https:\/\/www.rume.de\/smilies\/sarkasm.gif'  \/><\/p>\n<p><a href='http:\/\/www.faz.net\/aktuell\/feuilleton\/medien\/fdp-politikerin-berichtet-versteckt-im-heute-journal-15725418.html' class='azc_bbc_url'>ZDF &#8222;heute journal&#8220; mit versteckter FDP-Wahlwerbung<\/a><br \/>\nDas ZDF &#8222;heute journal&#8220; berichtet in einem l\u00e4ngeren Bericht \u00fcber die schwierige Situation Alleinerziehender in Deutschland und l\u00e4sst dabei ausf\u00fchrlich eine Anke P\u00f6hlmann als eine angeblich &#8222;von Armut bedrohte Frau&#8220; zu Wort kommen &#8211; und verschweigt dabei &#8222;sicherheitshalber&#8220; ihre wahre T\u00e4tigkeit: Sie ist FDP-Kandidatin f\u00fcr die bayerische Landtagswahl im Oktober.<\/p>\n<p>Artig bedankt sich Anke P\u00f6hlmann beim ZDF f\u00fcr die verdeckte Wahlwerbung, indem sie auf Facebook &#8222;ihren&#8220; Werbespot im heute journal mit lachendem Smilie verlinkt. Denn das ZDF hatte damit ihre Wahlkampagne <a href='http:\/\/hotsta.net\/media\/1826373538047781517_221871922' class='azc_bbc_url'>&#8220;Leben mit Kindern einfacher machen&#8220;<\/a> zur besten Sendezeit ausgestrahlt.<\/p>\n<p>Unn\u00f6tig zu erw\u00e4hnen, dass das ZDF hier von einer &#8222;Panne&#8220; redet. Denn nat\u00fcrlich ist das ZDF absolut neutral und keinesfalls ein Staatssender im t\u00e4glichen Kampf um den Erhalt des herrschenden Systems <img class='azc_bbc_image' src='https:\/\/www.rume.de\/smilies\/sarkasm.gif'  \/><\/p>\n<p><a href='https:\/\/www.heise.de\/tp\/features\/Gesundheitsreform-und-Pflege-Backe-backe-Kuchen-4133881.html' class='azc_bbc_url'>Jens Spahn will was anpacken, sagt er<\/a><br \/>\nTELEPOLIS berichtet \u00fcber einen infrastukturell unverzichtbaren Berufsstand, der so dermassen hart an die Wand gefahren wurde, dass den Job keiner mehr machen will. Kurzer Auszug: <span class='azc_bbc_italic'>&#8222;Um das deutsche Gesundheitswesen und insbesondere die Krankenh\u00e4user und Pflegeheime zu reparieren, bed\u00fcrfte es einer gesamtgesellschaftlichen Kraftanstrengung. Die w\u00fcrde einschlie\u00dfen, dass <a href='https:\/\/www.ndr.de\/nachrichten\/mecklenburg-vorpommern\/uniklinikrostock124.html' class='azc_bbc_url'>die irrsinnige Profitorientierung<\/a> zur\u00fcckgedr\u00e4ngt w\u00fcrde, die im Gesundheitssektor (politisch gewollt) Einzug bekam; es ist schlicht nicht einzusehen, dass eine gute Gesundheitsversorgung in Deutschland kein Grundrecht ist.<\/p>\n<p>Aber ein gesellschaftliches Selbstgespr\u00e4ch in dieser Richtung soll um jeden Preis vermieden werden. Deswegen fuchtelt man im Gesundheitsministerium mit ein paar Zahlen herum und gleichzeitig kommt wie aus dem Nichts die Debatte \u00fcber die Wehrpflicht wieder auf. Ein Heer an Zivildienstleistenden, die die Pflege wie fr\u00fcher f\u00fcr wenig Geld entlasten, die Lohnspirale weiter nach unten treiben und den Laden mehr schlecht als recht zusammenhalten, w\u00e4re anscheinend f\u00fcr einige im Moment die Ideall\u00f6sung.&#8220;<\/span> <a href='https:\/\/www.heise.de\/tp\/features\/Gesundheitsreform-und-Pflege-Backe-backe-Kuchen-4133881.html' class='azc_bbc_url'>Weiterlesen&#8230;<\/a><\/p>\n<p><a href='http:\/\/www.wsws.org\/de\/articles\/2018\/08\/10\/armu-a10.html' class='azc_bbc_url'>Jahresgutachten: Wirtschaftlicher Aufschwung kommt bei Arbeitern nicht an<\/a><br \/>\nNur mal ein paar offizielle Zahlen:<br \/>\nDie &#8222;Erfolge&#8220; von CDU\/CSU\/SPD\/FDP\/GR\u00dcNE der vergangenen 15 Jahre nochmal kompakt aufbereitet.<\/p>\n<p>Dazu passend eine Quizfrage: Wie gross muss die bildungspolitische Intelligenz der Deutschen sein, um trotzdem in breiter Mehrheit diese Parteien erneut anzukreuzen? <img class='azc_bbc_image' src='https:\/\/www.rume.de\/smilies\/nasiehste.gif'  \/><\/p>\n<p><a href='https:\/\/www.linksfraktion.de\/themen\/nachrichten\/detail\/kartell-gegen-die-steuerzahlenden-regierungsversagen-bei-der-lkw-maut' class='azc_bbc_url'>Kartell gegen die Steuerzahlenden &#8211; Regierungsversagen bei der LKW-Maut<\/a><br \/>\n<span class='azc_bbc_italic'>&#8222;Wie kann eine Regierung zulassen, dass nur Toll Collect die genaue Kostenstruktur f\u00fcr die Maut-Erhebung kennt und der Bund jede Rechnung glauben muss? Das ist eine Einladung zum Betrug, die nur durch einen tapferen Whistleblower aus dem Konzern \u00f6ffentlich geworden ist. Die Renditeerwartungen der Daimler- und Telekom-Aktion\u00e4re stehen f\u00fcr die Toll-Collect-Manager \u00fcber dem Prinzip, zu m\u00f6glichst niedrigen Kosten eine \u00f6ffentliche Dienstleistung bereitzustellen.<\/p>\n<p>Jetzt kommt der Vorwurf der Einflussnahme auf Ermittlungsbeh\u00f6rden durch das Verkehrsministerium hinzu. Angeblich hatte das Ministerium dem leitenden Staatsanwalt mitgeteilt, dass es sich nicht gesch\u00e4digt f\u00fchle und kein Interesse an einem Betrugsverfahren zu Lasten von Toll Collect habe.&#8220;<\/span><\/p>\n<p>Tja, in jedem Rechtsstaat w\u00fcrden nun Handschellen klicken wegen Veruntreuung von Steuergeld in Milliardenh\u00f6he. Wir leben aber stattdessen in Deutschland. Da ist dies nur eine kleine Randnotiz und anschliessend wird lachend weiterregiert.<\/p>\n<p>Und das Beste: Die Mehrheit w\u00fcrde auch heute noch die schwarzrotgelbgr\u00fcnblauen Privatisierungsparteien w\u00e4hlen. Es muss Spass machen, SOLCH eine Bev\u00f6lkerung zu regieren <img class='azc_bbc_image' src='https:\/\/www.rume.de\/smilies\/sarkasm.gif'  \/><\/p>\n<p><a href='http:\/\/www.spiegel.de\/panorama\/justiz\/geldwaesche-spezialeinheit-des-zolles-arbeitet-zu-schlecht-und-zu-langsam-a-1222203.html' class='azc_bbc_url'>Kaputtgespart: Die Geldw\u00e4sche-Spezialeinheit im Zoll geriet zum Sicherheitsrisiko<\/a><br \/>\nDass der Zoll absichtlich kaputtgespart wird, damit es nicht so viele Mindestlohnkontrollen gibt, ist ja hinl\u00e4nglich bekannt. Nun fliegt auf, dass es nicht einmal mehr reicht, um Mafiastrukturen und Geldw\u00e4sche zu \u00fcberpr\u00fcfen.<\/p>\n<p>Aber hey: Neulich lief mir auch noch ein Bericht \u00fcber den Monitor, dass die CDU (wieder mal) die dicksten <span class='azc_bbc_strike'>Parteispenden<\/span> Schmiergelder aller Parteien kassieren konnte. Und nur ganz b\u00f6se Menschen w\u00fcrden einen Zusammenhang zwischen hohen Schmiergeldern und kaputtgesparten Kontrollbeh\u00f6rden erkennen <img class='azc_bbc_image' src='https:\/\/www.rume.de\/smilies\/sarkasm.gif'  \/><\/p>\n<p><a href='https:\/\/www.sueddeutsche.de\/kultur\/illegale-arbeiter-in-italien-eine-unterschicht-unterhalb-aller-unterschichten-1.4086096' class='azc_bbc_url'>Fachkr\u00e4fte aus dem Ausland: Eine Unterschicht unterhalb aller Unterschichten<\/a><br \/>\nDie S\u00fcddeutsche berichtet: <span class='azc_bbc_italic'>&#8222;Das Treiben dieser haupts\u00e4chlich aus Afrika stammenden Arbeiter findet keineswegs im Verborgenen statt. Wer \u00fcber das Land f\u00e4hrt, vorbei an den riesigen, meist mit transparentem Kunststoff \u00fcberspannten Tomatenfeldern, erblickt sie \u00fcberall. Sie leben hier, und das oft schon seit vielen Jahren. Fast alle arbeiten. In den fr\u00fchen Morgenstunden fahren sie los, laden so viele Arbeiter ein, wie in den Kleinbus hineinpassen, und bringen diese auf ein Feld. F\u00fcr diesen Dienst kassieren sie eine Vermittlungsgeb\u00fchr sowie von jedem der Arbeiter eine Transportkostenpauschale. Ein Arbeitstag bringt zwanzig bis drei\u00dfig Euro (manchmal gibt es auch weniger) und dauert bis zu zw\u00f6lf Stunden, was insgesamt auf weniger als die H\u00e4lfte der Summe hinauslaufen d\u00fcrfte, die ein Landwirt einem legal eingestellten, ungelernten Arbeiter mindestens zu zahlen h\u00e4tte (874,60 Euro pro Monat). So entsteht eine Unterschicht unterhalb aller Unterschichten.<\/p>\n<p>In diesem Gewerbe, haben \u00d6konomen ausgerechnet, werden pro Jahr etwa f\u00fcnf Milliarden Euro umgesetzt, wobei dem Staat etwa 1,8 Milliarden Euro an Steuern verloren gehen. Trotzdem gibt es wenig Interesse des Staates an einer Verrechtlichung dieser Arbeitsverh\u00e4ltnisse. Die Landwirtschaft und mit ihr die Lebensmittelindustrie ziehen ihren Vorteil daraus.&#8220;<\/span><\/p>\n<p>Tja Leute: Wir k\u00f6nnen Menschenrechte haben, oder Kapitalismus &#8211; aber nicht beides.<\/p>\n<p><a href='http:\/\/www.spiegel.de\/politik\/deutschland\/afd-enthuellungsbuch-inside-afd-soll-juristisch-gestoppt-werden-a-1222520.html' class='azc_bbc_url'>AfD will AfD-Enth\u00fcllungsbuch juristisch stoppen<\/a><br \/>\nDas Buch der AfD-Aussteigerin und fr\u00fcheren AfD-Jugendchefin Franziska Schreiber, welches bereits <a href='https:\/\/pbs.twimg.com\/media\/DkEajMfX4AETshq.jpg' class='azc_bbc_url'>die Kumpanei zwischen &#8222;Verfassungsschutz&#8220; und der rechtsextremen Partei<\/a> auffliegen liess, enth\u00e4lt noch weitere lesenswerte Passagen.<\/p>\n<p>Kurzer Auszug (Zitat): <span class='azc_bbc_italic'>&#8222;G\u00f6tz Kubitschek, ein Vertrauter des AfD-Rechtsau\u00dfen Bj\u00f6rn H\u00f6cke, hat gemeinsam mit H\u00f6cke die Reden des NS-Propagandisten Joseph Goebbels analysiert und daraus H\u00f6cke-Reden mit modifizierten Versatzst\u00fccken abgeleitet. Ziel sei es gewesen, die Formel zu suchen, die in den Drei\u00dfigerjahren zum Erfolg f\u00fchrte.&#8220;<\/span><\/p>\n<p>Volltreffer und versenkt!<\/p>\n<p>Und es war klar, dass die AfD \u00fcberhaupt keinen <span class='azc_bbc_italic'>&#8222;Mut zur Wahrheit&#8220;<\/span> <img class='azc_bbc_image' src='https:\/\/www.rume.de\/smilies\/biggrin.gif'  \/> besitzt, sondern direkt die juristische Keule herausholt. Allerdings gibt sich der Buchverlag absolut gelassen. <span class='azc_bbc_italic'>&#8222;Christian Strasser, der Leiter des Europa Verlags, erkl\u00e4rte, man werde das Buch ungeachtet der Anwaltspost weiter verkaufen. F\u00fcr die Richtigkeit von Schreibers Darstellung gebe es noch einen weiteren Zeugen.&#8220;<\/span><\/p>\n<p><a href='https:\/\/www.t-online.de\/nachrichten\/deutschland\/innenpolitik\/id_84259730\/afd-aussteigerin-man-wuenscht-dass-ich-von-fluechtlingen-vergewaltigt-werde-.html' class='azc_bbc_url'>AfD-Aussteigerin: &#8222;Man w\u00fcnscht mir, dass ich von Fl\u00fcchtlingen vergewaltigt werde&#8220;<\/a><br \/>\nFranziska Schreiber im Interview.<\/p>\n<p><a href='https:\/\/www.deutschlandfunk.de\/toedlicher-angriff-auf-schulbus-krieg-im-jemen-die-welt.720.de.html?dram:article_id=425105' class='azc_bbc_url'>T\u00f6dlicher Angriff auf Schulbus: Krieg im Jemen &#8211; und die Welt schaut weg<\/a><br \/>\nH\u00e4tten &#8222;die b\u00f6sen Russen&#8220; einen Schulbus in Syrien oder der Ukraine zerbombt, w\u00e4re das als &#8222;typisch f\u00fcr das aggressive Verhalten Moskaus\/Putins&#8220; durch s\u00e4mtliche Qualit\u00e4tsmedien gejagt worden &#8211; inklusive Titelbilder, Sondersendungen und Talkshows.<\/p>\n<p>So aber sind es <a href='https:\/\/www.rubikon.news\/artikel\/der-verschwiegene-krieg' class='azc_bbc_url'>unsere guten westlichen Waffenexporte<\/a>, die mal eben <a href='https:\/\/blog.fdik.org\/2018-08\/yschoolbus.jpg' class='azc_bbc_url'>auf bestialische Art mindestens 29 Kinder zerfetzte<\/a>. Da reicht dann auch eine einzelne Kurzmeldung, die schon am n\u00e4chsten Tag nach hinten durchgereicht wurde. Und zu der auch keine investigative Recherche mehr erfolgt. Geschweige denn Titelbilder, Sondersendungen und Talkshows.<\/p>\n<p><a href='https:\/\/blog.fdik.org\/2018-08\/s1534022174' class='azc_bbc_url'>Massent\u00f6tungen durch Regierungstruppen in Mali<\/a><br \/>\nUnd CDU\/CSU und SPD haben soeben den Einsatz in Mali verl\u00e4ngert, um den Staatterrorismus des Regimes zu unterst\u00fctzen.<\/p>\n<p><a href='https:\/\/propagandaschau.wordpress.com\/2018\/08\/10\/die-gez-nutte-des-monats-christina-nagel-wdr' class='azc_bbc_url'>Die GEZ-Nutte des Monats: Christina Nagel (WDR)<\/a><br \/>\n<span class='azc_bbc_italic'>&#8222;Auch nach f\u00fcnf Jahren Dokumentation zwangsfinanzierter Propaganda, Desinformation, L\u00fcgen, Volksverhetzung, Kriegstreiberei und Hurerei f\u00fcr die Bundesregierung, gibt es noch immer Beitr\u00e4ge in ARD und ZDF, die angesichts ihrer Unversch\u00e4mtheit komplett sprachlos machen. Was die ARD seit gestern als sogenannten &#8222;Minister-Check: Ursula von der Leyen&#8220; unter die Leute bringt, ist so ein Beispiel, bei dem sich jeden vernunftbegabten und halbwegs gebildeten Menschen die Nackenhaare aufstellen.<\/p>\n<p>Man muss diese absto\u00dfende Arschleckerei nicht aufw\u00e4ndig analysieren. Wer sowas f\u00fcr &#8222;Journalismus&#8220; h\u00e4lt und obendrein der Ansicht ist, m\u00fcndige B\u00fcrger k\u00f6nnten in einem Rechtsstaat gezwungen werden, sowas auch noch zu finanzieren, der ist derma\u00dfen schwachsinnig, dass er auch mit fremder Hilfe niemals eigenst\u00e4ndig wird denken k\u00f6nnen. Dass Von der Leyens Rektalpflegerin als einzigen &#8222;Kritikpunkt&#8220; findet, dass das Zwei-Prozent-Ziel der Kriegstreiber nicht erreicht wird und kein einziges Wort dar\u00fcber verliert, wie die Mehrheit der Bev\u00f6lkerung diesen Aufr\u00fcstungsirrsinn sieht, ist nur die entlarvende Spitze der Unversch\u00e4mtheit.&#8220;<\/span><\/p>\n<p><a href='https:\/\/www.radioleipzig.de\/beitrag\/kaufland-in-leipzig-reudnitz-evakuiert-548351' class='azc_bbc_url'>Kaufland in Leipzig-Reudnitz evakuiert<\/a><br \/>\nEin Mensch geht im Leipziger Kaufland einkaufen &#8211; dunkles Jackett, kurzhaariger Vollbart, dunkler Teint &#8211; kurzum gesagt, ein klarer Fall: TERRORPANIK!! Radio Leipzig berichtet (Zitat): <span class='azc_bbc_italic'>&#8222;Die Polizei r\u00fcckte mit einem Gro\u00dfaufgebot an, Stra\u00dfen mussten gesperrt werden, u.a. Dresdner Stra\u00dfe, Breite Stra\u00dfe und T\u00e4ubchenweg. Busse und Bahnen wurden umgeleitet. Schwer bewaffnete Polizisten durchsuchten schlie\u00dflich das Geb\u00e4ude. Auch ein Sprengstoffsp\u00fcrhund kam zum Einsatz.&#8220;<\/span><\/p>\n<p>Ergebnis: Nat\u00fcrlich Fehlalarm.<\/p>\n<p>Aber wir haben es echt weit gebracht dank der pausenlosen Talkshow- und Massenmedien-Propaganda \u00fcber Fl\u00fcchtlinge, Islam und Kriminalit\u00e4t (was <a href='https:\/\/uebermedien.de\/30565\/asyl-nicht-mehr-ohne-irrsinn-denken' class='azc_bbc_url'>stets zusammen genannt<\/a> wird). Inzwischen kann man nicht einmal mehr ganz normal einkaufen gehen, wenn man &#8222;anders&#8220; aussieht. <a href='http:\/\/blog.fefe.de\/?ts=a58ec915' class='azc_bbc_url'>[i](via)[\/i]<\/a><\/p>\n<p>Nur nochmal zur Info: Jedes Jahr gibt es 300 bis 400 Morde in Deutschland. Jeden Tag einen Mord, von denen zwei Drittel <a href='https:\/\/www.youtube.com\/watch?v=GJuMaB6ovw8' class='azc_bbc_url'>unter Bekannten (!) durchgef\u00fchrt<\/a> wird. Die Frage ist also: \u00dcber welche Morde wird in unserer keinesfalls gleichgeschalteten und schon gar nicht rassistischen Qualit\u00e4tspresse berichtet &#8211; und \u00fcber welche nicht?<\/p>\n<p><a href='https:\/\/bildblog.de\/100692\/bild-verunsachtlicht-kindergeld-debatte-mit-falschen-zahlen' class='azc_bbc_url'>BILD verunsachtlicht Kindergeld-Debatte mit falschen Zahlen<\/a><br \/>\nSie zerrt einen (erfundenen) Bulgaren aus der Tasche, der dann all die Vorurteile aufsagt, die man sich als Stammtischrassist nur w\u00fcnschen kann. <span class='azc_bbc_italic'>&#8222;In Bulgarien bekomme ich nur 7 bis 8 Euro Kindergeld, in Deutschland \u00fcber 200 Euro. Dazu wird mir noch Strom und Miete bezahlt. Deutschland ist toll.&#8220;<\/span><\/p>\n<p>Wer mit solchen Zahlen, die auch noch v\u00f6llig falsch sind, angestachelt werden soll, ist klar. Und nicht nur die gesamte Qualit\u00e4tsjournaille springt begeistert auf diese rassistisch unterlegte Debatte auf, <a href='https:\/\/www.heise.de\/tp\/features\/Rechte-Agendasetzung-bei-der-Debatte-um-Kindergeld-Betrug-durch-Nichtdeutsche-4133718.html' class='azc_bbc_url'>sondern nat\u00fcrlich auch die SPD<\/a>. Aber auch das geh\u00f6rt bestimmt zu dieser SPD-Erneuerung, \u00fcber die sie st\u00e4ndig reden.<\/p>\n<p><a href='http:\/\/taz.de\/!5524114' class='azc_bbc_url'>5 Mio. Euro gegen Linksextremismus &#8211; 130.000 Euro gegen Rechtsextremismus<\/a><br \/>\nSo wird unser Steuergeld verteilt im Kampf gegen Extremismus. Deutschland ist eben ein RECHTSstaat &#8211; und das soll auch so bleiben.<\/p>\n<p><a href='https:\/\/deutsch.rt.com\/inland\/74369-schwarz-auf-weiss-wochenrueckblick-auf-den-medialen-abgrund' class='azc_bbc_url'>Schwarz auf Weiss: Wochenr\u00fcckblick auf den medialen Abgrund<\/a><br \/>\nNoch ein paar weitere kommentierte Schlagzeilen <img class='azc_bbc_image' src='https:\/\/www.rume.de\/smilies\/nasiehste.gif'  \/><\/p>\n<p>Und zu guter Letzt:<\/p>\n<p><a href='https:\/\/www.nelcartoons.de\/storage\/cartoons\/August2018\/KnACMFkDHXMldjwWe73v.jpg' class='azc_bbc_url'>Kindergeld-Debatte<\/a><br \/>\n<img class='azc_bbc_image' src='https:\/\/www.rume.de\/smilies\/nasiehste.gif'  \/><\/p>\n","protected":false},"excerpt":{"rendered":"<p>\/ Hartz-IV-Empf\u00e4ngerinnen treiben drei mal so h\u00e4ufig ab wie gut verdienende Frauen \/ Bayerisches Familiengeld: Eine Sozialleistung f\u00fcr Besserverdiener \/ ZDF &#8222;heute journal&#8220; mit versteckter FDP-Wahlwerbung \/ Jens Spahn will was anpacken, sagt er \/ Jahresgutachten: Wirtschaftlicher Aufschwung kommt bei Arbeitern nicht an \/ Kartell gegen die Steuerzahlenden &#8211; Regierungsversagen bei der LKW-Maut \/ Kaputtgespart: &hellip; <a href=\"https:\/\/www.rume.de\/?p=790\" class=\"more-link\"><span class=\"screen-reader-text\">\u201eAufgelesen und kommentiert 2018-08-12\u201c <\/span>weiterlesen<\/a><\/p>\n","protected":false},"author":1,"featured_media":0,"comment_status":"open","ping_status":"closed","sticky":false,"template":"","format":"standard","meta":{"footnotes":""},"categories":[2],"tags":[],"class_list":["post-790","post","type-post","status-publish","format-standard","hentry","category-aufgelesen"],"_links":{"self":[{"href":"https:\/\/www.rume.de\/index.php?rest_route=\/wp\/v2\/posts\/790","targetHints":{"allow":["GET"]}}],"collection":[{"href":"https:\/\/www.rume.de\/index.php?rest_route=\/wp\/v2\/posts"}],"about":[{"href":"https:\/\/www.rume.de\/index.php?rest_route=\/wp\/v2\/types\/post"}],"author":[{"embeddable":true,"href":"https:\/\/www.rume.de\/index.php?rest_route=\/wp\/v2\/users\/1"}],"replies":[{"embeddable":true,"href":"https:\/\/www.rume.de\/index.php?rest_route=%2Fwp%2Fv2%2Fcomments&post=790"}],"version-history":[{"count":4,"href":"https:\/\/www.rume.de\/index.php?rest_route=\/wp\/v2\/posts\/790\/revisions"}],"predecessor-version":[{"id":795,"href":"https:\/\/www.rume.de\/index.php?rest_route=\/wp\/v2\/posts\/790\/revisions\/795"}],"wp:attachment":[{"href":"https:\/\/www.rume.de\/index.php?rest_route=%2Fwp%2Fv2%2Fmedia&parent=790"}],"wp:term":[{"taxonomy":"category","embeddable":true,"href":"https:\/\/www.rume.de\/index.php?rest_route=%2Fwp%2Fv2%2Fcategories&post=790"},{"taxonomy":"post_tag","embeddable":true,"href":"https:\/\/www.rume.de\/index.php?rest_route=%2Fwp%2Fv2%2Ftags&post=790"}],"curies":[{"name":"wp","href":"https:\/\/api.w.org\/{rel}","templated":true}]}}