{"id":788,"date":"2018-08-09T23:17:52","date_gmt":"2018-08-09T21:17:52","guid":{"rendered":"https:\/\/rume.inrieda.de\/?p=788"},"modified":"2018-08-10T00:19:32","modified_gmt":"2018-08-09T22:19:32","slug":"aufgelesen-und-kommentiert-2018-08-09","status":"publish","type":"post","link":"https:\/\/www.rume.de\/?p=788","title":{"rendered":"Aufgelesen und kommentiert 2018-08-09"},"content":{"rendered":"<p>\/ Bundessozialgericht: Zwangsverrentung \u00e4lterer Erwerbsloser unzul\u00e4ssig<br \/>\n\/ Panorama &#8211; die Reporter: Gepflegter Kapitalismus<br \/>\n\/ Gewerkschaften wollen internationalen Streik bei Ryanair isolieren<br \/>\n\/ Illegale Parteienfinanzierung der AfD: &#8222;Hallo Alice&#8220;<br \/>\n\/ Interview zu den Gesichtserkennungs-Kameras in Berlin<br \/>\n\/ Stellungnahme zum nieders\u00e4chsischen Polizeigesetz<br \/>\n\/ Neue Polizeigesetze: Fakten interessieren die Bef\u00fcrworter nicht<br \/>\n\/ Kindesmissbrauchsfall von Staufen und der Ruf nach der Vorratsdatenspeicherung<br \/>\n\/ EU-Gesetz zur Filterpflicht f\u00fcr Online-Plattformen kommt im September<br \/>\n\/ Die ARD w\u00fcnscht, Venezuelas Pr\u00e4sident w\u00e4re tot<br \/>\n\/ Klimawandel? Ach was!<br \/>\n\/ Der Wetterbericht bis Mitte Oktober<\/p>\n<p>&#8212;<\/p>\n<p><!--more--><\/p>\n<p><a href='https:\/\/www.n-tv.de\/ratgeber\/Gericht-schuetzt-abschlagsfreie-Rente-article20566117.html' class='azc_bbc_url'>Bundessozialgericht: Zwangsverrentung \u00e4lterer Erwerbsloser unzul\u00e4ssig<\/a><br \/>\nWir wir inzwischen wissen, ist das Jobcenter nicht f\u00fcr die Hilfe der Kapitalismusopfer zust\u00e4ndig, sondern f\u00fcr die gr\u00f6sstm\u00f6gliche Geldeinsparung an diesen (Zitat <a href='https:\/\/www.freitag.de\/autoren\/der-freitag\/der-parasit' class='azc_bbc_url'>SPD-Arbeitsminister Clement<\/a>) &#8222;Parasiten und Schmarotzern&#8220;. Und dies wurde von SPD und GR\u00dcNEN &#8211; unter Applaus von CDU\/CSU und FDP im Bundesrat &#8211; auch exakt so im Gesetz verankert.<\/p>\n<p>Wer nun also 25 Jahre lang gearbeitet und Rentenbeitr\u00e4ge gezahlt hat, kann sich sp\u00e4ter vielleicht mal auf eine Rente von 1.200 Euro freuen. Zumindest steht dies im Rentenbescheid und soll hier nur mal als fiktives Beispiel dienen. Jetzt wird diese Person jedoch im Alter von 53 Jahren arbeitslos und ein Jahr sp\u00e4ter st\u00fcrzt man bereits auf Hartz4. Die im Rentenbescheid hochgerechneten 1.200 Euro Rente erreicht man aufgrund fehlender Rentenbeitragszahlungen nun doch nicht mehr. Und schlimmer noch: Sobald diese Person unter heftigsten Abschl\u00e4gen in Rente gehen k\u00f6nnte, stellt das Jobcenter genau diesen Rentenantrag und ist <a href='https:\/\/www.youtube.com\/watch?v=CuzzS8uTWEE' class='azc_bbc_url'>&#8220;ihren Kunden&#8220;<\/a> los.<\/p>\n<p>F\u00fcr das Opfer heisst das: Die 1.200 Euro Rente, die aufgrund nicht mehr gezahlter Rentenbeitr\u00e4ge bereits auf 950 Euro gesunken ist, wird aufgrund der Zwangsverrentung zum fr\u00fchestm\u00f6glichen Rentenalter nochmal um weitere 14,4 Prozent gek\u00fcrzt, weil man vier Jahre &#8222;zu fr\u00fch&#8220; in die Rente geschickt wird. Man f\u00e4llt somit direkt in die &#8222;Grundsicherung im Alter&#8220; auf Hartz4-Niveau. Und wie DIE LINKE aufgedeckt hat, wird diese \u00fcble Masche <a href='http:\/\/www.badische-zeitung.de\/wirtschaft-3\/die-zwangsverrentung-fuer-arbeitslose-bleibt&#8211;127709012.html' class='azc_bbc_url'>jedes Jahr gegen rund 70.000 Menschen verh\u00e4ngt<\/a>.<\/p>\n<p>Das ist das Ergebnis der &#8222;modernen&#8220; Agenda 2010-Reformen, f\u00fcr die sich die SPD auch heute noch feiert.<\/p>\n<p>Und dagegen hat nun das Bundessozialgericht in Kassel eine (kleine) Einschr\u00e4nkung verk\u00fcndet.<\/p>\n<p><a href='https:\/\/www.jungewelt.de\/artikel\/337655.html' class='azc_bbc_url'>Panorama &#8211; die Reporter: Gepflegter Kapitalismus<\/a><br \/>\n<span class='azc_bbc_italic'>&#8222;Das Offensichtliche wird kaum benannt, geschweige denn angemessen kritisiert. Statt dessen werden in \u00bbIst die Pflege noch zu retten?\u00ab Leuchtturmprojekte vorgestellt, in denen die Pflege alter Menschen so abl\u00e4uft, wie wir sie uns f\u00fcr uns selbst in naher oder ferner Zukunft w\u00fcnschen &#8211; zugewandt, geduldig, einf\u00fchlsam. Die gezeigten Projekte wirtschaften damit nach eigener Aussage gut, verzeichnen etwa nur ein F\u00fcnftel der Krankentage der Besch\u00e4ftigten verglichen mit dem Branchendurchschnitt und k\u00f6nnen so verl\u00e4sslicher planen.<\/p>\n<p>Es sind gemeinn\u00fctzige bzw. in einem Fall aus D\u00e4nemark kommunale Dienstleister, sie m\u00fcssen also keine Rendite auszahlen.<\/p>\n<p>Das Problem hei\u00dft also Kapitalismus. Das ist offensichtlich, doch muss dies \u00f6fter und klarer benannt werden, besonders in einer Zeit, in der der Gesundheitsminister eine St\u00e4rkung der Pflege verspricht. Er will aber nur an Symptomen rumdoktern, obwohl ein Systemwechsel m\u00f6glich w\u00e4re, wie die Beispiele zeigen.&#8220;<\/span><\/p>\n<p><a href='http:\/\/www.wsws.org\/de\/articles\/2018\/08\/09\/ryan-a09.html' class='azc_bbc_url'>Gewerkschaften wollen internationalen Streik bei Ryanair isolieren<\/a><br \/>\n<span class='azc_bbc_italic'>&#8222;Der bisher gr\u00f6\u00dfte Streik bei Ryanair hat schon jetzt deutlich gemacht, welches Potential f\u00fcr einen gemeinsamen, grenz\u00fcberschreitenden Arbeitskampf in der europ\u00e4ischen Arbeiterklasse vorhanden ist. Doch die Gewerkschaften setzen alles daran, einen effektiven, international gef\u00fchrten Streik gegen Ryanair zu verhindern.<\/p>\n<p>Die internationale Ausweitung des Streiks schloss VC am Mittwoch auf einer Pressekonferenz sogar ausdr\u00fccklich aus. Die WSWS hatte gefragt, ob Cockpit f\u00fcr gleich gute Bedingungen f\u00fcr die Ryanair-Besch\u00e4ftigten in allen L\u00e4ndern eintrete. &#8222;Oder spielt sie letztlich das Spiel von O\u2019Leary mit, einen Standort gegen den andern auszuspielen? Anders ausgedr\u00fcckt: was tut Cockpit, um die Spaltungsstrategie von Ryanair zu durchbrechen?&#8220;<\/p>\n<p>&#8222;Wir sind leider in Europa in einer Situation, dass der Arbeitgeber zwar hier alle Rechte, die die EU bietet, in Anspruch nimmt, sprich: Niederlassungsfreiheit, etc.&#8220; erkl\u00e4rte VC-Tarifexperte Ingolf Schumacher. &#8222;Wenn es aber darum geht, als Gewerkschaft, die in solchen transnationalen Unternehmen aus der Defensive heraus agiert, gemeinsam etwas durch Streiks zu bewirken, dann kommen wir zumindest nach dem deutschen Arbeitskampfrecht an unsere Grenzen. Deswegen k\u00f6nnen wir das nicht machen.&#8220;<\/p>\n<p>Tats\u00e4chlich fasst Schumann nicht die Rechtslage in Deutschland zusammen, sondern die nationalistische Perspektive der Gewerkschaft und ihren Bankrott. Als nationale Organisationen treten sie der internationalen Abw\u00e4rtsspirale von L\u00f6hnen und Arbeitsbedingungen nicht entgegen, sondern treiben sie selbst voran.<\/p>\n<p>Standort gegen Standort ausgespielt<\/p>\n<p>Cockpit erhofft sich, als nationaler Verhandlungspartner anerkannt zu werden, der die Konkurrenz zwischen den einzelnen Standorten organisiert und die Arbeiter kontrolliert. Die Gewerkschaft will die \u00fcblen Ausbeuterbedingungen in die feste Form eines Tarifvertrags gie\u00dfen. Um das zu erreichen, rief die Gewerkschaft einzig die festangestellten Piloten f\u00fcr Freitag zu dem 24-st\u00fcndigen Streik auf. Sowohl das Kabinenpersonal als auch die Piloten, die \u00fcber Personaldienstleister angeheuert wurden, sind vom Streik ausgeschlossen.<\/p>\n<p>Zudem hat Cockpit auch keinerlei konkrete Geld- oder andere Forderungen aufgestellt. Sie verlangt von Ryanair lediglich die Einf\u00fchrung eines Verg\u00fctungs- und eines Manteltarifvertrags, die ausschlie\u00dflich f\u00fcr die in Deutschland fest eingestellten Piloten gelten sollen. Damit bleibt bis zu einem Drittel der Piloten von vornherein ausgeschlossen. Ob es f\u00fcr den Rest im Zuge der Einf\u00fchrung irgendwelche Verbesserungen geben wird, ist ihnen egal.&#8220;<\/span> <a href='http:\/\/www.wsws.org\/de\/articles\/2018\/08\/09\/ryan-a09.html' class='azc_bbc_url'>Weiterlesen&#8230;<\/a><\/p>\n<p><a href='https:\/\/www.woz.ch\/1832\/neues-von-der-swiss-connection\/hallo-alice' class='azc_bbc_url'>Illegale Parteienfinanzierung der AfD: &#8222;Hallo Alice&#8220;<\/a><br \/>\nDie AfD bestreitet seit langem, etwas mit dem millionenschweren Unterst\u00fctzungsverein &#8222;Goal AG&#8220; zu tun zu haben. Vor mehreren Landtagswahlen gab der Verein die AfD-Werbezeitung \u00abExtrablatt\u00bb heraus. Und er liess im ganzen Land AfD-Plakate aufh\u00e4ngen. Sch\u00e4tzungen des Werbeaufwands belaufen sich auf einen zweistelligen Millionenbetrag. Und der Verein erm\u00f6glichte finanzstarken Machthabern sogar, direkt Werbung f\u00fcr die AfD zu sponsern und dabei anonym zu bleiben.<\/p>\n<p>Recherchen der WOZ und der deutschen Wochenzeitung DIE ZEIT zeigen nun aber: Zwischen der AfD und dem Vorl\u00e4ufer des Vereins bestanden engste Verbindungen. Dies geht aus Zahlungen und Darlehen der Partei sowie mehreren E-Mails hervor, die den Zeitungen vorliegen. F\u00fcr die Partei ist diese Verbindung problematisch. Sollten sich die Partei und der Unterst\u00fctzungsverein abgesprochen haben, drohen Strafzahlungen in Millionenh\u00f6he.<\/p>\n<p><a href='https:\/\/netzpolitik.org\/2018\/interview-zu-biometrischer-ueberwachung-seehofer-soll-die-ergebnisse-des-tests-am-suedkreuz-transparent-machen' class='azc_bbc_url'>Interview zu den Gesichtserkennungs-Kameras in Berlin<\/a><br \/>\n<span class='azc_bbc_italic'>&#8222;Die Transparenz dieses Projekts l\u00e4sst sehr zu w\u00fcnschen \u00fcbrig, etliche Fragen bleiben seit \u00fcber einem Jahr unbeantwortet. Zudem ist die automatisierte Gesichtserkennung ein massiver Eingriff in das Grundrecht auf informationelle Selbstbestimmung&#8220;<\/span>, sagt Ulrich Schellenberg, Pr\u00e4sident des Deutschen Anwaltvereins. <span class='azc_bbc_italic'>&#8222;Auch sogenannte &#8222;Gef\u00e4hrder&#8220; d\u00fcrfen sich frei an \u00f6ffentlichen Pl\u00e4tzen bewegen. Im \u00dcbrigen ist es auch nicht die Aufgabe unbescholtener B\u00fcrger, auf ihre Freiheitsrechte zu verzichten, um der Polizei ihre Arbeit zu erleichtern.&#8220;<\/span><\/p>\n<p><a href='https:\/\/netzpolitik.org\/2018\/stellungnahme-zum-niedersaechsischen-polizeigesetz-grundrechte-werden-massiv-eingeschraenkt' class='azc_bbc_url'>Stellungnahme zum nieders\u00e4chsischen Polizeigesetz<\/a><br \/>\nMarie Br\u00f6ckling von netzpolitik.org ist eine von drei\u00dfig Sachverst\u00e4ndigen, die ab Donnerstag im nieders\u00e4chsischen Landtag geladen sind. Nachfolgend ihr Bericht.<\/p>\n<p>Dazu passt auch:<\/p>\n<p><a href='https:\/\/www.jungewelt.de\/artikel\/337534.html' class='azc_bbc_url'>Neue Polizeigesetze: Fakten interessieren die Bef\u00fcrworter nicht<\/a><br \/>\n<span class='azc_bbc_italic'>&#8222;Um nur einige der \u00fcbelsten Versch\u00e4rfungen zu nennen: die geplante \u00dcberwachung von Demonstrationen durch technische Mittel, Observationen und V-Leute, Bild- und Tonaufzeichnungen von Personen bei \u00f6ffentlichen Veranstaltungen, Aufenthaltsvorgaben und Kontaktverbote, Meldeauflagen, elektronische Fu\u00dffesseln ohne Richtervorbehalt, bis zu 74 Tage Vorbeugegewahrsam, Online\u00fcberwachung mittels Trojaner und vieles mehr &#8211; all das soll polizeilicher Standard werden.<\/p>\n<p>Die Beamten k\u00f6nnen t\u00e4tig werden, wenn sie von einer &#8222;drohenden Gefahr&#8220; ausgehen. Eine Definition dieses juristischen Begriffs gibt es nicht. In Augsburg &#8211; dort gilt das beispielgebende bayerische Polizeiaufgabengesetz bereits &#8211; wurde eine Person im Vorfeld der Proteste gegen den AfD-Parteitag Ende Juni in Vorbeugegewahrsam genommen.&#8220;<\/span> <a href='https:\/\/www.jungewelt.de\/artikel\/337534.html' class='azc_bbc_url'>Weiterlesen&#8230;<\/a><\/p>\n<p>Und unter uns angemerkt: Ihr seid doch jetzt genauso \u00fcberrascht wie ich, dass der allererste Einsatzfall des <span class='azc_bbc_strike'>bayerischen<\/span> faschistischen Polizeiaufgabengesetzes ausgerechnet eine Wegsperrung zum Schutz der Neo-Faschisten von der AfD ist, oder? Wer h\u00e4tte DAS ahnen k\u00f6nnen, dass es bei den ganzen Polizeigesetzen gar nicht &#8222;gegen den Terror&#8220; geht, sondern um den Schutz von Rechtsextremisten? <img class='azc_bbc_image' src='https:\/\/www.rume.de\/smilies\/clown.gif'  \/><\/p>\n<p>Und die NSU-Mordserie ist schon l\u00e4ngst wieder vergessen&#8230;<\/p>\n<p>Wir hatten in den letzten 100 Jahren deutscher Geschichte bereits zwei Polizeistaaten, eine davon mit der wohl menschenverachtendsten Vernichtungsmaschine \u00fcberhaupt. Wie es dazu kam und welche Bewilligungen man damals den Polizei- und Sicherheitsbeh\u00f6rden daf\u00fcr in die H\u00e4nde gab, ist aber nicht etwa ein warnendes Beispiel f\u00fcr die Regierenden, sondern wird als Blaupause zur Wiedervorlage genutzt.<\/p>\n<p><a href='https:\/\/cives.de\/fake-news-vom-bka-praesidenten-und-der-welt-online-8076' class='azc_bbc_url'>Kindesmissbrauchsfall von Staufen und der Ruf nach der Vorratsdatenspeicherung<\/a><br \/>\nIm Kindesmissbrauchsfall von Staufen wurde gestern das letzte Urteil gesprochen. Dies nimmt BKA-Pr\u00e4sident M\u00fcnch zum Anlass, um seine Forderung nach der Vorratsdatenspeicherung zu wiederholen. Er behauptet zur Begr\u00fcndung, dass 2017 angeblich <span class='azc_bbc_italic'>&#8222;\u00fcber 8.000 F\u00e4lle von Kinderpornografie nicht aufgekl\u00e4rt&#8220;<\/span> werden konnten.<\/p>\n<p>Kurzer Blick in die offizielle Polizeiliche Kriminalstatistik (<a href='https:\/\/www.bka.de\/SharedDocs\/Downloads\/DE\/Publikationen\/PolizeilicheKriminalstatistik\/2017\/pks2017ImkBericht.html?nn=96600' class='azc_bbc_url'>PDF Seite 19<\/a>): Von den insgesamt 6.512 (!) F\u00e4llen wurden 89,5 Prozent aufgekl\u00e4rt (AQ = Aufkl\u00e4rungsquote).<\/p>\n<p>Aber nun gut: Dass die Polizei l\u00fcgt, bis sich die Balken biegen &#8211; selbst vor Gericht, um &#8222;zu unbequeme&#8220; Personen &#8222;endlich&#8220; hinter Gitter zu bringen, ist hinl\u00e4nglich bekannt (<a href='http:\/\/www.lvz.de\/Region\/Mitteldeutschland\/Neue-Videos-im-Prozess-um-Pfarrer-Koenig-in-Dresden-Verfahren-wird-fuer-Monate-ausgesetzt' class='azc_bbc_url'>1<\/a>) (<a href='http:\/\/www.spiegel.de\/panorama\/justiz\/anti-nazi-demo-in-dresden-tim-h-von-landfriedensbruch-freigesprochen-a-1011722.html' class='azc_bbc_url'>2<\/a>). Und interessanterweise geht es auch hier immer nur um Leute, die sich gegen Neonazis engagierten. Das aber nur am Rande.<\/p>\n<p>Ach ja, und dass DIE WELT angesichts der L\u00fcge des BKA-Chefs M\u00fcnch sogar nochmal draufpackt und sogar behauptet, die fehlende Vorratsdatenspeicherung w\u00fcrde sogar Kindesmissbrauch F\u00d6RDERN &#8211; nun ja, das ist eben moderner Qualit\u00e4tsjournalismus. Und &#8222;Fake News&#8220;, das sind immer die anderen <img class='azc_bbc_image' src='https:\/\/www.rume.de\/smilies\/sarkasm.gif'  \/><\/p>\n<p><a href='https:\/\/netzpolitik.org\/2018\/eu-kommission-gesetz-zur-filterpflicht-fuer-online-plattformen-kommt-im-september' class='azc_bbc_url'>EU-Gesetz zur Filterpflicht f\u00fcr Online-Plattformen kommt im September<\/a><br \/>\nDie EU-Kommission pr\u00fcgelt mal wieder ein neues Zensurgesetz durch. Diesmal sollen verpflichtende Zwangsfilter f\u00fcr alle Online-Plattformen verh\u00e4ngt werden, die zus\u00e4tzlich mit &#8222;k\u00fcnstlicher Intelligenz&#8220; (also selbstlernenden Zensurfiltern) verschlimmert werden. Und wogegen soll all das eingesetzt werden? Offiziell nat\u00fcrlich &#8222;gegen Terrorpropaganda&#8220;.<\/p>\n<p>Was genau &#8222;Terrorpropaganda&#8220; ist, legen nat\u00fcrlich die Herrschenden fest. Beispielsweise Solidaraufrufe f\u00fcr Proteste gegen Sozialabbau, Fl\u00fcchtlingshetze oder den \u00dcberwachungsstaat, aber auch gegen zu fundierte (also zutreffende) Regierungskritik kann man mit Hilfe dieser Zwangsfilter ganz bequem zensieren lassen. Keinesfalls als Terrorpropaganda eingestuft werden aber nat\u00fcrlich s\u00e4mtliche NATO-Pressemeldungen, die von unserer hofberichterstattenden Qualit\u00e4tsjournaille ebenso fl\u00e4chendeckend wie kritiklos weiterverbreitet werden.<\/p>\n<p>Ach ja: Die sp\u00e4tere Ausweitung auf weitere Inhalte &#8211; beispielsweise Pornos und Urheberrechtsverletzungen &#8211; ist sogar schon im EU-Gesetz vorgesehen. Das Endziel ist die Errichtung eines Meinungsmonopols, damit dann fl\u00e4chendeckend \u00fcberall dasselbe ver\u00f6ffentlicht wird (milit\u00e4rische Aufr\u00fcstung ist n\u00f6tig, Privat geht vor Staat, Steuererh\u00f6hungen sind schlecht, Rentenaltererh\u00f6hung ist richtig, aggressive Russen, moderate Rebellen, Schl\u00e4chter Assad, Friedensengel Obama, Banken sind systemrelevant, Sparpolitik ist alternativlos, usw.).<\/p>\n<p>Und wer sich durch die heutige Qualit\u00e4tsjournaille klickt, der erkennt: Im Grunde ist solch ein Zwangsfilter kaum noch n\u00f6tig. Nur diese bl\u00f6den Blogs und Foren st\u00f6ren noch. Und dagegen will die EU-Kommission nun vorgehen.<\/p>\n<p><a href='https:\/\/www.rubikon.news\/artikel\/das-attentat' class='azc_bbc_url'>Die ARD w\u00fcnscht, Venezuelas Pr\u00e4sident w\u00e4re tot<\/a><br \/>\nWie bereits geschrieben: SOLCH eine Berichterstattung der \u00d6ffentlich-Rechten wird NIEMALS als Terrorpropaganda bezeichnet. Das ist seri\u00f6ser Qualit\u00e4tsjournalismus, der j\u00e4hrlich mit acht Milliarden Euro Zwangsgeb\u00fchr belohnt wird, wie <span class='azc_bbc_strike'>unsere Klassenjustiz<\/span> das Bundesverfassungsgericht neulich auch <a href='https:\/\/propagandaschau.wordpress.com\/2018\/07\/19\/das-bundesverfassungsgericht-beschaedigt-sich-erneut-durch-ignoranz' class='azc_bbc_url'>nochmal deutlich klarstellte<\/a>.<\/p>\n<p><a href='https:\/\/www.ipg-journal.de\/rubriken\/nachhaltigkeit-energie-und-klimapolitik\/artikel\/klimawandel-ach-was-2904' class='azc_bbc_url'>Klimawandel? Ach was!<\/a><br \/>\nDem Bericht gibt es nichts hinzuzuf\u00fcgen <img class='azc_bbc_image' src='https:\/\/www.rume.de\/smilies\/verehr.gif'  \/><\/p>\n<p>Und damit zum Wetter:<\/p>\n<p><a href='https:\/\/www.ndr.de\/fernsehen\/sendungen\/extra_3\/extra14870.html' class='azc_bbc_url'>Der Wetterbericht bis Mitte Oktober<\/a><br \/>\n<img class='azc_bbc_image' src='https:\/\/www.rume.de\/smilies\/nasiehste.gif'  \/><\/p>\n","protected":false},"excerpt":{"rendered":"<p>\/ Bundessozialgericht: Zwangsverrentung \u00e4lterer Erwerbsloser unzul\u00e4ssig \/ Panorama &#8211; die Reporter: Gepflegter Kapitalismus \/ Gewerkschaften wollen internationalen Streik bei Ryanair isolieren \/ Illegale Parteienfinanzierung der AfD: &#8222;Hallo Alice&#8220; \/ Interview zu den Gesichtserkennungs-Kameras in Berlin \/ Stellungnahme zum nieders\u00e4chsischen Polizeigesetz \/ Neue Polizeigesetze: Fakten interessieren die Bef\u00fcrworter nicht \/ Kindesmissbrauchsfall von Staufen und der Ruf &hellip; <a href=\"https:\/\/www.rume.de\/?p=788\" class=\"more-link\"><span class=\"screen-reader-text\">\u201eAufgelesen und kommentiert 2018-08-09\u201c <\/span>weiterlesen<\/a><\/p>\n","protected":false},"author":1,"featured_media":0,"comment_status":"open","ping_status":"closed","sticky":false,"template":"","format":"standard","meta":{"footnotes":""},"categories":[2],"tags":[],"class_list":["post-788","post","type-post","status-publish","format-standard","hentry","category-aufgelesen"],"_links":{"self":[{"href":"https:\/\/www.rume.de\/index.php?rest_route=\/wp\/v2\/posts\/788","targetHints":{"allow":["GET"]}}],"collection":[{"href":"https:\/\/www.rume.de\/index.php?rest_route=\/wp\/v2\/posts"}],"about":[{"href":"https:\/\/www.rume.de\/index.php?rest_route=\/wp\/v2\/types\/post"}],"author":[{"embeddable":true,"href":"https:\/\/www.rume.de\/index.php?rest_route=\/wp\/v2\/users\/1"}],"replies":[{"embeddable":true,"href":"https:\/\/www.rume.de\/index.php?rest_route=%2Fwp%2Fv2%2Fcomments&post=788"}],"version-history":[{"count":1,"href":"https:\/\/www.rume.de\/index.php?rest_route=\/wp\/v2\/posts\/788\/revisions"}],"predecessor-version":[{"id":789,"href":"https:\/\/www.rume.de\/index.php?rest_route=\/wp\/v2\/posts\/788\/revisions\/789"}],"wp:attachment":[{"href":"https:\/\/www.rume.de\/index.php?rest_route=%2Fwp%2Fv2%2Fmedia&parent=788"}],"wp:term":[{"taxonomy":"category","embeddable":true,"href":"https:\/\/www.rume.de\/index.php?rest_route=%2Fwp%2Fv2%2Fcategories&post=788"},{"taxonomy":"post_tag","embeddable":true,"href":"https:\/\/www.rume.de\/index.php?rest_route=%2Fwp%2Fv2%2Ftags&post=788"}],"curies":[{"name":"wp","href":"https:\/\/api.w.org\/{rel}","templated":true}]}}