{"id":782,"date":"2018-08-08T22:12:11","date_gmt":"2018-08-08T20:12:11","guid":{"rendered":"https:\/\/rume.inrieda.de\/?p=782"},"modified":"2018-08-08T22:12:11","modified_gmt":"2018-08-08T20:12:11","slug":"aufgelesen-und-kommentiert-2018-08-08","status":"publish","type":"post","link":"https:\/\/www.rume.de\/?p=782","title":{"rendered":"Aufgelesen und kommentiert 2018-08-08"},"content":{"rendered":"<p>\/ Ein F\u00fcnftel der deutschen Bev\u00f6lkerung lebt in Armut<br \/>\n\/ Ich habe alle Hartz-IV-Shows von RTL geschaut<br \/>\n\/ Allgemeine Dienstpflicht der CDU: Ein Angriff auf die Jugend<br \/>\n\/ Ryanair vor neuen Streiks<br \/>\n\/ Studie: Anker-Zentren beschleunigen kein Asylverfahren<br \/>\n\/ Maulkorb f\u00fcr Kontext<br \/>\n\/ Eidesstattliche Erkl\u00e4rung: Verfassungsschutz-Chef unterst\u00fctzte AfD<br \/>\n\/ Armut und Strafe: Wer schwarzf\u00e4hrt wird eingesperrt<br \/>\n\/ Die &#8222;drohende Gefahr&#8220; in Polizeigesetzen<br \/>\n\/ Export\u00fcberschuss zu komplex f\u00fcr Dichter und Denker<br \/>\n\/ Die \u00d6ko-Ignoranten<br \/>\n\/ Buschkowsky (SPD): &#8222;Am Klimawandel ist die Atombombe schuld&#8220;<br \/>\n\/ ARD tagesthemen: Geschichtsrevisionismus und Des\u00adinformation \u00fcber den Kaukasuskrieg<br \/>\n\/ Streik bei Ryanair<\/p>\n<p>&#8212;<\/p>\n<p><!--more--><\/p>\n<p><a href='https:\/\/www.jungewelt.de\/artikel\/337461.html' class='azc_bbc_url'>Ein F\u00fcnftel der deutschen Bev\u00f6lkerung lebt in Armut<\/a><br \/>\nDie Zahlen sind inzwischen im Grunde jedem bekannt und steigen von Jahr zu Jahr. Es interessiert sich nur niemand daf\u00fcr, sondern man hofft darauf, dass &#8222;sein&#8220; Betrieb nie in eine Krise ger\u00e4t, dass die eigene Rente noch irgendwie reicht &#8211; und man hoffentlich auch niemals in so ein marktwirtschaftlich kaputtgespartes Pflegeheim eingewiesen wird, in dem man kapitalistisch endverarbeitet wird.<\/p>\n<p>Aber die Lebensumst\u00e4nde sind nicht freundlich. Unser Leben, das derzeit vielleicht noch ordentlich aussieht, ist im Grunde nur 12 Monate von Hartz4 entfernt. Und bei einem Schicksalsschlag (Verkehrsunfall, Schlaganfall, Krebs, usw.) geht es meist noch schneller und man ist auf genau die Hilfe und Unterst\u00fctzung angewiesen, die kaputtgespart wurde.<\/p>\n<p>Und wof\u00fcr? Damit einige wenige Superreiche NOCH mehr Reichtumg raffen konnten, mit dem sie eh nichts mehr anfangen k\u00f6nnen.<\/p>\n<p><a href='https:\/\/www.huffingtonpost.de\/entry\/hartz-iv-shows-von-rtl-geschaut-und-dankbar_de_5b69a914e4b0b15abaa738b8' class='azc_bbc_url'>Ich habe alle Hartz-IV-Shows von RTL geschaut<\/a><br \/>\n<span class='azc_bbc_italic'>&#8222;Und dann passierte etwas, mit dem ich nicht gerechnet hatte: Ich begann, Mitgef\u00fchl f\u00fcr die Opfer dieser Sendungen zu entwickeln.<\/p>\n<p>&#8211; F\u00fcr Dagmar aus &#8222;Hartz und Herzlich&#8220;, die den Termin f\u00fcr ein Probearbeiten mit einem Herz im Kalender markiert hat &#8211; nur um dann vom Kioskbesitzer begrapscht zu werden.<\/p>\n<p>&#8211; F\u00fcr die arme Mutter aus &#8222;Pl\u00f6tzlich arm, pl\u00f6tzlich reich&#8220;, die vor Scham in Tr\u00e4nen ausbricht, als sie sieht, dass ihre Tauschfamilie ihr zu Begr\u00fc\u00dfung Champagner bereitgestellt hat &#8211; &#8222;und ich habe nur so poplige Muffins gebacken&#8220;.<\/p>\n<p>&#8211; Und f\u00fcr die neunj\u00e4hrige Isabel aus &#8222;Armes Deutschland&#8220;, die zu arm ist, um Geburtstag zu feiern. &#8222;Das tut uns weh&#8220;, sagt ihre Mutter. &#8222;Wir h\u00e4tten ihr das gerne erm\u00f6glicht.&#8220;<\/p>\n<p>Den Rest des Kurzinterviews konnte ich leider nicht mehr verstehen, denn zu diesem Zeitpunkt habe ich Rotz und Wasser geheult. Und ich kann voll und ganz verstehen, dass viele Menschen in Deutschland das Gef\u00fchl haben, die Politik h\u00e4tte sie abgeschrieben. Dass es Menschen extrem w\u00fctend macht, dass in einem reichen Land Millionen von Deutschen in solchen prek\u00e4ren Lagen leben m\u00fcssen.&#8220;<\/span><\/p>\n<p><a href='https:\/\/www.cicero.de\/innenpolitik\/annegret-kramp-karrenbauer-dienstpflicht-wehrpflicht-bundeswehr-pflege-jugend-rente' class='azc_bbc_url'>Allgemeine Dienstpflicht der CDU: Ein Angriff auf die Jugend<\/a><br \/>\nDer CICERO kommentiert: <span class='azc_bbc_italic'>&#8222;CDU-Generalsekret\u00e4rin Annegret Kramp-Karrenbauer m\u00f6chte f\u00fcr diejenigen, die allein schon qua Geschlecht weder Wehr- noch Zivildienst leisten musste, diese Wehrpflicht wieder einf\u00fchren &#8211; h\u00fcbsch verpackt als &#8222;allgemeine Dienstpflicht&#8220;. Die Idee sei in den vielen Gespr\u00e4chen entstanden, die sie mit Leuten von der Parteibasis gef\u00fchrt h\u00e4tte, sagt Kramp-Karrenbauer. Man ahnt schon, mit welchen Leuten sie da gesprochen hat. Die meisten werden gut \u00fcber 50 gewesen sein.<\/p>\n<p>Denn bei dem Vorschlag handelt es sich um Politik gegen die jungen Generationen. Wieder einmal. Dabei sehen die Perspektiven f\u00fcr J\u00fcngere schon heute schlecht aus. In den vergangenen 20 Jahren stagnierten die realen L\u00f6hne f\u00fcr zahlreiche Deutsche bis hinauf in die Mittelschicht. Stellen sind heute oft befristet und gerade in den ersten Berufsjahren schlecht bezahlt. Fast die H\u00e4lfte der jungen Singles zwischen 25 und 35 ist nach der offiziellen Definition von Armut bedroht &#8211; eine dramatische Diagnose f\u00fcr ein so reiches Land.<\/p>\n<p>Zudem will die Politik damit Probleme, die sie nicht gel\u00f6st bekommt, auf die jungen Generationen abschieben. Weil man es nicht schafft, die Pflegel\u00fccke zu f\u00fcllen, sondern aus Effizienzgr\u00fcnden alles zusammenstreicht, sollen die jungen Leute per Zwang den Karren aus dem Dreck ziehen oder billige Kr\u00e4fte aus dem Ausland. Kaschiert wird das Ganze mit Gerede, dass so der Zusammenhalt der Gesellschaft wieder verbessert werden soll. Also d\u00fcrfen, nein m\u00fcssen die Jungen auch hier ausbaden, was die Politik vermasselt hat.&#8220;<\/span><\/p>\n<p>Kurze Anmerkung meinerseits: Nat\u00fcrlich haben CDU\/CSU\/SPD\/FDP\/GR\u00dcNE mit ihrer Privatisierungspolitik f\u00fcr massive Verschlechterungen bei den betroffenen Arbeitnehmern gesorgt. Diese Parteien hatten aber stets die volle R\u00fcckendeckung durch die Gewerkschaften, die &#8222;abweichende&#8220; Tarifvertr\u00e4ge unterschrieben und somit ihre Mitglieder &#8211; insbesondere die j\u00fcngeren Berufsanf\u00e4nger &#8211; in genau die Hungerlohnjobs schickte, in der sie sich ihre sp\u00e4tere Altersarmut erarbeiten <img class='azc_bbc_image' src='https:\/\/www.rume.de\/smilies\/sarkasm.gif'  \/><\/p>\n<p>Fr\u00fcher vertraten Gewerkschaften mal die Interessen der Arbeiterklasse. Unsere &#8222;modernen&#8220; Gewerkschaften hingegen suchen die Partnerschaft mit dem Kapital und k\u00e4mpfen dann daf\u00fcr, dass deren Profite gesichert werden.<\/p>\n<p><a href='http:\/\/www.wsws.org\/de\/articles\/2018\/08\/08\/ryan-a08.html' class='azc_bbc_url'>Ryanair vor neuen Streiks<\/a><br \/>\nL E S E B E F E H L !!<\/p>\n<p>Proletarier aller L\u00e4nder vereinigt euch? Mit unseren &#8222;modernen&#8220; Gewerkschaften nicht zu machen. Noch nicht einmal bei einem Ausbeuterladen wie Ryanair. DAS sollte jedem Arbeiter zu denken geben.<\/p>\n<p><a href='https:\/\/www.jungewelt.de\/artikel\/337476.html' class='azc_bbc_url'>Studie: Anker-Zentren beschleunigen kein Asylverfahren<\/a><br \/>\nOffiziell werden die sogenannten &#8222;Anker-Zentren&#8220; errichtet, um schnellere Abschiebungen durchf\u00fchren zu k\u00f6nnen. Dieses Endziel steht auch im Groko-Vertrag, dem die SPD-Mitglieder mehrheitlich zugestimmt haben. Diese &#8222;Ausl\u00e4nder raus&#8220; Politik wird in Deutschland von einer ganz grosse Koalition unterst\u00fctzt &#8211; von CDU\/CSU \u00fcber SPD, FDP und AfD &#8211; und nennt sich hierzulande &#8222;Politische Mitte&#8220;.<\/p>\n<p>Das aber nur am Rande. Denn nat\u00fcrlich wird \u00fcber &#8222;Anker-Zentren&#8220; kein einziges Asylverfahren beschleunigt. Daf\u00fcr w\u00e4re n\u00e4mlich deutlich mehr Personal beim BAMF n\u00f6tig. Das aber will man nicht bezahlen.<\/p>\n<p>Stattdessen nun also wieder Lager f\u00fcr Ausl\u00e4nder in Deutschland. Damit diese Menschen kein Gesicht und Mitleid bekommen, sondern als anonyme Bedrohung abgestempelt werden k\u00f6nnen. Es schiebt sich eben leichter ab, wenn man die Opfer nicht kennt. Unser Bundesinnenminister <a href='https:\/\/janson-karikatur.de\/wp-content\/uploads\/2018\/08\/Fluechtlingsdeal-18-08-08-rgb-668&#215;503.jpg' class='azc_bbc_url'>freut sich sogar<\/a> dar\u00fcber, selbst wenn das Opfer anschliessend aus v\u00f6lliger Verzweiflung Selbstmord begeht.<\/p>\n<p>Wenn man aber den Betroffenen kennt, der freundlich ist, seine Kinder schreckliche Erlebnisse erz\u00e4hlen und seine Frau im Mittelmeer wegen unterlassener Hilfeleistung der EU krepieren musste, dann sieht die Sache anders aus. Und genau diese Erkenntnis soll sich unter den Deutschen gar nicht erst breit machen. Die Erkenntnis, dass &#8222;die Fl\u00fcchtlinge&#8220; auch genauso Menschen sind wie du und ich, die f\u00fcr sich und ihre Kinder ein freies Leben haben m\u00f6chten &#8211; aber leider in einem Gebiet geboren wurden, das mit Hilfe deutscher Waffenexporte\/Ausbeutung\/Klimawandel zerst\u00f6rt wurde.<\/p>\n<p>Es geht bei den Fl\u00fcchtlingslagern um die (politisch gewollte) Aufteilung von &#8222;Wir&#8220; gegen &#8222;Die&#8220; &#8211; und <a href='https:\/\/www.rume.de\/wp-content\/uploads\/2018\/07\/Es_begann_NICHT_mit_Gaskammern.jpg' class='azc_bbc_url'>genau so fing das 1933 auch an<\/a>.<\/p>\n<p><a href='https:\/\/www.kontextwochenzeitung.de\/medien\/384\/maulkorb-fuer-kontext-5265.html' class='azc_bbc_url'>Maulkorb f\u00fcr Kontext<\/a><br \/>\n<span class='azc_bbc_italic'>&#8222;Kontext darf &#8211; vorl\u00e4ufig &#8211; nicht mehr schreiben, dass der AfD-Mitarbeiter XXX hei\u00dft und rechte Hetze im Internet verbreitet hat. Das hat das Mannheimer Landgericht per einstweiliger Verf\u00fcgung verboten. Der Mann versichert, er sei nicht Urheber der \u00fcblen \u00c4u\u00dferungen in den ihm zugeschriebenen Facebook-Chatprotokollen. Darauf stellt Kontext noch im Gerichtssaal Strafanzeige wegen falscher Versicherung an Eides statt.&#8220;<\/span><\/p>\n<p>Tja, alles beim Alten: Nazis werden von der deutschen Justiz gesch\u00fctzt. Das ist eben gute altdeutsche Tradition. &#8222;Corporate Identity&#8220; seit 1933 sozusagen.<\/p>\n<p>KONTEXT geht allerdings in Berufung und ben\u00f6tigt daf\u00fcr noch Spendengeld. <a href='https:\/\/www.kontextwochenzeitung.de\/medien\/384\/spendenaufruf-kontext-und-der-g-punkt-5278.html' class='azc_bbc_url'>Wenn ihr euch beteiligen wollt &#8211; hier klicken<\/a>. Das Geld ist nicht nur f\u00fcr KONTEXT wichtig, sondern f\u00fcr uns alle. Schliesslich m\u00fcssen wir Rassisten auch als Rassisten bezeichnen d\u00fcrfen.<\/p>\n<p><a href='https:\/\/twitter.com\/tilsteff\/status\/1027130000359809024' class='azc_bbc_url'>Eidesstattliche Erkl\u00e4rung: Verfassungsschutz-Chef unterst\u00fctzte AfD<\/a><br \/>\nDie ehemalige JA-Vorsitzende von Sachsen und sp\u00e4tere AfD-Aussteigerin Franziska Schreiber versichert an Eides statt die Schilderung in ihrem Buch, dass Frauke Petry sich mit Verfassungsschutz-Pr\u00e4sident Maa\u00dfen traf und er die Partei vor Beobachtung warnte. <span class='azc_bbc_italic'>&#8222;Ausserdem versichere ich, dass Frauke Petry mir gegen\u00fcber mehrfach erw\u00e4hnte, dass die AfD Gl\u00fcck habe, mit Hans-Georg Maa\u00dfen jemanden als Chef des Verfassungsschutzes zu haben, der der Partei wohlgesonnen sei und daher eine Beobachtung vermeiden wolle, und dass man diesen Vorteil nicht verspielen d\u00fcrfe.&#8220;<\/span><\/p>\n<p>In jedem Rechtsstaat w\u00e4re Maa\u00dfen schon wegen der NSU-Mordserie entlassen und vor Gericht gestellt worden. Wir leben aber stattdessen in Deutschland. Und da wird auch diese eidesstattliche Erkl\u00e4rung v\u00f6llig wirkungslos verpuffen.<\/p>\n<p><a href='https:\/\/adamag.de\/oepnv-wer-schwarzfaehrt-wird-eingesperrt' class='azc_bbc_url'>Armut und Strafe: Wer schwarzf\u00e4hrt wird eingesperrt<\/a><br \/>\nEin Bericht dar\u00fcber, wie &#8222;h\u00e4rtere Strafen&#8220; nur gegen den kleinen Mann vollstreckt werden, w\u00e4hrend man die Grossen &#8211; Autokonzerne, Bankenzocker, Steuerhinterzieher &#8211; mit vergleichbar geringen Strafen laufen l\u00e4sst. Falls denn \u00fcberhaupt eine Strafe verh\u00e4ngt wird.<\/p>\n<p>Deswegen Leute: Wenn ihr Scheisse bauen wollt, meldet euch vorher als V-Leute beim sogenannten &#8222;Verfassungsschutz&#8220; an. Dann werdet ihr nicht nur vor polizeilichen Ermittlungen besch\u00fctzt, sondern bekommt auch noch Geld f\u00fcr eure Straftaten. Es ist mir ohnehin schleierhaft, warum sich Autonome nicht viel \u00f6fter auch mal als V-Leute bewerben. Die gesamten Akten \u00fcber die G20-Krawalle in Hamburg w\u00e4ren dann weitestgehend geschreddert worden <img class='azc_bbc_image' src='https:\/\/www.rume.de\/smilies\/nasiehste.gif'  \/><\/p>\n<p><a href='https:\/\/netzpolitik.org\/2018\/vorverlagerung-von-eingriffsbefugnissen-die-drohende-gefahr-in-polizeigesetzen' class='azc_bbc_url'>Die &#8222;drohende Gefahr&#8220; in Polizeigesetzen<\/a><br \/>\nWenn die neuen Polizeigesetze alle durchgesetzt wurden, mit dessen Hilfe man Menschen willk\u00fcrlich und monatelang einknasten kann, nur weil die Polizei behauptet, derjenige w\u00e4re gef\u00e4hrlich &#8211; was unterscheidet dann unsere &#8222;moderne&#8220; Polizei noch grossartig <a href='https:\/\/de.wikipedia.org\/wiki\/Politische_Polizei' class='azc_bbc_url'>von einer Politischen Polizei?<\/a> Der Unterschied besteht doch nur noch darin, dass unsere jetzige Polizei L\u00e4ndersache ist, statt von der Bundesregierung direkt gesteuert werden zu k\u00f6nnen. Diese angebliche Trennung hat aber realpolitisch \u00fcberhaupt keine Relevanz, wenn ALLE Regierungsparteien dieselbe politische Ausrichtung haben, oder? Und auch nachweislich ALLE Regierungsparteien keinen Anlass sehen, die Vertuschung von Polizeigewalt zu beenden &#8211; sondern ganz im Gegenteil immer neue Polizeibefugnisse draufsatteln.<\/p>\n<p>Also: Ab wann nochmal genau spricht man von einem Polizeistaat?<\/p>\n<p><a href='https:\/\/www.dw.com\/de\/kommentar-export%C3%BCberschuss-zu-komplex-f%C3%BCr-dichter-und-denker\/a-44985926' class='azc_bbc_url'>Export\u00fcberschuss zu komplex f\u00fcr Dichter und Denker<\/a><br \/>\nF\u00fcr regelm\u00e4ssige Leser nicht viel Neues, f\u00fcr Einsteiger aber immer wieder lesenswert.<\/p>\n<p><a href='https:\/\/www.rubikon.news\/artikel\/die-oko-ignoranten' class='azc_bbc_url'>Die \u00d6ko-Ignoranten<\/a><br \/>\nUnd der Bericht ist kein Stich mit dem Florett, sondern der (verdiente) Schlag mit dem Breitschwert <img class='azc_bbc_image' src='https:\/\/www.rume.de\/smilies\/verehr.gif'  \/><\/p>\n<p>Dazu passt auch:<\/p>\n<p><a href='https:\/\/www.freitag.de\/autoren\/klaus-raab\/es-geht-um-die-wurst' class='azc_bbc_url'>Buschkowsky (SPD): &#8222;Am Klimawandel ist die Atombombe schuld&#8220;<\/a><br \/>\nTja und zu solch einer Grillwurst wie dem SPD-Buschkowsky f\u00e4llt mir jetzt auch keine satirische Steigerung mehr ein.<\/p>\n<p><a href='https:\/\/propagandaschau.wordpress.com\/2018\/08\/08\/pinar-atalay-und-demian-von-osten-verbreiten-in-den-ard-tagesthemen-geschichtsrevisionismus-und-desinformation-ueber-den-kaukasuskrieg' class='azc_bbc_url'>ARD tagesthemen: Geschichtsrevisionismus und Des\u00adinformation \u00fcber den Kaukasuskrieg<\/a><br \/>\nMan stelle sich vor, die ARD w\u00fcrden \u00fcber den Zweiten Weltkrieg mit den Worten berichten: <span class='azc_bbc_italic'>&#8222;Sch\u00fcsse fielen, Panzer feuerten Granaten ab, der Zweite Weltkrieg zwischen Polen und Deutschland brach aus.&#8220;<\/span> Wie viele emp\u00f6rte Wortmeldungen w\u00fcrde es wohl geben, wie man eine derartige Nachrichtenverdrehung und Geschichtsklitterung melden kann.<\/p>\n<p>\u00dcber den Kaukasuskrieg berichtet man aber genau so. Und das ist nur EIN Beispiel von Tausenden, wie die \u00d6ffentlich-Rechten stets als NATO-Milit\u00e4rsender agitieren und einseitige Propaganda verbreiten.<\/p>\n<p>Und zu guter Letzt:<\/p>\n<p><a href='http:\/\/sakurai-cartoons.de\/\/images\/g_neuneuro.gif' class='azc_bbc_url'>Streik bei Ryanair<\/a><br \/>\n<img class='azc_bbc_image' src='https:\/\/www.rume.de\/smilies\/nasiehste.gif'  \/><\/p>\n","protected":false},"excerpt":{"rendered":"<p>\/ Ein F\u00fcnftel der deutschen Bev\u00f6lkerung lebt in Armut \/ Ich habe alle Hartz-IV-Shows von RTL geschaut \/ Allgemeine Dienstpflicht der CDU: Ein Angriff auf die Jugend \/ Ryanair vor neuen Streiks \/ Studie: Anker-Zentren beschleunigen kein Asylverfahren \/ Maulkorb f\u00fcr Kontext \/ Eidesstattliche Erkl\u00e4rung: Verfassungsschutz-Chef unterst\u00fctzte AfD \/ Armut und Strafe: Wer schwarzf\u00e4hrt wird &hellip; <a href=\"https:\/\/www.rume.de\/?p=782\" class=\"more-link\"><span class=\"screen-reader-text\">\u201eAufgelesen und kommentiert 2018-08-08\u201c <\/span>weiterlesen<\/a><\/p>\n","protected":false},"author":1,"featured_media":0,"comment_status":"open","ping_status":"closed","sticky":false,"template":"","format":"standard","meta":{"footnotes":""},"categories":[2],"tags":[],"class_list":["post-782","post","type-post","status-publish","format-standard","hentry","category-aufgelesen"],"_links":{"self":[{"href":"https:\/\/www.rume.de\/index.php?rest_route=\/wp\/v2\/posts\/782","targetHints":{"allow":["GET"]}}],"collection":[{"href":"https:\/\/www.rume.de\/index.php?rest_route=\/wp\/v2\/posts"}],"about":[{"href":"https:\/\/www.rume.de\/index.php?rest_route=\/wp\/v2\/types\/post"}],"author":[{"embeddable":true,"href":"https:\/\/www.rume.de\/index.php?rest_route=\/wp\/v2\/users\/1"}],"replies":[{"embeddable":true,"href":"https:\/\/www.rume.de\/index.php?rest_route=%2Fwp%2Fv2%2Fcomments&post=782"}],"version-history":[{"count":1,"href":"https:\/\/www.rume.de\/index.php?rest_route=\/wp\/v2\/posts\/782\/revisions"}],"predecessor-version":[{"id":783,"href":"https:\/\/www.rume.de\/index.php?rest_route=\/wp\/v2\/posts\/782\/revisions\/783"}],"wp:attachment":[{"href":"https:\/\/www.rume.de\/index.php?rest_route=%2Fwp%2Fv2%2Fmedia&parent=782"}],"wp:term":[{"taxonomy":"category","embeddable":true,"href":"https:\/\/www.rume.de\/index.php?rest_route=%2Fwp%2Fv2%2Fcategories&post=782"},{"taxonomy":"post_tag","embeddable":true,"href":"https:\/\/www.rume.de\/index.php?rest_route=%2Fwp%2Fv2%2Ftags&post=782"}],"curies":[{"name":"wp","href":"https:\/\/api.w.org\/{rel}","templated":true}]}}