{"id":770,"date":"2018-08-02T22:28:39","date_gmt":"2018-08-02T20:28:39","guid":{"rendered":"https:\/\/rume.inrieda.de\/?p=770"},"modified":"2018-08-02T22:28:39","modified_gmt":"2018-08-02T20:28:39","slug":"aufgelesen-und-kommentiert-2018-08-02","status":"publish","type":"post","link":"https:\/\/www.rume.de\/?p=770","title":{"rendered":"Aufgelesen und kommentiert 2018-08-02"},"content":{"rendered":"<p>\/ Pflegest\u00e4rkungsgesetz: So wird das nichts<br \/>\n\/ Warum in Deutschland 300.000 Kitapl\u00e4tze fehlen<br \/>\n\/ Bundesregierung plant Steuergeschenk f\u00fcr Elektro-Dienstwagen<br \/>\n\/ Verfassungsschutz-Pr\u00e4sident Maa\u00dfen dementiert Hilfe f\u00fcr AfD<br \/>\n\/ Ein paar schnelle Schlagzeilen von dieser Woche!<br \/>\n\/ Earth Overshoot: Die Menschheit wirtschaftet sich zu Tode<br \/>\n\/ Vorzeigelager Bamberg: Ein Klo f\u00fcr 20 Asylbewerber und n\u00e4chtliche Polizeibesuche<br \/>\n\/ Gro\u00dfe Koalition errichtet Lagersystem f\u00fcr Fl\u00fcchtlinge<br \/>\n\/ Regensburg: Aufatmen nach Terrorverdacht am Dom<br \/>\n\/ Bundeslandwirtschaftsministerin Kl\u00f6ckner (CDU) zur D\u00fcrre in Deutschland<\/p>\n<p>&#8212;<\/p>\n<p><!--more--><\/p>\n<p><a href='https:\/\/www.jungewelt.de\/artikel\/337133.html' class='azc_bbc_url'>Pflegest\u00e4rkungsgesetz: So wird das nichts<\/a><br \/>\nMal unter uns: Hat wirklich jemand geglaubt, dass sich unter Jens Spahn wirklich etwas verbessert? Ernsthaft? <img class='azc_bbc_image' src='https:\/\/www.rume.de\/smilies\/laugh.gif'  \/><\/p>\n<p>Und nicht, dass wir uns missverstehen: Das liegt nicht an Jens Spahn. Dieser bebrillte Sozialrassist ist nur eine Figur unter Tausenden. Ob da nun ein Jens Spahn, ein Olaf Scholz, ein Christian Lindner oder eine Katrin G\u00f6ring-Eckardt agitiert, ist vollkommen belanglos. Sie alle arbeiten streng nach kapitalistischen Vorgaben, bei der alles subventioniert wird, was die Profite erh\u00f6ht &#8211; und alles, was unser soziales Miteinander betrifft, unter Finanzierungsvorbehalt gestellt wird.<\/p>\n<p>Dazu passt auch:<\/p>\n<p><a href='https:\/\/www.deutschlandfunk.de\/kindertagesstaetten-warum-in-deutschland-300-000.724.de.html?dram:article_id=424386' class='azc_bbc_url'>Warum in Deutschland 300.000 Kitapl\u00e4tze fehlen<\/a><br \/>\nDer Deutschlandfunk berichtet: <span class='azc_bbc_italic'>&#8222;Rechtsanspruch auf einen Kitaplatz f\u00fcr unter Dreij\u00e4hrige existiert seit f\u00fcnf Jahren. Allerdings fehlen bundesweit 300.000 Kitapl\u00e4tze. Die Nachfrage steigt, eine Besserung ist nicht in Sicht, denn es mangelt an Personal. Der Beruf gilt als unattraktiv. 2.600 Euro brutto im Monat verdienen Erzieherinnen und Erzieher als Einstiegsgehalt. F\u00fcr die Ausbildung muss bei den meisten freien und privaten Schultr\u00e4gern sogar bezahlt werden, kostenfrei sind nur die staatlichen Erzieherschulen.&#8220;<\/span> <a href='https:\/\/www.deutschlandfunk.de\/kindertagesstaetten-warum-in-deutschland-300-000.724.de.html?dram:article_id=424386' class='azc_bbc_url'>Weiterlesen&#8230;<\/a><\/p>\n<p><a href='http:\/\/www.manager-magazin.de\/unternehmen\/autoindustrie\/bund-plant-steuergeschenk-fuer-elektro-dienstwagen-a-1220536.html' class='azc_bbc_url'>Bundesregierung plant Steuergeschenk f\u00fcr Elektro-Dienstwagen<\/a><br \/>\n<span class='azc_bbc_italic'>&#8222;Die gro\u00dfe Koalition plant, Elektro- und Hybridfahrzeuge bei der Besteuerung von Dienstwagen zu beg\u00fcnstigen. Das geht aus einem Gesetzentwurf hervor, \u00fcber den auch SPIEGEL ONLINE berichtet. Wie aus Regierungskreisen verlautete, werden f\u00fcr Bund und L\u00e4nder insgesamt Steuermindereinnahmen von 2 Milliarden Euro erwartet&#8220;<\/span>, berichtet das Manager-Magazin.<\/p>\n<p>Absolut konsequent, denn nach den Steuergeschenken f\u00fcr Besserverdiener, die sich auf Steuerzahlerkosten neben ihrem Alltags-SUV noch einen schicken Elektro-Zweitwagen stellen k\u00f6nnen, werden jetzt nat\u00fcrlich auch noch Grosskonzerne mit Dienstwagenflotte beschenkt. Wenn denen im Gegenzug wenigstens Verg\u00fcnstigungen f\u00fcr Benziner und Diesel gestrichen w\u00fcrden, k\u00f6nnte man dies ja vielleicht sogar akzeptieren. Aber so ist es eine weitere Veruntreuung von Steuergeld in Milliardenh\u00f6he.<\/p>\n<p>Aber hey: Ordentliche Geh\u00e4lter f\u00fcr Kitaangestellte oder Pflegekr\u00e4fte sind nat\u00fcrlich nicht finanzierbar. Das sollte doch wohl jeder einsehen <img class='azc_bbc_image' src='https:\/\/www.rume.de\/smilies\/sarkasm.gif'  \/><\/p>\n<p><a href='https:\/\/www.jungewelt.de\/artikel\/337102.html' class='azc_bbc_url'>Verfassungsschutz-Pr\u00e4sident Maa\u00dfen dementiert Hilfe f\u00fcr AfD<\/a><br \/>\nUnd genau das ist ja schliesslich auch sein Job: Alles dementieren, was ihm noch nicht komplett um die Ohren geflogen ist:<\/p>\n<p>&#8211; V-Leute bei der NPD? Dementiert!<br \/>\n&#8211; Der NSU geholfen? Dementiert!<br \/>\n&#8211; Akten geschreddert? Dementiert!<\/p>\n<p>Und jetzt dementiert man nat\u00fcrlich auch, dass man der AfD hilfreich zur Seite steht <img class='azc_bbc_image' src='https:\/\/www.rume.de\/smilies\/sarkasm.gif'  \/><\/p>\n<p>Allerdings hab auch ich einen Fehler gemacht, als ich gestern schrieb, dass die AfD im gesamten Verfassungsschutzbericht nicht auftaucht. Das stimmt so nicht ganz, denn die AfD taucht dort n\u00e4mlich doch auf. Aber nicht als rechtsextreme Gefahr, sondern ganz im Gegenteil als zu besch\u00fctzende Demokraten. Schliesslich gibt es &#8222;b\u00f6se Linke&#8220; (z.B der DGB, die SPD, diverse Betriebsr\u00e4te usw.), die nach Meinung des Verfassungsschutzes &#8222;zu extrem&#8220; gegen die AfD demonstrieren.<\/p>\n<p><a href='https:\/\/www.deutschlandfunk.de\/gilles-reckinger-bittere-orangen-sklaverei-in-europa.700.de.html?dram:article_id=424382' class='azc_bbc_url'>Bittere Orangen: Sklaverei in Italien<\/a><br \/>\n<a href='http:\/\/www.facing-finance.org\/de\/2018\/07\/pressemitteilung-deutsches-geld-fuer-kriege-im-nahen-und-mittleren-osten' class='azc_bbc_url'>Blutige Renditejagd: Deutsches Geld f\u00fcr Kriege im Nahen und Mittleren Osten<\/a><br \/>\n<a href='http:\/\/www.tagesschau.de\/ausland\/saudi-arabien-ruestung-aus-deutschland-101.html' class='azc_bbc_url'>Deutsche R\u00fcstungsexporte: Ersatzteile f\u00fcr saudischen Krieg im Jemen<\/a><br \/>\n<a href='https:\/\/www.zdf.de\/politik\/frontal-21\/griechenland-krank-gespart-100.html' class='azc_bbc_url'>Krank gespart: Griechenland nach acht Jahren Troika<\/a><br \/>\n<a href='https:\/\/www.infosperber.ch\/Artikel\/Wirtschaft\/Senegal-wie-Uberfischung-ein-Land-ruiniert' class='azc_bbc_url'>Senegal: Wie \u00dcberfischung ein Land ruiniert<\/a><br \/>\n<a href='https:\/\/deutsch.rt.com\/gesellschaft\/73721-falsche-westliche-agrarpolitik-in-afrika-verschaerft-fluechtlingskrise' class='azc_bbc_url'>Wie die westliche Agrarpolitik in Afrika die Fl\u00fcchtlingskrise versch\u00e4rft<\/a><br \/>\n<a href='https:\/\/www.heise.de\/tp\/features\/Ukraine-Der-Schuldenberg-waechst-Loehne-und-Renten-sinken-4121340.html' class='azc_bbc_url'>Nach Regime-Change in der Ukraine: Schuldenberg w\u00e4chst, L\u00f6hne und Renten sinken<\/a><br \/>\n<a href='https:\/\/www.heise.de\/newsticker\/meldung\/Hitze-und-Duerre-Klimabericht-fuer-2017-zeigt-deutliche-Trends-der-Erwaermung-4127056.html' class='azc_bbc_url'>Hitze und D\u00fcrre: Klimabericht f\u00fcr 2017 zeigt globale Trends der Erw\u00e4rmung<\/a><br \/>\n<a href='http:\/\/www.faz.net\/aktuell\/gesellschaft\/menschen\/ein-interview-ueber-zerstoerte-karibik-inseln-voller-plastikmuell-15709145.html' class='azc_bbc_url'>Plastikm\u00fcll: Karibik-Inseln sind kein Paradies, sondern ein Krisengebiet<\/a><\/p>\n<p>Das sind nur mal ein paar schnelle Schlagzeilen von dieser Woche! Kann es sein, dass die Verursacher f\u00fcr Flucht und Elend sich hierzulande jeden Morgen im Spiegel begr\u00fcssen k\u00f6nnen? Und wird dagegen die teure Kampagne der Bundesregierung helfen, die <a href='https:\/\/netzpolitik.org\/2018\/migration-so-will-das-auswaertige-amt-menschen-von-der-flucht-nach-deutschland-abbringen' class='azc_bbc_url'>eine eigene (Fake-News-)Webseite zur Fl\u00fcchtlingsabschreckung<\/a> online stellt? Oder wird dagegen eine immer teurere und menschenverachtendere Abschottung helfen? Oder m\u00fcsste man nicht \u00fcber ganz andere Themen diskutieren?<\/p>\n<p>Dieses Thema beispielsweise:<\/p>\n<p><a href='https:\/\/www.heise.de\/tp\/features\/Earth-Overshoot-4126936.html' class='azc_bbc_url'>Earth Overshoot: Die Menschheit wirtschaftet sich zu Tode<\/a><br \/>\nTELEPOLIS berichtet: <span class='azc_bbc_italic'>&#8222;Mehr als drei Erden w\u00e4ren n\u00f6tig, wenn die gesamte Weltbev\u00f6lkerung auf dem hohen Konsumniveau von Deutschland leben w\u00fcrde. Das ist das Ergebnis von Berechnungen der Organisation &#8222;Global Footprint Network&#8220;, die allj\u00e4hrlich den <a href='https:\/\/de.wikipedia.org\/wiki\/Earth_Overshoot_Day' class='azc_bbc_url'>&#8220;Earth Overshoot Day&#8220;<\/a> mithilfe des \u00d6kologischen Fu\u00dfabdrucks berechnet. F\u00fcr Deutschland ist dies bereits der 2. Mai, global betrachtet der 1. August des Jahres. Das Res\u00fcmee lautet so: Wir alle zusammen auf diesem Planeten haben zum Stichtag bereits die Ressourcen verbraucht, die eigentlich f\u00fcr das ganze Jahr h\u00e4tten reichen m\u00fcssen.<\/p>\n<p>Wir sto\u00dfen beispielsweise mehr Kohlendioxid aus, als W\u00e4lder und Ozeane absorbieren k\u00f6nnen, fischen schneller, als sich die Best\u00e4nde erholen, oder f\u00e4llen mehr B\u00e4ume als nachwachsen. K\u00f6nnte man beispielsweise allein die Nahrungsmittelabf\u00e4lle weltweit halbieren, w\u00fcrde der Earth Overshoot Day elf Tage sp\u00e4ter stattfinden. Eine Halbierung des CO2-Aussto\u00dfes w\u00fcrde das kritische Datum um 89 Tage verschieben. Doch w\u00e4ren das durchschlagende L\u00f6sungen?&#8220;<\/span> <a href='https:\/\/www.heise.de\/tp\/features\/Earth-Overshoot-4126936.html' class='azc_bbc_url'>Weiterlesen&#8230;<\/a><\/p>\n<p><a href='http:\/\/www.migazin.de\/2018\/07\/31\/aufnahmezentrum-bamberg-asylbewerber-klo-privatsphaere' class='azc_bbc_url'>Vorzeigelager Bamberg: Ein Klo f\u00fcr 20 Asylbewerber und n\u00e4chtliche Polizeibesuche<\/a><br \/>\n<span class='azc_bbc_italic'>&#8222;Die Aufnahmeeinrichtung Oberfranken f\u00fcr Fl\u00fcchtlinge in Bamberg hat f\u00fcr Bundesinnenminister Seehofer Modellcharakter (!) f\u00fcr die geplanten Ankerzentren&#8220;<\/span>, so der Bericht, der danach ausf\u00fchrt, wie modern und vorbildlich man in Deutschland inzwischen wieder Kontrollierte Zentren betreibt.<\/p>\n<p>1.400 Menschen in einer Ex-Kaserne zusammengepfercht, ohne Privatsph\u00e4re, keine abschliessbaren R\u00e4ume, keine Schliessf\u00e4cher &#8211; Privateigentum ist v\u00f6llig ungesch\u00fctzt und wird oft geklaut. Journalisten wird &#8222;sicherheitshalber&#8220; der Zutritt verwehrt. Alle paar Tage brettert die Polizei mit Blaulicht ins Lager und holt ein paar Menschen aus ihren Betten, um sie abzuschieben. Zitat: <span class='azc_bbc_italic'>&#8222;Diese st\u00e4ndige Angst, verbunden mit der Perspektivlosigkeit, ver\u00e4ndere die Bewohner&#8220;, sagt Elsel: &#8222;Es ist absolut erschreckend, was in einem einzigen Jahr aus den Menschen wird.&#8220; Immer wieder erz\u00e4hlt man ihr von Suizidversuchen.&#8220;<\/span><\/p>\n<p>In den deutschen Fl\u00fcchtlingslagern kommt es bereits heute schon regelm\u00e4ssig zu Selbstmorden und Selbstmordversuchen. Allein Hamburg hat im vergangenen Jahr 62 Selbstmordversuche gez\u00e4hlt, Bremen weitere 50. Andere Bundesl\u00e4nder erfassen die Zahlen &#8222;sicherheitshalber&#8220; gar nicht erst. <span class='azc_bbc_italic'>&#8222;Es ist nicht erw\u00fcnscht, dass in Deutschland bekannt wird, wie menschenverachtend es schon heute in unseren Fl\u00fcchtlingslagern vorgeht&#8220;<\/span>, <a href='https:\/\/www.rume.de\/2018\/07\/12\/aufgelesen-und-kommentiert-2018-07-12' class='azc_bbc_url'>so ein Sprecher<\/a>.<\/p>\n<p>Und so passiert, was in Deutschland immer passiert, wenn es Konzentrationslager gibt: Die Deutschen haben von all dem nichts gewusst.<\/p>\n<p><a href='http:\/\/www.wsws.org\/de\/articles\/2018\/08\/02\/lagr-a02.html' class='azc_bbc_url'>Gro\u00dfe Koalition errichtet Lagersystem f\u00fcr Fl\u00fcchtlinge<\/a><br \/>\n<span class='azc_bbc_italic'>&#8222;Gestern wurden sieben Erstaufnahmeeinrichtungen f\u00fcr Fl\u00fcchtlinge in Bayern in sogenannte <a href='https:\/\/neusprech.org\/ankerzentrum' class='azc_bbc_url'>&#8220;Ankerzentren&#8220;<\/a> umgewandelt, in denen fortan alle Schutzsuchenden verbleiben m\u00fcssen, bis sie abgeschoben werden oder einen Aufenthaltsstatus erhalten. Mit diesem menschenverachtenden Lagersystem setzt die Bundesregierung die rechtsradikale Fl\u00fcchtlingspolitik der AfD in die Tat um. Die bayrischen Lager sollen laut Koalitionsvertrag auf das gesamte Bundesgebiet ausgeweitet werden.<\/p>\n<p>Die Bilder der Ankerzentren rufen unweigerlich Erinnerungen an die dunkelsten Kapitel der deutschen Geschichte wach. Umgeben von hohen Z\u00e4unen, die mit mehreren Reihen Stacheldraht bewehrt sind, sollen je Lager 1000 bis 1500 Menschen diszipliniert und von der Gesellschaft isoliert werden. Die Tore sind schwer bewacht und lassen niemanden ungesehen passieren, den Bewohnern der Lager werden grundlegende Rechte aberkannt.&#8220;<\/span> <a href='http:\/\/www.wsws.org\/de\/articles\/2018\/08\/02\/lagr-a02.html' class='azc_bbc_url'>Weiterlesen&#8230;<\/a><\/p>\n<p>Tja Leute, mal schauen, wann in Deutschland auch weitere &#8222;Subjekte&#8220; wieder in Lager deportiert werden. Obdachlose, selbstverschuldete F\u00fcrsorgeempf\u00e4nger, Bettler, Landstreicher, kinderreiche Familien aus den sozialen Unterschichten, Arbeitsscheue, Alkoholiker &#8211; <a href='https:\/\/de.wikipedia.org\/wiki\/Asoziale_(Nationalsozialismus)#Diskriminierte_Gruppen' class='azc_bbc_url'>die Liste ist bekannt<\/a> und muss noch nicht einmal grossartig erneuert werden. Sie passt auch heute noch.<\/p>\n<p>Als sie Arbeitslose verhetzten und in die Armut schickten, habe ich nichts gesagt, denn ich war ja kein Arbeitsloser.<br \/>\nAls sie Rentnern die Altersvorsorge bis unter die Armutsgrenze k\u00fcrzten, sagte ich nichts, denn ich war ja kein Rentner.<br \/>\nAls sie die Fl\u00fcchtlinge einsperrten und ihrer Menschenrechte beraubten, sagte ich nichts, denn ich war ja kein Fl\u00fcchtling.<br \/>\nAls Rechtsextreme wieder Jagd auf Linke machten und dabei straflos blieben, sagte ich nichts, denn ich war ja kein Linker.<br \/>\nAls die Polizei grundlos Proteste zusammenschlug und dabei straflos blieb, sagte ich nichts, denn ich bin ja kein Demonstrant.<br \/>\nAls die Sicherheitsbeh\u00f6rden immer mehr Befugnisse bekamen, sagte ich nichts, denn ich hielt mich nicht f\u00fcr kriminell.<br \/>\nAls wieder schwarze Wagen in die Siedlung fuhren und Nachbarn abholten, sagte ich nichts, denn ich wollte unbehelligt bleiben.<\/p>\n<p>Das ist die deutsche Geschichte, aus der man lernen kann. Nein, MUSS! Aber passiert das auch?<\/p>\n<p><a href='https:\/\/www.mittelbayerische.de\/region\/regensburg-stadt-nachrichten\/aufatmen-nach-terrorverdacht-am-dom-21179-art1675913.html' class='azc_bbc_url'>Regensburg: Aufatmen nach Terrorverdacht am Dom<\/a><br \/>\nArabisches Aussehen mit Kopfh\u00f6rer und Wasserflasche dabei = TERRORPANIK in Bayern, Einsatzhundertschaften mit gezogenen Waffen und Vollsperrung der Innenstadt. Wir haben es echt weit gebracht dank der pausenlosen Talkshow- und Massenmedien-Propaganda \u00fcber Fl\u00fcchtlinge, Islam und Kriminalit\u00e4t (was stets zusammen genannt wird). Inzwischen kann man nicht einmal mehr in der \u00d6ffentlichkeit ein bisschen Musik h\u00f6ren, wenn man &#8222;anders&#8220; aussieht. <a href='http:\/\/blog.fefe.de\/?ts=a59c2ff1' class='azc_bbc_url'>[i](via)[\/i]<\/a><\/p>\n<p>Nur mal zur Info: Jedes Jahr gibt es 300 bis 400 Morde in Deutschland. Jeden Tag einen Mord, von denen rund 70 Prozent unter Bekannten (!) durchgef\u00fchrt wird. Die Frage ist also: \u00dcber welche Morde wird in unserer keinesfalls gleichgeschalteten und schon gar nicht rassistischen Qualit\u00e4tspresse berichtet &#8211; und \u00fcber welche nicht?<\/p>\n<p>Und zu guter Letzt:<\/p>\n<p><a href='https:\/\/twitter.com\/extra3\/status\/1024961368074739712' class='azc_bbc_url'>Bundeslandwirtschaftsministerin Kl\u00f6ckner (CDU) zur D\u00fcrre in Deutschland<\/a><br \/>\n<img class='azc_bbc_image' src='https:\/\/www.rume.de\/smilies\/sarkasm.gif'  \/><\/p>\n","protected":false},"excerpt":{"rendered":"<p>\/ Pflegest\u00e4rkungsgesetz: So wird das nichts \/ Warum in Deutschland 300.000 Kitapl\u00e4tze fehlen \/ Bundesregierung plant Steuergeschenk f\u00fcr Elektro-Dienstwagen \/ Verfassungsschutz-Pr\u00e4sident Maa\u00dfen dementiert Hilfe f\u00fcr AfD \/ Ein paar schnelle Schlagzeilen von dieser Woche! \/ Earth Overshoot: Die Menschheit wirtschaftet sich zu Tode \/ Vorzeigelager Bamberg: Ein Klo f\u00fcr 20 Asylbewerber und n\u00e4chtliche Polizeibesuche \/ &hellip; <a href=\"https:\/\/www.rume.de\/?p=770\" class=\"more-link\"><span class=\"screen-reader-text\">\u201eAufgelesen und kommentiert 2018-08-02\u201c <\/span>weiterlesen<\/a><\/p>\n","protected":false},"author":1,"featured_media":0,"comment_status":"open","ping_status":"closed","sticky":false,"template":"","format":"standard","meta":{"footnotes":""},"categories":[2],"tags":[],"class_list":["post-770","post","type-post","status-publish","format-standard","hentry","category-aufgelesen"],"_links":{"self":[{"href":"https:\/\/www.rume.de\/index.php?rest_route=\/wp\/v2\/posts\/770","targetHints":{"allow":["GET"]}}],"collection":[{"href":"https:\/\/www.rume.de\/index.php?rest_route=\/wp\/v2\/posts"}],"about":[{"href":"https:\/\/www.rume.de\/index.php?rest_route=\/wp\/v2\/types\/post"}],"author":[{"embeddable":true,"href":"https:\/\/www.rume.de\/index.php?rest_route=\/wp\/v2\/users\/1"}],"replies":[{"embeddable":true,"href":"https:\/\/www.rume.de\/index.php?rest_route=%2Fwp%2Fv2%2Fcomments&post=770"}],"version-history":[{"count":1,"href":"https:\/\/www.rume.de\/index.php?rest_route=\/wp\/v2\/posts\/770\/revisions"}],"predecessor-version":[{"id":771,"href":"https:\/\/www.rume.de\/index.php?rest_route=\/wp\/v2\/posts\/770\/revisions\/771"}],"wp:attachment":[{"href":"https:\/\/www.rume.de\/index.php?rest_route=%2Fwp%2Fv2%2Fmedia&parent=770"}],"wp:term":[{"taxonomy":"category","embeddable":true,"href":"https:\/\/www.rume.de\/index.php?rest_route=%2Fwp%2Fv2%2Fcategories&post=770"},{"taxonomy":"post_tag","embeddable":true,"href":"https:\/\/www.rume.de\/index.php?rest_route=%2Fwp%2Fv2%2Ftags&post=770"}],"curies":[{"name":"wp","href":"https:\/\/api.w.org\/{rel}","templated":true}]}}