{"id":766,"date":"2018-07-31T23:40:23","date_gmt":"2018-07-31T21:40:23","guid":{"rendered":"https:\/\/rume.inrieda.de\/?p=766"},"modified":"2018-07-31T23:40:23","modified_gmt":"2018-07-31T21:40:23","slug":"aufgelesen-und-kommentiert-2018-07-31","status":"publish","type":"post","link":"https:\/\/www.rume.de\/?p=766","title":{"rendered":"Aufgelesen und kommentiert 2018-07-31"},"content":{"rendered":"<p>\/ Hartz-IV: Stadt zockt erneut Bettler ab<br \/>\n\/ Berliner Sozialgericht: BAf\u00f6G-Sch\u00fcler soll Zelt auf Balkon untervermieten<br \/>\n\/ Niemand will mehr beim gleichen Arbeitgeber alt werden<br \/>\n\/ Rente: Wie lange wir k\u00fcnftig arbeiten m\u00fcssen<br \/>\n\/ Parteispenden: CDU kassiert weitere 400.000 Euro Schmiergeld<br \/>\n\/ Halberg Guss: IG Metall w\u00fcrgt Arbeitskampf ab<br \/>\n\/ NZZ \u00fcber den Fall Mesut \u00d6zil: \u00abScheinheilig\u00bb<br \/>\n\/ #metwo: Einfach mal zuh\u00f6ren<br \/>\n\/ 1.500 Tote im Mittelmeer &#8211; Doch EU treibt Abschottung voran<br \/>\n\/ DIE LINKE deckt auf: Deutsche R\u00fcstungsexporte f\u00fcr saudischen Krieg im Jemen<br \/>\n\/ Linkspartei und Einwanderungsgesetz<br \/>\n\/ Seebr\u00fccke: Tausende Demonstranten in 20 St\u00e4dten &#8211; und die Presse schweigt<br \/>\n\/ Erd\u00fcberlastungstag 2018: Deutschland \u00fcberzieht sein Umweltkonto<br \/>\n\/ Klimawandelleugner<\/p>\n<p>&#8212;<\/p>\n<p><!--more--><\/p>\n<p><a href='https:\/\/www.huffingtonpost.de\/entry\/ausbeutung-von-hartz-iv-empfaengern-bettler-jan_de_5b5ef31ae4b0b15aba9ae417' class='azc_bbc_url'>Hartz-IV: Stadt zockt erneut Bettler ab<\/a><br \/>\nEin Erwerbsloser bettelt um etwas Geld, um f\u00fcr seine letzte noch verbliebene soziale Bindung &#8211; sein elf Jahre alter Yorkshire-Mischling Lussy &#8211; entsprechend Futter und Tierarztbesuche bezahlen zu k\u00f6nnen. Ein Jobcenter-Mitarbeiter sieht das Hartz4-Opfer betteln und schl\u00e4gt direkt zu: Es werden 42 Monate des Bettelns angenommen und direkt 3.200 Euro zur\u00fcckgefordert und der Regelsatz sofort um 100 Euro gek\u00fcrzt. Einfach nur aufgrund des Vorwurfs.<\/p>\n<p>Im Klartext: Das Existenzminimum (!) wird einem weggenommen ohne Beweise, geschweige denn einem Gerichtsurteil. DAS ist Hartz4! Ein System, in dem das Opfer (!) seine Unschuld beweisen muss, um sein Existenzminimum (!) zur\u00fcck zu bekommen. Wohlgemerkt: Alles durchgewunken vom Bundesvrfassungsgericht, inklusive der absichtlich kleingerechneten H\u00f6he des Regelsatzes.<\/p>\n<p>Artikel 1 des Grundgesetzes? <img class='azc_bbc_image' src='https:\/\/www.rume.de\/smilies\/laugh.gif'  \/> Hat f\u00fcr das Bundesverfassungsgericht keinerlei Relevanz, wenn es um die Opfer des kapitalistischen Systems geht. F\u00fcr diese Bev\u00f6lkerungsgruppe steht die Menschenw\u00fcrde unter Finanzierungsvorbehalt. Und die Vorg\u00e4nger unserer heutigen Klassenjustiz haben die Opfer des Kapitalismus auch noch ganz deutlich als &#8222;unwertes Leben&#8220; bezeichnet. Das spricht unser &#8222;modernes&#8220; Bundesverfassungsgericht so offen nicht mehr aus. Deren Urteile atmen aber imo noch denselben Geist.<\/p>\n<p>Dazu passt auch:<\/p>\n<p><a href='https:\/\/www.berliner-zeitung.de\/berlin\/vorschlag-vom-berliner-sozialgericht-bafoeg-schueler-soll-zelt-auf-balkon-untervermieten-31030438' class='azc_bbc_url'>Berliner Sozialgericht: BAf\u00f6G-Sch\u00fcler soll Zelt auf Balkon untervermieten<\/a><br \/>\nIch habs sicherlich schon hundertmal geschrieben (und verlinkt), dass es politisch nicht gewollt ist, armen Menschen zu helfen, sondern stattdessen ausdr\u00fccklich in den Sozialgesetzen steht, dass &#8222;deren Kosten&#8220; so gering wie m\u00f6glich sein m\u00fcssen. Und die Justiz (und insbesondere die deutsche Justiz) hat sich stets daran gehalten, was die Regierung befohlen hat.<\/p>\n<p>Insofern \u00fcberrascht auch dieses Urteil des Berliner Sozialgerichts wenig, die einem Sch\u00fcler, der wegen der explodierenden Mietkosten eine h\u00f6here Baf\u00f6g-Unterst\u00fctzung einforderte, nur auslacht und zuwirft: &#8222;Vermiete doch deine Couch im Wohnzimmer.&#8220;<\/p>\n<p>Glaubt ihr nicht? Dann lest mal (Zitat): <span class='azc_bbc_italic'>&#8222;Das Sozialgericht der Hauptstadt hat jetzt einen Sch\u00fcler aufgefordert, Teile seiner gerade einmal 28 Quadratmeter kleinen Wohnung unterzuvermieten. Allen Ernstes verweisen die Richter auf eine WG-Anzeige, in der Schlafpl\u00e4tze in einem Zelt auf einem K\u00fcchenbalkon f\u00fcr 260 Euro angeboten wurden. F\u00fcr den selben Preis, so die Richter, k\u00f6nnte man auch eine Couch untervermieten. Das sei &#8222;m\u00f6glich und wirtschaftlich interessant&#8220;: Bis zu 39 Euro f\u00fcr einen Tag k\u00f6nne man damit erzielen. Bei sparsamer Lebensweise werde der Sch\u00fcler so \u00fcber die Runden kommen.&#8220;<\/span><\/p>\n<p>Kinnlade wieder zu? Gut, denn die Geschichte geht noch weiter. Der Sch\u00fcler ist n\u00e4mlich ein ehemaliger Asylbewerber. Und DAS rundet das Bild von Deutschland dann auch perfekt nach unten ab.<\/p>\n<p>Aber das unsere Justiz hierzulande Menschen als &#8222;unwertes Leben&#8220; unter Finanzierungsvorbehalt stellt &#8211; solche infamen Behauptungen k\u00f6nnen wirklich nur von linken Zecken stammen <img class='azc_bbc_image' src='https:\/\/www.rume.de\/smilies\/sarkasm.gif'  \/><\/p>\n<p><a href='https:\/\/www.handelsblatt.com\/unternehmen\/beruf-und-buero\/22860724.html' class='azc_bbc_url'>Niemand will mehr beim gleichen Arbeitgeber alt werden<\/a><br \/>\nUnd das behauptet wer? Der Chef der Leihsklavenvermittlung ADECCO <img class='azc_bbc_image' src='https:\/\/www.rume.de\/smilies\/laugh.gif'  \/><\/p>\n<p>Und deren Chef plaudert dann auch fr\u00f6hlich aus dem N\u00e4hk\u00e4stchen der eigenen Erfahrungen: <span class='azc_bbc_italic'>&#8222;Bei uns bleiben die Leute ja auch nicht lange, sondern suchen schnell das Weite, sobald sie in einer vern\u00fcnftigen Firma unterkommen k\u00f6nnen&#8220;<\/span>, so die Realit\u00e4t f\u00fcr hunderttausende Leihsklaven &#8211; was man aber mit Neusprech wie &#8222;projektorientiertes Arbeiten&#8220; und &#8222;Trend zur Selbstst\u00e4ndigkeit&#8220; in Pralinenpapier zu stopfen versucht.<\/p>\n<p>So einfach kann man Ursache und Wirkung vertauschen &#8211; und das &#8222;Arbeiten bis zum Umfallen zum Hungerlohn&#8220; zu einem h\u00fcbscher klingenden &#8222;in Europa verlangt die junge Generation mehr Freiheit und Flexibilit\u00e4t&#8220; umetikettieren. Und unsere kapitalistische Systempresse steht sofort Gewehr bei Fuss und kackt dieses Wanderarbeiter-Modell aus dem Mittelalter direkt als &#8222;moderne Flexibilit\u00e4t&#8220; in ihre Zeitung. Die Verkaufszahlen der Systempresse sind eben immer noch nicht tief genug gesunken.<\/p>\n<p><a href='https:\/\/www.deutschlandfunk.de\/in-rente-mit-72-wie-lange-wir-kuenftig-arbeiten-muessen.724.de.html?dram:article_id=424186' class='azc_bbc_url'>Rente: Wie lange wir k\u00fcnftig arbeiten m\u00fcssen<\/a><br \/>\nErh\u00f6hung des Rentenalters-Propaganda die Achttausendvierhundertsechzehnte <img class='azc_bbc_image' src='https:\/\/www.rume.de\/smilies\/nasiehste.gif'  \/><\/p>\n<p>Dabei ist den tats\u00e4chlich informierten Menschen l\u00e4ngst klar: Es gibt KEINE \u00f6konomische Begr\u00fcndung daf\u00fcr, ob wir erst mit 65, 67 oder 70 Jahren in Rente gehen m\u00fcssen, sondern nur unterschiedliche Interessen. Wenn jeder in VOLLER H\u00f6he von seinem GESAMTEN Einkommen in die Rentenkasse einzahlen m\u00fcsste, w\u00e4re sogar eine Rente ab 50 finanzierbar. Das ist eine reine Umverteilungsfrage. Doch die obersten 10 Prozent wollen aber lieber ihrer nie zu befriedigenden Habgier nachgehen. Also schicken sie ihre gekauften Politiker und Lobbyisten los und lassen unser Rentenalter immer weiter in die H\u00f6he treiben.<\/p>\n<p>Die gesamte Rentendebatte, die immer so tut, als ob das ausgezahlte Rentengeld danach einfach weg w\u00e4re, ist dermassen dumm, dass man an den Verstand der gesamten deutschen Qualit\u00e4tsjournaille zweifeln k\u00f6nnte. Geld ist n\u00e4mlich niemals weg, sondern immer in Bewegung. Ein Kreislauf eben &#8211; ausser, die obersten 10 Prozent hocken auf ihren gerafften Geldbergen und r\u00fccken davon nichts mehr f\u00fcr soziale Massnahmen heraus. Dieses Geld ist dann nicht mehr im Umlauf und fehlt dann nat\u00fcrlich f\u00fcr ordentliche Renten (und auch L\u00f6hne und Sozialleistungen).<\/p>\n<p>Die H\u00f6he unseres Renteneintrittsalters liegt einzig und allein am politischen Willen der Bundesregierung. Und wenn weit \u00fcber 80 Prozent der W\u00e4hler sich f\u00fcr kapitalistische Parteien entscheiden, dann m\u00fcssen sie eben auch mit einem &#8222;marktkonformen Renteneintrittsalter&#8220; klarkommen, welches nat\u00fcrlich immer menschenverachtender wird <img class='azc_bbc_image' src='https:\/\/www.rume.de\/smilies\/nasiehste.gif'  \/><\/p>\n<p><a href='https:\/\/www.bundestag.de\/parlament\/praesidium\/parteienfinanzierung\/fundstellen50000\/2018' class='azc_bbc_url'>Parteispenden: CDU kassiert weitere 400.000 Euro Schmiergeld<\/a><br \/>\nDie Oligarchen Quandt und Klatten schieben nochmal 150.000 Euro nach, nachdem sie drei Wochen zuvor die CDU bereits mit 100.000 Euro abschmierten. Und wenn man sich schon Schmieren l\u00e4sst, schiebt der Multimilliard\u00e4r und Ex-BDI-Pr\u00e4sident Langmann auch nochmal lachend 260.000 Euro in die Partei der schwarzen Kassen.<\/p>\n<p>Die beste Demokratie, die sich die Reichen kaufen k\u00f6nnen.<\/p>\n<p><a href='http:\/\/www.wsws.org\/de\/articles\/2018\/07\/31\/halb-j31.html' class='azc_bbc_url'>Halberg Guss: IG Metall w\u00fcrgt Arbeitskampf ab<\/a><br \/>\n<span class='azc_bbc_italic'>&#8222;Just zu dem Zeitpunkt, an dem der Streik ernste Auswirkungen auf breite Teile der Auto-und Fahrzeugindustrie f\u00fcr Bau- und Landwirtschaftsmaschinen zu zeigen begann, w\u00fcrgt die IG Metall den Streik ab und springt den Unternehmen zur Seite.<\/p>\n<p>Am Freitag, dem 20. Juli, schalteten 22 Unternehmen auf Initiative der K\u00f6lner Deutz AG, die Motoren f\u00fcr Bau- und Landwirtschaftsfahrzeuge herstellt, eine ganzseitige Anzeige in mehreren Zeitungen, in denen sie die IG Metall dazu aufrief, den Streik zu beenden. &#8222;Aufruf zur Beendigung des Streiks bei Halberg&#8220; lautete die \u00dcberschrift. Darunter in nur etwas kleineren Lettern: &#8222;Setzen Sie dem Wahnsinn ein Ende!&#8220;<\/p>\n<p>Hintergrund ist, dass Deutz und deren Kunden in der weiteren Lieferkette aufgrund des Streiks bei NHG vor Produktionsschwierigkeiten stehen. Bei Deutz w\u00fcrde ein Produktionsstopp kurz bevorstehen, erkl\u00e4rte ein Unternehmenssprecher. Dies betr\u00e4fe direkt auch die anderen 21 Unternehmen, allesamt Kunden von Deutz. Andere Kunden der NHG wie VW und Opel haben teilweise Werksferien vorgezogen oder Produktionspl\u00e4ne ge\u00e4ndert, im Opel-Werk Eisenach sind f\u00fcr Juli geplante Schlie\u00dftage in den Juni vorgezogen worden. Auch Volvo hatte bei der Bekanntgabe seiner Halbjahreszahlen im LKW-Bau mitgeteilt, dass seine Produktion in den n\u00e4chsten Quartalen durch den NHG-Streik niedriger ausfallen k\u00f6nnte. &#8222;Wir w\u00fcrden uns w\u00fcnschen, dass man sich auf einen Schlichter einigt, dann w\u00fcrde wieder Friedenspflicht herrschen, und die Produktion k\u00f6nnte wieder anlaufen&#8220;, sagte der Deutz-Sprecher zum Streik bei NHG.<\/p>\n<p>Die IG Metall erkl\u00e4rte laut einem Bericht der Onlineausgabe der WELT, dass man Deutz &#8222;schon vor Monaten, als sich der Konflikt abzeichnete&#8220;, signalisiert habe, &#8222;dass es sich lohnen k\u00f6nnte, mehr Teile als \u00fcblich einzulagern&#8220;. Daher konnte der Streik sechs Wochen lang durchgef\u00fchrt werden ohne, dass er gr\u00f6\u00dfere Auswirkungen auf die Produktion der gro\u00dfen Automobilherstellern hatte. Nachdem jetzt aber der Teilevorrat aufgebraucht ist und in absehbarer Zeit auch VW vom Lieferstopp betroffen w\u00e4re, eilt die IG Metall den Unternehmen zur Hilfe und w\u00fcrgt den Streik ab.&#8220;<\/span> <a href='http:\/\/www.wsws.org\/de\/articles\/2018\/07\/31\/halb-j31.html' class='azc_bbc_url'>Weiterlesen&#8230;<\/a><\/p>\n<p><a href='https:\/\/www.infosperber.ch\/Artikel\/Medien\/NZZ-uber-den-Fall-Mesut-Ozil-Scheinheilig' class='azc_bbc_url'>NZZ \u00fcber den Fall Mesut \u00d6zil: \u00abScheinheilig\u00bb<\/a><br \/>\nIn aller Stille hat das Bundeswirtschaftsministerium einen Teil der Sanktionen gegen die T\u00fcrkei auslaufen lassen. Sie waren als Druckmittel gegen die Erdogan-Regierung gedacht. Aufgehoben wurde insbesondere die Obergrenze f\u00fcr staatliche Exportgarantien, sogenannte Hermes-B\u00fcrgschaften. <span class='azc_bbc_italic'>&#8222;Zu eng und kostbar seien die gegenseitigen Wirtschaftsbeziehungen&#8220;<\/span>, berichtet man &#8211; was erneut deutlich macht: Im Kapitalismus geht es nicht um Freiheit und Menschenrechte. Es geht um h\u00f6here Werte: Um den Profit!<\/p>\n<p>Die NZZ kommentiert dies mit: <span class='azc_bbc_italic'>&#8222;Kann man einem Fussballer, der sich mit Erdogan trifft, ernsthaft vorwerfen, &#8222;deutsche Werte&#8220; zu verraten, w\u00e4hrend deutsche Unternehmen Panzer und Maschinen an den Despoten verkaufen?&#8220;<\/span><\/p>\n<p>Treffend formuliert, denn ab wann genau wird denn ein Regierungspolitiker als &#8222;b\u00f6se&#8220; eingestuft? Nicht nur die Griechen bewerten Merkel anders als unsere Qualit\u00e4tspresse, sondern ganz sicher auch die Kurden. Und die realpolitischen Unterschiede zwischen dem lautstarken Trump und dem alleswegl\u00e4chelnden Obama muss man auch mit dem Mikroskop suchen. Und die Syrer bewerten Macron sicherlich auch anders, als unsere Natozeitungen.<\/p>\n<p><a href='http:\/\/www.taz.de\/!5520297' class='azc_bbc_url'>#metwo: Einfach mal zuh\u00f6ren<\/a><br \/>\nUnter dem Hashtag #metwo berichten Menschen seit Tagen \u00fcber ihre Erfahrungen mit Rassismus und diskriminierende Alltagssituationen. Die Debatte hat ein breites Echo ausgel\u00f6st, wird jedoch von vielen destruktiven, relativierenden und verharmlosenden Beitr\u00e4gen vergiftet. Das zeigt: Immer noch viel zu viele Deutsche haben selbst nach dem eindeutig formulierten R\u00fccktrittsgrund von Mesut \u00d6zil offen gezeigt, dass sie sich mit dem Thema Rassismus und den eigenen Privilegien gar nicht auseinandersetzen wollen.<\/p>\n<p>Aus der Geschichte lernt man eben &#8211; oder man ist Deutscher.<\/p>\n<p><a href='http:\/\/www.wsws.org\/de\/articles\/2018\/07\/31\/flue-j31.html' class='azc_bbc_url'>1.500 Tote im Mittelmeer &#8211; Doch EU treibt Abschottung voran<\/a><br \/>\n<span class='azc_bbc_italic'>&#8222;Nach offiziellen Angaben der Internationalen Organisation f\u00fcr Migration (IOM) sind von Januar bis Juli bereits 1.504 Fl\u00fcchtlinge auf dem Mittelmeer ums Leben gekommen oder verschollen. Das Seegebiet zwischen Libyen und Italien stellt dabei die t\u00f6dlichste Fluchtroute weltweit dar. Bei 18.000 Fl\u00fcchtlingen, die Italien lebend erreicht haben, sind gleichzeitig 1.111 w\u00e4hrend der \u00dcberfahrt ertrunken. Das hei\u00dft jeder 18. hat die Flucht nicht \u00fcberlebt.&#8220;<\/span> <a href='http:\/\/www.wsws.org\/de\/articles\/2018\/07\/31\/flue-j31.html' class='azc_bbc_url'>Weiterlesen&#8230;<\/a><\/p>\n<p>Und wem diese Aufz\u00e4hlung immer noch nicht nahe genug geht, hier noch <a href='https:\/\/www.heise.de\/tp\/features\/Aufstand-des-Anstands-4123180.html' class='azc_bbc_url'>eine etwas andere Gegen\u00fcberstellung<\/a> (Zitat): <span class='azc_bbc_italic'>&#8222;Als die USA Khalid Scheich Mohammed ganze 183 mal dem Waterboarding aussetzten, schlug eine Welle der Emp\u00f6rung durch Deutschland und Europa. Dem Gefolterten einer Situation auszusetzen, bei der er das Gef\u00fchl hat, zu ertrinken, galt als einer Demokratie und einem Rechtsstaat unw\u00fcrdig. Das Waterboarding gilt als Zivilisationsbruch, der die kommenden Jahrhunderte wie ein dunkler Schandfleck in der Geschichte der USA erscheinen wird. Heute l\u00e4sst die EU Menschen tats\u00e4chlich und wissentlich im Mittelmeer ertrinken. Die europ\u00e4ischen Politiker machen sich mitschuldig am tausendfachen grausamen Tod durch Ertrinken. Mitunter werden tote Kinder an die K\u00fcsten gesp\u00fclt, als geh\u00f6rten sie zum M\u00fcll der Ozeane.&#8220;<\/span><\/p>\n<p>Wof\u00fcr nochmal genau hat die EU den Friedensnobelpreis bekommen?<\/p>\n<p><a href='http:\/\/www.tagesschau.de\/ausland\/saudi-arabien-ruestung-aus-deutschland-101.html' class='azc_bbc_url'>DIE LINKE deckt auf: Deutsche R\u00fcstungsexporte f\u00fcr saudischen Krieg im Jemen<\/a><br \/>\nDie Tageschau (!) berichtet: <span class='azc_bbc_italic'>&#8222;Keine R\u00fcstungsexporte an L\u00e4nder, die sich am Krieg im Jemen beteiligen &#8211; das hat <a href='https:\/\/www.youtube.com\/watch?v=N4nB0ikaYIM' class='azc_bbc_url'>die Bundesregierung vereinbart<\/a> <img class='azc_bbc_image' src='https:\/\/www.rume.de\/smilies\/clown.gif'  \/> Eine Anfrage der LINKEN-Abgeordneten Sevim Dagdelen zeigt nun: Saudi-Arabien bekam bis Ende M\u00e4rz weiter Ersatzteile f\u00fcr Kampfjets.&#8220;<\/span><\/p>\n<p>Tja Leute: Wir k\u00f6nnen halt Frieden und Menschenrechte haben, oder Kapitalismus &#8211; aber nicht beides.<\/p>\n<p><a href='https:\/\/www.jungewelt.de\/artikel\/336998.html' class='azc_bbc_url'>Linkspartei und Einwanderungsgesetz<\/a><br \/>\nEs geht immer weiter bergab mit den LINKEN: Deren Vizevorsitzender Bartsch begr\u00fcsst nun sogar ein Einwanderungsgesetz f\u00fcr die Wirtschaft. Getrieben von der &#8222;Fachkr\u00e4ftemangel&#8220; Propaganda und beeinflusst von der schwerkapitalen Lobby der Reichen meint Bartsch \u00e4ussern zu m\u00fcssen, <span class='azc_bbc_italic'>&#8222;dass Deutschland auf Zuwanderung angewiesen ist.&#8220;<\/span> Wer dieses &#8222;Deutschland&#8220; ist, das davon profitiert, erw\u00e4hnt er schlauerweise nicht. Denn es sind nat\u00fcrlich dieselben, die sich auch in den letzten 20 Jahren ihre Taschen vollstopfen konnten. Mit der &#8222;Begr\u00fcndung&#8220;, dass <span class='azc_bbc_italic'>&#8222;Deutschland auf Sozialreformen angewiesen ist&#8220;<\/span> <img class='azc_bbc_image' src='https:\/\/www.rume.de\/smilies\/sarkasm.gif'  \/><\/p>\n<p>Die Sozialdemokratisierung der LINKEN nimmt seinen (fatalen) Lauf.<\/p>\n<p>Tats\u00e4chliche Linke haben sich NIEMALS an Einwanderungsgesetzen zu beteiligen, weil sie letztlich doch nur im N\u00fctzlichkeitsrassismus enden. <a href='https:\/\/www.freitag.de\/autoren\/tomstrohschneider\/wie-gruen-muss-rot-wie-rot-muss-gruen-werden' class='azc_bbc_url'>&#8220;Wer darf rein und wer nicht&#8220;<\/a> ist exakt die Selektionsrampe, die davon ablenken soll, WARUM \u00fcberhaupt Millionen von Menschen aus ihrer Heimat fliehen.<\/p>\n<p>Eine Linke hat nicht die Aufgabe, den Kapitalismus zu reparieren, vermeintlich sichere Herkunftsl\u00e4nder zu konstruieren, oder per Einwanderungsgesetz den Kapitalisten ausbeutungsf\u00e4hige Migranten anzuliefern. Linke m\u00fcssen stets darauf hinweisen, wer f\u00fcr die miesen Lebensbedingungen verantwortlich ist und entsprechende Gegenwehr organisieren. Aber sie darf niemals anfangen, Menschen in n\u00fctzlich und nicht n\u00fctzlich aufzuteilen und dementsprechend dann Grundrechte zu verteilen.<\/p>\n<p>Dass DIE LINKE schon l\u00e4ngst genau Letzteres macht, zeigt diesbez\u00fcglich nur, wie kapitalistisch diese Partei bereits geworden ist.<\/p>\n<p><a href='https:\/\/www.freitag.de\/autoren\/elsa-koester\/gehoert-seehofer-noch-zu-deutschland' class='azc_bbc_url'>Seebr\u00fccke: Tausende Demonstranten in 20 St\u00e4dten &#8211; und die Presse schweigt<\/a><br \/>\nStellen wir uns vor, in Summe 50.000 Menschen w\u00e4ren GEGEN zivile Seenotrettung im Mittelmeer auf die Stra\u00dfe gegangen &#8211; unter dem Motto #Seemauer. Und vier Wochen nach der ersten gro\u00dfen Demonstration w\u00fcrden bereits in 20 weiteren St\u00e4dten bundesweit Tausende dagegen demonstrieren, Menschenleben zu retten. Die Zeitungen w\u00e4ren voll davon, und mit voll meine ich: von vorne bis hinten. Titelseite, Schwerpunkt, Kommentare, Reportage, Analysen. Alle Aspekte dieser neuen &#8222;Bewegung&#8220; w\u00fcrden durchleuchtet: Wer macht da mit? Aus welcher Motivation? W\u00e4re eine Mauer im Meer tats\u00e4chlich machbar? Und muss jetzt nicht auch die SPD eine Mauer &#8222;ganz realistisch&#8220; in Erw\u00e4gung ziehen, wo es doch der Wille des Volkes ist? Und in den TV-Talkshows heisst das Motto nur noch: &#8222;Muss die Mauer her?&#8220;<\/p>\n<p>Passiert ist das Gegenteil: 50.000 Menschen demonstrierten in 20 St\u00e4dten bundesweit <a href='https:\/\/www.heise.de\/tp\/features\/Aufstand-des-Anstands-4123180.html' class='azc_bbc_url'>F\u00dcR (!) die Rettung von Menschen<\/a> &#8211; und unsere keinesfalls gleichgeschaltete (und erst recht nicht rassistische) Qualit\u00e4tspresse schweigt bundesweit. Keine Titelseiten, Schwerpunkte, Kommentare, Reportagen, Analysen &#8211; und auch keine Talkshows.<\/p>\n<p>Aber ganz bestimmt ist das nur Zufall <img class='azc_bbc_image' src='https:\/\/www.rume.de\/smilies\/sarkasm.gif'  \/><\/p>\n<p><a href='https:\/\/www.neues-deutschland.de\/artikel\/1095865.html' class='azc_bbc_url'>Erd\u00fcberlastungstag 2018: Deutschland \u00fcberzieht sein Umweltkonto<\/a><br \/>\nDeutschland hat seinen Erd\u00fcberlastungstag 2018 mit dem 2. Mai l\u00e4ngst hinter sich, w\u00e4hrend er global am 1. August ansteht. Ein deutlicher Hinweis auf ma\u00dfloses kapitalistisches Wirtschaften. Denn der Erd\u00fcberlastungstag beschreibt den Zeitpunkt im Jahr, an dem die nat\u00fcrlichen Ressourcen in so gro\u00dfem Umfang verbraucht sind, dass sie sich in der verbleibenden Zeit nicht mehr regenerieren k\u00f6nnen. Und dieser Zeitpunkt r\u00fcckt immer weiter nach vorne: 1987 lag er noch am 19. Dezember. Im vergangenen Jahr bereits am 2. August, und nun ist er einen weiteren Tag nach vorne ger\u00fcckt.<\/p>\n<p>Offiziell loben wir uns zwar f\u00fcr (angeblichen) Klimaschutz, erneuerbare Energien und Dosenpfand &#8211; doch w\u00fcrden alle L\u00e4nder so haushalten wie Deutschland, w\u00e4ren gut drei Erden n\u00f6tig. Schlimmer noch: Von einem substanziellen Umsteuern ist in Deutschland nichts zu sehen: Die Emissionen im Stra\u00dfenverkehr nehmen seit Jahren zu und die Autobauer genie\u00dfen die Protektion der Bundeskanzlerin Angela Merkel. Daran hat auch der Dieselskandal nichts ge\u00e4ndert.<\/p>\n<p>Und zu guter Letzt:<\/p>\n<p><a href='http:\/\/www.sakurai-cartoons.de\/actual.php5?gross=7419' class='azc_bbc_url'>Klimawandelleugner<\/a><br \/>\n<img class='azc_bbc_image' src='https:\/\/www.rume.de\/smilies\/nasiehste.gif'  \/><\/p>\n","protected":false},"excerpt":{"rendered":"<p>\/ Hartz-IV: Stadt zockt erneut Bettler ab \/ Berliner Sozialgericht: BAf\u00f6G-Sch\u00fcler soll Zelt auf Balkon untervermieten \/ Niemand will mehr beim gleichen Arbeitgeber alt werden \/ Rente: Wie lange wir k\u00fcnftig arbeiten m\u00fcssen \/ Parteispenden: CDU kassiert weitere 400.000 Euro Schmiergeld \/ Halberg Guss: IG Metall w\u00fcrgt Arbeitskampf ab \/ NZZ \u00fcber den Fall Mesut &hellip; <a href=\"https:\/\/www.rume.de\/?p=766\" class=\"more-link\"><span class=\"screen-reader-text\">\u201eAufgelesen und kommentiert 2018-07-31\u201c <\/span>weiterlesen<\/a><\/p>\n","protected":false},"author":1,"featured_media":0,"comment_status":"open","ping_status":"closed","sticky":false,"template":"","format":"standard","meta":{"footnotes":""},"categories":[2],"tags":[],"class_list":["post-766","post","type-post","status-publish","format-standard","hentry","category-aufgelesen"],"_links":{"self":[{"href":"https:\/\/www.rume.de\/index.php?rest_route=\/wp\/v2\/posts\/766","targetHints":{"allow":["GET"]}}],"collection":[{"href":"https:\/\/www.rume.de\/index.php?rest_route=\/wp\/v2\/posts"}],"about":[{"href":"https:\/\/www.rume.de\/index.php?rest_route=\/wp\/v2\/types\/post"}],"author":[{"embeddable":true,"href":"https:\/\/www.rume.de\/index.php?rest_route=\/wp\/v2\/users\/1"}],"replies":[{"embeddable":true,"href":"https:\/\/www.rume.de\/index.php?rest_route=%2Fwp%2Fv2%2Fcomments&post=766"}],"version-history":[{"count":1,"href":"https:\/\/www.rume.de\/index.php?rest_route=\/wp\/v2\/posts\/766\/revisions"}],"predecessor-version":[{"id":767,"href":"https:\/\/www.rume.de\/index.php?rest_route=\/wp\/v2\/posts\/766\/revisions\/767"}],"wp:attachment":[{"href":"https:\/\/www.rume.de\/index.php?rest_route=%2Fwp%2Fv2%2Fmedia&parent=766"}],"wp:term":[{"taxonomy":"category","embeddable":true,"href":"https:\/\/www.rume.de\/index.php?rest_route=%2Fwp%2Fv2%2Fcategories&post=766"},{"taxonomy":"post_tag","embeddable":true,"href":"https:\/\/www.rume.de\/index.php?rest_route=%2Fwp%2Fv2%2Ftags&post=766"}],"curies":[{"name":"wp","href":"https:\/\/api.w.org\/{rel}","templated":true}]}}