{"id":761,"date":"2018-07-29T23:28:29","date_gmt":"2018-07-29T21:28:29","guid":{"rendered":"https:\/\/rume.inrieda.de\/?p=761"},"modified":"2018-07-30T02:51:24","modified_gmt":"2018-07-30T00:51:24","slug":"aufgelesen-und-kommentiert-2018-07-29","status":"publish","type":"post","link":"https:\/\/www.rume.de\/?p=761","title":{"rendered":"Aufgelesen und kommentiert 2018-07-29"},"content":{"rendered":"<p>\/ Die Privatisierung der GBW: Ein bayerischer Immobilienkrimi<br \/>\n\/ Besuch bei der M\u00fcnchner Tafel: Arm in einer reichen Stadt<br \/>\n\/ Deutschland &#8211; Hochburg f\u00fcr Geldw\u00e4sche<br \/>\n\/ N\u00fcrnberger Prozesse: Hitlers Konzernchefs kamen milde davon<br \/>\n\/ Wegen langwieriger Regierungsbildung: Weniger R\u00fcstungsexporte<br \/>\n\/ ARD verschweigt deutsche Beteiligung am Jemen-Krieg<br \/>\n\/ ARD &#8211; Die Friedensallergiker<br \/>\n\/ Ukraine: Der Schuldenberg w\u00e4chst, L\u00f6hne und Renten sinken<br \/>\n\/ Polizeigewalt: Weder Freund noch Helfer<br \/>\n\/ Berliner Polizei lie\u00df Mord an Tahir \u00d6zbek geschehen<br \/>\n\/ Nach Bonner Vorfall: Polizist verbreitete Goebbels-Zitat<br \/>\n\/ V-M\u00e4nner und andere<br \/>\n\/ DIE LINKE deckt auf: Der &#8222;Bremer BAMF-Skandal&#8220; ist keiner<br \/>\n\/ Seenotretter Reisch: 1 Jahr Haft f\u00fcr 234 Menschenleben<br \/>\n\/ Globale Ressourcen: Das sinkende Schiff<br \/>\n\/ Wenn der Rauswurf aus der Wohnung droht<\/p>\n<p>&#8212;<\/p>\n<p><!--more--><\/p>\n<p><a href='https:\/\/www.heise.de\/tp\/features\/Die-Privatisierung-der-GBW-4118998.html' class='azc_bbc_url'>Die Privatisierung der GBW: Ein bayerischer Immobilienkrimi<\/a><br \/>\n<span class='azc_bbc_italic'>&#8222;Bis 2013 konnten &#8222;sozial Schw\u00e4chere&#8220; mitten in M\u00fcnchen einigerma\u00dfen sch\u00f6n und g\u00fcnstig wohnen, z.B. f\u00fcr knapp 10 Euro pro Quadratmeter kalt in Schwabing-West. Gebaut und betrieben wurden die Sozialwohnungen von der GBW, der Gemeinn\u00fctzigen Bayerischen Wohnungsgesellschaft. In ihrem Bestand sind knapp 33.000 landeseigene Wohnungen f\u00fcr 85.000 Mieter. Am 08. April 2013 wurde die GBW an private Investoren verkauft. Der Freistaat Bayern unter Ministerpr\u00e4sident Seehofer und Finanzminister S\u00f6der hatten den gr\u00f6\u00dften Immobiliendeal Deutschlands in einem einzigen Streich durchgef\u00fchrt&#8220;<\/span>, berichtet TELEPOLIS.<\/p>\n<p>Bezahlen mussten es die Menschen in Bayern:<\/p>\n<p><a href='https:\/\/www.deutschlandfunkkultur.de\/besuch-bei-der-muenchner-tafel-arm-in-einer-reichen-stadt.1001.de.html?dram:article_id=423911' class='azc_bbc_url'>Besuch bei der M\u00fcnchner Tafel: Arm in einer reichen Stadt<\/a><br \/>\n<span class='azc_bbc_italic'>&#8222;105.000 Menschen sind in M\u00fcnchen \u00fcberschuldet, Tendenz steigend&#8220;<\/span>, wie Erika Schilz von der st\u00e4dtischen Schuldner- und Insolvenzberatungsstelle erkl\u00e4rt. <span class='azc_bbc_italic'>&#8222;Als klaren Grund sehen wir hier nat\u00fcrlich auch die hohen Lebenshaltungskosten, die hohen Mieten, exorbitant hohe Mieten. Hier in M\u00fcnchen ist es nat\u00fcrlich sehr, sehr schwierig, hier bezahlbaren Wohnraum, g\u00fcnstigen Wohnraum zu bekommen, das ist halt sehr problematisch geworden.&#8220;<\/span><\/p>\n<p>Sozialwohnungen verscherbeln, um die verzockten Milliardengewinne der reichsten 10 Prozent abzusichern &#8211; das ist CSU.<\/p>\n<p>Und der Deutschlandfunk berichtet weiter: <span class='azc_bbc_italic'>&#8222;Gregor Tschung ist Pressesprecher der Tafel und ehrenamtlicher Leiter der Ausgabestelle in Giesing. Lebensmittel mitnehmen darf hier nur, wer nach Abzug von Miete und Nebenkosten weniger als 469 Euro im Monat zur Verf\u00fcgung hat. Dennoch gibt es Wartelisten, nicht alle Bed\u00fcrftigen k\u00f6nnen von der Tafel versorgt werden. &#8222;Inzwischen sind es 20.000 Menschen, die wir hier bei der Tafel betreuen m\u00fcssen.&#8220;<\/span> <a href='https:\/\/www.deutschlandfunkkultur.de\/besuch-bei-der-muenchner-tafel-arm-in-einer-reichen-stadt.1001.de.html?dram:article_id=423911' class='azc_bbc_url'>Weiterlesen&#8230;<\/a><\/p>\n<p><a href='https:\/\/app.handelsblatt.com\/politik\/deutschland\/22843400.html' class='azc_bbc_url'>Deutschland &#8211; Hochburg f\u00fcr Geldw\u00e4sche<\/a><br \/>\nDas antikapitalistische Handelsblatt schimpft: <span class='azc_bbc_italic'>&#8222;Im Auftrag des Bundesfinanzministeriums haben die Wissenschaftler das Volumen der Geldw\u00e4scheaktivit\u00e4ten in Deutschland im Jahr 2015 auf \u00fcber 100 Milliarden Euro beziffert. Das entspricht rund drei Prozent der j\u00e4hrlichen Wirtschaftsleistung in Deutschland. Sebastian Fiedler vom Bund Deutscher Kriminalbeamter, ein Experte f\u00fcr Wirtschaftskriminalit\u00e4t, sieht die Bundesrepublik als Paradies f\u00fcr Geldw\u00e4scher, denn h\u00f6chstens ein Prozent des Geldes aus illegalen Quellen werde von den Beh\u00f6rden entdeckt. &#8222;Insgesamt&#8220;, so Fiedler, &#8222;gilt leider in Deutschland der Satz: Verbrechen lohnt sich.&#8220; Noch deutlicher formulierte es 2012 der Oberstaatsanwalt von Palermo, Roberto Scarpinato: &#8222;Wenn ich Mafioso w\u00e4re, w\u00fcrde ich in Deutschland investieren.&#8220;<\/span><\/p>\n<p><a href='https:\/\/www.freitag.de\/autoren\/der-freitag\/1948-auschwitz-war-gestern' class='azc_bbc_url'>N\u00fcrnberger Prozesse: Hitlers Konzernchefs kamen milde davon<\/a><br \/>\nDer FREITAG berichtet (Zitat): <span class='azc_bbc_italic'>&#8222;Nach 152 Verhandlungstagen endete der Prozess am 30. Juli 1948. Vom Vorwurf der Beteiligung am Angriffskrieg ab 1939 wurden alle Angeklagten freigesprochen. In Sachen &#8222;Versklavung&#8220; hatten sich alle auf &#8222;Befehlsnotstand&#8220; berufen und damit Verst\u00e4ndnis gefunden. Die SS-Mitgliedschaft von drei Angeklagten wurde erst gar nicht ber\u00fccksichtigt. Entsprechend milde fielen die Strafen aus: Es gab zehn Freispr\u00fcche, ansonsten Haftstrafen zwischen anderthalb und acht Jahren. Alle Verurteilten wurden bis 1952 vorzeitig aus ihren Zellen entlassen.&#8220;<\/span><\/p>\n<p>Wie wir sehen bleiben Verbrechen, die von der Regierung gewollt sind, weitestgehend straffrei &#8211; und das hat sich bis heute so fortgesetzt (siehe Bankencrash, Dieselskandal, usw.). Und damals wie heute sind es CDU, SPD und FDP, die diese Wirtschaftsverbrechen decken.<\/p>\n<p><a href='https:\/\/www.zeit.de\/politik\/deutschland\/2018-07\/wirtschaftsministerium-deutschland-export-genehmigungen-regierungsbildung' class='azc_bbc_url'>Wegen langwieriger Regierungsbildung: Weniger R\u00fcstungsexporte<\/a><br \/>\nAber DIE ZEIT hat auch gleich wieder eine frohe Botschaft zur Hand (Zitat): <span class='azc_bbc_italic'>&#8222;Seit die neue Regierung im Amt sei, h\u00e4tten die Genehmigungen wieder angezogen.&#8220;<\/span> <img class='azc_bbc_image' src='https:\/\/www.rume.de\/smilies\/sarkasm.gif'  \/><\/p>\n<p><a href='https:\/\/propagandaschau.wordpress.com\/2018\/07\/27\/pinar-atalay-verbreitet-in-den-ard-tagesthemen-erneut-luegen-und-propaganda-ueber-den-jemen-krieg' class='azc_bbc_url'>ARD verschweigt deutsche Beteiligung am Jemen-Krieg<\/a><br \/>\nDer Jemen-Krieg ist noch so ein Verbrechen, das von der Bundesregierung mit Waffenlieferungen aktiv unterst\u00fctzt wird. Logisch, dass der Staatssender ARD das seinen Zuschauern nicht so offen sagen darf &#8211; und somit lieber von einer <span class='azc_bbc_italic'>&#8222;iranischen Beteiligung an diesem Krieg&#8220;<\/span> herumschwadroniert und s\u00e4mtliche westlichen Interessen totschweigt.<\/p>\n<p>Dazu passt auch:<\/p>\n<p><a href='https:\/\/www.rubikon.news\/artikel\/die-friedensallergiker' class='azc_bbc_url'>ARD &#8211; Die Friedensallergiker<\/a><br \/>\nSogar ein Kotzbrocken wie Donald Trump wagt ein wenig Entspannungspolitik und trifft sich mit Pr\u00e4sident Putin in Helsinki. Daf\u00fcr wird er von der Kriegstreiberfraktion und den Massenmedien als &#8222;Verr\u00e4ter&#8220; beschimpft und mit w\u00fcsten Beleidigungen \u00fcbersch\u00fcttet. Nicht nur in den USA. Doch was passiert? Trump gibt trotzdem nicht nach, sondern l\u00e4dt Putin sogar zu einem Arbeitsbesuch im Herbst nach Washington ein.<\/p>\n<p>Und wie verarbeitet ARD-aktuell diese Nachricht? Im TV-Programm gar nicht. In der Internet-Version tagesschau.de steht allerdings: <span class='azc_bbc_italic'>&#8222;Nach dem Trump-Putin-Gipfel arbeiten Politiker aller Parteien in den USA daran, den entstandenen Schaden zu begrenzen. Umso \u00fcberraschender ist es, dass der US-Pr\u00e4sident Russlands Staatschef nun nach Washington eingeladen hat.&#8220;<\/span><\/p>\n<p>Seht ihr: Entspannungspolitik ist in der modernen Propaganda ein &#8222;entstandener Schaden&#8220;, den man &#8222;beseitigen muss&#8220;. Und das ist noch l\u00e4ngst nicht die schlimmste verbrecherische Nachrichtenverdrehung, denn <a href='https:\/\/www.rubikon.news\/artikel\/die-friedensallergiker' class='azc_bbc_url'>im Bericht<\/a> stehen noch einige mehr.<\/p>\n<p>Aber wie sagte das Bundesverfassungsgericht noch gleich, als es die \u00fcber 8 Milliarden Euro an Jahres-Zwangsgeb\u00fchr f\u00fcr unsere \u00f6ffentlich-rechten NATO-Sender f\u00fcr richtig hielt: <a href='https:\/\/propagandaschau.wordpress.com\/2018\/07\/19\/das-bundesverfassungsgericht-beschaedigt-sich-erneut-durch-ignoranz' class='azc_bbc_url'>&#8220;Sie bilden die Realit\u00e4t neutral und umfassend ab.&#8220;<\/a> Und wer bitte k\u00f6nnte daran zweifeln? <img class='azc_bbc_image' src='https:\/\/www.rume.de\/smilies\/sarkasm.gif'  \/><\/p>\n<p><a href='https:\/\/www.heise.de\/tp\/features\/Ukraine-Der-Schuldenberg-waechst-Loehne-und-Renten-sinken-4121340.html' class='azc_bbc_url'>Ukraine: Der Schuldenberg w\u00e4chst, L\u00f6hne und Renten sinken<\/a><br \/>\nTja, liebe Ukrainer: Herzlich Willkommen in unserer marktkonformen Demokratie <img class='azc_bbc_image' src='https:\/\/www.rume.de\/smilies\/sarkasm.gif'  \/><\/p>\n<p><a href='https:\/\/www.jungewelt.de\/artikel\/336875.html' class='azc_bbc_url'>Polizeigewalt: Weder Freund noch Helfer<\/a><br \/>\n<span class='azc_bbc_italic'>&#8222;Nicht nur Demonstranten oder Fu\u00dfballfans, sondern auch sogenannte Normalb\u00fcrger k\u00f6nnen schnell Opfer von \u00dcbergriffen der Polizei werden. Erst am 24. Juli berichtete das ARD-Magazin \u00bbReport Mainz\u00ab einmal mehr \u00fcber einen gut dokumentierten Fall brutaler Polizeigewalt. Mehrere Beamten hatten einen jungen Mann auf offener Stra\u00dfe grundlos attackiert, ihn zu Boden gebracht und mehrfach mit F\u00e4usten und Schlagstock auf ihn eingepr\u00fcgelt. Obendrein wurde gegen den Betroffenen wegen \u00bbWiderstandes gegen Vollstreckungsbeamte\u00ab ermittelt. Das Verfahren l\u00e4uft noch immer. Vier Polizisten hatten \u00bbgleichlautende dienstliche Erkl\u00e4rungen\u00ab abgegeben und ihre Gewalt damit begr\u00fcndet, das Opfer habe \u00bbeinen Beamten angegriffen\u00ab. Nach Aussagen von Zeugen hat sich die Situation jedoch g\u00e4nzlich anders abgespielt, was Video- und Bildmaterial best\u00e4tigt. Der Rechtsanwalt des Mannes, Martin Stirnweiss, sagte gegen\u00fcber dem Magazin, dass in den dienstlichen Erkl\u00e4rungen der Beamten bewusst gelogen worden sei. Und nicht nur Amnesty International, sondern auch zahlreiche Experten und Polizeiforscher fordern endlich Ma\u00dfnahmen gegen Polizeigewalt und den Korpsgeist der Beamten.&#8220;<\/span> <a href='https:\/\/www.jungewelt.de\/artikel\/336875.html' class='azc_bbc_url'>Weiterlesen&#8230;<\/a><\/p>\n<p>Dazu passt auch:<\/p>\n<p><a href='http:\/\/www.spiegel.de\/panorama\/justiz\/hells-angels-berliner-polizei-liess-laut-gericht-rocker-mord-geschehen-a-1220611.html' class='azc_bbc_url'>Berliner Polizei lie\u00df Mord an Tahir \u00d6zbek geschehen<\/a><br \/>\nNicht nur der sogenannte &#8222;Verfassungsschutz&#8220; hilft mit Waffenbeschaffungen und Aktenschreddern aktiv mit, in Deutschland Ausl\u00e4nder zu ermorden. Nein, auch die Polizei unter dem Innensenator Frank Henkel (CDU) agiert kaum anders. Und das behauptet nicht irgendeine &#8222;linke Klitsche&#8220;, sondern das Berliner Landesgericht.<\/p>\n<p>Dazu passt auch:<\/p>\n<p><a href='https:\/\/www.nrz.de\/politik\/nach-bonner-vorfall-polizist-verbreitete-goebbels-zitat-id214949071.html' class='azc_bbc_url'>Nach Bonner Vorfall: Polizist verbreitete Goebbels-Zitat<\/a><br \/>\nEin j\u00fcdischer Professor wird in Bonn von der Polizei attackiert. Nun kommt heraus: Einer der Beschuldigten hat rechtsextreme Zitate verbreitet. Gegen einen anderen der beteiligten Polizisten war schon einmal wegen Verdachts auf K\u00f6rperverletzung im Amt ermittelt worden.<\/p>\n<p>Dazu passt auch:<\/p>\n<p><a href='https:\/\/www.heise.de\/tp\/features\/V-Maenner-und-andere-4117668.html' class='azc_bbc_url'>V-M\u00e4nner und andere<\/a><br \/>\n<span class='azc_bbc_italic'>&#8222;Die Bundestagsabgeordneten werden gew\u00e4hlt, um die Bundesregierung zu kontrollieren. Diese Kontrolle st\u00f6\u00dft jedoch ganz schnell an ihre Grenzen, wenn es um V-Leute von Polizei, Verfassungsschutz oder BND geht. Denn diese Dunkelm\u00e4nner genie\u00dfen in unserer parlamentarischen Demokratie den h\u00f6chsten Schutz \u00fcberhaupt. Sie werden besser abgeschirmt und vor der Justiz gesch\u00fctzt, als etwa der Bundespr\u00e4sident oder die Kanzlerin. Dabei handelt es sich bei V-Leuten nicht selten um h\u00f6chst kriminelle Mitb\u00fcrger.&#8220;<\/span> <a href='https:\/\/www.heise.de\/tp\/features\/V-Maenner-und-andere-4117668.html' class='azc_bbc_url'>Weiterlesen&#8230;<\/a><\/p>\n<p>Ab wann nochmal genau spricht man von einem &#8222;tiefen Staat&#8220;?<\/p>\n<p>Und falls dabei jemand die Augenbrauen hochzieht: <a href='https:\/\/www.cicero.de\/innenpolitik\/den-tiefen-des-staates\/51876' class='azc_bbc_url'>LESEBEFEHL!<\/a><\/p>\n<p><a href='https:\/\/www.freitag.de\/autoren\/bennyk\/gratiswut' class='azc_bbc_url'>DIE LINKE deckt auf: Der &#8222;Bremer BAMF-Skandal&#8220; ist keiner<\/a><br \/>\nDIE LINKE hat jetzt, wo sich die rassistischen Wutwolken unserer Qualit\u00e4tspresse verzogen haben, mal konkret nachgefragt, was denn nun aus den &#8222;zehntausenden F\u00e4llen von Asylbetrug&#8220; und den &#8222;extra nach Bremen gekarrten Asylbetr\u00fcgern&#8220; geworden ist. Und siehe da (Zitat): <span class='azc_bbc_italic'>&#8222;13 positive Asylentscheidungen wurden zur\u00fcckgenommen, vier widerrufen. In 16 weiteren F\u00e4llen wurden Widerrufs- oder R\u00fccknahmeverfahren eingeleitet. Das ist schon eindr\u00fccklich wenig und noch ist ja unklar, ob diese einer gerichtlichen Pr\u00fcfung standhalten.&#8220;<\/span><\/p>\n<p>Aber was nutzt all die sp\u00e4tere Aufkl\u00e4rung, wenn unsere Massenmedien sich l\u00e4ngst anderen rassistischen Kampagnen widmen &#8211; der Seenotrettung, die man &#8222;besser lassen sollte&#8220; beispielsweise. Derweil schreibt ein argloser SPD-Stadtrat aus dem Osthessischen auf Facebook unter ein Foto des deutschen WM-Kaders: <a href='http:\/\/www.titanic-magazin.de\/news\/gaertners-kritisches-sonntagsfruehstueck-race-under-pressure-9841' class='azc_bbc_url'>&#8220;25 Deutsche und zwei Ziegenficker&#8220;<\/a>, entschuldigt sich dann und sagt der DPA, ihm seien da &#8222;die Pferde durchgegangen&#8220;, er habe &#8222;vielleicht nicht gleich \u00fcberlegt&#8220;, aber er sei &#8222;nicht ausl\u00e4nderfeindlich&#8220;, seine Wortwahl blo\u00df &#8222;nicht gut&#8220; gewesen.<\/p>\n<p>L\u00e4uft wieder in Deutschland&#8230;<\/p>\n<p><a href='https:\/\/www.watson.ch\/!580601527' class='azc_bbc_url'>Seenotretter Reisch: 1 Jahr Haft f\u00fcr 234 Menschenleben<\/a><br \/>\nClaus-Peter Reisch, fr\u00fcher konservativer Bayer und CSU-W\u00e4hler, heute Seenotretter im Mittelmeer. F\u00fcr sein Engagement soll er nun in Malta verurteilt werden. Wie muss man sich das vorstellen, f\u00fcnf Tage mit 234 Fl\u00fcchtlingen an Bord?<\/p>\n<p>Reisch: <span class='azc_bbc_italic'>&#8222;Mit der Crew waren es 250 Personen, \u00fcber die ich als Kapit\u00e4n die Verantwortung hatte. Unter den Fl\u00fcchtlingen waren 77 unbegleitete Minderj\u00e4hrige, vier Babies, 17 Frauen, darunter eine Schwanger. Es gab drei Burschen, sie waren zw\u00f6lf und dreizehn Jahre alt, die alleine unterwegs waren. Sie hielten zusammen wie Pech und Schwefel. Dann hatte es einen Mann, Somalier, der wog h\u00f6chstens noch 45 Kilogramm. In Libyen haben sie ihn dreimal total verpr\u00fcgelt und misshandelt, w\u00e4hrend er seine Familie anrufen musste, um noch mehr Geld zu erpressen. Er kam zu uns aufs Schiff mit einem Leistenbruch und einem eingeklemmten Darm, der abzusterben drohte. Zum Gl\u00fcck konnten wir ihn dann notfallm\u00e4ssig evakuieren und auf ein Rettungsboot abgeben, sonst w\u00e4re er gestorben.<\/p>\n<p>Den Leuten, die mir sagen, ich w\u00fcrde einen Mittelmeer-Tourismus betreiben rate ich, selbst mal dorthin zu fahren und sich das mit eigenen Augen anzusehen. Ich finde es besch\u00e4mend, dass ein Horst Seehofer (Deutscher Innenminister, Anm. d. Red.) sich \u00f6ffentlich dar\u00fcber freuen kann, wenn an seinem 69. Geburtstag 69 Fl\u00fcchtlinge abgeschoben werden. Ich finde es befremdend, wenn ein Matteo Salvini von &#8222;Menschenfleisch&#8220;, das transportiert wird spricht. Solche Aussagen sind so widerlich. Ich weiss nicht, wie man so was \u00fcber die Lippen bringt. Ich dachte eigentlich, dieser Jargon sei vor siebzig Jahren f\u00fcr immer begraben worden.&#8220;<\/span><\/p>\n<p><a href='http:\/\/www.spiegel.de\/kultur\/gesellschaft\/ressourcen-das-sinkende-schiff-kolumne-a-1219221.html' class='azc_bbc_url'>Globale Ressourcen: Das sinkende Schiff<\/a><br \/>\nEndkapitalistischer Fatalismus macht sich im SPIEGEL breit <img class='azc_bbc_image' src='https:\/\/www.rume.de\/smilies\/biggrin.gif'  \/><\/p>\n<p>Und zu guter Letzt:<\/p>\n<p><a href='http:\/\/sakurai-cartoons.de\/\/images\/g_volksparteienrauswurf.gif' class='azc_bbc_url'>Wenn der Rauswurf aus der Wohnung droht<\/a><br \/>\nAndererseits: Bei <a href='https:\/\/www.rume.de\/2017\/09\/28\/die-neue-hoffnung-der-spd-andrea-nahles' class='azc_bbc_url'>der Frau<\/a> w\u00fcrde ich NICHT um Hilfe bitten <img class='azc_bbc_image' src='https:\/\/www.rume.de\/smilies\/nasiehste.gif'  \/><\/p>\n","protected":false},"excerpt":{"rendered":"<p>\/ Die Privatisierung der GBW: Ein bayerischer Immobilienkrimi \/ Besuch bei der M\u00fcnchner Tafel: Arm in einer reichen Stadt \/ Deutschland &#8211; Hochburg f\u00fcr Geldw\u00e4sche \/ N\u00fcrnberger Prozesse: Hitlers Konzernchefs kamen milde davon \/ Wegen langwieriger Regierungsbildung: Weniger R\u00fcstungsexporte \/ ARD verschweigt deutsche Beteiligung am Jemen-Krieg \/ ARD &#8211; Die Friedensallergiker \/ Ukraine: Der Schuldenberg &hellip; <a href=\"https:\/\/www.rume.de\/?p=761\" class=\"more-link\"><span class=\"screen-reader-text\">\u201eAufgelesen und kommentiert 2018-07-29\u201c <\/span>weiterlesen<\/a><\/p>\n","protected":false},"author":1,"featured_media":0,"comment_status":"open","ping_status":"closed","sticky":false,"template":"","format":"standard","meta":{"footnotes":""},"categories":[2],"tags":[],"class_list":["post-761","post","type-post","status-publish","format-standard","hentry","category-aufgelesen"],"_links":{"self":[{"href":"https:\/\/www.rume.de\/index.php?rest_route=\/wp\/v2\/posts\/761","targetHints":{"allow":["GET"]}}],"collection":[{"href":"https:\/\/www.rume.de\/index.php?rest_route=\/wp\/v2\/posts"}],"about":[{"href":"https:\/\/www.rume.de\/index.php?rest_route=\/wp\/v2\/types\/post"}],"author":[{"embeddable":true,"href":"https:\/\/www.rume.de\/index.php?rest_route=\/wp\/v2\/users\/1"}],"replies":[{"embeddable":true,"href":"https:\/\/www.rume.de\/index.php?rest_route=%2Fwp%2Fv2%2Fcomments&post=761"}],"version-history":[{"count":1,"href":"https:\/\/www.rume.de\/index.php?rest_route=\/wp\/v2\/posts\/761\/revisions"}],"predecessor-version":[{"id":762,"href":"https:\/\/www.rume.de\/index.php?rest_route=\/wp\/v2\/posts\/761\/revisions\/762"}],"wp:attachment":[{"href":"https:\/\/www.rume.de\/index.php?rest_route=%2Fwp%2Fv2%2Fmedia&parent=761"}],"wp:term":[{"taxonomy":"category","embeddable":true,"href":"https:\/\/www.rume.de\/index.php?rest_route=%2Fwp%2Fv2%2Fcategories&post=761"},{"taxonomy":"post_tag","embeddable":true,"href":"https:\/\/www.rume.de\/index.php?rest_route=%2Fwp%2Fv2%2Ftags&post=761"}],"curies":[{"name":"wp","href":"https:\/\/api.w.org\/{rel}","templated":true}]}}