{"id":751,"date":"2018-07-24T21:28:45","date_gmt":"2018-07-24T19:28:45","guid":{"rendered":"https:\/\/rume.inrieda.de\/?p=751"},"modified":"2018-07-30T15:24:24","modified_gmt":"2018-07-30T13:24:24","slug":"aufgelesen-und-kommentiert-2018-07-24","status":"publish","type":"post","link":"https:\/\/www.rume.de\/?p=751","title":{"rendered":"Aufgelesen und kommentiert 2018-07-24"},"content":{"rendered":"<p>\/ Heart&#8217;s Fear &#8211; Geschichten von Armut und Ausgrenzung<br \/>\n\/ Bekommen Gefl\u00fcchtete ein Kind, gibt es f\u00fcr dieses oft monatelang kein Geld<br \/>\n\/ Zwei Obdachlose angez\u00fcndet: Gewalt gegen die Schw\u00e4chsten nimmt zu<br \/>\n\/ Abschiebepraxis bedroht das Fundament des Rechtsstaates<br \/>\n\/ AfD-Anh\u00e4nger w\u00fcrgen Gewerkschafter bis zur Bewusstlosigkeit<br \/>\n\/ AfD &#8211; Die Kriegspartei<br \/>\n\/ Die Deutsche Post muss sparen &#8211; au\u00dfer beim Gehalt ihres Chefs<br \/>\n\/ Das gro\u00dfe Kliniksterben auf dem Land<br \/>\n\/ Weder Protokolle noch Notizen: Lobbyistentreffen von Ministern bleiben unter dem Radar<br \/>\n\/ Der Exodus der Geldmenschen<br \/>\n\/ Mediziner r\u00e4tseln, warum Uli Hoene\u00df sein Maul nicht halten kann<\/p>\n<p>&#8212;<\/p>\n<p><!--more--><\/p>\n<p><a href='https:\/\/www.freitag.de\/autoren\/sgleser\/des-armen-armut' class='azc_bbc_url'>Heart&#8217;s Fear &#8211; Geschichten von Armut und Ausgrenzung<\/a><br \/>\nArmut t\u00f6tet still und leise. Ein paar Zeilen in der Lokalpresse wegen eines Selbstmordes oder eines Wohnungsbrandes &#8211; aber mit keiner einzigen Zeile werden die fehlenden Medikamente, politischen Erniedrigungen oder Stromsperren erw\u00e4hnt. Die Barbarei der \u00d6konomie legt ihren Schatten \u00fcber alles und der eigene Briefkasten frisst deine Seele auf &#8211; schliesslich kann jederzeit ein Brief kommen, der einem Nahrung oder Wohnung wegnimmt. Trotz Berufsabschluss, trotz Fleiss, trotz Sprachen und fr\u00fchem Erfolg schuftest du dich der Grundsicherung entgegen.<\/p>\n<p>Bettina Kenter-G\u00f6tte berichtet in ihrem Buch &#8222;Heart&#8217;s Fear&#8220; aus der Schreckenskammer unserer Gesellschaft.<\/p>\n<p>Sie berichtet, wie die Leute sofort Abwiegeln, wenn sie gegen\u00fcber Freunden erz\u00e4hlt, dass Arme Fussfesseln tragen und ihre inneren Organe verkaufen sollten. Das Thema wird sofort beendet, noch bevor es begann. Doch in Wahrheit haben die Leute Angst. Eine gesamte Gesellschaft lebt seit der Einf\u00fchrung von Hartz IV in Angst. Und die Leute wollen einfach keinen Gedanken daran verschwenden, dass jeder nur 12 Monate von Hartz IV entfernt ist.<\/p>\n<p>Dazu passt auch:<\/p>\n<p><a href='https:\/\/www.jungewelt.de\/artikel\/336532.html' class='azc_bbc_url'>Bekommen Gefl\u00fcchtete ein Kind, gibt es f\u00fcr dieses oft monatelang kein Geld<\/a><br \/>\n<span class='azc_bbc_italic'>&#8222;Eltern, denen bereits Asyl oder subsidi\u00e4rer Schutz zuerkannt worden ist, m\u00fcssen f\u00fcr ihr Neugeborenes gesondert Asyl beantragen. Die Bearbeitung kann dauern, denn die M\u00fchlen der Beh\u00f6rden mahlen langsam. Und ohne entsprechende Papiere gibt es vielerorts keinen Cent. Die anteiligen Wohnkosten und alle Bedarfe des Neugeborenen m\u00fcsse die Familie aus ihren eigenen Grundsicherungsleistungen bestreiten. Das treibe Betroffene automatisch in Schulden und Mietr\u00fcckst\u00e4nde bis hin zum drohenden Wohnungsverlust.&#8220;<\/span><\/p>\n<p>Und man liegt sicherlich nicht falsch, wenn man sagt: So wird das absichtlich gehandhabt!<\/p>\n<p>Schliesslich gibt es f\u00fcr die Herrschenden nichts besseres, als die \u00c4rmsten unserer Gesellschaft in die Obdachlosigkeit zu treiben. Da kann man dann prima mit den Fingern darauf zeigen und behaupten: <span class='azc_bbc_italic'>&#8222;Schaut euch die doch mal an. Aus denen wird doch eh nix. Wozu also Geld an die verschwenden?&#8220;<\/span> Und sollten die Betroffenen mit Kriminalit\u00e4t oder Gewalt ihr \u00dcberleben sichern, umso besser f\u00fcr die Herrschenden: Dann folgen Polizeigesetze, mit deren Hilfe sich JEDER wegr\u00e4umen l\u00e4sst, der den Herrschenden zu unbequem wird.<\/p>\n<p>Ihr denkt, ich \u00fcbertreibe? Dann lest mal weiter (Zitat): <span class='azc_bbc_italic'>&#8222;Die betroffenen Eltern k\u00f6nnen mit ihrem Kind nicht einmal zum Arzt gehen, weil die Krankenkassenbeitr\u00e4ge nicht gezahlt werden. Dieses Desaster ziehe sich zum Teil ewig hin. Denn viele M\u00fctter und V\u00e4ter h\u00e4tten ihre eigenen Geburtsurkunden nicht dabei. Kaum einer denkt bei der Flucht an so etwas.<\/span><\/p>\n<p>Es w\u00e4re nur eine kurze Handbewegung von der Bundesregierung n\u00f6tig, um dieses krankmachende System zu beenden. Da sich von CDU\/CSU und SPD aber niemand mit diesem Thema besch\u00e4ftigt, sondern ganz im Gegenteil immer NOCH sch\u00e4rfere Gesetze gegen Asylbewerber und Erwerbslose durchsetzen, darf man also folgerichtig sagen: All das ist politisch gewollt. Punkt.<\/p>\n<p>Dazu passt auch:<\/p>\n<p><a href='https:\/\/www.freitag.de\/autoren\/elsa-koester\/es-brennt' class='azc_bbc_url'>Zwei Obdachlose angez\u00fcndet: Gewalt gegen die Schw\u00e4chsten nimmt zu<\/a><br \/>\nDer FREITAG berichtet: <span class='azc_bbc_italic'>&#8222;Zwei wohnungslose M\u00e4nner wurden in Berlin mit einer brennbaren Fl\u00fcssigkeit \u00fcbergossen und angez\u00fcndet, wie Zeugen berichten. Beide Opfer \u00fcberlebten schwer verletzt, einer ist im k\u00fcnstlichen Koma, der andere inzwischen ansprechbar &#8211; zwei Drittel seiner Haut sind verbrannt. Passanten retteten den Menschen wom\u00f6glich das Leben, indem sie einen Feuerl\u00f6scher holten. Wer attackiert zwei hilflose M\u00e4nner auf derart brutale Weise? Ist es die Verrohung der Gesellschaft, die zu solchen Taten gegen Menschen f\u00fchrt, die in der Hierarchie ganz unten stehen, die sich nicht wehren k\u00f6nnen?<\/p>\n<p>Tats\u00e4chlich zeigen die Statistiken einen Anstieg von Gewalt gegen Wohnungslose. Die polizeiliche Kriminalstatistik z\u00e4hlte 2014 insgesamt 363 K\u00f6rperverletzungen, die angezeigt wurden. Seitdem geht die Kurve nach oben: kamen 2015 insgesamt 742 vollzogene K\u00f6rperverletzungen zur Anzeige, waren es im Folgejahr 870, 2017 dann sogar 948 F\u00e4lle von K\u00f6rperverletzung, darunter 344 F\u00e4lle schwerer und gef\u00e4hrlicher K\u00f6rperverletzung. Wohlgemerkt: keine Rangeleien, Anspucken oder Schubsen, sondern tats\u00e4chliche K\u00f6rperverletzungen, die zur Anzeige gebracht wurden. Die Dunkelziffer der Gewalt wird daher noch h\u00f6her gesch\u00e4tzt. Doch f\u00fcr bundesweite Schlagzeilen sorgten all diese K\u00f6rperverletzungen in den seltensten F\u00e4llen &#8211; und wenn, dann nat\u00fcrlich nur dann, wenn die Gewalt von Fl\u00fcchtlingen ausgeht.&#8220;<\/span> <a href='https:\/\/www.freitag.de\/autoren\/elsa-koester\/es-brennt' class='azc_bbc_url'>WEITERLESEN-BEFEHL<\/a><\/p>\n<p><a href='https:\/\/www.rubikon.news\/artikel\/gefahrliche-hysterie' class='azc_bbc_url'>Abschiebepraxis bedroht das Fundament des Rechtsstaates<\/a><br \/>\n<span class='azc_bbc_italic'>&#8222;Zum Kernbestand unserer gesellschaftlichen Errungenschaften geh\u00f6rt, dass im demokratischen Rechtsstaat Gerichtsentscheidungen respektiert werden &#8211; und zwar sowohl von den B\u00fcrgern als auch von staatlichen Stellen&#8220;<\/span>, zitiert RUBIKON den ehemaligen Richter Peter Vonnahme &#8211; und zeigt anschliessend auf, wie Union und SPD bei der Abschiebung von Sami A. schon einmal ausprobieren, Gerichtsurteile ganz offen zu hintergehen und den Rechtsstaat &#8222;in ihrem Sinne&#8220; zu beugen. Begleitet von einer massiven politischen Hetzkampagne \u00fcber &#8222;Asyltourismus&#8220; und &#8222;Anti-Abschiebe-Industrie&#8220;, damit unsere stets kritische <img class='azc_bbc_image' src='https:\/\/www.rume.de\/smilies\/clown.gif'  \/> Qualit\u00e4tsjournaille lieber \u00fcber diese Hetze berichtet, als \u00fcber den politisch gewollten Bruch der Gewaltenteilung.<\/p>\n<p><a href='https:\/\/osthessen-news.de\/template\/beitrag\/amp.php?id=11594490' class='azc_bbc_url'>AfD-Anh\u00e4nger w\u00fcrgen Gewerkschafter bis zur Bewusstlosigkeit<\/a><br \/>\n<span class='azc_bbc_italic'>&#8222;Unter den Augen von Zeugen haben zwei mutma\u00dfliche Anh\u00e4nger der AfD am Freitag, 20. Juli, in Hanau-Steinheim einen Gewerkschafter angegriffen und so lange gew\u00fcrgt, bis dieser bewusstlos zusammenbrach. Dass Umstehende den Vorfall mitbekamen und sofort dazwischen gingen, rettete dem Gewerkschafter vermutlich das Leben.&#8220;<\/span> <a href='https:\/\/osthessen-news.de\/template\/beitrag\/amp.php?id=11594490' class='azc_bbc_url'>Weiterlesen&#8230;<\/a><\/p>\n<p>Fassen wir doch mal zusammen:<\/p>\n<p>&#8211; Abschaffung der Menschenw\u00fcrde: Einf\u00fchrung gegen Erwerbslosen ein voller Erfolg!<br \/>\n&#8211; Abschaffung der Grundrechte: War ebenfalls erfolgreich, Ausweitung auf Fl\u00fcchtlinge l\u00e4uft!<br \/>\n&#8211; Beugung von Gerichtsurteilen: Erfolgreich praktiziert bei Fl\u00fcchtlingsdeportationen!<br \/>\n&#8211; Aufbau eines Polizeistaates: Steht kurz vor der Vollendung!<br \/>\n&#8211; Milit\u00e4reinsatz im Inland? Hat sogar das BVerfG durchgewunken!<\/p>\n<p>Fehlt eigentlich nur noch der Aufbau einer SA und die &#8222;Alternativen&#8220; k\u00f6nnten wieder durchstarten, um den deutschen Volksk\u00f6rper von linken Sch\u00e4dlingen zu befreien.<\/p>\n<p>Es begann nicht mit Gaskammern. Es begann mit &#8222;Wir&#8220; gegen &#8222;Die&#8220;. Es begann mit der Aberkennung von Grundrechten. Es begann mit der Beugung des Rechts. Und mit viel zu vielen Menschen, die bei all dem einfach wegschauen.<\/p>\n<p><a href='https:\/\/www.rubikon.news\/artikel\/die-kriegspartei' class='azc_bbc_url'>AfD &#8211; Die Kriegspartei<\/a><br \/>\nGestern hatte ich bereits kommentiert, dass die Herrschenden \u00fcber windige Geldkan\u00e4le eine rassistische Partei in ihrem Sinne aufbauen. Beim Sozialprogramm der AfD weiss eigentlich auch jeder, dass die sogenannte &#8222;Alternative&#8220; keine armutsfesten Renten oder menschenw\u00fcrdige Mindestl\u00f6hne fordert und mit ihren inszenierten nationalsozialistischen Tabubr\u00fcchen nur lautstark davon abzulenken versucht.<\/p>\n<p>Heute analysiert RUBIKON anhand von AfD-Parteiprogramm und diversen Redebeitr\u00e4gen, dass sich die AfD auch bez\u00fcglich der milit\u00e4rischen Aufr\u00fcstung ebenfalls keinen Millimeter von der Bundesregierung unterscheidet. Die AfD ist F\u00dcR Milit\u00e4reins\u00e4tze bei Demonstrationen im Inland, die AfD ist F\u00dcR die Beschaffung milliardenteurer Killerdrohnen und die AfD ist auch F\u00dcR Auslandseins\u00e4tze der Bundeswehr, denen sie auch oft zustimmt. Und die AfD ist nat\u00fcrlich auch f\u00fcr das &#8222;Zwei-Prozent-Ziel&#8220; der NATO, welches schnellstm\u00f6glich erreicht werden soll.<\/p>\n<span class='azc_bbc_italic'>&#8222;Die AfD ist eine Erg\u00e4nzung der Parteien, die Kriege bef\u00fcrworten. Die AfD erweitert die schon bestehende &#8222;gro\u00dfe Militarismus-Koalition&#8220; in Berlin. Die AfD ist System!&#8220;<\/span>\n<p><a href='https:\/\/www.welt.de\/debatte\/kommentare\/article179787650' class='azc_bbc_url'>Die Deutsche Post muss sparen &#8211; au\u00dfer beim Gehalt ihres Chefs<\/a><br \/>\nDer Post-Chef Frank Appel kassiert alle vier Wochen 232 Monatsgeh\u00e4lter eines normalen Postangestellten. Oder anders formuliert: Das, was ein Postangestellter in 20 Jahren (!!) bekommt, kassiert der Post-Manager in jedem Monat!<\/p>\n<p>Kein Wunder, dass die Belegschaft daher nach zehn Kranktagen gefeuert, sowie ganze Bereiche &#8222;ausgelagert&#8220; und mit &#8222;Sparpl\u00e4nen&#8220; terrorisiert werden m\u00fcssen. Wie sonst soll man SOLCH eine Habgier gegenfinanzieren k\u00f6nnen, wenn nicht durch totale Ausbeutung?<\/p>\n<p>Aber eine Systemfrage, obwohl inzwischen jeder vierte (!) Arbeitnehmer in Deutschland im sogenannten Niedriglohnbereich f\u00fcr seine sp\u00e4tere Altersarmut schuftet? Mit den Deutschen nicht zu machen! Ganz im Gegenteil: Die sogenannten Gewerkschaften helfen auch noch aktiv mit, um <a href='http:\/\/www.wsws.org\/de\/articles\/2018\/03\/14\/post-m14.html' class='azc_bbc_url'>abweichende Tarifvertr\u00e4ge zugunsten der Profiterh\u00f6hung<\/a> gegen die Belegschaft durchzusetzen <img class='azc_bbc_image' src='https:\/\/www.rume.de\/smilies\/nasiehste.gif'  \/><\/p>\n<p><a href='https:\/\/www.deutschlandfunkkultur.de\/medizinische-versorgung-das-grosse-kliniksterben-auf-dem.1001.de.html?dram:article_id=423585' class='azc_bbc_url'>Das gro\u00dfe Kliniksterben auf dem Land<\/a><br \/>\nBald soll es nur noch 628 Notfallkliniken in Deutschland geben &#8211; statt derzeit 1748. Hintergrund ist: Der &#8222;betriebswirtschaftliche Richtwert&#8220; liegt bei 300 Betten. Kleinere Krankenh\u00e4user mit weniger Betten &#8222;rechnen sich nicht&#8220;, so der Deutschlandfunk.<\/p>\n<p>Man kann eben eine gute Krankenversorgung haben, oder Kapitalismus &#8211; aber nicht beides.<\/p>\n<p><a href='https:\/\/www.abgeordnetenwatch.de\/blog\/2018-07-13\/ministertreffen-mit-lobbyisten-informationen-liegen-nicht-vor' class='azc_bbc_url'>Weder Protokolle noch Notizen: Lobbyistentreffen von Ministern bleiben unter dem Radar<\/a><br \/>\nDas Geheimgeschacher zwischen Konzernlobby und Ministern wurde noch nie freiwillig von der Bundesregierung ver\u00f6ffentlicht. Mit Hilfe des Informationsfreiheitsgesetzes (IFG) ist es aber inzwischen m\u00f6glich, solche Unterlagen anzufordern. Diese Anfragen kosten aber ordentlich Geld und dauern mehrere Monate, bis man eine Antwort bekommt.<\/p>\n<p>Da es aber immer wieder Spendensammlungen gab, die diese Geb\u00fchren zusammenkratzen, hat man sich einen neuen Trick ausgedacht: Man erstellt &#8222;sicherheitshalber&#8220; gar keine Protokolle mehr an. Dann kann man Fragen stellen und Spenden sammeln, so viel man will <img class='azc_bbc_image' src='https:\/\/www.rume.de\/smilies\/sarkasm.gif'  \/><\/p>\n<p>Zitat: <span class='azc_bbc_italic'>&#8222;Im Mai 2017 &#8211; inmitten der Aufarbeitung es Dieselskandals &#8211; telefonierte die damalige Wirtschaftsministerin Brigitte Zypries (SPD) mit dem damaligen Cheflobbyisten des Verbands der Automobilindustrie (VDA), Matthias Wissmann. Gespr\u00e4chsnotizen oder andere Unterlagen im Zusammenhang des Gespr\u00e4chs w\u00fcrden &#8222;nicht vorliegen&#8220;, so das Ministerium gegen\u00fcber abgeordnetenwatch.de, der Antrag auf Herausgabe werde daher abgelehnt. Ein Regierungsbeamter verriet k\u00fcrzlich im SPIEGEL, dass brisante Dokumente teilweise gar nicht mehr veraktet w\u00fcrden. Dadurch soll verhindert werden, dass Informationen \u00fcber das Informationsfreiheitsgesetz an die \u00d6ffentlichkeit gelangen.&#8220;<\/span><\/p>\n<p>Ab wann nochmal genau spricht man von einer Demokratie &#8211; und wann von organisierter Kriminalit\u00e4t?<\/p>\n<p><a href='https:\/\/www.heise.de\/tp\/features\/Der-Exodus-der-Geldmenschen-4110247.html' class='azc_bbc_url'>Der Exodus der Geldmenschen<\/a><br \/>\nFlucht auf den Mars, oder doch lieber R\u00fcckzug in den Atombunker? Die Superreichen haben jedenfalls keinen Zweifel daran, dass alles den Bach runtergehen wird &#8211; und bereitet sich daher schon mal auf die Apokalypse vor, indem sie fragen:<\/p>\n<p>&#8211; Welche Regionen sind vom Klimawandel am wenigsten betroffen?<br \/>\n&#8211; Wie behalte ich die Kontrolle \u00fcber meine Security, wenn Geld wertlos wird?<br \/>\n&#8211; Sind Roboter schon so weit, um alles zu ersetzen?<\/p>\n<p>Zitat: <span class='azc_bbc_italic'>&#8222;Eine wachsende Schicht von Superreichen sehe in den wachsenden technologischen M\u00f6glichkeiten nur noch ein Mittel zum postapokalyptischen \u00dcberlebenskampf. Trotz all ihrem Reichtum und ihrer Macht, glaubten sie nicht mehr daran, die Zukunft positiv zu beeinflussen. Die Superreichen reagieren auf diese Einsicht mit sozialer Panik &#8211; die gesellschaftliche Bindung soll gekappt, das eigene \u00dcberleben in Abkapselung von der Gesellschaft organisiert werden.&#8220;<\/span><\/p>\n<p>F\u00fcr diese Megareichen werden auch schon ganz offen ehemalige Kriegsgeb\u00e4ude angeboten, die umfassend renoviert und herausgeputzt wurden. F\u00fcr vier Millionen Dollar bekommt man darin eine luxuri\u00f6s ausgestattete Etage mit neun Meter dicken Mauern, die Windst\u00fcrmen bis zu 500 km\/h standhalten und bis zu 75 handverlesene Systemlinge aufnehmen kann &#8211; inklusive Schwimmbad, B\u00fccherei und Erste-Hilfe-Station.<\/p>\n<p>Man kann seinen Kindern eine gute Welt \u00fcbergeben, oder Kapitalismus &#8211; aber nicht beides.<\/p>\n<p>Und zu guter Letzt:<\/p>\n<p><a href='https:\/\/www.der-postillon.com\/2018\/07\/os-hoenessium.html' class='azc_bbc_url'>Mediziner r\u00e4tseln, warum Uli Hoene\u00df sein Maul nicht halten kann<\/a><br \/>\n<img class='azc_bbc_image' src='https:\/\/www.rume.de\/smilies\/biggrin.gif'  \/> <img class='azc_bbc_image' src='https:\/\/www.rume.de\/smilies\/biggrin.gif'  \/> <img class='azc_bbc_image' src='https:\/\/www.rume.de\/smilies\/biggrin.gif'  \/><\/p>\n","protected":false},"excerpt":{"rendered":"<p>\/ Heart&#8217;s Fear &#8211; Geschichten von Armut und Ausgrenzung \/ Bekommen Gefl\u00fcchtete ein Kind, gibt es f\u00fcr dieses oft monatelang kein Geld \/ Zwei Obdachlose angez\u00fcndet: Gewalt gegen die Schw\u00e4chsten nimmt zu \/ Abschiebepraxis bedroht das Fundament des Rechtsstaates \/ AfD-Anh\u00e4nger w\u00fcrgen Gewerkschafter bis zur Bewusstlosigkeit \/ AfD &#8211; Die Kriegspartei \/ Die Deutsche Post &hellip; <a href=\"https:\/\/www.rume.de\/?p=751\" class=\"more-link\"><span class=\"screen-reader-text\">\u201eAufgelesen und kommentiert 2018-07-24\u201c <\/span>weiterlesen<\/a><\/p>\n","protected":false},"author":1,"featured_media":0,"comment_status":"open","ping_status":"closed","sticky":false,"template":"","format":"standard","meta":{"footnotes":""},"categories":[2],"tags":[],"class_list":["post-751","post","type-post","status-publish","format-standard","hentry","category-aufgelesen"],"_links":{"self":[{"href":"https:\/\/www.rume.de\/index.php?rest_route=\/wp\/v2\/posts\/751","targetHints":{"allow":["GET"]}}],"collection":[{"href":"https:\/\/www.rume.de\/index.php?rest_route=\/wp\/v2\/posts"}],"about":[{"href":"https:\/\/www.rume.de\/index.php?rest_route=\/wp\/v2\/types\/post"}],"author":[{"embeddable":true,"href":"https:\/\/www.rume.de\/index.php?rest_route=\/wp\/v2\/users\/1"}],"replies":[{"embeddable":true,"href":"https:\/\/www.rume.de\/index.php?rest_route=%2Fwp%2Fv2%2Fcomments&post=751"}],"version-history":[{"count":3,"href":"https:\/\/www.rume.de\/index.php?rest_route=\/wp\/v2\/posts\/751\/revisions"}],"predecessor-version":[{"id":764,"href":"https:\/\/www.rume.de\/index.php?rest_route=\/wp\/v2\/posts\/751\/revisions\/764"}],"wp:attachment":[{"href":"https:\/\/www.rume.de\/index.php?rest_route=%2Fwp%2Fv2%2Fmedia&parent=751"}],"wp:term":[{"taxonomy":"category","embeddable":true,"href":"https:\/\/www.rume.de\/index.php?rest_route=%2Fwp%2Fv2%2Fcategories&post=751"},{"taxonomy":"post_tag","embeddable":true,"href":"https:\/\/www.rume.de\/index.php?rest_route=%2Fwp%2Fv2%2Ftags&post=751"}],"curies":[{"name":"wp","href":"https:\/\/api.w.org\/{rel}","templated":true}]}}