{"id":749,"date":"2018-07-23T21:38:04","date_gmt":"2018-07-23T19:38:04","guid":{"rendered":"https:\/\/rume.inrieda.de\/?p=749"},"modified":"2018-07-23T21:38:04","modified_gmt":"2018-07-23T19:38:04","slug":"aufgelesen-und-kommentiert-2018-07-23","status":"publish","type":"post","link":"https:\/\/www.rume.de\/?p=749","title":{"rendered":"Aufgelesen und kommentiert 2018-07-23"},"content":{"rendered":"<p>\/ BVerfG vor Entscheidung: D\u00fcrfen Patienten zwangsfixiert werden?<br \/>\n\/ Sklaven f\u00fcr Paketdienste<br \/>\n\/ Arbeitsminister Heil (SPD) sucht billige Pflegekr\u00e4fte aus Osteuropa<br \/>\n\/ Personalmangel bei Bundeswehr: EU-Ausl\u00e4nder als Soldaten?<br \/>\n\/ Staatsanwaltschaft beschlagnahmt Protest-Briefe gegen Rheinmetall<br \/>\n\/ Die gro\u00dfe AfD-Geldverschw\u00f6rung<br \/>\n\/ Deutschland 2018: der Faschismus kehrt zur\u00fcck &#8211; in schickem Anzug<br \/>\n\/ Asyl f\u00fcr Julian Assange, nicht f\u00fcr syrische &#8222;Wei\u00dfhelme&#8220;<br \/>\n\/ Merkel macht Graue W\u00f6lfe hoff\u00e4hig<br \/>\n\/ Bewerber zur Fu\u00dfball-EM 2014: Wer bietet mehr Steuerfreiheit?<br \/>\n\/ Raten Sie mal, woher der n\u00e4chste James-Bond-B\u00f6sewicht kommt<br \/>\n\/ Schnelle Daten: Telekom bietet L\u00f6sung f\u00fcr abgelegene Gebiete<\/p>\n<p>&#8212;<\/p>\n<p><!--more--><\/p>\n<p><a href='https:\/\/www.freitag.de\/autoren\/ulrike-baureithel\/fesseln-statt-kuemmern' class='azc_bbc_url'>BVerfG vor Entscheidung: D\u00fcrfen Patienten zwangsfixiert werden?<\/a><br \/>\nDer FREITAG berichtet: <span class='azc_bbc_italic'>&#8222;Zwangseinweisung, Sedierung mit Medikamenten, Zimmerarrest &#8211; am f\u00fcnften Tag nach der Unterbringung in eine geschlossene Abteilung der Psychiatrie dreht sie durch, schl\u00e4gt mit den F\u00e4usten an die W\u00e4nde, droht sich umzubringen. Da wird sie von einigen M\u00e4nnern umringt, die sie packen und aufs Fixierbett legen. Sie wehrt sich, schreit um Hilfe. Sie wird an H\u00e4nden, F\u00fc\u00dfen und am Leib ans Bett gebunden und alleine gelassen. 48 Stunden verbleibt sie so gefesselt, zwei Mal pinkelt sie sogar ins Bett, weil niemand schnell genug auf ihr Rufen reagiert. Eine traumatische Erfahrung, die lange nachwirkt.<\/p>\n<p>So und \u00e4hnlich lesen sich die oft ersch\u00fctternden Erfahrungsberichte in den Sammlungen der Bundesarbeitsgemeinschaft Psychiatrie-Erfahrener. Die Umst\u00e4nde, weshalb ein Patient in die Psychiatrie eingewiesen wird, sind vielf\u00e4ltig: Angstattacken, Depressionen oder die psychischen Auswirkungen von Drogen- oder Medikamentenkonsum. 2016 gab es insgesamt rund 130.000 Einweisungen. Wie viele der Patienten das erleben, was im obigen Fall geschildert wird, ist nicht bekannt, denn es gibt &#8211; kaum zu glauben &#8211; keine zusammenf\u00fchrenden Statistiken \u00fcber Zwangsma\u00dfnahmen. Zu ihnen geh\u00f6ren au\u00dfer der Fixierung auch die Zwangsbehandlung mit Medikamenten und Isolierung. Die Fixierung ist dabei die schwerste Form des Freiheitsentzugs.&#8220;<\/span> <a href='https:\/\/www.freitag.de\/autoren\/ulrike-baureithel\/fesseln-statt-kuemmern' class='azc_bbc_url'>Weiterlesen&#8230;<\/a><\/p>\n<p><a href='https:\/\/www.jungewelt.de\/artikel\/336455.html' class='azc_bbc_url'>Sklaven f\u00fcr Paketdienste<\/a><br \/>\nDass die Post inzwischen Leute feuert, die mehr als zehn Tage krank waren, ist ja bereits bekannt &#8211; und nat\u00fcrlich nur eine Randerscheinung im Ausbeutungssystem der Paketzulieferbranche. Ganz gezielt werden inzwischen in Osteuropa Stellenangebote deutscher Paketdienste auf russisch oder ukrainisch ver\u00f6ffentlicht, um die Opfer dann hier vollst\u00e4ndig ausbeuten zu k\u00f6nnen &#8211; f\u00fcr einen Monatslohn von 900 Euro.<\/p>\n<p>Aber zum Gl\u00fcck haben wir ja die SPD, die sich gerade erneuern will und gegen Ausbeutung k\u00e4mpft:<\/p>\n<p><a href='https:\/\/www.jungewelt.de\/artikel\/336474.html' class='azc_bbc_url'>Arbeitsminister Heil (SPD) sucht billige Pflegekr\u00e4fte aus Osteuropa<\/a><br \/>\n<span class='azc_bbc_italic'>&#8222;Arbeitsminister Hubertus Heil (SPD) kam im Gespr\u00e4ch mit der Frankfurter Allgemeinen Sonntagszeitung mit der Idee um die Ecke, man k\u00f6nne die vielen leeren Stellen in Altenheimen und Kliniken einfach mit billigen Arbeitskr\u00e4ften aus Osteuropa besetzen. Die Bundesregierung wolle in einem Einwanderungsgesetz die Visa-Vergabe regeln. Eingebracht in die Koalitionsvereinbarungen wurde der Vorschlag, der \u00bbsich am Bedarf unserer Volkswirtschaft orientiert\u00ab, mit dem Argument, den Konzernen fehle es an gut ausgebildeten Spitzenkr\u00e4ften. Allein das ist schon eine Frechheit, denn Staat und Konzerne sind daf\u00fcr da, gen\u00fcgend gute Ausbildungs- und Studienpl\u00e4tze bereitzustellen. Arbeitskr\u00e4fte aus dem Ausland anzuwerben ist f\u00fcr die hiesigen Kapitalisten aber g\u00fcnstiger und schw\u00e4cht die Konkurrenz in den Herkunftsl\u00e4ndern.<\/p>\n<p>F\u00fcr Heil ist das aber nicht genug. Er f\u00e4llt der Gewerkschaftsbewegung auf ganzer Linie in den R\u00fccken. \u00bbEs geht nicht nur um h\u00f6chstqualifizierte Arbeitnehmer\u00ab, hie\u00df es von ihm am Sonntag pl\u00f6tzlich. Statt dessen k\u00f6nne er sich \u00bbvorstellen, dass Pflegekr\u00e4fte aus dem Ausland f\u00fcr ein halbes Jahr nach Deutschland kommen und sich hier Arbeit suchen\u00ab, sinnierte Heil. Wer keinen Arbeitsplatz bekommt, soll sehen, wo er bleibt. Sozialleistungen in Deutschland werde es mit der SPD f\u00fcr EU-Ausl\u00e4nder jedenfalls keine geben. Die hat die heutige SPD-Vorsitzende Andrea Nahles in ihrer Zeit als Arbeitsministerin kassiert.&#8220;<\/span><\/p>\n<p>Seht ihr: Das ist diese SPD-Erneuerung, \u00fcber die sie st\u00e4ndig reden <img class='azc_bbc_image' src='https:\/\/www.rume.de\/smilies\/sarkasm.gif'  \/><\/p>\n<p><a href='https:\/\/www.augsburger-allgemeine.de\/newsticker\/Personalmangel-bei-Bundeswehr-EU-Auslaender-als-Soldaten-id51712281.html' class='azc_bbc_url'>Personalmangel bei Bundeswehr: EU-Ausl\u00e4nder als Soldaten?<\/a><br \/>\nJoah, als Fl\u00fcchtlinge will man sie nicht haben, als billige Opfer zugunsten freier Handelswege und Konzerninteressen hingegen schon. Das ist N\u00fctzlichkeitsrassismus &#8211; oder kurz gesagt: Kapitalismus.<\/p>\n<p>Und aus der Sicht der Herrschenden verlief bislang ja auch alles perfekt: Zuerst wird die Wehrpflicht <span class='azc_bbc_strike'>abgeschafft<\/span> ausgesetzt, damit die Kinder von Besserverdienern nicht mehr f\u00fcr 400 Euro im Dreck robben m\u00fcssen, sondern direkt den von Papa vorgew\u00e4rmten Karriereplatz einnehmen. Und siehe da: Nur wenige Jahre sp\u00e4ter stammen bereits zwei Drittel aller Bundeswehrsoldaten in Afghanistan aus der Unterschicht, die nach jeden Euro zum \u00dcberleben greifen muss (selbst wenn es das eigene Leben kostet).<\/p>\n<p>Inzwischen spricht man ja auch schon ganz offen <a href='https:\/\/www.deutschlandfunkkultur.de\/prekarier-in-uniform.1005.de.html?dram:article_id=159213' class='azc_bbc_url'>von einer Unterschichtenarmee<\/a>. Und hey: Wenn nur der P\u00f6bel f\u00fcr die Interessen der Wirtschaft ins Gras beissen muss, gehen auch die Bewilligung von Auslandseins\u00e4tze <a href='https:\/\/de-de.facebook.com\/PolitikUndZeitgeschehen\/photos\/1438371019612141' class='azc_bbc_url'>viel einfacher von der Hand<\/a>.<\/p>\n<p>Und wenn man es schon so weit gebracht hat, warum dann nicht auch Ausl\u00e4nder als Kanonenfutter? Sagte ich Kanonenfutter? Ja was denn sonst? Im sogenannten &#8222;einfachen Dienst&#8220; der Bundeswehr haben schon jetzt <a href='http:\/\/www.faz.net\/aktuell\/politik\/inland\/bundeswehr-jeder-vierte-einfache-soldat-hat-migrationshintergrund-14321511.html' class='azc_bbc_url'>26 Prozent der Soldaten einen Migrationshintergrund<\/a>. In den h\u00f6heren R\u00e4ngen, weit weg vom eigentlichen Kampfgeschehen, sind es nur noch sieben Prozent. Einem Gardesoldaten mit arischen Aussehen weint man hierzulande nach &#8211; bei einem ausl\u00e4ndisch aussehenden Bundeswehrsoldaten ruft der Stammtisch: <span class='azc_bbc_italic'>&#8222;Gut dass er tot ist.&#8220;<\/span><\/p>\n<p>Zudem gibt es noch weitere Vorteile:<\/p>\n<p>&#8211; Ausl\u00e4nder d\u00fcrften deutlich weniger Hemmungen haben, auf demonstrierende innerdeutsche Sozialproteste zu schiessen, als so manch deutscher Soldat, der in der Menge seine Oma mit ihrer Armutsrente wiedererkennt<\/p>\n<p>&#8211; jeder Vierte vom Krieg zur\u00fcckkehrende Soldat hat posttraumatische Probleme. Umso besser, wenn dann ein ausl\u00e4ndischer Ex-Soldat alkoholkrank wird oder gar Amok l\u00e4uft. Damit l\u00e4sst sich der deutsche Stammtisch prima gegen Fl\u00fcchtlinge aufhetzen<\/p>\n<p>&#8211; und nicht zu vergessen: Fl\u00fcchtlinge kennen sich mit Kriegssituationen bereits gut aus, da sie ja aus Kriegsgebieten kommen. Und auch unsere deutschen Waffen kennen sie bereits, da wir die ja schon zuvor in ihre zerbombte Heimat exportierten<\/p>\n<p>Wie wir also sehen, eine rundum gelungene Forderung. Insofern \u00fcberrascht es keinesfalls, dass <a href='http:\/\/www.faz.net\/aktuell\/politik\/inland\/bundeswehr-prueft-aufnahme-von-auslaendern-15701627.html' class='azc_bbc_url'>die SPD bereits ihre Zustimmung signalisiert<\/a>.<\/p>\n<p><a href='http:\/\/www.cellesche-zeitung.de\/S5429926\/Rheinmetall-Gegner-schreibt-Gemeindemitglieder' class='azc_bbc_url'>Staatsanwaltschaft beschlagnahmt Protest-Briefe gegen Rheinmetall<\/a><br \/>\nFlugbl\u00e4tter verteilen, in denen dazu ermuntert wird, illegale Waffengesch\u00e4fte ans Licht der \u00d6ffentlichkeit zu bringen? VERBOTEN!<br \/>\nBriefe schreiben, in denen die Mitarbeiter der Gemeinde aufgefordert werden, illegale Waffenschiebereien zu verbieten? VERBOTEN!<\/p>\n<p>Und nicht nur das: Die Staatsanwaltschaft ermittelt bereits wegen angeblicher Aufforderung zu einer Straftat. Ja, richtig gelesen: Wenn man dazu auffordert, illegale Waffengesch\u00e4fte aufzudecken, ist das in Deutschland eine Straftat. Im Kapitalismus geht es schliesslich um h\u00f6here Werte: Den Profit!<\/p>\n<p><a href='https:\/\/www.heise.de\/tp\/features\/Die-grosse-AfD-Geldverschwoerung-4117810.html?seite=all' class='azc_bbc_url'>Die gro\u00dfe AfD-Geldverschw\u00f6rung<\/a><br \/>\nTELEPOLIS mit einem hervorragenden Hintergrundbericht \u00fcber den &#8222;Verein&#8220;, der Geld von schwerreichen Million\u00e4ren einsammelt, damit die Parteispender nicht mehr namentlich erw\u00e4hnt werden, wenn sie die Wahlk\u00e4mpfe und Politiker der AfD abschmieren. Ganz vorne steht dann n\u00e4mlich nur noch der Name des Geldw\u00e4sche-Vereins.<\/p>\n<p>Und unter uns angemerkt: Schwerreiche Kapitalisten rotten sich zusammen und bauen (<a href='http:\/\/www.dhm.de\/fileadmin\/medien\/lemo\/images\/d2z02541.jpg' class='azc_bbc_url'>schon wieder<\/a>) mit Millionensummen eine rassistische Partei auf, damit der Deutsche nicht etwa auf den Gedanken kommt, dass das Abkassieren der Obersten 10 Prozent an seinen Niedrigl\u00f6hnen, Armutsrenten und immer schlechteren Arbeitsbedingungen schuld sein k\u00f6nnten &#8211; NEIN, es wird eine rassistische Partei hochgez\u00fcchtet, die dann zur Ablenkung emp\u00f6rt auf &#8222;den Islam&#8220;, &#8222;die Fl\u00fcchtlinge&#8220; und &#8222;die Linksgr\u00fcn-Versifften&#8220; zeigen.<\/p>\n<p>So etwas kann es doch bittesch\u00f6n in Deutschland <a href='https:\/\/www.zeit.de\/kultur\/2017-09\/afd-bundestagswahl-rassismus-deutschland-deutschstunde\/komplettansicht' class='azc_bbc_url'>&#8220;nie wieder&#8220;<\/a> geben. Man hat doch schliesslich aus seiner Geschichte gelernt <img class='azc_bbc_image' src='https:\/\/www.rume.de\/smilies\/sarkasm.gif'  \/><\/p>\n<p><a href='https:\/\/www.nachrichtenspiegel.de\/2018\/07\/22\/deutschland-2018-der-faschismus-kehrt-zurueck-in-schickem-anzug' class='azc_bbc_url'>Deutschland 2018: der Faschismus kehrt zur\u00fcck &#8211; in schickem Anzug<\/a><br \/>\n<span class='azc_bbc_italic'>&#8222;Wenn Kinder in Thailand in einer H\u00f6hle gefangen sind, dann fiebern wir mit an den Ger\u00e4ten, harren ihrer Rettung. Warum? Nun, weil es entsprechend medial aufbereitet wird. Als staatlich organisierte Einladung zur Demonstration von Empathie und soziale Teilnahme zur Beruhigung des Gewissens: &#8222;wir&#8220; leiden mit! Es ist nat\u00fcrlich global betrachtet nur eine Organisation von Heuchelei.<\/p>\n<p>&#8222;Wir&#8220; &#8211; als die Starken, die Reichen, die M\u00e4chtigen &#8211; vernichten jedes Jahr Kinderleben in einem Ausma\u00df, das fast die Horrorzahlen von Auschwitz erreicht. <a href='http:\/\/www.patenschaft-afrika.com\/kindersterben\/woran-sterben-die-meisten-kinder-in-afrika' class='azc_bbc_url'>4,7 Millionen tote Kinder in Afrika &#8211; jedes Jahr!<\/a> Die schaffen es nicht in die Medien. Der Grund ist einfach: in Thailand kommen Gutmenschen zum Einsatz &#8211; also &#8222;wir&#8220;. Taucher der westlichen Wertegemeinschaft retten die Welt &#8211; das ist eine Nachricht wert. Dass unser Lebensstandard, unser Reichtum indirekt und zum Teil auch direkt auf den Knochen von &#8222;Negerkindern&#8220; aufgebaut ist &#8211; die Nachricht schafft es nicht in die Presse. Das die letzten zwanzig Jahre knapp 100 Millionen Kinder verreckt sind, regt uns kaum auf &#8211; dabei sind das mehr Tote als in beiden Weltkriegen zusammen, Kriegen, die auch heute noch hei\u00df diskutiert werden.&#8220;<\/span> <a href='https:\/\/www.nachrichtenspiegel.de\/2018\/07\/22\/deutschland-2018-der-faschismus-kehrt-zurueck-in-schickem-anzug' class='azc_bbc_url'>Weiterlesen&#8230;<\/a><\/p>\n<p><a href='https:\/\/www.linksfraktion.de\/presse\/pressemitteilungen\/detail\/asyl-fuer-julian-assange-nicht-fuer-syrische-weisshelme' class='azc_bbc_url'>Asyl f\u00fcr Julian Assange, nicht f\u00fcr syrische &#8222;Wei\u00dfhelme&#8220;<\/a><br \/>\nAuf der einen Seite Julian Assange, der \u00fcber Wikileaks zahlreiche Kriegsverbrechen aufdeckte &#8211; und auf der anderen Seite sogenannte &#8222;Weisshelme&#8220;, die in Kriegsverbrechen verwickelt sind und <a href='https:\/\/propagandaschau.wordpress.com\/2017\/08\/03\/ein-is-propagandavideo-entlarvt-die-vom-westen-als-helden-dargestellten-weisshelme' class='azc_bbc_url'>islamistischen Terrorgruppen nahestehen<\/a>.<\/p>\n<p>In JEDEM Rechtsstaat w\u00fcrde man Julian Assange sofort Asyl gew\u00e4hren &#8211; und die syrischen Terrorsympathisanten die verschlossene T\u00fcr zeigen.<\/p>\n<p>Aber stattdessen leben wir in Deutschland. Dort wird lachend dabei zugeschaut, wie Julian Assange in den US-Foltergef\u00e4gnissen verschwinden wird, w\u00e4hrend Bundesinnenminister Seehofer die islamistischen Terrorhelme quasi pers\u00f6nlich vom Flughafen abholt.<\/p>\n<p>Dazu passt auch:<\/p>\n<p><a href='https:\/\/www.heise.de\/tp\/features\/Merkel-macht-Graue-Woelfe-hoffaehig-4118163.html' class='azc_bbc_url'>Merkel macht Graue W\u00f6lfe hoff\u00e4hig<\/a><br \/>\nGanz ganz \u00fcbel&#8230;<\/p>\n<p><a href='https:\/\/www.deutschlandfunk.de\/em-bewerbung-2024-im-land-der-steuerfreiheit.1346.de.html?dram:article_id=423512' class='azc_bbc_url'>Bewerber zur Fu\u00dfball-EM 2014: Wer bietet mehr Steuerfreiheit?<\/a><br \/>\nDer Deutschlandfunk berichtet: <span class='azc_bbc_italic'>&#8222;Seit fast vier Monaten pr\u00fcft die UEFA nun schon die Unterlagen, die Deutschland und die T\u00fcrkei im Rahmen ihrer Bewerbungen um die Ausrichtung der Fu\u00dfball-Europameisterschaft 2024 eingereicht haben. Neben Fragen der Infrastruktur und der Sicherheit spielen dabei auch die steuerlichen Ausnahmeregelungen eine Rolle. Wer ein Turnier veranstalten m\u00f6chte, muss gro\u00dfz\u00fcgige Steuergeschenke an milliardenschwere Organisationen wie die UEFA verteilen.<\/p>\n<p>Bei der Europameisterschaft 2016 in Frankreich nahm die UEFA 1,9 Milliarden Euro ein, rund 800 Millionen blieben als Gewinn. Befreit von den \u00fcblichen Steuern, die andere Unternehmen bei solchen Gesch\u00e4ftszahlen abf\u00fchren m\u00fcssten. Und offenkundig hat die UEFA deutlich gemacht, dass eine Nation, die die geforderten Zugest\u00e4ndnisse ganz oder in Teilen verweigert, keine Chance auf den Zuschlag hat.&#8220;<\/span><\/p>\n<p>Hehe, finde ich ne super Nummer: Der P\u00f6bel kann dann seinem Steuergeld zujubeln, dass es sich auf den VIP-Tribunen gut gehen l\u00e4sst <img class='azc_bbc_image' src='https:\/\/www.rume.de\/smilies\/sarkasm.gif'  \/> Aber hey: F\u00fcr so eine EM im eigenen Land kann man schon mal Personalmangel in Krankenh\u00e4usern und Schulen hinnehmem. Ist ja f\u00fcr nen guten Zweck <img class='azc_bbc_image' src='https:\/\/www.rume.de\/smilies\/sarkasm.gif'  \/><\/p>\n<p><a href='https:\/\/deutsch.rt.com\/gesellschaft\/73332-raten-sie-mal-woher-nachste' class='azc_bbc_url'>Raten Sie mal, woher der n\u00e4chste James-Bond-B\u00f6sewicht kommt<\/a><br \/>\nKommt ihr NIE drauf <img class='azc_bbc_image' src='https:\/\/www.rume.de\/smilies\/laugh.gif'  \/><\/p>\n<p>Und zu guter Letzt:<\/p>\n<p><a href='https:\/\/dietagespresse.com\/schneller-als-per-modem-telekom-austria-versendet-daten-ab-sofort-per-post' class='azc_bbc_url'>Schnelle Daten: Telekom bietet L\u00f6sung f\u00fcr abgelegene Gebiete<\/a><br \/>\n<img class='azc_bbc_image' src='https:\/\/www.rume.de\/smilies\/sarkasm.gif'  \/><\/p>\n","protected":false},"excerpt":{"rendered":"<p>\/ BVerfG vor Entscheidung: D\u00fcrfen Patienten zwangsfixiert werden? \/ Sklaven f\u00fcr Paketdienste \/ Arbeitsminister Heil (SPD) sucht billige Pflegekr\u00e4fte aus Osteuropa \/ Personalmangel bei Bundeswehr: EU-Ausl\u00e4nder als Soldaten? \/ Staatsanwaltschaft beschlagnahmt Protest-Briefe gegen Rheinmetall \/ Die gro\u00dfe AfD-Geldverschw\u00f6rung \/ Deutschland 2018: der Faschismus kehrt zur\u00fcck &#8211; in schickem Anzug \/ Asyl f\u00fcr Julian Assange, nicht &hellip; <a href=\"https:\/\/www.rume.de\/?p=749\" class=\"more-link\"><span class=\"screen-reader-text\">\u201eAufgelesen und kommentiert 2018-07-23\u201c <\/span>weiterlesen<\/a><\/p>\n","protected":false},"author":1,"featured_media":0,"comment_status":"open","ping_status":"closed","sticky":false,"template":"","format":"standard","meta":{"footnotes":""},"categories":[2],"tags":[],"class_list":["post-749","post","type-post","status-publish","format-standard","hentry","category-aufgelesen"],"_links":{"self":[{"href":"https:\/\/www.rume.de\/index.php?rest_route=\/wp\/v2\/posts\/749","targetHints":{"allow":["GET"]}}],"collection":[{"href":"https:\/\/www.rume.de\/index.php?rest_route=\/wp\/v2\/posts"}],"about":[{"href":"https:\/\/www.rume.de\/index.php?rest_route=\/wp\/v2\/types\/post"}],"author":[{"embeddable":true,"href":"https:\/\/www.rume.de\/index.php?rest_route=\/wp\/v2\/users\/1"}],"replies":[{"embeddable":true,"href":"https:\/\/www.rume.de\/index.php?rest_route=%2Fwp%2Fv2%2Fcomments&post=749"}],"version-history":[{"count":1,"href":"https:\/\/www.rume.de\/index.php?rest_route=\/wp\/v2\/posts\/749\/revisions"}],"predecessor-version":[{"id":750,"href":"https:\/\/www.rume.de\/index.php?rest_route=\/wp\/v2\/posts\/749\/revisions\/750"}],"wp:attachment":[{"href":"https:\/\/www.rume.de\/index.php?rest_route=%2Fwp%2Fv2%2Fmedia&parent=749"}],"wp:term":[{"taxonomy":"category","embeddable":true,"href":"https:\/\/www.rume.de\/index.php?rest_route=%2Fwp%2Fv2%2Fcategories&post=749"},{"taxonomy":"post_tag","embeddable":true,"href":"https:\/\/www.rume.de\/index.php?rest_route=%2Fwp%2Fv2%2Ftags&post=749"}],"curies":[{"name":"wp","href":"https:\/\/api.w.org\/{rel}","templated":true}]}}