{"id":732,"date":"2018-07-15T12:25:21","date_gmt":"2018-07-15T10:25:21","guid":{"rendered":"https:\/\/rume.inrieda.de\/?p=732"},"modified":"2018-10-29T08:01:34","modified_gmt":"2018-10-29T07:01:34","slug":"oder-soll-man-es-lassen","status":"publish","type":"post","link":"https:\/\/www.rume.de\/?p=732","title":{"rendered":"Oder soll man es lassen?"},"content":{"rendered":"<p><img loading=\"lazy\" decoding=\"async\" src=\"https:\/\/www.rume.de\/wp-content\/uploads\/2018\/07\/osmel-zeit.jpg\" alt=\"\" width=\"630\" height=\"380\" class=\"alignnone size-full wp-image-729\" srcset=\"https:\/\/www.rume.de\/wp-content\/uploads\/2018\/07\/osmel-zeit.jpg 630w, https:\/\/www.rume.de\/wp-content\/uploads\/2018\/07\/osmel-zeit-300x181.jpg 300w\" sizes=\"auto, (max-width: 709px) 85vw, (max-width: 909px) 67vw, (max-width: 984px) 61vw, (max-width: 1362px) 45vw, 600px\" \/><\/p>\n<p><!--more--><\/p>\n<p><a href='https:\/\/dvwelt.wordpress.com\/2018\/07\/13\/mariam-meint' class='azc_bbc_url'>Diesem ganz hervorragenden Gegenkommentar (klick)<\/a> m\u00f6chte ich nur folgende Bilder hinzuf\u00fcgen:<\/p>\n<p><img loading=\"lazy\" decoding=\"async\" src=\"https:\/\/www.rume.de\/wp-content\/uploads\/2018\/07\/osmel-adac.jpg\" alt=\"\" width=\"630\" height=\"380\" class=\"alignnone size-full wp-image-730\" srcset=\"https:\/\/www.rume.de\/wp-content\/uploads\/2018\/07\/osmel-adac.jpg 630w, https:\/\/www.rume.de\/wp-content\/uploads\/2018\/07\/osmel-adac-300x181.jpg 300w\" sizes=\"auto, (max-width: 709px) 85vw, (max-width: 909px) 67vw, (max-width: 984px) 61vw, (max-width: 1362px) 45vw, 600px\" \/><\/p>\n<p><img loading=\"lazy\" decoding=\"async\" src=\"https:\/\/www.rume.de\/wp-content\/uploads\/2018\/07\/osmel-feuerwehr.jpg\" alt=\"\" width=\"630\" height=\"380\" class=\"alignnone size-full wp-image-727\" srcset=\"https:\/\/www.rume.de\/wp-content\/uploads\/2018\/07\/osmel-feuerwehr.jpg 630w, https:\/\/www.rume.de\/wp-content\/uploads\/2018\/07\/osmel-feuerwehr-300x181.jpg 300w\" sizes=\"auto, (max-width: 709px) 85vw, (max-width: 909px) 67vw, (max-width: 984px) 61vw, (max-width: 1362px) 45vw, 600px\" \/><\/p>\n<p><img loading=\"lazy\" decoding=\"async\" src=\"https:\/\/www.rume.de\/wp-content\/uploads\/2018\/07\/osmel-asm.jpg\" alt=\"\" width=\"630\" height=\"380\" class=\"alignnone size-full wp-image-731\" srcset=\"https:\/\/www.rume.de\/wp-content\/uploads\/2018\/07\/osmel-asm.jpg 630w, https:\/\/www.rume.de\/wp-content\/uploads\/2018\/07\/osmel-asm-300x181.jpg 300w\" sizes=\"auto, (max-width: 709px) 85vw, (max-width: 909px) 67vw, (max-width: 984px) 61vw, (max-width: 1362px) 45vw, 600px\" \/><\/p>\n<p><img loading=\"lazy\" decoding=\"async\" src=\"https:\/\/www.rume.de\/wp-content\/uploads\/2018\/07\/osmel-rettungsgasse.jpg\" alt=\"\" width=\"630\" height=\"380\" class=\"alignnone size-full wp-image-728\" srcset=\"https:\/\/www.rume.de\/wp-content\/uploads\/2018\/07\/osmel-rettungsgasse.jpg 630w, https:\/\/www.rume.de\/wp-content\/uploads\/2018\/07\/osmel-rettungsgasse-300x181.jpg 300w\" sizes=\"auto, (max-width: 709px) 85vw, (max-width: 909px) 67vw, (max-width: 984px) 61vw, (max-width: 1362px) 45vw, 600px\" \/><\/p>\n<p><img loading=\"lazy\" decoding=\"async\" src=\"https:\/\/www.rume.de\/wp-content\/uploads\/2018\/07\/osmel-bademeister.jpg\" alt=\"\" width=\"630\" height=\"380\" class=\"alignnone size-full wp-image-725\" srcset=\"https:\/\/www.rume.de\/wp-content\/uploads\/2018\/07\/osmel-bademeister.jpg 630w, https:\/\/www.rume.de\/wp-content\/uploads\/2018\/07\/osmel-bademeister-300x181.jpg 300w\" sizes=\"auto, (max-width: 709px) 85vw, (max-width: 909px) 67vw, (max-width: 984px) 61vw, (max-width: 1362px) 45vw, 600px\" \/><\/p>\n<p><img loading=\"lazy\" decoding=\"async\" src=\"https:\/\/www.rume.de\/wp-content\/uploads\/2018\/07\/osmel-bergrettung.jpg\" alt=\"\" width=\"630\" height=\"380\" class=\"alignnone size-full wp-image-726\" srcset=\"https:\/\/www.rume.de\/wp-content\/uploads\/2018\/07\/osmel-bergrettung.jpg 630w, https:\/\/www.rume.de\/wp-content\/uploads\/2018\/07\/osmel-bergrettung-300x181.jpg 300w\" sizes=\"auto, (max-width: 709px) 85vw, (max-width: 909px) 67vw, (max-width: 984px) 61vw, (max-width: 1362px) 45vw, 600px\" \/><\/p>\n<p>&#8212;<\/p>\n<p>Bildquellen:<\/p>\n<p>By OnkelJohn [<a href=\"http:\/\/www.gnu.org\/copyleft\/fdl.html\">GFDL<\/a>, <a href=\"http:\/\/creativecommons.org\/licenses\/by-sa\/3.0\/\">CC-BY-SA-3.0<\/a> or <a href=\"https:\/\/creativecommons.org\/licenses\/by-sa\/2.5\">CC BY-SA 2.5 <\/a>], <a href=\"https:\/\/commons.wikimedia.org\/wiki\/File:ADAC_Hubschrauber_Elsterwerda_a.jpg\">from Wikimedia Commons<\/a><\/p>\n<p>Feuerwehrm\u00e4nner bei einer &#8222;hei\u00dfen&#8220; \u00dcbung im Brandcontainer, LIZENZFREI, fotografiert und freigegeben von Alexander Blum (www.alexanderblum.de) *&#8220;&#8217;Source:&#8220;&#8216; German Wikipedia, original upload 8. Dez 2004 by [[:de:Benutzer:Orator|Ora<\/p>\n<p><a href=\"https:\/\/de.wikipedia.org\/wiki\/User:Jacktd\" class=\"extiw\" title=\"de:User:Jacktd\">Jacktd<\/a> [<a href=\"http:\/\/www.gnu.org\/copyleft\/fdl.html\">GFDL<\/a> or <a href=\"http:\/\/creativecommons.org\/licenses\/by-sa\/3.0\/\">CC-BY-SA-3.0<\/a>], <a href=\"https:\/\/commons.wikimedia.org\/wiki\/File:RTW103.4-1.JPG\">from Wikimedia Commons<\/a><\/p>\n<p>Stau auf der A 81 bei Rottenburg, Dezember 2004 von Alexander Blum (www.alexanderblum.de)<\/p>\n<p>By Matthias M\u00fcller. Muellerma at de.wikipedia (lindauer-wasserwacht.de) [<a href=\"http:\/\/www.gnu.org\/copyleft\/fdl.html\">GFDL<\/a> or <a href=\"http:\/\/creativecommons.org\/licenses\/by-sa\/3.0\/\">CC-BY-SA-3.0<\/a>], <a href=\"https:\/\/commons.wikimedia.org\/wiki\/File:Spinebord.JPG\">via Wikimedia Commons<\/a><\/p>\n<p>Bayerisches Rotes Kreuz, Kreisverband Berchtesgadener Land [Attribution], <a href=\"https:\/\/commons.wikimedia.org\/wiki\/File:Riesending-Rettung-Verletzter-1.jpg\">via Wikimedia Commons<\/a><\/p>\n","protected":false},"excerpt":{"rendered":"","protected":false},"author":1,"featured_media":0,"comment_status":"open","ping_status":"closed","sticky":false,"template":"","format":"standard","meta":{"footnotes":""},"categories":[4],"tags":[],"class_list":["post-732","post","type-post","status-publish","format-standard","hentry","category-journalismus"],"_links":{"self":[{"href":"https:\/\/www.rume.de\/index.php?rest_route=\/wp\/v2\/posts\/732","targetHints":{"allow":["GET"]}}],"collection":[{"href":"https:\/\/www.rume.de\/index.php?rest_route=\/wp\/v2\/posts"}],"about":[{"href":"https:\/\/www.rume.de\/index.php?rest_route=\/wp\/v2\/types\/post"}],"author":[{"embeddable":true,"href":"https:\/\/www.rume.de\/index.php?rest_route=\/wp\/v2\/users\/1"}],"replies":[{"embeddable":true,"href":"https:\/\/www.rume.de\/index.php?rest_route=%2Fwp%2Fv2%2Fcomments&post=732"}],"version-history":[{"count":5,"href":"https:\/\/www.rume.de\/index.php?rest_route=\/wp\/v2\/posts\/732\/revisions"}],"predecessor-version":[{"id":737,"href":"https:\/\/www.rume.de\/index.php?rest_route=\/wp\/v2\/posts\/732\/revisions\/737"}],"wp:attachment":[{"href":"https:\/\/www.rume.de\/index.php?rest_route=%2Fwp%2Fv2%2Fmedia&parent=732"}],"wp:term":[{"taxonomy":"category","embeddable":true,"href":"https:\/\/www.rume.de\/index.php?rest_route=%2Fwp%2Fv2%2Fcategories&post=732"},{"taxonomy":"post_tag","embeddable":true,"href":"https:\/\/www.rume.de\/index.php?rest_route=%2Fwp%2Fv2%2Ftags&post=732"}],"curies":[{"name":"wp","href":"https:\/\/api.w.org\/{rel}","templated":true}]}}