{"id":720,"date":"2018-07-11T23:40:27","date_gmt":"2018-07-11T21:40:27","guid":{"rendered":"https:\/\/rume.inrieda.de\/?p=720"},"modified":"2018-07-12T04:44:38","modified_gmt":"2018-07-12T02:44:38","slug":"aufgelesen-und-kommentiert-2018-07-11","status":"publish","type":"post","link":"https:\/\/www.rume.de\/?p=720","title":{"rendered":"Aufgelesen und kommentiert 2018-07-11"},"content":{"rendered":"<p>\/ Teilhabechancengesetz: Die Zwangsarbeit f\u00fcr ALG II-Bezieher kommt<br \/>\n\/ Kann eine Linke die Politik von Tsipras noch verteidigen?<br \/>\n\/ Fusion Karstadt-Kaufhof bedroht Tausende Arbeitspl\u00e4tze<br \/>\n\/ Steuerhinterziehung: EU macht den Bock zum G\u00e4rtner<br \/>\n\/ Alles bio oder was?<br \/>\n\/ Seehofers &#8222;Masterplan&#8220;<br \/>\n\/ Handy-Durchsuchung von Fl\u00fcchtlingen: Rechtswidrig und nutzlos<br \/>\n\/ Neusprech: Zuwanderungskorridor<br \/>\n\/ NSU-Prozess: Der Staat hat keines seiner Versprechen gehalten<br \/>\n\/ Zum Ende des NSU-Prozesses: Nichts ist in Ordnung!<br \/>\n\/ Wieso 120 Jahre Sperrfrist f\u00fcr NSU-Akten?<br \/>\n\/ Deutschland ist souver\u00e4n, das ZDF kein Staatssender, L\u00fcge ist Wahrheit<br \/>\n\/ Willkommen im weltoffenen Deutschland<\/p>\n<p>&#8212;<\/p>\n<p><!--more--><\/p>\n<p><a href='https:\/\/www.gegen-hartz.de\/hartz-iv-teilhabechancengesetz-die-zwangsarbeit-fuer-alg-ii-bezieher-kommt' class='azc_bbc_url'>Teilhabechancengesetz: Die Zwangsarbeit f\u00fcr ALG II-Bezieher kommt<\/a><br \/>\nWer zu den sogenannten &#8222;Langzeitarbeitslosen&#8220; z\u00e4hlt, kann mit diesem neuen Gesetzesverbrechen f\u00fcr bis zu f\u00fcnf Jahre zur Zwangsarbeit verdonnert werden &#8211; euphemistisch als &#8222;Zuweisung an einen Arbeitgeber&#8220; bezeichnet. W\u00e4hrend dieser Zeit muss der <span class='azc_bbc_strike'>Ausbeutungsbetrieb<\/span> Arbeitgeber keine Lohnkosten zahlen, sondern das \u00fcbernimmt <span class='azc_bbc_strike'>der Steuerzahler<\/span> das Jobcenter. Und nat\u00fcrlich zahlt man auch keinen Tariflohn, sondern lediglich den Regelsatz. <span class='azc_bbc_italic'>&#8222;Das arbeitsscheue Pack soll erstmal lernen, morgens wieder p\u00fcnktlich aufzustehen&#8220;<\/span>, so ein Sprecher der Beh\u00f6rde. <span class='azc_bbc_italic'>&#8222;Sonst bekommt er unsere Sanktionen zu sp\u00fcren!&#8220;<\/span><\/p>\n<p>Dass diese &#8222;kostenlose&#8220; Zwangsarbeit zu Entlassungen anderer (nach Tariflohn bezahlter) Arbeitnehmer f\u00fchrt, interessiert keinen. Im Kapitalismus geht es nicht um ein menschenw\u00fcrdiges Leben. Es geht um h\u00f6here Werte: Es geht um den gr\u00f6sstm\u00f6glichen Profit!<\/p>\n<p>\u00dcbrigens ist dies das erste neue Gesetz des SPD-gef\u00fchrten Arbeitsministeriums unter Hubertus Heil.<\/p>\n<p>Oder anders gesagt: Das ist diese SPD-Erneuerung, \u00fcber die sie st\u00e4ndig reden <img class='azc_bbc_image' src='https:\/\/www.rume.de\/smilies\/sarkasm.gif'  \/><\/p>\n<p><a href='https:\/\/www.heise.de\/tp\/features\/Kann-eine-Linke-die-Politik-von-Tsipras-noch-verteidigen-4107589.html?seite=all' class='azc_bbc_url'>Kann eine Linke die Politik von Tsipras noch verteidigen?<\/a><br \/>\nNein, kann sie nat\u00fcrlich nicht. Dass DIE LINKE es dennoch macht, zeigt nur glasklar auf, dass auch sie nur Sozialdemokraten sind, die lieber ihre eigene verbrecherische Umverteilungspolitik von Unten nach Oben verteidigt, statt den Kapitalismus in Frage zu stellen.<\/p>\n<p><a href='http:\/\/www.wsws.org\/de\/articles\/2018\/07\/11\/kauf-j11.html' class='azc_bbc_url'>Fusion Karstadt-Kaufhof bedroht Tausende Arbeitspl\u00e4tze<\/a><br \/>\nIch will nicht wieder alles umfassend zitieren, wie die Konzernmanager zusammen mit ihren Gewerkschaften und Betriebsr\u00e4ten gegen die Belegschaft vorgehen. Klickt und lest einfach selbst <img class='azc_bbc_image' src='https:\/\/www.rume.de\/smilies\/nasiehste.gif'  \/><\/p>\n<p><a href='https:\/\/www.lobbycontrol.de\/2018\/07\/steuervermeidung-eu-macht-den-bock-zum-gaertner' class='azc_bbc_url'>Steuerhinterziehung: EU macht den Bock zum G\u00e4rtner<\/a><br \/>\nDie EU l\u00e4sst sich in Steuerfragen von genau den Wirtschaftspr\u00fcfern beraten, die &#8222;Steuersparmodelle&#8220; f\u00fcr Konzerne anbieten. Es ist nur logisch, dass diese Steuerhinterziehungs-Berater niemals den Ast gesetzlich abs\u00e4gen werden, auf dem sie sitzen &#8211; und woran sie f\u00fcrstlich verdienen.<\/p>\n<p>Aber hey: Was will man von den EU-Herrschenden auch anderes erwarten, wenn sie zeitgleich auch <a href='https:\/\/www.br.de\/nachrichten\/madeira-steuerparadies-steueroase-eu-kommission-100.html' class='azc_bbc_url'>Steuerhinterziehung subventionieren?<\/a><\/p>\n<p><a href='https:\/\/www.kontextwochenzeitung.de\/politik\/380\/alles-bio-oder-was-5207.html' class='azc_bbc_url'>Alles bio oder was?<\/a><br \/>\nWenn die Verm\u00fcllung der Meere voranschreitet wie bisher, schwimmt in wenigen Jahren mehr Plastikm\u00fcll als Fisch in den Ozeanen. Und selbst wenn ihr nur ganz wenig Zeit habt &#8211; aber schaut euch zumindest das eingebettete Kurzvideo ab Minute 3:30 an, wo der Mageninhalt von toten V\u00f6geln gezeigt wird! So zerst\u00f6ren wir die Welt.<\/p>\n<p><a href='http:\/\/www.wsws.org\/de\/articles\/2018\/07\/11\/mast-j11.html' class='azc_bbc_url'>Seehofers &#8222;Masterplan&#8220;<\/a><br \/>\nWer sich ratlos fragt, wie Deutschland immer tiefer in die nationalsozialistische Verbrecherpolitik abrutschen konnte, muss sich nur Seehofers &#8222;Masterplan&#8220; durchlesen. Denn es fing nicht mit Gaskammern an. Es fing an mit einer Politik, die von WIR gegen DIE sprach. Es fing an mit Hetze und Intoleranz. Es fing an mit der Aberkennung von Grundrechten. Es fing an mit brennenden H\u00e4usern. Es fing an mit Menschen, die einfach wegschauten.<\/p>\n<img class='azc_bbc_image' src='https:\/\/www.rume.de\/wp-content\/uploads\/2018\/07\/Es_begann_NICHT_mit_Gaskammern.jpg'  \/>\n<p><a href='https:\/\/netzpolitik.org\/2018\/asylverfahren-handy-durchsuchung-bringt-keine-vorteile' class='azc_bbc_url'>Handy-Durchsuchung von Fl\u00fcchtlingen: Rechtswidrig und nutzlos<\/a><br \/>\nDIE LINKE hat mal wieder nachgebohrt und die Zahlen angefordert, was die von der Bundesregierung angeordneten Handydurchsuchung bei Fl\u00fcchtlingen an Ergebnissen gebracht hat.<\/p>\n<p>Wir erinnern uns: Die Parole, dass Millionen von Fl\u00fcchtlinge ihren Pass wegwerfen und dann lachend nach Deutschland einfallen, um Geld zu kassieren, geh\u00f6rt beim traditionell bildungspolitisch intelligenten Deutschen zum Basiswissen <img class='azc_bbc_image' src='https:\/\/www.rume.de\/smilies\/sarkasm.gif'  \/> Und weil rechtsextreme Parteien wie die CSU und die AfD immer menschenverachtendere Parolen schmettern, hat die SPD sich diesen Verbrechen nicht etwa in den Weg gestellt, sondern wie immer mitgemacht. So kam es dazu, dass ab sofort bei jedem Fl\u00fcchtling das Handy geknackt und nach &#8222;verr\u00e4terischen Spuren&#8220; (voreingestellt Sprache, enthaltene Geodaten, Sprache der Textmitteilungen auf dem Ger\u00e4t, usw.) durchsucht wurde &#8211; ganz in der \u00dcberzeugung, damit zigtausende &#8222;unberechtigte&#8220; Menschen abweisen zu k\u00f6nnen.<\/p>\n<p>Jetzt die Ern\u00fcchterung, denn Seehofers Bundesinnenministerium musste konkrete Zahlen liefern (Zitat): <span class='azc_bbc_italic'>&#8222;In der Phase von September 2017 bis Ende Mai 2018 konnten knapp 15.000 der Betroffenen keine Papiere vorlegen, weshalb das BAMF ihre Mobiltelefone, Tablets oder Laptops ausgelesen hat. In nur ca. 100 F\u00e4llen widersprachen die Daten dem, was die Personen bei der Befragung mitgeteilt hatten. Zum Vergleich: In diesem Zeitraum wurde \u00fcber 230.000 Asylantr\u00e4ge entschieden.&#8220;<\/span><\/p>\n<p>Wer nun \u00fcbrigens denkt, dass damit diese rechtswidrige Repression eingestellt werden kann, hat den wahren Hintergrund nicht erkannt. Es wurden n\u00e4mlich Ger\u00e4tschaften f\u00fcr f\u00fcnf Millionen Euro beschafft, mit dessen Hilfe sich Handys knacken und ausspionieren lassen. Dieses Steuergeld wurde nicht f\u00fcr &#8222;die paar Fl\u00fcchtlinge&#8220; veruntreut, sondern ist f\u00fcr die sp\u00e4tere Ausweitung auf alle Bundesb\u00fcrger vorgesehen. Fl\u00fcchtlinge waren nur die Testobjekte, ob die Handyknack-Ger\u00e4te auch zuverl\u00e4ssig funktionieren. Der wahre Grund war, zuk\u00fcnftig auch jedem Bundesb\u00fcrger das Handy wegnehmen zu k\u00f6nnen, um dieses &#8222;mal eben kurz&#8220; zu durchsuchen.<\/p>\n<p>Wie bereits gesagt: Es beginnt nicht mit Gaskammern, sondern mit der Aberkennung von Grundrechten f\u00fcr einzelne Bev\u00f6lkerungsgruppen. Und mit zu vielen Menschen, die dabei einfach wegschauen&#8230;<\/p>\n<p><a href='https:\/\/neusprech.org\/zuwanderungskorridor' class='azc_bbc_url'>Neusprech: Zuwanderungskorridor<\/a><br \/>\n<span class='azc_bbc_italic'>&#8222;Der Z. meint nicht etwa gesch\u00fctzte Bereiche an den europ\u00e4ischen Grenzen, \u00fcber die Fl\u00fcchtlinge gefahrlos ein sicheres Land erreichen k\u00f6nnen. Der Z., den Innenminister Horst Seehofer in seinem hochtrabend als &#8222;Masterplan&#8220; bezeichneten Papier nennt, ist die Zahl der Fl\u00fcchtlinge, die die Bundesregierung j\u00e4hrlich aufnehmen bereit w\u00e4re. Korridor klingt, als sei diese Zahl flexibel. Das ist sie aber nicht. Damit ist der Z. nur ein anderer Ausdruck f\u00fcr &#8222;Obergrenze&#8220; &#8211; und damit eine bewusste Verschleierung der Pl\u00e4ne der Bundesregierung.&#8220;<\/span><\/p>\n<p><a href='https:\/\/www.jungewelt.de\/artikel\/335764.html' class='azc_bbc_url'>NSU-Prozess: Der Staat hat keines seiner Versprechen gehalten<\/a><br \/>\nEin Gespr\u00e4ch mit Candan \u00d6zer, dessen Ehemann beim Nagelbomben-Attentats von K\u00f6ln schwer verletzt wurde. Kurzer Auszug: <span class='azc_bbc_italic'>&#8222;Ich habe einen achtj\u00e4hrigen Sohn, dem ich in Zukunft immer wieder werde erkl\u00e4ren m\u00fcssen, was mit seinem Vater war. Er ist an den Folgen gestorben. Er hat seine Arbeit verloren, er hat keine Unterst\u00fctzung bekommen, er ist immer mehr zugrunde gegangen. Egal, welche Antr\u00e4ge er gestellt hat &#8211; sie wurden alle abgelehnt. Die Opfer waren Leute, die hier ihr Leben verbracht haben, die gearbeitet haben, sich immer an die Gesetze hier gehalten haben. Sie wurden verletzt oder umgebracht, um dann als T\u00e4ter dargestellt zu werden.<\/p>\n<p>Wenn ein Anschlag einen fremdenfeindlichen Hintergrund hat, wird entweder gar nicht dar\u00fcber gesprochen, oder es wird ganz schnell vertuscht. Wenn es islamistische Anschl\u00e4ge gewesen w\u00e4ren, dann w\u00fcrde es dreifach in die L\u00e4nge gezogen werden.&#8220;<\/span><\/p>\n<p><a href='https:\/\/www.deutschlandfunkkultur.de\/zum-ende-des-nsu-prozesses-nichts-ist-in-ordnung.1005.de.html?dram:article_id=422387' class='azc_bbc_url'>Zum Ende des NSU-Prozesses: Nichts ist in Ordnung!<\/a><br \/>\nDer Deutschlandfunk kommentiert: <span class='azc_bbc_italic'>&#8222;Viele werden sagen, mit dem Urteil sei endlich alles in Ordnung, der Rechtsfriede wiederhergestellt. Doch nichts ist in Ordnung, denn die Vorg\u00e4nge in den Sicherheitsbeh\u00f6rden sind nicht aufgearbeitet. Das Terrornetzwerk ist nicht ermittelt. Und die Polizei kann unkritisiert zur Tagesordnung \u00fcbergehen. Dabei hie\u00df es &#8222;Negerfahrzeug&#8220; in einem Polizeivermerk. Da wurde bekannt, dass sich Polizeibeamte im Ku-Klux-Klan organisierten. Da war der Verfassungssch\u00fctzer, der sich zur Tatzeit am Kasseler NSU-Tatort befunden hatte und bei dem man sp\u00e4ter Waffen und rechtsextreme Schriften fand &#8211; aber darauf beharrte, nichts geh\u00f6rt und nichts gesehen zu haben.<\/p>\n<p>Exemplarisch f\u00fcr die beklemmende Aufkl\u00e4rungsblockade war etwa ein Verfassungssch\u00fctzer aus Brandenburg, Typus Schreibtischt\u00e4ter. Er klammerte sich an einen Aktenordner, den er dem Richter nicht aush\u00e4ndigen wollte. In besagtem Ordner befanden sich dienstliche Anweisungen dazu, wie er kritische Fragen der Nebenklagevertreter beantworten sollte. Diese Szene ist sinnbildlich. Denn mit dem Bekanntwerden des NSU im November 2011 erfolgte die wohl umfangreichste Aktenvernichtung im Bundesamt und in zahlreichen Landes\u00e4mtern f\u00fcr Verfassungsschutz, die es w\u00e4hrend laufender Ermittlungen je gab.<\/p>\n<p>Konsequenzen hatte das alles nicht. Ganz im Gegenteil: Die Befugnisse des Bundesamts f\u00fcr Verfassungsschutz wurden erweitert, V-M\u00e4nnern sind Straftaten jetzt explizit erlaubt. Das ist bitterster Zynismus.&#8220;<\/span> <a href='https:\/\/www.deutschlandfunkkultur.de\/zum-ende-des-nsu-prozesses-nichts-ist-in-ordnung.1005.de.html?dram:article_id=422387' class='azc_bbc_url'>Weiterlesen&#8230;<\/a><\/p>\n<p>Und unter uns angemerkt: Nach der Verh\u00e4ngung der H\u00f6chststrafe (nur zur Erinnerung: Ein Urteil ohne Aufkl\u00e4rung) bin ich mal darauf gespannt, ob Beate Zsch\u00e4pe nun endg\u00fcltig auspackt &#8211; oder doch lieber die noch verbleibenden neun Jahre absitzt und froh dar\u00fcber ist, nicht &#8222;geselbstmordet&#8220; in ihrer Zelle aufgefunden zu werden. Das <a href='https:\/\/www.heise.de\/tp\/features\/NSU-Nationales-Selbstmord-Unternehmen-3365165.html' class='azc_bbc_url'>Massensterben m\u00f6glicher NSU-Zeugen<\/a> war ihr sicherlich Warnung genug. Deshalb gehts nun erstmal in Revision. <a href='http:\/\/www.faz.net\/aktuell\/politik\/inland\/nsu-prozess-welche-aussicht-auf-erfolg-hat-die-revision-15686260.html' class='azc_bbc_url'>Nicht zu Unrecht \u00fcbrigens<\/a>. Und m\u00f6glicherweise war das ja auch der Deal. Oberfl\u00e4chlich eine &#8222;harte Strafe&#8220; aussprechen, die anschliessend vom BGH kassiert und\/oder reduziert wird, wenn die mediale Aufregung nicht mehr so gross ist.<\/p>\n<p><a href='https:\/\/deutsch.rt.com\/meinung\/72735-verschwoerungstheoretiker-und-verschwoerungspraktiker-lange-sperrfrist' class='azc_bbc_url'>Wieso 120 Jahre Sperrfrist f\u00fcr NSU-Akten?<\/a><br \/>\nDirekt mit dem Urteil im NSU-Prozess werden auch <a href='http:\/\/www.sakurai-cartoons.de\/actual.php5?gross=7387' class='azc_bbc_url'>die Akten f\u00fcr 120 Jahre (!) unter Verschluss gestellt<\/a>. Was bitte m\u00fcssen Polizei und Verfassungsschutz alles auf dem Kerbholz haben, um von der Regierung einen derart langen Zeitraum bewilligt zu bekommen?<\/p>\n<p>Nur zum Vergleich: Wir w\u00fcrden erst in 20 Jahren das allererste St\u00fcck Papier aus dem Ersten (!) Weltkrieg zu Gesicht bekommen, wenn der Deutsche Kaiser Wilhelm II dieselbe Sperrfrist verh\u00e4ngt h\u00e4tte wie unsere jetzige Regierung.<\/p>\n<p><a href='https:\/\/propagandaschau.wordpress.com\/2018\/07\/10\/deutschland-ist-souveraen-und-das-zdf-kein-staatssender' class='azc_bbc_url'>Deutschland ist souver\u00e4n, das ZDF kein Staatssender, L\u00fcge ist Wahrheit<\/a><br \/>\nV\u00f6llig kritiklos meldet das ZDF mal eben, was die USA von Deutschland einfordern. Ganz so, als w\u00e4re es vollkommen selbstverst\u00e4ndlich, dass wir sofort &#8222;Jawohl&#8220; sagen und mit der sofortigen Umsetzung beginnen. Man stelle sich nur einmal vor, Russland oder China w\u00fcrden Forderungen an Deutschland stellen <img class='azc_bbc_image' src='https:\/\/www.rume.de\/smilies\/biggrin.gif'  \/> Unsere Politmarionetten und ihre hofierende Qualit\u00e4tsjournaille w\u00fcrden ihre gesamte &#8222;Emp\u00f6\u00f6\u00f6rung&#8220; schauspielen.<\/p>\n<p>Aber hey: Was bitte soll unser Staatsfernsehen auch an Kritik \u00e4ussern, wenn die Bundesregierung <a href='http:\/\/blog.fefe.de\/?ts=a5b8ac55' class='azc_bbc_url'>auf derselben Linie agiert<\/a>? Wenn die Bundesregierung eine Marschlinie vorgibt, dann haben die \u00d6ffentlich-Rechten daran keine Kritik zu \u00fcben, sondern weisungsgem\u00e4ss gegen\u00fcber dem P\u00f6bel zu verteidigen, dass das schon alles seine Richtigkeit hat.<\/p>\n<p>Und \u00fcberhaupt: Nur 18 Milliarden Euro zus\u00e4tzlich (!) f\u00fcr die milit\u00e4rische Hochr\u00fcstung der Bundeswehr? <span class='azc_bbc_italic'>&#8222;Das reicht hinten und vorne nicht!&#8220;<\/span> Und diese Aussage kommt nicht etwa von der Waffenlobby oder v\u00f6lkerrechtsbrechenden Kriegspolitikern, sondern <a href='https:\/\/propagandaschau.wordpress.com\/2018\/07\/11\/ard-kriegstreiber-christian-thiels-18-000-000-000-euro-mehr-sind-nicht-genug' class='azc_bbc_url'>vom &#8222;Verteidigungsexperten&#8220; unserer \u00f6ffentlich-rechten Staatssender<\/a>.<\/p>\n<p>Und zu guter Letzt:<\/p>\n<p><a href='http:\/\/www.schwarwel.de\/wp-content\/uploads\/2018\/07\/180705-weltoffen-fluechtlinge-1000-karikatur-schwarwel.jpg' class='azc_bbc_url'>Willkommen im weltoffenen Deutschland<\/a><br \/>\n&#8230;.<\/p>\n","protected":false},"excerpt":{"rendered":"<p>\/ Teilhabechancengesetz: Die Zwangsarbeit f\u00fcr ALG II-Bezieher kommt \/ Kann eine Linke die Politik von Tsipras noch verteidigen? \/ Fusion Karstadt-Kaufhof bedroht Tausende Arbeitspl\u00e4tze \/ Steuerhinterziehung: EU macht den Bock zum G\u00e4rtner \/ Alles bio oder was? \/ Seehofers &#8222;Masterplan&#8220; \/ Handy-Durchsuchung von Fl\u00fcchtlingen: Rechtswidrig und nutzlos \/ Neusprech: Zuwanderungskorridor \/ NSU-Prozess: Der Staat hat &hellip; <a href=\"https:\/\/www.rume.de\/?p=720\" class=\"more-link\"><span class=\"screen-reader-text\">\u201eAufgelesen und kommentiert 2018-07-11\u201c <\/span>weiterlesen<\/a><\/p>\n","protected":false},"author":1,"featured_media":0,"comment_status":"open","ping_status":"closed","sticky":false,"template":"","format":"standard","meta":{"footnotes":""},"categories":[2],"tags":[],"class_list":["post-720","post","type-post","status-publish","format-standard","hentry","category-aufgelesen"],"_links":{"self":[{"href":"https:\/\/www.rume.de\/index.php?rest_route=\/wp\/v2\/posts\/720","targetHints":{"allow":["GET"]}}],"collection":[{"href":"https:\/\/www.rume.de\/index.php?rest_route=\/wp\/v2\/posts"}],"about":[{"href":"https:\/\/www.rume.de\/index.php?rest_route=\/wp\/v2\/types\/post"}],"author":[{"embeddable":true,"href":"https:\/\/www.rume.de\/index.php?rest_route=\/wp\/v2\/users\/1"}],"replies":[{"embeddable":true,"href":"https:\/\/www.rume.de\/index.php?rest_route=%2Fwp%2Fv2%2Fcomments&post=720"}],"version-history":[{"count":1,"href":"https:\/\/www.rume.de\/index.php?rest_route=\/wp\/v2\/posts\/720\/revisions"}],"predecessor-version":[{"id":721,"href":"https:\/\/www.rume.de\/index.php?rest_route=\/wp\/v2\/posts\/720\/revisions\/721"}],"wp:attachment":[{"href":"https:\/\/www.rume.de\/index.php?rest_route=%2Fwp%2Fv2%2Fmedia&parent=720"}],"wp:term":[{"taxonomy":"category","embeddable":true,"href":"https:\/\/www.rume.de\/index.php?rest_route=%2Fwp%2Fv2%2Fcategories&post=720"},{"taxonomy":"post_tag","embeddable":true,"href":"https:\/\/www.rume.de\/index.php?rest_route=%2Fwp%2Fv2%2Ftags&post=720"}],"curies":[{"name":"wp","href":"https:\/\/api.w.org\/{rel}","templated":true}]}}