{"id":709,"date":"2018-07-05T21:56:13","date_gmt":"2018-07-05T19:56:13","guid":{"rendered":"https:\/\/rume.inrieda.de\/?p=709"},"modified":"2018-07-05T21:56:13","modified_gmt":"2018-07-05T19:56:13","slug":"aufgelesen-und-kommentiert-2018-07-05","status":"publish","type":"post","link":"https:\/\/www.rume.de\/?p=709","title":{"rendered":"Aufgelesen und kommentiert 2018-07-05"},"content":{"rendered":"<p>\/ Griechenlands Zwangs-Privatisierungen bringen wenig Geld<br \/>\n\/ EU-Kommission pr\u00e4sentiert &#8222;europaweites privates Altersvorsorgeprodukt&#8220;<br \/>\n\/ Neue EU-Entsenderichtlinien: Arbeitszeiten bis zu 16 Stunden am Tag<br \/>\n\/ Opel-Betriebsrat: Das Management hat gelogen<br \/>\n\/ EU beschlie\u00dft 500 Mio. Euro-F\u00f6rderung f\u00fcr Milit\u00e4rforschung<br \/>\n\/ Reporter ohne Grenzen: Solidarit\u00e4t mit hausdurchsuchten Netzaktivisten<br \/>\n\/ Politik will Demonstration gegen NRW-Polizeigesetz verhindern<br \/>\n\/ Bisher gr\u00f6\u00dfte Sammelabschiebung nach Afghanistan<br \/>\n\/ CSU-Staatssekret\u00e4r Mayer: &#8222;Transitzentren sind keine Gef\u00e4ngnisse&#8220;<br \/>\n\/ Bundespolizeigewerkschaft unterst\u00fctzt Transitzentren<br \/>\n\/ Bundesdeutsche Fl\u00fcchtlingspolitik und ihre t\u00f6dlichen Folgen<br \/>\n\/ AfD-Veranstaltung mit Konfetti beschossen &#8211; Hubschraubereinsatz<br \/>\n\/ EU-Parlament: Abgeordnete stimmen vorerst gegen Upload-Filter<br \/>\n\/ Atomausstieg kommt wohl auch in USA<br \/>\n\/ CSU will Flugtaxis in M\u00fcnchen<br \/>\n\/ Online-Fragebogen der EU-Kommission: Sommerzeit Ja oder Nein?<br \/>\n\/ Dax-Vorst\u00e4nde kassieren 71x mehr als ihre Angestellten<\/p>\n<p>&#8212;<\/p>\n<p><!--more--><\/p>\n<p><a href='http:\/\/www.spiegel.de\/wirtschaft\/soziales\/griechenland-privatisierungen-bringen-wenig-geld-ein-a-1216375.html' class='azc_bbc_url'>Griechenlands Zwangs-Privatisierungen bringen wenig Geld<\/a><br \/>\nDas ehemalige Nachrichtenmagazin meldet: <span class='azc_bbc_italic'>&#8222;Airports, H\u00e4fen, Telekommunikation: Mit dem Zwangsverkauf von Staatsbesitz sollte Griechenland 50 Milliarden Euro einnehmen. Als Gegenleistung f\u00fcr die bis dahin empfangenen Milliardenkredite hat sich die griechische Regierung zu weitgehenden Pl\u00fcnderungen verpflichtet &#8211; darunter auch den Ausverkauf von Staatsbesitz. Doch von seinen urspr\u00fcnglichen Privatisierungszielen bleibt Griechenland weit entfernt. Das zeigt eine Antwort des Bundesfinanzministeriums auf eine Anfrage der LINKEN, die dem SPIEGEL vorliegt. F\u00fcr die Jahre 2011 bis 2017 werden darin Erl\u00f6se aus Privatisierungen von insgesamt 5,1 Milliarden Euro aufgef\u00fchrt. Eigentlich sollte Griechenland zehnmal so viel Geld einnehmen. Ein Problem ist aber auch, dass die Privatisierungen unter Zeitdruck und in einer nach wie vor schlechten wirtschaftlichen Lage erfolgen und somit oft keine guten Preise erzielen. Das erleben auch viele B\u00fcrger, die ihre Immobilien zu Schleuderpreisen an ausl\u00e4ndische Investoren verkaufen m\u00fcssen. &#8222;Die Privatisierung \u00f6ffentlicher Verm\u00f6genswerte in einem depressiven Umfeld ist wie R\u00e4umungsverkauf&#8220;, kritisiert LINKEN-Finanzpolitiker Fabio De Masi.&#8220;<\/span><\/p>\n<p>\u00c4h ja, genau das war ja auch das Ziel: M\u00f6glichst kleine Kaufpreise auf garantierten Profit.<\/p>\n<p>Kein schwerreicher &#8222;Investor&#8220; kauft z.B. ein Trinkwassernetz, wenn er daf\u00fcr einen angemessenen Preis zahlen m\u00fcsste. Das lohnt sich nur, wenn der Preis am Boden liegt und fetten Profit verspricht. Denn nichts ist Sch\u00f6ner, als ein Monopol zum Schleuderpreis kaufen zu k\u00f6nnen, um anschliessend den Preis ohne jeden Wettbewerb zu diktieren.<\/p>\n<p>Genau das haben CDU\/CSU und SPD mit ihrer Griechenland-Politik gewollt &#8211; und genau das haben sie auch bekommen.<\/p>\n<p>Und das geben sie auch selber zu. Zitat: <span class='azc_bbc_italic'>&#8222;Auf die Frage, ob sie solche &#8222;fire sales&#8220; unter Zeitdruck und mit wenigen Bietern f\u00fcr angemessen halte, antwortete die Bundesregierung, es gehe bei den Privatisierungen neben dem Schuldenabbau auch um Markt\u00f6ffnung sowie die Depolitisierung und Verbesserung des Managements.&#8220;<\/span><\/p>\n<p>Seht ihr: Nicht die gew\u00e4hlten Kommunalpolitiker sollen den Preis festlegen, die sie f\u00fcr die Instandhaltung und Verbesserung der Trinkwasser- oder Netzversorgung ben\u00f6tigen, sondern schwerreiche &#8222;Investoren&#8220; sollen ohne jede politische Einmischung (&#8222;depolitisch&#8220;) jederzeit ihre gew\u00fcnschte Profitrate festlegen &#8211; und abkassieren.<\/p>\n<p><a href='https:\/\/www.freitag.de\/autoren\/der-freitag\/achtung-rentenfresser' class='azc_bbc_url'>EU-Kommission pr\u00e4sentiert &#8222;europaweites privates Altersvorsorgeprodukt&#8220;<\/a><br \/>\nWer wissen will, wie gekaufte Politik funktioniert, kann das in diesem Bericht nachlesen.<\/p>\n<p><a href='https:\/\/www.freitag.de\/autoren\/katharina-schmitz\/busfahren' class='azc_bbc_url'>Neue EU-Entsenderichtlinien: Arbeitszeiten bis zu 16 Stunden am Tag<\/a><br \/>\nDer FREITAG berichtet: <span class='azc_bbc_italic'>&#8222;Mit den neuen Entsenderichtlinien k\u00f6nnten bald Busse, die zum Beispiel von M\u00fcnchen nach Budapest fahren, von europ\u00e4ischen Niedriglohnkr\u00e4ften gelenkt werden. Vielleicht f\u00e4hrt dann ein in Bulgarien angestellter Busfahrer bis zu 16 Stunden am Tag f\u00fcr 1,57 Euro die Stunde. F\u00fcr seinen Arbeitsplatz jedenfalls braucht es nur eine Briefkastenfirma.<\/p>\n<p>Bis zu 16 Stunden am Tag? Richtig. Die Ruhe- und Lenkzeiten im Fernverkehr sollen n\u00e4mlich ebenfalls aufgeweicht werden. Durften Bus- oder LKW-Fahrer in Deutschland &#8222;nur&#8220; bis zu 9 Stunden am Tag fahren und zweimal in der Woche gar 10 Stunden, sind zuk\u00fcnftig Arbeitszeiten bis zu 16 Stunden am Tag m\u00f6glich &#8211; inklusive weniger Ruhepausen. Einmal Spanien und zur\u00fcck? Kein Problem, denn die EU-Reformpl\u00e4ne sehen auch vor, dass Fahrer demn\u00e4chst 12 Tage am St\u00fcck ohne Ruhetag unterwegs sein k\u00f6nnen.&#8220;<\/span><\/p>\n<p>Tja Leute: Man kann entweder gute Arbeitsbedingungen haben, oder Kapitalismus &#8211; aber nicht beides.<\/p>\n<p><a href='http:\/\/www.faz.net\/aktuell\/wirtschaft\/unternehmen\/opel-betriebsrat-management-hat-uns-angelogen-15674038.html' class='azc_bbc_url'>Opel-Betriebsrat: Das Management hat gelogen<\/a><br \/>\nHehe, da haben sich IG Metall und Betriebsrat schon so gut mit dem Management verstanden, um ger\u00e4uschlos <a href='http:\/\/www.wsws.org\/de\/articles\/2018\/06\/01\/opel-j01.html' class='azc_bbc_url'>Massenentlassungen und Lohnk\u00fcrzungen<\/a> gegen die Belegschaft durchzusetzen &#8211; und v\u00f6llig \u00fcberraschend <img class='azc_bbc_image' src='https:\/\/www.rume.de\/smilies\/clown.gif'  \/> fordert das Management, das ja gesehen hat, wie leicht man die sogenannten Arbeiterf\u00fchrer als Co-Manager benutzen kann, kurzerhand noch mehr. Ja wer h\u00e4tte DAS ahnen k\u00f6nnen <img class='azc_bbc_image' src='https:\/\/www.rume.de\/smilies\/sarkasm.gif'  \/><\/p>\n<p><span class='azc_bbc_italic'>&#8222;PSA und das Opel-Management haben wissentlich der IG Metall und der Einigungsstelle mit dem vorsitzenden Richter die Unwahrheit gesagt&#8220;<\/span>, schimpft nun Opels Gesamtbetriebsrat Wolfgang Sch\u00e4fer-Klug herum. <span class='azc_bbc_italic'>&#8222;Das h\u00e4tte der Vorstand uns auch gleich sagen k\u00f6nnen. Dann h\u00e4tten wir direkt noch mehr Leute rausgeworfen. Jetzt m\u00fcssen wir stattdessen wieder neu verhandeln.&#8220;<\/span><\/p>\n<p>Und jetzt bitte eine Runde Mitleid f\u00fcr den Betriebsratchef, der von den &#8222;Sparpl\u00e4nen&#8220; und Entlassungswellen ja nie selber betroffen ist. Denn es ist nat\u00fcrlich anstrengend, einerseits gemeinsame Sache mit der Konzernleitung zu machen (sogenannte Sozialpartnerschaft), aber z.B. auf einer Betriebsversammlung die Rolle des Arbeiterf\u00fchrers zu schauspielen. Seine Wut ist daher absolut verst\u00e4ndlich. <span class='azc_bbc_italic'>&#8222;Jetzt muss ich mir schon wieder zornig klingende Phrasen aus den Fingern saugen&#8230;.&#8220;<\/span><\/p>\n<p><a href='http:\/\/www.imi-online.de\/2018\/07\/04\/eu-500-mio-e-fuer-militaerforschung' class='azc_bbc_url'>EU beschlie\u00dft 500 Mio. Euro-F\u00f6rderung f\u00fcr Milit\u00e4rforschung<\/a><br \/>\nIm n\u00e4chsten EU-Haushalt sind f\u00fcr den Zeitraum von 2021 bis 2027 j\u00e4hrlich 500 Mio. Euro f\u00fcr R\u00fcstungsforschung und satte 5 Mrd. Euro f\u00fcr die Beschaffung von R\u00fcstungsg\u00fctern verplant &#8211; zusammen also 38,5 Mrd. Euro. Kernanliegen des EVF ist die F\u00f6rderung der Wettbewerbs- und damit auch der Exportf\u00e4higkeit der hiesigen R\u00fcstungsindustrie.<\/p>\n<p>Und bitte keine k\u00fcnstliche Emp\u00f6rung jetzt. Die EU wird damit nur ihrem Titel als Friedensnobelpreistr\u00e4ger gerecht <img class='azc_bbc_image' src='https:\/\/www.rume.de\/smilies\/sarkasm.gif'  \/><\/p>\n<p><a href='https:\/\/www.reporter-ohne-grenzen.de\/pressemitteilungen\/meldung\/solidaritaet-mit-netzaktivisten' class='azc_bbc_url'>Reporter ohne Grenzen: Solidarit\u00e4t mit hausdurchsuchten Netzaktivisten<\/a><br \/>\n<span class='azc_bbc_italic'>&#8222;Reporter ohne Grenzen (ROG) kritisiert das Vorgehen der bayerischen Strafverfolgungsbeh\u00f6rden gegen Netzaktivisten aufs Sch\u00e4rfste. &#8222;Das Vorgehen der Strafverfolgungsbeh\u00f6rden ist absolut unverh\u00e4ltnism\u00e4\u00dfig und auch als Angriff gegen Anonymit\u00e4t im Internet anzusehen&#8220;, sagte ROG-Gesch\u00e4ftsf\u00fchrer Christian Mihr. &#8222;Das Vorgehen sch\u00fcchtert Netzaktivisten, aber auch Journalisten ein, die sich f\u00fcr sichere Kommunikation im Internet einsetzen. Die Beh\u00f6rden m\u00fcssen alle beschlagnahmten Ger\u00e4te und Dokumente sofort zur\u00fcckgeben und die Hintergr\u00fcnde ihres Vorgehens erkl\u00e4ren.&#8220; Bis heute haben die Betroffenen, die alle im Bereich der IT-Sicherheit arbeiten, ihre Ger\u00e4te und Speichermedien nicht zur\u00fcckerhalten. Dabei gelten sie nicht als Beschuldigte, sondern als Zeugen im Ermittlungsverfahren.&#8220;<\/span><\/p>\n<p><a href='https:\/\/twitter.com\/JasperPrigge\/status\/1014285726429704192' class='azc_bbc_url'>Politik will Demonstration gegen NRW-Polizeigesetz verhindern<\/a><br \/>\nBegr\u00fcndung: <span class='azc_bbc_italic'>&#8222;Die Demonstrationen bringen eine &#8222;unmittelbare Gefahr f\u00fcr die \u00f6ffentliche Sicherheit und Ordnung mit sich&#8220;, da sie &#8222;als Protest gegen die vermeintliche Polizeigewalt bzw. Polizeihoheit genutzt werden k\u00f6nnte.&#8220;<\/span><\/p>\n<p>Seht ihr: Proteste gegen Gestapo-Gesetze (und dessen brutale Anwendung) sind eine Gefahr f\u00fcr die \u00f6ffentliche Sicherheit! Und wer, wenn nicht die aktuelle ganz grosse schwarzrotgelbblaue Koalition f\u00fcr Konzentrationslager, k\u00f6nnte das besser wissen <img class='azc_bbc_image' src='https:\/\/www.rume.de\/smilies\/nasiehste.gif'  \/> <a href='http:\/\/blog.fefe.de\/?ts=a5c21bd4' class='azc_bbc_url'>[i](via)[\/i]<\/a><\/p>\n<p><a href='http:\/\/www.wsws.org\/de\/articles\/2018\/07\/05\/muen-j05.html' class='azc_bbc_url'>Bisher gr\u00f6\u00dfte Sammelabschiebung nach Afghanistan<\/a><br \/>\n<span class='azc_bbc_italic'>&#8222;Allein in der Nacht vom 3. auf den 4. Juli wurden 69 gefl\u00fcchtete Menschen nach Afghanistan abgeschoben. Der Lufthansa-Flug von M\u00fcnchen nach Kabul war damit die bisher gr\u00f6\u00dfte Sammelabschiebung.<\/p>\n<p>Alle etablierten Parteien, auch das B\u00fcndnis 90\/Die Gr\u00fcnen und die Linkspartei, waren an diesem Verbrechen beteiligt. W\u00e4hrend aus Bayern am Dienstag 51 Menschen abgeschoben wurden, kamen die \u00fcbrigen 18 aus Berlin, Hessen, Sachsen, Rheinland-Pfalz, Baden-W\u00fcrttemberg, Hamburg, Schleswig-Holstein und Mecklenburg-Vorpommern. In den meisten dieser L\u00e4nder sind die Gr\u00fcnen an der Regierung beteiligt. In Berlin und Th\u00fcringen beweist die Linkspartei, dass sie genauso brutal abschiebt wie die anderen Bundestagsparteien.<\/p>\n<p>Den Menschen droht in Afghanistan Gewalt, Folter und Tod. Die Lage in dem seit 17 Jahren von der Nato besetzten und vom Krieg zerrissenen Land verschlechtert sich zusehends, was jeder Lagebericht des Au\u00dfenministeriums aufs Neue best\u00e4tigt.<\/p>\n<p>Das muss auch die Bundesregierung zugeben. &#8222;In Afghanistan kommt es t\u00e4glich zu heftigen K\u00e4mpfen und Bombenanschl\u00e4gen mit zahlreichen zivilen Toten&#8220;, hei\u00dft es in einer Regierungs-Stellungnahme vom Februar 2018 an den Bundestag. Dabei herrsche &#8222;exzessive Gewalt&#8220; nicht nur in Gebieten, die von Taliban- und IS-Milizen dominiert werden, sondern auch dort, wo die Kabuler Marionettenregierung das Sagen hat. Das best\u00e4tigte ein Folter-Bericht der UNO, dem zufolge \u00fcberhaupt keine Gebiete in Afghanistan als sicher klassifiziert werden k\u00f6nnen.&#8220;<\/span> <a href='http:\/\/www.wsws.org\/de\/articles\/2018\/07\/05\/muen-j05.html' class='azc_bbc_url'>Weiterlesen&#8230;<\/a><\/p>\n<p><a href='https:\/\/www.berliner-zeitung.de\/politik\/csu-staatssekretaer-mayer&#8211;transitzentren-sind-keine-gefaengnisse&#8211;30729632' class='azc_bbc_url'>CSU-Staatssekret\u00e4r Mayer: &#8222;Transitzentren sind keine Gef\u00e4ngnisse&#8220;<\/a><br \/>\nUnd warum nicht? Zitat: <span class='azc_bbc_italic'>&#8222;In den Zentren kann sich jeder frei bewegen, raus darf aber niemand.&#8220;<\/span><\/p>\n<p>Seht ihr: Das sind Freiheitsgef\u00e4ngnisse <img class='azc_bbc_image' src='https:\/\/www.rume.de\/smilies\/sarkasm.gif'  \/><\/p>\n<p><a href='https:\/\/www.neues-deutschland.de\/artikel\/1093328.html' class='azc_bbc_url'>Bundespolizeigewerkschaft unterst\u00fctzt Transitzentren<\/a><br \/>\nFr\u00fcher haben sich Gewerkschafter mal massiv gegen den Rassismus positioniert. Nachdem sie mit ansehen mussten, wie sie von der NSDAP in Konzentrationslager verschleppt und ermordet wurden, hat sich bei (zu) vielen die Meinung ge\u00e4ndert. Jetzt hilft man beim aktuell wieder salonf\u00e4higen Rassismus lieber gleich aktiv mit.<\/p>\n<p><span class='azc_bbc_italic'>&#8222;Die Nutzung von ausgelagerten Grenzkontrollr\u00e4umen sei absolut sinnvoll und richtig, um die von der Union vereinbarte Kompromissl\u00f6sung im Asylstreit schnellstm\u00f6glich umzusetzen&#8220;<\/span>, wird der Gewerkschaftschef Ernst G. Walter vom Handelsblatt zitiert. Und wer wissen will, was &#8222;ausgelagerte Kontrollr\u00e4ume&#8220; sind, braucht nur nach Guantanamo schauen. Dort wurde auch &#8222;ausgelagert&#8220;.<\/p>\n<p>\u00dcbrigens: Die &#8222;Kritik&#8220; der Gewerkschaft der Polizei (GdP) ist auch nicht besser. Die macht sich n\u00e4mlich nur Sorgen, dass sich diese Kontrollierten Zentren unter den Fl\u00fcchtlingen schnell herumsprechen. Zitat: <span class='azc_bbc_italic'>&#8222;Wir haben bei Migranten immer eine Ausweichbewegung. Die Konsequenz wird wahrscheinlich sein, dass nach zwei oder drei Monaten die Transitzentren in Bayern leer bleiben und es daf\u00fcr anderenorts einen Anstieg gibt&#8220;<\/span>, so der stellvertretende Bundesvorsitzende J\u00f6rg Radek.<\/p>\n<p>Die Folgen dieser faschistischen Gewerkschaftsarbeit sieht man hier:<\/p>\n<p><a href='https:\/\/www.ari-dok.org\/webdokumentation' class='azc_bbc_url'>Bundesdeutsche Fl\u00fcchtlingspolitik und ihre t\u00f6dlichen Folgen<\/a><br \/>\nEs gibt ja Stimmen, die Helmut Kohl oder Angela Merkel f\u00fcr den Friedensnobelpreis vorschlagen. Oder Genscher f\u00fcr einen &#8222;guten Mann&#8220; halten und der &#8222;SPD vor Gerhard Schr\u00f6der&#8220; nachtrauern. Hier mal zur Realit\u00e4tsjustierung die &#8222;Erfolgszahlen&#8220; ihrer menschlichen Regierungsarbeit seit dem Fall der Mauer:<\/p>\n<p>&#8211; 86 Fl\u00fcchtlinge starben bei Br\u00e4nden, Anschl\u00e4gen auf Fl\u00fcchtlingsunterk\u00fcnfte und Wohnungen<br \/>\n&#8211; 26 Fl\u00fcchtlinge starben durch rassistische Angriffe im \u00f6ffentlichen Raum<br \/>\n&#8211; 261 Fl\u00fcchtlinge t\u00f6teten sich angesichts ihrer drohenden Abschiebung<br \/>\n&#8211; 2528 Fl\u00fcchtlinge verletzten sich aus Angst vor der Abschiebung<br \/>\n&#8211; 5 Fl\u00fcchtlinge starben w\u00e4hrend der Abschiebung<br \/>\n&#8211; 37 Fl\u00fcchtlinge kamen nach der Abschiebung in ihrem Herkunftsland zu Tode<br \/>\n&#8211; 617 Fl\u00fcchtlinge wurden im Herkunftsland von Polizei oder Milit\u00e4r mi\u00dfhandelt und gefoltert<br \/>\n&#8211; 74 Fl\u00fcchtlinge verschwanden nach der Abschiebung spurlos<br \/>\n&#8211; 24 Fl\u00fcchtlinge starben durch direkte Gewalteinwirkung von Polizei oder Bewachungspersonal<br \/>\n&#8211; 23 Todesf\u00e4lle gab es durch unterlassene Hilfeleistung<\/p>\n<p>Bl\u00e4ttert euch ruhig selber durch die Dokumentation, die noch weit mehr Zahlen enth\u00e4lt. Und ganz wichtig: W\u00e4hlt weiterhin CDU\/CSU\/SPD\/FDP\/GR\u00dcNE, damit diese menschliche Politik der &#8222;Mitte&#8220; weiter ausgebaut werden kann.<\/p>\n<p><a href='http:\/\/www.badische-zeitung.de\/afd-veranstaltung-mit-konfetti-kanone-angegriffen-taetersuche-mit-polizeihubschrauber-ueber-heilbron' class='azc_bbc_url'>AfD-Veranstaltung mit Konfetti beschossen &#8211; Hubschraubereinsatz<\/a><br \/>\n<span class='azc_bbc_italic'>&#8222;Unbekannte hatten am Dienstag mit der Kanone durch die ge\u00f6ffneten Fenster des Lokals, in dem das Treffen stattfand, geschossen. Rotes Konfetti verbreitete sich daraufhin in der Gastst\u00e4tte&#8220;<\/span>, berichtet die Badische Zeitung. Verletzt wurde dabei \u00fcbrigens niemand. Einer hat sich erschrocken (&#8222;Knalltrauma&#8220;) und einer fiel auf die Nase, als er den Spassvogel mit der Konfettikanone fassen und zusammenschlagen wollte.<\/p>\n<p>F\u00fcr unsere Polizei dennoch ein glasklarer Fall: Widerstand gegen ihre Neonazi-Kumpels werden dort stets wie ein pers\u00f6nlicher Angriff gewertet und mit allen zur Verf\u00fcgung stehenden Einsatzkr\u00e4ften verfolgt. Zitat: <span class='azc_bbc_italic'>&#8222;Die Polizei suchte die Spa\u00dfguerilla mit einem gro\u00dfen Aufgebot &#8211; auch ein Hubschrauber war im Einsatz. Gefasst wurde zun\u00e4chst niemand. Die Ermittler schlie\u00dfen einem Sprecher zufolge nicht aus, dass es sich bei den Unbekannten um Leute aus dem linksextremen Spektrum handelt.&#8220;<\/span><\/p>\n<p>Na klar, Linksextreme <img class='azc_bbc_image' src='https:\/\/www.rume.de\/smilies\/clown.gif'  \/> F\u00fcr die &#8222;Ermittler&#8220; ist schliesslich alles linksextrem, was links neben ihrer NSU steht.<\/p>\n<p>Unn\u00f6tig zu erw\u00e4hnen, dass bei rassistischen Morden die sogenannten Sicherheitsbeh\u00f6rden keinesfalls &#8222;mit einem gro\u00dfen Aufgebot&#8220; die Ermittlungen einleiten, sondern stattdessen Akten schw\u00e4rzen und\/oder schreddern. Rassismus ist eben politisch gewollt. Punkt.<\/p>\n<p><a href='https:\/\/meedia.de\/2018\/07\/05\/ueberraschung-im-eu-parlament-abgeordnete-stimmen-gegen-upload-filter-und-leistungsschutzrecht' class='azc_bbc_url'>EU-Parlament: Abgeordnete stimmen vorerst gegen Upload-Filter<\/a><br \/>\nEine kleine (wenn auch wichtige) Schlacht wurde vorerst gewonnen &#8211; mit der Betonung auf vorerst, denn der Krieg der EU-Regierenden gegen uns wird weitergehen. Die Herrschenden wollen die Kontrolle \u00fcber die B\u00fcrger und dem, was diese sagen d\u00fcrfen. Und sie werden es immer wieder mit &#8222;neuen&#8220; Zensur- und \u00dcberwachungsmaschinen versuchen. Auch das Bundesverfassungsgericht beeindruckt sie dabei nicht, sondern man setzt dann eben dasselbe verfassungswidrige Gesetz (Vorratsdaten) einfach nochmal durch. Bis auch das BVerfG unter dem Trommelfeuer irgendwann einknickt und grundgesetzwidrige Gesetze durchwinkt (Regelsatz, Auslandskriege, bewaffnetes Milit\u00e4r im Inland, ESM, usw.).<\/p>\n<p>Wer zugestimmt hat und wer nicht, <a href='https:\/\/www.abgeordnetenwatch.de\/eu\/abstimmungen\/eu-urheberrechtsreform' class='azc_bbc_url'>kann man \u00fcbrigens hier (klick) nachlesen<\/a>. Von den 96 deutschen EU-Abgeordneten stimmten 36 daf\u00fcr, 49 dagegen, 11 waren nicht beteiligt. CDU und CSU-Abgeordnete stimmten geschlossen F\u00dcR die Zensurgesetze, SPD-, FDP- und LINKE-Abgeordnete geschlossen dagegen. Alle Abgeordneten anderer Parteien waren teilweise mal f\u00fcr mehr Zensur, teils auch dagegen.<\/p>\n<p>Und unter uns angemerkt: Muss man sich jetzt bei Jogi L\u00f6w daf\u00fcr bedanken, dass die DFB-Elf so fr\u00fch rausgeflogen ist und somit genug Aufmerksamkeit vorhanden war, um dieses Machwerk massiv unter Druck setzen zu k\u00f6nnen? <img class='azc_bbc_image' src='https:\/\/www.rume.de\/smilies\/biggrin.gif'  \/><\/p>\n<p><a href='http:\/\/www.spiegel.de\/wissenschaft\/technik\/usa-atomausstieg-kommt-wohl-aus-kostengruenden-a-1216353.html' class='azc_bbc_url'>Atomausstieg kommt wohl auch in USA<\/a><br \/>\nDer Grund: Die mehr als 50 Atomkraftwerke sind alt und teuer im Betrieb. Und weil zugleich Strom aus Wind und Sonne immer g\u00fcnstiger wird, rechnet sich der Betrieb der Meiler nicht mehr. Es gibt nur noch einen einzigen Grund, warum Atomkraftwerke betrieben werden: F\u00fcr den Krieg mit Atombomben, sowie atomgetriebene Flugzeugtr\u00e4ger und U-Boote.<\/p>\n<p><a href='https:\/\/t3n.de\/news\/flugtaxis-bald-muenchen-csu-1092989' class='azc_bbc_url'>CSU will Flugtaxis in M\u00fcnchen<\/a><br \/>\n<span class='azc_bbc_italic'>&#8222;In einem am Dienstag ver\u00f6ffentlichten Antrag im M\u00fcnchner CSU-Stadtrat wird die Deutsche Bahn gebeten, beim Neubau des M\u00fcnchner Hauptbahnhofs eine geeignete Fl\u00e4che so zu gestalten, dass darauf Flugtaxis starten und landen k\u00f6nnen&#8220;<\/span>, berichtet T3N. <span class='azc_bbc_italic'>&#8222;Damit k\u00f6nnten Passagiere innerhalb von sieben Minuten vom Hauptbahnhof zum Flughafen reisen, so Stadtrat Manuel Pretzl (CSU).&#8220;<\/span><\/p>\n<p><a href='https:\/\/www.youtube.com\/watch?v=udg_Uc9v4DY' class='azc_bbc_url'>Da werden alte Erinnerungen wach&#8230;<\/a> <img class='azc_bbc_image' src='https:\/\/www.rume.de\/smilies\/laugh.gif'  \/><\/p>\n<p>Aber schon geil: W\u00e4hrend der P\u00f6bel gegen Fl\u00fcchtlinge aufgehetzt wird und seine Niedrigl\u00f6hne und Armutsrenten durch die Wiedereinf\u00fchrung von Kontrollierten Zentren &#8222;ertr\u00e4glicher&#8220; gemacht werden sollen &#8211; wird auf der anderen Seite f\u00fcr mehrere Millionen Euro an Steuergeld ein Hubschrauber-Landeplatz f\u00fcr die Reichen geplant. Direkt von der Vorstandssitzung hinein ins Flugtaxi und \u00fcber den in Staus und \u00fcberf\u00fcllten \u00d6ffis schwitzenden P\u00f6bel hinwegfliegen. <span class='azc_bbc_italic'>&#8222;Genau daf\u00fcr schmieren wir Reichen unsere CSU.&#8220;<\/span> <img class='azc_bbc_image' src='https:\/\/www.rume.de\/smilies\/nasiehste.gif'  \/><\/p>\n<p>Allerdings weiss ich nicht, wie realistisch solche Flugtaxis wirklich sind. Denn wer in nur sieben Minuten die 30 km vom Hauptbahnhof zum M\u00fcnchener Flugplatz schaffen will, muss schon mit 300 km\/h \u00fcber M\u00fcnchen hinwegjagen. Und 300 km\/h schaffen gerade mal schwere Kampfhubschrauber. <a href='https:\/\/de.wikipedia.org\/wiki\/Quadrocopter#Einsatz' class='azc_bbc_url'>Aktuelle personentragende Quadrocopter erreichen gerade einmal 100 km\/h<\/a>.<\/p>\n<p>Aber andererseits: Zu den sonstigen CSU-Forderungen wie Ausl\u00e4ndermaut und Herdpr\u00e4mie passen die Flugtaxis absolut perfekt.<\/p>\n<p><a href='https:\/\/ec.europa.eu\/eusurvey\/runner\/2018-summertime-arrangements?surveylanguage=DE' class='azc_bbc_url'>Online-Fragebogen der EU-Kommission: Sommerzeit Ja oder Nein?<\/a><br \/>\nSind nur drei Fragen. Wer sich die Zeit damit vertreiben m\u00f6chte &#8211; bittesch\u00f6n <img class='azc_bbc_image' src='https:\/\/www.rume.de\/smilies\/nasiehste.gif'  \/><\/p>\n<p>Unn\u00f6tig zu erw\u00e4hnen, dass man f\u00fcr solche vergleichsweise Pillepalle-Sachen auch mal grossz\u00fcgig dem P\u00f6bel einen Abstimmzettel hinwirft. Bei TTIP, Arbeitszeitgesetz, Steueroasen, Subventionen und Kriegseins\u00e4tze hingegen steht der P\u00f6bel &#8222;sicherheitshalber&#8220; vor verschlossener T\u00fcr.<\/p>\n<p>Und zu guter Letzt:<\/p>\n<p><a href='http:\/\/www.schwarwel.de\/wp-content\/uploads\/2018\/07\/180705-Manager-gehaelter-1000-karikatur-schwarwel.jpg' class='azc_bbc_url'>Dax-Vorst\u00e4nde kassieren 71x mehr als ihre Angestellten<\/a><br \/>\n<img class='azc_bbc_image' src='https:\/\/www.rume.de\/smilies\/nasiehste.gif'  \/><\/p>\n","protected":false},"excerpt":{"rendered":"<p>\/ Griechenlands Zwangs-Privatisierungen bringen wenig Geld \/ EU-Kommission pr\u00e4sentiert &#8222;europaweites privates Altersvorsorgeprodukt&#8220; \/ Neue EU-Entsenderichtlinien: Arbeitszeiten bis zu 16 Stunden am Tag \/ Opel-Betriebsrat: Das Management hat gelogen \/ EU beschlie\u00dft 500 Mio. Euro-F\u00f6rderung f\u00fcr Milit\u00e4rforschung \/ Reporter ohne Grenzen: Solidarit\u00e4t mit hausdurchsuchten Netzaktivisten \/ Politik will Demonstration gegen NRW-Polizeigesetz verhindern \/ Bisher gr\u00f6\u00dfte Sammelabschiebung &hellip; <a href=\"https:\/\/www.rume.de\/?p=709\" class=\"more-link\"><span class=\"screen-reader-text\">\u201eAufgelesen und kommentiert 2018-07-05\u201c <\/span>weiterlesen<\/a><\/p>\n","protected":false},"author":1,"featured_media":0,"comment_status":"open","ping_status":"closed","sticky":false,"template":"","format":"standard","meta":{"footnotes":""},"categories":[2],"tags":[],"class_list":["post-709","post","type-post","status-publish","format-standard","hentry","category-aufgelesen"],"_links":{"self":[{"href":"https:\/\/www.rume.de\/index.php?rest_route=\/wp\/v2\/posts\/709","targetHints":{"allow":["GET"]}}],"collection":[{"href":"https:\/\/www.rume.de\/index.php?rest_route=\/wp\/v2\/posts"}],"about":[{"href":"https:\/\/www.rume.de\/index.php?rest_route=\/wp\/v2\/types\/post"}],"author":[{"embeddable":true,"href":"https:\/\/www.rume.de\/index.php?rest_route=\/wp\/v2\/users\/1"}],"replies":[{"embeddable":true,"href":"https:\/\/www.rume.de\/index.php?rest_route=%2Fwp%2Fv2%2Fcomments&post=709"}],"version-history":[{"count":1,"href":"https:\/\/www.rume.de\/index.php?rest_route=\/wp\/v2\/posts\/709\/revisions"}],"predecessor-version":[{"id":710,"href":"https:\/\/www.rume.de\/index.php?rest_route=\/wp\/v2\/posts\/709\/revisions\/710"}],"wp:attachment":[{"href":"https:\/\/www.rume.de\/index.php?rest_route=%2Fwp%2Fv2%2Fmedia&parent=709"}],"wp:term":[{"taxonomy":"category","embeddable":true,"href":"https:\/\/www.rume.de\/index.php?rest_route=%2Fwp%2Fv2%2Fcategories&post=709"},{"taxonomy":"post_tag","embeddable":true,"href":"https:\/\/www.rume.de\/index.php?rest_route=%2Fwp%2Fv2%2Ftags&post=709"}],"curies":[{"name":"wp","href":"https:\/\/api.w.org\/{rel}","templated":true}]}}