{"id":701,"date":"2018-07-02T19:15:24","date_gmt":"2018-07-02T17:15:24","guid":{"rendered":"https:\/\/rume.inrieda.de\/?p=701"},"modified":"2018-07-02T19:15:24","modified_gmt":"2018-07-02T17:15:24","slug":"aufgelesen-und-kommentiert-2018-07-02","status":"publish","type":"post","link":"https:\/\/www.rume.de\/?p=701","title":{"rendered":"Aufgelesen und kommentiert 2018-07-02"},"content":{"rendered":"<p>\/ Auf Null gek\u00fcrzt<br \/>\n\/ Mindestlohn: &#8222;Wir br\u00e4uchten 66 Jahre, um alle Unternehmen mal durchzupr\u00fcfen&#8220;<br \/>\n\/ Ex-Wirtschaftsminister Br\u00fcderle (FDP) will Tarifl\u00f6hne in der Altenpflege verhindern<br \/>\n\/ AfD will die gesetzliche Rente abschaffen<br \/>\n\/ AfD stimmt gegen Abschaffung der Hartz IV-Sanktionen<br \/>\n\/ Ex-Innenminister Friedrich (CSU) bezeichnet Anti-AfD-Demonstranten als &#8222;Linksfaschisten&#8220;<br \/>\n\/ EU versch\u00e4rft Terror gegen Fl\u00fcchtlinge<br \/>\n\/ \u00c4rzte ohne Grenzen: &#8222;Menschen nach Libyen zur\u00fcckzubringen ist inakzeptabel&#8220;<br \/>\n\/ &#8222;Wir haben uns dabei fl\u00fcsternd unterhalten&#8220;<br \/>\n\/ Kommentar zum EU-Gipfel: Kanaillen<br \/>\n\/ Von der Leyen bekommt einen Schattenhaushalt<br \/>\n\/ Edward Snowden im Interview<br \/>\n\/ CDU-Pl\u00e4ne f\u00fcr Internetzensur und Upload-Filter k\u00f6nnte scheitern<br \/>\n\/ Produktion von \u00d6kostrom in Deutschland erreicht H\u00f6chststand<br \/>\n\/ VW-Chef Diess: Festnahme von Audi-Chef Stadler war &#8222;Riesenschock&#8220;<br \/>\n\/ Hauptsache CDU und CSU haben sich wieder lieb<\/p>\n<p>&#8212;<\/p>\n<p><!--more--><\/p>\n<p><a href='https:\/\/www.jungewelt.de\/artikel\/335018.html' class='azc_bbc_url'>Auf Null gek\u00fcrzt<\/a><br \/>\n<span class='azc_bbc_italic'>&#8222;W\u00fcrden Sie es guthei\u00dfen, wenn einem M\u00f6rder das Essen entzogen w\u00fcrde? Nein? Und doch wird diese Strafe in unserem Land rund 80.000 Mal im Monat verh\u00e4ngt, gegen unbescholtene B\u00fcrgerinnen und B\u00fcrger. Warum? Da hat jemand (angeblich!) einen &#8222;Antrag&#8220; zu fr\u00fch abgegeben oder zu sp\u00e4t oder unvollst\u00e4ndig, hat eine Frist nicht eingehalten (die noch gar nicht abgelaufen war), hat eine &#8222;Eingliederungsvereinbarung&#8220; nicht unterschrieben (die zu unterschreiben niemand verpflichtet ist), hat eine &#8222;Ma\u00dfnahme&#8220; abgelehnt (weil sie sinnlos war), hat keinen Hortplatz gefunden (weil es keinen gab), kam zu sp\u00e4t zu einem Termin (weil die S-Bahn zu sp\u00e4t kam) &#8211; all diese F\u00e4lle sind dokumentiert.<\/p>\n<p>Die mittelalterliche Hungerstrafe hei\u00dft &#8222;Hartz-IV-Sanktion&#8220;. Entzug von Geld f\u00fcr Nahrung, W\u00e4rme, Licht, Medikamente, der Krankenversicherungsschutz entf\u00e4llt &#8211; 953.000 Mal gab es diese Vernichtungsstrafe im vergangenen Jahr in Deutschland. Das verbessert die Arbeitslosenstatistik und spart Milliarden (von 2007 bis 2015 rund 1,7 Milliarden Euro). Wie w\u00fcrden Sie das \u00fcberleben?&#8220;<\/span> <a href='https:\/\/www.jungewelt.de\/artikel\/335018.html' class='azc_bbc_url'>Weiterlesen&#8230;<\/a><\/p>\n<p>\u00dcbrigens: Wisst ihr, wer unter Hartz4 am allermeisten leidet? Antwort: <a href='https:\/\/www.saarbruecker-zeitung.de\/saarland\/peter-hartz-hat-lange-unter-dem-begriff-hartz-iv-gelitten_aid-23759189' class='azc_bbc_url'>Peter Hartz<\/a>, dessen &#8222;guter Name&#8220; <img class='azc_bbc_image' src='https:\/\/www.rume.de\/smilies\/clown.gif'  \/> quasi missbraucht wurde.<\/p>\n<p><a href='https:\/\/www.deutschlandfunk.de\/mindestlohn-wir-braeuchten-66-jahre-um-alle-unternehmen-mal.694.de.html?dram:article_id=421324' class='azc_bbc_url'>Mindestlohn: &#8222;Wir br\u00e4uchten 66 Jahre, um alle Unternehmen mal durchzupr\u00fcfen&#8220;<\/a><br \/>\nUnd falls jemand glaubt, das w\u00e4re ein Zufall und nicht etwa politisch gewollt, dann sollte man sich nur nochmal all die Ausnahmeklauseln und straflosen Umgehungsl\u00fccken im Mindestlohngesetz anschauen.<\/p>\n<p>Aber hey: F\u00fcr Kontrollen ist halt kein Geld da. F\u00fcr die Schikane von Erwerbslosen und Hetzjagd gegen Fl\u00fcchtlinge hingegen schon. Damit ist auch alles zur &#8222;sozialen und demokratischen Bundesrepublik&#8220; gesagt.<\/p>\n<p>Man kann Menschenrechte haben, oder Kapitalismus &#8211; aber nicht beides.<\/p>\n<p><a href='http:\/\/www.spiegel.de\/wirtschaft\/soziales\/rainer-bruederle-will-tarifloehne-in-der-altenpflege-verhindern-a-1215724.html' class='azc_bbc_url'>Ex-Wirtschaftsminister Br\u00fcderle (FDP) will Tarifl\u00f6hne in der Altenpflege verhindern<\/a><br \/>\nUnd Bundesgesundheitsminister Spahn will Pflegekr\u00e4fte aus Albanien und dem Kosovo holen. Weil dort gibt es ja bekanntlich keine alten Menschen, die man pflegen m\u00fcsste <img class='azc_bbc_image' src='https:\/\/www.rume.de\/smilies\/clown.gif'  \/><\/p>\n<p>Ach ja: Und die SPD steht daneben und beklatscht all das brav als Bestandteil ihrer Kampagne <a href='https:\/\/www.n-tv.de\/politik\/Spahn-Heil-und-Giffey-starten-Kraftakt-article20506751.html' class='azc_bbc_url'>&#8220;Konzertierte Aktion Pflege&#8220;<\/a>. So sieht sie aus, die SPD-Erneuerung, \u00fcber die sie st\u00e4ndig reden <img class='azc_bbc_image' src='https:\/\/www.rume.de\/smilies\/sarkasm.gif'  \/><\/p>\n<p>Aber hey: <a href='https:\/\/www.heise.de\/newsticker\/meldung\/Missing-Link-Es-gibt-keine-Pflegeroboter-4095279.html?seite=all' class='azc_bbc_url'>Bald gibt es ja Pflegeroboter<\/a>. Das kapitalistisch verbrauchte Menschenmaterial kann man dann lachend einer Maschine \u00fcbergeben &#8211; und sich wieder dem eigenen Lebensalltag zuwenden. Warum gibt es eigentlich noch keine Roboter zur Kindererziehung? Wie sch\u00f6n k\u00f6nnte man sich kapitalistisch optimieren, wenn die l\u00e4stige Zeitverschwendung f\u00fcr diese Kindererziehung nicht w\u00e4re <img class='azc_bbc_image' src='https:\/\/www.rume.de\/smilies\/sarkasm.gif'  \/><\/p>\n<p><a href='https:\/\/www.t-online.de\/nachrichten\/deutschland\/parteien\/id_84031542\/afd-parteitag-afd-chef-meuthen-will-gesetzliche-rente-abschaffen.html' class='azc_bbc_url'>AfD will die gesetzliche Rente abschaffen<\/a><br \/>\nZugunsten kapitalgedeckter Schneeballsysteme nat\u00fcrlich <img class='azc_bbc_image' src='https:\/\/www.rume.de\/smilies\/nasiehste.gif'  \/><\/p>\n<p>Dazu passt auch:<\/p>\n<p><a href='https:\/\/www.bundestag.de\/dokumente\/textarchiv\/2018\/kw26-de-hartz-iv-sanktionen\/560332' class='azc_bbc_url'>AfD stimmt gegen Abschaffung der Hartz IV-Sanktionen<\/a><br \/>\nSoviel nur mal eben zur &#8222;Alternative&#8220; f\u00fcr den kleinen Mann <img class='azc_bbc_image' src='https:\/\/www.rume.de\/smilies\/sarkasm.gif'  \/><\/p>\n<p><a href='https:\/\/www.welt.de\/politik\/deutschland\/article178569918' class='azc_bbc_url'>Ex-Innenminister Friedrich (CSU) bezeichnet Anti-AfD-Demonstranten als &#8222;Linksfaschisten&#8220;<\/a><br \/>\nWas haben diese Anti-AfD-Demonstranten denn so &#8222;faschistisches&#8220; getan? Zitat: <span class='azc_bbc_italic'>&#8222;Der Augsburger CSU-Oberb\u00fcrgermeister Kurt Gribl wurde bei der Abschlusskundgebung gegen den AfD-Bundesparteitag am Samstag mit Tomaten und Eiern beworfen.&#8220;<\/span><\/p>\n<p>Hach ja, waren das noch sch\u00f6ne Zeiten, als es politische Normalit\u00e4t war, dass man z.B. Helmut Kohl mit Eiern und Tomaten bewarf. Im &#8222;modernen&#8220; Deutschland hingegen ist das schon &#8222;Faschismus&#8220; <img class='azc_bbc_image' src='https:\/\/www.rume.de\/smilies\/clown.gif'  \/><\/p>\n<p>Hier mal tats\u00e4chlicher Faschismus:<\/p>\n<p><a href='https:\/\/www.wsws.org\/de\/articles\/2018\/07\/02\/pers-j02.html' class='azc_bbc_url'>EU versch\u00e4rft Terror gegen Fl\u00fcchtlinge<\/a><br \/>\n<span class='azc_bbc_italic'>&#8222;Geplant sind Ma\u00dfnahmen, die an die dunkelsten Zeiten der europ\u00e4ischen Geschichte erinnern. Unter anderem geht es um die komplette Abriegelung der &#8222;Festung Europa&#8220; und Massendeportationen in die Kriegsgebiete des Nahen und Mittleren Ostens. Um den geplanten Terror gegen Fl\u00fcchtlinge durchzusetzen, soll die europ\u00e4ische Grenzschutzagentur Frontex schon bis zum Jahr 2020 um mindestens 10.000 Mann aufgestockt und zu einer regelrechten Milit\u00e4rpolizei ausgebaut werden. Zudem ist die Einrichtung von de facto Konzentrationslagern f\u00fcr Fl\u00fcchtlinge in Nordafrika und innerhalb der EU geplant. Sie werden in der Gipfelerkl\u00e4rung euphemistisch als &#8222;Ausschiffungsplattformen&#8220; und &#8222;Kontrollierte Zentren&#8220; bezeichnet.<\/p>\n<p>Tats\u00e4chlich wei\u00df die EU, dass die von Br\u00fcssel geplanten Lager in Nordafrika regelrechte Terror- und Folterzentren w\u00e4ren, die den fr\u00fchen nationalsozialistischen Konzentrationslagern \u00e4hneln. So berichtete die deutsche Botschaft in Nigers Hauptstadt Niamey bereits Anfang 2017 in einer sogenannten Diplomatischen Korrespondenz an das Bundeskanzleramt und mehrere Ministerien von &#8222;allerschwersten, systematischen Menschenrechtsverletzungen in Libyen&#8220;. Laut einem Artikel der Welt am Sonntag hei\u00dft es in dem Bericht w\u00f6rtlich: &#8222;Authentische Handy-Fotos und -videos belegen die KZ-\u00e4hnlichen Verh\u00e4ltnisse in den sogenannten Privatgef\u00e4ngnissen.&#8220;<\/p>\n<p>In den libyschen Lagern seien &#8222;Exekutionen nicht zahlungsf\u00e4higer Migranten, Folter, Vergewaltigungen, Erpressungen sowie Aussetzungen in der W\u00fcste sind dort an der Tagesordnung&#8220;, hie\u00df es laut Welt am Sonntag in dem Botschaftsbericht weiter. &#8222;Augenzeugen sprechen von exakt f\u00fcnf Erschie\u00dfungen w\u00f6chentlich in einem Gef\u00e4ngnis &#8211; mit Ank\u00fcndigung und jeweils freitags, um Raum f\u00fcr Neuank\u00f6mmlinge zu schaffen, d.h. den menschlichen &#8222;Durchsatz&#8220; und damit den Profit der Betreiber zu erh\u00f6hen.&#8220;<\/p>\n<p>Die Zentren, die bereits in Griechenland bestehen und nun auf die gesamte EU ausgeweitet werden sollen, gleichen ebenfalls Konzentrationslagern. Ein Artikel in der Sonntagsausgabe der FAZ \u00fcber den bereits 2015 von der griechischen Syriza-Regierung auf Lesbos eingerichteten &#8222;Hot-Spot&#8220; Moria berichtet von einem &#8222;Besuch in der H\u00f6lle&#8220;. Das einen Hektar gro\u00dfe Areal, eine fr\u00fchere Kaserne der griechischen Armee, beherberge 7500 Menschen, die unter katastrophalen Bedingungen leben, und sei schwer befestigt. &#8222;Eisendraht verwoben zu Quadraten, bis zu vier, f\u00fcnf Meter hoch. \u00dcber den Zaun ist Stacheldraht gerollt, an allen Eing\u00e4ngen ins Lager stehen Wacht\u00fcrme und Wachleute, die Gewehre \u00fcber die Brust geschnallt. Wer rein will, muss seinen Ausweis zeigen. Vor allem die Presse soll nicht einfach hinter diese Tore blicken.&#8220;<\/p>\n<p>Die Einrichtung derartiger Lager in den f\u00fchrenden kapitalistischen L\u00e4ndern &#8211; in den USA plant die Trump-Regierung ein Netzwerk von &#8222;strengen&#8220; Konzentrationslagern, um 120.000 Menschen \u00fcberall in den Vereinigten Staaten zu internieren &#8211; ist eine Warnung, die Arbeiter und Jugendliche ernst nehmen m\u00fcssen. Wie unter faschistischen Regimes werden sich die Konzentrationslager auch gegen politische Oppositionelle und richten und letztlich gegen die Arbeiterklasse insgesamt.&#8220;<\/span> <a href='https:\/\/www.wsws.org\/de\/articles\/2018\/07\/02\/pers-j02.html' class='azc_bbc_url'>Weiterlesen&#8230;<\/a><\/p>\n<p>Dazu passt auch:<\/p>\n<p><a href='https:\/\/www.deutschlandfunk.de\/seenotrettung-im-mittelmeer-menschen-nach-libyen.694.de.html?dram:article_id=421534' class='azc_bbc_url'>\u00c4rzte ohne Grenzen: &#8222;Menschen nach Libyen zur\u00fcckzubringen ist inakzeptabel&#8220;<\/a><br \/>\nIn der vergangenen Woche hat man wieder \u00fcber 200 Menschen elendig im Mittelmeer verrecken lassen, obwohl die EU-Regierenden &#8211; von der angeblich so fl\u00fcchtlingsfreundlichen Merkel bis hin zur franz\u00f6sischen Sonnenfigur Macron &#8211; alle Mittel und M\u00f6glichkeiten h\u00e4tten, diese Menschen zu retten.<\/p>\n<p>Worum geht es denn im Kern bei der gesamten Fl\u00fcchtlingsdebatte? Es geht doch darum, dass die Rechten br\u00fcllen, dass man die fl\u00fcchtenden Menschen allesamt abweisen und verrecken lassen sollte &#8211; und die Linken jeden einzelnen Todesfall (zurecht) f\u00fcr ein Verbrechen gegen die Menschlichkeit halten. Und die &#8222;politische Mitte&#8220; von CDU\/CSU\/SPD\/FDP\/GR\u00dcNE diskutiert dar\u00fcber, wie viele Menschen mal wohl &#8222;als Kompromiss&#8220; verrecken lassen k\u00f6nnte.<\/p>\n<p>Im Klartext: Tausenden Menschen mit vollem Wissen beim Krepieren zuzuschauen ist hierzulande politisch &#8222;die Mitte&#8220;. Damit ist ALLES \u00fcber unsere Zivilisation gesagt.<\/p>\n<p><a href='https:\/\/dvwelt.wordpress.com\/2018\/06\/30\/wir-haben-uns-dabei-fluesternd-unterhalten' class='azc_bbc_url'>&#8220;Wir haben uns dabei fl\u00fcsternd unterhalten&#8220;<\/a><br \/>\n<span class='azc_bbc_italic'>&#8222;Zu der Zeit, als ich noch im Mittelmeer mitgefahren bin, da entdeckten wir pro Tag und pro Schiff mindestens 2, oftmals 3 bis 5 gekenterte Schlauchboote. Rundherum sind oft ein paar Leichen im Wasser getrieben. Wir konnten nur die auf dem Wasser treibenden Leichen z\u00e4hlen und haben es dann Rom so weitergegeben. Das waren immer so 10-20 tote K\u00f6rper. Nur diese K\u00f6rper sind in die Statistik der Ertrunkenen im Mittelmeer eingeflossen. Dann erh\u00e4lt man eine Zahl wie 1500 oder auch mal 3000 pro Jahr. Doch die Dunkelziffer ist brutal. Jedes dieser Boote war mit Sicherheit mit bis zu 180 Menschen gef\u00fcllt. Die Leichen haben wir nie gefunden. Diese lagen schon l\u00e4ngst auf dem Meeresgrund oder wurden Tage sp\u00e4ter an den umliegenden K\u00fcsten angesp\u00fclt. Theoretisch m\u00fcssen wir die 3000 mindestens mal 10 nehmen. Unsere Dunkelziffer ist so unfassbar hoch, dass wir dar\u00fcber selbst nicht sprechen, weil sie v\u00f6llig absurd klingt. Ich erinnere mich an ein Gespr\u00e4ch im B\u00fcro (wir haben uns dabei fl\u00fcsternd unterhalten), da wurde intern eine 60.000 als niedrig, aber durchaus realistisch eingesch\u00e4tzt. Und die Zahl der toten Fl\u00fcchtlinge\/Migranten in der Sahara wird mangels \u00f6ffentlichem Interesse gar nicht erst erhoben.&#8220;<\/span> <a href='https:\/\/dvwelt.wordpress.com\/2018\/06\/30\/wir-haben-uns-dabei-fluesternd-unterhalten' class='azc_bbc_url'>Weiterlesen&#8230;<\/a><\/p>\n<p><a href='https:\/\/www.jungewelt.de\/artikel\/335191.html' class='azc_bbc_url'>Kommentar zum EU-Gipfel: Kanaillen<\/a><br \/>\nHervorragend kommentiert <img class='azc_bbc_image' src='https:\/\/www.rume.de\/smilies\/verehr.gif'  \/><\/p>\n<p><a href='https:\/\/www.welt.de\/politik\/deutschland\/article178340854' class='azc_bbc_url'>Von der Leyen bekommt einen Schattenhaushalt<\/a><br \/>\nNat\u00fcrlich merken auch CDU\/CSU und SPD, dass die Verdoppelung der Kriegsausgaben nicht &#8222;einfach so&#8220; durchgewunken werden k\u00f6nnen, wenn zeitgleich Schulen vergammeln und Pflegenotstand herrscht. Also erschafft man einen Schattenhaushalt, aus dem sich unsere Kriegsuschi hemmungslos bedienen kann. Man hat ja schliesslich noch nicht genug Fl\u00fcchtlinge produziert mit den weltweiten <span class='azc_bbc_strike'>Mordkommandos<\/span> Auslandsmissionen und Waffenexporten.<\/p>\n<p>Unn\u00f6tig zu erw\u00e4hnen, dass es solche Schattenhaushalte NIEMALS zugunsten sozialer Projekte gibt. Unvorstellbar, wenn am Ende des Jahres noch Geld f\u00fcr die Rente oder Arbeitslosenversicherung \u00fcbrig w\u00e4re und dann eine zus\u00e4tzliche Renten- und Regelsatz-Erh\u00f6hung erfolgt <img class='azc_bbc_image' src='https:\/\/www.rume.de\/smilies\/sarkasm.gif'  \/><\/p>\n<p><a href='http:\/\/www.sueddeutsche.de\/politik\/edward-snowden-im-interview-merkels-haltung-ist-eine-enttaeuschung-1.4034633' class='azc_bbc_url'>Edward Snowden im Interview<\/a><br \/>\n<span class='azc_bbc_italic'>&#8222;Seit genau f\u00fcnf Jahren sitzt Edward Snowden in Russland fest. Zusammen mit seiner Freundin Lindsay wohnt der 35 Jahre alte US-Amerikaner in einer Mietwohnung. Er habe sich &#8222;damit abgefunden&#8220;, sagte Snowden, &#8222;dass ich mein ganzes Leben lang die Konsequenzen daf\u00fcr tragen werde, der \u00d6ffentlichkeit gesagt zu haben, was ich wei\u00df&#8220;. Lieber w\u00fcrde er in einem europ\u00e4ischen Land leben, in Deutschland etwa. Snowden kritisiert Bundeskanzlerin Angela Merkel daf\u00fcr, ihm kein Asyl zu gew\u00e4hren: &#8222;Wenn ein russischer Whistleblower bei Frau Merkel anklopfen w\u00fcrde, w\u00fcrde sie ihn adoptieren&#8220;. Aber wenn ein US-Whistleblower vor Merkels Haust\u00fcr auftaucht, &#8222;ist diese Frage nicht beantwortet.&#8220; Dabei sei es doch leichter, sich dem neuen US-Pr\u00e4sidenten Donald Trump entgegenzustellen, als dem weithin respektierten Barack Obama, der bis 2017 in Washington regierte.&#8220;<\/p>\n<p>Snowden, der einst auch f\u00fcr die CIA arbeitete, kritisierte dar\u00fcber hinaus die neue CIA-Direktorin Gina Haspel. Diese sei tief in die US-Folterpraktiken nach dem 11. September 2001 verstrickt: &#8222;Die aktuelle CIA-Direktorin ist eine Kriegsverbrecherin.&#8220; Er frage sich, wie sich Deutschland verhalten werde, wenn sie demn\u00e4chst nach Europa reise. &#8222;Die Frage ist dann: Wird die deutsche Regierung mit einer Folterverantwortlichen kollaborieren und sie unbehelligt reisen lassen?&#8220;<\/span><\/p>\n<p><a href='http:\/\/blog.fefe.de\/?ts=a5c4d7d2' class='azc_bbc_url'>CDU-Pl\u00e4ne f\u00fcr Internetzensur und Upload-Filter k\u00f6nnte scheitern<\/a><br \/>\nUnd weil Kollege Fefe dies schon so sch\u00f6n s\u00fcffisant kommentiert, brauche ich dem nichts hinzuzuf\u00fcgen <img class='azc_bbc_image' src='https:\/\/www.rume.de\/smilies\/biggrin.gif'  \/><\/p>\n<p><a href='https:\/\/www.heise.de\/newsticker\/meldung\/Produktion-von-Oekostrom-in-Deutschland-erreicht-Hoechststand-4095525.html' class='azc_bbc_url'>Produktion von \u00d6kostrom in Deutschland erreicht H\u00f6chststand<\/a><br \/>\nDurch den Zuwachs um rund 9 Prozent seien erstmals in den ersten sechs Monaten eines Jahres mehr als 100 Milliarden Kilowattstunden \u00d6kostrom produziert worden.<\/p>\n<p>55 Mrd. Kilowattstunden Windkraft (plus 7 Mrd.)<br \/>\n21 Mrd. Kilowattstunden Solarenergie (plus 1 Mrd.)<br \/>\n20 Mrd. Kilowattstunden Biomasse (keine Ver\u00e4nderung)<br \/>\n8 Mrd. Kilowattstunden Wasserkraft (plus 1 Mrd.)<\/p>\n<p>Nicht erfasst in diesen Zahlen ist der Strom aus privaten Photovoltaik-Anlagen, der direkt verbraucht und nicht ins Netz eingespeist wird.<\/p>\n<p><a href='https:\/\/www.autohaus.de\/nachrichten\/abgas-skandal-festnahme-von-audi-chef-stadler-war-riesenschock-2185760.html' class='azc_bbc_url'>VW-Chef Diess: Festnahme von Audi-Chef Stadler war &#8222;Riesenschock&#8220;<\/a><br \/>\n<span class='azc_bbc_italic'>&#8222;VW-Chef Herbert Diess kann die Festnahme des inzwischen beurlaubten Audi-Chefs Rupert Stadler nur schwer nachvollziehen. &#8222;Der Vorstandschef einer gro\u00dfen Automarke in U-Haft: Das gab es noch nie.&#8220;<\/span><\/p>\n<p>F\u00fcr mich ist es ja eher ein &#8222;Riesenschock&#8220;, dass erst ein einziger Topmanager in Untersuchungshaft steckt. Aber bei denen da oben kann ich mir die Emp\u00f6rung schon gut vorstellen, weil man sich dank bester <span class='azc_bbc_strike'>Verfilzung<\/span> Vernetzung mit der Politik und satten <span class='azc_bbc_strike'>Schmiergeldern<\/span> Parteispenden und Belohnungsp\u00f6stchen f\u00fcr unantastbar hielt. Wof\u00fcr gibt es denn bittesch\u00f6n hierzulande eine Staatsanwaltschaft, die den Regierungspolitikern untergeordnet ist? Die Verhaftung h\u00e4tte die <span class='azc_bbc_strike'>geschmierte<\/span> anweisende Regierung also jederzeit verhindern k\u00f6nnen.<\/p>\n<p>Aber ich bin zuversichtlich, dass keine weiteren Folgen zu erwarten sind. Niemand muss um seine Pensionsanspr\u00fcche oder sein bescheidenes Eigenheim bangen. Wir leben schliesslich in einem Rechtsstaat <img class='azc_bbc_image' src='https:\/\/www.rume.de\/smilies\/sarkasm.gif'  \/><\/p>\n<p>Und zu guter Letzt:<\/p>\n<p><a href='http:\/\/www.harm-bengen.de\/toonpool\/2018%2007%2001%20Unionsfrieden-FARBE.jpg' class='azc_bbc_url'>Hauptsache CDU und CSU haben sich wieder lieb<\/a><br \/>\n&#8230;.<\/p>\n","protected":false},"excerpt":{"rendered":"<p>\/ Auf Null gek\u00fcrzt \/ Mindestlohn: &#8222;Wir br\u00e4uchten 66 Jahre, um alle Unternehmen mal durchzupr\u00fcfen&#8220; \/ Ex-Wirtschaftsminister Br\u00fcderle (FDP) will Tarifl\u00f6hne in der Altenpflege verhindern \/ AfD will die gesetzliche Rente abschaffen \/ AfD stimmt gegen Abschaffung der Hartz IV-Sanktionen \/ Ex-Innenminister Friedrich (CSU) bezeichnet Anti-AfD-Demonstranten als &#8222;Linksfaschisten&#8220; \/ EU versch\u00e4rft Terror gegen Fl\u00fcchtlinge \/ &hellip; <a href=\"https:\/\/www.rume.de\/?p=701\" class=\"more-link\"><span class=\"screen-reader-text\">\u201eAufgelesen und kommentiert 2018-07-02\u201c <\/span>weiterlesen<\/a><\/p>\n","protected":false},"author":1,"featured_media":0,"comment_status":"open","ping_status":"closed","sticky":false,"template":"","format":"standard","meta":{"footnotes":""},"categories":[2],"tags":[],"class_list":["post-701","post","type-post","status-publish","format-standard","hentry","category-aufgelesen"],"_links":{"self":[{"href":"https:\/\/www.rume.de\/index.php?rest_route=\/wp\/v2\/posts\/701","targetHints":{"allow":["GET"]}}],"collection":[{"href":"https:\/\/www.rume.de\/index.php?rest_route=\/wp\/v2\/posts"}],"about":[{"href":"https:\/\/www.rume.de\/index.php?rest_route=\/wp\/v2\/types\/post"}],"author":[{"embeddable":true,"href":"https:\/\/www.rume.de\/index.php?rest_route=\/wp\/v2\/users\/1"}],"replies":[{"embeddable":true,"href":"https:\/\/www.rume.de\/index.php?rest_route=%2Fwp%2Fv2%2Fcomments&post=701"}],"version-history":[{"count":2,"href":"https:\/\/www.rume.de\/index.php?rest_route=\/wp\/v2\/posts\/701\/revisions"}],"predecessor-version":[{"id":704,"href":"https:\/\/www.rume.de\/index.php?rest_route=\/wp\/v2\/posts\/701\/revisions\/704"}],"wp:attachment":[{"href":"https:\/\/www.rume.de\/index.php?rest_route=%2Fwp%2Fv2%2Fmedia&parent=701"}],"wp:term":[{"taxonomy":"category","embeddable":true,"href":"https:\/\/www.rume.de\/index.php?rest_route=%2Fwp%2Fv2%2Fcategories&post=701"},{"taxonomy":"post_tag","embeddable":true,"href":"https:\/\/www.rume.de\/index.php?rest_route=%2Fwp%2Fv2%2Ftags&post=701"}],"curies":[{"name":"wp","href":"https:\/\/api.w.org\/{rel}","templated":true}]}}