{"id":682,"date":"2018-06-13T20:04:58","date_gmt":"2018-06-13T18:04:58","guid":{"rendered":"https:\/\/rume.inrieda.de\/?p=682"},"modified":"2018-06-13T20:04:58","modified_gmt":"2018-06-13T18:04:58","slug":"aufgelesen-und-kommentiert-2018-06-13","status":"publish","type":"post","link":"https:\/\/www.rume.de\/?p=682","title":{"rendered":"Aufgelesen und kommentiert 2018-06-13"},"content":{"rendered":"<p>\/ Dauerskandal: Jedes Jahr werden 5 Milliarden Euro Kindergeld bei Hartz IV angerechnet<br \/>\n\/ Hartz IV: &#8222;Das nackte Fressen&#8220;<br \/>\n\/ Amtliche Helden &#8211; Der offizielle Trailer zum Spiel<br \/>\n\/ Bundesverfassungsgericht verbietet sachgrundlose Endlos-Befristungen<br \/>\n\/ Hamburger Landesparlament soll Verkauf der HSH Nordbank zustimmen<br \/>\n\/ Scholz und Macron beerdigen die Finanztransaktionssteuer<br \/>\n\/ L\u00fcgen f\u00fcr die Vorratsdatenspeicherung: Das BKA pr\u00e4sentiert neue Propaganda &#8211; wir kontern<br \/>\n\/ Abgas-Skandal: Scheuer k\u00fcndigt Pflicht-R\u00fcckruf f\u00fcr 238.000 Daimler an<br \/>\n\/ AfD-Politik in der Linkspartei<br \/>\n\/ LINKE-Parteitag: Wie passen offene Grenzen mit realen Abschiebungen zusammen<br \/>\n\/ Fl\u00fcchtlinge von &#8222;Aquarius&#8220;: Gro\u00dfe Heuchelei<br \/>\n\/ G7: Gelaber ist noch keine Politik<br \/>\n\/ Programmkritik an der manipulierenden Berichterstattung der Tagesschau<br \/>\n\/ ARD\/ZDF-Talkshows brachten \u00fcber 100 Mal rassistische AfD-Thesen als Leitthema<br \/>\n\/ So verbiegt die AfD die Polizeiliche Kriminalstatistik<br \/>\n\/ ZDF pr\u00e4sentiert Fl\u00fcchtlinge als die Unmenschen unserer Zeit<br \/>\n\/ Glanzst\u00fccke<\/p>\n<p>&#8212;<\/p>\n<p><!--more--><\/p>\n<p>Noch ein Nachtrag trotz angek\u00fcndigter Auszeit <img class='azc_bbc_image' src='https:\/\/www.rume.de\/smilies\/laugh.gif'  \/><\/p>\n<p><a href='https:\/\/www.berliner-zeitung.de\/wirtschaft\/-dauerskandal&#8211;knapp-50-milliarden-euro-kindergeld-bei-hartz-iv-angerechnet-30598382' class='azc_bbc_url'>Dauerskandal: Jedes Jahr werden 5 Milliarden Euro Kindergeld bei Hartz IV angerechnet<\/a><br \/>\nW\u00e4hrend es f\u00fcr Arbeiterkinder das Kindergeld und f\u00fcr Besserverdiener den h\u00f6heren Kinderfreibetrag gibt (was auch schon ein Skandal ist), gibt es noch eine dritte Klasse an Menschen: Die Kinder aufstockender und\/oder arbeitsloser Eltern. Diese bekommen weder Kindergeld noch Kinderfreibetrag, sondern einen menschenverachtend kleingerechneten Kinder-Regelsatz. Das unwerte Leben soll sich ja schliesslich nicht weiter vermehren, so die einhellige Meinung von CDU\/CSU\/SPD\/FDP\/GR\u00dcNE.<\/p>\n<p>\u00dcber diese K\u00fcrzung bei den Schw\u00e4chsten unserer Gesellschaft &#8222;spart&#8220; die Bundesregierung jedes Jahr knapp f\u00fcnf Milliarden Euro. Und es ist die SPD h\u00f6chstpers\u00f6nlich, die dieses asoziale &#8222;Sparen&#8220; auch noch verteidigt (Zitat): <span class='azc_bbc_italic'>&#8222;Sozialminister Hubertus Heil (SPD) verteidigt sich in einem RTL-Interview, dass man immer noch einen Lohnabstand brauchen zwischen Menschen, die Arbeit haben und denen, die keine haben.&#8220;<\/span><\/p>\n<p>Jeder weiss, dass es nicht genug existenzsichernde Arbeitspl\u00e4tze f\u00fcr alle gibt. \u00dcber eine Million Menschen bekommen nur deswegen Hartz4, weil ihr Arbeitseinkommen zu gering ist. Wo bitte wird denn da ein &#8222;Lohnabstandsgebot&#8220; eingehalten?<\/p>\n<p>Aber das ist wohl diese SPD-Erneuerung, \u00fcber die sie st\u00e4ndig reden.<\/p>\n<p><a href='https:\/\/www.freitag.de\/autoren\/elsa-koester\/das-nackte-fressen' class='azc_bbc_url'>Hartz IV: &#8222;Das nackte Fressen&#8220;<\/a><br \/>\nEine Alleinerziehende berichtet aus ihrem sozialdemokratisch reformierten Leben mit Hartz4 und Sanktionen.<\/p>\n<p><a href='https:\/\/www.youtube.com\/watch?v=LAIG0gjlOAo' class='azc_bbc_url'>Amtliche Helden &#8211; Der offizielle Trailer zum Spiel<\/a><br \/>\nRealsatire!<\/p>\n<p><a href='https:\/\/rp-online.de\/wirtschaft\/arbeit\/verfassungsrichter-schraenken-erneuerung-befristeter-jobs-ein_aid-23389763' class='azc_bbc_url'>Bundesverfassungsgericht verbietet sachgrundlose Endlos-Befristungen<\/a><br \/>\nW\u00e4hrend das keinesfalls linke Bundesverfassungsgericht (siehe Urteile zum Regelsatz, Auslandskriege, ESM, Milit\u00e4r im Inland, usw.) der Arbeiterklasse eine <span class='azc_bbc_italic'>&#8222;strukturelle Unterlegenheit im Arbeitsverh\u00e4ltnis&#8220;<\/span> gegen\u00fcber den Kapitalisten zuspricht und demzufolge die sachgrundlose Endlosbefristung als verfassungswidrig einstuft &#8211; steht auf der anderen Seite eine SPD, die die Arbeiterklasse in den vergangenen 20 Jahren stets nur NOCH weiter zugunsten der Kapitalisten unterdr\u00fcckte.<\/p>\n<p>Und trotzdem h\u00e4lt sich die SPD immer noch f\u00fcr eine linke Volkspartei <img class='azc_bbc_image' src='https:\/\/www.rume.de\/smilies\/sarkasm.gif'  \/><\/p>\n<p><a href='https:\/\/www.jungewelt.de\/artikel\/333998.html' class='azc_bbc_url'>Hamburger Landesparlament soll Verkauf der HSH Nordbank zustimmen<\/a><br \/>\nMilliardenbetr\u00e4ge verzockt, auf Kosten von uns Steuerzahlern saniert (wof\u00fcr wir im Gegenzug auf renovierte Infrastruktur und zus\u00e4tzlich eingestelltes Personal in Schulen und Pflege verzichten m\u00fcssen) &#8211; und kaum k\u00f6nnte die Bank wieder Gewinne machen, muss sie nat\u00fcrlich schnellstens verkauft werden. &#8222;Investoren&#8220; k\u00f6nnen die Profite n\u00e4mlich viel besser f\u00fcr sich gebrauchen, als eine Umleitung der Gewinne zugunsten menschenw\u00fcrdiger Regels\u00e4tze oder armutsfester Renten.<\/p>\n<p>Eingef\u00e4delt hat das alles \u00fcbrigens Olaf Scholz von der SPD. Und das Spielchen der HSH Nordbank war seine Gesellenpr\u00fcfung, ob er ohne den Aufstand der Bev\u00f6lkerung eine zweistellige Milliardensumme an die reichsten 10 Prozent umverteilen kann. Und dies hat er absolut erfolgreich gemanagt. Damit hat er sich vorbildlich f\u00fcr noch gr\u00f6ssere volkswirtschaftliche Verbrechen qualifiziert und wurde daher auch zum Bundesfinanzminister ernannt.<\/p>\n<p>Dazu passt:<\/p>\n<p><a href='http:\/\/www.attac.de\/startseite\/detailansicht\/news\/scholz-killt-die-finanztransaktionssteuer-1' class='azc_bbc_url'>Scholz und Macron beerdigen die Finanztransaktionssteuer<\/a><br \/>\nW\u00e4hrend Sch\u00e4uble die Finanztransaktionssteuer, also eine Steuer auf jede einzelne Finanzverschiebung, nur immer wieder verschoben hatte, beerdigt Scholz diese nun endg\u00fcltig.<\/p>\n<p>Heiner Flassbeck hat das mal <a href='https:\/\/lecture2go.uni-hamburg.de\/l2go\/-\/get\/v\/23016' class='azc_bbc_url'>super erkl\u00e4rt (ab Minute 28 )<\/a> mit den Finanzspekulationen am Beispiel von verschiedenen W\u00e4hrungen. <span class='azc_bbc_italic'>&#8222;Der brasilianische Finanzminister hat von einem &#8222;W\u00e4hrungskrieg&#8220; gegen sein Land gesprochen, weil seine W\u00e4hrung andauernd aufgewertet wurde. Warum war das so? Weil wir die Finanzspekulation zugelassen haben. Deutsche Bank, Citibank und alle haben internationale Spekulationen gemacht mit W\u00e4hrungen. Und wie funktioniert das? Diese Leute machen dann &#8222;Carry Trade&#8220;. Man leiht sich das Geld aus einem Niedrigzinsland nahe Null wie z.B. Japan und tr\u00e4gt es in ein Hochzinsland mit zehn Prozent wie z.B. Brasilien. Also leihe ich mir eine Million an japanischen Geld und bekomme daf\u00fcr in Brasilien zehn Prozent Zinsen. Ich bekomme f\u00fcrs Nichtstun zehn Prozent.&#8220;<\/span><\/p>\n<p>Und gegen dieses &#8222;Nichtstun&#8220; soll es nach dem Willen der SPD jetzt noch nicht einmal mehr eine Finanzsteuer geben. Aber das geh\u00f6rt bestimmt auch zu dieser SPD-Erneuerung, \u00fcber die sie st\u00e4ndig reden <img class='azc_bbc_image' src='https:\/\/www.rume.de\/smilies\/sarkasm.gif'  \/><\/p>\n<p><a href='https:\/\/netzpolitik.org\/2018\/luegen-fuer-die-vorratsdatenspeicherung-das-bka-praesentiert-neue-propaganda-wir-kontern' class='azc_bbc_url'>L\u00fcgen f\u00fcr die Vorratsdatenspeicherung: Das BKA pr\u00e4sentiert neue Propaganda &#8211; wir kontern<\/a><br \/>\nSehr lesenswert!<\/p>\n<p><a href='https:\/\/www.heise.de\/newsticker\/meldung\/Abgas-Skandal-Scheuer-kuendigt-Pflicht-Rueckruf-fuer-238-000-Daimler-an-4076374.html' class='azc_bbc_url'>Abgas-Skandal: Scheuer k\u00fcndigt Pflicht-R\u00fcckruf f\u00fcr 238.000 Daimler an<\/a><br \/>\nAuch der Bericht von Heise-Online ist durchzogen mit Worten wie &#8222;Ende der Salamitaktik&#8220; und &#8222;die Daumenschrauben anziehen&#8220; &#8211; ganz so, als h\u00e4tte Daimler einen Satz heisse Ohren verpasst bekommen <img class='azc_bbc_image' src='https:\/\/www.rume.de\/smilies\/clown.gif'  \/> Das Gegenteil ist der Fall: Auch bei Mercedes gibt es nur ein paar Software-Updates. Und die betrogenen Kunden m\u00fcssen f\u00fcr die Hin- und Hergurkerei zur Werkstatt mitsamt Nutzungsausfall geradestehen.<\/p>\n<p>Unn\u00f6tig zu erw\u00e4hnen, dass es nat\u00fcrlich (wie schon bei VW) auch bei Daimler keinerlei strafrechtliche Aufarbeitung gibt. Trotz der vors\u00e4tzlichen Gesundheitssch\u00e4digung der Bev\u00f6lkerung aus reiner Profitgier.<\/p>\n<p>Aber man kann eben einen Rechtsstaat haben, oder Kapitalismus &#8211; aber eben nicht beides <img class='azc_bbc_image' src='https:\/\/www.rume.de\/smilies\/nasiehste.gif'  \/><\/p>\n<p><a href='http:\/\/www.wsws.org\/de\/articles\/2018\/06\/12\/link-j12.html' class='azc_bbc_url'>AfD-Politik in der Linkspartei<\/a><br \/>\n<span class='azc_bbc_italic'>&#8222;Der Parteitag der Linken, der am Wochenende in Leipzig stattfand, wurde von einer heftigen Auseinandersetzung \u00fcber die Fl\u00fcchtlingspolitik gepr\u00e4gt. Sahra Wagenknecht, ihr Ehemann Oskar Lafontaine und deren Anh\u00e4nger werben seit langem f\u00fcr eine restriktive Fl\u00fcchtlingspolitik, die sich kaum von jener der rechtsextremen AfD unterscheidet. Auch in der Parteipresse tobte seit langem eine Auseinandersetzung \u00fcber Wagenknechts AfD-Kurs in der Fl\u00fcchtlingsfrage. Im Parteiorgan Neues Deutschland erschienen zahlreiche Beitr\u00e4ge f\u00fcr und wider Wagenknechts Position. So ver\u00f6ffentlichte im Mai eine Gruppe aus dem Umfeld der Sozialistischen Linken, dem gewerkschaftsnahen Fl\u00fcgel der Partei, ein Papier \u00fcber eine &#8222;regulierende linke Einwanderungspolitik&#8220;, das Wagenknechts Haltung unterst\u00fctzt.<\/p>\n<p>Das Papier, das unter anderem von den Bundestagsabgeordneten Fabio de Masi, Jutta Krellmann, Michael Leutert und Sabine Zimmermann sowie dem Vorsitzenden des Netzwerkes Kuba, Harri Gr\u00fcnberg, unterzeichnet ist, wendet sich gegen &#8222;eine unbegrenzte Einwanderung, die auch all diejenigen einschlie\u00dfen w\u00fcrde, die lediglich ein h\u00f6heres Einkommen erzielen oder einen besseren Lebensstandard genie\u00dfen wollen&#8220;. Ein Recht auf globale Bewegungs- und Niederlassungsfreiheit sei &#8222;f\u00fcr eine realistische linke Migrationspolitik weder zielf\u00fchrend noch der breiten Bev\u00f6lkerung vermittelbar&#8220;, hei\u00dft es darin.<\/p>\n<p>Erst als Wagenknecht dann in ihrer Rede darauf bestand, dass &#8222;es f\u00fcr Arbeitsmigration Grenzen geben sollte&#8220;, regten sich Buhrufe und Widerspruch. Es ist bezeichnend, dass der Angriff auf Wagenknecht auf dem Parteitag von Elke Breitenbach ausging. Sie ist Senatorin f\u00fcr Integration, Arbeit und Soziales in der Berliner Landesregierung und hat die Praxis, links zu reden und rechts zu handeln, zur Perfektion getrieben. So gei\u00dfelt sie die Pl\u00e4ne von Bundesinnenminister Horst Seehofer, Asylbewerber in sogenannten &#8222;Anker-Zentren&#8220; zu kasernieren, w\u00e4hrend der Berliner Senat unter dem Namen &#8222;Erstaufnahmeeinrichtungen&#8220; (EAE) genau dasselbe tut und die Pl\u00e4tze darin in j\u00fcngster Zeit von rund 2000 auf 4000 verdoppelt hat.<\/p>\n<p>Th\u00fcringen, das einzige Bundesland, in dem die Linke den Regierungschef stellt, nimmt bei der Abschiebung von Fl\u00fcchtlingen einen Spitzenplatz ein. Der th\u00fcringische Ministerpr\u00e4sident Bodo Ramelow verteidigte das auf dem Parteitag mit der \u00fcblen Ausrede, er f\u00fchre lediglich Bundesgesetze aus. &#8222;F\u00fcr mich ist jede Abschiebung eine menschliche Niederlage&#8220;, beteuerte Ramelow. &#8222;Es sind Bundesgesetze, die zu vollziehen sind, und die werden so vollzogen, dass wir jedesmal gezwungen werden, auf der Ebene mit Polizeieins\u00e4tzen etwas zu machen, was ich erb\u00e4rmlich finde.&#8220; Das erinnert an alte Nazis, die ihre Verbrechen damit rechtfertigten, dass sie nur Befehle befolgt h\u00e4tten.<\/p>\n<p>Wohin die Linkspartei steuert, zeigte am deutlichsten der Beitrag von Gregor Gysi, des langj\u00e4hrigen Vorsitzenden der PDS und der Linken, der als Pr\u00e4sident der Europ\u00e4ischen Linken zum Parteitag sprach. Gysi warnte vor Nationalismus und zitierte den Satz &#8222;Proletarier aller L\u00e4nder, vereinigt euch!&#8220; aus dem Kommunistischen Manifest. Doch er verstand darunter nicht die internationale Einheit der Arbeiterklasse im Kampf gegen den Kapitalismus. Sein Beitrag gipfelte stattdessen in der Forderung nach &#8222;einer geschlossenen Antwort der Europ\u00e4ischen Union auf den Handelskrieg der USA&#8220;.<\/p>\n<p>Einen engen Verb\u00fcndeten und gefeierten Gast auf fr\u00fcheren Linken-Parteitagen erw\u00e4hnte Gysi in seiner Rede mit keinem Wort: Alexis Tsipras, den griechischen Regierungschef und Vorsitzenden von Syriza. Tsipras hat praktisch gezeigt, was die Verteidigung der Europ\u00e4ischen Union bedeutet: Die sch\u00e4rfsten Angriffe auf die sozialen Errungenschaften und demokratischen Rechte der Arbeiterklasse und die Unterst\u00fctzung von Militarismus und Krieg. Auf eine solche Rolle bereitet sich auch die Linkspartei vor.&#8220;<\/span><\/p>\n<p><a href='https:\/\/www.heise.de\/tp\/features\/Parteitag-der-Linken-Wie-passen-offene-Grenzen-mit-realen-Abschiebungen-zusammen-4075493.html' class='azc_bbc_url'>LINKE-Parteitag: Wie passen offene Grenzen mit realen Abschiebungen zusammen<\/a><br \/>\nTELEPOLIS mit einigen Spitzen, mit denen sich die kapitalistische LINKE in ihren eigenen Widerspr\u00fcchen selber demontiert <img class='azc_bbc_image' src='https:\/\/www.rume.de\/smilies\/nasiehste.gif'  \/><\/p>\n<p>Exemplarisch f\u00fcr den Rechtsrutsch der LINKEN ist folgende Passage (Zitat): <span class='azc_bbc_italic'>&#8222;W\u00fcrde, so lie\u00dfe sich fragen, in einem sozialpolitischen Leitantrag die \u00dcberschrift auftauchen, dass nur eine kommunistische Gesellschaft &#8211; nicht zu verwechseln mit dem untergegangenen Staatskapitalismus &#8211; die Ausbeutung des Menschen durch den Menschen beseitigen kann? Einem Antrag mit einer solchen Wortwahl w\u00fcrden nicht mal 10 Prozent der Delegierten zustimmen.&#8220;<\/span> <img class='azc_bbc_image' src='https:\/\/www.rume.de\/smilies\/sarkasm.gif'  \/><\/p>\n<p>Aber hey: Versucht ruhig weiter, innerhalb eines kapitalistischen Systems f\u00fcr Menschenrechte zu sorgen. F\u00fcr mich als Zyniker kann es kein lustigeres Gehampel geben <img class='azc_bbc_image' src='https:\/\/www.rume.de\/smilies\/biggrin.gif'  \/><\/p>\n<p>Wenn man ernsthaft meint, als LINKE den vor Tod und Krieg fl\u00fcchtende Menschen hierzulande Zuflucht gew\u00e4hren zu wollen &#8211; aber vor Armut fl\u00fcchtende Menschen, die (Zitat) <span class='azc_bbc_italic'>&#8222;lediglich ein h\u00f6heres Einkommen erzielen oder einen besseren Lebensstandard genie\u00dfen wollen&#8220;<\/span> auszugrenzen &#8211; wo bitte will man da eine logische Grenze ziehen? Nimmt man das Wort &#8222;Wirtschaftsfl\u00fcchtling&#8220; ernst, dann d\u00fcrfte auch kein Grieche in Deutschland arbeiten (&#8222;Wir k\u00f6nnen nicht alle Griechen aufnehmen&#8220;), kein Ostdeutscher in den Westbundesl\u00e4ndern arbeiten &#8211; und warum sollen die Menschen im Nachbardorf nen Job suchen? Sollte man nicht lieber daf\u00fcr sorgen, dass das eigene Dorf auf die Beine kommt?<\/p>\n<p>Wie wir sehen, ist diese Debatte so bescheuert, dass nur Sozialdemokraten dar\u00fcber diskutieren k\u00f6nnen. Und damit ist auch schon alles \u00fcber DIE LINKE gesagt.<\/p>\n<p><a href='https:\/\/www.jungewelt.de\/artikel\/334050.html' class='azc_bbc_url'>Fl\u00fcchtlinge von &#8222;Aquarius&#8220;: Gro\u00dfe Heuchelei<\/a><br \/>\nNach vielen Schuldzuweisungen will die Spanische Regierung nun die gefl\u00fcchteten Menschen von &#8222;Aquarius&#8220; aufnehmen und versucht damit, sich als Hort der Menschenfreundlichkeit darzustellen. Doch die Stra\u00dfe von Gibraltar ist l\u00e4ngst zu einem Massengrab geworden. Seit Jahresbeginn sind bereits 235 Menschen im Mittelmeer ertrunken oder gelten als vermisst &#8211; mehr als im gesamten Jahr 2017.<\/p>\n<p>Die Lebensbedingungen f\u00fcr Fl\u00fcchtlinge sind in Spanien miserabel: Bis sie ihren Asylantrag gestellt haben, sind sie oft obdach- und mittellos. Anschlie\u00dfend ergeht es ihnen nicht viel besser: Migranten, die keine Aufenthaltstitel besitzen, werden in Internierungslagern (CIE) eingesperrt. Dort werden oftmals Menschenrechte nicht respektiert und gibt es keine ausreichende medizinische Versorgung, was Hilfsorganisationen seit Jahren kritisieren.<\/p>\n<p><a href='https:\/\/makroskop.eu\/2018\/06\/g-7-oder-gelaber-ist-in-der-tat-noch-keine-politik' class='azc_bbc_url'>G7: Gelaber ist noch keine Politik<\/a><br \/>\n<span class='azc_bbc_italic'>&#8222;G7 ist das \u00e4lteste und unsinnigste aller Gipfeltreffen. Es wurde nur wiederbelebt, weil man Russland &#8222;bestrafen&#8220; und aus irgendeinem internationalen Gremium herauswerfen wollte. Die politische Bedeutung ist ganz nahe Null, weswegen das Aufheulen \u00fcber das &#8222;Scheitern&#8220; mindestens so bedeutungslos ist wie das Treffen selbst. Und ein dort beschlossenes Kommunique so wichtig, als wenn in China das ber\u00fchmte Rad umf\u00e4llt.&#8220;<\/span> <a href='https:\/\/makroskop.eu\/2018\/06\/g-7-oder-gelaber-ist-in-der-tat-noch-keine-politik' class='azc_bbc_url'>Weiterlesen&#8230;<\/a><\/p>\n<p>Erinnert ihr euch noch an das Pariser Klimaabkommen? Das war auch so wichtig, dass sich niemand dran h\u00e4lt. Auch die Bundesregierung nicht, die gleich als allererste Ank\u00fcndigung klar machte, dass man dem Vorbild von Trump folgen will und die vereinbarten Ziele aufgibt.<\/p>\n<p>Lustigerweise kann unsere Qualit\u00e4tspresse auch den Schwachsinn eines solchen &#8222;Gipfeltreffens&#8220; auch korrekt benennen, wenn sich zwei Unsympathen (Trump und Kim) treffen: <span class='azc_bbc_italic'>&#8222;Es ging nur um Autos und ein wertloses St\u00fcck Papier&#8220;<\/span>, kommentiert exemplarisch <a href='http:\/\/www.sueddeutsche.de\/politik\/singapur-gipfel-warum-das-treffen-von-kim-und-trump-erbaermlich-war-1.4013270' class='azc_bbc_url'>die S\u00fcddeutsche Zeitung<\/a>. Aber wenn &#8222;unser aller Merkel&#8220; dabei ist, dann wird alles daf\u00fcr getan, dass Merkel m\u00f6glichst glanzvoll r\u00fcberkommt &#8211; und \u00fcber &#8222;den Rest&#8220; eher abf\u00e4llig berichtet wird.<\/p>\n<p>Ab wann nochmal genau spricht man von einer Staatspresse?<\/p>\n<p><a href='http:\/\/www.nrhz.de\/flyer\/beitrag.php?id=24950' class='azc_bbc_url'>Programmkritik an der manipulierenden Berichterstattung der Tagesschau<\/a><br \/>\nIm Wortschwall wird der Verstand ers\u00e4uft. Die G7-Herrschaften entleeren ihre Sprechblasen und die Tagesschau kanalisiert das ungekl\u00e4rt ins Publikum. So stellen Volker Br\u00e4utigam und Friedhelm Klinkhammer in ihrer Programmkritik fest. Denn die ARD-Nachrichten sind der Taktgeber f\u00fcr die meisten Medien der Bundesrepublik Deutschland. Wer sich kritisch mit ihnen auseinandersetzt, der kritisiert den Kern des deutschen Journalismus. Die Tagesschau-Maschine ist weder verl\u00e4sslich noch neutral und keinesfalls seri\u00f6s. Sie ist nur wenig Anderes als eben f\u00fcnfzehn Minuten Staatsfunk.<\/p>\n<p><a href='http:\/\/internetz-zeitung.eu\/index.php\/4797-rechtspopulismus-ard-zdf-talk-shows-brachten-%C3%BCber-100-mal-rassistische-afd-top-themen-als-leitthema' class='azc_bbc_url'>ARD\/ZDF-Talkshows brachten \u00fcber 100 Mal rassistische AfD-Thesen als Leitthema<\/a><br \/>\nMaischberger betitelte ihre rechtsbraune Propagandashow zuerst sogar mit der \u00dcberschrift: <span class='azc_bbc_italic'>&#8222;Sind wir zu tolerant gegen\u00fcber dem Islam?&#8220;<\/span>. Noch irgendjemand eine Frage dazu, warum ich ARD und ZDF als \u00d6ffentlich-Rechte bezeichne?<\/p>\n<p><a href='http:\/\/www.faz.net\/aktuell\/politik\/inland\/wie-die-afd-die-polizeiliche-kriminalstatistik-verbiegt-15636317.html' class='azc_bbc_url'>So verbiegt die AfD die Polizeiliche Kriminalstatistik<\/a><br \/>\nNichts Neues eigentlich, aber man muss offensichtlich immer wieder auf die Fake-News des rechtsbraunen Toilettenrandes hinweisen.<\/p>\n<p><a href='https:\/\/www.rubikon.news\/artikel\/die-fluchtlings-manipulation' class='azc_bbc_url'>ZDF pr\u00e4sentiert Fl\u00fcchtlinge als die Unmenschen unserer Zeit<\/a><br \/>\n<span class='azc_bbc_italic'>&#8222;Man muss Statistiken gar nicht f\u00e4lschen, um einen falschen Eindruck zu erzeugen. Oft gen\u00fcgt es, relevante Informationen \u00fcber Zusammenh\u00e4nge zu unterschlagen. &#8222;Fl\u00fcchtlinge sind besonders kriminell und haben Deutschland unsicherer gemacht&#8220;. Diese These verbreiten Mainstreammedien nicht erst seit dem &#8222;Fall Susanna&#8220;. Sie ist eing\u00e4ngig, aber nicht wahr. Ber\u00fccksichtigt man die absoluten Zahlen der Gefl\u00fcchteten, ihr Alter und ihre soziale Lage, k\u00f6nnte man ebenso gut Deutsche zu Horrorfiguren stilisieren.&#8220;<\/span> <a href='https:\/\/www.rubikon.news\/artikel\/die-fluchtlings-manipulation' class='azc_bbc_url'>Weiterlesen&#8230;<\/a><\/p>\n<p><a href='https:\/\/www.kontextwochenzeitung.de\/editorial\/376\/glanzstuecke-5141.html' class='azc_bbc_url'>Glanzst\u00fccke<\/a><br \/>\nWie man legal Schwarzfahren kann, wie sich Merkel als Hausbesetzerin outet und weiterer Lesespass <img class='azc_bbc_image' src='https:\/\/www.rume.de\/smilies\/nasiehste.gif'  \/><\/p>\n","protected":false},"excerpt":{"rendered":"<p>\/ Dauerskandal: Jedes Jahr werden 5 Milliarden Euro Kindergeld bei Hartz IV angerechnet \/ Hartz IV: &#8222;Das nackte Fressen&#8220; \/ Amtliche Helden &#8211; Der offizielle Trailer zum Spiel \/ Bundesverfassungsgericht verbietet sachgrundlose Endlos-Befristungen \/ Hamburger Landesparlament soll Verkauf der HSH Nordbank zustimmen \/ Scholz und Macron beerdigen die Finanztransaktionssteuer \/ L\u00fcgen f\u00fcr die Vorratsdatenspeicherung: Das &hellip; <a href=\"https:\/\/www.rume.de\/?p=682\" class=\"more-link\"><span class=\"screen-reader-text\">\u201eAufgelesen und kommentiert 2018-06-13\u201c <\/span>weiterlesen<\/a><\/p>\n","protected":false},"author":1,"featured_media":0,"comment_status":"open","ping_status":"closed","sticky":false,"template":"","format":"standard","meta":{"footnotes":""},"categories":[2],"tags":[],"class_list":["post-682","post","type-post","status-publish","format-standard","hentry","category-aufgelesen"],"_links":{"self":[{"href":"https:\/\/www.rume.de\/index.php?rest_route=\/wp\/v2\/posts\/682","targetHints":{"allow":["GET"]}}],"collection":[{"href":"https:\/\/www.rume.de\/index.php?rest_route=\/wp\/v2\/posts"}],"about":[{"href":"https:\/\/www.rume.de\/index.php?rest_route=\/wp\/v2\/types\/post"}],"author":[{"embeddable":true,"href":"https:\/\/www.rume.de\/index.php?rest_route=\/wp\/v2\/users\/1"}],"replies":[{"embeddable":true,"href":"https:\/\/www.rume.de\/index.php?rest_route=%2Fwp%2Fv2%2Fcomments&post=682"}],"version-history":[{"count":1,"href":"https:\/\/www.rume.de\/index.php?rest_route=\/wp\/v2\/posts\/682\/revisions"}],"predecessor-version":[{"id":683,"href":"https:\/\/www.rume.de\/index.php?rest_route=\/wp\/v2\/posts\/682\/revisions\/683"}],"wp:attachment":[{"href":"https:\/\/www.rume.de\/index.php?rest_route=%2Fwp%2Fv2%2Fmedia&parent=682"}],"wp:term":[{"taxonomy":"category","embeddable":true,"href":"https:\/\/www.rume.de\/index.php?rest_route=%2Fwp%2Fv2%2Fcategories&post=682"},{"taxonomy":"post_tag","embeddable":true,"href":"https:\/\/www.rume.de\/index.php?rest_route=%2Fwp%2Fv2%2Ftags&post=682"}],"curies":[{"name":"wp","href":"https:\/\/api.w.org\/{rel}","templated":true}]}}