{"id":674,"date":"2018-06-11T20:22:51","date_gmt":"2018-06-11T18:22:51","guid":{"rendered":"http:\/\/rume.katti.eu\/?p=674"},"modified":"2018-06-11T20:22:51","modified_gmt":"2018-06-11T18:22:51","slug":"aufgelesen-und-kommentiert-2018-06-11","status":"publish","type":"post","link":"https:\/\/www.rume.de\/?p=674","title":{"rendered":"Aufgelesen und kommentiert 2018-06-11"},"content":{"rendered":"<p>\/ Hartz IV-Teilhabepaket: Wenn die Hilfe bei den Kindern nicht ankommt<br \/>\n\/ Zum Tarifkampf der Berliner Busfahrer<br \/>\n\/ Finanzinvestoren kaufen Zahnarztpraxen: Das dicke Geld machen mit Z\u00e4hnen<br \/>\n\/ Parteien brauchen nicht mehr Geld, sondern mehr Transparenz<br \/>\n\/ Sperrklausel bei EU-Wahlen erneut verfassungswidrig?<br \/>\n\/ Polizei soll heimlich in Wohnungen einbrechen d\u00fcrfen<br \/>\n\/ F\u00fcnf Jahre NSA-Enth\u00fcllungen<br \/>\n\/ Sachsen-Anhalts Innenminister Stahlknecht (CDU) ist &#8222;Abschiebeminister 2018&#8220;<br \/>\n\/ Verloren im Aktengebirge: Eine Bamf-Beamtin erz\u00e4hlt<br \/>\n\/ Betrunkene Polizisten attackieren Fl\u00fcchtling<br \/>\n\/ Tragischer Mord wird f\u00fcr rechte Hetze missbraucht<br \/>\n\/ Deutsche Fl\u00fcchtlingspolitik: Von wegen Willkommenskultur<br \/>\n\/ Amnesty International: Westliche Kriegsverbrechen in Syrien<br \/>\n\/ Du glaubst es ist cool, Soldat zu sein?<br \/>\n\/ Bundestagsgutachten zu Skripal: Moskau hat sich v\u00f6lkerrechtlich korrekt verhalten<br \/>\n\/ Fahrverbote in Stuttgart schwer vermeidbar<br \/>\n\/ Brandschutz bei Stuttgart 21: Ein Staatsverbrechen<br \/>\n\/ Aus gegebenem Anlass<\/p>\n<p>&#8212;<\/p>\n<p><!--more--><\/p>\n<p>Ich muss trotz angek\u00fcndigter Auszeit doch nochmal reingr\u00e4tschen <img class='azc_bbc_image' src='https:\/\/www.rume.de\/smilies\/biggrin.gif'  \/><\/p>\n<p><a href='http:\/\/www.sueddeutsche.de\/muenchen\/hartz-iv-wenn-die-hilfe-bei-den-kindern-nicht-ankommt-1.4009696' class='azc_bbc_url'>Hartz IV-Teilhabepaket: Wenn die Hilfe bei den Kindern nicht ankommt<\/a><br \/>\nErinnert ihr euch noch, als das Bundesverfassungsgericht den &#8222;Regelsatz&#8220; als verfassungswidrig verurteilte? Und zwar den f\u00fcr Kinder ebenso wie den f\u00fcr Erwachsene? Damals regierte die schwarz-gelbe Dekadenz mit Merkel, Westerwelle &#8211; und Von der Leyen als Sozialministerin.<\/p>\n<p>Von der Leyen hatte also die Aufgabe, Hartz4 um maximal f\u00fcnf Euro zu erh\u00f6hen, aber trotzdem irgendwie am Grundgesetz vorbei zu l\u00fcgen. Also erfand sie ein &#8222;Teilhabepaket&#8220; f\u00fcr Kinder, statt deren Regelsatz menschenw\u00fcrdig zu gestalten. Sie schaltete einen enormen Beh\u00f6rdenaufwand vor die Erteilung einiger Euros vom Teilhabepaket, damit die Hartz4-Opfer von vornherein lieber abwinken, als das Geld zu erhalten, welches ihnen wegen des Urteiuls vom BVerfG zustehen w\u00fcrde.<\/p>\n<p>Und als Von der Leyen darauf angesprochen wurde, lachte sie nur <a href='https:\/\/www.n-tv.de\/politik\/Eltern-werden-besser-informiert-article3156631.html' class='azc_bbc_url'>und sagte<\/a>: <span class='azc_bbc_italic'>&#8222;Die Familien, die in Hartz IV leben, die sind ja ge\u00fcbt darin, Antr\u00e4ge zu stellen.&#8220;<\/span><\/p>\n<p>Die S\u00fcddeutsche w\u00e4rmt dieses Thema heute nochmal auf: <span class='azc_bbc_italic'>&#8222;Nur 29 Prozent der Berechtigten haben das Angebot genutzt, welches eigentlich verhindern soll, dass die Teilnahme am gemeinsamen Mittagessen in der Schule, an Musikunterricht oder Vereinssport, Ausfl\u00fcgen und mehrt\u00e4gigen Klassenfahrten oder am n\u00f6tigen Nachhilfeunterricht aus finanziellen Gr\u00fcnden scheitert.&#8220;<\/span><\/p>\n<p>So weit, so traurig.<\/p>\n<p>Aber all dem setzt dann die SPD nochmal die Krone auf (Zitat): <span class='azc_bbc_italic'>&#8222;Damit blieben zwei Drittel der Berechtigten aus Hartz-IV-Haushalten ausgeschlossen&#8220;, kritisiert SPD-Stadtr\u00e4tin Anne H\u00fcbner: &#8222;Der Bund setzt seine B\u00fcrokratieanforderungen so hoch, dass er Geld spart.&#8220;<\/span> Das ist nat\u00fcrlich richtig, aber wer hat denn damals \u00fcberhaupt die Zustimmung gegeben, dass Schwarz-Gelb mit diesem menschenverchtenden Machwerk durchkamen? Im Bundesrat hatte Schwarz-Gelb n\u00e4mlich nicht die erforderliche Mehrheit, um ihren kleingerechneten Regelsatz und obendrauf das zynische Teilhabepaket durchzusetzen.<\/p>\n<p>Antwort: <a href='http:\/\/www.haz.de\/Nachrichten\/Politik\/Deutschland-Welt\/Regierung-und-Opposition-einigen-sich-auf-Hartz-IV-Neuregelung' class='azc_bbc_url'>Die SPD!<\/a> Und genau die schimpfen jetzt, als h\u00e4tten sie mit alldem niemals was zu tun gehabt. Das muss wohl diese SPD-Erneuerung sein, \u00fcber die sie st\u00e4ndig reden <img class='azc_bbc_image' src='https:\/\/www.rume.de\/smilies\/sarkasm.gif'  \/><\/p>\n<p><a href='http:\/\/www.wsws.org\/de\/articles\/2018\/06\/08\/bvg2-m08.html' class='azc_bbc_url'>Zum Tarifkampf der Berliner Busfahrer<\/a><br \/>\nIm Bericht steht alles drin, was man \u00fcber unsere &#8222;modernen&#8220; Gewerkschafter wissen muss.<\/p>\n<p><a href='http:\/\/www.spiegel.de\/gesundheit\/diagnose\/deutschland-grossinvestoren-kaufen-zahnarztpraxen-a-1209882.html' class='azc_bbc_url'>Finanzinvestoren kaufen Zahnarztpraxen: Das dicke Geld machen mit Z\u00e4hnen<\/a><br \/>\nProfit scheffeln mit Zahnersatz &#8211; also minderwertige Qualit\u00e4t zu h\u00f6chstm\u00f6glichen Preisen. Und wenn nach zwei Jahren die Krone auseinanderf\u00e4llt, umso besser, denn das schafft erneuten Verkauf und Profit. <span class='azc_bbc_italic'>&#8222;Die Gro\u00dfkonzerne kommen nicht irgendwann, sie sind l\u00e4ngst da. Denn hinter der GmbH steht die Jacobs Holding AG &#8211; und damit das milliardenschwere Erbe des Kaffee-Imperiums&#8220;<\/span>, berichtet das ehemalige Nachrichtenmagazin.<\/p>\n<p>Aber hey: Wir haben jetzt ja Jens Spahn als Gesundheitsminister. Der wird uns vor dem Schlimmsten bewahren!<\/p>\n<img class='azc_bbc_image' src='https:\/\/www.rume.de\/smilies\/muahaha.gif'  \/>\n<p><a href='https:\/\/www.lobbycontrol.de\/2018\/06\/parteien-brauchen-nicht-mehr-geld-sondern-mehr-transparenz' class='azc_bbc_url'>Parteien brauchen nicht mehr Geld, sondern mehr Transparenz<\/a><br \/>\nUnd ich sage: BEIDES ist falsch.<\/p>\n<p>Jeder weiss, wie korrupt unsere k\u00e4uflichen Parteien von CDU\/CSU, SPD, FDP, AfD und den GR\u00dcNEN sind. Jeder weiss, dass sie unterm Strich stets zugunsten der Reichen regieren, sobald sie in Regierungsverantwortung kommen. Und hierbei ist auch DIE LINKE keine Ausnahme, denn in jedem rot-rot(-gr\u00fcnen) Bundesland ist die Schere zwischen Arm und Reich noch weiter auseinander gegangen.<\/p>\n<p>Mehr Transparenz bringt gar nichts, so lange \u00fcber 90 Prozent aller W\u00e4hler immer wieder kapitalistische Parteien w\u00e4hlen.<\/p>\n<p><a href='https:\/\/www.abgeordnetenwatch.de\/blog\/2018-06-06\/kleine-parteien-soll-aus-eu-parlament-ferngehalten-werden-morgen-entscheidung' class='azc_bbc_url'>Sperrklausel bei EU-Wahlen erneut verfassungswidrig?<\/a><br \/>\n<span class='azc_bbc_italic'>&#8222;Ob diese erneute Sperrklausel einer gerichtlichen \u00dcberpr\u00fcfung standhalten w\u00fcrde, ist stark zu bezweifeln. Zum einen soll die EU-Regelung erst ab der n\u00e4chsten Wahl 2024 verpflichtend gelten und effektiv auch nur f\u00fcr Spanien und Deutschland. Alle anderen L\u00e4nder m\u00fcssen keine Anpassungen in ihrem nationalen Wahlrecht umsetzen. Nach einem Gutachten von EU-Juristen, das wir auf Basis einer Informationsfreiheitsanfrage des Piratenpolitikers Patrick Breyer ver\u00f6ffentlichen, ist die geplante Regelung auf EU-Ebene zwar rechtlich zul\u00e4ssig, das Bundesverfassungsgericht k\u00f6nnte dies jedoch anders sehen. Eine Ver\u00f6ffentlichung des Rechtsgutachtens war vom EU-Rat \u00fcbrigens lange Zeit verweigert worden. Begr\u00fcndung: Bei Bekanntwerden h\u00e4tte die Wahlrechtsreform scheitern k\u00f6nnen.&#8220;<\/span><\/p>\n<p>Relativ trocken <a href='http:\/\/www.allgemeine-zeitung.de\/vermischtes\/vermischtes\/fuer-die-wahl-zum-europaparlament-soll-kuenftig-eine-sperrklausel-gelten-zum-verdruss-der-kleinstparteien_18828135.htm' class='azc_bbc_url'>kommentiert<\/a> die Sachlage \u00fcbrigens DIE PARTEI-Chef Sonneborn: <span class='azc_bbc_italic'>&#8222;CDU und SPD geht es um sieben Mandate. Die AfD wird ihnen in der kommenden EU-Wahl Sitze abnehmen, die m\u00fcssen sie irgendwie ersetzen.&#8220; Sollten Sonneborn und seine Partei an den neuen Regeln scheitern, wird wohl keiner mehr, wie er bedauert, &#8222;gro\u00dfe Reden vor leerem Plenum halten und den Irren vom Bosporus als Irren vom Bosporus bezeichnen.&#8220;<\/span> <img class='azc_bbc_image' src='https:\/\/www.rume.de\/smilies\/nasiehste.gif'  \/><\/p>\n<p><a href='https:\/\/heise.de\/-4075115' class='azc_bbc_url'>Polizei soll heimlich in Wohnungen einbrechen d\u00fcrfen<\/a><br \/>\nGefordert wird das \u00fcbrige3ns nicht von den Faschos, die sich hierzulande &#8222;Innenminister&#8220; nennen, sondern von mehreren Justizministern!<\/p>\n<p>Und nein, nicht zum &#8222;Kampf gegen Terroristen&#8220;. Heimliche Einbr\u00fcche soll es <a href='https:\/\/neusprech.org\/gefaehrder' class='azc_bbc_url'>bei sogenannten &#8222;Gef\u00e4hrdern&#8220;<\/a> geben. Also Menschen, die noch nie eine Straftat begangen haben, ja noch nicht einmal einen Punkt in Flensburg haben &#8211; sondern einfach nur &#8222;zu unbequem&#8220; (und somit gef\u00e4hrlich) f\u00fcr die Herrschenden sind.<\/p>\n<p>Ab wann nochmal genau spricht man von einem Unrechtsstaat?<\/p>\n<p><a href='http:\/\/www.spiegel.de\/netzwelt\/netzpolitik\/edward-snowden-anwaelte-werfen-europa-feigheit-vor-a-1211954.html' class='azc_bbc_url'>F\u00fcnf Jahre NSA-Enth\u00fcllungen<\/a><br \/>\nEs war der 9. Juni 2013, als uns Edward Snowden zeigte:<\/p>\n<span class='azc_bbc_italic'>&#8211; mit welchem Aufwand der US-Geheimdienst und seine Verb\u00fcndeten gro\u00dfe Teile der weltweiten elektronischen Kommunikationssysteme unterwandert hatten,<br \/>\n&#8211; wie E-Mails, SMS, Chats, Fotos, Standortdaten und Telefonverbindungsdaten von Millionen unschuldigen Menschen in Geheimdienstdatenbanken landeten,<br \/>\n&#8211; wie Unternehmen von Google bis zum kleinen Satelliteninternetprovider von staatlicher Seite gehackt wurden,<br \/>\n&#8211; wie ein Geheimgericht in den USA jahrelang praktisch alle von der NSA gew\u00fcnschten \u00dcberwachungsma\u00dfnahmen abnickte,<br \/>\n&#8211; wie die politische Aufsicht versagte, selbst beim Schutz der Privatsph\u00e4re der eigenen Landsleute.<\/span>\n<p>Seit nunmehr f\u00fcnf Jahren muss genau dieser Edward Snowden nun in Russland leben, weil kein einziges Land des Friedensnobelpreistr\u00e4gers EU ihm Asyl gew\u00e4hrt.<\/p>\n<p>Aber hat denn immerhin die Bev\u00f6lkerung daraus gelernt? Ganz klares NEIN! Die Deutschen kaufen sich &#8222;moderne&#8220; voll\u00fcberwachte Autos, holen sich Alexa-\u00dcberwachungswanzen in ihre Wohnung und geben um die 1.000 Euro aus, um die neueste GSP-Ortungswanze in ihrer Tasche zu haben.<\/p>\n<p>Bei einer derart degenerierten Bev\u00f6lkerung \u00fcberrascht es auch wenig, dass CDU\/CSU und SPD anschliessend den gesamten NSA-Apparat zum Vorbild (!) nahmen. Zitat: <span class='azc_bbc_italic'>&#8222;Daraufhin reformierte die Bundesregierung das BND-Gesetz, indem sie praktisch alles, was der Dienst seit Jahren tat, nachtr\u00e4glich legitimierte.&#8220;<\/span><\/p>\n<p><a href='https:\/\/www.saarbruecker-zeitung.de\/politik\/inland\/abschiebeminister-2018-holger-stahlknecht-bekommt-negativpreis_aid-23298895' class='azc_bbc_url'>Sachsen-Anhalts Innenminister Stahlknecht (CDU) ist &#8222;Abschiebeminister 2018&#8220;<\/a><br \/>\nWie die <a href='http:\/\/jogspace.net' class='azc_bbc_url'>&#8220;Jugendlichen ohne Grenzen&#8220;<\/a> mitteilten, erhielt der Magdeburger Ressortchef bei einer Abstimmung mit 26 Prozent die meisten Stimmen. Holger Stahlknecht erhalte den Negativpreis <span class='azc_bbc_italic'>&#8222;f\u00fcr seine besonders inhumane Fl\u00fcchtlingspolitik und zahlreicher Abschiebungen unter besonderen H\u00e4rten, wie etwa einer Abschiebung aus der Jugendfreizeit und aus dem Kindergarten. Gleichzeitig wolle er, dass Fl\u00fcchtlinge bis zu zwei Jahre in der Erstaufnahme verbleiben m\u00fcssen.&#8220;<\/span><\/p>\n<p><a href='http:\/\/www.deutschlandfunk.de\/verloren-im-aktengebirge-eine-bamf-beamtin-erzaehlt.862.de.html?dram:article_id=419808' class='azc_bbc_url'>Verloren im Aktengebirge: Eine Bamf-Beamtin erz\u00e4hlt<\/a><br \/>\nSo sieht es aus, wenn das Grundrecht &#8222;marktwirtschaftlich&#8220; und BWL-berechnet abgefertigt wird.<\/p>\n<p>Ich hatte es <a href='https:\/\/www.rume.de\/2018\/06\/06\/aufgelesen-und-kommentiert-2018-06-06' class='azc_bbc_url'>bereits geschrieben<\/a> (Zitat): <span class='azc_bbc_italic'>&#8222;H\u00e4tten wir einen Rechtsstaat, dann w\u00fcrde nicht Ulrike B. am Pranger stehen, sondern Frank-J\u00fcrgen Weise, der nach dem Arbeitsamt auch noch das Bamf derart umbaute, dass es nicht mehr um menschliche Schicksale, sondern nur noch um Fallzahlen und Bearbeitungszeiten geht &#8211; wof\u00fcr er 55 Millionen Euro an Steuergeld zugunsten &#8222;externer Berater&#8220; veruntreute (davon allein 45 Millionen Euro nur an McKinsey).&#8220;<\/span><\/p>\n<p><a href='https:\/\/www.augsburger-allgemeine.de\/augsburg\/Betrunkene-Polizistentac-atkieren-Fluechtling-Gericht-verhaengt-Haft-id51316276.html' class='azc_bbc_url'>Betrunkene Polizisten attackieren Fl\u00fcchtling<\/a><br \/>\nUnd neulich fragte mich noch jemand, ob ich wirklich glaube, dass die Polizei auf dem rechten Auge blind ist <img class='azc_bbc_image' src='https:\/\/www.rume.de\/smilies\/sarkasm.gif'  \/><\/p>\n<p><a href='http:\/\/www.wsws.org\/de\/articles\/2018\/06\/09\/hetz-j09.html' class='azc_bbc_url'>Tragischer Mord wird f\u00fcr rechte Hetze missbraucht<\/a><br \/>\n<span class='azc_bbc_italic'>&#8222;Der Umgang von Medien und Politikern mit dem tragischen Tod der 14-j\u00e4hrigen Susanna Feldmann aus Mainz erinnert an die schlimmste Nazi-Propaganda. Seitdem es einen irakischen Verd\u00e4chtigen gibt, wird der Fall systematisch f\u00fcr eine \u00fcble, rassistische und fremdenfeindliche Kampagne ausgeschlachtet.<\/p>\n<p>Das M\u00e4dchen wurde am Mittwoch tot aufgefunden, von einem Unbekannten vergewaltigt und erdrosselt. Seitdem bekannt geworden ist, dass der bisher einzige Tatverd\u00e4chtige ein 20-j\u00e4hriger Fl\u00fcchtling aus dem Irak ist, \u00fcberschlagen sich die Medien in Schuldzuweisungen an &#8222;kriminelle Ausl\u00e4nder&#8220; und Forderungen nach mehr und schnellerer Abschiebung. Die Verantwortung f\u00fcr die Tat wird kollektiv &#8222;den Fl\u00fcchtlingen&#8220; und allen Migranten in die Schuhe geschoben.<\/p>\n<p>Auch Journalisten, die als seri\u00f6s gelten, beteiligen sich an der Hetze. Claus Kleber, Moderator des ZDF Heute-Journals, er\u00f6ffnete seinen Bericht am Donnerstagabend mit dem Ausruf: &#8222;W\u00e4ren die Grenzen doch zu geblieben!&#8220; Die Sendung widmete dem Fall gleich zu Anfang mehr als zehn Minuten (!) ihrer Zeit. Kein Vergleich mit \u00fcblichen Mord- und Verbrechensf\u00e4llen, bei denen Tatverd\u00e4chtige einen deutschen Pass besitzen.<\/p>\n<p>Das Thema wird breit ausgewalzt. Es reiht sich in die allgemeine Hetzkampagne gegen Fl\u00fcchtlinge ein. Zuvor gab es schon die &#8222;K\u00f6lner Silvesternacht&#8220;, &#8222;Ellwangen&#8220; oder die angeblichen &#8222;Missst\u00e4nde im Bremer Bamf&#8220; &#8211; alles Propagandakampagnen, die sich auf unbewiesene Behauptungen, Halbwahrheiten und offene L\u00fcgen st\u00fctzen.<\/p>\n<p>An diesem \u00fcblen Feldzug beteiligen sich alle Bundestagsparteien und die Mainstream-Medien. Er zielt offensichtlich darauf ab, die arbeitende Bev\u00f6lkerung zu spalten, von Missst\u00e4nden und sozialen Problemen abzulenken und die Verantwortung daf\u00fcr auf Immigranten und Fl\u00fcchtlinge abzuw\u00e4lzen. Auf allerbilligste Weise wird Stimmung gemacht f\u00fcr massenhafte Abschiebungen und f\u00fcr den Aufbau der sogenannten AnKER-Zentren der Regierung.<\/p>\n<p>Zahlreiche Studien haben nachgewiesen, dass Fl\u00fcchtlinge keineswegs krimineller sind als die deutsche Bev\u00f6lkerung. Hinzu kommt, dass die Polizei ausl\u00e4ndische Jugendliche von vorneherein eher als Tatverd\u00e4chtigte bei einer Straftat in Betracht zieht, und sie werden von m\u00f6glichen Opfern nachweislich auch \u00f6fter angezeigt.<\/p>\n<p>Klar ist auch, dass sehr viele Gefl\u00fcchtete einer extremen Situation ausgesetzt sind. Dazu geh\u00f6rt das Gefangensein in dichtgedr\u00e4ngten Massenlagern unter lauter Fremden, getrennt von der eigenen Familie, ohne Zukunft und mit bedrohtem Aufenthaltsstatus, ohne Hoffnung infolge abgelehnter Asylantr\u00e4ge und ohne Mittel, aus eigener Kraft etwas daran zu \u00e4ndern. Verzweiflung kann begreiflicherweise auch Gewalttaten, sowohl gegen andere als auch gegen sich selbst, beg\u00fcnstigen. Der Tatverd\u00e4chtige Ali Bashar war im Oktober 2015 mit seiner Familie aus dem Nordirak in die BRD gekommen. Der Zwanzigj\u00e4hrige hatte im Land seiner Herkunft sein ganzes Leben lang nichts als Krieg erlebt, und in Deutschland wurde sein Asylantrag abgelehnt.<\/p>\n<p>All diese Aspekte werden kaum je von einem Journalisten aufgegriffen und erl\u00e4utert. Ausgeblendet wird au\u00dferdem auch die Tatsache, dass Asylsuchende und Migranten viel \u00f6fter Opfer von Gewalttaten werden als andere. Im letzten Jahr gab es 1.713 offiziell best\u00e4tigte Gewalttaten gegen Gefl\u00fcchtete, wie Pro Asyl berichtet hat, das sind im Schnitt 4,7 Gewalttaten an jedem Tag.&#8220;<\/span> <a href='http:\/\/www.wsws.org\/de\/articles\/2018\/06\/09\/hetz-j09.html' class='azc_bbc_url'>Weiterlesen&#8230;<\/a><\/p>\n<p>Dazu passt auch:<\/p>\n<p><a href='https:\/\/www.jungewelt.de\/artikel\/333774.html' class='azc_bbc_url'>Deutsche Fl\u00fcchtlingspolitik: Von wegen Willkommenskultur<\/a><br \/>\n<span class='azc_bbc_italic'>&#8222;23 Fl\u00fcchtlinge haben sich im vergangenen Jahr angesichts ihrer drohenden Abschiebung selbst get\u00f6tet oder starben beim Versuch, vor der Abschiebung zu fliehen. F\u00fcnf Fl\u00fcchtlinge starben an der deutschen Grenze bei der Einreise. Zwei abgeschobene Afghanen kamen wenige Wochen nach ihrer Abschiebung in Afghanistan bei Terroranschl\u00e4gen ums Leben&#8220;<\/span>, berichtet die Junge Welt.<\/p>\n<p>Unn\u00f6tig zu erw\u00e4hnen, dass die Bundesregierung &#8222;sicherheitshalber&#8220; keine offiziellen Zahlen erfassen l\u00e4sst, die ihre menschenverachtende Regierungsarbeit auch noch amtlich dokumentieren w\u00fcrde. Stattdessen musste man Zeitungsmeldungen zusammensuchen &#8211; und kam somit auf diese 23 Selbstmorde. Die tats\u00e4chliche Zahl liegt also noch h\u00f6her!<\/p>\n<span class='azc_bbc_italic'>&#8222;Die hohen Zahlen an Selbstmordf\u00e4lle geben damit einen deutlichen \u00dcberblick \u00fcber den psychischen Notstand, der bei Teilen der Gefl\u00fcchteten in der Bundesrepublik herrscht. In der Gesamtbilanz seit 1993 kommt die ARI sogar auf \u00fcber 9.000 Vorf\u00e4lle, die deutlich machen, welche Gewalt auf gefl\u00fcchtete Menschen von \u00c4mtern, Gerichten und Polizei, aber auch von Seiten rassistischer Menschen im \u00f6ffentlichen Raum einwirkt.&#8220;<\/span>\n<p><a href='http:\/\/www.wsws.org\/de\/articles\/2018\/06\/07\/raqq-j07.html' class='azc_bbc_url'>Amnesty International: Westliche Kriegsverbrechen in Syrien<\/a><br \/>\n<span class='azc_bbc_italic'>&#8222;Der Amnesty-Bericht basierte auf Untersuchungen an den Schaupl\u00e4tzen von 42 US-Luftangriffen in der zerst\u00f6rten Stadt Rakka und auf Interviews mit 112 \u00dcberlebenden, die bei den Luftangriffen Angeh\u00f6rige verloren haben. Amnesty zitiert in seinem Bericht den Fall der Familie Badran, die bei vier verschiedenen US-Luftangriffen 39 Mitglieder und zehn Nachbarn verloren hat. Um Schutz vor den Bomben zu finden, musste die Familie von einem Ort zum anderen fl\u00fcchten. Zuerst wurden am 18. Juli neun m\u00e4nnliche Familienmitglieder bei einem Luftangriff get\u00f6tet, w\u00e4hrend sie verzweifelt versuchten, ihre Verwandten aus einem angegriffenen Stadtteil zu evakuieren. Am 20. August wurden zwei Nachbarh\u00e4user, in denen sich die \u00fcberlebenden Familienmitglieder aufhielten, von amerikanischen Kampfflugzeugen zerst\u00f6rt.<\/p>\n<p>Rasha, die den Luftangriff \u00fcberlebte, aber ihre zweij\u00e4hrige Tochter Tulip durch die amerikanischen Bomben verloren hat, erz\u00e4hlte Amnesty:<\/p>\n<p>&#8222;Fast alle wurden get\u00f6tet. Au\u00dfer mir haben nur mein Mann, sein Bruder und sein Cousin \u00fcberlebt. Der Angriff begann um 19 Uhr. Ich wurde ohnm\u00e4chtig, und als ich wieder zu mir kam, h\u00f6rte ich Mohammed, den Cousin meines Mannes, rufen. Ich konnte mich weder bewegen noch sprechen. Dann fanden mich mein Mann und sein Bruder. Mein Mann war am schwersten verletzt &#8211; er hatte eine Kopfverletzung, und aus seinen Ohren floss Blut. Es war dunkel und wir konnten nichts sehen. Wir riefen, aber niemand antwortete, niemand bewegte sich. Es war v\u00f6llig still, abgesehen von den Flugzeugen \u00fcber uns. Wir versteckten uns bis zum Morgen in den Tr\u00fcmmern, weil weiterhin Flugzeuge \u00fcber uns flogen. Am Morgen fanden wir Tulips Leiche; unser Baby war tot. Wir haben es dort in der N\u00e4he bei einem Baum begraben.&#8220;<\/p>\n<p>Die Geschichte der Familie Badran ist nur eine von vielen, die der Bericht enth\u00e4lt.&#8220;<\/span> <a href='http:\/\/www.wsws.org\/de\/articles\/2018\/06\/07\/raqq-j07.html' class='azc_bbc_url'>Weiterlesen&#8230;<\/a><\/p>\n<p><a href='https:\/\/bundeswehr.lol' class='azc_bbc_url'>Du glaubst es ist cool, Soldat zu sein?<\/a><br \/>\n&#8230;.<\/p>\n<p><a href='https:\/\/deutsch.rt.com\/europa\/71194-bundestagsgutachten-zu-skripal-moskau-voelkerrechtlich-korrekt-verhalten' class='azc_bbc_url'>Bundestagsgutachten zu Skripal: Moskau hat sich v\u00f6lkerrechtlich korrekt verhalten<\/a><br \/>\nAuch das noch <img class='azc_bbc_image' src='https:\/\/www.rume.de\/smilies\/sarkasm.gif'  \/><\/p>\n<p><a href='https:\/\/www.heise.de\/newsticker\/meldung\/Fahrverbote-in-Stuttgart-schwer-vermeidbar-4075316.html' class='azc_bbc_url'>Fahrverbote in Stuttgart schwer vermeidbar<\/a><br \/>\n<span class='azc_bbc_italic'>&#8222;Fahrverbote f\u00fcr \u00e4ltere Diesel-Autos sind in Stuttgart wohl kaum noch zu vermeiden. In der gr\u00fcn-schwarzen Landesregierung gilt es nach dem Urteil des Bundesverwaltungsgerichts als schwierig bis unm\u00f6glich, um Verbote f\u00fcr Diesel-Autos der Euronormen 3 und 4 noch herumzukommen&#8220;<\/span>, berichtet Heise-Online. Obwohl doch gerade die <a href='https:\/\/www.focus.de\/auto\/news\/abgas-skandal\/diesel-problematik-euro-5-schmutziger-als-euro-4-grafik-zeigt-wahren-schadstoff-ausstoss-von-diesel-pkw_id_7204052.html' class='azc_bbc_url'>Euro-5-Fahrzeuge die viel schlimmeren Giftgasschleudern<\/a> sind.<\/p>\n<span class='azc_bbc_italic'>&#8222;Nach Angaben des SWR gibt es in der Landesregierung \u00dcberlegungen, sich die Kosten f\u00fcr Nachr\u00fcstung zu teilen: 50 Prozent solle die Industrie tragen, 25 Prozent das Land und 25 Prozent die Dieselfahrer.&#8220;<\/span>\n<p>Genial, oder? Als Automobilkonzern betr\u00fcge ich und bekomme nur die H\u00e4lfte der f\u00e4lligen Folgekosten aufgedr\u00fcckt, die ich dann noch von der Steuer absetzen kann. Und DAS federf\u00fchrend durchgesetzt von den regierenden GR\u00dcNEN, denen die Profite der Konzerne wichtiger sind als die Gesundheit der Menschen.<\/p>\n<p>Aber hey: Man kann halt Gesundheit haben, oder Kapitalismus &#8211; aber nicht beides <img class='azc_bbc_image' src='https:\/\/www.rume.de\/smilies\/nasiehste.gif'  \/><\/p>\n<p><a href='https:\/\/www.stern.de\/panorama\/gesellschaft\/stuttgart-21&#8211;experten-zum-brandschutz-beim-umstrittenen-grossprojekt-8116488.html' class='azc_bbc_url'>Brandschutz bei Stuttgart 21: Ein Staatsverbrechen<\/a><br \/>\nEin Bericht \u00fcber den geplanten &#8222;Brandschutz&#8220; im S21-Bahnhofsystem, der ebenso wissentlich wie politisch gewollt Menschen zu qualvollen Todesopfern macht, sollte es in der unterirdischen Anlage zu einem Brand kommen.<\/p>\n<p>Und zu guter Letzt:<\/p>\n<p><a href='https:\/\/de.toonpool.com\/user\/7749\/files\/afd_schuldzuweisungen_2744385.jpg' class='azc_bbc_url'>Aus gegebenem Anlass<\/a><br \/>\n&#8230;.<\/p>\n","protected":false},"excerpt":{"rendered":"<p>\/ Hartz IV-Teilhabepaket: Wenn die Hilfe bei den Kindern nicht ankommt \/ Zum Tarifkampf der Berliner Busfahrer \/ Finanzinvestoren kaufen Zahnarztpraxen: Das dicke Geld machen mit Z\u00e4hnen \/ Parteien brauchen nicht mehr Geld, sondern mehr Transparenz \/ Sperrklausel bei EU-Wahlen erneut verfassungswidrig? \/ Polizei soll heimlich in Wohnungen einbrechen d\u00fcrfen \/ F\u00fcnf Jahre NSA-Enth\u00fcllungen \/ &hellip; <a href=\"https:\/\/www.rume.de\/?p=674\" class=\"more-link\"><span class=\"screen-reader-text\">\u201eAufgelesen und kommentiert 2018-06-11\u201c <\/span>weiterlesen<\/a><\/p>\n","protected":false},"author":1,"featured_media":0,"comment_status":"open","ping_status":"closed","sticky":false,"template":"","format":"standard","meta":{"footnotes":""},"categories":[2],"tags":[],"class_list":["post-674","post","type-post","status-publish","format-standard","hentry","category-aufgelesen"],"_links":{"self":[{"href":"https:\/\/www.rume.de\/index.php?rest_route=\/wp\/v2\/posts\/674","targetHints":{"allow":["GET"]}}],"collection":[{"href":"https:\/\/www.rume.de\/index.php?rest_route=\/wp\/v2\/posts"}],"about":[{"href":"https:\/\/www.rume.de\/index.php?rest_route=\/wp\/v2\/types\/post"}],"author":[{"embeddable":true,"href":"https:\/\/www.rume.de\/index.php?rest_route=\/wp\/v2\/users\/1"}],"replies":[{"embeddable":true,"href":"https:\/\/www.rume.de\/index.php?rest_route=%2Fwp%2Fv2%2Fcomments&post=674"}],"version-history":[{"count":1,"href":"https:\/\/www.rume.de\/index.php?rest_route=\/wp\/v2\/posts\/674\/revisions"}],"predecessor-version":[{"id":675,"href":"https:\/\/www.rume.de\/index.php?rest_route=\/wp\/v2\/posts\/674\/revisions\/675"}],"wp:attachment":[{"href":"https:\/\/www.rume.de\/index.php?rest_route=%2Fwp%2Fv2%2Fmedia&parent=674"}],"wp:term":[{"taxonomy":"category","embeddable":true,"href":"https:\/\/www.rume.de\/index.php?rest_route=%2Fwp%2Fv2%2Fcategories&post=674"},{"taxonomy":"post_tag","embeddable":true,"href":"https:\/\/www.rume.de\/index.php?rest_route=%2Fwp%2Fv2%2Ftags&post=674"}],"curies":[{"name":"wp","href":"https:\/\/api.w.org\/{rel}","templated":true}]}}