{"id":668,"date":"2018-06-06T22:04:13","date_gmt":"2018-06-06T20:04:13","guid":{"rendered":"http:\/\/rume.katti.eu\/?p=668"},"modified":"2018-06-06T22:04:13","modified_gmt":"2018-06-06T20:04:13","slug":"aufgelesen-und-kommentiert-2018-06-06","status":"publish","type":"post","link":"https:\/\/www.rume.de\/?p=668","title":{"rendered":"Aufgelesen und kommentiert 2018-06-06"},"content":{"rendered":"<p>\/ Hartz-IV-Empf\u00e4nger stirbt einsam in seiner Wohnung &#8211; die Nachbarn klagen an<br \/>\n\/ Deutsches Kinderhilfswerk fordert Stop von Hartz-IV-Sanktionen<br \/>\n\/ Niedrigl\u00f6hne: Jeder zehnte Arbeitslose muss direkt mit Hartz IV aufstocken<br \/>\n\/ R\u00fcckkehr zu parit\u00e4tischen Krankenkassen-Beitr\u00e4gen beschlossen<br \/>\n\/ Sechste Tarifrunde in der Zeitungsbranche ohne Ergebnis beendet<br \/>\n\/ Parteienfinanzierung: SPD fordert mehr Steuergeld f\u00fcr Parteien<br \/>\n\/ Ausgepresst<br \/>\n\/ Rot-Rot-Gr\u00fcne Schulprivatisierung: Viele offene Fragen und verweigerte Antworten<br \/>\n\/ Nach \u00dcbernahme: Bayer streicht &#8222;negativ aufgeladenen Firmennamen&#8220;<br \/>\n\/ Kapitalismus als Klimakiller<br \/>\n\/ Schreib doch \u00f6fter mal was auf der Facebook-Seite der Polizei<br \/>\n\/ BKA-Chef M\u00fcnch l\u00fcgt sich Zahlen zu Kinderpornografie zurecht<br \/>\n\/ Die pr\u00e4zisen Luftangriffe des Westens<br \/>\n\/ G20-Urteil: Polizei hat Italiener zu Unrecht festgehalten<br \/>\n\/ Warum zwei Neonazis einen Monat nach ihrer Jagd auf Journalisten noch auf freiem Fu\u00df sind<br \/>\n\/ Angeblicher Asyl-Skandal beim Bamf ist ein &#8222;St\u00fcck aus dem Tollhaus&#8220;<br \/>\n\/ TV-Vorschau: Maischberger diskutiert \u00fcber den Islam und westliche Werte<br \/>\n\/ Angeblicher Journalistenmord in der Ukraine: Willkommener Anlass zur Hetze gegen Russland<br \/>\n\/ Skripal-Aff\u00e4re: Auch nach drei Monaten bleibt London jeden Beweis schuldig<br \/>\n\/ Kritischer Journalismus in der ZEIT: Frau Merkel, wieviele SMS verschicken Sie am Tag?<br \/>\n\/ Programmkritik an der manipulierenden Berichterstattung der ARD-Tagesschau<br \/>\n\/ EUGH Urteil: M\u00fcssen nun alle Facebook-Seiten geschlossen werden?<br \/>\n\/ Zahl der Arbeitslosen weiter gesunken<\/p>\n<p>&#8212;<\/p>\n<p><!--more--><\/p>\n<p><a href='https:\/\/www.focus.de\/finanzen\/recht\/soziale-ungleichheit-hartz-iv-empfaenger-stirbt-einsam-in-seiner-wohnung-die-nachbarn-klagen-an_id_9046810.html' class='azc_bbc_url'>Hartz-IV-Empf\u00e4nger stirbt einsam in seiner Wohnung &#8211; die Nachbarn klagen an<\/a><br \/>\nVorab: Im Kapitalismus gibt es nicht genug existenzsichernde Arbeitspl\u00e4tze f\u00fcr alle. In jedem Staat, in dem die Menschenrechte gelten, w\u00fcrde man also all denjenigen, die keine solche Stelle abbekommen, eine gesellschaftliche Mindestteilhabe zusichern.<\/p>\n<p>Wir leben aber stattdessen in Deutschland. Fehlende Arbeitspl\u00e4tze sind die Schuld des Arbeitslosen, der sich nicht genug angestrengt hat &#8211; und dieses <a href='http:\/\/www.unwortdesjahres.net\/index.php?id=18' class='azc_bbc_url'>tote Humankapital<\/a> (fr\u00fcher h\u00e4tte man &#8222;unwertes Leben&#8220; gesagt) wird politisch gewollt von der normalen Gesellschaft isoliert und unterhalb der Armutsgrenze abgefertigt. Die weiteren Lebensabschnitte &#8211; Hoffnungslosigkeit, Alkohol, einsamer Tod &#8211; folgt hunderttausendfach mitten in Deutschland, ohne dass es irgendeine Medienkampagne oder Talkshow zu diesem Thema gibt.<\/p>\n<p>Es kann also jeder nochmal dr\u00fcber nachdenken, ob in Deutschland die Menschenrechte gelten, oder nur auf dem Papier stehen.<\/p>\n<p>All dies wird \u00fcberraschenderweise auch im FOCUS Bericht deutlich beschrieben und mit weiterem Beispiel untermauert. Was aber typisch ist f\u00fcr unsere kapitalistische Qualit\u00e4tspresse: Man zieht das falsche Fazit! Und zwar zusammen mit dem ebenso kapitalistischen DGB, der ernsthaft als L\u00f6sung <img class='azc_bbc_image' src='https:\/\/www.rume.de\/smilies\/clown.gif'  \/> fordert (Zitat): <span class='azc_bbc_italic'>&#8222;Letztendlich f\u00fchre aber nur ein Weg aus der Armut heraus: Den Betroffenen m\u00fcssen wieder berufliche Perspektiven aufgezeigt werden.&#8220;<\/span><\/p>\n<p>Angesichts dieser &#8222;L\u00f6sung&#8220; m\u00fcssen \u00c4rzte gar nicht mehr lange forschen, ob man trotz Hirntod noch leben kann. Diejenigen, die an kapitalistische L\u00f6sungen glauben, beweisen Tag f\u00fcr Tag, dass genau dies m\u00f6glich ist <img class='azc_bbc_image' src='https:\/\/www.rume.de\/smilies\/nasiehste.gif'  \/><\/p>\n<p><a href='http:\/\/www.deutschlandfunkkultur.de\/verbaende-fordern-stop-von-hartz-iv-sanktionen.265.de.html?drn:news_id=889502' class='azc_bbc_url'>Deutsches Kinderhilfswerk fordert Stop von Hartz-IV-Sanktionen<\/a><br \/>\n<span class='azc_bbc_italic'>&#8222;Von den K\u00fcrzungen seien jeden Monat zehntausende Kinder und Jugendliche betroffen, was gegen das in der UN-Kinderrechtskonvention normierte Recht auf soziale Sicherheit und angemessene Lebensbedingungen versto\u00dfe. Das Kinderhilfswerk pl\u00e4dierte daf\u00fcr, dass die Abschaffung der Sanktionen mit einem umfassenden, ressort\u00fcbergreifenden Aktionsplan zur Bek\u00e4mpfung der Kinderarmut in Deutschland einhergeht. Je l\u00e4nger Kinder in Armut aufw\u00fcchsen und unter Teilhabe- und Bildungsverlusten leiden, desto weitreichender seien die Langzeitfolgen f\u00fcr ihre Entwicklung und beruflichen Perspektiven&#8220;<\/span>, meldet der Deutschlandfunk.<\/p>\n<p>Soviel auch nochmal zu den Menschenrechten, die es in Deutschland nur auf dem Papier gibt.<\/p>\n<p>Und was sagt die SPD, die diese Sanktionen \u00fcberhaupt erst gesetzlich eingef\u00fchrt hat? Der linke Fl\u00fcgel (!) der SPD stellt sich hinter das Bundesarbeitsdienst-Modell des Berliner OB Michael M\u00fcller (&#8222;solidarisches Grundeinkommen&#8220; genannt) &#8211; und wer eben keinen der ein paar tausend \u00f6ffentlich gef\u00f6rderten Jobs ergattern kann, <a href='https:\/\/www.neues-deutschland.de\/artikel\/1090114.debatte-in-der-spd-ueber-alg-ii-keine-abkehr-von-hartz-iv.html' class='azc_bbc_url'>der bleibt eben im Hartz4-System stecken<\/a>.<\/p>\n<p>Das muss diese SPD-Erneuerung sein, \u00fcber die sie st\u00e4ndig reden <img class='azc_bbc_image' src='https:\/\/www.rume.de\/smilies\/sarkasm.gif'  \/><\/p>\n<p><a href='https:\/\/www.gegen-hartz.de\/news\/hartzIV-jeder-10-bezieher-muss-aufstocken-574' class='azc_bbc_url'>Niedrigl\u00f6hne: Jeder zehnte Arbeitslose muss direkt mit Hartz IV aufstocken<\/a><br \/>\nZur Sicherung des Existenzminimums sind jeden Monat 74.855 Arbeitslosengeld-Empf\u00e4nger zus\u00e4tzlich auf Hartz IV angewiesen, um so ihr Existenzminimum zu sichern.<\/p>\n<p>Und ich will das hier nur nochmal festhalten: Armut beginnt nicht erst beim Regelsatz. Auch wer vielleicht zehn Euro mehr bekommt und somit sein Antrag auf &#8222;Aufstockung&#8220; abgelehnt wird, stellt sich &#8222;freiwillig&#8220; an der Tafel an, um sich Lebensmittel leisten zu k\u00f6nnen.<\/p>\n<p><a href='https:\/\/www.neues-deutschland.de\/artikel\/1090338.html' class='azc_bbc_url'>R\u00fcckkehr zu parit\u00e4tischen Krankenkassen-Beitr\u00e4gen beschlossen<\/a><br \/>\nDiese Meldung ist auch nur die halbe Wahrheit, denn nat\u00fcrlich m\u00fcssen wir weiterhin Zuzahlungen f\u00fcr Medizin, Brillen und Zahnersatz berappen. Von einer parit\u00e4tischen Krankenkassen-Finanzierung sind wir weiterhin meilenweit entfernt.<\/p>\n<p><a href='https:\/\/meedia.de\/2018\/06\/05\/sind-an-die-grenze-des-vertretbaren-gegangen-sechste-tarifrunde-in-der-zeitungsbranche-ohne-ergebnis-beendet' class='azc_bbc_url'>Sechste Tarifrunde in der Zeitungsbranche ohne Ergebnis beendet<\/a><br \/>\n<span class='azc_bbc_italic'>&#8222;Der BDZV bot zuletzt f\u00fcr Redakteure zwei Anhebungen von insgesamt 3,9 Prozent plus eine Einmalzahlung von 500 Euro zum 1. Mai 2018 bei einer Laufzeit von 32 Monaten an&#8220;<\/span>, berichte Meedia.<\/p>\n<p>Umgerechnet sind das 1,4 Prozent pro Jahr und somit ein ReallohnVERLUST. Aber zum Gl\u00fcck f\u00fcr die Zeitungskonzerne handelt es sich bei den Betroffenen ja nur um Journalisten. Die beherrschen das korrekte Berechnen von Lohnsteigerungen ja ohnehin nicht, wie deren Berichte \u00fcber Verdi- und IG Metall-&#8222;Erh\u00f6hungen&#8220; beweisen. Und ausserdem agitiert unsere Qualit\u00e4tsjournaille ja ohnehin gegen steigende L\u00f6hne, die immer als &#8222;schlecht f\u00fcr die Wirtschaft&#8220; zu bezeichnen sind <img class='azc_bbc_image' src='https:\/\/www.rume.de\/smilies\/sarkasm.gif'  \/> <a href='https:\/\/www.nachdenkseiten.de' class='azc_bbc_url'>[i](via)[\/i]<\/a><\/p>\n<p><a href='http:\/\/www.faz.net\/aktuell\/politik\/inland\/parteienfinanzierung-spd-greift-in-die-steuerkasse-15626251.html' class='azc_bbc_url'>Parteienfinanzierung: SPD fordert mehr Steuergeld f\u00fcr Parteien<\/a><br \/>\nDie SPD bekommt nur noch 20 (statt 30) Prozent Wahlstimmen und die CDU auch nur noch 30 (statt 40) Prozent &#8211; diesen R\u00fcckgang muss man nat\u00fcrlich irgendwie ausgleichen. Eine L\u00f6sung w\u00e4re, wieder Politik f\u00fcr die 90 Prozent, statt f\u00fcr die obersten 10 Prozent durchzusetzen. Das ist aber nicht deren Auftrag. Also wird lachend das zu verteilende Steuergeld von 165 Millionen Euro auf 190 Millionen angehoben &#8211; ein Plus von \u00fcber 15 Prozent. <span class='azc_bbc_italic'>&#8222;Im Hauruck-Verfahren will die Koalition kurz vor der Fu\u00dfball-WM noch eine Gesetzes\u00e4nderung durchwinken&#8220;<\/span>, schreibt dazu die FAZ.<\/p>\n<p>Das muss diese SPD-Erneuerung sein, \u00fcber die sie st\u00e4ndig reden <img class='azc_bbc_image' src='https:\/\/www.rume.de\/smilies\/sarkasm.gif'  \/><\/p>\n<p><a href='http:\/\/www.kontextwochenzeitung.de\/wirtschaft\/375\/ausgepresst-5126.html' class='azc_bbc_url'>Ausgepresst<\/a><br \/>\nInternationale Investoren legen ihr Geld inzwischen lieber am Wohnungsmarkt als in der Automobilindustrie an. Der rasante Aufstieg der Vonovia, in deren H\u00e4usern eine Million Menschen wohnen, verdeutlicht, wie dabei asoziales Verhalten belohnt wird.<\/p>\n<p><a href='https:\/\/www.gemeingut.org\/haeufig-gestellte-fragen-verweigerte-antworten' class='azc_bbc_url'>Rot-Rot-Gr\u00fcne Schulprivatisierung: Viele offene Fragen und verweigerte Antworten<\/a><br \/>\nDie B\u00fcrgerinnen und B\u00fcrger Berlins d\u00fcrfen erwarten, dass ihnen bei einem so wichtigen Thema ehrlich geantwortet &#8211; und nicht, wie bislang, stets ausgewichen wird.<\/p>\n<p><a href='http:\/\/www.titanic-magazin.de\/news\/fakt-vs-frage-9713' class='azc_bbc_url'>Nach \u00dcbernahme: Bayer streicht &#8222;negativ aufgeladenen Firmennamen&#8220;<\/a><br \/>\n<img class='azc_bbc_image' src='https:\/\/www.rume.de\/smilies\/nasiehste.gif'  \/><\/p>\n<p><a href='https:\/\/www.heise.de\/tp\/features\/Kapital-als-Klimakiller-4043735.html?seite=all' class='azc_bbc_url'>Kapitalismus als Klimakiller<\/a><br \/>\nKapitalismus bedeutet Zwang zum Wachstum. Aus viel Geld noch mehr Geld machen. Immer mehr Profit \u00fcber noch mehr Ausbeutung herausschlagen. Egal ob zu Lasten der Umwelt, der Menschen, oder des gesamten Planeten. Man kann also entweder Umweltschutz haben, oder Kapitalismus &#8211; aber nicht beides.<\/p>\n<p><a href='https:\/\/www.lawblog.de\/index.php\/archives\/2018\/06\/06\/schreib-doch-oefter-mal-was-auf-der-facebook-seite-der-polizei' class='azc_bbc_url'>Schreib doch \u00f6fter mal was auf der Facebook-Seite der Polizei<\/a><br \/>\nVorsicht, wenn ihr auf der Facebookseite der Polizei kritische Fragen stellt. Dann hagelt es zur Strafe eine Hausdurchsuchung. Irgendein Anlass findet sich immer, selbst wenn er sich im Nachhinein als rechtswidrig herausstellen sollte. Und wenn man bei der Razzia etwas findet &#8211; umso besser. Einen Querulanten mundtot gemacht.<\/p>\n<p>Ab wann nochmal genau spricht man von einem Polizeistaat?<\/p>\n<p><a href='https:\/\/netzpolitik.org\/2018\/luegen-fuer-die-vorratsdatenspeicherung-bka-chef-muench-biegt-sich-zahlen-zu-kinderpornografie-zurecht' class='azc_bbc_url'>BKA-Chef M\u00fcnch l\u00fcgt sich Zahlen zu Kinderpornografie zurecht<\/a><br \/>\nDer Pr\u00e4sident des Bundeskriminalamts fordert die Vorratsdatenspeicherung und verdreht dabei Statistiken. Angeblich konnten letztes Jahr 8.400 F\u00e4lle von Kinderpornografie nicht aufgekl\u00e4rt werden. Dabei gab es nur 6.512 F\u00e4lle insgesamt &#8211; und die wurden zu 89,5 Prozent aufgekl\u00e4rt. Hier wird also mal wieder mit falschen Zahlen Stimmungsmache betrieben. Wie so oft bei den Themen Vorratsdatenspeicherung, Netz-Sperren und Polizeiliche Kriminalstatistik. Das ist perfide und instrumentalisiert Opfer zum zweiten Mal.<\/p>\n<p>Die anlasslose Massen\u00fcberwachung der digitalen Kommunikation ist und bleibt h\u00f6chstrichterlich unvereinbar mit Grund- und Menschenrechten. Punkt.<\/p>\n<p><a href='https:\/\/www.german-foreign-policy.com\/news\/detail\/7629' class='azc_bbc_url'>Die pr\u00e4zisen Luftangriffe des Westens<\/a><br \/>\nDank der deutschen Aufkl\u00e4rungsfl\u00fcge kann die NATO pr\u00e4zise Bombardierungen durchf\u00fchren. Bl\u00f6d allerdings, dass Amnesty International vor Ort recherchierte und eine ganz andere Wirklichkeit vorfand, als uns Regierungspolitiker und Qualit\u00e4tsjournalisten t\u00e4glich einreden wollen. Amnesty International prangert n\u00e4mlich klare Kriegsverbrechen mit \u00fcber 1.200 ermordeten Zivilisten an. Und das ist das Ergebnis einer einzigen untersuchten NATO-Bombardierung.<\/p>\n<p>H\u00e4tten wir einen Rechtsstaat, dann w\u00e4ren Macron, May und auch Merkel l\u00e4ngst nach Den Haag \u00fcberstellt und m\u00fcssten sich dort f\u00fcr ihre (politisch gewollten) Kriegsverbrechen verantworten.<\/p>\n<p><a href='https:\/\/www.ndr.de\/nachrichten\/hamburg\/G20-Gipfel-Ingewahrsamnahme-rechtswidrig,gipfeltreffen806.html' class='azc_bbc_url'>G20-Urteil: Polizei hat Italiener zu Unrecht festgehalten<\/a><br \/>\nDer NDR berichtet: <span class='azc_bbc_italic'>&#8222;Den acht Italienern sei &#8222;schwerwiegendes Unrecht&#8220; geschehen, erkl\u00e4rte der Richter des Hamburger Verwaltungsgerichts in seiner Urteilsbegr\u00fcndung. Zum einen sei eine Warnung des Verfassungsschutzes vor &#8222;gewaltbereiten Italienern&#8220; keine Aufforderung, alle Italiener unabh\u00e4ngig von m\u00f6glichen Beweisen sofort in Gewahrsam zu nehmen, so der Richter. Zum anderen sei die im Grundgesetz garantierte Versammlungsfreiheit ohnehin deutlich h\u00f6her zu bewerten. Dieses eindeutige Urteil ist kein Einzelfall. Bereits im vergangenen Jahr hatte das Gericht die Ingewahrsamnahme von Mitgliedern der sozialistischen Jugendorganisation &#8222;Die Falken&#8220; f\u00fcr unrechtm\u00e4\u00dfig erkl\u00e4rt.&#8220;<\/span><\/p>\n<p>UPDATE: Hier auch noch <a href='https:\/\/www.freitag.de\/autoren\/elsa-koester\/zwischen-rechtsstaat-und-rechter-willkuer' class='azc_bbc_url'>der FREITAG mit einem lesenswerten Bericht<\/a>.<\/p>\n<p>Ach ja, fragt hier jemand nach Konsequenzen? <img class='azc_bbc_image' src='https:\/\/www.rume.de\/smilies\/laugh.gif'  \/> Klar, in jedem Rechtsstaat w\u00fcrde es nun Disziplinarstrafen f\u00fcr die Einsatzleitung hageln, die ein derartig rechtswidriges Vorgehen bewilligte. Aber wir leben stattdessen in Deutschland. Das f\u00e4llige Schmerzensgeld wird lachend aus der Steuerkasse gefingert, wof\u00fcr man an anderer Stelle halt eine Krankenhausstelle nicht besetzt (&#8222;nicht finanzierbar&#8220;) &#8211; Ende der &#8222;Aufarbeitung&#8220;.<\/p>\n<p>Die totale Eskalation der vorher friedlichen G20-Demonstrationen war schliesslich politisch gewollt und der politische R\u00e4delsf\u00fchrer ist nun sogar Bundesfinanzminister und geniesst <a href='https:\/\/www.mopo.de\/hamburg\/politik\/platz-3-bei-umfrage-olaf-scholz-bundesweit-ploetzlich-total-beliebt-29492954' class='azc_bbc_url'>steigende Beliebtheit in der Bev\u00f6lkerung<\/a>.<\/p>\n<p>Welchen bildungspolitischen IQ hat demzufolge wohl der Deutsche?<\/p>\n<p><a href='https:\/\/www.vice.com\/de\/article\/ywenkm\/warum-zwei-thuringer-neonazis-einen-monat-nach-ihrer-jagd-auf-journalisten-immer-noch-auf-freiem-fuss-sind' class='azc_bbc_url'>Warum zwei Neonazis einen Monat nach ihrer Jagd auf Journalisten noch auf freiem Fu\u00df sind<\/a><br \/>\nVor vier Wochen verfolgten zwei mutma\u00dfliche Neonazis in Th\u00fcringen Journalisten mit einem Auto, dr\u00e4ngten sie in einen Graben und griffen sie mit Messer, Baseballschl\u00e4ger und Pfefferspray an. Obwohl es dabei zu Verletzungen kam und die Opfer wegen schweren Raubes und versuchter T\u00f6tung Strafanzeige stellten, hat die Polizei bis heute niemanden festgenommen und es wurde keine Anklage erhoben. Laut der zust\u00e4ndigen Staatsanwaltschaft gebe es &#8222;keinen dringenden Tatverdacht&#8220;.<\/p>\n<p>RECHTSstaat Deutschland.<\/p>\n<p><a href='http:\/\/www.wsws.org\/de\/articles\/2018\/06\/06\/bamf-j06.html' class='azc_bbc_url'>Angeblicher Asyl-Skandal beim Bamf ist ein &#8222;St\u00fcck aus dem Tollhaus&#8220;<\/a><br \/>\n<span class='azc_bbc_italic'>&#8222;Der angeblich riesige Korruptionsskandal beim Bundesamt f\u00fcr Migration und Fl\u00fcchtlinge (Bamf) erweist sich immer mehr als eine reine Erfindung von Medien und Politikern, die damit systematisch gegen Fl\u00fcchtlinge hetzen und das Asylrecht weiter beschneiden wollen.<\/p>\n<p>Es ist auch bemerkenswert, dass um die nicht einmal 1200 F\u00e4lle eine regelrechte Medienhysterie entbrannt ist, w\u00e4hrend umgekehrt falsche negative Asylentscheidungen den gleichen Zeitungen und Presseorganen nur wenige Wochen zuvor allenfalls eine Randnotiz wert waren. Dabei haben die Verwaltungsgerichte im letzten Jahr in mehr als 32.000 F\u00e4llen Asylentscheidungen zugunsten der Schutzsuchenden korrigiert und Asylablehnungen in Asylanerkennungen verwandelt oder den Fl\u00fcchtlingen einen h\u00f6heren Schutzstatus zuerkannt. Gravierende Qualit\u00e4tsm\u00e4ngel sind daher nicht bei den positiven Asylentscheidungen zu suchen, sondern vielmehr bei den negativen.<\/p>\n<p>Unschuldsvermutung, Unterscheidung zwischen Verd\u00e4chtigungen und Tatsachen, die elementarste journalistische Sorgfaltspflicht bleiben selbst bei den \u00f6ffentlichen Medien, wie ARD und ZDF, auf der Strecke, die den angeblichen Bamf-Skandal immer wieder zum Aufh\u00e4nger ihrer Hauptnachrichten machen.&#8220;<\/span> <a href='http:\/\/www.wsws.org\/de\/articles\/2018\/06\/06\/bamf-j06.html' class='azc_bbc_url'>Weiterlesen&#8230;<\/a><\/p>\n<p>Tja, h\u00e4tten wir einen Rechtsstaat, dann w\u00fcrde nicht Ulrike B. am Pranger stehen, sondern Frank-J\u00fcrgen Weise, der nach dem Arbeitsamt auch noch das Bamf derart umbaute, dass es nicht mehr um menschliche Schicksale, sondern nur noch um Fallzahlen und Bearbeitungszeiten ging &#8211; wof\u00fcr er 55 Millionen Euro an Steuergeld zugunsten &#8222;externer Berater&#8220; veruntreute (davon allein 45 Millionen Euro nur an McKinsey).<\/p>\n<p><a href='https:\/\/www.berliner-zeitung.de\/kultur\/tv-vorschau-sandra-maischberger-diskutiert-ueber-den-islam-und-westliche-werte-29868108' class='azc_bbc_url'>TV-Vorschau: Maischberger diskutiert \u00fcber den Islam und westliche Werte<\/a><br \/>\nGestern in &#8222;Hart aber Fair&#8220; eine Debatte unter der \u00dcberschrift: &#8222;Fl\u00fcchtlinge und Kriminalit\u00e4t!&#8220;<br \/>\nHeute folgt &#8222;Maischberger&#8220; mit dem Titel: &#8222;Die Islamdebatte: Wo endet die Toleranz?&#8220;<\/p>\n<p>Und noch davor zur &#8222;gem\u00fctlichen Einstimmung&#8220; strahlt die ARD den Film &#8222;Unterwerfung&#8220; aus, der das Szenario einer Kapitulation Europas vor dem Islam zeigt.<\/p>\n<p>Wenn die AfD hierzulande Regierungspositionen \u00fcbernimmt, wof\u00fcr die Landtagswahl in Bayern k\u00f6nnte den Auftakt geben k\u00f6nnte, muss sie gar nicht mehr &#8211; wie einst Goebbels und seine NSDAP &#8211; aufw\u00e4ndig die Medien gleichschalten und auf rassistische Hetze eintrimmen. Das \u00fcbernehmen unsere hochseri\u00f6sen \u00d6ffentlich-Rechten schon hier und heute von ganz alleine.<\/p>\n<p><a href='http:\/\/www.nrhz.de\/flyer\/beitrag.php?id=24925' class='azc_bbc_url'>Angeblicher Journalistenmord in der Ukraine: Willkommener Anlass zur Hetze gegen Russland<\/a><br \/>\nEin Rundgang durch unsere seri\u00f6se neutrale Qualit\u00e4tspresse. Aber allein schon die Anzahl an &#8222;Berichte&#8220;, die unsere Presse wegen Babtschenko raush\u00e4mmert, aber auf der anderen Seite den Mord an der Journalistin Galizia aus Malta nur mit spitzen Fingern anfasst, zeigt die Propaganda-Schlagseite schon mehr als deutlich:<\/p>\n<p>Daphne Caruana Galizia: <a href='http:\/\/www.google.de\/search?q=Daphne+Caruana+Galizia&#038;hl=de&#038;tbm=nws' class='azc_bbc_url'>ca. 40.000 Nachrichten<\/a><br \/>\nArkadi Babtschenko: <a href='http:\/\/www.google.de\/search?q=Babtschenko&#038;hl=de&#038;tbm=nws' class='azc_bbc_url'>ca. 190.000 Nachrichten<\/a><\/p>\n<p>Und dieser massive Unterschied hat nat\u00fcrlich seinen Hintergrund. Denn Babtschenko l\u00e4sst sich ganz hervorragend f\u00fcr antirussische Kampagnen missbrauchen. Galizia hingegen hat gegen schwerreiche Steuerhinterzieher (Stichwort Panama Papers) recherchiert. Und weil f\u00fcr unsere Qualit\u00e4tsjournaille die &#8222;Abgabenlast&#8220; f\u00fcr Reiche stets &#8222;viel zu hoch&#8220; sind und man dar\u00fcber auch tagein tagaus berichten muss, fasst man letzteres Thema nat\u00fcrlich nur ungern an <img class='azc_bbc_image' src='https:\/\/www.rume.de\/smilies\/nasiehste.gif'  \/><\/p>\n<p><a href='https:\/\/deutsch.rt.com\/europa\/70987-skripal-affaere-auch-nach-drei-monaten-bleibt-london-beweis-schuldig' class='azc_bbc_url'>Skripal-Aff\u00e4re: Auch nach drei Monaten bleibt London jeden Beweis schuldig<\/a><br \/>\nVor drei Monaten wurde das Attentat auf Sergej und Julia Skripal ver\u00fcbt. Bis heute hat London keine Belege f\u00fcr die behauptete T\u00e4terschaft Russlands vorlegen k\u00f6nnen. Dennoch beteiligt sich die deutsche Presse weiterhin treu an der antirussischen Kampagne.<\/p>\n<p><a href='http:\/\/www.nachdenkseiten.de\/?p=44289' class='azc_bbc_url'>Kritischer Journalismus in der ZEIT: Frau Merkel, wieviele SMS verschicken Sie am Tag?<\/a><br \/>\nDIE ZEIT durfte 25 Fragen an Merkel stellen &#8211; und alles, was ihnen einfiel, waren Fragen \u00fcber die Anzahl an verschickten SMS, welcher Traum f\u00fcr sie nicht in Erf\u00fcllung ging, oder wovor Merkel Angst hat (Spinnen, M\u00e4use, usw.). Wie wir sehen sind das hochbrisante Fragen, die man unbedingt einmal stellen musste <img class='azc_bbc_image' src='https:\/\/www.rume.de\/smilies\/clown.gif'  \/> Und sie stehen exemplarisch daf\u00fcr, wie unkritisch und unterw\u00fcrfig die Qualit\u00e4tsjournaille hier in Deutschland ist.<\/p>\n<p>Dazu passt auch:<\/p>\n<p><a href='http:\/\/www.nrhz.de\/flyer\/beitrag.php?id=24924' class='azc_bbc_url'>Programmkritik an der manipulierenden Berichterstattung der ARD-Tagesschau<\/a><br \/>\nKritiklosigkeit gegen\u00fcber den M\u00e4chtigen hierzulande ist ein Markenzeichen der Tagesschau. Das gilt auch hinsichtlich der Stellenabbau-Planungen der Deutschen Bank. Damit befasst sich in dieser Woche die Programmkritik von Volker Br\u00e4utigam und Friedhelm Klinkhammer. Denn die ARD-Nachrichten sind der Taktgeber f\u00fcr die meisten Medien der Bundesrepublik Deutschland. Wer sich kritisch mit ihnen auseinandersetzt, der kritisiert den Kern des deutschen Journalismus. Doch die Tagesschau-Maschine ist weder verl\u00e4sslich noch neutral und keinesfalls seri\u00f6s. Sie ist nur wenig Anderes als eben f\u00fcnfzehn Minuten Staatsfunk.<\/p>\n<p><a href='https:\/\/allfacebook.de\/policy\/eugh-urteil' class='azc_bbc_url'>EUGH Urteil: M\u00fcssen nun alle Facebook-Seiten geschlossen werden?<\/a><br \/>\nWer sicher gehen will: Ja!<\/p>\n<p>Und zu guter Letzt:<\/p>\n<p><a href='http:\/\/www.titanic-magazin.de\/fileadmin\/content\/Postkarten\/180606_Statistik.jpg' class='azc_bbc_url'>Zahl der Arbeitslosen weiter gesunken<\/a><br \/>\n<img class='azc_bbc_image' src='https:\/\/www.rume.de\/smilies\/nasiehste.gif'  \/><\/p>\n","protected":false},"excerpt":{"rendered":"<p>\/ Hartz-IV-Empf\u00e4nger stirbt einsam in seiner Wohnung &#8211; die Nachbarn klagen an \/ Deutsches Kinderhilfswerk fordert Stop von Hartz-IV-Sanktionen \/ Niedrigl\u00f6hne: Jeder zehnte Arbeitslose muss direkt mit Hartz IV aufstocken \/ R\u00fcckkehr zu parit\u00e4tischen Krankenkassen-Beitr\u00e4gen beschlossen \/ Sechste Tarifrunde in der Zeitungsbranche ohne Ergebnis beendet \/ Parteienfinanzierung: SPD fordert mehr Steuergeld f\u00fcr Parteien \/ Ausgepresst &hellip; <a href=\"https:\/\/www.rume.de\/?p=668\" class=\"more-link\"><span class=\"screen-reader-text\">\u201eAufgelesen und kommentiert 2018-06-06\u201c <\/span>weiterlesen<\/a><\/p>\n","protected":false},"author":1,"featured_media":0,"comment_status":"open","ping_status":"closed","sticky":false,"template":"","format":"standard","meta":{"footnotes":""},"categories":[2],"tags":[],"class_list":["post-668","post","type-post","status-publish","format-standard","hentry","category-aufgelesen"],"_links":{"self":[{"href":"https:\/\/www.rume.de\/index.php?rest_route=\/wp\/v2\/posts\/668","targetHints":{"allow":["GET"]}}],"collection":[{"href":"https:\/\/www.rume.de\/index.php?rest_route=\/wp\/v2\/posts"}],"about":[{"href":"https:\/\/www.rume.de\/index.php?rest_route=\/wp\/v2\/types\/post"}],"author":[{"embeddable":true,"href":"https:\/\/www.rume.de\/index.php?rest_route=\/wp\/v2\/users\/1"}],"replies":[{"embeddable":true,"href":"https:\/\/www.rume.de\/index.php?rest_route=%2Fwp%2Fv2%2Fcomments&post=668"}],"version-history":[{"count":1,"href":"https:\/\/www.rume.de\/index.php?rest_route=\/wp\/v2\/posts\/668\/revisions"}],"predecessor-version":[{"id":669,"href":"https:\/\/www.rume.de\/index.php?rest_route=\/wp\/v2\/posts\/668\/revisions\/669"}],"wp:attachment":[{"href":"https:\/\/www.rume.de\/index.php?rest_route=%2Fwp%2Fv2%2Fmedia&parent=668"}],"wp:term":[{"taxonomy":"category","embeddable":true,"href":"https:\/\/www.rume.de\/index.php?rest_route=%2Fwp%2Fv2%2Fcategories&post=668"},{"taxonomy":"post_tag","embeddable":true,"href":"https:\/\/www.rume.de\/index.php?rest_route=%2Fwp%2Fv2%2Ftags&post=668"}],"curies":[{"name":"wp","href":"https:\/\/api.w.org\/{rel}","templated":true}]}}