{"id":665,"date":"2018-06-05T20:05:32","date_gmt":"2018-06-05T18:05:32","guid":{"rendered":"http:\/\/rume.katti.eu\/?p=665"},"modified":"2018-06-05T20:07:12","modified_gmt":"2018-06-05T18:07:12","slug":"aufgelesen-und-kommentiert-2018-06-05","status":"publish","type":"post","link":"https:\/\/www.rume.de\/?p=665","title":{"rendered":"Aufgelesen und kommentiert 2018-06-05"},"content":{"rendered":"<p>\/ Tausende Mitarbeiter der Bundesregierung sind sachgrundlos befristet<br \/>\n\/ Axa k\u00fcndigt Tausende Vertr\u00e4ge \u00fcber lebenslange Rente<br \/>\n\/ Forsa: H\u00e4lfte der Berliner halten Hausbesetzungen f\u00fcr legitim<br \/>\n\/ Seehofer fordert von EU-Kommission massive Internetzensur<br \/>\n\/ Gauland und die Heuchler<br \/>\n\/ Alltagsrassismus: 2018 bereits 300 Angriffe auf Gefl\u00fcchtete au\u00dferhalb von Unterk\u00fcnften<br \/>\n\/ Erneut dutzende Fl\u00fcchtlinge im Mittelmeer ertrunken<br \/>\n\/ #fairLand: Weder Bewegung, noch wirklich links<br \/>\n\/ Die Plastik-Verbotspl\u00e4ne der EU-Kommission reichen nicht aus<br \/>\n\/ Schweigen im Pressewalde<br \/>\n\/ Amnesty International: Angriff der US-Koalition auf Rakka in Syrien war Kriegsverbrechen<br \/>\n\/ F\u00fcnf Jahre NSA-Skandal<br \/>\n\/ Unchristliche CSU? Von wegen!<\/p>\n<p>&#8212;<\/p>\n<p><!--more--><\/p>\n<p><a href='https:\/\/www.zeit.de\/politik\/2018-06\/bundesregierung-ministerien-sachgrundlose-befristung' class='azc_bbc_url'>Tausende Mitarbeiter der Bundesregierung sind sachgrundlos befristet<\/a><br \/>\nDie Bundesregierung besch\u00e4ftigt nach eigenen Angaben derzeit etwa 7.900 Mitarbeiter mit befristeten Arbeitsvertr\u00e4gen, ohne einen konkreten Sachgrund f\u00fcr die Befristung zu nennen. Damit nutze die Regierung das umstrittene Instrument der sachgrundlosen Befristung bei mehr als der H\u00e4lfte aller ihrer Befristungen, berichtet die Rheinische Post. Laut Koalitionsvertrag von Union und SPD sollen nur noch h\u00f6chstens 2,5 Prozent der Mitarbeiter ohne Sachgrund befristet besch\u00e4ftigt werden k\u00f6nnen.<\/p>\n<p>Das ist bestimmt diese SPD-Erneuerung, \u00fcber die sie st\u00e4ndig reden <img class='azc_bbc_image' src='https:\/\/www.rume.de\/smilies\/sarkasm.gif'  \/><\/p>\n<p><a href='http:\/\/www.sueddeutsche.de\/wirtschaft\/unfallversicherung-axa-kuendigt-tausende-vertraege-ueber-lebenslange-rente-1.4000272' class='azc_bbc_url'>Axa k\u00fcndigt Tausende Vertr\u00e4ge \u00fcber lebenslange Rente<\/a><br \/>\nSeht ihr: Kapitalgedeckte Renten sind viel sicherer als die marode gesetzliche Rentenversicherung <img class='azc_bbc_image' src='https:\/\/www.rume.de\/smilies\/sarkasm.gif'  \/><\/p>\n<p><a href='https:\/\/www.freitag.de\/autoren\/bennyk\/packt-es-an' class='azc_bbc_url'>Forsa: H\u00e4lfte der Berliner halten Hausbesetzungen f\u00fcr legitim<\/a><br \/>\nSeit 2001 stellt die SPD den regierenden B\u00fcrgermeister von Berlin. Davor war sie 11 Jahre lang mitregierender Juniorpartner der CDU. Die SPD ist also seit \u00fcber 25 Jahren f\u00fcr Berlin verantwortlich &#8211; und hat es so weit gebracht, dass laut Forsa-Umfrage 53 Prozent der Berlinerinnen und Berliner sogar rechtswidrige (!) Hausbesetzungen f\u00fcr ein legitimes Mittel halten, um auf das Thema Wohnungsnot aufmerksam zu machen.<\/p>\n<p><a href='https:\/\/netzpolitik.org\/2018\/wir-veroeffentlichen-seinen-wunschzettel-seehofer-fordert-von-eu-kommission-massive-internetzensur' class='azc_bbc_url'>Seehofer fordert von EU-Kommission massive Internetzensur<\/a><br \/>\nIn einem Brief an die EU-Kommission fordern die Innenminister von Deutschland und Frankreich eine gesetzliche Regelung, um gegen Kommentare auf Online-Plattformen vorzugehen. Facebook, Twitter &#038; Co sollen gesetzlich verpflichtet werden, &#8222;zu unbequeme&#8220; Inhalte innerhalb von nur einer Stunde zu l\u00f6schen. Handeln sie nicht schnell genug, sollen sie daf\u00fcr haftbar gemacht werden.<\/p>\n<p><a href='http:\/\/www.wsws.org\/de\/articles\/2018\/06\/05\/gaul-j05.html' class='azc_bbc_url'>Gauland und die Heuchler<\/a><br \/>\n<span class='azc_bbc_italic'>&#8222;Die Emp\u00f6rung und Kritik an Gaulands Nazi-Verharmlosung soll die Spuren verwischen, die zeigen, dass der Aufstieg der AfD von den etablierten Parteien und Medien systematisch unterst\u00fctzt und bef\u00f6rdert wurde. Keine andere Partei hatte im vergangenen Bundestagswahlkampf und seitdem eine derart penetrante Medienpr\u00e4senz wie die AfD. Vor einer Woche war Gauland zum wiederholten Male zu Anne Wills sonnt\u00e4glicher Talkshow eingeladen und wurde h\u00f6flich nach seiner Meinung zu den von der Bundesregierung geplanten Abschiebezentren f\u00fcr Fl\u00fcchtlinge befragt. Wenige Stunden zuvor hatte er am Brandenburger Tor auf einer AfD-Kundgebung seine rechte ausl\u00e4nderfeindliche Hetze ins Mikrofon gebr\u00fcllt. Obwohl sich an diesem Tag zwanzig Mal mehr Gegendemonstranten in Berlin versammelt hatten, wurde keiner von ihnen zur Gespr\u00e4chsrunde geladen. Das Interesse der Talk-Moderatorin konzentrierte sich ausschlie\u00dflich auf Gauland.<\/p>\n<p>Erst vor kurzem ver\u00f6ffentlichte DER SPIEGEL einen Artikel mit dem Titel &#8222;Der Wandel der Vergangenheit&#8220;, der f\u00fcr eine Neubewertung der deutschen Verbrechen im Ersten und Zweiten Weltkrieg eintrat. Der Bericht endete mit dem Hinweis, dass &#8222;der Holocaust mehr oder weniger zur Fu\u00dfnote&#8220; verkomme. Das ist zwar nicht so vulg\u00e4r wie Gaulands Vogelschiss-Zitat, bedeutet aber inhaltlich dasselbe. Einen Aufschrei in Medien und Politik gab es aber nicht.&#8220;<\/span> <a href='http:\/\/www.wsws.org\/de\/articles\/2018\/06\/05\/gaul-j05.html' class='azc_bbc_url'>Weiterlesen&#8230;<\/a><\/p>\n<p>Und uter uns angemerkt: Beim ehemaligen Nachrichtenmagazin sind ja <a href='https:\/\/blog.zeit.de\/stoerungsmelder\/files\/2012\/07\/Spiegel-Cover1.jpg' class='azc_bbc_url'>sogar schon NPD-Parolen als Covermotiv salonf\u00e4hig<\/a> geworden. Und seitdem ich mich f\u00fcr politische Themen interessiere, also ungef\u00e4hr seit 2005, stand der SPIEGEL niemals auf der Seite der Menschen. Ich hab keine Ahnung, warum man dem SPIEGEL eine herausragende journalistische Stellung einr\u00e4umt. Muss wohl an der bildungspolitischen Intelligenz der Deutschen liegen, dass bei ihnen die SPIEGEL-Berichte wie seri\u00f6se Berichterstattung aussehen <img class='azc_bbc_image' src='https:\/\/www.rume.de\/smilies\/nasiehste.gif'  \/><\/p>\n<p>Aber auch die \u00d6ffentlich-Rechten haben ja gerade wieder &#8222;Hart aber Fair&#8220; vom Stapel gelassen mit der \u00dcberschrift: Fl\u00fcchtlinge und Kriminalit\u00e4t! Da weiss man dann auch sofort, welche Botschaft mal wieder verbreitet werden soll. Und nat\u00fcrlich durfte auch in dieser &#8222;Talkshow&#8220; mal wieder jeder seinen Senf abgeben &#8211; nur Fl\u00fcchtlinge selbst waren (wie immer) NICHT eingeladen.<\/p>\n<p>Genau so stelle ich mir ein ausgewogenes und seri\u00f6ses Aufkl\u00e4rungsprogramm vor, welches man jedes Jahr mit \u00fcber acht Milliarden Euro zwangsbezahlen muss <img class='azc_bbc_image' src='https:\/\/www.rume.de\/smilies\/sarkasm.gif'  \/><\/p>\n<p><a href='https:\/\/www.neues-deutschland.de\/artikel\/1090224.html' class='azc_bbc_url'>Alltagsrassismus: 2018 bereits 300 Angriffe auf Gefl\u00fcchtete au\u00dferhalb von Unterk\u00fcnften<\/a><br \/>\nDie fremdenfeindlichen \u00dcbergriffe in Deutschland verlagern sich zunehmend von Anschl\u00e4gen auf Unterk\u00fcnfte f\u00fcr Gefl\u00fcchtete hin zu Angriffen im Alltag. Das zeigt die Antwort der Bundesregierung auf eine Kleine Anfrage der LINKEN, \u00fcber die die \u00bbNeue Osnabr\u00fccker Zeitung\u00ab am Dienstag berichtet. Die Statistik zeigt knapp 300 Angriffe auf Gefl\u00fcchtete au\u00dferhalb ihrer Unterk\u00fcnfte im letzten Quartal. Darunter waren 64 direkte Attacken auf Personen, zum Beispiel mit Waffen. Dabei wurden 47 Menschen verletzt, darunter auch ein Kind. Die Zahl der gewaltt\u00e4tigen Angriffe liegt damit auf dem gleichen Niveau, wie im letzten Quartal 2017.<\/p>\n<p>Das logische Ergebnis der gemeinsamen Arbeit von Politik und Medien.<\/p>\n<p>\u00dcbrigens wurden gerade erst 15 Menschen erschossen, die aus einem der EU-finanzierten Folterlager in Libyen ausbrechen wollten. So berichtet es <a href='https:\/\/blog.fdik.org\/2018-06\/s1528155757' class='azc_bbc_url'>das Team von &#8222;\u00c4rzte ohne Grenzen&#8220;<\/a>. Wof\u00fcr nochmal genau bekam die EU den Friedensnobelpreis?<\/p>\n<p>Dazu passt auch:<\/p>\n<p><a href='http:\/\/www.wsws.org\/de\/articles\/2018\/06\/05\/immi-j05.html' class='azc_bbc_url'>Erneut dutzende Fl\u00fcchtlinge im Mittelmeer ertrunken<\/a><br \/>\n<span class='azc_bbc_italic'>&#8222;Bis jetzt sind in diesem Jahr 660 Einwanderer bei der \u00dcberquerung des Mittelmeers nachweislich ums Leben gekommen. Diese Todesopfer sind das Ergebnis der Politik der europ\u00e4ischen Regierungen. Diese setzen alles daran, Rettungsaktionen zu verhindern und Menschen von der Mittelmeerroute abzuhalten. Wie interne EU-Dokumente enth\u00fcllen, argumentieren Politiker, wenn mehr Menschen ertrinken, dann bedeute das insgesamt niedrigere Fl\u00fcchtlingszahlen. Im Jahr 2017 haben italienische Staatsanw\u00e4lte die Polizei angewiesen, ein deutsches NGO-Rettungsschiff zu beschlagnahmen, damit das Schiff mit seinen Rettungsaktionen keine weiteren Fl\u00fcchtlinge vor dem Ertrinken retten konnte.<\/p>\n<p>Die Fl\u00fcchtlinge, die die gef\u00e4hrliche Reise \u00fcberleben, werden von den extrem fremdenfeindlichen Regierungen Europas schikaniert, vernachl\u00e4ssigt und so rasch wie m\u00f6glich wieder abgeschoben. Zurzeit sind so viele fremdenfeindliche Regierungen in Europa an der Macht wie seit dem Zweiten Weltkrieg nicht mehr.&#8220;<\/span> <a href='http:\/\/www.wsws.org\/de\/articles\/2018\/06\/05\/immi-j05.html' class='azc_bbc_url'>Weiterlesen&#8230;<\/a><\/p>\n<p>Tja Leute: Bei so viel offen ausgelebter Fremdenfeindlichkeit, die l\u00e4ngst wieder zum &#8222;ganz normalen Alltag&#8220; geworden ist, will die deutsche Justiz nat\u00fcrlich auch fr\u00f6hlich mithelfen und h\u00e4lt die Verleumdung von Seenot-Rettungsmissionen als &#8222;Schlepper&#8220; f\u00fcr angemessen (Az.: 4 U 217\/18 und 4 U 218\/18 ). Aber hey: Die Justiz, und insbesondere die deutsche Justiz, stand NOCH NIE auf der Seite der Menschenrechte. Das hat sie in der DDR bewiesen, das hat sie im Dritten Reich bewiesen &#8211; und das beweist sie auch heute.<\/p>\n<p><a href='https:\/\/www.antikapitalistische-linke.de\/?p=2636' class='azc_bbc_url'>#fairLand: Weder Bewegung, noch wirklich links<\/a><br \/>\nWarum Sahra Wagenknechts Sammlungsbewegung der falsche Weg ist. Eine (weitere) Analyse.<\/p>\n<p><a href='https:\/\/www.freitag.de\/autoren\/der-freitag\/esst-das-eis-einfach-aus-der-waffel' class='azc_bbc_url'>Die Plastik-Verbotspl\u00e4ne der EU-Kommission reichen nicht aus<\/a><br \/>\nDer FREITAG berichtet: <span class='azc_bbc_italic'>&#8222;Die Deutschen geh\u00f6ren zu den gr\u00f6\u00dften M\u00fcllverursachern Europas. Jeder Schritt in die richtige Richtung, sei er noch so klein, ist da begr\u00fc\u00dfenswert. Doch es bleiben einige Fragen: Warum sollen nur die Haltest\u00e4bchen f\u00fcr Luftballons verschwinden, nicht aber Letztere selbst? Nach jeder Hochzeit landen Luftballons aus PVC oder Polyurethan auf Wiesen, in Fl\u00fcssen und W\u00e4ldern, sobald die Luft entwichen ist.<\/p>\n<p>Au\u00dferdem: Wir haben weit gr\u00f6\u00dfere Probleme als Wattest\u00e4bchen aus Plastik. Einwegflaschen verm\u00fcllen die Str\u00e4nde sehr viel st\u00e4rker. Und \u00e4hnlich ungekl\u00e4rt ist, was mit Mikroplastik in Kosmetik- und Pflegeprodukten geschehen soll. Laut einem Gutachten des Umweltbundesamtes stecken mehr als 3.000 Tonnen solcher Mikropartikel aus Polyethylen in Fl\u00fcssigseifen, Shampoos, Duschgels und Peelings, die in der EU produziert und verkauft werden. So viel Plastik gelangt also jedes Jahr \u00fcber die Abfl\u00fcsse der EU-B\u00fcrger in die Umwelt. Eine Quelle, die schnell trockenzulegen w\u00e4re, indem man die Hersteller per Gesetz &#8211; und nicht durch freiwillige Selbstverpflichtung &#8211; zum Verzicht auf den billigen F\u00fcllstoff zwingt.&#8220;<\/span><\/p>\n<p><a href='http:\/\/www.ossietzky.net\/10-2018&#038;textfile=4366' class='azc_bbc_url'>Schweigen im Pressewalde<\/a><br \/>\nNochmal eine Medienkritik zum &#8222;Giftgasanschlag&#8220; im syrischen Duma, der keiner war &#8211; und \u00fcber die &#8222;Vergeltungsangriffe&#8220; von Trump, Macron und May, die nichts anderes als Kriegsverbrechen waren.<\/p>\n<p>Belustigend auch, wie der Deutsche Presserat gerade herumeiert, um <a href='https:\/\/www.heise.de\/tp\/features\/Todesgruesse-aus-Moskau-Presserat-weist-Beschwerde-wegen-Spiegel-Cover-vorerst-ab-4068342.html?seite=all' class='azc_bbc_url'>das glasklare SPIEGEL-L\u00fcgencover zum &#8222;Fall Skripal&#8220;<\/a> nicht beanstanden zu m\u00fcssen, weil man sich ja gemeinsam auf eine <span class='azc_bbc_strike'>gleichgeschaltete Kampagne<\/span> einheitliche Blattlinie verst\u00e4ndigt hatte, dass stets &#8222;der b\u00f6se Russe&#8220; anzuklagen ist. Da kann man jetzt ja keine R\u00fcge aussprechen, nur weil das Nowitschok-L\u00fcgengebilde in sich zusammengebrochen ist <img class='azc_bbc_image' src='https:\/\/www.rume.de\/smilies\/sarkasm.gif'  \/><\/p>\n<p><a href='http:\/\/www.fr.de\/politik\/syrien-amnesty-erhebt-schwere-vorwuerfe-gegen-us-koalition-a-1518631' class='azc_bbc_url'>Amnesty International: Angriff der US-Koalition auf Rakka in Syrien war Kriegsverbrechen<\/a><br \/>\nDie Koalition unter US-F\u00fchrung habe bei ihren Angriffen auf Rakka in Syrien Hunderte Zivilisten get\u00f6tet, hei\u00dft es in einem am Dienstag in Berlin ver\u00f6ffentlichten Bericht der Menschenrechtsorganisation. Bei den vor einem Jahr begonnenen Milit\u00e4roperationen seien zudem Tausende Bewohner verletzt worden. Die Angriffe m\u00fcssen als Kriegsverbrechen bewertet werden.<\/p>\n<p><a href='https:\/\/netzpolitik.org\/2018\/fuenf-jahre-nsa-skandal-gekappte-glasfaserkabel-und-merkels-ruecktritt' class='azc_bbc_url'>F\u00fcnf Jahre NSA-Skandal<\/a><br \/>\nEine sehr lesenswerte Fiktion zum f\u00fcnften Jahrestag der Snowden-Ver\u00f6ffentlichungen. So w\u00e4re der Verlauf gewesen, wenn Deutschland ein Rechtsstaat w\u00e4re &#8211; und die Bev\u00f6lkerung \u00fcber bildungspolitische Intelligenz verf\u00fcgen w\u00fcrde <img class='azc_bbc_image' src='https:\/\/www.rume.de\/smilies\/nasiehste.gif'  \/><\/p>\n<p>Und zu guter Letzt:<\/p>\n<p><a href='http:\/\/www.harm-bengen.de\/toonpool\/2018%2006%2005%20Unchristlich-FARBE.jpg' class='azc_bbc_url'>Unchristliche CSU? Von wegen!<\/a><br \/>\n&#8230;.<\/p>\n","protected":false},"excerpt":{"rendered":"<p>\/ Tausende Mitarbeiter der Bundesregierung sind sachgrundlos befristet \/ Axa k\u00fcndigt Tausende Vertr\u00e4ge \u00fcber lebenslange Rente \/ Forsa: H\u00e4lfte der Berliner halten Hausbesetzungen f\u00fcr legitim \/ Seehofer fordert von EU-Kommission massive Internetzensur \/ Gauland und die Heuchler \/ Alltagsrassismus: 2018 bereits 300 Angriffe auf Gefl\u00fcchtete au\u00dferhalb von Unterk\u00fcnften \/ Erneut dutzende Fl\u00fcchtlinge im Mittelmeer ertrunken &hellip; <a href=\"https:\/\/www.rume.de\/?p=665\" class=\"more-link\"><span class=\"screen-reader-text\">\u201eAufgelesen und kommentiert 2018-06-05\u201c <\/span>weiterlesen<\/a><\/p>\n","protected":false},"author":1,"featured_media":0,"comment_status":"open","ping_status":"closed","sticky":false,"template":"","format":"standard","meta":{"footnotes":""},"categories":[2],"tags":[],"class_list":["post-665","post","type-post","status-publish","format-standard","hentry","category-aufgelesen"],"_links":{"self":[{"href":"https:\/\/www.rume.de\/index.php?rest_route=\/wp\/v2\/posts\/665","targetHints":{"allow":["GET"]}}],"collection":[{"href":"https:\/\/www.rume.de\/index.php?rest_route=\/wp\/v2\/posts"}],"about":[{"href":"https:\/\/www.rume.de\/index.php?rest_route=\/wp\/v2\/types\/post"}],"author":[{"embeddable":true,"href":"https:\/\/www.rume.de\/index.php?rest_route=\/wp\/v2\/users\/1"}],"replies":[{"embeddable":true,"href":"https:\/\/www.rume.de\/index.php?rest_route=%2Fwp%2Fv2%2Fcomments&post=665"}],"version-history":[{"count":2,"href":"https:\/\/www.rume.de\/index.php?rest_route=\/wp\/v2\/posts\/665\/revisions"}],"predecessor-version":[{"id":667,"href":"https:\/\/www.rume.de\/index.php?rest_route=\/wp\/v2\/posts\/665\/revisions\/667"}],"wp:attachment":[{"href":"https:\/\/www.rume.de\/index.php?rest_route=%2Fwp%2Fv2%2Fmedia&parent=665"}],"wp:term":[{"taxonomy":"category","embeddable":true,"href":"https:\/\/www.rume.de\/index.php?rest_route=%2Fwp%2Fv2%2Fcategories&post=665"},{"taxonomy":"post_tag","embeddable":true,"href":"https:\/\/www.rume.de\/index.php?rest_route=%2Fwp%2Fv2%2Ftags&post=665"}],"curies":[{"name":"wp","href":"https:\/\/api.w.org\/{rel}","templated":true}]}}