{"id":663,"date":"2018-06-04T23:06:10","date_gmt":"2018-06-04T21:06:10","guid":{"rendered":"http:\/\/rume.katti.eu\/?p=663"},"modified":"2018-06-05T02:09:35","modified_gmt":"2018-06-05T00:09:35","slug":"aufgelesen-und-kommentiert-2018-06-04","status":"publish","type":"post","link":"https:\/\/www.rume.de\/?p=663","title":{"rendered":"Aufgelesen und kommentiert 2018-06-04"},"content":{"rendered":"<p>\/ Jobcenter strich Hartz IV bei \u00fcber 34.000 Menschen komplett<br \/>\n\/ Jeder zehnte Arbeitslosengeld-Empf\u00e4nger muss mit Hartz IV aufstocken<br \/>\n\/ Paketzustellung in Berlin: Lastenrad statt Laster<br \/>\n\/ Personaluntergrenzen in den Krankenh\u00e4usern: Anpassung nach unten<br \/>\n\/ Es muss erst jemand sterben, bevor sich das System \u00e4ndert<br \/>\n\/ Stuttgart 21 Baum\u00e4ngel ohne Ende<br \/>\n\/ Drei Jahre Mietpreisbremse &#8211; weitestgehend wirkungslos<br \/>\n\/ Hightech-\u00dcbernahmen durch China: IG Metall fordert Gegenstrategie<br \/>\n\/ Opel: IG Metall und Betriebsr\u00e4te stimmen Arbeitsplatzabbau und Lohnk\u00fcrzungen zu<br \/>\n\/ Klage erfolglos: Samsung muss Updates nur f\u00fcr zwei Jahre garantieren<br \/>\n\/ Es ist vorbei<br \/>\n\/ ARD tagesthemen: Caren Miosga erkl\u00e4rt die Ostukrainer zu Besetzern im eigenen Land<br \/>\n\/ Mausrutscher in Br\u00fcssel<br \/>\n\/ Kanzlerin Merkel unterst\u00fctzt EU-Eingreiftruppe<br \/>\n\/ Grundrechte-Report dokumentiert Merkmale autorit\u00e4rer Polizeistaaten<br \/>\n\/ G20-Ausschuss: Schwere Vorw\u00fcrfe von Anwohnern<br \/>\n\/ Aufbruch nach rechts &#8211; die Sammelbewegung von Lafontaine und Wagenknecht<br \/>\n\/ Im Zweifel f\u00fcr Menschen in Not<br \/>\n\/ Google und Uber sollen f\u00fcr positive Artikel gezahlt haben<br \/>\n\/ Fragen zum Fall Skripal &#8211; Bundesregierung und Medien gehen auf Tauchstation<br \/>\n\/ NetzDG: Kaum Beschwerden \u00fcber mangelhafte L\u00f6schung<br \/>\n\/ Hamburger Dieselfahrverbot<\/p>\n<p>&#8212;<\/p>\n<p><!--more--><\/p>\n<p><a href='http:\/\/www.taz.de\/!5506876' class='azc_bbc_url'>Jobcenter strich Hartz IV bei \u00fcber 34.000 Menschen komplett<\/a><br \/>\n<span class='azc_bbc_italic'>&#8222;Neben den 34.000 Menschen, denen alle Bez\u00fcge gestrichen wurden, sprachen die Jobcenter im vergangenen Jahr gegen 204.000 Menschen zwei oder mehr Sanktionen aus. Weitere 217.000 Betroffene bekamen jeweils eine Sanktion von der Beh\u00f6rde auferlegt&#8220;<\/span>, berichtet die Tageszeitung. Und nat\u00fcrlich leiden unter diesen sozialdemokratisch reformierten Sozialstaat nat\u00fcrlich auch tausende Kinder jeden Monat (<a href='http:\/\/www.o-ton-arbeitsmarkt.de\/o-ton-news\/hartz-iv-sanktionen-machen-auch-vor-kindern-nicht-halt-2' class='azc_bbc_url'>Zitat<\/a>): <span class='azc_bbc_italic'>&#8222;Knapp 46.000 Hartz-IV-Empf\u00e4ngern mit Kindern haben die Jobcenter im Jahr 2017 die Leistungen gek\u00fcrzt, darunter \u00fcber 14.000 Alleinerziehenden. 2.800 Betroffene mit Kindern wurden voll sanktioniert.&#8220;<\/span><\/p>\n<p>Man darf wirklich gespannt sein, unter welchen rechtlichen Beugewinkeln das Bundesverfassungsgericht diese Sanktionspraxis noch als &#8222;vereinbar mit der Menschenw\u00fcrde Grundgesetz Artikel 1&#8220; durchwinkt.<\/p>\n<p>Dazu passt auch:<\/p>\n<p><a href='https:\/\/www.finanzen.net\/nachricht\/aktien\/jeder-zehnte-arbeitslosengeld-empfaenger-muss-mit-hartz-iv-aufstocken-6253275' class='azc_bbc_url'>Jeder zehnte Arbeitslosengeld-Empf\u00e4nger muss mit Hartz IV aufstocken<\/a><br \/>\nDas sind weitere 75.000 Menschen, denen auch das jahrelange Einzahlen in die Arbeitslosenversicherung keinen R\u00fcckhalt bietet &#8211; sondern die Betroffenen direkt in die Hartz4-Maschine fallen. Ihre vorherigen Einkommen reichen nicht aus, um dar\u00fcber einen Anspruch auf Arbeitslosengeld zu bekommen &#8211; denn der menschenverachtende Regelsatz ist h\u00f6her.<\/p>\n<p><a href='https:\/\/www.tagesschau.de\/wirtschaft\/lastenraeder-paketzustellung-101.html' class='azc_bbc_url'>Paketzustellung in Berlin: Lastenrad statt Laster<\/a><br \/>\n<span class='azc_bbc_italic'>&#8222;Pakete, die mit dem Fahrrad geliefert werden &#8211; und nicht mehr mit dem Auto: In Berlin testen f\u00fcnf gro\u00dfe Paketzusteller ein Jahr lang, ob das geht. Bundesumweltministerin Svenja Schulze (SPD) hofft auf Nachahmer&#8220;<\/span>, berichtet die ARD.<\/p>\n<p>Joah, findet hoffentlich Nachahmer. Endlich Paketsklaven, die keinen F\u00fchrerschein ben\u00f6tigen. Das wird sicherlich nicht nur auf die Geh\u00e4lter einen &#8222;tollen Effekt&#8220; haben, sondern auch die Zustellqualit\u00e4t rapide ver\u00e4ndern <img class='azc_bbc_image' src='https:\/\/www.rume.de\/smilies\/sarkasm.gif'  \/><\/p>\n<p>Aber hey: Diese Vorfreude muss zur SPD-Erneuerung geh\u00f6ren, \u00fcber die sie st\u00e4ndig reden <img class='azc_bbc_image' src='https:\/\/www.rume.de\/smilies\/sarkasm.gif'  \/><\/p>\n<p><a href='https:\/\/www.jungewelt.de\/artikel\/333490.html' class='azc_bbc_url'>Personaluntergrenzen in den Krankenh\u00e4usern: Anpassung nach unten<\/a><br \/>\nJetzt wird unser Gesundheitssystem zerSpahnt: <span class='azc_bbc_italic'>&#8222;Die Deutsche Krankenhausgesellschaft (DKG) und der Spitzenverband der Krankenkassen (GKV) sind vom Bundesgesundheitsministerium damit beauftragt worden, verbindliche Personaluntergrenzen f\u00fcr &#8222;pflegesensitive Bereiche&#8220; in Krankenh\u00e4usern festzulegen. Nun zeichnet sich das von den Kritikern bef\u00fcrchtete Ergebnis &#8211; Personalbemessung nicht nach Bedarf, sondern strikt nach betriebswirtschaftlichen Gesichtspunkten &#8211; ab. Lediglich die im bundesweiten Vergleich am schlechtesten ausgestatteten Fachabteilungen sollen sich an das Niveau des unteren Zehntels anpassen m\u00fcssen.<\/p>\n<p>&#8222;Nur die allerschlimmsten Ausbr\u00fcche nach unten werden durch die Einf\u00fchrung solcher Untergrenzen behoben &#8211; und das noch nicht einmal sicher, da f\u00fcr die Einhaltung ein monatlicher Durchschnittswert gen\u00fcgen soll&#8220;, kritisiert Sylvia B\u00fchler vom Verdi-Bundesvorstand. Die Bundesrepublik liege bei der Personalausstattung der Krankenh\u00e4user bereits heute weit unter dem Niveau vergleichbarer Industriestaaten. Selbst Einrichtungen, die hierzulande zum Mittelfeld oder zur Spitze z\u00e4hlen, verf\u00fcgten im internationalen Vergleich \u00fcber zu wenig Personal. Doch durch die neuen Untergrenzen w\u00fcrde nun \u00fcber 75 Prozent der Krankenh\u00e4user bescheinigt, dass sie in den fraglichen Abteilungen eigentlich zu viel Personal besch\u00e4ftigen.&#8220;<\/span><\/p>\n<p>Dazu passt auch:<\/p>\n<p><a href='http:\/\/www.spiegel.de\/karriere\/aerzte-klagen-ueber-arbeitsbelastung-was-besser-werden-muss-a-1192268.html' class='azc_bbc_url'>Es muss erst jemand sterben, bevor sich das System \u00e4ndert<\/a><br \/>\nDas ehemalige Nachrichtenmagazin mit einem Bericht aus unserem marktwirtschaftlich ausgerichteten Gesundheitssystem von Deutschland. Ein weiteres Beispiel daf\u00fcr, dass es entweder eine menschenw\u00fcrdige Krankenversorgung, oder halt Kapitalismus geben kann &#8211; aber eben nicht beides.<\/p>\n<p><a href='https:\/\/www.daserste.de\/information\/wirtschaft-boerse\/plusminus\/sendung\/sr\/stuttgart-21-kosten-baumaengel-100.html' class='azc_bbc_url'>Stuttgart 21 Baum\u00e4ngel ohne Ende<\/a><br \/>\nDie ARD meldet: <span class='azc_bbc_italic'>&#8222;Auch jetzt w\u00e4re es noch sinnvoll, S21 zu stoppen, sagt Verkehrsplaner Martin Vieregg: &#8222;Aus reiner Kostensicht und Kosten-Nutzensicht ist es immer noch deutlich vorteilhafter auszusteigen. Dieser &#8222;point of no return&#8220;, wo man nichts mehr einspart, der ist noch zwei, drei Jahre in der Zukunft.&#8220; Nach Viereggs Berechnungen m\u00fcsste die Bahn f\u00fcr S21 jetzt noch 6,8 Milliarden Euro ausgegeben. Oberirdische Alternativmodelle w\u00fcrden maximal 2,5 Milliarden kosten. &#8222;Je nach Umstiegsvariante liegt man dann bei Einsparungen in der Gr\u00f6\u00dfenordnung von 4,3 bis 5,3 Milliarden Euro aus Sicht des Steuerzahlers.&#8220;<\/span><\/p>\n<p><a href='http:\/\/www.tagesschau.de\/inland\/mietpreisbremse-157.html' class='azc_bbc_url'>Drei Jahre Mietpreisbremse &#8211; weitestgehend wirkungslos<\/a><br \/>\nDie sogenannte Mietpreisbremse war NIEMALS f\u00fcr die B\u00fcrger gedacht. Sie war von Anfang an reine Propaganda, um die d\u00fcmmsten W\u00e4hler abfischen zu k\u00f6nnen. Deshalb hatte man auch genau die vielen &#8222;Schlupfl\u00f6cher&#8220; ins Gesetz gezimmert, die nun daf\u00fcr sorgen, dass die Mietpreisentwicklung weiterhin der Inflationsrate davongaloppieren kann. Zitat ARD: <span class='azc_bbc_italic'>&#8222;Seit 2010 stiegen sie laut Forschungsinstitut Empirica im Bundesdurchschnitt um 25 Prozent.&#8220;<\/span> Und ihr k\u00f6nnt ja auch mal eine Gehaltsabrechnung von 2010 rausholen, ob ihr heute 25 Prozent mehr bekommt <img class='azc_bbc_image' src='https:\/\/www.rume.de\/smilies\/sarkasm.gif'  \/><\/p>\n<p>Aber hey: F\u00fcr nochmal vier Jahre &#8222;Groko&#8220; hat sich diese Wahlpropaganda zum Dummeabfischen ja gereicht. Im Gegensatz zu mir \u00fcbersch\u00e4tzen CDU\/CSU und SPD die Intelligenz keinesfalls masslos. CDU\/CSU und SPD wissen ganz genau, dass bei den Deutschen ein paar Schaufensterparolen v\u00f6llig ausreichen. Deshalb wiederholen sie diese Masche auch direkt nochmal (Zitat): <span class='azc_bbc_italic'>&#8222;Nun will die Gro\u00dfe Koalition durch eine Versch\u00e4rfung der Mietpreisbremse Abhilfe schaffen. Ulrich Ropertz, Gesch\u00e4ftsf\u00fchrer des Deutschen Mieterbunds, sieht darin aber nur kleine Mosaiksteinchen, um die Situation der Mieter ein wenig zu verbessern. Es gibt auch weiterhin zu viele Ausnahmen, als dass sie wirklich wirkungsvoll sein k\u00f6nnte. Ein Grundproblem sieht er au\u00dferdem darin, dass es nach wie vor keine Sanktionen f\u00fcr Vermieter geben soll. Der Vermieter hat nichts zu bef\u00fcrchten, wenn er die gesetzliche Regelung umgeht.&#8220;<\/span><\/p>\n<p><a href='https:\/\/www.heise.de\/newsticker\/meldung\/Hightech-Uebernahmen-durch-China-IG-Metall-fordert-Gegenstrategie-4063837.html' class='azc_bbc_url'>Hightech-\u00dcbernahmen durch China: IG Metall fordert Gegenstrategie<\/a><br \/>\nDie Gegenstrategie ist doch schon l\u00e4ngst bekannt: <span class='azc_bbc_italic'>&#8222;\u00dcberf\u00fchrung von Schl\u00fcsselindustrien und anderen markt- und wirtschaftsbeherrschenden Unternehmungen in Gemeineigentum.&#8220;<\/span> Steht in der IG Metall Satzung an vierter Stelle.<\/p>\n<p>Aber hey: Ist halt nur Papier. Danach gearbeitet, geschweige denn \u00fcberhaupt dar\u00fcber offen geredet, wird innerhalb der IG Metall nat\u00fcrlich nie. Da herrscht Nationalismus und Standortsicherung zu Lasten der Arbeiter an anderen Werken. Fr\u00fcher nannte man das &#8222;Teile und Herrsche&#8220;. Heute nennt sich das &#8222;Tarifpartnerschaft&#8220;.<\/p>\n<p>Dazu passt auch:<\/p>\n<p><a href='http:\/\/www.wsws.org\/de\/articles\/2018\/06\/01\/opel-j01.html' class='azc_bbc_url'>Opel: IG Metall und Betriebsr\u00e4te stimmen Arbeitsplatzabbau und Lohnk\u00fcrzungen zu<\/a><br \/>\n<span class='azc_bbc_italic'>&#8222;Die IG Metall und die Betriebsr\u00e4te bei Opel haben in einem Eckpunktepapier die Vernichtung jedes f\u00fcnften Arbeitsplatzes in Deutschland und Lohnsenkungen vereinbart. 3700 der aktuell noch knapp 19.000 Stellen sollen \u00fcber Altersteilzeit, Vorruhestand und Abfindungen abgebaut werden. Rund 3500 Besch\u00e4ftigte sollen bereits die seit einigen Monaten angebotenen Vertr\u00e4ge zur Aufgabe ihres Jobs angenommen haben.<\/p>\n<p>Au\u00dferdem haben die IG Metall und Betriebsr\u00e4te deutliche Lohnsenkungen vereinbart. Die im Februar in der Metall- und Elektroindustrie vereinbarten Lohnerh\u00f6hungen werden f\u00fcr die Opelbesch\u00e4ftigten nicht ausgezahlt. Das eigentlich ab n\u00e4chstem Jahr auszuzahlende Zusatzentgelt f\u00fcr alle Besch\u00e4ftigten in H\u00f6he von 27,5 Prozent eines Monatseinkommens wird Opelarbeitern ebenfalls vorenthalten. Auch die ab April geltende Lohnerh\u00f6hung von 4,3 Prozent wird nicht gew\u00e4hrt, sie soll angeblich ab 2020 gezahlt werden.<\/p>\n<p>Details zu dem nun vereinbarten Eckpunktepapier sollen in konkreten Betriebsvereinbarungen und Tarifvertr\u00e4gen noch ausgehandelt werden. Es kann also durchaus sein, dass in den n\u00e4chsten Wochen und Monaten weitere unangenehme \u00dcberraschungen auf die Opelarbeiter zukommen. Im zentralen Ersatzteile-Lager in Bochum sprach der Betriebsrat vor einigen Wochen davon, Opel fordere den \u00dcbergang vom IGM-Tarif in den der Lager- und Logistikbranche, was nochmal mehrere Hundert Euro monatlich an Lohneinbu\u00dfen bedeuten w\u00fcrde.<\/p>\n<p>Mit dem Eckpunktepapier haben Gewerkschaft und Betriebsr\u00e4te fast eins zu eins die Forderungen des PSA-Chefs Carlos Tavares und des Opel-Chefs Michael Lohscheller unterschrieben.<\/p>\n<p>Als Erfolg preist die Gewerkschaft, dass sich PSA-Opel verpflichtet hat, den verbleibenden knapp 15.000 Besch\u00e4ftigten von Opel in Deutschland bis Juli 2023 nicht betriebsbedingt zu k\u00fcndigen. Doch bei Opel und in allen Gro\u00dfkonzernen, in denen die Gewerkschaften in den Aufsichtsr\u00e4ten und ihre Betriebsr\u00e4te als Co-Manager mit den Vorst\u00e4nden zusammenarbeiten, werden Arbeitspl\u00e4tze grunds\u00e4tzlich nicht mit betriebsbedingten K\u00fcndigungen abgebaut, sondern durch &#8222;Sanierungspl\u00e4ne&#8220;. Um nur ein Beispiel zu nennen: Im Bochumer Opelwerk sind alle einst \u00fcber 20.000 Arbeitspl\u00e4tze auf zuletzt 3000 Stellen ohne betriebsbedingte K\u00fcndigungen vernichtet worden. Im Dezember 2014 wurde das Werk dann endg\u00fcltig geschlossen.<\/p>\n<p>Die Behauptung, das Eckpunktepapier sichere f\u00fcr die n\u00e4chsten f\u00fcnf Jahre die Arbeitspl\u00e4tze bei Opel ist schlicht gelogen.&#8220;<\/span> <a href='http:\/\/www.wsws.org\/de\/articles\/2018\/06\/01\/opel-j01.html' class='azc_bbc_url'>Weiterlesen&#8230;<\/a><\/p>\n<p><a href='http:\/\/winfuture.de\/news,103484.html' class='azc_bbc_url'>Klage erfolglos: Samsung muss Updates nur f\u00fcr zwei Jahre garantieren<\/a><br \/>\nGeklagt wurde auf vier Jahre, was ich ebenfalls f\u00fcr zu wenig halte. Wie soll das denn bei all den neuen Autos funktionieren, wenn dann zwei Jahre sp\u00e4ter Sicherheitsl\u00fccken auftauchen, mit denen sich T\u00fcren \u00f6ffnen und\/oder sogar das gesamte Bordnetz \u00fcbernehmen l\u00e4sst?<\/p>\n<p>Wieder ein Urteil, welches die M\u00fcllhalden weiter auft\u00fcrmt. Aber gleichzeitig verbietet die EU Strohhalme <img class='azc_bbc_image' src='https:\/\/www.rume.de\/smilies\/clown.gif'  \/> Aber hey: Wir k\u00f6nnen halt entweder Umweltschutz oder Kapitalismus haben &#8211; aber nicht beides.<\/p>\n<p>Dazu passt auch:<\/p>\n<p><a href='http:\/\/www.titanic-magazin.de\/news\/gaertners-kritisches-sonntagsfruehstueck-es-ist-vorbei-9706' class='azc_bbc_url'>Es ist vorbei<\/a><br \/>\nStefan G\u00e4rtner <img class='azc_bbc_image' src='https:\/\/www.rume.de\/smilies\/nasiehste.gif'  \/><\/p>\n<p><a href='https:\/\/propagandaschau.wordpress.com\/2018\/05\/31\/ard-tagesthemen-caren-miosga-erklaert-die-ostukrainer-zu-besetzern-im-eigenen-land' class='azc_bbc_url'>ARD tagesthemen: Caren Miosga erkl\u00e4rt die Ostukrainer zu Besetzern im eigenen Land<\/a><br \/>\nJoah und die Bayern halten auch einen Teil Deutschlands besetzt. Und die Sachsen. Und die Hessen, die Pf\u00e4lzer, Th\u00fcringer, die Ostfriesen&#8230; <img class='azc_bbc_image' src='https:\/\/www.rume.de\/smilies\/clown.gif'  \/><\/p>\n<p><a href='https:\/\/www.jungewelt.de\/artikel\/333508.html' class='azc_bbc_url'>Mausrutscher in Br\u00fcssel<\/a><br \/>\nKlasse Tageskommentar, den ich eigentlich komplett zitieren m\u00fcsste <img class='azc_bbc_image' src='https:\/\/www.rume.de\/smilies\/verehr.gif'  \/><\/p>\n<p><a href='https:\/\/www.n-tv.de\/politik\/Kanzlerin-unterstuetzt-EU-Eingreiftruppe-article20461153.html' class='azc_bbc_url'>Kanzlerin Merkel unterst\u00fctzt EU-Eingreiftruppe<\/a><br \/>\nDer Sender n-tv meldet: <span class='azc_bbc_italic'>&#8222;Bundeskanzlerin Angela Merkel hat die Initiative f\u00fcr den Aufbau einer europ\u00e4ischen Eingreiftruppe aufgegriffen. Die von Macron ins Spiel gebrachte Einheit soll bei Krisen schnell einsetzbar sein.&#8220;<\/span><\/p>\n<p>Nun ja, die Bundesregierung hat es ja auch nicht einfach. Die Eins\u00e4tze der Bundeswehr m\u00fcssen im Bundestag debattiert und dar\u00fcber abgestimmt werden, was nur unn\u00f6tig schlechtes Ansehen verursacht. Nach wie vor sind zwei Drittel aller Deutschen klar gegen Kriegseins\u00e4tze der Bundeswehr im Ausland. Was also tun, um eine willk\u00fcrlich einsetzbare S\u00f6ldner-Armee f\u00fcr Auftragsmorde zu bekommen? Klare Sache: Eine EU-Eingreiftruppe!<\/p>\n<p>Die kann dann im Krisenfall jederzeit schnell und sauber eingreifen &#8211; beispielsweise wenn die W\u00e4hler eine Regierung w\u00e4hlen, die den Herrschenden nicht gef\u00e4llt. Oder wenn die B\u00fcrger in zu grosser Anzahl auf die Strasse gehen und protestieren. Ein paar gezielte Sch\u00fcsse auf die R\u00e4delsf\u00fchrer (Demo-Anmelder, unbequeme Regierende, usw.) und die EU-Einsatztruppe w\u00e4re jeden einzelnen Cent wert. Zumal die Bev\u00f6lkerung ihre eigene Unterdr\u00fcckung durch diese &#8222;EU-Eingreiftruppe&#8220; auch noch von ihrem eigenen Steuergeld bezahlen muss <img class='azc_bbc_image' src='https:\/\/www.rume.de\/smilies\/sarkasm.gif'  \/><\/p>\n<p>Wenn es schnell gehen muss, z\u00e4hlt eben jede Minute! Da darf man sich nicht mit Abstimmungen im Bundestag oder d\u00e4mlichen Grundrechten auf Versammlungsfreiheit vor Gericht ausbremsen lassen. Das haben die Herrschenden und ihre Polimarionetten (Merkel, Macron und Komplizen) schon ganz richtig erkannt.<\/p>\n<p>Dazu passt auch:<\/p>\n<p><a href='https:\/\/www.jungewelt.de\/artikel\/333415.html' class='azc_bbc_url'>Grundrechte-Report dokumentiert Merkmale autorit\u00e4rer Polizeistaaten<\/a><br \/>\nVielen scheint nicht klar zu sein, wie stark Freiheit und Demokratie von den aktuellen Polizeigesetzen angegriffen werden. Mit den Angstworten &#8222;Terrorismus&#8220; und &#8222;Kriminalit\u00e4t&#8220; l\u00e4sst sich nahezu alles begr\u00fcnden.<\/p>\n<span class='azc_bbc_italic'>&#8222;Es f\u00e4ngt an bei der \u00dcberwachung von Smartphones und Computern mittels Trojanereinsatz und reicht bis hin zu freiheitsbeschr\u00e4nkenden oder -entziehenden Ma\u00dfnahmen wie Kontakt- und Aufenthaltsverboten oder sogar Pr\u00e4ventivgewahrsam. Das hei\u00dft, die Polizei kann k\u00fcnftig Menschen auf der Basis einer Gefahrenprognose einsperren, ohne dass eine Straftat begangen wurde und ohne dass die Person sich in einem Gerichtsverfahren verteidigen kann.<\/p>\n<p>Klar ist, dass es f\u00fcr die Polizei deutlich einfacher w\u00fcrde, unliebsame Demonstrationsteilnehmerinnen und -teilnehmer durch Einstufung als \u00bbGef\u00e4hrder\u00ab zu kriminalisieren und von einer Demoteilnahme abzuhalten &#8211; zum Beispiel durch Hausarrest, der mittels Fu\u00dffessel \u00fcberwacht werden k\u00f6nnte. Der Versto\u00df dagegen w\u00e4re strafbar, selbst wenn die Ma\u00dfnahme im Nachhinein von einem Gericht als rechtswidrig eingestuft w\u00fcrde.&#8220;<\/span>\n<p>Dazu passt auch:<\/p>\n<p><a href='https:\/\/www.ndr.de\/nachrichten\/hamburg\/G20-Ausschuss-Schwere-Vorwuerfe-von-Anwohnern,gipfeltreffen804.html' class='azc_bbc_url'>G20-Ausschuss: Schwere Vorw\u00fcrfe von Anwohnern<\/a><br \/>\nDer NDR berichtet: <span class='azc_bbc_italic'>&#8222;Es sei zu zahlreichen \u00dcbergriffen von Polizisten auf Unbeteiligte gekommen. &#8222;So was als Einzelf\u00e4lle zu bezeichnen, ist absurd und ein Schlag ins Gesicht hier f\u00fcr uns alle&#8220;, sagte ein Anwohner unter dem st\u00fcrmischen Applaus der etwa 250 Zuh\u00f6rer. Viele \u00e4u\u00dferten zudem Kritik daran, dass die Anh\u00f6rung der B\u00fcrger erst jetzt stattfinde. Es wurde auch kritisiert, dass die Sitzung nicht im Rathaus stattfand.&#8220;<\/span><\/p>\n<p>Gegenfrage: Warum sollten sich die Regierenden denn die Kritik an der Polizeigewalt in ihrem Regierungsgeb\u00e4ude anh\u00f6ren sollen? Sie haben doch diese Eskalation der Gewalt politisch gewollt, um anschliessend jeden antikapitalistischen Protest diffamieren und kriminalisieren zu k\u00f6nnen. Die Herrschenden stehen doch nicht auf der Seite der B\u00fcrger! Wer bitte ist denn so naiv?<\/p>\n<p><a href='http:\/\/www.wsws.org\/de\/articles\/2018\/06\/04\/lafo-j04.html' class='azc_bbc_url'>Aufbruch nach rechts &#8211; die Sammelbewegung von Lafontaine und Wagenknecht<\/a><br \/>\nF\u00fcr Interessierte sicherlich lesenswert. Und es ist ja bekanntlich <a href='http:\/\/www.antifa-frankfurt.org\/Nachrichten\/eier_auf_lafontaine.html' class='azc_bbc_url'>nicht der erste Versuch von Lafontaine<\/a>, durchaus richtige Kapitalismuskritik mit rechter Programmatik zu verschmelzen. So lesen wir im &#8222;neuen&#8220; Aufruf f\u00fcr #fairLand beispielsweise (Zitat): <span class='azc_bbc_italic'>&#8222;Durch die vielen Fl\u00fcchtlinge seien \u00f6ffentliche Verwaltung, St\u00e4dte und Gemeinden \u00fcberfordert. Die sozialen Probleme w\u00fcrden dadurch versch\u00e4rft.&#8220;<\/span> Und man f\u00fchlt sich direkt erinnert an die Parole <span class='azc_bbc_italic'>&#8222;Sozial geht nur National&#8220;<\/span>, die von der NPD stammt.<\/p>\n<p>Aber so sieht das eben aus, wenn man den Kapitalismus national reformieren (statt abschaffen) will. Da marschiert man schnell auf einer rechtsabsch\u00fcssigen Strasse herum.<\/p>\n<p><a href='https:\/\/www.heise.de\/tp\/features\/Im-Zweifel-fuer-Menschen-in-Not-4062657.html' class='azc_bbc_url'>Im Zweifel f\u00fcr Menschen in Not<\/a><br \/>\nDie ehemalige Leiterin der Bremer BAMF verdient eine Auszeichnung wegen Zivilcourage. Denn es sei ihr um Menschen (!) statt um Zahlen gegangen. Sp\u00e4testens jetzt m\u00fcsste es eine \u00f6ffentliche Unterst\u00fctzung f\u00fcr Ulrike B. geben. Viel zu lange hat man in der Angelegenheit die Definitionsmacht \u00fcber das, was in der Bremer BAMF geschehen ist, Seehofer und der AfD \u00fcberlassen, f\u00fcr die jeder in Deutschland ankommende Fl\u00fcchtling schon fast ein Verbrechen ist. Warum gibt es keine Initiative aus der parlamentarischen oder au\u00dferparlamentarischen Linken, die Ulrike B. f\u00fcr ihre Zivilcourage w\u00fcrdigt, statt sich innerparteilich dar\u00fcber zu streiten, ob sie einen Untersuchungsausschuss zu den BAMF-Vorkommnissen unterst\u00fctzen soll?<\/p>\n<p><a href='https:\/\/www.golem.de\/news\/evening-standard-google-und-uber-sollen-fuer-positive-artikel-gezahlt-haben-1805-134696.html' class='azc_bbc_url'>Google und Uber sollen f\u00fcr positive Artikel gezahlt haben<\/a><br \/>\nGekaufte Jubelberichte in unserer hochseri\u00f6sen Qualit\u00e4tspresse? Das ist doch wohl UN-DENK-BAR <img class='azc_bbc_image' src='https:\/\/www.rume.de\/smilies\/sarkasm.gif'  \/><\/p>\n<p>Aber hey: Wenn man sieht, wie schnell aus vors\u00e4tzlicher Gesundheitsgef\u00e4hrdung aus reiner Profitgier (Dieselbetrug) ein &#8222;Schummeldiesel&#8220; wurde und aus millionenschweren Steuerhinterziehern kleine &#8222;S\u00fcnder&#8220;, der weiss ohnehin, wer in unserer Kaufpresse das Sagen hat.<\/p>\n<p><a href='http:\/\/www.nachdenkseiten.de\/?p=44188' class='azc_bbc_url'>Fragen zum Fall Skripal &#8211; Bundesregierung und Medien gehen auf Tauchstation<\/a><br \/>\n<span class='azc_bbc_italic'>&#8222;Die Aufregung war gro\u00df, als eine Gruppe von Abgeordneten der Linkspartei am 9. April eine kleine Anfrage an die Bundesregierung richtete, deren Fragen zum Teil identisch mit den 64 Fragen der russischen Regierung waren, \u00fcber die die NachDenkSeiten wenige Tage zuvor berichtet hatten. Der Tagesspiegel kanzelte die kritischen Abgeordneten sogleich als &#8222;Russlands Stimme im Bundestag&#8220; ab, SPIEGEL Online fantasierte gar in alter Kalter-Krieg-Rhetorik etwas von &#8222;Putins Bollwerk in Berlin&#8220;. Wieder einmal hatten die Kollegen ihren Beruf falsch verstanden und verteidigten die Regierung in vorauseilendem Gehorsam und schrillen T\u00f6nen gegen kritische Fragen, anstatt diese Fragen selbst zu stellen.&#8220;<\/span><\/p>\n<p>Ab wann nochmal genau spricht man von Staatspresse?<\/p>\n<p><a href='https:\/\/www.heise.de\/newsticker\/meldung\/NetzDG-Kaum-Beschwerden-ueber-mangelhafte-Loeschung-4062743.html' class='azc_bbc_url'>NetzDG: Kaum Beschwerden \u00fcber mangelhafte L\u00f6schung<\/a><br \/>\nEin Bericht, der auch aus China stammen k\u00f6nnte. Denn Beschwerden \u00fcber eine mangelhafte Zensur d\u00fcrfte es dort auch kaum geben <img class='azc_bbc_image' src='https:\/\/www.rume.de\/smilies\/sarkasm.gif'  \/><\/p>\n<p>Und kleiner Bonuslacher am Rande (Zitat): <span class='azc_bbc_italic'>&#8222;SPD-Netzpolitikerin Saskia Esken sagte der Neuen Berliner Redaktionsgesellschaft, dass es kaum Berichte \u00fcber Falschl\u00f6schungen gebe, lege nahe, dass die sozialen Netzwerke verantwortungsvoll mit ihrer Aufgabe umgehen.&#8220;<\/span><\/p>\n<p>Ach, tats\u00e4chlich? Mir ist da <a href='https:\/\/facebook-sperre.steinhoefel.de' class='azc_bbc_url'>ganz anderes bekannt (klick)<\/a>. Aber hey: Ich bin ja auch kein Netzpolitiker der Erneuerungspartei <img class='azc_bbc_image' src='https:\/\/www.rume.de\/smilies\/sarkasm.gif'  \/><\/p>\n<p>Und zu guter Letzt:<\/p>\n<p><a href='http:\/\/tomicek.de\/images\/tomicek_bw\/18_05_31_Dieselfahrverbot_Hamburg_f.jpg' class='azc_bbc_url'>Hamburger Dieselfahrverbot<\/a><br \/>\n<img class='azc_bbc_image' src='https:\/\/www.rume.de\/smilies\/nasiehste.gif'  \/><\/p>\n","protected":false},"excerpt":{"rendered":"<p>\/ Jobcenter strich Hartz IV bei \u00fcber 34.000 Menschen komplett \/ Jeder zehnte Arbeitslosengeld-Empf\u00e4nger muss mit Hartz IV aufstocken \/ Paketzustellung in Berlin: Lastenrad statt Laster \/ Personaluntergrenzen in den Krankenh\u00e4usern: Anpassung nach unten \/ Es muss erst jemand sterben, bevor sich das System \u00e4ndert \/ Stuttgart 21 Baum\u00e4ngel ohne Ende \/ Drei Jahre Mietpreisbremse &hellip; <a href=\"https:\/\/www.rume.de\/?p=663\" class=\"more-link\"><span class=\"screen-reader-text\">\u201eAufgelesen und kommentiert 2018-06-04\u201c <\/span>weiterlesen<\/a><\/p>\n","protected":false},"author":1,"featured_media":0,"comment_status":"open","ping_status":"closed","sticky":false,"template":"","format":"standard","meta":{"footnotes":""},"categories":[2],"tags":[],"class_list":["post-663","post","type-post","status-publish","format-standard","hentry","category-aufgelesen"],"_links":{"self":[{"href":"https:\/\/www.rume.de\/index.php?rest_route=\/wp\/v2\/posts\/663","targetHints":{"allow":["GET"]}}],"collection":[{"href":"https:\/\/www.rume.de\/index.php?rest_route=\/wp\/v2\/posts"}],"about":[{"href":"https:\/\/www.rume.de\/index.php?rest_route=\/wp\/v2\/types\/post"}],"author":[{"embeddable":true,"href":"https:\/\/www.rume.de\/index.php?rest_route=\/wp\/v2\/users\/1"}],"replies":[{"embeddable":true,"href":"https:\/\/www.rume.de\/index.php?rest_route=%2Fwp%2Fv2%2Fcomments&post=663"}],"version-history":[{"count":1,"href":"https:\/\/www.rume.de\/index.php?rest_route=\/wp\/v2\/posts\/663\/revisions"}],"predecessor-version":[{"id":664,"href":"https:\/\/www.rume.de\/index.php?rest_route=\/wp\/v2\/posts\/663\/revisions\/664"}],"wp:attachment":[{"href":"https:\/\/www.rume.de\/index.php?rest_route=%2Fwp%2Fv2%2Fmedia&parent=663"}],"wp:term":[{"taxonomy":"category","embeddable":true,"href":"https:\/\/www.rume.de\/index.php?rest_route=%2Fwp%2Fv2%2Fcategories&post=663"},{"taxonomy":"post_tag","embeddable":true,"href":"https:\/\/www.rume.de\/index.php?rest_route=%2Fwp%2Fv2%2Ftags&post=663"}],"curies":[{"name":"wp","href":"https:\/\/api.w.org\/{rel}","templated":true}]}}