{"id":624,"date":"2018-05-14T21:56:16","date_gmt":"2018-05-14T19:56:16","guid":{"rendered":"http:\/\/rume.katti.eu\/?p=624"},"modified":"2018-05-24T16:02:06","modified_gmt":"2018-05-24T14:02:06","slug":"aufgelesen-und-kommentiert-2018-05-14","status":"publish","type":"post","link":"https:\/\/www.rume.de\/?p=624","title":{"rendered":"Aufgelesen und kommentiert 2018-05-14"},"content":{"rendered":"<p>\/ Mietkosten: Hartz-IV-Opfer zahlen j\u00e4hrlich 650 Mio Euro drauf<br \/>\n\/ Hartz IV: Wenig Klagen? BA betr\u00fcgt wieder mal<br \/>\n\/ So krank macht der Job als Paketbote<br \/>\n\/ DIE LINKE deckt auf: Stundenlohn unter 12,63 Euro bedeutet Grundsicherung<br \/>\n\/ Clements Schlichterspruch: 5,7 Prozent \u00fcber 26 Monate f\u00fcr Bauarbeiter<br \/>\n\/ Opel-Arbeiter w\u00fctend: &#8222;IG Metall und Betriebsrat verteidigen uns nicht&#8220;<br \/>\n\/ DGB mit Agenda 2010-Architekt als Partner<br \/>\n\/ Parteispenden: 100.000 Euro Schmiergeld f\u00fcr die SPD<br \/>\n\/ Thomas Fischer \u00fcber Karl Marx, Abtreibungsparagraph und Gewalt<br \/>\n\/ GR\u00dcNE und Schulbau: &#8222;Das hat mit Privatisierung nichts zu tun&#8220;<br \/>\n\/ Rot-Rot-Gr\u00fcne Schulprivatisierung: &#8222;Wenn der Profit regiert, wird Bildung zweitrangig&#8220;<br \/>\n\/ Chirurgiebesteck sterilisieren: Mehr als Schrubben<br \/>\n\/ Andrej Holm: &#8222;Ein roter Teppich f\u00fcr jeden Investor&#8220;<br \/>\n\/ Nitrate im Grundwasser: Nur Malta hat h\u00f6here Werte<br \/>\n\/ R\u00fcstungsexporte unter Schwarz-Rot massiv gestiegen<br \/>\n\/ Presseblick (72)<br \/>\n\/ Mehr als 1.000.000 Menschen feiern in Moskau das Weltkriegsende<br \/>\n\/ Wahlen im Irak: ZDF in Sorge um US-Einfluss<br \/>\n\/ Irak-Krieg: F\u00fcr die ARD nur &#8222;der Sturz Saddam Husseins&#8220;<br \/>\n\/ Bundesregierung: Beim NetzDG an L\u00e4ndern wie China und Iran orientiert<br \/>\n\/ Wie die Koalition eine furchtbare AfD-Forderung erf\u00fcllte<br \/>\n\/ Bild, Die Welt, focus.de: Klickfischen am rechten Rand<br \/>\n\/ Ellwanger Asyl-Anwalt massiv unter Beschuss<br \/>\n\/ Kurz und dreckig 59<br \/>\n\/ 40.000 demonstrieren gegen Polizeigesetz in M\u00fcnchen<br \/>\n\/ Hajo Seppelt in Russland unerw\u00fcnscht<\/p>\n<p>&#8212;<\/p>\n<p><!--more--><\/p>\n<p><a href='https:\/\/www.jungewelt.de\/artikel\/332372.html' class='azc_bbc_url'>Mietkosten: Hartz-IV-Opfer zahlen j\u00e4hrlich 650 Mio Euro drauf<\/a><br \/>\nEs ist l\u00e4ngst real in Deutschland: Wer auf Hartz IV angewiesen ist, findet oft keine passende Bleibe mehr. Der Grund: Viel zu niedrig angesetzte Obergrenzen f\u00fcr die \u00bbKosten der Unterkunft\u00ab, die jede Kommune f\u00fcr sich selbst festlegt. So m\u00fcssen Betroffene einen Teil der Wohnkosten aus ihren mickrigen Regels\u00e4tzen bestreiten, die eigentlich f\u00fcr andere existentielle Grundbed\u00fcrfnisse wie Essen, Kleidung, Strom und Mobilit\u00e4t vorgesehen sind. W\u00e4hrend der Bund f\u00fcr die Regelleistungen aufkommt, sind die St\u00e4dte und Gemeinden f\u00fcr die Miete zust\u00e4ndig. \u00bbUnd dort wird gespart auf Kosten der \u00c4rmsten\u00ab, konstatierte Sozialrechtsanwalt Dirk Feiertag gegen\u00fcber dem MDR.<\/p>\n<p>Das Problem existiert nicht erst seit Neuestem. Anfang 2015 lag der Anteil nicht \u00fcbernommener Wohnkosten \u00e4hnlich hoch.<\/p>\n<p><a href='https:\/\/www.freitag.de\/autoren\/fhp-freie-hartz-iv-presse\/hartz-iv-wenig-klagen-ba-betruegt-wieder-mal' class='azc_bbc_url'>Hartz IV: Wenig Klagen? BA betr\u00fcgt wieder mal<\/a><br \/>\nDer Trick f\u00fcr die angeblich &#8222;gesunkenen Klagen&#8220; und &#8222;nur wenigen Sanktionen&#8220; ist: Die Bundesagentur bezieht sich nur auf die 303 gemeinsamen Einrichtungen &#8211; und l\u00e4sst die Daten der 105 Jobcenter, die als zugelassene kommunalen Tr\u00e4ger agieren, aus ihrer Statistik entfernen. Wenn diese dazugerechnet werden, sehen die Daten ganz anders aus. Und das ist noch nicht mal die mieseste Masche der Bundesagentur.<\/p>\n<p><a href='https:\/\/www.wiwo.de\/unternehmen\/dienstleister\/deutsche-post-so-krank-macht-der-job-als-paketbote-wirklich\/21262456.html' class='azc_bbc_url'>So krank macht der Job als Paketbote<\/a><br \/>\nDie Wirtschaftswoche berichtet: <span class='azc_bbc_italic'>&#8222;In einer Studie aus dem vergangenen Jahr vergleichen die Krankenkassen ihre Daten \u00fcber Krankheitstage, Medikamenteneinnahme und auch Krankenhausaufenthalte von verschiedenen Berufsgruppen. Demnach nehmen die Besch\u00e4ftigten der Postdienste in allen Kategorien Spitzenpl\u00e4tze ein. 30,6 Krankheitstage sammelten die Zusteller und Zustellerinnen im vergangenen Jahr im Durchschnitt an. Deutschlandweit lag der Durchschnitt der Versicherten bei den Berufskrankenkassen nur bei 17,4 Fehltagen.<\/p>\n<p>Die Deutsche Post will ihre Zusteller nur entfristen, wenn die weniger als zehn Krankheitstage im Jahr sammeln.&#8220;<\/span><\/p>\n<p><a href='https:\/\/www.n-tv.de\/politik\/So-hoch-muesste-der-Mindestlohn-sein-article20429853.html' class='azc_bbc_url'>DIE LINKE deckt auf: Stundenlohn unter 12,63 Euro bedeutet Grundsicherung<\/a><br \/>\nDer Sender n-tv berichtet: <span class='azc_bbc_italic'>&#8222;Berechnungen der Bundesregierung zufolge m\u00fcsste der Mindestlohn massiv angehoben werden, damit Betroffene im Alter eine Rente oberhalb der Grundsicherung bekommen. Um dies bei einer w\u00f6chentlichen Arbeitszeit von 38,5 Stunden \u00fcber 45 Jahre versicherungspflichtiger Besch\u00e4ftigung hinweg zu erreichen, w\u00e4re aktuell rechnerisch ein Stundenlohn von 12,63 Euro erforderlich, wie aus einer Antwort des Bundesarbeitsministeriums auf eine Anfrage von DIE LINKE hervorgeht.&#8220;<\/span><\/p>\n<p>Der derzeitige Mindestlohn liegt bei 8,84 Euro.<br \/>\nFast vier Euro zu wenig.<br \/>\nBeziehungsweise um fast die H\u00e4lfte (!) zu niedrig.<\/p>\n<p>Und was sagt die regierende SPD dazu, die schliesslich auch den zust\u00e4ndigen Arbeits- und Sozialminister stellt? Zitat: <span class='azc_bbc_italic'>&#8222;Diese Betrachtung vernachl\u00e4ssige jedoch die zus\u00e4tzliche Altersvorsorge, mit der eine deutlich h\u00f6here Gesamtversorgung erzielt werden k\u00f6nne, erkl\u00e4rte das Bundesarbeitsministerium von Hubertus Heil (SPD).&#8220;<\/span><\/p>\n<p>Seht ihr: Die sollen sich mal nicht so anstellen mit ihrem Minilohn, denn wenn sie nur ordentlich riestern, dann landen sie sp\u00e4ter auch nicht in der Altersarmut.<\/p>\n<p>Das muss diese SPD-Erneuerung sein, \u00fcber die sie st\u00e4ndig reden <img class='azc_bbc_image' src='https:\/\/www.rume.de\/smilies\/sarkasm.gif'  \/><\/p>\n<p><a href='http:\/\/www.spiegel.de\/wirtschaft\/unternehmen\/bauarbeiter-sollen-deutlich-mehr-geld-kriegen-wolfgang-clements-schlichterspruch-a-1207405.html' class='azc_bbc_url'>Clements Schlichterspruch: 5,7 Prozent \u00fcber 26 Monate f\u00fcr Bauarbeiter<\/a><br \/>\nUmgerechnet auf 12 Monate sind das 2,6 Prozent plus die eine oder andere Einmalzahlung. Ein offener Schlag ins Gesicht, wenn ihr mich fragt. Die IG BAU sieht das aber anders. <span class='azc_bbc_italic'>&#8222;Der beste Tarifabschluss in Deutschland in diesem Jahr&#8220;<\/span>, so der Gewerkschaftsbonze Dietmar Sch\u00e4fers.<\/p>\n<p>F\u00fcr wen genau dieser Tarifabschluss &#8222;der Beste&#8220; ist, muss er ja nicht dazusagen <img class='azc_bbc_image' src='https:\/\/www.rume.de\/smilies\/sarkasm.gif'  \/><\/p>\n<p>Dazu passt auch:<\/p>\n<p><a href='https:\/\/www.wsws.org\/de\/articles\/2018\/05\/10\/opel-m10.html' class='azc_bbc_url'>Opel-Arbeiter w\u00fctend: &#8222;IG Metall und Betriebsrat verteidigen uns nicht&#8220;<\/a><br \/>\n<span class='azc_bbc_italic'>&#8222;Die Angriffe auf die Opel-Arbeiter nehmen zu. Der PSA-Konzern, die Opel-Direktion und die Gewerkschaften arbeiten eng zusammen und setzen die Rationalisierungspl\u00e4ne r\u00fccksichtslos durch. F\u00fcr die Arbeiter bedeutet das: Stellenstreichungen, Werksschlie\u00dfungen, Kurzarbeit, Lohnverzicht und eine gnadenlose Versch\u00e4rfung der Arbeitshetze, um j\u00e4hrlich bis zu 1,7 Milliarden Euro einzusparen. Zum Jahresanfang gab es noch etwa 700 Leiharbeiter in R\u00fcsselsheim, aber von ihnen ist nur noch etwa ein Drittel im Werk.<\/p>\n<p>Djihan, ein Leiharbeiter in R\u00fcsselsheim, sagte: &#8222;Wir haben jeden Tag Angst, dass auch wir die K\u00fcndigung bekommen.&#8220; Er arbeitet schon seit drei Jahren bei Opel als Leiharbeiter, ohne dass man ihm einen festen Vertrag angeboten h\u00e4tte. Tats\u00e4chlich m\u00fcssten Djihan und viele andere Leiharbeiter l\u00e4ngst zur Opel-Belegschaft geh\u00f6ren. Laut dem neuen Arbeitnehmer\u00fcberlassungsgesetz (A\u00dcG) von 2017 d\u00fcrfen Leiharbeiter nur noch maximal 18 Monate in einem Betrieb arbeiten. Wir trafen gleich mehrere Kollegen, die schon deutlich l\u00e4nger bei Opel besch\u00e4ftigt sind und doch nicht \u00fcbernommen worden sind. Zu \u00d6ffnungsklauseln und betrieblichen Ausnahmen, die einen solchen Missbrauch m\u00f6glich machen, hat der Betriebsrat Ja und Amen gesagt.&#8220;<\/span> <a href='https:\/\/www.wsws.org\/de\/articles\/2018\/05\/10\/opel-m10.html' class='azc_bbc_url'>Weiterlesen&#8230;<\/a><\/p>\n<p>Dazu passt auch:<\/p>\n<p><a href='https:\/\/www.jungewelt.de\/artikel\/332391.html' class='azc_bbc_url'>DGB mit Agenda 2010-Architekt als Partner<\/a><br \/>\nKeine Satire: Der DGB wirbt auf seinem Bundeskongress mit Frank-Walter Steinmeier (SPD) f\u00fcr Kampf gegen soziale Unsicherheit.<\/p>\n<p>In weiteren Meldungen: CDU wirbt mit Sepp Blatter f\u00fcr Kampf gegen Korruption ++++ Volkswagen wirbt mit Hartmut Mehdorn f\u00fcr ehrliches Unternehmertum ++++ FDP wirbt mit Uli Hoene\u00df f\u00fcr Steuersenkungen ++++ Bankenlobby wirbt mit Carsten Maschmeyer f\u00fcr soziale Altersvorsorge ++++ \u00d6ffentlich-Rechtliche werben mit NATO-Lobbyisten f\u00fcr kritischen Journalismus ++++ <\/p>\n<p><a href='https:\/\/www.bundestag.de\/parlament\/praesidium\/parteienfinanzierung\/fundstellen50000\/2018' class='azc_bbc_url'>Parteispenden: 100.000 Euro Schmiergeld f\u00fcr die SPD<\/a><br \/>\nF\u00fcr ihr energisches und lautstarkes Stillhalten rund um Fahrverbote und den Diesel-Betrug kassiert die SPD satte 100.000 Euro Belohnung aus der Automobilbranche.<\/p>\n<p>Die beste Demokratie, die man sich kaufen kann.<\/p>\n<p><a href='http:\/\/www.spiegel.de\/panorama\/thomas-fischer-zu-karl-marx-219a-gewalt-a-1207274.html' class='azc_bbc_url'>Thomas Fischer \u00fcber Karl Marx, Abtreibungsparagraph und Gewalt<\/a><br \/>\nDer Typ schreibt sooo l\u00e4ssig <img class='azc_bbc_image' src='https:\/\/www.rume.de\/smilies\/verehr.gif'  \/><\/p>\n<p><a href='https:\/\/www.gemeingut.org\/gruene-und-schulbau-das-hat-mit-privatisierung-nichts-zu-tun' class='azc_bbc_url'>GR\u00dcNE und Schulbau: &#8222;Das hat mit Privatisierung nichts zu tun&#8220;<\/a><br \/>\nDie GR\u00dcNEN im Berliner Abgeordnetenhaus haben sich in der Frage der Schulprivatisierung bisher weggeduckt und der GR\u00dcNE Justizsenator Behrendt beantwortet seit \u00fcber acht Monaten konsequent keine einzige Anfrage. \u00dcberraschend haben sich die GR\u00dcNEN nun doch ge\u00e4ussert &#8211; und argumentieren nicht besser als DIE LINKEN, die diese Schulprivatisierung gegen jeden Widerstand durchdr\u00fccken wollen.<\/p>\n<p>Dazu passt auch:<\/p>\n<p><a href='http:\/\/www.berliner-woche.de\/mitte\/politik\/wenn-das-privatrecht-in-den-schulen-regiert-ist-bildung-zweitrangig-d154690.html' class='azc_bbc_url'>Rot-Rot-Gr\u00fcne Schulprivatisierung: &#8222;Wenn der Profit regiert, wird Bildung zweitrangig&#8220;<\/a><br \/>\nDie Berliner Woche schreibt: <span class='azc_bbc_italic'>&#8222;Um profitabel zu bleiben muss eine GmbH ein gewisses Quantum an Gewinnen erzielen. Da die Bezirke das Hausrecht verlieren, hat die Howoge auf dem Schulgel\u00e4nde das Sagen und damit die M\u00f6glichkeiten dazu. Ob sie nun die W\u00e4nde als Werbefl\u00e4chen an McDonalds, Bundeswehr und Co. vermietet oder au\u00dferhalb des Unterrichts zahlkr\u00e4ftige Au\u00dfenstehende in die R\u00e4umlichkeiten l\u00e4sst, steht ihr frei. Sportvereine werden die Sporthallen vermutlich auch nicht mehr umsonst nutzen d\u00fcrfen. Das Hauptproblem ist, dass unsere Schulen einem gewinnorientierten Markt \u00fcbergeben werden. Wenn das Privatrecht in den Schulen regiert, dann ist Bildung zweitrangig.<\/p>\n<p>Vergleichbares l\u00e4sst sich ja heute schon in vielen Krankenh\u00e4usern beobachten. Stichwort: Pflegenotstand. Der Klinikbetreiber &#8222;Vivantes&#8220; ist ein Wirtschaftsunternehmen und die wirtschaftlichen Interessen haben absolute Priorit\u00e4t, Patienten stehen da an zweiter Stelle. Genauso wird es bei den Schulen auch sein.&#8220;<\/span><\/p>\n<p>Dazu passt auch:<\/p>\n<p><a href='https:\/\/www.freitag.de\/autoren\/der-freitag\/mehr-als-schrubben' class='azc_bbc_url'>Chirurgiebesteck sterilisieren: Mehr als Schrubben<\/a><br \/>\nFalls die Phantasie nicht ausreicht, was Privatisierungen anrichten, der kann sich exemplarisch diesen Bericht im FREITAG durchlesen. Als kurzer Vorgeschmack auf LINKE Regierungsarbeit nur so viel: <span class='azc_bbc_italic'>&#8222;Ein rot-roter Senat hatte die Privatisierung der Krankenh\u00e4user um 2006 vorangetrieben. &#8222;Sparen, bis es quietscht&#8220;, hie\u00df es unter dem damaligen B\u00fcrgermeister Klaus Wowereit (SPD). Allein die Klinikkette Vivantes hat heute 17 Tochterunternehmen &#8211; alle zum Zweck der Tarifflucht gegr\u00fcndet.&#8220;<\/span> <a href='https:\/\/www.freitag.de\/autoren\/der-freitag\/mehr-als-schrubben' class='azc_bbc_url'>Weiterlesen&#8230;<\/a><\/p>\n<p>Dazu passt auch:<\/p>\n<p><a href='https:\/\/www.berliner-zeitung.de\/berlin\/andrej-holm&#8211;ein-roter-teppich-fuer-jeden-investor&#8211;30134090' class='azc_bbc_url'>Andrej Holm: &#8222;Ein roter Teppich f\u00fcr jeden Investor&#8220;<\/a><br \/>\nIn Berlin f\u00fchren SPD, GR\u00dcNE und LINKE derzeit nicht nur <a href='https:\/\/www.gemeingut.org\/gib-infobrief-altes-oepp-in-neuen-schlaeuchen' class='azc_bbc_url'>die Privatisierung unserer Schulen<\/a> durch, sondern verschachern auch lukrative Grundst\u00fccke steuerfrei (!) an Immobilienhaie und Finanzspekulatoren. Aber das geh\u00f6rt wohl dazu, wenn man sich als LINKE den Titel &#8222;regierungsf\u00e4hig&#8220; verschaffen m\u00f6chte <img class='azc_bbc_image' src='https:\/\/www.rume.de\/smilies\/sarkasm.gif'  \/><\/p>\n<p><a href='http:\/\/www.tagesschau.de\/inland\/grundwasser-101.html' class='azc_bbc_url'>Nitrate im Grundwasser: Nur Malta hat h\u00f6here Werte<\/a><br \/>\nKonsequenzen? Nat\u00fcrlich keine. Schliesslich leben wir im Kapitalismus und f\u00fcr &#8222;die Wirtschaft&#8220; wird alles untergeordnet, so lange man nicht an Ort und Stelle tot umf\u00e4llt. Und zu viel Nitrat dauert halt ein wenig, <a href='https:\/\/de.wikipedia.org\/wiki\/Nitrate#Nitrate_in_Trinkwasser' class='azc_bbc_url'>bis man davon Krebs bekommt<\/a>. So wie beim Feinstaub und Stickoxid, wo die Regierenden auch alles zugunsten der Wirtschaft so hindrehen, damit deren Profite erhalten bleiben, w\u00e4hrend wir weiterhin mit Giftgas eingenebelt werden.<\/p>\n<p><a href='https:\/\/www.linksfraktion.de\/presse\/pressemitteilungen\/detail\/ruestungsexporte-unter-schwarz-rot-massiv-gestiegen' class='azc_bbc_url'>R\u00fcstungsexporte unter Schwarz-Rot massiv gestiegen<\/a><br \/>\n<span class='azc_bbc_italic'>&#8222;Die Zahlen des Wirtschaftsministeriums sprechen eine klare Sprache: Der Gesamtwert der tats\u00e4chlichen Ausfuhren ist unter Schwarz-Rot um ein Viertel von 6,6 auf 8,6 Milliarden Euro gestiegen. Der Anteil der Exporte in Krisenl\u00e4nder wie Algerien, Katar, \u00c4gypten, Saudi-Arabien oder die Vereinigten Arabischen Emirate erh\u00f6hte sich im Vergleichszeitraum von 43,2 auf 83,5 Prozent.<\/p>\n<p>Die schwarz-rote Bundesregierung t\u00e4uscht die \u00d6ffentlichkeit, wenn sie weiterhin viele R\u00fcstungsexporte auf die Vorg\u00e4ngerregierung schiebt und gleichzeitig selbst den Gesamtwert der Einzelgenehmigungen von 4,4 auf 8,5 Milliarden Euro fast verdoppelt. Der Export von Kriegswaffen in Spannungsregionen f\u00fchrt zu Menschenrechtsverletzungen und schafft immer neue Fluchtursachen. Dieser Wahnsinn muss gestoppt werden. Ein gesetzliches Verbot von Waffenexporten ist \u00fcberf\u00e4llig.&#8220;<\/span><\/p>\n<p>Die typische Ausrede, warum man Waffenexporte nicht komplett verbieten sollte, kennt ihr alle: Wenn wir die Waffen nicht liefern, liefert sie jemand anders. Aber das ist keine Begr\u00fcndung, sondern ein Eingest\u00e4ndnis. Denn mit demselben Satz k\u00f6nnte man auch Folter, Kinderarbeit und Sklaverei &#8222;begr\u00fcnden&#8220;.<\/p>\n<p><a href='http:\/\/www.zeitgeistlos.de\/zgblog\/2018\/presseblick-72' class='azc_bbc_url'>Presseblick (72)<\/a><br \/>\nUnter anderem, wie man unterscheiden kann zwischen NATO-Pressestelle und Journalismus <img class='azc_bbc_image' src='https:\/\/www.rume.de\/smilies\/nasiehste.gif'  \/><\/p>\n<p>Weitere Beispiele:<\/p>\n<p><a href='https:\/\/propagandaschau.wordpress.com\/2018\/05\/10\/von-ard-und-zdf-unterdrueckt-mehr-als-1-000-000-menschen-feiern-in-moskau-das-weltkriegsende' class='azc_bbc_url'>Mehr als 1.000.000 Menschen feiern in Moskau das Weltkriegsende<\/a><br \/>\nDie ARD Tagesschau zeigt aber nicht etwa die mehr als 1 Million feiernden Menschen auf offener Strasse, sondern stattdessen nur russische Panzer und Milit\u00e4r. Und das ZDF berichtet in seinen &#8222;Nachrichten&#8220; vorsichtshalber gleich gar nicht.<\/p>\n<p>Weiteres Beispiel:<\/p>\n<p><a href='https:\/\/propagandaschau.wordpress.com\/2018\/05\/14\/gack-und-kleber-sorgen-sich-um-us-einfluss-im-irak' class='azc_bbc_url'>Wahlen im Irak: ZDF in Sorge um US-Einfluss<\/a><br \/>\nDie Iraker k\u00f6nnten n\u00e4mlich &#8222;etwas Falsches&#8220; w\u00e4hlen <img class='azc_bbc_image' src='https:\/\/www.rume.de\/smilies\/sarkasm.gif'  \/><\/p>\n<p>Weiteres Beispiel:<\/p>\n<p><a href='https:\/\/propagandaschau.wordpress.com\/2018\/05\/14\/fuer-die-ard-tagesschau-war-der-ueberfall-der-usa-auf-den-irak-2003-nur-der-sturz-saddam-husseins' class='azc_bbc_url'>Irak-Krieg: F\u00fcr die ARD nur &#8222;der Sturz Saddam Husseins&#8220;<\/a><br \/>\nDer v\u00f6lkerrechtswidrige Angriffskrieg der USA mit hunderttausend unschuldiger Todesopfer ist f\u00fcr die ARD Tagesschau nur noch &#8222;der Sturz von Saddam Hussein&#8220; &#8211; und nicht etwa eines der gr\u00f6ssten (und nie bestraften!) Kriegsverbrechen der letzten 15 Jahre.<\/p>\n<p><a href='https:\/\/netzpolitik.org\/2018\/bundesregierung-beim-netzdg-forderungen-aus-iran-und-china-entsprochen' class='azc_bbc_url'>Bundesregierung: Beim NetzDG an L\u00e4ndern wie China und Iran orientiert<\/a><br \/>\nUnd das behauptet nicht irgendeine linke Klitsche, sondern best\u00e4tig die Bundesregierung sogar per Brief an die Organisation &#8222;Reporter Ohne Grenzen&#8220;. Das nur mal so am Rande, welche Art von &#8222;Demokratie&#8220; CDU\/CSU und SPD ganz offiziell als Vorbild (!) f\u00fcr ihre Zensurgesetze hernehmen.<\/p>\n<p><a href='http:\/\/www.sueddeutsche.de\/politik\/integration-wie-die-koalition-aus-ignoranz-eine-furchtbare-afd-forderung-erfuellt-1.3967614' class='azc_bbc_url'>Wie die Koalition eine furchtbare AfD-Forderung erf\u00fcllte<\/a><br \/>\nTja und da fragt man sich: Was haben CDU\/CSU und SPD denn gemacht, als sie eine AfD-Forderung erf\u00fcllte?<\/p>\n<p>&#8211; unmenschliche Abschiebungen sogar in Kriegsgebiete?<br \/>\n&#8211; Konzentrationslager an den EU-Aussengrenzen?<br \/>\n&#8211; quasimilit\u00e4rische Abriegelung der Grenze?<br \/>\n&#8211; und dann lachend beim Massenmord im Mittelmeer zuschauen?<\/p>\n<p>Nun ja, auch das wird alles mehr oder weniger von der AfD gefordert, ist f\u00fcr unsere Qualit\u00e4tsjournaille aber &#8222;nicht so schlimm&#8220;. Rassismus ist im Kapitalismus eben systembedingt &#8211; dar\u00fcber darf man sich nicht gross auslassen, um nicht aus Versehen auch noch das System an sich in Frage zu stellen.<\/p>\n<p>Nein, wirklich schlimm ist nur, dass in der Bundesregierung kein einziger Migrant mehr sitzt. Bei Union und SPD regiert n\u00e4mlich nur noch die arische Herrenrasse. Sogar die seit 17 Jahren von der Politik rundum-versorgte letzte Vorzeigequote der SPD, die T\u00fcrkin Aydan \u00d6zoguz, wurde im Februar 2018 gegen eine weisse deutsche Frau von der CDU ausgetauscht.<\/p>\n<p>DAS nennt die S\u00fcddeutsche Zeitung &#8222;furchtbar&#8220;. Na wenn die sonst keine Probleme haben&#8230;<\/p>\n<p><a href='http:\/\/www.bildblog.de\/98315\/how-to-klickfischen-am-rechten-rand' class='azc_bbc_url'>Bild, Die Welt, focus.de: Klickfischen am rechten Rand<\/a><br \/>\n<span class='azc_bbc_italic'>&#8222;Sie wollen ein Medium mit riesiger Reichweite werden? Sie wollen geklickt werden? Sie wollen saum\u00e4\u00dfig viel Asche machen? Dann brauchen Sie eigentlich nur: Ausl\u00e4nder! Ausl\u00e4nder funktionieren besser als Br\u00fcste, Fu\u00dfball und Tiere zusammen. Da kommen die Likes und Shares und Werbeeinnahmen ganz von alleine, garantiert! Es gibt nur eine einfache Regel:<\/p>\n<p>Nur bestimmte Ausl\u00e4nder sind schlimme Ausl\u00e4nder<\/p>\n<p>Skandinavier zum Beispiel sind okay, Briten und Amerikaner auch, Niederl\u00e4nder eigentlich auch. Im Grunde sind alle in Ordnung, die keine Moslems sind. Und keine zu dunkle Hautfarbe haben. Wenn also, sagen wir, eine japanische Hochzeitsgesellschaft irgendwo Randale macht, ist Ihnen das keine Schlagzeile wert. Dasselbe bei einer t\u00fcrkischen Hochzeitsgesellschaft geh\u00f6rt allerdings auf Seite 1.<\/p>\n<p>Noch dazu: \u00dcbertreiben Sie, wo Sie nur k\u00f6nnen. Unterschlagen Sie Fakten. Scheissen Sie konsequent auf journalistische Standards &#8211; und die Klicks der Rassisten und Fremdenfeinde (plus Werbeeinnahmen) sind Ihnen gewiss.&#8220;<\/span><\/p>\n<p><a href='https:\/\/www.stuttgarter-zeitung.de\/inhalt.ellwanger-asylanwalt-unter-beschuss-anti-abschiebe-industrie-in-der-betreffzeile.f487f2e4-8842-46b9-a0f8-1d8df9d4fb33.html' class='azc_bbc_url'>Ellwanger Asyl-Anwalt massiv unter Beschuss<\/a><br \/>\nDer Rechtsanwalt des 23-j\u00e4hrigen Togoers aus Ellwangen lebt in Angst: Als Teil der <a href='https:\/\/www.welt.de\/politik\/deutschland\/article176325592\/Anti-Abschiebe-Industrie-Anwaltverein-kritisiert-Dobrindt-Axt-an-Grundsatz-des-Rechtsstaats.html' class='azc_bbc_url'>angeblichen &#8222;Anti-Abschiebe-Industrie&#8220;<\/a> ist er ins Visier des rechten Volkszorns geraten: 3000 bis 4000 emp\u00f6rte und teilweise hasserf\u00fcllte E-Mails verstopfen t\u00e4glich seinen Account.<\/p>\n<p><a href='https:\/\/schrottpresse.org\/15184-2' class='azc_bbc_url'>Kurz und dreckig 59<\/a><br \/>\nAllein der erste Absatz \u00fcber den SPIEGEL und Dobrindts &#8222;Abschiebe-Industrie&#8220; ist ein LESEBEFEHL <img class='azc_bbc_image' src='https:\/\/www.rume.de\/smilies\/verehr.gif'  \/><\/p>\n<p><a href='http:\/\/www.wsws.org\/de\/articles\/2018\/05\/14\/poli-m14.html' class='azc_bbc_url'>40.000 demonstrieren gegen Polizeigesetz in M\u00fcnchen<\/a><br \/>\nLustigerweise haben sich auch SPD, GR\u00dcNE, LINKE und sogar die FDP mit unter die Demonstrierenden gemischt &#8211; in der Hoffnung auch W\u00e4hlerstimmen in Bayern. Dabei sind es genau diese &#8222;Oppositionsparteien&#8220;, die nahezu den identischen Polizeistaat nach bayerischen &#8222;Vorbild&#8220; fordern. Nur eben in den Bundesl\u00e4ndern, in denen sie mitregieren.<\/p>\n<span class='azc_bbc_italic'>&#8222;Das bayerische Polizeigesetz (PAG) wurde unter Federf\u00fchrung des fr\u00fcheren Ministerpr\u00e4sidenten Horst Seehofer (CSU) ausgearbeitet, der in der gro\u00dfen Koalition im Bund inzwischen das Innen- und Heimatministerium f\u00fchrt. Es vergeht kein Tag, an dem er nicht auch in Berlin den &#8222;starken Staat&#8220; propagiert. Dabei hat er die volle Unterst\u00fctzung der SPD. In Sachsen, wo die SPD gemeinsam mit der CDU regiert, liegt der Entwurf eines Polizeigesetzes, welcheas dem bayrischen bis ins Detail gleicht, bereits vor. Und auch in Nordrhein-Westfalen, wo ein B\u00fcndnis von CDU und FDP die Landesregierung f\u00fchrt, gibt es einen \u00e4hnlichen Entwurf.&#8220;<\/span>\n<p>Und wer nach den LINKEN fragt: Diese arbeitet (aktuell) vielleicht an keinem Polizeigesetz, aber kennt irgendjemand eine Landesregierung, die auf Druck der LINKEN auch nur eine einzige Grundrechtsbeschneidung der Vorg\u00e4ngerregierung wieder zur\u00fcckdrehte? Nur eine einzige Nennung reicht mir schon. Ich selber habe nichts gefunden. Wie die Rohrspatzen schimpfen \u00fcber die Polizeistaat-Gesetze, das k\u00f6nnen sie. Aber dann, wenn sie (mit-)regieren, nimmt man diese Herrschaftsinstrumente nur allzu gerne selber in die Hand, um die eigene unsoziale Regierungsarbeit durchzusetzen.<\/p>\n<p>Und zu guter Letzt:<\/p>\n<p><a href='http:\/\/www.harm-bengen.de\/toonpool\/2018%2005%2013%20Hajo_Seppelt-FARBE.jpg' class='azc_bbc_url'>Hajo Seppelt in Russland unerw\u00fcnscht<\/a><br \/>\n<img class='azc_bbc_image' src='https:\/\/www.rume.de\/smilies\/nasiehste.gif'  \/><\/p>\n","protected":false},"excerpt":{"rendered":"<p>\/ Mietkosten: Hartz-IV-Opfer zahlen j\u00e4hrlich 650 Mio Euro drauf \/ Hartz IV: Wenig Klagen? BA betr\u00fcgt wieder mal \/ So krank macht der Job als Paketbote \/ DIE LINKE deckt auf: Stundenlohn unter 12,63 Euro bedeutet Grundsicherung \/ Clements Schlichterspruch: 5,7 Prozent \u00fcber 26 Monate f\u00fcr Bauarbeiter \/ Opel-Arbeiter w\u00fctend: &#8222;IG Metall und Betriebsrat verteidigen &hellip; <a href=\"https:\/\/www.rume.de\/?p=624\" class=\"more-link\"><span class=\"screen-reader-text\">\u201eAufgelesen und kommentiert 2018-05-14\u201c <\/span>weiterlesen<\/a><\/p>\n","protected":false},"author":1,"featured_media":0,"comment_status":"open","ping_status":"closed","sticky":false,"template":"","format":"standard","meta":{"footnotes":""},"categories":[2],"tags":[],"class_list":["post-624","post","type-post","status-publish","format-standard","hentry","category-aufgelesen"],"_links":{"self":[{"href":"https:\/\/www.rume.de\/index.php?rest_route=\/wp\/v2\/posts\/624","targetHints":{"allow":["GET"]}}],"collection":[{"href":"https:\/\/www.rume.de\/index.php?rest_route=\/wp\/v2\/posts"}],"about":[{"href":"https:\/\/www.rume.de\/index.php?rest_route=\/wp\/v2\/types\/post"}],"author":[{"embeddable":true,"href":"https:\/\/www.rume.de\/index.php?rest_route=\/wp\/v2\/users\/1"}],"replies":[{"embeddable":true,"href":"https:\/\/www.rume.de\/index.php?rest_route=%2Fwp%2Fv2%2Fcomments&post=624"}],"version-history":[{"count":3,"href":"https:\/\/www.rume.de\/index.php?rest_route=\/wp\/v2\/posts\/624\/revisions"}],"predecessor-version":[{"id":643,"href":"https:\/\/www.rume.de\/index.php?rest_route=\/wp\/v2\/posts\/624\/revisions\/643"}],"wp:attachment":[{"href":"https:\/\/www.rume.de\/index.php?rest_route=%2Fwp%2Fv2%2Fmedia&parent=624"}],"wp:term":[{"taxonomy":"category","embeddable":true,"href":"https:\/\/www.rume.de\/index.php?rest_route=%2Fwp%2Fv2%2Fcategories&post=624"},{"taxonomy":"post_tag","embeddable":true,"href":"https:\/\/www.rume.de\/index.php?rest_route=%2Fwp%2Fv2%2Ftags&post=624"}],"curies":[{"name":"wp","href":"https:\/\/api.w.org\/{rel}","templated":true}]}}