{"id":619,"date":"2018-05-09T23:28:48","date_gmt":"2018-05-09T21:28:48","guid":{"rendered":"http:\/\/rume.katti.eu\/?p=619"},"modified":"2018-05-10T05:00:36","modified_gmt":"2018-05-10T03:00:36","slug":"aufgelesen-und-kommentiert-2018-05-09","status":"publish","type":"post","link":"https:\/\/www.rume.de\/?p=619","title":{"rendered":"Aufgelesen und kommentiert 2018-05-09"},"content":{"rendered":"<p>\/ Hartz-IV trotz Vollzeitjob: Wenn Arbeit zu Armut f\u00fchrt<br \/>\n\/ Arbeitslosenquote: Diese Zahl bewegt Deutschland<br \/>\n\/ Rotlicht: Bundesagentur f\u00fcr Arbeit<br \/>\n\/ Befristet Besch\u00e4ftigte der Deutschen Post: SPD greift durch<br \/>\n\/ Wolfgang Clement soll schlichten<br \/>\n\/ In Bayern und Preu\u00dfen gab es schon 1920 Abschiebelager f\u00fcr Fl\u00fcchtlinge<br \/>\n\/ Die Ellwangen-Hysterie<br \/>\n\/ Widerstand gegen Abschiebung ist legitim<br \/>\n\/ Wieder drei Erden konsumiert<br \/>\n\/ Trotz Hetzrede: H\u00f6cke darf in der AfD bleiben<br \/>\n\/ Trotz V\u00f6lkerrechtsbr\u00fcche in Serie: Neue Kriegs-U-Boote f\u00fcr T\u00fcrkei<br \/>\n\/ Polizeigesetz: Wenn FDP und DKP gemeinsam demonstrieren<br \/>\n\/ CDU, SPD und GR\u00dcNE wollen Sperrklausel bei Europawahl<br \/>\n\/ Trump l\u00e4sst Atomdeal mit dem Iran platzen<br \/>\n\/ Ex-Finanzbeamter Hanno Berger bleibt frei<br \/>\n\/ Neuer Vorstandschef Diess: VW muss anst\u00e4ndiger werden<br \/>\n\/ Neuer Betrugsverdacht: Audi-Produktion gestoppt<br \/>\n\/ Musterfeststellungsklage: Keine Wende im Verbraucherschutz<br \/>\n\/ Der besorgte B\u00fcrger und die Kriminalstatistik<\/p>\n<p>&#8212;<\/p>\n<p><!--more--><\/p>\n<p><a href='https:\/\/www.stern.de\/wirtschaft\/job\/hartz-iv-trotz-vollzeitjob&#8211;wenn-arbeit-zu-armut-fuehrt-7969538.html' class='azc_bbc_url'>Hartz-IV trotz Vollzeitjob: Wenn Arbeit zu Armut f\u00fchrt<\/a><br \/>\nWann nochmal genau diskutieren wir endlich \u00fcber eine gesellschaftliche Mindestteilhabe?<\/p>\n<p>Dazu passt auch:<\/p>\n<p><a href='https:\/\/www.zeit.de\/2017\/14\/arbeitslosenquote-zahlen-bundesagentur-arbeit-kritik' class='azc_bbc_url'>Arbeitslosenquote: Diese Zahl bewegt Deutschland<\/a><br \/>\nDIE ZEIT berichtet: <span class='azc_bbc_italic'>&#8222;Kommenden Freitag, abends um acht, wird das Volk wieder belogen. Wie jeden Monat wird die Tagesschau die Zahl der Arbeitslosen melden. Es d\u00fcrfte eine Zahl irgendwo bei 2,7 Millionen sein. Doch diese Zahl ist falsch. Manipuliert. Gesch\u00f6nt. Die Linkspartei verbreitet auf einer eigenen Internetseite jeden Monat die &#8222;tats\u00e4chliche Arbeitslosigkeit&#8220;. Danach waren im Februar nicht 2,76 Millionen Menschen arbeitslos, wie offiziell gemeldet, sondern 3,74 &#8211; also rund eine Million mehr. Im Internet kursieren noch h\u00f6here Zahlen. Aber was stimmt?&#8220;<\/span><\/p>\n<p>Also mal unter uns gesagt: Ist das nicht v\u00f6llig egal?<\/p>\n<p>Wie lange wird jetzt schon \u00fcber Arbeitslosenzahlen und sozialversicherungspflichtige Besch\u00e4ftigung diskutiert? Obwohl beide Zahlen letztlich gar nichts dar\u00fcber aussagen, was tats\u00e4chlich im Land los ist! Arbeitslosenzahlen kann man frisieren bis zum geht nicht mehr. Und &#8222;sozialversicherungspflichtig&#8220; ist alles ab 450 Euro im Monat. Davon bekommt man meist nicht mal eine ordentliche Mietwohnung.<\/p>\n<p>Das einzige, was interessiert, ist doch: Wie viele existenzsichernde (!) Arbeitspl\u00e4tze gibt es, bei denen man nicht mehr vom Amt und diversen Zusch\u00fcssen abh\u00e4ngig ist (Stichwort: Gute Arbeit). Und wie ergeht es denjenigen, die keinen existenzsichernden Arbeitsplatz finden?<\/p>\n<p>Gibt es eigentlich Fakten dar\u00fcber, wie sich die Zahl der existenzsichernden (!) Arbeitspl\u00e4tze entwickelt hat? Man liest zwar viel \u00fcber Niedrigl\u00f6hne und Zweitjobs, aber so richtig erkennen kann man nicht, wie sich existenzsichernde Arbeitsstellen OHNE aufstockende Zuzahlungen (Mietkostenzuschuss, Wohngeld, Heizkostenzuschuss, usw.) entwickelt haben.<\/p>\n<p>Nur wer sich als Regierung f\u00fcrs Kapital zust\u00e4ndig f\u00fchlt, der pr\u00fcgelt so viele Menschen wie m\u00f6glich in immer mehr Minijobs, um dann &#8222;gesunkene Arbeitslosenzahlen&#8220; bejubeln zu k\u00f6nnen. Wer sich als Regierung aber f\u00fcr die Menschen (!) zust\u00e4ndig f\u00fchlt, sorgt f\u00fcr so viele existenzsichernde (!) Arbeitspl\u00e4tze wie m\u00f6glich &#8211; und f\u00fcr eine gesellschaftliche Mindestteilhabe f\u00fcr all diejenigen, die keine haben.<\/p>\n<p>Dazu passt auch:<\/p>\n<p><a href='https:\/\/www.jungewelt.de\/artikel\/332206.html' class='azc_bbc_url'>Rotlicht: Bundesagentur f\u00fcr Arbeit<\/a><br \/>\n<span class='azc_bbc_italic'>&#8222;Monat f\u00fcr Monat der gleiche Jubel: immer weniger Arbeitslose. Aber: Viele der \u00bbKunden\u00ab der BA, die vor 15 Jahren noch als arbeitslos gegolten h\u00e4tten, finden sich heute dank geschickter Trickserei nicht mehr darin wieder: \u00dcber 58j\u00e4hrige, vor\u00fcbergehend krank Gemeldete, in diversen Ma\u00dfnahmen \u00bbGeparkte\u00ab, Ein-Euro-Jobber, aufstockende Teilzeitbesch\u00e4ftigte, sogenannte Soloselbst\u00e4ndige und Menschen, die Kleinkinder erziehen oder Angeh\u00f6rige pflegen, fielen nach und nach heraus. Manche gelten als \u00bbarbeitsmarktfern\u00ab, andere als \u00bbunterbesch\u00e4ftigt\u00ab. Tats\u00e4chlich verwaltet die Bundesagentur Daten von mehr als f\u00fcnf Millionen Erwachsenen.<\/p>\n<p>Die Bundesagentur f\u00fcr Arbeit verkommt zur Verk\u00fcnderin der frohen Botschaft: Jeder, der wolle, finde heute seinen Ausbeuter, Verzeihung: \u00bbArbeitgeber\u00ab. Es seien so viele Stellen wie nie im Angebot, hei\u00dft es. \u00dcber deren Qualit\u00e4t gibt nur ein genauer Blick in die von der BA frisierte Statistik Auskunft: Von den mehr als 750.000 offenen Stellen, die aktuell propagiert werden, sind rund ein Drittel Teilzeit- oder Minijobs, viele davon befristet. Und fast die H\u00e4lfte der \u00fcbrigen sind in der Leiharbeitsbranche zu finden.&#8220;<\/span> <a href='https:\/\/www.jungewelt.de\/artikel\/332206.html' class='azc_bbc_url'>Weiterlesen&#8230;<\/a><\/p>\n<p><a href='http:\/\/www.sueddeutsche.de\/wirtschaft\/deutsche-post-ploetzlich-sind-die-befristungen-politisch-1.3970513' class='azc_bbc_url'>Befristet Besch\u00e4ftigte der Deutschen Post: SPD greift durch<\/a><br \/>\nUnd wie knallhart greift die SPD nun durch, um das asoziale Verhalten bei der Post zu bestrafen, die ihre Besch\u00e4ftigten bei &#8222;zu vielen&#8220; Krankheitstagen feuert?<\/p>\n<p>Die S\u00fcddeutsche schreibt: <span class='azc_bbc_italic'>&#8222;Bundesfinanzminister Olaf Scholz (SPD) k\u00fcndigte an, dass der Bund bei all seinen Beh\u00f6rden und Folgebeh\u00f6rden die Zahl der sachgrundlos befristeten Besch\u00e4ftigungsverh\u00e4ltnisse pr\u00fcfen werde. Au\u00dferdem sollten die Befristungsquoten gesenkt werden.&#8220;<\/span><\/p>\n<p>Seht ihr: Das ist doch mal knallhartes Durchgreifen <img class='azc_bbc_image' src='https:\/\/www.rume.de\/smilies\/sarkasm.gif'  \/><\/p>\n<p>Aber das ist bestimmt diese SPD-Erneuerung, \u00fcber die sie st\u00e4ndig reden.<\/p>\n<p><a href='https:\/\/www.taz.de\/!5500789' class='azc_bbc_url'>Wolfgang Clement soll schlichten<\/a><br \/>\nWolfgang Clement war Bundesarbeitsminister der SPD, der Arbeitslose als &#8222;Parasiten&#8220; und &#8222;Schmarotzer&#8220; bezeichnete, die \u00fcblen Leiharbeits-Gesetze verbrochen hat, unter denen wir heute noch leiden &#8211; und nach der darauffolgenden Wahlniederlage lachend Chef einer Leiharbeitsfirma und Lobbyist der Arbeitgeberverb\u00e4nde wurde.<\/p>\n<p>Ein echter Sozialdemokrat eben.<\/p>\n<p><a href='https:\/\/www.freitag.de\/autoren\/der-freitag\/1920-wie-gehabt' class='azc_bbc_url'>In Bayern und Preu\u00dfen gab es schon 1920 Abschiebelager f\u00fcr Fl\u00fcchtlinge<\/a><br \/>\nDer FREITAG berichtet: <span class='azc_bbc_italic'>&#8222;Bayern will Abschiebelager f\u00fcr Fl\u00fcchtlinge errichten und die SPD h\u00e4lt den Vorschlag der CSU f\u00fcr bedenkenswert und k\u00f6nnte ihm folgen. Dieses auf dem ersten Blick irritierende Verhalten der SPD entspricht einer gewissen sozialdemokratischen Tradition. SPD-Politiker haben schon zu Zeiten der Weimarer Republik nach bayrischem Vorbild &#8222;Abschiebelager&#8220; f\u00fcr Fl\u00fcchtlinge aus Osteuropa errichtet. Der damalige Innenminister Carl Severing (SPD) ordnete am 1. Juni 1920 an, alle &#8222;lichtscheuen Elemente&#8220; und all jene, die &#8222;in dem dringenden Verdacht einer strafbaren Handlung&#8220; st\u00fcnden, unverz\u00fcglich abzuschieben. Offensichtlich hoffte Severing, durch dieses rechtlich \u00e4u\u00dferst fragw\u00fcrdige Vorgehen den Rassisten den Wind aus den Segeln zu nehmen. Wie sich erweisen sollte, eine tr\u00fcgerische Hoffnung &#8211; damals wie heute.<\/p>\n<p>Denn einer damals noch ganz kleinen und auf Bayern beschr\u00e4nkten Partei war das alles nicht genug. Die NSDAP bestand in ihrem Parteiprogramm vom 25. Februar 1920 darauf, dass alle &#8222;Nicht-Deutschen, die seit dem 2. August 1914 in Deutschland eingewandert sind, sofort zum Verlassen des Reichs gezwungen werden&#8220;. Das Ansinnen der bayrischen Nazis war der bayrischen Regierung Befehl. Sie ordnete im April 1920 die sofortige Ausweisung aller in den Freistaat eingewanderten Juden an. Bevor sie Bayern verlassen mussten, wurden die Vertriebenen noch in ein Lager &#8211; genauer ein &#8222;Konzentrationslager&#8220; &#8211; eingewiesen, das sich in Ingolstadt befand. Eben dort, wo heutige bayrische Politiker ihr Abschiebelager f\u00fcr Fl\u00fcchtlinge aus dem &#8222;Westbalkan&#8220; errichten wollen.<\/p>\n<p>Preu\u00dfische Sozialdemokraten folgten dem bayrischen Beispiel ab Anfang 1921 und errichteten auch in ihrem Freistaat &#8222;Konzentrationslager&#8220; &#8211; eines davon befand sich in Cottbus-Sielow, das andere in Stargard (Pommern).&#8220;<\/span> <a href='https:\/\/www.freitag.de\/autoren\/der-freitag\/1920-wie-gehabt' class='azc_bbc_url'>Weiterlesen&#8230;<\/a><\/p>\n<p>Tja Leute: Falls ihr euch fragt, warum denn die SPD mit Polizeistaatmethoden gegen Fl\u00fcchtlinge vorgeht, brutale Abschiebungen durchkn\u00fcppelt und auch die Abschiebelager im neuen Koalitionsvertrag verankerten, der findet hier die L\u00f6sung: Fl\u00fcchtlingshetze und -terrorisierung hat sozialdemokratische Tradition!<\/p>\n<p>Dazu passt auch der weitere Text (Zitat): <span class='azc_bbc_italic'>&#8222;Nachzutragen w\u00e4re noch, dass diese ersten Konzentrationslager auf deutschem Boden erst Ende 1923 aufgel\u00f6st worden sind. Jedoch kam es dazu erst nach und wegen der Anfrage eines kommunistischen Abgeordneten im Preu\u00dfischen Landtag. Der f\u00fcr die Errichtung der preu\u00dfischen Konzentrationslager verantwortliche Carl Severing (SPD) gab im Dezember 1923 ziemlich widerwillig die Schlie\u00dfung des &#8222;Konzentrationslagers in Cottbus-Sielow&#8220; bekannt, das &#8211; wie der Minister betonte &#8211; &#8222;seit langem besteht und zur Aufnahme jener Ausl\u00e4nder dient, die abgeschoben werden sollen, aber aus mehreren Gr\u00fcnden nicht abgeschoben werden k\u00f6nnen&#8220;.<\/span><\/p>\n<p>Wie sich die Spr\u00fcche von damals doch mit den heutigen gleichen, gell? Aus der Geschichte lernt man eben &#8211; oder man ist Deutscher.<\/p>\n<p><a href='https:\/\/www.kontextwochenzeitung.de\/politik\/371\/die-ellwangen-hysterie-5078.html' class='azc_bbc_url'>Die Ellwangen-Hysterie<\/a><br \/>\nL E S E B E F E H L !!<\/p>\n<p><a href='https:\/\/www.freitag.de\/autoren\/elsa-koester\/widerstand-gegen-abschiebung-ist-legitim' class='azc_bbc_url'>Widerstand gegen Abschiebung ist legitim<\/a><br \/>\nSehr lesenswertes weil schlagfertiges Interview mit dem Schriftsteller Leonhard F. Seidl.<\/p>\n<p><a href='https:\/\/www.freitag.de\/autoren\/der-freitag\/wieder-drei-erden-konsumiert' class='azc_bbc_url'>Wieder drei Erden konsumiert<\/a><br \/>\n<span class='azc_bbc_italic'>&#8222;Haben Sie am 2. Mai die Gabel fallen lassen? Denn gemessen an seinem Anteil an der Weltbev\u00f6lkerung hat der Durchschnittsdeutsche an genau diesem Tag die Menge an Ressourcen verbraucht, die die Erde innerhalb eines Jahres regenerieren kann. Das berechnete das &#8222;Global Footprint Network&#8220;. Oder anders ausgedr\u00fcckt: Wir werden dieses Jahr &#8211; wie schon in den Jahren zuvor &#8211; drei Erden verbrauchen.<\/p>\n<p>Das passt nat\u00fcrlich nicht zu unserem Selbstbild. Wir feiern unsere Klimakanzlerin und die Energiewende, werden aber die f\u00fcr 2020 gesteckten Klimaziele nicht erreichen. Wir nennen uns nun alle Flexitarier, essen mit 59 Kilogramm pro Kopf aber immer noch genauso viel Fleisch wie vor zehn Jahren. Wir kaufen \u00fcberwiegend Bio, der Anteil \u00f6kologischer Landwirtschaft liegt trotzdem nur bei rund sieben Prozent. Wir nehmen so oft es geht das Fahrrad, fliegen aber so viel wie nie.<\/p>\n<p>Das k\u00f6nnen wir, weil wir selbst den Schaden nicht zu sp\u00fcren bekommen, den wir anrichten. F\u00fcr uns war ja noch Kuchen da.&#8220;<\/span> <a href='https:\/\/www.freitag.de\/autoren\/der-freitag\/wieder-drei-erden-konsumiert' class='azc_bbc_url'>Weiterlesen&#8230;<\/a><\/p>\n<p>Und Dank CDU\/CSU\/SPD\/FDP\/GR\u00dcNE\/LINKE, die allesamt die AfD-Politik der Abschiebungen, Internierungen und Abschottungen durchsetzen, setzen wir den Menschen, die <a href='https:\/\/pfohlmann.de\/wp-content\/uploads\/2018\/05\/1852AErdueberlastungstag.jpg' class='azc_bbc_url'>vor den Folgen unseres Lebenswandels<\/a> fliehen m\u00fcssen, auch noch unsere geballte Menschenverachtung entgegen. Damals wie heute. Aus der Geschichte lernt man eben &#8211; oder man ist Deutscher.<\/p>\n<p><a href='http:\/\/www.spiegel.de\/politik\/deutschland\/bjoern-hoecke-thueringer-landeschef-darf-in-der-afd-bleiben-a-1207018.html' class='azc_bbc_url'>Trotz Hetzrede: H\u00f6cke darf in der AfD bleiben<\/a><br \/>\nBernd H\u00f6cke hat &#8222;nicht gegen die Parteisatzung versto\u00dfen&#8220; und muss als Denkmal der Schande in der AfD bleiben. Vertreter der AfD begr\u00fcssten diese Entscheidung. <a href='https:\/\/unfugbilder.tumblr.com\/post\/173737025693' class='azc_bbc_url'>&#8220;H\u00f6cke ist ein unverzichtbarer Bestandteil der AfD&#8220;<\/a>.<\/p>\n<p>Aber wartet: Der tats\u00e4chliche Lacher im Bericht steht weiter unten, wo sich die SPD dar\u00fcber aufregt, solch einen Typen wie H\u00f6cke weiterhin in der Partei zu halten. Gut gebr\u00fcllt, aber <a href='https:\/\/www.zeit.de\/politik\/deutschland\/2011-04\/sarrazin-spd-ausschluss' class='azc_bbc_url'>wie war das denn damals bei Thilo Sarrazin?<\/a><\/p>\n<p><a href='https:\/\/www.tagesschau.de\/inland\/ruestungsdeal-uboote-tuerkei-101.html' class='azc_bbc_url'>Trotz V\u00f6lkerrechtsbr\u00fcche in Serie: Neue Kriegs-U-Boote f\u00fcr T\u00fcrkei<\/a><br \/>\nDie ARD schreibt: <span class='azc_bbc_italic'>&#8222;Scharm\u00fctzel im griechischen Grenzgebiet, der Einmarsch in Syrien: Die T\u00fcrkei bricht laut Experten V\u00f6lkerrecht. Trotzdem liefert das deutsche Unternehmen ThyssenKrupp Marine Systems (TKMS) U-Boote an die t\u00fcrkische Marine. Diese aus Deutschland exportierten Kriegswaffen sind als Jagd-U-Boote nahezu perfekt als Offensiv-Waffen f\u00fcr die t\u00fcrkische Aggressionspolitik im Mittelmeer geeignet. Es liegt auf der Hand, dass die T\u00fcrkei plant, diese Offensiv-Waffe unter Bruch des V\u00f6lkerrechts gegen Griechenland oder auch Zypern einzusetzen.&#8220;<\/span><\/p>\n<p>Kapitalismus eben. Profit vor Menschenleben, Frieden und V\u00f6lkerrecht.<\/p>\n<p><a href='https:\/\/www.freitag.de\/autoren\/martina-mescher\/wer-hat-angst-vor-der-polizei' class='azc_bbc_url'>Polizeigesetz: Wenn FDP und DKP gemeinsam demonstrieren<\/a><br \/>\n<span class='azc_bbc_italic'>&#8222;Seit Wochen formiert sich in Bayern der Widerstand gegen das neue Polizeiaufgabengesetz (PAG), das Juristen als das schlimmste seit 1945 bezeichnen. Mit dem neuen Gesetz, dass die CSU am 15. Mai durch den Landtag boxen will, wird die Polizei ohne konkreten Verdacht (!) Personen durchsuchen k\u00f6nnen, ihre Telefone abh\u00f6ren &#8211; bis hin zur unbegrenzten Festnahme.<\/p>\n<p>Der M\u00fcnchner Strafrechtler Hartmut W\u00e4chtler hat im Gesetzentwurf zudem &#8222;zahlreiche existenzvernichtende Ma\u00dfnahmen&#8220; gefunden, wie er als Sachverst\u00e4ndiger bei einer Expertenanh\u00f6rung im Landtag schilderte. Dabei geht es nicht nur um die Pr\u00e4ventivhaft, die ohne das Vorliegen einer Straftat verh\u00e4ngt werden kann, sondern auch um den drohenden Wohnungsverlust, wenn Mietzahlungen nach einer Sperrung der Bankkonten nicht mehr geleistet werden k\u00f6nnen. Oder um das Risiko, den Job zu verlieren, wenn Pendlern untersagt wird, ihren Landkreis zu verlassen. Das neue Gesetz sieht n\u00e4mlich ebenfalls vor, dass die Polizei f\u00fcr sogenannte &#8222;Gef\u00e4hrder&#8220; Aufenthaltsverbote und -gebote verh\u00e4ngen kann.<\/p>\n<p>Ein anderer Grund f\u00fcr die Aufmerksamkeit ist dem Umstand geschuldet, dass Horst Seehofer, unter dessen \u00c4gide als Ministerpr\u00e4sident das Gesetz erarbeitet wurde, inzwischen Bundesinnenminister ist. Seehofer hat nun ein neues Musterpolizeigesetz nach bayerischem Vorbild angek\u00fcndigt. Drohen also bald \u00fcberall bayerische Verh\u00e4ltnisse? Wirft man einen Blick auf andere Bundesl\u00e4nder, die zurzeit die Befugnisse ihrer Polizei neu regeln, ist diese Sorge nicht allzu weit hergeholt.<\/p>\n<p>In Niedersachsen plant die rot-schwarze Landesregierung, sogenannte &#8222;Gef\u00e4hrder&#8220; f\u00fcr 74 Tage pr\u00e4ventiv in Haft zu nehmen. SPD-Innenminister Boris Pistorius pr\u00e4sentierte Pl\u00e4ne f\u00fcr Fu\u00dffesseln, Telekommunikations\u00fcberwachung und Online-Durchsuchungen. In Nordrhein-Westfalen will Schwarz-Gelb Fu\u00dffesseln und Elektroschockpistolen einf\u00fchren. Der sogenannte Unterbindungsgewahrsam f\u00fcr terroristische Gef\u00e4hrder soll von derzeit 48 Stunden auf einen Monat ausgedehnt werden. Auch in Nordrhein-Westfalen beschr\u00e4nkt man sich bei den aktuellen Pl\u00e4nen zur Versch\u00e4rfung des Polizeirechts keinesfalls auf die Terrorismusbek\u00e4mpfung. Und auch in Sachsen will die schwarz-rote Landesregierung Spezialeineinheiten der Polizei k\u00fcnftig mit Maschinengewehren und Handgranaten aufr\u00fcsten.&#8220;<\/span><\/p>\n<p>Tja Leute: Angesichts der <a href='https:\/\/www.rubikon.news\/artikel\/der-militarisierungs-wahn' class='azc_bbc_url'>Verdoppelung des Milit\u00e4r-Etats<\/a> bei gleichzeitiger &#8222;Schwarzer Null&#8220; und Schuldenbremse kann man die Milit\u00e4rmilliarden nat\u00fcrlich nur \u00fcber eine NOCH krassere Schere zwischen Arm und Reich zusammenpr\u00fcgeln. Insofern bereiten sich die Herrschenden schon mal vor auf die sozialen Proteste in der Bev\u00f6lkerung. Denn diese ganzen Polizeigesetze sind KEINE irren Ideen v\u00f6llig durchgeknallter Regierungen, sondern einfach nur vorausschauend.<\/p>\n<p><a href='https:\/\/heise.de\/-4045915' class='azc_bbc_url'>CDU, SPD und GR\u00dcNE wollen Sperrklausel bei Europawahl<\/a><br \/>\nDie Begr\u00fcndungen &#8222;zersplittertes Parlament&#8220; und &#8222;Warnung vor Weimar&#8220; kennen wir ja alle &#8211; nur sie sind gelogen. <span class='azc_bbc_italic'>&#8222;Die Behauptungen, es g\u00e4be immer mehr fraktionslose Abgeordnete und immer mehr Fraktionen, sind schlichtweg falsch. F\u00fcnf von sieben Abgeordneten der Kleinparteien sind einer Fraktion beigetreten und leisten dort ihre Arbeit.&#8220;<\/span><\/p>\n<p>Und auch mal generell gesagt: <a href='https:\/\/www.youtube.com\/watch?v=IJs0kmYc01c' class='azc_bbc_url'>Warum diese Sorge um die &#8222;Demokratie&#8220; in der EU?<\/a> <img class='azc_bbc_image' src='https:\/\/www.rume.de\/smilies\/sarkasm.gif'  \/><\/p>\n<p><a href='https:\/\/www.rubikon.news\/artikel\/der-vertragsbruch' class='azc_bbc_url'>Trump l\u00e4sst Atomdeal mit dem Iran platzen<\/a><br \/>\n<span class='azc_bbc_italic'>&#8222;Der Vertrag (JCPOA) wurde vom UNO-Sicherheitsrat ratifiziert und damit zu einem v\u00f6lkerrechtlichen Dokument. Deshalb ist es wieder mal ein V\u00f6lkerrechtsbruch der USA. Der Vertrag sieht ein strenges Verfahren f\u00fcr den Ausstieg vor. Und Nachweise daf\u00fcr, dass ein Beteiligter den Vertrag tats\u00e4chlich gebrochen hat. Vor einer fairen Pr\u00fcfung aber scheut Trump zur\u00fcck, weil diese zu dem Ergebnis k\u00e4men, dass der Iran NICHT gegen den Vertrag verst\u00f6\u00dft. Ganz im Gegenteil: Der Iran ist laut ausdr\u00fccklicher Erkl\u00e4rung der Atomenergie-Agentur, die von den Vereinten Nationen zur \u00dcberwachung eingesetzt wurde, voll im Plan und hat jede Bemerkung der Pr\u00fcfer sofort bereinigt.&#8220;<\/span><\/p>\n<p>Quizfrage: Wie w\u00fcrdet ihr als Qualit\u00e4tsjournalist einen ebenso vors\u00e4tzlichen wie einseitigen V\u00f6lkerrechtsbruch ohne jeden Beweis nennen?<\/p>\n<p>Antwort: &#8222;Vertragsausstieg&#8220; <img class='azc_bbc_image' src='https:\/\/www.rume.de\/smilies\/sarkasm.gif'  \/><\/p>\n<p><a href='http:\/\/www.sueddeutsche.de\/wirtschaft\/cum-ex-geschaefte-steuertrickser-bleibt-frei-1.3972304' class='azc_bbc_url'>Ex-Finanzbeamter Hanno Berger bleibt frei<\/a><br \/>\n<span class='azc_bbc_italic'>&#8222;Berger ist einer der Hauptbeschuldigten in einem mutma\u00dflichen Steuerraubzug, der als einzigartig in der Bundesrepublik gilt. Zahlreiche Banken und B\u00f6rsenh\u00e4ndler sollen mit Hilfe von Juristen wie Berger den Fiskus um insgesamt etliche Milliarden Euro gesch\u00e4digt haben. Nach Erkenntnissen von Staatsanwaltschaften, Bundestag und Bundesregierung haben Banken und B\u00f6rsenh\u00e4ndler beim Handel von Aktien mit (Cum) und ohne (Ex) Dividende systematisch in die Staatskasse gegriffen. Die Cum-Ex-Akteure h\u00e4tten den Fiskus gezielt get\u00e4uscht und sich eine einmal an den Fiskus abgef\u00fchrte Kapitalertragsteuer auf Dividendenerl\u00f6se mehrmals erstatten lassen.&#8220;<\/span>, berichtet die S\u00fcddeutsche Zeitung.<\/p>\n<p>Quizfrage: Wie w\u00fcrdet ihr als Qualit\u00e4tsjournalist solch einen Menschen nennen, der uns Steuerzahler vors\u00e4tzlich um &#8222;etliche Milliarden Euro&#8220; betrogen hat?<\/p>\n<p>Antwort: &#8222;Steuertrickser&#8220; <img class='azc_bbc_image' src='https:\/\/www.rume.de\/smilies\/sarkasm.gif'  \/><\/p>\n<p><a href='https:\/\/rp-online.de\/wirtschaft\/unternehmen\/herbert-diess-auf-der-hauptversammlung-volkswagen-muss-anstaendiger-werden_aid-22347391' class='azc_bbc_url'>Neuer Vorstandschef Diess: VW muss anst\u00e4ndiger werden<\/a><br \/>\nOh, r\u00fcstet VW nun alle Betrugsdiesel auf Firmenkosten mit der n\u00f6tigen Hardware um, damit die gesetzlichen Grenzwerte eingehalten werden, die betroffenen Dieselbesitzer keine Fahrverbote bef\u00fcrchten m\u00fcssen und auch keinen Wertverlust mehr haben?<\/p>\n<p>Ich denke, die Antwort wisst ihr selber <img class='azc_bbc_image' src='https:\/\/www.rume.de\/smilies\/biggrin.gif'  \/> Schliesslich leben wir im Kapitalismus. Da werden PR-Phrasen verteilt, die nichts kosten.<\/p>\n<p>Und siehe da:<\/p>\n<p><a href='http:\/\/www.manager-magazin.de\/unternehmen\/autoindustrie\/abgasskandal-kba-prueft-aktuellen-audi-a6-auf-betrugssoftware-a-1206807.html' class='azc_bbc_url'>Neuer Betrugsverdacht: Audi-Produktion gestoppt<\/a><br \/>\n<span class='azc_bbc_italic'>&#8222;Das Kraftfahrt-Bundesamt (KBA) hat eine amtliche Anh\u00f6rung wegen des Verdachts einer unzul\u00e4ssigen Abschalteinrichtung bei Audi V6TDI-Fahrzeugen der Modelle A6\/A7 eingeleitet. Audi soll bei mindestens 30.000 A6 in Deutschland und der gleichen Anzahl von Exportfahrzeugen eine neue Betrugsmethode angewendet haben. Damit der Kunde nicht selber Harnstoff nachf\u00fcllen muss, sondern erst die Werkstatt beim n\u00e4chsten Service (zu entsprechenden Apothekerpreisen), hat Audi die Einspritzung der Reinigungsfl\u00fcssigkeit 2400 Kilometer bevor sie zuneige geht stark gedrosselt. In der Zeit, da die Zufuhr von Harnstoff abgeregelt ist, funktioniert der SCR-Katalysator zur Reinigung von Stickoxiden im Abgas nicht oder nur extrem eingeschr\u00e4nkt. Das giftige Gas entweicht in hohen Konzentrationen aus dem Auspuff.&#8220;<\/span><\/p>\n<p>Das geh\u00f6rt sicherlich zur <a href='https:\/\/twitter.com\/extra3\/status\/993857938036051968' class='azc_bbc_url'>&#8220;wir m\u00fcssen anst\u00e4ndiger werden&#8220;<\/a> Kampagne, \u00fcber die Volkswagen st\u00e4ndig redet <img class='azc_bbc_image' src='https:\/\/www.rume.de\/smilies\/sarkasm.gif'  \/><\/p>\n<p><a href='https:\/\/www.zdf.de\/politik\/frontal-21\/musterfeststellungsklage-102.html' class='azc_bbc_url'>Musterfeststellungsklage: Keine Wende im Verbraucherschutz<\/a><br \/>\nFalls jemand dachte, mit der neuen &#8222;Musterfeststellungsklage&#8220; w\u00e4re so etwas wie eine Sammelklage m\u00f6glich, dem wird in dieser kleinen ZDF-Doku der Zahn gezogen. Bestes Zitat im Video: <span class='azc_bbc_italic'>&#8222;Verbraucherschutz in Deutschland bedeutet seit vielen Jahren, die Industrie vor den Verbrauchern zu sch\u00fctzen!&#8220;<\/span><\/p>\n<p>Die Bundesregierung regiert weiterhin zugunsten der Betrugskonzerne &#8211; heuchelt dem bildungspolitischen Prekariat hierzulande aber vor, mit ihrer &#8222;Musterfeststellungsklage&#8220; etwas f\u00fcr den Verbraucher getan zu haben.<\/p>\n<p>Und hey: F\u00fcr weit \u00fcber 80 Prozent der W\u00e4hler reicht ja auch solch ein oberfl\u00e4chliches Geheuchel <img class='azc_bbc_image' src='https:\/\/www.rume.de\/smilies\/nasiehste.gif'  \/><\/p>\n<p>Und zu guter Letzt:<\/p>\n<p><a href='http:\/\/sakurai-cartoons.de\/\/images\/g_gefuehltekriminalitaet.gif' class='azc_bbc_url'>Der besorgte B\u00fcrger und die Kriminalstatistik<\/a><br \/>\n&#8230;.<\/p>\n","protected":false},"excerpt":{"rendered":"<p>\/ Hartz-IV trotz Vollzeitjob: Wenn Arbeit zu Armut f\u00fchrt \/ Arbeitslosenquote: Diese Zahl bewegt Deutschland \/ Rotlicht: Bundesagentur f\u00fcr Arbeit \/ Befristet Besch\u00e4ftigte der Deutschen Post: SPD greift durch \/ Wolfgang Clement soll schlichten \/ In Bayern und Preu\u00dfen gab es schon 1920 Abschiebelager f\u00fcr Fl\u00fcchtlinge \/ Die Ellwangen-Hysterie \/ Widerstand gegen Abschiebung ist legitim &hellip; <a href=\"https:\/\/www.rume.de\/?p=619\" class=\"more-link\"><span class=\"screen-reader-text\">\u201eAufgelesen und kommentiert 2018-05-09\u201c <\/span>weiterlesen<\/a><\/p>\n","protected":false},"author":1,"featured_media":0,"comment_status":"open","ping_status":"closed","sticky":false,"template":"","format":"standard","meta":{"footnotes":""},"categories":[2],"tags":[],"class_list":["post-619","post","type-post","status-publish","format-standard","hentry","category-aufgelesen"],"_links":{"self":[{"href":"https:\/\/www.rume.de\/index.php?rest_route=\/wp\/v2\/posts\/619","targetHints":{"allow":["GET"]}}],"collection":[{"href":"https:\/\/www.rume.de\/index.php?rest_route=\/wp\/v2\/posts"}],"about":[{"href":"https:\/\/www.rume.de\/index.php?rest_route=\/wp\/v2\/types\/post"}],"author":[{"embeddable":true,"href":"https:\/\/www.rume.de\/index.php?rest_route=\/wp\/v2\/users\/1"}],"replies":[{"embeddable":true,"href":"https:\/\/www.rume.de\/index.php?rest_route=%2Fwp%2Fv2%2Fcomments&post=619"}],"version-history":[{"count":1,"href":"https:\/\/www.rume.de\/index.php?rest_route=\/wp\/v2\/posts\/619\/revisions"}],"predecessor-version":[{"id":620,"href":"https:\/\/www.rume.de\/index.php?rest_route=\/wp\/v2\/posts\/619\/revisions\/620"}],"wp:attachment":[{"href":"https:\/\/www.rume.de\/index.php?rest_route=%2Fwp%2Fv2%2Fmedia&parent=619"}],"wp:term":[{"taxonomy":"category","embeddable":true,"href":"https:\/\/www.rume.de\/index.php?rest_route=%2Fwp%2Fv2%2Fcategories&post=619"},{"taxonomy":"post_tag","embeddable":true,"href":"https:\/\/www.rume.de\/index.php?rest_route=%2Fwp%2Fv2%2Ftags&post=619"}],"curies":[{"name":"wp","href":"https:\/\/api.w.org\/{rel}","templated":true}]}}