{"id":614,"date":"2018-05-08T21:42:42","date_gmt":"2018-05-08T19:42:42","guid":{"rendered":"http:\/\/rume.katti.eu\/?p=614"},"modified":"2018-05-08T21:42:42","modified_gmt":"2018-05-08T19:42:42","slug":"aufgelesen-und-kommentiert-2018-05-08","status":"publish","type":"post","link":"https:\/\/www.rume.de\/?p=614","title":{"rendered":"Aufgelesen und kommentiert 2018-05-08"},"content":{"rendered":"<p>\/ Promis auf Hartz IV: Wie RTL II arme Menschen verachtet<br \/>\n\/ In Deutschland nimmt Niedriglohnarbeit immer weiter zu<br \/>\n\/ Air Berlin-Pleite: Nur 40 Prozent der Mitarbeiter fanden neuen Job<br \/>\n\/ Selbst von einem Koalitionsgipfel auf dem Mond w\u00e4re kein Fortschritt zu erwarten<br \/>\n\/ Neues Parteispenden-Urteil: Reaktionen in Medien und Politik<br \/>\n\/ Gesundheitsminister Spahn (CDU) will eGK durch ID-System ersetzen<br \/>\n\/ Gesichtserkennung markierte Tausende f\u00e4lschlich als Kriminelle<br \/>\n\/ EU-Ministerrat arbeitet an neuen Ans\u00e4tzen zur Vorratsdatenspeicherung<br \/>\n\/ Die Berichterstattung wurde faktisch zur Kriegsberichterstattung<br \/>\n\/ Bombengesch\u00e4fte: Rheinmetall und Co. machen dicke Ums\u00e4tze<br \/>\n\/ Internieren, g\u00e4ngeln, abschieben<br \/>\n\/ Neusprech: Ankerzentrum<br \/>\n\/ Stoppt den Terror gegen Fl\u00fcchtlinge<br \/>\n\/ Kriminalit\u00e4tsstatistik: 10 Prozent weniger Straftaten<br \/>\n\/ F\u00fcnf Jahre NSU-Prozess &#8211; Ein Fazit<br \/>\n\/ Was droht Ex-VW-Chef Winterkorn? Liefert Deutschland ihn aus?<br \/>\n\/ Bundesregierung zahlte Millionen f\u00fcr Werbung auf Facebook<br \/>\n\/ Niedersachsen: Bereits \u00fcber 1.600 Funkl\u00f6cher gemeldet<br \/>\n\/ Jens Spahns &#8222;Online-Sprechstunden&#8220;<\/p>\n<p>&#8212;<\/p>\n<p><!--more--><\/p>\n<p><a href='https:\/\/www.huffingtonpost.de\/entry\/promis-auf-hartz-iv-rtl-ii_de_5af151cae4b041fd2d2a4de7' class='azc_bbc_url'>Promis auf Hartz IV: Wie RTL II arme Menschen verachtet<\/a><br \/>\nKein erg\u00e4nzender Kommentar n\u00f6tig.<\/p>\n<p><a href='https:\/\/www.n-tv.de\/wirtschaft\/In-Deutschland-nimmt-Niedriglohnarbeit-zu-article20422265.html' class='azc_bbc_url'>In Deutschland nimmt Niedriglohnarbeit immer weiter zu<\/a><br \/>\nn-tv meldet: <span class='azc_bbc_italic'>&#8222;Deutschland hat den gr\u00f6\u00dften Niedriglohnsenktor Westeuropas. Sogar die Zwangsarbeit nimmt immer weiter zu. Das geht aus dem &#8222;Atlas der Arbeit&#8220; hervor. Dieser zeigt, wie schon jetzt sogenannte atypische Besch\u00e4ftigung w\u00e4chst: Minijobs, Teilzeit- und Leiharbeit, Werk- und Zeitvertr\u00e4ge. 7,4 Millionen Menschen arbeiteten demnach auf 450-Euro-Basis, f\u00fcr 4,7 Millionen von ihnen sei es die einzige Einkommensquelle.&#8220;<\/span><\/p>\n<p><a href='http:\/\/www.nordbayern.de\/wirtschaft\/air-berlin-40-prozent-der-mitarbeiter-fanden-neuen-job-1.7555634' class='azc_bbc_url'>Air Berlin-Pleite: Nur 40 Prozent der Mitarbeiter fanden neuen Job<\/a><br \/>\nDabei m\u00fcssten die ehemaligen Air Berlin-Besch\u00e4ftigten sehr begeht sein, denn wie man berichtet (Zitat): <span class='azc_bbc_italic'>&#8222;Vom Alter und der Qualifizierung her seien sie f\u00fcr Unternehmen interessant, darunter seien etwa Fachleute f\u00fcr Buchhaltung, Marketing und Personalmanagement. Und die Wirtschaft ist im Moment sehr aufnahmef\u00e4hig.&#8220;<\/span><\/p>\n<p>Trotzdem haben nur knapp 40 Prozent eine neue Stelle gefunden. Und welches Gehalt sie im neuen &#8222;Job&#8220; bekommen, dar\u00fcber steht (sicherheitshalber) nichts im Bericht. Ansonsten k\u00f6nnte ja noch jemand auf den Gedanken kommen, dass es sich beim angeblichen Fachkr\u00e4ftemangel nur um Propaganda handelt <img class='azc_bbc_image' src='https:\/\/www.rume.de\/smilies\/sarkasm.gif'  \/><\/p>\n<p><a href='https:\/\/www.linksfraktion.de\/presse\/pressemitteilungen\/detail\/selbst-von-einem-koalitionsgipfel-auf-dem-mond-waere-kein-fortschritt-zu-erwarten' class='azc_bbc_url'>Selbst von einem Koalitionsgipfel auf dem Mond w\u00e4re kein Fortschritt zu erwarten<\/a><br \/>\nEin sehr sch\u00f6ner Tritt in den Arsch <img class='azc_bbc_image' src='https:\/\/www.rume.de\/smilies\/biggrin.gif'  \/><\/p>\n<p><a href='https:\/\/www.abgeordnetenwatch.de\/blog\/2018-05-03\/peinlich-dass-ein-gericht-dem-bundestag-lektionen-erteilen-muss-reaktionen-zum' class='azc_bbc_url'>Neues Parteispenden-Urteil: Reaktionen in Medien und Politik<\/a><br \/>\nKurzer Auszug: <span class='azc_bbc_italic'>&#8222;Die Bundestagsverwaltung hat es noch nicht offiziell bekannt gegeben, aber in der Verhandlung angedeutet, in Revision zu gehen. Wobei man sich anhand der Reaktionen der Oberverwaltungsrichter schon fragt, wie die Richter in Leipzig zu irgend einem anderen Urteil kommen wollen. Und da frag ich mich nat\u00fcrlich: Der Tr\u00e4gerverein von abgeordnetenwatch.de muss jetzt mehrere Tausend Euro vorschie\u00dfen. Wenn sie gewinnen, kriegen sie es zur\u00fcck, aber sie m\u00fcssen es erstmal durchfinanzieren. Und die Bundestagsregierung steht da und hat halt Steuergeld. Wieso eigentlich werden jetzt Steuergelder daf\u00fcr eingesetzt, dass die Bundestagsverwaltung durch drei Instanzen verhindert, dass die \u00d6ffentlichkeit die Parteien kontrolliert?&#8220;<\/span><\/p>\n<p>Also DIE Frage sollte sich doch wohl von selbst beantworten <img class='azc_bbc_image' src='https:\/\/www.rume.de\/smilies\/nasiehste.gif'  \/><\/p>\n<p><a href='https:\/\/heise.de\/-4043711' class='azc_bbc_url'>Gesundheitsminister Spahn (CDU) will eGK durch ID-System ersetzen<\/a><br \/>\n<span class='azc_bbc_italic'>&#8222;Gesundheitsminister Jens Spahn hat es als &#8222;inakzeptabel&#8220; bezeichnet, dass die Einf\u00fchrung der elektronischen Gesundheitskarte (eGK) nach 14 Jahren nicht \u00fcber Modellprojekte herausgekommen ist. Die Nutzung der Karte \u00fcber Desktop und Leseger\u00e4t sei nicht das, was B\u00fcrger sich im Jahre 2018 w\u00fcnschen. Vielmehr soll der Versicherte \u00fcber ein &#8222;B\u00fcrgerportal&#8220; an seine Daten kommen, sagte er im Interview mit der Frankfurter Allgemeinen Zeitung. &#8222;Ich will nicht, dass man eine digitale Identit\u00e4t f\u00fcr die Steuererkl\u00e4rung braucht, eine um seinen Pass zu beantragen und eine dritte im Gesundheitswesen&#8220;, erkl\u00e4rte Spahn der Zeitung. &#8222;In den n\u00e4chsten, zwei, drei Monaten werde ich genau analysieren, wo wir stehen bei der elektronischen Gesundheitskarte und der Digitalisierung des Gesundheitssystems.&#8220; Dann werde er schnelle Entscheidungen treffen.&#8220;<\/span><\/p>\n<p>Toll, oder? Alle unsere Patientenakten mit unserer Steuernummer verkn\u00fcpfen und ab damit in die Cloud. Menstruationszyklus, Herpes und diverse Beschwerden untenrum sind doch sicherlich hochinteressant f\u00fcr jeden, oder? <img class='azc_bbc_image' src='https:\/\/www.rume.de\/smilies\/biggrin.gif'  \/> Ist doch sch\u00f6n, wenn alles zentral erfasst wird. F\u00fcr jeden B\u00fcrger eine Nummer &#8211; wie Nutzvieh mit Ohrenmarke. Sp\u00e4tere Erg\u00e4nzungen (Fitness-Apps, Sozialhilfedaten, Demoteilnahmen, Flensburg-Punkte usw.) inklusive dem Zugriff f\u00fcr Banken, Versicherungen und Arbeitgeber nat\u00fcrlich inklusive. <a href='https:\/\/www.zeit.de\/digital\/datenschutz\/2017-11\/china-social-credit-system-buergerbewertung\/komplettansicht' class='azc_bbc_url'>Wer sich nicht systemkonform verh\u00e4lt und zu viel Kritik \u00e4ussert, wird eben abgewertet<\/a> und bekommt dann weder Versicherungen, noch Konto oder Arbeitsplatz.<\/p>\n<p>DAS ist die Zukunft a la Jens Spahn und seiner Regierungskomplizen.<\/p>\n<p>Besonders sch\u00f6n ist allerdings sein Satz: <span class='azc_bbc_italic'>&#8222;Das ist nicht das, was die B\u00fcrger sich im Jahre 2018 w\u00fcnschen.&#8220;<\/span> Und statt dann \u00fcber eine B\u00fcrgerversicherung zu diskutieren, kommt dann seine zentrale Datenbankforderung <img class='azc_bbc_image' src='https:\/\/www.rume.de\/smilies\/clown.gif'  \/><\/p>\n<p>DAS w\u00fcnschen sich die B\u00fcrger garantiert NICHT!<\/p>\n<p>Die B\u00fcrger w\u00fcnschen sich, dass sie beim Arzt nicht mit der Frage &#8222;Kasse oder Privat&#8220; begr\u00fcsst werden. Dass sie eine Behandlung ohne Zusatzkosten bekommen. Dass sie nicht bei jeder Grippe ein Attest ben\u00f6tigen, sondern per Gesetz f\u00fcr die ersten zwei Krankheitstage auch ohne Arztbesuch zuhause bleiben d\u00fcrfen. Dass sie bei einer chronischen Erkrankung keine acht Monate auf einen Termin beim Facharzt warten m\u00fcssen. Und dass er von Personal versorgt wird, dass nicht \u00fcberarbeitet und gestresst ist.<\/p>\n<p>NICHTS davon hat Jens Spahn angesprochen. Und NICHTS von den &#8222;W\u00fcnschen der B\u00fcrger&#8220; wird seine Groko umsetzen.<\/p>\n<p><a href='https:\/\/netzpolitik.org\/2018\/wales-gesichtserkennung-markierte-tausende-faelschlich-als-kriminelle' class='azc_bbc_url'>Gesichtserkennung markierte Tausende f\u00e4lschlich als Kriminelle<\/a><br \/>\n<span class='azc_bbc_italic'>&#8222;Beim Champions-League-Finale 2017 im walisischen Cardiff markierte ein System zur Gesichtserkennung versehentlich mehr als 2.000 Menschen als Kriminelle. Die Technologie erkennt mithilfe von Videokameras Gesichter in Menschenmengen und gleicht sie mit Fahndungslisten ab. Laut walisischer Polizei lag das System in 92 Prozent aller Treffer falsch. Die Ermittler schoben die hohe Anzahl von Falscherkennungen beim Fu\u00dfballfinale auf die &#8222;schlechte Fotoqualit\u00e4t&#8220; der liefernden Beh\u00f6rden, darunter UEFA und Interpol, sowie auf die Tatsache, dass es der erste gro\u00dfe Einsatz der Technologie war.&#8220;<\/span><\/p>\n<p>Aber aber, liebe Polizei: Nicht die Fotos waren zu schlecht, sondern die Datenbank. Schliesslich hat JEDER Dreck am Stecken. Nur nicht so vorschnell aufgeben, die Herren Ermittler <img class='azc_bbc_image' src='https:\/\/www.rume.de\/smilies\/sarkasm.gif'  \/><\/p>\n<p>Dazu passt auch:<\/p>\n<p><a href='https:\/\/heise.de\/-4044349' class='azc_bbc_url'>EU-Ministerrat arbeitet an neuen Ans\u00e4tzen zur Vorratsdatenspeicherung<\/a><br \/>\nGestern noch wollte die EU die Vergabe von Geld an die Rechtsstaatlichkeit koppeln &#8211; heute arbeiten sie daran, eine grundrechtswidrige Bev\u00f6lkerungs\u00fcberwachung durchzusetzen. Es ist selten, dass eine Institution derart drastisch klar macht, welchen Wert die Rechtsstaatlichkeit f\u00fcr sie tats\u00e4chlich hat.<\/p>\n<p>Und wozu dieser erneute Versuch zum vors\u00e4tzlichen Rechtsbruch? Gegen den &#8222;Terror&#8220;? <img class='azc_bbc_image' src='https:\/\/www.rume.de\/smilies\/laugh.gif'  \/> Nein, nat\u00fcrlich nicht (Zitat): <span class='azc_bbc_italic'>&#8222;So sollen die Daten k\u00fcnftig etwa nicht nur gespeichert und verarbeitet werden k\u00f6nnen, um Betrug oder Missbrauch zu verhindern, sondern allgemein auch im Kampf gegen &#8222;rechtwidrige Nutzungen&#8220;. Diese Formulierung w\u00fcrde jegliches illegale Verhalten \u00fcber einen elektronischen Kommunikationsdienst einschlie\u00dfen.&#8220;<\/span><\/p>\n<p>Und das Sch\u00f6ne daran: Was ein &#8222;illegales Verhalten&#8220; ist, bestimmen die Regierenden. Demonstrationen gegen Sozialabbau, oder fundierte Kritik an der herrschenden Politik beispielsweise.<\/p>\n<p><a href='https:\/\/www.nachdenkseiten.de\/?p=43834' class='azc_bbc_url'>Die Berichterstattung wurde faktisch zur Kriegsberichterstattung<\/a><br \/>\nKurzer Auszug: <span class='azc_bbc_italic'>&#8222;Die westlichen Medien haben im Fall von Syrien nicht nur nicht tief und differenziert genug recherchiert, sondern sie haben auch unreflektiert und unkritisch die Erz\u00e4hlung der eigenen Politiker und des Milit\u00e4rs \u00fcbernommen, die selbst am Konflikt beteiligt sind. Die Berichterstattung wurde dadurch faktisch zur Kriegsberichterstattung: Akteure der einen Seite wie Russland, der Iran und die syrische Regierung wurden dadurch zum &#8222;Feind&#8220;. Akteure der anderen hingegen, also die westlichen Staaten, die Golfmonarchien, die T\u00fcrkei und die Dschihadisten selbst, zum &#8222;Freund&#8220;. Der Versuch, den Frontverlauf zwischen den beiden Bl\u00f6cken durch eine inhaltlich parteiische und formal neutrale Berichterstattung unsichtbar zu machen, m\u00fcndete in bemerkenswerte Widerspr\u00fcche.<\/p>\n<p>Erkl\u00e4ren Sie einem Bundesb\u00fcrger, warum ein deutscher Dschihadist als &#8222;Freiheitsk\u00e4mpfer&#8220; gilt, wenn er in Syrien k\u00e4mpft und dann zum &#8222;Gef\u00e4hrder&#8220; wird, wenn er nach Deutschland zur\u00fcckkehrt. Oder versuchen Sie einfach folgenden Satz westlicher Politiker zehnmal hintereinander zu sagen, ohne zu lachen: &#8222;Wir werden Syrien mit Hilfe von Saudi-Arabien demokratisieren&#8220;.<\/p>\n<p>In sozialen Netzen tauschen die Syrer in der letzten Zeit eine Karte des \u00f6stlichen Mittelmeers aus. Die Karte ist voller amerikanischer, russischer, britischer und franz\u00f6sischer Kriegsschiffe. Sie zeigt die Aufschrift: Wenn Sie glauben, dass all diese Schiffe wegen den B\u00fcrgerprotesten aus dem Jahr 2011 hier sind, sollten Sie sich schnellstm\u00f6glich bei dem n\u00e4chsten psychiatrischen Dienst melden!&#8220;<\/span><\/p>\n<p><a href='https:\/\/www.neues-deutschland.de\/artikel\/1087574.html' class='azc_bbc_url'>Bombengesch\u00e4fte: Rheinmetall und Co. machen dicke Ums\u00e4tze<\/a><br \/>\n<span class='azc_bbc_italic'>&#8222;Auch wenn der Krieg in Jemen kaum in den Schlagzeilen hierzulande vorkommt, so tobt er dennoch weiter. Erst am Montag bombardierte Saudi-Arabien den Pr\u00e4sidentenpalast in Jemens Hauptstadt Sanaa. Dort soll kurz vor dem Angriff ein Treffen von Huthi-Rebellen stattgefunden haben. Die Bilanz des Bombenhagels: <a href='https:\/\/www.heise.de\/tp\/features\/Jemen-Saudi-arabische-Koalition-bombardiert-belebtes-Viertel-in-Sana-a-4044443.html' class='azc_bbc_url'>Sechs Tote und mehr als 30 Verletzte<\/a>. Ein Unternehmen, das an diesem Krieg und anderen kr\u00e4ftig mitverdient: Rheinmetall. 400 Million Euro machte Rheinmetall 2017 Gewinn &#8211; bei einem Umsatz von sechs Milliarden Euro.<\/p>\n<p>Deshalb wird die Hauptversammlung des D\u00fcsseldorfers R\u00fcstungskonzerns am Dienstag in Berlin nicht ohne Protest stattfinden. Der Konzern sei sich \u00bbnicht zu schade, am 8. Mai, am Tag der Befreiung vom Hitlerfaschismus, seine Gewinne zu feiern\u00ab, schreibt etwa die Interventionistische Linke (iL) in ihrem Aufruf zum Protest. Die iL kritisiert vor allem, dass Rheinmetall Hunderte Leopard-2-Panzer in die T\u00fcrkei lieferte, wo Machthaber Erdogan die Kriegsger\u00e4te im Krieg gegen die syrischen Kurden einsetzt.&#8220;<\/span><\/p>\n<p>Und was passiert mit den Fl\u00fcchtlingen, auf deren R\u00fccken solche Konzerne wie Rheinmetall ihre Profite scheffeln?<\/p>\n<p><a href='https:\/\/www.jungewelt.de\/artikel\/332109.html' class='azc_bbc_url'>Internieren, g\u00e4ngeln, abschieben<\/a><br \/>\n<span class='azc_bbc_italic'>&#8222;Erneut befeuern CDU und CSU die rassistisch aufgeheizte Asyldebatte mit allerlei Unterstellungen und Ausgrenzungspl\u00e4nen. So drangen die Unionsfraktionschefs von Bund und L\u00e4ndern bei einem Treffen am Montag in Frankfurt am Main unter anderem darauf, die im Koalitionsvertrag mit der SPD vereinbarten (!) sogenannten \u00bbAnkerzentren\u00ab f\u00fcr Fl\u00fcchtlinge z\u00fcgig zu errichten.<\/p>\n<p>Mit dem harmlos klingenden Begriff \u00bbAnkerzentren\u00ab sind polizeilich bewachte Massenlager gemeint. Darin sollen Fl\u00fcchtlinge bis zur Entscheidung \u00fcber ihren Asylantrag sowie Menschen, deren Asylgesuche abgelehnt wurden, weggesperrt werden. Bis zu sechs davon sollen noch in diesem Jahr errichtet werden. Nach Angaben des von Horst Seehofer (CSU) gef\u00fchrten Bundesinnenministeriums bekundeten Bayern, Nordrhein-Westfalen und Hessen bereits Interesse.<\/p>\n<p>Indes unterbreitete die Deutsche Polizeigewerkschaft (DPolG) Vorschl\u00e4ge f\u00fcr repressive Ma\u00dfnahmen in den geplanten \u00bbAnkerzentren\u00ab. Ihr Vorsitzender Rainer Wendt verlangte im Gespr\u00e4ch mit der Neuen Osnabr\u00fccker Zeitung \u00bbSchleusen am Eingang mit Zugangskontrollen\u00ab. Die Anlagen, so Wendt weiter, seien zudem einzuz\u00e4unen und durch Videokameras zu \u00fcberwachen.&#8220;<\/span><\/p>\n<p>Konzentrierte Massenlager, in die man Ausl\u00e4nder einpfercht? <a href='https:\/\/www.freitag.de\/autoren\/der-freitag\/1920-wie-gehabt' class='azc_bbc_url'>Hatten wir schon mal<\/a>. Und wie wir sehen, ist daf\u00fcr keineswegs eine AfD n\u00f6tig. Das erledigen CDU\/CSU und SPD schon h\u00f6chstpers\u00f6nlich.<\/p>\n<p><a href='https:\/\/neusprech.org\/ankerzentrum' class='azc_bbc_url'>Neusprech: Ankerzentrum<\/a><br \/>\nErneute Worterfindung der Gro\u00dfen Koalition, um Abschiebelager besser klingen zu lassen. Sie l\u00e4sst an Verankerung und somit an Integration denken, obwohl das Gegenteil gemeint ist.<\/p>\n<p>Bislang wurde diese Forderung der Union bereits unter folgenden Namen diskutiert: Entscheidungszentrum, R\u00fcckf\u00fchrungszentrum, spezielles Aufenthaltszentrum, Willkommenszentrum und Bundesausreisezentrum. Der Plan blieb dabei immer gleich. Fl\u00fcchtlinge werden direkt nach dem \u00dcbertreten der Grenze in geschlossene und bewachte Lager gebracht und bleiben dort 18 Monate lang, bis sie entweder Asyl bekommen, oder in ein anderes Land deportiert werden. Allein die hohe Zahl an versteckenden und besch\u00f6nigenden Namen daf\u00fcr zeigt, wie problematisch das Konzept der Abschiebegef\u00e4ngnisse ist.<\/p>\n<p>Selbst Polizisten haben Bedenken, dass die Forderung gegen die Verfassung verst\u00f6\u00dft. Der SWR zitiert den Chef der Gewerkschaft der Polizei (GdP), J\u00f6rg Radek, mit der Bef\u00fcrchtung, in solchen Lagern w\u00fcrden Schutzsuchende kaserniert und von der Bev\u00f6lkerung isoliert. Das sei schon gesellschaftspolitisch falsch. Au\u00dferdem steige das Aggressionspotential in solchen Zentren.<\/p>\n<p><a href='http:\/\/www.wsws.org\/de\/articles\/2018\/05\/08\/komm-m08.html' class='azc_bbc_url'>Stoppt den Terror gegen Fl\u00fcchtlinge<\/a><br \/>\n<span class='azc_bbc_italic'>&#8222;Anfang vergangener Woche hatten etwa 50 Bewohner der Fl\u00fcchtlingsunterkunft in der baden-w\u00fcrttembergischen Kleinstadt durch Proteste verhindert, dass ein junger Fl\u00fcchtling aus Togo aus ihrer Mitte heraus abgeholt und deportiert wurde. Zu Gewalt kam es dabei nach einhelliger Aussage von Augenzeugen (<a href='https:\/\/www.wsws.org\/de\/articles\/2018\/05\/08\/film-m08.html' class='azc_bbc_url'>siehe Video<\/a>) nicht.<\/p>\n<p>Drei Tage sp\u00e4ter st\u00fcrmten f\u00fcnf Hundertschaften schwer bewaffneter und vermummter Polizei- und Sondereinsatzkr\u00e4fte die Unterkunft. In Gestapo-Manier traten sie in den fr\u00fchen Morgenstunden die T\u00fcren der Unterkunft ein, rissen die \u00fcberraschten Bewohner aus dem Schlaf, legten ihnen Handfesseln an und zwangen sie nach drau\u00dfen. Bilder, Videos und Aussagen der Betroffen machen deutlich, dass der brutale Polizeiterror vor allem das Ziel hatte, Angst und Schrecken zu verbreiten. Die Bilder der maskierten Sturmtruppen, die hilflose Fl\u00fcchtlinge zu Boden bringen, sollen nicht nur Asylsuchende abschrecken, sondern auch Millionen Menschen einsch\u00fcchtern, die nach wie vor solidarisch mit den Schw\u00e4chsten der Gesellschaft sind.<\/p>\n<p>Der Widerstand gegen die brutale Abschiebungspolitik der Bundes- und Landesregierungen ist trotz ausl\u00e4nderfeindlicher Medienhetze gro\u00df. Demonstrationen, Proteste und Blockaden zur Verteidigung von Fl\u00fcchtlingen h\u00e4ufen sich. Allein am Frankfurter Flughafen weigerten sich im letzten Jahr 237 Mal Piloten, Abschiebungen durchzuf\u00fchren. Im vergangen Jahr stellten sich in N\u00fcrnberg 300 Sch\u00fcler Polizisten entgegen, die einen Mitsch\u00fcler deportieren wollten. Im vergangen Monat verhinderten mutige Nachbarn im hessischen Witzenhausen, dass ein Fl\u00fcchtling, dessen Asylverfahren noch nicht entschieden war, in einer Nacht-und-Nebel-Aktion abgeschoben wurde.<\/p>\n<p>Dieser wachsende Widerstand soll eingesch\u00fcchtert und im Keim erstickt werden. Deshalb wurde im Fl\u00fcchtlingslager Ellwangen ein Exempel statuiert. Die Botschaft lautet: &#8222;Ziviler Ungehorsam wird nicht mehr akzeptiert. Wer sich mit Opfern staatlicher Willk\u00fcr solidarisiert und Anordnungen der Obrigkeit nicht Folge leistet, wird gnadenlos verfolgt.&#8220;<\/span> <a href='http:\/\/www.wsws.org\/de\/articles\/2018\/05\/08\/komm-m08.html' class='azc_bbc_url'>Weiterlesen&#8230;<\/a><\/p>\n<p>Quizfrage an die Leser: Ab wann genau spricht man von Faschismus?<\/p>\n<p><a href='https:\/\/www.tagesspiegel.de\/politik\/21202088.html' class='azc_bbc_url'>Kriminalit\u00e4tsstatistik: 10 Prozent weniger Straftaten<\/a><br \/>\nDie braune Horde rund um die AfD zweifelt diese Zahlen nat\u00fcrlich an, obwohl man doch sonst so gerne <a href='https:\/\/www.stuttgarter-nachrichten.de\/inhalt.kriminalitaet-von-auslaendern-die-polizei-widerspricht-den-thesen-der-afd.f646a4ce-4db6-423e-b011-bbe36ad47f6d.html' class='azc_bbc_url'>die Meldungen der Polizei verbreitet<\/a> <img class='azc_bbc_image' src='https:\/\/www.rume.de\/smilies\/sarkasm.gif'  \/><\/p>\n<p>Aber dass die AfD die gesunkene Kriminalit\u00e4t anzweifelt, ist verst\u00e4ndlich. Sie schliessen eben von sich auf andere. <a href='https:\/\/www.focus.de\/politik\/deutschland\/medienbericht-fast-jeder-zehnte-abgeordnete-der-afd-hat-aerger-mit-dem-gesetz_id_8884503.html' class='azc_bbc_url'>Denn jeder zehnte Abgeordnete der AfD hat \u00c4rger mit dem Gesetz<\/a>.<\/p>\n<p>Ach ja: Dass es nat\u00fcrlich trotz gesunkener Kriminalit\u00e4t und h\u00f6herer Aufkl\u00e4rungszahlen <a href='https:\/\/netzpolitik.org\/2018\/die-niedrigste-kriminalitaetsrate-seit-25-jahren-und-trotzdem-ueberall-schaerfere-polizeigesetze' class='azc_bbc_url'>noch schlimmere Polizeigesetze<\/a> hageln soll, ist keinesfalls ein Widerspruch. Denn die AfD regiert l\u00e4ngst \u00fcberall mit. Und alle Regierungsparteien reagieren eher erleichtert, dass es die AfD nun endlich gibt. So kann man die tollen Faschismusgesetze endlich auch mal durchsetzen.<\/p>\n<p>Und wenn dann die <span class='azc_bbc_strike'>NSDAP<\/span> AfD an die Macht kommt, schauen sich wieder alle fragend an: <span class='azc_bbc_italic'>&#8222;Wie konnte es nur so weit kommen?&#8220;<\/span> und <span class='azc_bbc_italic'>&#8222;Wer h\u00e4tte das ahnen k\u00f6nnen?&#8220;<\/span> Aus der Geschichte lernt man eben &#8211; oder man ist Deutscher.<\/p>\n<p><a href='https:\/\/www.wsws.org\/de\/articles\/2018\/05\/07\/daim-m07.html' class='azc_bbc_url'>F\u00fcnf Jahre NSU-Prozess &#8211; Ein Fazit<\/a><br \/>\n<span class='azc_bbc_italic'>&#8222;Mit einer Dauer von f\u00fcnf Jahren und Kosten von 64 Millionen Euro handelt es sich um einen der gr\u00f6\u00dften Prozesse in der deutschen Rechtsgeschichte. Kommentare haben ihn deswegen mit dem Auschwitz-Prozess verglichen, der in den 1960er Jahre erstmals das Schweigen \u00fcber den Holocaust durchbrach und nachhaltige Auswirkungen auf das Denken der j\u00fcngeren Generation hatte.<\/p>\n<p>Doch der NSU-Prozess hat nichts dergleichen vollbracht. W\u00e4hrend er voraussichtlich Mitte Juni mit Schuldspr\u00fcchen f\u00fcr die f\u00fcnf Angeklagten enden wird, haben das Gericht und die Generalbundesanwaltschaft alles getan, um das Umfeld und die Rolle der Sicherheitskr\u00e4fte auszublenden, die das ungest\u00f6rte Morden erst erm\u00f6glicht haben. Die von der Bundeskanzlerin 2012 versprochene Aufkl\u00e4rung der Morde gibt es nicht.&#8220;<\/span> <a href='https:\/\/www.wsws.org\/de\/articles\/2018\/05\/07\/daim-m07.html' class='azc_bbc_url'>Weiterlesen&#8230;<\/a><\/p>\n<p><a href='https:\/\/www.stern.de\/wirtschaft\/martin-winterkorn&#8211;das-droht-dem-ex-volkswagen-chef-wegen-des-abgasskandals-7973646.html' class='azc_bbc_url'>Was droht Ex-VW-Chef Winterkorn? Liefert Deutschland ihn aus?<\/a><br \/>\nDer STERN meldet: <span class='azc_bbc_italic'>&#8222;Deutschland hat zwar ein Auslieferungsabkommen mit den USA, das gilt aber nicht f\u00fcr deutsche Staatsb\u00fcrger. Denn nach Artikel 16 des Grundgesetzes d\u00fcrfen Deutsche nur an Mitgliedsstaaten der Europ\u00e4ischen Union oder an Internationale Gerichtsh\u00f6fe ausgeliefert werden. Vor Einf\u00fchrung des Europ\u00e4ischen Haftbefehls durften Deutsche gar nicht ausgeliefert werden. Insofern ist Winterkorn vor der US-Justiz sicher, solange er in Deutschland bleibt.&#8220;<\/span><\/p>\n<p>Ach, Deutsche werden nicht an die USA ausgeliefert? Das mag f\u00fcr korrupte Wirtschaftsbonzen mit gut geschmierten Kontakten zur Regierung gelten, aber <a href='https:\/\/www.heise.de\/tp\/features\/Deutschland-hat-mutmasslichen-Hacker-an-die-USA-ausgeliefert-3207416.html' class='azc_bbc_url'>nicht f\u00fcr kleine deutsche Hacker<\/a>. Die werden &#8222;nat\u00fcrlich&#8220; den US-Beh\u00f6rden ans Messer geliefert.<\/p>\n<p>Dabei geh\u00f6ren GERADE solche Gelds\u00e4cke wie Winterkorn (60.000 Euro nur f\u00fcr die Heizung seines Karpfenteichs) ausgeliefert. Schliesslich stopfen sie sich ihre Taschen voll mit der Begr\u00fcndung, dass sie ja &#8222;so hohe Verantwortung&#8220; tragen. Aber wenn es eng wird, gibt es nochmal ne Millionenabfindung &#8211; und nat\u00fcrlich keinerlei Verantwortung vor Gericht.<\/p>\n<p>Auslieferung. Jetzt. Damit er sich als Multimillion\u00e4r nur einmal im Leben wie ein normaler Mensch behandelt f\u00fchlen kann.<\/p>\n<p><a href='https:\/\/heise.de\/-4044206' class='azc_bbc_url'>Bundesregierung zahlte Millionen f\u00fcr Werbung auf Facebook<\/a><br \/>\nDas nur mal so am Rande, warum sich Facebook nun nach Kr\u00e4ften bem\u00fcht, sogenannte &#8222;Fake News&#8220; zu zensieren und nur noch <a href='http:\/\/www.wsws.org\/de\/articles\/2018\/04\/26\/cens-a26.html' class='azc_bbc_url'>die Hofberichterstattung der Systemmedien unbehelligt l\u00e4sst<\/a>.<\/p>\n<p><a href='https:\/\/www.ndr.de\/nachrichten\/niedersachsen\/Digitalisierung-Bereits-1600-Funkloecher-gemeldet,funkloecher106.html' class='azc_bbc_url'>Niedersachsen: Bereits \u00fcber 1.600 Funkl\u00f6cher gemeldet<\/a><br \/>\nDer NDR meldet: <span class='azc_bbc_italic'>&#8222;Bereits eine Woche, nachdem B\u00fcrger Funkl\u00f6cher melden k\u00f6nnen, gibt es erste Zahlen. 1.600 Meldungen hat das Wirtschaftsministerium bereits registriert. Die Meldungen \u00fcber L\u00fccken im Netz betr\u00e4fen alle Mobilfunkanbieter und stammten bislang vor allem von B\u00fcrgern aus l\u00e4ndlichen Regionen, teilte das Wirtschaftsministerium der Deutschen Presse-Agentur mit.&#8220;<\/span><\/p>\n<p>Joah und was folgt nun als L\u00f6sung? Wird man \u00fcberall Schilder hinstellen mit &#8222;Achtung Funkloch&#8220; &#8211; so wie man es beim Strassenbau ja auch oft und gerne macht, weil das billiger ist als die Sch\u00e4den zu reparieren? Wir d\u00fcrfen doch schliesslich nicht die &#8222;Schwarze Null&#8220; gef\u00e4hrden <img class='azc_bbc_image' src='https:\/\/www.rume.de\/smilies\/sarkasm.gif'  \/><\/p>\n<p>Und zu guter Letzt:<\/p>\n<p><a href='http:\/\/tomicek.de\/images\/tomicek_bw\/18_05_08_Online-Sprechstunden_f.jpg' class='azc_bbc_url'>Jens Spahns &#8222;Online-Sprechstunden&#8220;<\/a><br \/>\n<img class='azc_bbc_image' src='https:\/\/www.rume.de\/smilies\/nasiehste.gif'  \/><\/p>\n","protected":false},"excerpt":{"rendered":"<p>\/ Promis auf Hartz IV: Wie RTL II arme Menschen verachtet \/ In Deutschland nimmt Niedriglohnarbeit immer weiter zu \/ Air Berlin-Pleite: Nur 40 Prozent der Mitarbeiter fanden neuen Job \/ Selbst von einem Koalitionsgipfel auf dem Mond w\u00e4re kein Fortschritt zu erwarten \/ Neues Parteispenden-Urteil: Reaktionen in Medien und Politik \/ Gesundheitsminister Spahn (CDU) &hellip; <a href=\"https:\/\/www.rume.de\/?p=614\" class=\"more-link\"><span class=\"screen-reader-text\">\u201eAufgelesen und kommentiert 2018-05-08\u201c <\/span>weiterlesen<\/a><\/p>\n","protected":false},"author":1,"featured_media":0,"comment_status":"open","ping_status":"closed","sticky":false,"template":"","format":"standard","meta":{"footnotes":""},"categories":[2],"tags":[],"class_list":["post-614","post","type-post","status-publish","format-standard","hentry","category-aufgelesen"],"_links":{"self":[{"href":"https:\/\/www.rume.de\/index.php?rest_route=\/wp\/v2\/posts\/614","targetHints":{"allow":["GET"]}}],"collection":[{"href":"https:\/\/www.rume.de\/index.php?rest_route=\/wp\/v2\/posts"}],"about":[{"href":"https:\/\/www.rume.de\/index.php?rest_route=\/wp\/v2\/types\/post"}],"author":[{"embeddable":true,"href":"https:\/\/www.rume.de\/index.php?rest_route=\/wp\/v2\/users\/1"}],"replies":[{"embeddable":true,"href":"https:\/\/www.rume.de\/index.php?rest_route=%2Fwp%2Fv2%2Fcomments&post=614"}],"version-history":[{"count":1,"href":"https:\/\/www.rume.de\/index.php?rest_route=\/wp\/v2\/posts\/614\/revisions"}],"predecessor-version":[{"id":615,"href":"https:\/\/www.rume.de\/index.php?rest_route=\/wp\/v2\/posts\/614\/revisions\/615"}],"wp:attachment":[{"href":"https:\/\/www.rume.de\/index.php?rest_route=%2Fwp%2Fv2%2Fmedia&parent=614"}],"wp:term":[{"taxonomy":"category","embeddable":true,"href":"https:\/\/www.rume.de\/index.php?rest_route=%2Fwp%2Fv2%2Fcategories&post=614"},{"taxonomy":"post_tag","embeddable":true,"href":"https:\/\/www.rume.de\/index.php?rest_route=%2Fwp%2Fv2%2Ftags&post=614"}],"curies":[{"name":"wp","href":"https:\/\/api.w.org\/{rel}","templated":true}]}}