{"id":607,"date":"2018-05-06T23:05:39","date_gmt":"2018-05-06T21:05:39","guid":{"rendered":"http:\/\/rume.katti.eu\/?p=607"},"modified":"2018-05-07T00:48:44","modified_gmt":"2018-05-06T22:48:44","slug":"aufgelesen-und-kommentiert-2018-05-06","status":"publish","type":"post","link":"https:\/\/www.rume.de\/?p=607","title":{"rendered":"Aufgelesen und kommentiert 2018-05-06"},"content":{"rendered":"<p>\/ Armenbeschimpfung<br \/>\n\/ Nie wieder SimbA<br \/>\n\/ Arbeitslosengeld II: Kinder bleiben weiterhin die Verlierer<br \/>\n\/ Niedrigzinsphase: Arbeitnehmer m\u00fcssen um Betriebsrenten zittern<br \/>\n\/ Sinkende Investitionen: Planungen von Scholz sind ein Skandal<br \/>\n\/ Gut am &#8222;Gute-Kita-Gesetz&#8220; ist lediglich der Titel<br \/>\n\/ Nach dem &#8222;Gute-Kita-Gesetz&#8220; &#8211; das planen Union und SPD als n\u00e4chstes<br \/>\n\/ Bundespr\u00e4sident Steinmeier (SPD): Der Mediator der Demokratie<br \/>\n\/ Wenn Oligarchen das &#8222;bedingungslose Grundeinkommen&#8220; fordern<br \/>\n\/ Jacobs University Bremen darf auf Staatskosten weiter Misswirtschaft betreiben<br \/>\n\/ Regierungsbeamte arbeiten im Sonderurlaub als Lobbyist<br \/>\n\/ Nach Facebook-Datenskandal: Cambridge Analytica meldet Insolvenz an<br \/>\n\/ Propaganda-Artikel des Tages: &#8222;Bundeswehr soll verst\u00e4rkt Deutschland verteidigen&#8220;<br \/>\n\/ WDR verschweigt einmal mehr die Gr\u00fcnde der Nawalny-Verhaftung<br \/>\n\/ Politik und Medien missbrauchen Fl\u00fcchtlinge<br \/>\n\/ Frontex setzt Langstreckendrohnen zur \u00dcberwachung des Mittelmeers ein<br \/>\n\/ Menschenunw\u00fcrdige Zust\u00e4nde in der Abschiebehaftanstalt B\u00fcren<br \/>\n\/ Was geschah in Ellwangen?<br \/>\n\/ Maischberger: Was man alles sagen darf<br \/>\n\/ Abschiebeverhinderungsindustrie<br \/>\n\/ Neulich im Radio<\/p>\n<p>&#8212;<\/p>\n<p><!--more--><\/p>\n<p><a href='https:\/\/www.rubikon.news\/artikel\/armenbeschimpfung' class='azc_bbc_url'>Armenbeschimpfung<\/a><br \/>\n<span class='azc_bbc_italic'>&#8222;Nehmen wir an, Sie w\u00e4ren Politikerin oder Politiker und h\u00e4tten vor, Tausenden von Menschen im Land ihre Rechte zu nehmen, sie systematisch zu dem\u00fctigen und so kaputt zu sparen, dass sie um ihr Existenzminimum zittern m\u00fcssen. Ein leichtes Unterfangen w\u00e4re das nicht, denn dem st\u00fcnde das Grundgesetz entgegen und au\u00dferdem im Normalfall das gesunde Empfinden der Mehrheit der Bev\u00f6lkerung. Lassen wir die Sache mit dem Grundgesetz mal beiseite. Es haben sich schon immer gewiefte Juristen gefunden, die die Grundrechte so zurechtbiegen, dass es aussieht, als h\u00e4tte niemand sie verletzt.<\/p>\n<p>Schwieriger ist es mit der Volksmeinung. Hier kommen unsere Massenmedien ins Spiel.&#8220;<\/span> <a href='https:\/\/www.rubikon.news\/artikel\/armenbeschimpfung' class='azc_bbc_url'>Weiterlesen&#8230;<\/a><\/p>\n<p><a href='https:\/\/www.heise.de\/tp\/features\/Nie-wieder-SimbA-4026361.html' class='azc_bbc_url'>Nie wieder SimbA<\/a><br \/>\nIn der vergangenen Woche hatte ich die SPD-Nahles kritisiert f\u00fcr ihre Forderung nach mehr &#8222;Weiterbildungs-Massnahmen&#8220; &#8211; und nun hat TELEPOLIS den passenden Bericht dazu, was da an &#8222;Massnahmen&#8220; gegen Arbeitslose verh\u00e4ngt wird.<\/p>\n<p><a href='https:\/\/www.heise.de\/tp\/features\/Arbeitslosengeld-II-Kinder-bleiben-weiterhin-die-Verlierer-4036943.html' class='azc_bbc_url'>Arbeitslosengeld II: Kinder bleiben weiterhin die Verlierer<\/a><br \/>\nL E S E B E F E H L !!<\/p>\n<p><a href='http:\/\/www.sueddeutsche.de\/wirtschaft\/pensionskassen-zehntausende-muessen-um-betriebsrenten-zittern-1.3966376' class='azc_bbc_url'>Niedrigzinsphase: Arbeitnehmer m\u00fcssen um Betriebsrenten zittern<\/a><br \/>\nSeht ihr: Kapitalgedeckte Renten sind doch das Beste <img class='azc_bbc_image' src='https:\/\/www.rume.de\/smilies\/sarkasm.gif'  \/><\/p>\n<p>Und falls sich jemand denkt: Hey, die Andrea Nahles (SPD) hat doch neulich so ein tolles Betriebsrenten-Rettungsgesetz gemacht, oder? Nun ja, dem empfehle ich nur <a href='https:\/\/www.matthias-w-birkwald.de\/article\/1576.das-ist-keine-betriebsrente-das-ist-eine-pokerrente.html' class='azc_bbc_url'>das Kleingedruckte<\/a>.<\/p>\n<p>Aber das war ja noch vor der Wahl. Heute ist die SPD ja kr\u00e4ftig in der Erneuerung:<\/p>\n<p><a href='http:\/\/www.sueddeutsche.de\/wirtschaft\/sinkende-investitionen-scholz-neuer-haushalt-ist-fast-schon-ein-skandal-1.3962886' class='azc_bbc_url'>Sinkende Investitionen: Planungen von Scholz sind ein Skandal<\/a><br \/>\nDie S\u00fcddeutsche kommentiert: <span class='azc_bbc_italic'>&#8222;Wenn in einem Land wie Deutschland dauerhaft Steuer\u00fcbersch\u00fcsse anfallen, andererseits aber die Sch\u00fcler im internationalen Vergleich bei der Bildung abgeh\u00e4ngt bleiben, wenn alte Menschen in Pflegeheimen weggesperrt werden, die Wartelisten f\u00fcr Fach\u00e4rzte lang sind, Bed\u00fcrftige auf Tafeln angewiesen und gro\u00dffl\u00e4chige Funkl\u00f6cher die Regel sind, dann regiert die gro\u00dfe Koalition am B\u00fcrger vorbei. Mal ganz davon abgesehen, das sich so der riesige Handelsbilanz\u00fcberschuss nicht abbauen l\u00e4sst.&#8220;<\/span><\/p>\n<p><a href='https:\/\/www.linksfraktion.de\/presse\/pressemitteilungen\/detail\/gut-am-gute-kita-gesetz-ist-lediglich-der-titel' class='azc_bbc_url'>Gut am &#8222;Gute-Kita-Gesetz&#8220; ist lediglich der Titel<\/a><br \/>\n<span class='azc_bbc_italic'>&#8222;Die 3,5 Milliarden Euro, die die Bundesregierung in dieser Wahlperiode zur Verf\u00fcgung stellen will, reichen nicht einmal, um den bundesweiten Mangel an Kita-Pl\u00e4tzen zu beheben. Einen Ausbau der Qualit\u00e4t oder gar einen Einstieg in die Geb\u00fchrenfreiheit wird es so nicht geben. Und als die Ministerin Franziska Giffey (SPD) ihr Vorhaben vergangene Woche im Ausschuss vorstellte, konnte sie weder Nachfragen zu ihrem Gesetz beantworten noch dazu, wie sie das Fachkr\u00e4fteproblem in den Griff bekommen will.&#8220;<\/span><\/p>\n<p>Das ist bestimmt diese SPD-Erneuerung, \u00fcber die sie st\u00e4ndig reden <img class='azc_bbc_image' src='https:\/\/www.rume.de\/smilies\/sarkasm.gif'  \/><\/p>\n<p><a href='http:\/\/www.titanic-magazin.de\/news\/nach-dem-gute-kita-gesetz-das-planen-union-und-spd-als-naechstes-9647' class='azc_bbc_url'>Nach dem &#8222;Gute-Kita-Gesetz&#8220; &#8211; das planen Union und SPD als n\u00e4chstes<\/a><br \/>\n<img class='azc_bbc_image' src='https:\/\/www.rume.de\/smilies\/sarkasm.gif'  \/><\/p>\n<p><a href='https:\/\/www.tagesschau.de\/inland\/bab-steinmeier-demokratie-101.html' class='azc_bbc_url'>Bundespr\u00e4sident Steinmeier (SPD): Der Mediator der Demokratie<\/a><br \/>\nDie ARD propagiert: <span class='azc_bbc_italic'>&#8222;Erstmals seit der GroKo-Neuauflage \u00e4u\u00dfert sich Bundespr\u00e4sident Steinmeier im Bericht aus Berlin im Interview. Bislang ist seine Amtszeit von einem Ziel gepr\u00e4gt: Sich f\u00fcr die Demokratie in unsicheren Zeiten einzusetzen.&#8220;<\/span><\/p>\n<p>\u00c4h, wie bitte? Steinmeier hat sich NOCH NIE f\u00fcr Demokratie interessiert. Die Hartz-Gesetze hatte er nicht nur gegen interne Widerst\u00e4nde, sondern auch gegen den Bev\u00f6lkerungswillen durchgedr\u00fcckt. Auch die Rentenk\u00fcrzungen hatte er gegen den Bev\u00f6lkerungswillen durchgesetzt. Und nicht zu vergessen: Der NSA gegen den Bev\u00f6lkerungswillen hierzulande einen Freibrief ausgestellt, sowie Deutschland wieder zum kriegsf\u00fchrenden Land gemacht &#8211; selbstverst\u00e4ndlich erneut gegen die Bev\u00f6lkerungsmehrheit.<\/p>\n<p>Steinmeier ein Demokrat? Es darf gelacht werden. Steinmeier hat WEGEN seiner politischen Agenda jede Wahl verloren, in der er sich gegen\u00fcber der Bev\u00f6lkerung stellen musste. Und Steinmeier wurde WEGEN seiner politischen Agenda trotzdem immer weiter Oben eingepflanzt. Steinmeier ist kein Demokrat, sondern ein Lautsprecher des Kapitals. Und nur deshalb darf er weitermachen.<\/p>\n<p>Von jeder Parteizeitung kann man ein derart unterw\u00fcrfiges Geschreibsel \u00fcber ihre Politgestalten erwarten. Dieser &#8222;Bericht&#8220; steht aber in der Tagesschau. Dass die \u00d6ffentlich-Rechten inzwischen <a href='http:\/\/meedia.de\/2018\/05\/04\/forsa-umfrage-von-rtl-weniger-als-die-haelfte-der-deutschen-sieht-programmauftrag-der-oeffentlich-rechtlichen-sender-erfuellt' class='azc_bbc_url'>als Staatspresse bel\u00e4chelt wird<\/a>, liegt ganz allein an ihr selbst.<\/p>\n<p>Und Lacher am Rande: Der Bericht \u00fcber diesen <span class='azc_bbc_strike'>Schreibtischt\u00e4ter<\/span> SPD-Politiker beginnt dann auch noch mit einem Ausflug nach Karl Marx <img class='azc_bbc_image' src='https:\/\/www.rume.de\/smilies\/clown.gif'  \/> Sogar der FAZ-Redakteur Dietmar Dath <a href='https:\/\/www.freitag.de\/autoren\/der-freitag\/kalte-wut-kaempf' class='azc_bbc_url'>sagt \u00fcber die SPD nur<\/a>: <span class='azc_bbc_italic'>&#8222;Mit Ausnahme von Fu\u00dfball gibt es auf der Welt nichts, was mich weniger interessiert als dieses idiotische Zeug der traditionsreichen Partei der Kriegskredite, der Ebert-Noske-Schweinereien, des Radikalenerlasses, des NATO-Doppelbeschlusses, der Hartz-IV-Gesetze, des Jugoslawienkrieges und was man sonst noch alles bestimmt nicht bei Marx findet.&#8220;<\/span><\/p>\n<p>Tats\u00e4chlich haben sich alle SPD-Verantwortlichen stets &#8222;unter Bauchschmerzen&#8220; auf die Seite der Reichen gestellt, wenn sie vor die Frage gestellt wurden: Demokratie oder Kapitalismus?<\/p>\n<p><a href='https:\/\/www.rubikon.news\/artikel\/der-oligarchen-schwindel' class='azc_bbc_url'>Wenn Oligarchen das &#8222;bedingungslose Grundeinkommen&#8220; fordern<\/a><br \/>\n<span class='azc_bbc_italic'>&#8222;Eine Reihe von herrschenden Oligarchen &#8211; darunter Mark Zuckerberg (Reinverm\u00f6gen 64,1 Milliarden Dollar), Elon Musk (20,8 Milliarden), Richard Branson (5,1 Milliarden) und Stewart Butterfield (1,6 Milliarden) &#8211; treten f\u00fcr ein bedingungsloses Grundeinkommen ein. Das h\u00f6rt sich fortschrittlich an. Sie verpacken ihre Vorschl\u00e4ge in die moralische Sprache der Sorge um die Notleidenden und Mittellosen.<\/p>\n<p>Dahinter steckt aber die klare Erkenntnis, vor allem im Silicon Valley, dass die mit Hilfe dieser Oligarchen erschaffene Welt derart in Schieflage ist, dass die k\u00fcnftigen Konsumenten &#8211; geplagt von der Angst um den Arbeitsplatz, den unterdurchschnittlichen L\u00f6hnen, der Automatisierung und der l\u00e4hmenden Verschuldung &#8211; nicht mehr f\u00fcr die von den Gro\u00dfkonzernen angebotenen Produkte und Dienstleistungen werden bezahlen k\u00f6nnen.<\/p>\n<p>Die Oligarchen schlagen keine Strukturver\u00e4nderungen vor. Sie wollen keine Regulierung f\u00fcr Unternehmen und Finanzm\u00e4rkte. Sie unterst\u00fctzen keine Gewerkschaften. Sie wollen keine existenzsichernden L\u00f6hne, weder f\u00fcr ihre leibeigenen Arbeiter in der Dritten Welt, noch f\u00fcr die amerikanischen Arbeitnehmer in ihren Lagerhallen, Versandzentren oder am Steuer ihrer Zustellfahrzeuge. Sie beabsichtigen nicht, kostenlose Bildung, gesetzliche Krankenversicherung oder angemessene Renten f\u00fcr alle einzuf\u00fchren.<\/p>\n<p>Vielmehr suchen sie nach Wegen, weiterhin die Arbeitnehmer mit Minimall\u00f6hnen abspeisen und sie nach Gutd\u00fcnken feuern und wieder einstellen zu k\u00f6nnen. Die H\u00f6llenfabriken und Ausbeutungsbetriebe in China und der Dritten Welt, wo Arbeiter unter einem Dollar pro Stunde verdienen, sollen weiter am laufenden Band die Produkte der Oligarchen produzieren und ihren obsz\u00f6nen Reichtum mehren.&#8220;<\/span> <a href='https:\/\/www.rubikon.news\/artikel\/der-oligarchen-schwindel' class='azc_bbc_url'>Weiterlesen&#8230;<\/a><\/p>\n<p><a href='https:\/\/www.rubikon.news\/artikel\/gestatten-elite' class='azc_bbc_url'>Jacobs University Bremen darf auf Staatskosten weiter Misswirtschaft betreiben<\/a><br \/>\n<span class='azc_bbc_italic'>&#8222;Eine private Universit\u00e4t in Bremen schreibt, obwohl mit massenhaft Steuergeld gep\u00e4ppelt, seit bald 20 Jahren rote Zahlen. Im gleichen Zeitraum wurden die Landeshochschulen auf Magerkost gesetzt. Geld, das ihnen an allen Ecken und Enden fehlt, verpulvert die Politik f\u00fcr ein gescheitertes Gesch\u00e4ftsmodell.<\/p>\n<p>Eigentlich sollte 2017 Schluss damit sein. Tats\u00e4chlich wollen SPD und GR\u00dcNE jetzt aber noch eine Schippe drauflegen und dem Investor die Last eines 50-Millionen-Euro-Kredits abnehmen. Dann k\u00f6nnte man den Laden auch gleich verstaatlichen, widersprechen Kritiker der behaupteten &#8222;Alternativlosigkeit&#8220;. Doch entschieden wird der Fall ohnehin anderswo, in Z\u00fcrich, am Sitz der Jacobs Foundation. Sie diktiert &#8211; die Regierung gehorcht.&#8220;<\/span> <a href='https:\/\/www.rubikon.news\/artikel\/gestatten-elite' class='azc_bbc_url'>Weiterlesen&#8230;<\/a><\/p>\n<p>Anmerkung von mir: Dass man Steuergeld &#8222;verpulvert&#8220;, davon kann keine Rede sein. SPD und GR\u00dcNE sind schliesslich kapitalistische Parteien. Und die Vermehrung von Reichtum ist das oberste Ziel im Kapitalismus. Insofern regieren SPD und GR\u00dcNE geradezu vorbildlich. Sicherlich nicht in unserem Sinne, aber ganz im Sinne ihrer Daseinsberechtigung <img class='azc_bbc_image' src='https:\/\/www.rume.de\/smilies\/nasiehste.gif'  \/><\/p>\n<p><a href='https:\/\/www.abgeordnetenwatch.de\/blog\/2018-05-02\/siemens-daimler-volkswagen-die-tatigkeiten-von-regierungsbeamten-der-wirtschaft' class='azc_bbc_url'>Regierungsbeamte arbeiten im Sonderurlaub als Lobbyist<\/a><br \/>\nEine aktuelle Antwort der Bundesregierung auf eine LINKEN-Anfrage listet \u00fcber 40 Regierungsbeamte auf, die w\u00e4hrend ihres Sonderurlaubs eine T\u00e4tigkeit in Unternehmen und Wirtschaftsverb\u00e4nden aus\u00fcben &#8211; teilweise in Leitungspositionen und mehrere Jahre lang. Interessenkonflikte mag die Gro\u00dfe Koalition nicht erkennen, im Gegenteil: Selbst der Lobbyjob eines Staatsdieners bei Volkswagen sei &#8222;im besonderen Interesse der Bundesregierung&#8220;.<\/p>\n<p>Oder kurz gesagt: Die beste Demokratie, die man sich kaufen kann <img class='azc_bbc_image' src='https:\/\/www.rume.de\/smilies\/nasiehste.gif'  \/><\/p>\n<p><a href='https:\/\/www.tagesspiegel.de\/wirtschaft\/21237184.html' class='azc_bbc_url'>Nach Facebook-Datenskandal: Cambridge Analytica meldet Insolvenz an<\/a><br \/>\nNa dann ist der Datenschutz jetzt ja gerettet und man kann sich bei Facebook wieder alles vom Herzen schreiben <img class='azc_bbc_image' src='https:\/\/www.rume.de\/smilies\/sarkasm.gif'  \/><\/p>\n<p><a href='https:\/\/blog.fdik.org\/2018-05\/s1525533135' class='azc_bbc_url'>Propaganda-Artikel des Tages: &#8222;Bundeswehr soll verst\u00e4rkt Deutschland verteidigen&#8220;<\/a><br \/>\nUnd die um 20 Prozent gesunkenen (!) Milit\u00e4rausgaben von Russland hat man <a href='https:\/\/propagandaschau.wordpress.com\/2018\/05\/03\/ard-zdf-und-die-gesunkenen-ruestungsausgaben-russlands' class='azc_bbc_url'>sowohl in ARD wie auch ZDF<\/a> perfekt im Sinne der NATO-Propagandalinie aufbereitet, so dass die Fernsehsesselleichen zuhause glauben, neutrale Nachrichten zu bekommen <img class='azc_bbc_image' src='https:\/\/www.rume.de\/smilies\/sarkasm.gif'  \/><\/p>\n<p><a href='https:\/\/propagandaschau.wordpress.com\/2018\/05\/05\/die-propaganda-des-wdr-verschweigt-einmal-mehr-gruende-fuer-nawalny-verhaftung' class='azc_bbc_url'>WDR verschweigt einmal mehr die Gr\u00fcnde der Nawalny-Verhaftung<\/a><br \/>\nDer WDR vermeldet in den sogenannten &#8222;Nachrichten&#8220;, dass der &#8222;russische Oppositionsf\u00fchrer&#8220; Nawalny festgenommen wurde. In Wahrheit ist der Nationalist Nawalny kein Oppositionsf\u00fchrer, denn er hat noch nicht einmal einen Sitz im russischen Parlament. Zudem werden die Gr\u00fcnde der Verhaftung auch dieses Mal verschwiegen. Das ist eine bekannte Masche: Russland soll n\u00e4mlich als Unrechts- und Polizeistaat angeschmiert werden. Dass der vom Westen zum &#8222;Oppositionsf\u00fchrer&#8220; hochstilisierte Nawalny immer wieder Demos an Orten organisiert, von denen er wei\u00df, dass die Beh\u00f6rden sie dort nicht genehmigen werden, ist nat\u00fcrlich kein Zufall, sondern hat Methode. Eben damit &#8222;kritische&#8220; und &#8222;seri\u00f6se&#8220; Nachrichtensender immer wieder \u00fcber ihn als &#8222;russischen Vorzeige-Rebellen&#8220; berichten k\u00f6nnen.<\/p>\n<p>Bei der ARD gibt es <a href='http:\/\/www.ard.de\/home\/ard\/23116\/index.html?q=nawalny' class='azc_bbc_url'>10 Seiten an &#8222;Nachrichten&#8220;<\/a> und <a href='https:\/\/www.zdf.de\/suche?q=Nawalny&#038;synth=true&#038;sender=Gesamtes+Angebot&#038;from=&#038;to=&#038;attrs=' class='azc_bbc_url'>beim ZDF ganze 54 &#8222;Nachrichten&#8220;<\/a> \u00fcber ihren Lieblingsrussen Alexei Nawalny, der auch schon mal <a href='https:\/\/de.wikipedia.org\/wiki\/Alexei_Anatoljewitsch_Nawalny#N%C3%A4he_zum_Nationalismus' class='azc_bbc_url'>die &#8222;Deportation von zersetzenden Elementen&#8220; forderte<\/a>.<\/p>\n<p>DAS ist der Held der \u00d6ffentlich-Rechten hierzulande. Muss man mehr wissen?<\/p>\n<p>\u00dcbrigens: Auch in Deutschland werden nicht genehmigte Demonstrationen polizeilich aufgel\u00f6st und deren Hauptakteure festgenommen. Seitenweise Berichterstattung dar\u00fcber gibt es bei ARD und ZDF aber (nat\u00fcrlich) nicht. Passt halt nicht zur Propagandalinie.<\/p>\n<p><a href='https:\/\/www.rubikon.news\/artikel\/medien-missbrauchen-fluchtlinge' class='azc_bbc_url'>Politik und Medien missbrauchen Fl\u00fcchtlinge<\/a><br \/>\n<span class='azc_bbc_italic'>&#8222;Seit Tagen wird die Meldung lanciert, die syrische Regierung w\u00fcrde Fl\u00fcchtlinge per Dekret enteignen. Dabei handelt es sich um eine gezielte Falschmeldung, denn ein solches Dekret oder Gesetz gibt es gar nicht. Es ist einfach frei erfunden und es ist \u00e4u\u00dferst perfide, auf eine solche Art und Weise, wie es deutsche Medien und Politiker tun, r\u00fcckkehrwillige syrische Fl\u00fcchtlinge gegen die eigene Regierung aufzuhetzen.&#8220;<\/span> <a href='https:\/\/www.rubikon.news\/artikel\/medien-missbrauchen-fluchtlinge' class='azc_bbc_url'>Weiterlesen&#8230;<\/a><\/p>\n<p><a href='https:\/\/www.heise.de\/tp\/features\/EU-startet-Langstreckendrohnen-zur-Grenzueberwachung-4038306.html' class='azc_bbc_url'>Frontex setzt Langstreckendrohnen zur \u00dcberwachung des Mittelmeers ein<\/a><br \/>\nNoch sind die eingesetzten &#8222;Predator&#8220;-Drohnen der italienischen Luftwaffe (!) ohne Waffensysteme. Und offiziell dient deren Einsatz der Seenotrettung und Aufkl\u00e4rung. Das all dies nur vorgeschoben ist, erkennt man schon daran, dass man f\u00fcr Fl\u00fcchtlinge stattdessen auch sichere Fluchtwege \u00f6ffnen k\u00f6nnte, statt diese Menschen elendig im Mittelmeer krepieren zu lassen und per Killerdrohne zuzuschauen (bzw. nachzuhelfen).<\/p>\n<p>Freie Wege gibt es eben nur f\u00fcr die Wirtschaft, aber nicht f\u00fcr Menschen.<\/p>\n<p><a href='https:\/\/www.wsws.org\/de\/articles\/2018\/05\/03\/buer-m03.html' class='azc_bbc_url'>Menschenunw\u00fcrdige Zust\u00e4nde in der Abschiebehaftanstalt B\u00fcren<\/a><br \/>\n<span class='azc_bbc_italic'>&#8222;Niemand darf der Folter oder grausamer, unmenschlicher oder erniedrigender Behandlung oder Strafe unterworfen werden&#8220; &#8211; so lautet Artikel 5 der Allgemeinen Erkl\u00e4rung der Menschenrechte. Ein Bericht im aktuellen SPIEGEL \u00fcber die Zust\u00e4nde in der Haftanstalt B\u00fcren (NRW) widerspricht eindeutig diesem Grundsatz.<\/p>\n<p>Doch die brutale Fl\u00fcchtlingspolitik wird von allen Parteien getragen. So geht der Ausbau B\u00fcrens zur reinen Abschiebehaftanstalt auf den fr\u00fcheren Innenminister Ralf J\u00e4ger (SPD) zur\u00fcck. Auch die aktuell amtierende Landesregierung, die CDU\/FDP-Koalition unter Ministerpr\u00e4sident Armin Laschet, reagiert nicht auf die Kritik an den Zust\u00e4nden in B\u00fcren. Im Gegenteil. Sie hat vor kurzem beschlossen, das Gesetz zur Abschiebehaft zu versch\u00e4rfen.&#8220;<\/span> <a href='https:\/\/www.wsws.org\/de\/articles\/2018\/05\/03\/buer-m03.html' class='azc_bbc_url'>Weiterlesen&#8230;<\/a><\/p>\n<p>Dazu passt auch:<\/p>\n<p><a href='https:\/\/www.taz.de\/!5500584' class='azc_bbc_url'>Was geschah in Ellwangen?<\/a><br \/>\n<span class='azc_bbc_italic'>&#8222;Polizei und Politik sprechen von Angriffen, Gewalt und wom\u00f6glich versteckten Waffen. &#8222;Ein Schlag ins Gesicht der rechtstreuen Bev\u00f6lkerung&#8220;, zog  Bundesinnenminister Horst Seehofer (CSU) kr\u00e4ftig vom Leder. Doch unsere Recherche zeigt: Kaum ein Vorwurf erh\u00e4rtet sich. Ein Sprecher der Polizei Aalen r\u00e4umte ein, es sei lediglich ein Beamter &#8222;verletzt&#8220; worden. Was ihm genau passiert sei, sagte er nicht. Von dem Vorwurf der &#8222;Angriffe&#8220; und &#8222;Gewalt&#8220; war nicht mehr viel \u00fcbrig. Gefunden wurden auch keine Waffen. Stattdessen: &#8222;Gefunden wurden Gegenst\u00e4nde des t\u00e4glichen Lebens, die auch als Schlagwerkzeuge eingesetzt werden k\u00f6nnen&#8220;, so der Sprecher.&#8220;<\/span> <a href='https:\/\/www.taz.de\/!5500584' class='azc_bbc_url'>Weiterlesen&#8230;<\/a><\/p>\n<p>Meine Frage w\u00e4re ja: Wenn man 500 Deutsche mehrere Wochen in eine viel zu kleine Unterkunft (ohne Besch\u00e4ftigung, ohne Privatsph\u00e4re) einsperren w\u00fcrde &#8211; wie lange w\u00fcrde es unter dieser &#8222;rechtstreuen Bev\u00f6lkerung&#8220; wohl ruhig zugehen?<\/p>\n<p><a href='https:\/\/uebermedien.de\/27662\/mc-maischberger-was-man-alles-sagen-darf' class='azc_bbc_url'>Maischberger: Was man alles sagen darf<\/a><br \/>\nEin Kurzvideo.<\/p>\n<p><a href='http:\/\/sprachlos-blog.de\/wdbb_abschiebeverhinderungsindustrie' class='azc_bbc_url'>Abschiebeverhinderungsindustrie<\/a><br \/>\nNoch so ein Wort, dass heutzutage <a href='http:\/\/www.sueddeutsche.de\/politik\/asylpolitik-dobrindt-beklagt-anti-abschiebe-industrie-1.3968956' class='azc_bbc_url'>ganz offen ausgesprochen wird<\/a>. Und das auch noch als Schimpfwort gegen alle, denen Mitmenschlichkeit und Hilfsbereitschaft noch etwas bedeutet.<\/p>\n<p>Ab wann nochmal genau spricht man von Faschisten?<\/p>\n<p>Und zu guter Letzt:<\/p>\n<p><a href='http:\/\/tomicek.de\/images\/tomicek_bw\/18_05_04_VW-Winterkorn-Klage_Abgasskandal_f.jpg' class='azc_bbc_url'>Neulich im Radio<\/a><br \/>\n<img class='azc_bbc_image' src='https:\/\/www.rume.de\/smilies\/nasiehste.gif'  \/><\/p>\n","protected":false},"excerpt":{"rendered":"<p>\/ Armenbeschimpfung \/ Nie wieder SimbA \/ Arbeitslosengeld II: Kinder bleiben weiterhin die Verlierer \/ Niedrigzinsphase: Arbeitnehmer m\u00fcssen um Betriebsrenten zittern \/ Sinkende Investitionen: Planungen von Scholz sind ein Skandal \/ Gut am &#8222;Gute-Kita-Gesetz&#8220; ist lediglich der Titel \/ Nach dem &#8222;Gute-Kita-Gesetz&#8220; &#8211; das planen Union und SPD als n\u00e4chstes \/ Bundespr\u00e4sident Steinmeier (SPD): Der &hellip; <a href=\"https:\/\/www.rume.de\/?p=607\" class=\"more-link\"><span class=\"screen-reader-text\">\u201eAufgelesen und kommentiert 2018-05-06\u201c <\/span>weiterlesen<\/a><\/p>\n","protected":false},"author":1,"featured_media":0,"comment_status":"open","ping_status":"closed","sticky":false,"template":"","format":"standard","meta":{"footnotes":""},"categories":[2],"tags":[],"class_list":["post-607","post","type-post","status-publish","format-standard","hentry","category-aufgelesen"],"_links":{"self":[{"href":"https:\/\/www.rume.de\/index.php?rest_route=\/wp\/v2\/posts\/607","targetHints":{"allow":["GET"]}}],"collection":[{"href":"https:\/\/www.rume.de\/index.php?rest_route=\/wp\/v2\/posts"}],"about":[{"href":"https:\/\/www.rume.de\/index.php?rest_route=\/wp\/v2\/types\/post"}],"author":[{"embeddable":true,"href":"https:\/\/www.rume.de\/index.php?rest_route=\/wp\/v2\/users\/1"}],"replies":[{"embeddable":true,"href":"https:\/\/www.rume.de\/index.php?rest_route=%2Fwp%2Fv2%2Fcomments&post=607"}],"version-history":[{"count":1,"href":"https:\/\/www.rume.de\/index.php?rest_route=\/wp\/v2\/posts\/607\/revisions"}],"predecessor-version":[{"id":608,"href":"https:\/\/www.rume.de\/index.php?rest_route=\/wp\/v2\/posts\/607\/revisions\/608"}],"wp:attachment":[{"href":"https:\/\/www.rume.de\/index.php?rest_route=%2Fwp%2Fv2%2Fmedia&parent=607"}],"wp:term":[{"taxonomy":"category","embeddable":true,"href":"https:\/\/www.rume.de\/index.php?rest_route=%2Fwp%2Fv2%2Fcategories&post=607"},{"taxonomy":"post_tag","embeddable":true,"href":"https:\/\/www.rume.de\/index.php?rest_route=%2Fwp%2Fv2%2Ftags&post=607"}],"curies":[{"name":"wp","href":"https:\/\/api.w.org\/{rel}","templated":true}]}}