{"id":605,"date":"2018-05-02T22:15:51","date_gmt":"2018-05-02T20:15:51","guid":{"rendered":"http:\/\/rume.katti.eu\/?p=605"},"modified":"2018-05-02T22:15:51","modified_gmt":"2018-05-02T20:15:51","slug":"aufgelesen-und-kommentiert-2018-05-02","status":"publish","type":"post","link":"https:\/\/www.rume.de\/?p=605","title":{"rendered":"Aufgelesen und kommentiert 2018-05-02"},"content":{"rendered":"<p>\/ Gerechtigkeit &#8211; und Hartz IV<br \/>\n\/ Bedingungsloses Grundeinkommen: Mangel an Vorstellung<br \/>\n\/ Niedriger Lohn &#8211; Kapitalismus abschaffen!<br \/>\n\/ Arbeitslosenversicherung: Nahles will \u00dcbersch\u00fcsse f\u00fcr Weiterbildung nutzen<br \/>\n\/ Finanzminister Scholz (SPD) will weniger Geld investitieren<br \/>\n\/ Milliardenschwere Aufr\u00fcstung: Das fragw\u00fcrdige 2-Prozent-Ziel der NATO<br \/>\n\/ Das deutsche Heer probt den B\u00fcrgerkrieg<br \/>\n\/ Sachsens geplantes Polizeigesetz: Granaten, Maschinengewehre, Taser<br \/>\n\/ Zur Debatte um Klasse, Migration und Einwanderung in der LINKEN<br \/>\n\/ ARD &#8222;Faktenfinder&#8220;: Alle Fakten \u00fcber den Giftgas-Fake von Duma unterdr\u00fcckt<br \/>\n\/ ARD tagesthemen verbreiten L\u00fcgen und Desinformation \u00fcber den Wiederaufbau in Syrien<br \/>\n\/ Dieselbetrug: Geheimes Regierungsgutachten fordert Hardware-Nachr\u00fcstungen<br \/>\n\/ Bundesverkehrsminister Scheuer lehnt Hardware-Nachr\u00fcstungen weiter ab<br \/>\n\/ Konsumverhalten im Westen<br \/>\n\/ Deutsche Brennelemente f\u00fcr Pannen-AKW Doel<br \/>\n\/ Merkels Atomausstieg: AKW-Betreiber sollen mit rund einer Milliarde Euro entsch\u00e4digt werden<br \/>\n\/ Premiumdenker der Gegenwart: Markus S\u00f6der<\/p>\n<p>&#8212;<\/p>\n<p><!--more--><\/p>\n<p><a href='https:\/\/diefreiheitsliebe.de\/politik\/meinungsstark-politik\/gerechtigkeit-herz-statt-hartz' class='azc_bbc_url'>Gerechtigkeit &#8211; und Hartz IV<\/a><br \/>\n<span class='azc_bbc_italic'>&#8222;Liane ist verheiratet und hat drei Kinder zwischen acht und 17 Jahren. Ihr Mann verlor seinen Job, weil er krank wurde. Sie arbeitet meist in Minijobs, 150 Euro darf sie davon behalten, der Rest wird auf die Hartz-IV-Bez\u00fcge angerechnet. Ihr Gro\u00dfer hat nun einen Ausbildungsplatz bekommen. Von seiner Verg\u00fctung darf er 100 Euro behalten, der Rest wird auf ebenfalls auf die Hartz-IV-Bez\u00fcge angerechnet, denn sie bilden eine sogenannte Bedarfsgemeinschaft.&#8220;<\/span> <a href='https:\/\/diefreiheitsliebe.de\/politik\/meinungsstark-politik\/gerechtigkeit-herz-statt-hartz' class='azc_bbc_url'>Weiterlesen&#8230;<\/a><\/p>\n<p><a href='http:\/\/endlessgoodnews.blogspot.de\/2018\/05\/mangel-vorstellung.html' class='azc_bbc_url'>Bedingungsloses Grundeinkommen: Mangel an Vorstellung<\/a><br \/>\nEin perfekter Konter <img class='azc_bbc_image' src='https:\/\/www.rume.de\/smilies\/nasiehste.gif'  \/><\/p>\n<p><a href='https:\/\/www.freitag.de\/autoren\/elsa-koester\/das-ist-ausbeutung' class='azc_bbc_url'>Niedriger Lohn &#8211; Kapitalismus abschaffen!<\/a><br \/>\n<span class='azc_bbc_italic'>&#8222;Rund 3,7 Millionen Vollzeitbesch\u00e4ftigte verdienen weniger als 2.000 Euro brutto im Monat. Doch auch ein h\u00f6herer Mindestlohn schafft Ausbeutungsverh\u00e4ltnisse nicht ab&#8220;<\/span>, berichtet der FREITAG. Und man bemerkt, dass der 200. Geburtstag von Karl Marx n\u00e4her r\u00fcckt. Die Berichte st\u00fctzen sich erfreulicherweise vermehrt auf seine (viel zu oft ignorierten) Erkenntnisse <img class='azc_bbc_image' src='https:\/\/www.rume.de\/smilies\/biggrin.gif'  \/><\/p>\n<span class='azc_bbc_italic'>&#8222;Ausbeutung&#8220; ist nach Marx keine Bezeichnung f\u00fcr besonders schlechte Arbeitsbedingungen, sondern eine analytische Bezeichnung f\u00fcr das Produktionsverh\u00e4ltnis im Kapitalismus. &#8222;Ausbeutung&#8220; trifft also auf alle zu, die ihre Arbeitskraft im Kapitalismus verkaufen m\u00fcssen, ob sie das nun f\u00fcr einen l\u00e4ppischen Mindestlohn von 8,84 Euro tun oder f\u00fcr das Dreifache.<\/p>\n<p>Um die Ausbeutung sozialvertr\u00e4glich abzumildern, br\u00e4uchte es nicht viel: zum Beispiel eine Erh\u00f6hung des Mindestlohns auf mindestens 12 Euro, wie von der Linken gefordert. Doch selbst die ambitionierteste Umverteilung wird die Ausbeutung nicht abschaffen. Die Forderung nach mehr Mindestlohn ist richtig, aber nicht revolution\u00e4r &#8211; selbst Olaf Scholz sprach sie bereits aus. Wer Ausbeutung wirklich abschaffen will, muss dem Kapital die Produktionsmittel enteignen und unter demokratische Kontrolle bringen. Wer kapitalistische Ausbeutung abschaffen will, muss den Kapitalismus abschaffen.&#8220;<\/span>\n<p>Dazu passt auch:<\/p>\n<p><a href='http:\/\/www.spiegel.de\/wirtschaft\/soziales\/andrea-nahles-will-ueberschuesse-fuer-weiterbildung-nutzen-a-1205765.html' class='azc_bbc_url'>Arbeitslosenversicherung: Nahles will \u00dcbersch\u00fcsse f\u00fcr Weiterbildung nutzen<\/a><br \/>\n<span class='azc_bbc_italic'>&#8222;SPD-Vorsitzende Andrea Nahles will das Finanzpolster der Arbeitslosenversicherung nutzen, um Fortbildungen zu bezahlen. Das sei sinnvoller, als die Beitragss\u00e4tze zu senken&#8220;<\/span>, berichtet das ehemalige Nachrichtenmagazin.<\/p>\n<p>Ich will an dieser Stelle gar nicht darauf herumreiten, was eine Beitragssenkung an realen Auswirkungen h\u00e4tte und ob Fortbildung nicht Sache der Firmen ist. Der Fakt ist doch, dass es ohnehin nicht genug existenzsichernde Arbeitspl\u00e4tze f\u00fcr alle gibt. Wie also soll Weiterbildung dagegen helfen? Dazu noch als &#8222;Massnahme&#8220; vom Jobcenter verabreicht, obwohl genau diese &#8222;Massnahmen&#8220; jedes Jahr aufs Neue vom Bundesrechnungshof als millionenteure Geldverschwendung angeprangert werden?<\/p>\n<p>Auch Akademiker arbeiten l\u00e4ngst f\u00fcr Hungerl\u00f6hne. Das ist auch nur logisch, denn mehr Bildung bringt nicht automatisch mehr Arbeitspl\u00e4tze. Wenn einer im  Kino aufsteht, verschafft er sich kurzfristig einen Vorteil. Wenn andere es ihm aber nachmachen, ist der Vorteil dahin &#8211; aber es wird f\u00fcr alle unbequemer!<\/p>\n<p>Und so ist das auch bei der Arbeitslosigkeit. Hier beschimpft SPD-Nahles die Arbeitslosen, dass sie sich weiterbilden sollen, dann geht es ihnen besser. Der Mangel an existenzsichernden Arbeitspl\u00e4tzen ist aber nicht die Schuld der Arbeitslosen, sondern die Schuld der Regierenden. Was die SPD hier also (mal wieder) betreibt, ist das gegeneinander Aufhetzen der Lohnabh\u00e4ngigen. Jeder soll &#8222;eigenverantwortlich&#8220; seine Mitmenschen nieder konkurrieren &#8211; und die Verlierer dieses Ellenbogenspiels sind dann halt &#8222;selbst schuld&#8220;, obwohl es weiterhin millionenfach an existenzsichernden Arbeitspl\u00e4tzen mangelt.<\/p>\n<p>Aber das muss wohl diese SPD-Erneuerung sein, \u00fcber die sie st\u00e4ndig reden <img class='azc_bbc_image' src='https:\/\/www.rume.de\/smilies\/sarkasm.gif'  \/><\/p>\n<p>Und dazu passt auch:<\/p>\n<p><a href='http:\/\/www.sueddeutsche.de\/politik\/exklusiv-bund-will-weniger-investieren-1.3962861' class='azc_bbc_url'>Finanzminister Scholz (SPD) will weniger Geld investitieren<\/a><br \/>\n<span class='azc_bbc_italic'>&#8222;Der Ausbau von Schulen, Stra\u00dfen, Schienen und Netzen sollte laut Koalitionsvertrag kr\u00e4ftig vorangetrieben, Investitionen in die medizinische Versorgung sowie in die Digitalisierung sollten bef\u00f6rdert werden. In der konkreten Haushalts- und Finanzplanung findet sich dieses Versprechen allerdings nicht wieder&#8220;<\/span>, berichtet die S\u00fcddeutsche. <span class='azc_bbc_italic'>&#8222;Die Haushaltsplanungen von Finanzminister Scholz (SPD) sehen einen R\u00fcckgang der Ausgaben von knapp 38 Milliarden 2019 auf 33,5 Milliarden bis 2022 vor.&#8220;<\/span><\/p>\n<p>Aber wof\u00fcr wird das Geld denn stattdessen gebraucht, wenn nicht f\u00fcr die Zukunft unseres Landes?<\/p>\n<p><a href='https:\/\/www1.wdr.de\/daserste\/monitor\/sendungen\/milliardenschwere-aufruestung-100.html' class='azc_bbc_url'>Milliardenschwere Aufr\u00fcstung: Das fragw\u00fcrdige 2-Prozent-Ziel der NATO<\/a><br \/>\nDer WDR kommentiert: <span class='azc_bbc_italic'>&#8222;Zwei Prozent, das klingt erstmal wenig, bedeutet aber fast eine Verdoppelung des deutschen R\u00fcstungsetats. Und weil Deutschland das \u00f6konomisch st\u00e4rkste Land in Europa ist, w\u00fcrde es dann den Kontinent auch milit\u00e4risch dominieren. Hatten wir schon mal. Die Frage ist: Wollen wir das wirklich wieder?&#8220;<\/span><\/p>\n<p>Beim <a href='http:\/\/www.spiegel.de\/politik\/ausland\/sipri-studie-china-ruestet-russland-spart-usa-dominieren-a-1204466.html' class='azc_bbc_url'>ehemaligen Nachrichtenmagazin<\/a> gibt es die passenden Zahlen zu den Milit\u00e4rausgaben:<\/p>\n<p>&#8211; USA 610 Milliarden Dollar<br \/>\n&#8211; Russland 66 Milliarden Dollar<br \/>\n&#8211; Deutschland dann 73 Milliarden Dollar<\/p>\n<p>\u00dcber diesen ganzen Milit\u00e4rwahnsinn hat <a href='https:\/\/www.youtube.com\/watch?v=622VUfiDEIE' class='azc_bbc_url'>Gregor Gysi schon alles Notwendige gesagt<\/a>. Denkt daran, wenn mal wieder gut bezahlte Jobs, sichere Renten und eine gute medizinische Versorgung als <a href='https:\/\/www.wsws.org\/de\/articles\/2018\/05\/02\/haus-m02.html' class='azc_bbc_url'>&#8220;unfinanzierbar&#8220;<\/a> durch die Qualit\u00e4tspresse gejagt wird.<\/p>\n<p><a href='https:\/\/www.wsws.org\/de\/articles\/2018\/04\/30\/schn-a30.html' class='azc_bbc_url'>Das deutsche Heer probt den B\u00fcrgerkrieg<\/a><br \/>\n<span class='azc_bbc_italic'>&#8222;560 Soldaten \u00fcbten auf dem Gel\u00e4nde des Gefechts\u00fcbungszentrums Heer (G\u00dcZ) die Erst\u00fcrmung von Wohnh\u00e4usern, die Zerst\u00f6rung von Barrikaden und den Angriff auf Flugplatz und Tower. Die Bundeswehr geht augenscheinlich davon aus, bei ihren imperialistischen Raubz\u00fcgen in Mali, Afghanistan und vielen weiteren L\u00e4ndern Situationen wie diese zu erzeugen. Doch die \u00dcbung erf\u00fcllt noch einen weiteren Zweck. &#8222;Ganz nah an der Realit\u00e4t&#8220; (offizieller Bericht des Heers) bereitet sich die Bundeswehr auch auf B\u00fcrgerkriegszust\u00e4nde im Inneren Deutschlands und der EU vor. Sp\u00e4testens seit den ersten gemeinsamen \u00dcbungen von Polizei und Bundeswehr ist das offensichtlich.<\/p>\n<p>Im M\u00e4rz 2017 kamen im Rahmen der GETEX (&#8222;Gemeinsame Terrorismusabwehr-Exercise&#8220;) neben 360 Soldaten der Bundeswehr auch Sondereinsatzkommandos der Polizei zum Einsatz, ausger\u00fcstet mit Hubschraubern, besonders gesch\u00fctzten Fahrzeugen, Aufkl\u00e4rungsdrohnen und Sprengstoffentsch\u00e4rfungsrobotern. Nun soll auch die f\u00fcr November dieses Jahres angek\u00fcndigte L\u00dcKEX (&#8222;L\u00e4nder\u00fcbergreifende strategische Krisenmanagement-Exercise&#8220;) erstmals gemeinsam mit den Streitkr\u00e4ften stattfinden. Das Szenario der \u00dcbung ist bezeichnenderweise &#8222;ein gro\u00dffl\u00e4chiger Ausfall der Gasversorgung im Winter&#8220;; eine Situation, die beispielsweise durch einen branchenweiten Streik im Energiesektor eintreten k\u00f6nnte.<\/p>\n<p>Seit der Amts\u00fcbernahme der Gro\u00dfen Koalition vergeht kaum ein Tag, an dem die Pl\u00e4ne f\u00fcr den Aufbau eines \u00dcberwachungsstaates auf Bundes- und L\u00e4nderebene nicht konkretisiert und vorangetrieben werden. Die wirklichen Motive werden in einem Dokument des Instituts f\u00fcr Sicherheitsstudien der Europ\u00e4ischen Union mit dem Titel &#8222;Perspektiven f\u00fcr die Europ\u00e4ische Verteidigung 2020&#8220; bemerkenswert unumwunden ausformuliert. Das Papier sieht die Aufgabe k\u00fcnftiger Milit\u00e4reins\u00e4tze unter anderem im &#8222;Schutz der Reichen dieser Welt vor den Spannungen und Problemen der Armen&#8220;. &#8222;Da der Anteil der armen, frustrierten Weltbev\u00f6lkerung weiterhin sehr hoch sein wird, werden sich die Spannungen zwischen dieser Welt und der Welt der Reichen weiter versch\u00e4rfen &#8211; mit entsprechenden Konsequenzen&#8220;, hei\u00dft es dort weiter.<\/p>\n<p>Seitdem das Papier im Jahr 2011 ver\u00f6ffentlicht wurde, hat die soziale Ungleichheit in Deutschland und Europa weiter zugenommen. So ergab etwa eine Anfang des Jahres ver\u00f6ffentlichte Studie des Deutschen Instituts f\u00fcr Wirtschaftsforschung (DIW), dass die 45 reichsten Haushalte in Deutschland 214 Milliarden Euro Verm\u00f6gen besitzen und damit genauso viel wie die \u00e4rmere H\u00e4lfte der gesamten Bev\u00f6lkerung.<\/p>\n<p>Die gemeinsamen \u00dcbungen von Polizei und Milit\u00e4r sind eine deutliche Warnung.&#8220;<\/span><\/p>\n<p><a href='https:\/\/www.taz.de\/!5501545' class='azc_bbc_url'>Sachsens geplantes Polizeigesetz: Granaten, Maschinengewehre, Taser<\/a><br \/>\nLandesinnenminister Roland W\u00f6ller (CDU) platzt fast vor Freude: <span class='azc_bbc_italic'>&#8222;Breitere Observationsm\u00f6glichkeiten, neue Durchsuchungsbefugnisse und Maschinengewehre f\u00fcr Polizisten seien geplant.&#8220;<\/span> Vom Koalitionspartner SPD hie\u00df es, mit dem Entwurf reagiere Sachsen auf gestiegene Anforderungen und neue Ph\u00e4nomene <span class='azc_bbc_italic'>&#8222;etwa bei der politisch oder religi\u00f6s motivierten Kriminalit\u00e4t und des Terrorismus.&#8220;<\/span> Und die AfD, heute schon st\u00e4rkste Partei in Sachsen, wird es freuen, dann mit Granaten und Maschinengewehr <a href='https:\/\/de.wikipedia.org\/wiki\/Asoziale_(Nationalsozialismus)' class='azc_bbc_url'>gegen &#8222;Sch\u00e4dlinge&#8220; und &#8222;unn\u00fctze Esser&#8220; vorgehen<\/a> zu k\u00f6nnen.<\/p>\n<p>Kleiner Lacher am Rande: Zwar soll es auch eine Beschwerdestelle bei Polizeigewalt geben, aber die darf nur &#8222;Empfehlungen&#8220; aussprechen <img class='azc_bbc_image' src='https:\/\/www.rume.de\/smilies\/sarkasm.gif'  \/><\/p>\n<p><a href='https:\/\/www.antikapitalistische-linke.de\/?p=2568' class='azc_bbc_url'>Zur Debatte um Klasse, Migration und Einwanderung in der LINKEN<\/a><br \/>\nDIE LINKE und deren aktuelle Ausgrenzungsdebatte gegen Fl\u00fcchtlinge und Zuwanderung unterscheidet sich substanziell immer weniger von denen der AfD. Einzig die \u00dcberschriften sehen anders aus. Auf der einen Seite die &#8222;sozial regulierende linke Einwanderungspolitik&#8220; und auf der anderen Seite &#8222;Deutschland den Deutschen&#8220;.<\/p>\n<p>Dass sich DIE LINKE auch an diesen Selektionsmassnahmen beteiligt, wer denn als &#8222;n\u00fctzlich&#8220; bleiben darf und wer &#8222;weg geh\u00f6rt&#8220;, \u00fcberrascht nicht wirklich. Schliesslich nimmt DIE LINKE die grundlegenden Probleme gar nicht mehr unter Beschuss, sondern versucht diese lediglich &#8222;sozial zu gestalten&#8220; &#8211; was nur nach hinten losgehen kann. Die LINKEN Bundesl\u00e4nder <a href='https:\/\/www.wsws.org\/de\/articles\/2018\/04\/28\/depo-a28.html' class='azc_bbc_url'>zeigen das deutlich<\/a> (Zitat): <span class='azc_bbc_italic'>&#8222;In allen Bundesl\u00e4ndern, wo DIE LINKE mitregiert, schiebt sie Gefl\u00fcchtete genauso erbarmungslos ab und \u00fcbertrifft oft noch die andern Landesregierungen. So hat der rot-rot-gr\u00fcne Senat in Berlin schon mehr Abschiebungen durchgef\u00fchrt als zuvor der ber\u00fcchtigte CDU-Innenminister Frank Henkel. In Brandenburg hat die Linkspartei einen Abschiebestopp nach Afghanistan gemeinsam mit der SPD verhindert. Auch in Th\u00fcringen, wo DIE LINKE mit Bodo Ramelow den Ministerpr\u00e4sidenten stellt, setzt sie die Abschiebungen brutal, ohne Ank\u00fcndigung und bei Nacht und Nebel durch. In der Fl\u00fcchtlingsfrage unterscheidet sich die politische Praxis der Linkspartei nicht von derjenigen aller andern Parteien, bis hin zur AfD.&#8220;<\/span><\/p>\n<p>Wie es stattdessen aussehen m\u00fcsste, zeigt der oben verlinkte AKL-Bericht. Zitat: <span class='azc_bbc_italic'>&#8222;Die LINKE sollte sich nicht an der Ausarbeitung eines Einwanderungsgesetzes beteiligen, das trotz gegenteiliger Intention fast immer in eine Separierung von realen Menschen in n\u00fctzliche und unn\u00fctze Migrant*innen m\u00fcnden wird und schon kurzfristig nur durch Polizeistaatsmethoden umgesetzt werden kann. Linke Politik sollte zun\u00e4chst nur sagen, was ist und dar\u00fcber aufkl\u00e4ren, wer verantwortlich f\u00fcr all die unmenschlichen und ungerechten Erscheinungen in unserer Gesellschaft ist.<\/p>\n<p>Linke Politik muss nicht nur ihre Anstrengungen verdoppeln, die Menschen \u00fcber die wirklichen Verh\u00e4ltnisse und das Funktionieren des Kapitalismus aufzukl\u00e4ren, sondern sie muss ihre Worte und Schlussfolgerungen sehr sorgf\u00e4ltig \u00fcberpr\u00fcfen und korrigieren, wenn sie Gefahr laufen, mit dem rechten Diskurs gemein zu werden. Begriffe wie &#8222;Scheinfl\u00fcchtlinge&#8220;, &#8222;Staatlicher Kontrollverlust&#8220;; &#8222;Ausbau des Sicherheitsstaates&#8220;, &#8222;bessere innere Sicherheit&#8220; und viele andere verbieten sich f\u00fcr jegliche linke Politik und Aufkl\u00e4rung, denn sie verschleiern die wirklichen Ursachen.&#8220;<\/span><\/p>\n<p>Genau davon ist DIE LINKE aber weiter entfernt, als von der Umsetzung von AfD-Forderungen.<\/p>\n<p><a href='https:\/\/propagandaschau.wordpress.com\/2018\/05\/01\/wie-ard-hochstapler-patrick-gensing-fakten-ueber-den-giftgas-fake-von-duma-unterdrueckt' class='azc_bbc_url'>ARD &#8222;Faktenfinder&#8220;: Alle Fakten \u00fcber den Giftgas-Fake von Duma unterdr\u00fcckt<\/a><br \/>\nUnter dem Deckmantel, den Fakten der &#8222;Giftgas&#8220;-Inszenierung in Duma auf den Grund gehen zu wollen, unterdr\u00fcckt Patrick Gensing wieder mal alles, was nicht zur (politisch gewollten) NATO-Propagandalinie passt. Dazu geh\u00f6ren s\u00e4mtliche Zeugenaussagen, die unter anderem von westlichen Journalisten am vermeintlichen Tatort und seiner Umgebung eingeholt wurden. Und sogar die Recherchen des ZDF-Kollegen Uli Gack werden in der ARD totgeschwiegen. Muss man mehr wissen?<\/p>\n<p>Dazu passt auch:<\/p>\n<p><a href='https:\/\/propagandaschau.wordpress.com\/2018\/05\/02\/ard-tagesthemen-verbreiten-luegen-und-desinformation-ueber-den-wiederaufbau-in-syrien' class='azc_bbc_url'>ARD tagesthemen verbreiten L\u00fcgen und Desinformation \u00fcber den Wiederaufbau in Syrien<\/a><br \/>\nDie Berichte \u00fcber die angeblichen Enteignungen durch Assad werden inzwischen nicht nur von der ARD verbreitet, sondern es hat sich nat\u00fcrlich auch unsere gesamte (keinesfalls gleichgeschaltete) Qualit\u00e4tspresse begeistert drangeh\u00e4ngt und ebenfalls fl\u00e4chendeckend diese <span class='azc_bbc_strike'>Nachrichten<\/span> Fake News online gestellt.<\/p>\n<p><a href='http:\/\/www.spiegel.de\/auto\/aktuell\/diesel-fahrverbote-geheimes-regierungsgutachten-raet-zu-hardware-nachruestungen-a-1205148.html' class='azc_bbc_url'>Dieselbetrug: Geheimes Regierungsgutachten fordert Hardware-Nachr\u00fcstungen<\/a><br \/>\nD\u00fcrfte niemanden mehr \u00fcberraschen, oder?<\/p>\n<p><a href='https:\/\/www.rtl.de\/cms\/scheuer-fordert-tempo-bei-entwicklung-neuer-abgas-software-4156160.html' class='azc_bbc_url'>Bundesverkehrsminister Scheuer lehnt Hardware-Nachr\u00fcstungen weiter ab<\/a><br \/>\nSeine &#8222;Begr\u00fcndung&#8220; (Zitat): <span class='azc_bbc_italic'>&#8222;Hardware-Nachr\u00fcstungen seien nicht nur &#8222;eine Investition in die Vergangenheit, sondern braucht auch unglaublich lange Zeit, n\u00e4mlich eineinhalb bis drei Jahre&#8220;<\/span>, sagte der Minister der Zeitung.<\/p>\n<p>Kann bis zu drei Jahre dauern?<\/p>\n<p>Wann genau flog eigentlich der Abgasbetrug auf? Das Handelsblatt hatte <a href='http:\/\/www.handelsblatt.com\/auto\/nachrichten\/stickoxid-emissionen-diesel-dreckiger-als-erlaubt\/10835780.html' class='azc_bbc_url'>im Oktober 2014<\/a> \u00fcber &#8222;Auff\u00e4lligkeiten&#8220; zwischen Labor und realer Strasse berichtet und VW hat dann <a href='http:\/\/www.spiegel.de\/auto\/aktuell\/vw-konzern-gibt-abgasmanipulation-in-den-usa-zu-a-1053846.html' class='azc_bbc_url'>im September 2015<\/a> den Betrug auch offiziell zugegeben.<\/p>\n<p>W\u00fcrden sich CDU\/CSU und SPD f\u00fcr die Menschen zust\u00e4ndig f\u00fchlen, w\u00e4re die Hardware-Nachr\u00fcstung also schon heute vollst\u00e4ndig umgesetzt. Stattdessen aber haben wir eine Bundesregierung, die nur f\u00fcr die Profite der Konzerne zust\u00e4ndig ist und daher JEDE Massnahme ablehnt, die den Profit der Automobilkonzerne gef\u00e4hrdet.<\/p>\n<p>Kapitalismus eben. Da sind Profite immer wichtiger als Menschen, Umwelt und Gesundheit <img class='azc_bbc_image' src='https:\/\/www.rume.de\/smilies\/nasiehste.gif'  \/><\/p>\n<p><a href='http:\/\/www.sueddeutsche.de\/politik\/konsumverhalten-im-westen-sie-sitzen-in-ihren-kleinen-panzern-und-zerstoeren-natur-1.3610212' class='azc_bbc_url'>Konsumverhalten im Westen<\/a><br \/>\nSehr gutes Interview mit Markus Wissen von der Hochschule f\u00fcr Wirtschaft und Recht (HWR) in Berlin <img class='azc_bbc_image' src='https:\/\/www.rume.de\/smilies\/verehr.gif'  \/><\/p>\n<p><a href='https:\/\/www.neues-deutschland.de\/artikel\/1087079.html' class='azc_bbc_url'>Deutsche Brennelemente f\u00fcr Pannen-AKW Doel<\/a><br \/>\nDie rund 40 Jahre alten Atomkraftwerke Doel und Tihange in Belgien stehen schon lange in der Kritik. In den vergangenen Jahren ereigneten sich hier etliche St\u00f6rf\u00e4lle. In den Druckbeh\u00e4ltern, die den Austritt von Radioaktivit\u00e4t verhindern sollen, waren 2012 und 2013 mehr als 10.000 Risse von bis zu 17 Zentimetern entdeckt worden.<\/p>\n<p>In Doel hat es nun erneut einen St\u00f6rfall gegeben. Doch das Kraftwerk wird weiterhin mit Brennelementen aus Deutschland beliefert.<\/p>\n<p><a href='https:\/\/www.zeit.de\/politik\/deutschland\/2018-04\/atomausstieg-bundesumweltministerium-rwe-vattenfall-kraftwerk-betreiber-auszahlung-abfindung' class='azc_bbc_url'>Merkels Atomausstieg: AKW-Betreiber sollen mit rund einer Milliarde Euro entsch\u00e4digt werden<\/a><br \/>\nUnd bevor jemand denkt, dass die eine Milliarde Euro ja nicht so schlimm ist, f\u00fcr den schreibt DIE ZEIT: <span class='azc_bbc_italic'>&#8222;Die genaue Summe wird erst 2023 ermittelt, wenn die tats\u00e4chlich nicht produzierte Strommenge und damit die entgangenen Gewinne feststehen.&#8220;<\/span> Und allein RWE beispielsweise hat da schon schlanke 19 Milliarden Euro angefordert.<\/p>\n<p>Das alles haben wir \u00fcbrigens Schwarz-Gelb zu verdanken, die 2010 den rot-gr\u00fcnen Atomausstieg wieder r\u00fcckg\u00e4ngig machten. Dann aber kam Fukushima und diverse Landtagswahlen. Und um die nicht allesamt zu verlieren, ruderten Merkel und ihre Komplizen wieder eilig zur\u00fcck. Inklusive Verh\u00e4ngen eines &#8222;Moratoriums&#8220; ohne rechtliche Grundlage.<\/p>\n<p>In einem Rechtsstaat w\u00e4re die schwarz-gelbe Regierung l\u00e4ngst vor Gericht wegen Veruntreuung von Steuergeld. Stattdessen leben wir aber in Deutschland. Da wird nur kurz gelacht und verk\u00fcndet, dass man &#8222;fristgerecht&#8220; das Steuergeld in Milliardenh\u00f6he an die Atomkonzerne verschieben wird.<\/p>\n<p>Bei anderen Verfassungsurteilen hat man es nat\u00fcrlich nicht so eilig mit der fristgerechten Umsetzung. Beispielsweise beim Regelsatz, der trotz Verfassungsurteil aus dem Jahre 2010 (!) immer noch rechtswidrig kleingerechnet wird.<\/p>\n<p>Und zu guter Letzt:<\/p>\n<p><a href='http:\/\/www.titanic-magazin.de\/news\/premiumdenker-der-gegenwart-41-9642' class='azc_bbc_url'>Premiumdenker der Gegenwart: Markus S\u00f6der<\/a><br \/>\n<img class='azc_bbc_image' src='https:\/\/www.rume.de\/smilies\/nasiehste.gif'  \/><\/p>\n","protected":false},"excerpt":{"rendered":"<p>\/ Gerechtigkeit &#8211; und Hartz IV \/ Bedingungsloses Grundeinkommen: Mangel an Vorstellung \/ Niedriger Lohn &#8211; Kapitalismus abschaffen! \/ Arbeitslosenversicherung: Nahles will \u00dcbersch\u00fcsse f\u00fcr Weiterbildung nutzen \/ Finanzminister Scholz (SPD) will weniger Geld investitieren \/ Milliardenschwere Aufr\u00fcstung: Das fragw\u00fcrdige 2-Prozent-Ziel der NATO \/ Das deutsche Heer probt den B\u00fcrgerkrieg \/ Sachsens geplantes Polizeigesetz: Granaten, Maschinengewehre, &hellip; <a href=\"https:\/\/www.rume.de\/?p=605\" class=\"more-link\"><span class=\"screen-reader-text\">\u201eAufgelesen und kommentiert 2018-05-02\u201c <\/span>weiterlesen<\/a><\/p>\n","protected":false},"author":1,"featured_media":0,"comment_status":"open","ping_status":"closed","sticky":false,"template":"","format":"standard","meta":{"footnotes":""},"categories":[2],"tags":[],"class_list":["post-605","post","type-post","status-publish","format-standard","hentry","category-aufgelesen"],"_links":{"self":[{"href":"https:\/\/www.rume.de\/index.php?rest_route=\/wp\/v2\/posts\/605","targetHints":{"allow":["GET"]}}],"collection":[{"href":"https:\/\/www.rume.de\/index.php?rest_route=\/wp\/v2\/posts"}],"about":[{"href":"https:\/\/www.rume.de\/index.php?rest_route=\/wp\/v2\/types\/post"}],"author":[{"embeddable":true,"href":"https:\/\/www.rume.de\/index.php?rest_route=\/wp\/v2\/users\/1"}],"replies":[{"embeddable":true,"href":"https:\/\/www.rume.de\/index.php?rest_route=%2Fwp%2Fv2%2Fcomments&post=605"}],"version-history":[{"count":1,"href":"https:\/\/www.rume.de\/index.php?rest_route=\/wp\/v2\/posts\/605\/revisions"}],"predecessor-version":[{"id":606,"href":"https:\/\/www.rume.de\/index.php?rest_route=\/wp\/v2\/posts\/605\/revisions\/606"}],"wp:attachment":[{"href":"https:\/\/www.rume.de\/index.php?rest_route=%2Fwp%2Fv2%2Fmedia&parent=605"}],"wp:term":[{"taxonomy":"category","embeddable":true,"href":"https:\/\/www.rume.de\/index.php?rest_route=%2Fwp%2Fv2%2Fcategories&post=605"},{"taxonomy":"post_tag","embeddable":true,"href":"https:\/\/www.rume.de\/index.php?rest_route=%2Fwp%2Fv2%2Ftags&post=605"}],"curies":[{"name":"wp","href":"https:\/\/api.w.org\/{rel}","templated":true}]}}