{"id":592,"date":"2018-04-26T21:38:59","date_gmt":"2018-04-26T19:38:59","guid":{"rendered":"http:\/\/rume.katti.eu\/?p=592"},"modified":"2018-04-26T21:38:59","modified_gmt":"2018-04-26T19:38:59","slug":"aufgelesen-und-kommentiert-2018-04-26","status":"publish","type":"post","link":"https:\/\/www.rume.de\/?p=592","title":{"rendered":"Aufgelesen und kommentiert 2018-04-26"},"content":{"rendered":"<p>\/ Imagefilm Jobcenter<br \/>\n\/ Wegen Rentenreformen: Immer mehr Rentner in Deutschland m\u00fcssen arbeiten<br \/>\n\/ CDU fordert: &#8222;Hartz IV erst ab Alter 50&#8220;<br \/>\n\/ Von Vollbesch\u00e4ftigung kann keine Rede sein<br \/>\n\/ Finnisches Grundeinkommen: Mit Vorsatz gescheitert<br \/>\n\/ Der Pflegenotstand ist hausgemacht<br \/>\n\/ Opel: Wie die IG Metall die Verteidigung der Arbeitspl\u00e4tze sabotiert<br \/>\n\/ DIE LINKE deckt auf: Bundesfinanzminister blockiert Abarbeitung von Geldw\u00e4schebetrug<br \/>\n\/ Abgas-Betrug: Bundesregierung bremst Strafzahlungen f\u00fcr Diesel-Manipulationen aus<br \/>\n\/ Bundeskartellamt: Privatisierung des UKW-Antenneneigent\u00fcmers rechtfertigt keine Preiserh\u00f6hungen<br \/>\n\/ CSU-Trick #2 Handgranaten sind jetzt &#8222;Explosivmittel&#8220;<br \/>\n\/ Niedersachsen: Neues Polizeigesetz zur &#8222;Sicherung der Freiheit&#8220;<br \/>\n\/ Angeblicher Korruptionsskandal in Bremen dient der Einschr\u00e4nkung des Asylrechts<br \/>\n\/ Wer die Wahrheit auch nur andeutet, wird unter Feuer genommen<br \/>\n\/ CSU bezeichnet Kritiker von Kruzifix-Befehl als Religionsfeinde<br \/>\n\/ Was in Bayern NICHT zur Identit\u00e4t geh\u00f6rt<\/p>\n<p>&#8212;<\/p>\n<p><!--more--><\/p>\n<p><a href='https:\/\/www.youtube.com\/watch?v=CuzzS8uTWEE' class='azc_bbc_url'>Imagefilm Jobcenter<\/a><br \/>\nA N S C H A U B E F E H L !! Beste Stelle <a href='https:\/\/www.youtube.com\/watch?v=CuzzS8uTWEE&#038;t=510s' class='azc_bbc_url'>bei Minute 8:30<\/a>. Die gesamte Sendung gibt es nach wie vor <a href='https:\/\/www.zdf.de\/comedy\/die-anstalt\/die-anstalt-vom-24-april-2018-100.html' class='azc_bbc_url'>hier<\/a>.<\/p>\n<p><a href='https:\/\/www.zeit.de\/gesellschaft\/zeitgeschehen\/2018-04\/erwerbstaetigkeit-alter-rentner-bundesinstitut-bevoelkerungsforschung' class='azc_bbc_url'>Wegen Rentenreformen: Immer mehr Rentner in Deutschland m\u00fcssen arbeiten<\/a><br \/>\nDIE ZEIT jubelt: <span class='azc_bbc_italic'>&#8222;Die Zahl der erwerbst\u00e4tigen Senioren ist stark angestiegen. Etwa 11,4 Prozent Menschen der Altersgruppe seien 2016 erwerbst\u00e4tig gewesen, teilte das Bundesinstitut f\u00fcr Bev\u00f6lkerungsforschung mit und beruft sich dabei auf Zahlen der EU. Zehn Jahre zuvor waren es demnach noch 5,1 Prozent. Wie das Bundesinstitut mitteilte, haben die Rentenk\u00fcrzungen in den vergangenen Jahren wesentlich dazu beigetragen, dass mehr Senioren ihre Rente aufbessern m\u00fcssen.&#8220;<\/span><\/p>\n<p>Seht ihr: Die sozialdemokratischen Agenda-Reformen sorgen daf\u00fcr, dass es Deutschland besser geht <img class='azc_bbc_image' src='https:\/\/www.rume.de\/smilies\/sarkasm.gif'  \/><\/p>\n<p><a href='https:\/\/www.welt.de\/politik\/deutschland\/article175854317' class='azc_bbc_url'>CDU fordert: &#8222;Hartz IV erst ab Alter 50&#8220;<\/a><br \/>\nWer noch keine 50 Jahre alt ist, soll gef\u00e4lligst arbeiten, sein Geld mit Kriminalit\u00e4t ergaunern, oder kann verrecken &#8211; so fordern es Berliner Wirtschaftspolitiker der CDU. Zitat: <span class='azc_bbc_italic'>&#8222;Es ist bei der derzeitigen Situation am Arbeitsmarkt nicht einzusehen, dass Menschen, die 25 oder auch 45 Jahre alt sind, zu Hause sitzen und Hartz IV beanspruchen k\u00f6nnen. Die Zahlungen an die Unter-50-J\u00e4hrigen k\u00e4men einem bedingungslosen Grundeinkommen gleich. Die Menschen m\u00fcssten sich stattdessen um Arbeit bem\u00fchen.&#8220;<\/span><\/p>\n<p>Muss man, denke ich, nicht weiter kommentieren, oder? Bei solchen S\u00e4tzen ist jede Nachfrage aufgrund des Fehlens jeglicher Form von Intelligenz die reinste Zeitverschwendung.<\/p>\n<p><a href='https:\/\/www.neues-deutschland.de\/artikel\/1086397.html' class='azc_bbc_url'>Von Vollbesch\u00e4ftigung kann keine Rede sein<\/a><br \/>\nZahl der offenen Stellen? Werden doppelt und dreifach gez\u00e4hlt.<br \/>\nUnterbesch\u00e4ftigung? Bleibt komplett unber\u00fccksichtigt.<br \/>\nArbeitslosenzahlen? Frisiert wie ein Opel Corsa mit 400 PS.<\/p>\n<p>Alles nichts Neues, hier im Bericht aber nochmal sachlich n\u00fcchtern mit den entsprechenden Zahlen dargestellt.<\/p>\n<p>Was ich allerdings vermissen: \u00dcber existenzsichernde Vollbesch\u00e4ftigung wird \u00fcberhaupt nicht geredet. Aus gutem Grund, denn die gibt es nicht. Punkt.<\/p>\n<p>Was es geben kann, w\u00e4re Vollbesch\u00e4ftigung \u00fcber Hungerlohn-Minijobs f\u00fcr alle, von deren &#8222;L\u00f6hnen&#8220; man auch dann nicht leben kann, wenn man drei davon hat. Und vom Aufbau einer Zukunft und Familie reden wir da lieber gar nicht erst. Ein erstrebenswertes Ziel ist &#8222;Vollbesch\u00e4ftigung&#8220; allein also keinesfalls. Denn Vollbesch\u00e4ftigung per Sklaverei ist kein Fortschritt.<\/p>\n<p>Trotzdem werben CDU\/CSU\/SPD\/FDP\/GR\u00dcNE\/AfD mit dem Begriff &#8222;Vollbesch\u00e4ftigung&#8220; und bekommen daf\u00fcr Applaus von der Qualit\u00e4tsjournaille und weit \u00fcber 80 Prozent an Wahlstimmen. Welchen IQ kann eine solche Bev\u00f6lkerung wohl haben?<\/p>\n<p><a href='https:\/\/www.stern.de\/wirtschaft\/geld\/grundeinkommen&#8211;mit-vorsatz-gescheitert&#8212;aber-nicht-tot-7957736.html' class='azc_bbc_url'>Finnisches Grundeinkommen: Mit Vorsatz gescheitert<\/a><br \/>\nDas finnische Grundeinkommen hatte \u00fcbrigens NICHTS mit dem bedingungslosen Grundeinkommen zu tun, welches die Existenz absichert. Das finnische Grundeinkommen ist eher das FDP-Modell vom &#8222;liberalen B\u00fcrgergeld&#8220;, wo man eine minimale Geldsumme bekommt und sich &#8222;den Rest&#8220; hinzuverdienen muss. In Finnland waren es 560 Euro, die nat\u00fcrlich vorne und hinten nicht f\u00fcr Miete und Lebensunterhalt reichen &#8211; und die Betroffenen, die dann zur Jobsuche gezwungen wurden, fanden (oh Wunder <img class='azc_bbc_image' src='https:\/\/www.rume.de\/smilies\/clown.gif'  \/> ) auch in Finnland nicht genug Stellen zur Existenzsicherung.<\/p>\n<p>Es ist also nur gut, dass dieses menschenverachtende Modell nun eingestampft wird.<\/p>\n<p>Oder wie es der STERN kommentiert: <span class='azc_bbc_italic'>&#8222;Ein heftiger D\u00e4mpfer f\u00fcr das Grundeinkommen in Europa, m\u00f6gen Kritiker der Idee jubeln. Doch sie irren. Das Grundeinkommen ist nicht tot. Lediglich Finnlands wirtschaftspolitisches Konstrukt hat es nicht geschafft. In einer Industrienation sind 560 Euro kaum eine geeignete Summe, um herauszufinden, ob das Grundeinkommen nun frei oder eben doch nur faul macht. Experten rechnen mit 1000 bis 1500 Euro pro Monat, die die B\u00fcrger erhalten m\u00fcssten. Dann w\u00e4ren die groben Kosten gedeckt &#8211; und nur dann w\u00fcrde sich zeigen, was die Menschen mit ihrer Zeit, ihrer Kreativit\u00e4t und ihrem Tatendrang anfangen w\u00fcrden. Wer dem Arbeitslosengeld nur einen neuen Namen gibt, testet nicht das Grundeinkommen. Sondern lediglich Arbeitslosengeld mit neuem Namen.&#8220;<\/span><\/p>\n<p><a href='https:\/\/www.linksfraktion.de\/presse\/pressemitteilungen\/detail\/der-pflegenotstand-ist-hausgemacht' class='azc_bbc_url'>Der Pflegenotstand ist hausgemacht<\/a><br \/>\n<span class='azc_bbc_italic'>&#8222;Die aktuellen Zahlen der Bundesregierung zum Ausma\u00df des Pflegenotstands d\u00fcrften niemanden \u00fcberraschen. Die Bundesregierung hat in den letzten Jahren geradezu einen Raubbau an Fachkr\u00e4ften in der Pflege betrieben. Die &#8222;Pflegest\u00e4rkungsgesetze&#8220; gingen allesamt zu Lasten der Pflegekr\u00e4fte. Die Fachkr\u00e4fte der Alten- und Krankenpflege leiden seit Jahren nicht nur unter unterirdisch schlechter Bezahlung, sondern auch unter schlechten Arbeitsbedingungen und einer Politik, die Wertsch\u00e4tzung f\u00fcr Pflegekr\u00e4fte offenbar f\u00fcr \u00fcberfl\u00fcssig h\u00e4lt.<\/p>\n<p>Trotz vollmundiger Verlautbarungen betreibt die Regierung letztlich eine Politik, welche die Profitmacherei auf dem R\u00fccken der Pflegekr\u00e4fte, der Menschen mit Pflegebedarf und ihrer Angeh\u00f6rigen betreibt. DIE LINKE fordert f\u00fcr die Pflege einen echten Paradigmenwechsel. Keine Profite, daf\u00fcr Professionalit\u00e4t in der Versorgung. Das bedeutet gesetzliche und bundeseinheitliche Personalbemessung, vollst\u00e4ndig refinanzierte Tarifl\u00f6hne, wertsch\u00e4tzende Arbeitsbedingungen und vieles mehr. Gute Pflege ist m\u00f6glich, man muss es aber wollen.&#8220;<\/span><\/p>\n<p><a href='http:\/\/www.wsws.org\/de\/articles\/2018\/04\/26\/opel-a26.html' class='azc_bbc_url'>Opel: Wie die IG Metall die Verteidigung der Arbeitspl\u00e4tze sabotiert<\/a><br \/>\n<span class='azc_bbc_italic'>&#8222;Die Arbeiter von Opel machen gegenw\u00e4rtig dieselben Erfahrungen wie Arbeiter \u00fcberall auf der Welt. W\u00e4hrend die Konzernleitung einen massiven Arbeitsplatzabbau, eine Senkung der L\u00f6hne und eine drastische Verschlechterungen der Arbeitsbedingungen verlangt, arbeiten die IG Metall und ihre Betriebsr\u00e4te eng mit der Konzernleitung zusammen und sabotieren jeden ernsthaften Widerstand. Sie spielen einen Standort gegen den anderen aus, drohen Arbeitern, die sich den Angriffen widersetzen, mit pers\u00f6nlichen Konsequenzen und organisieren die Entlassungen und den Sozialabbau.<\/p>\n<p>Am vergangenem Dienstag fand in der N\u00e4he von Paris das Aktion\u00e4rstreffen von PSA statt. PSA-Chef Carlos Tavares erkl\u00e4rte den Aktion\u00e4ren, die Sanierungsverhandlungen f\u00fcr die deutschen Opel-Werke w\u00fcrden sich noch einige Wochen hinziehen, weil die IG Metall Zeit brauche, um \u00dcberzeugungsarbeit zu leisten. &#8222;Seien Sie nicht erstaunt, das wird noch etwas L\u00e4rm geben&#8220;, sagte Tavares. &#8222;Das ist ein Teil dessen, was man machen muss, um dieses Unternehmen wieder auf die Gewinnschiene zu bringen.&#8220;<\/p>\n<p>Deutlicher kann man die Rolle der Gewerkschaften kaum beschreiben.<\/p>\n<p>Sie verstehen unter Solidarit\u00e4t nicht die Mobilisierung der Arbeiter aller Standorte gegen die Angriffe des Konzerns, sondern die Zusammenarbeit der Gewerkschaftsfunktion\u00e4re bei der Umsetzung der Angriffe. Die IG Metall hatte bereits vor der \u00dcbernahme von Opel durch PSA intensive Gespr\u00e4che mit der Konzernleitung gef\u00fchrt und dabei die schrittweise Stilllegung von ganzen Werken wie in Eisenach ins Auge gefasst, das \u00fcber eine lange Geschichte und Tradition verf\u00fcgt.<\/p>\n<p>So lief das bereits von neun Jahren bei der Schlie\u00dfung des Werks in Amsterdam und vor f\u00fcnf Jahren bei der Stilllegung von Opel-Bochum. Damals hatten sich IG Metall, Betriebsrat und Management regelrecht gegen die Besch\u00e4ftigten verschworen. Die IG Metall arbeitete die Stilllegungspl\u00e4ne selbst mit aus und beriet die Konzernleitung, mit welchem Vorgehen sie den Widerstand der Arbeiter verhindern konnte.<\/p>\n<p>Heute setzt sie ihren Apparat ein, um die Arbeiter in Europa zu spalten und gegeneinander auszuspielen. Die Gewerkschaften stellen Arbeitsplatzabbau, Kurzarbeit, Lohnsenkungen und Werksschlie\u00dfungen als Umstrukturierungsma\u00dfnahmen dar, die unvermeidlich seien, um \u00dcberkapazit\u00e4ten abzubauen und die europ\u00e4ische Autoindustrie wieder wettbewerbsf\u00e4hig zu machen.<\/p>\n<p>In Wirklichkeit werden die Autoarbeiter gezwungen, f\u00fcr die Krise des kapitalistischen Profitsystems zu zahlen. Nicht nur die Autokonzerne, auch alle anderen Unternehmen w\u00e4lzen die Krise auf die Arbeiter ab, indem sie die Rechte und Errungenschaften r\u00fcckg\u00e4ngig machen, die sich Generationen von Arbeitern erk\u00e4mpft haben.&#8220;<\/span> <a href='http:\/\/www.wsws.org\/de\/articles\/2018\/04\/26\/opel-a26.html' class='azc_bbc_url'>Weiterlesen&#8230;<\/a><\/p>\n<p>\u00dcbrigens: <a href='http:\/\/www.donaukurier.de\/nachrichten\/auto\/PSA-steigert-Gewinn-trotz-Opel-UEbernahme-auf-Rekordsumme-von-1-9-Milliarden-Euro;art59,3698942' class='azc_bbc_url'>Der PSA\/Opel-Konzern kassiert satte Rekordgewinne<\/a>. 2017 rollten fast zwei Milliarden Euro Nettogewinn (plus 11,5 Prozent zum Vorjahr) in die Konzernkasse. Wohlgemerkt: Der Kaufpreises f\u00fcr die Opel-\u00dcbernahme wurde davon schon abgezogen.<\/p>\n<p>Aber so ist das eben im Kapitalismus: Profit kann man NIE genug raffen. Und nicht nur die Gewerkschaften werden daf\u00fcr sorgen, dass die Besch\u00e4ftigten daf\u00fcr bluten d\u00fcrfen. Auch der &#8222;Linke&#8220; Ministerpr\u00e4sident Ramelow winkt bereits mit Steuergeschenken, die dann wir alle zu berappen haben. Man m\u00f6chte ja schliesslich &#8222;regierungsf\u00e4hig&#8220; sein <img class='azc_bbc_image' src='https:\/\/www.rume.de\/smilies\/sarkasm.gif'  \/><\/p>\n<p><a href='http:\/\/www.tagesschau.de\/inland\/geldwaesche-109.html' class='azc_bbc_url'>DIE LINKE deckt auf: Bundesfinanzminister blockiert Abarbeitung von Geldw\u00e4schebetrug<\/a><br \/>\nDie ARD meldet: <span class='azc_bbc_italic'>&#8222;Zehntausende unerledigte Geldw\u00e4sche-Verdachtsf\u00e4lle wollte die neue Zoll-Einheit FIU seit Jahresbeginn abarbeiten. Recherchen zeigen aber: Der R\u00fcckstau w\u00e4chst sogar, obwohl das Bundesfinanzministerium angek\u00fcndigt hatte, die Schwierigkeiten kurzfristig in den Griff zu bekommen. Bei der FIU, Deutschlands wichtigste Beh\u00f6rde im Kampf gegen Geldw\u00e4sche, stauten sich bis Ende M\u00e4rz 29.173 Verdachtsmeldungen, die nicht abschlie\u00dfend bearbeitet worden sind. Das geht aus der Antwort auf eine Anfrage des LINKEN-Abgeordneten Fabio de Masi im Bundestag hervor, die dem NDR vorliegt. Wenn solche Verdachtsmeldungen liegen bleiben, ist es theoretisch denkbar, dass Kriminelle weiter ungest\u00f6rt ihren Aktivit\u00e4ten nachgehen k\u00f6nnen und Ermittler Hinweise darauf nicht rechtzeitig erhalten.&#8220;<\/span><\/p>\n<p>Dazu passt auch:<\/p>\n<p><a href='https:\/\/www.br.de\/nachrichten\/bundesregierung-bremst-strafzahlungen-fuer-diesel-manipulation-aus-100.html' class='azc_bbc_url'>Abgas-Betrug: Bundesregierung bremst Strafzahlungen f\u00fcr Diesel-Manipulationen aus<\/a><br \/>\nAb wann nochmal genau spricht man von organisierter Kriminalit\u00e4t?<\/p>\n<p><a href='https:\/\/www.vprt.de\/terrestrik\/content\/bundeskartellamt-wechsel-ukw-antenneneigentuemers-rechtfertigt-keine' class='azc_bbc_url'>Bundeskartellamt: Privatisierung des UKW-Antenneneigent\u00fcmers rechtfertigt keine Preiserh\u00f6hungen<\/a><br \/>\nEine absolut erstaunliches Urteil, dass das Bundeskartellamt hier verh\u00e4ngt. Zitat: <span class='azc_bbc_italic'>&#8222;Die H\u00f6he eines durch Renditeerwartungen getriebenen Kaufpreises darf keinen Einfluss auf die Entgelte oder sonstige Gesch\u00e4ftsbedingungen haben.&#8220;<\/span><\/p>\n<p>Wow, mit DIESEM Urteil m\u00f6chte ich das Bundeskartellamt doch auch mal bitte in unsere privatisierten Krankenh\u00e4user und Pflegeheime einmarschieren lassen. Und anschliessend direkt weiter zu den privatisierten Sozialwohnungen. Ein Blick auf die privatisierten Autobahn-Teilst\u00fccke kann ebenfalls nicht schaden. Und wenn man noch Zeit hat, direkt die rot-rot-gr\u00fcne Regierung von Berlin zusammenscheissen, weil sie gerade unsere Schulen privatisieren wollen.<\/p>\n<p>Infrastruktur und Grundversorgung geh\u00f6rt in \u00f6ffentliche Hand. Punkt. Denn bei Infrastruktur gibt es keinen Wettbewerb. Niemand baut ein zweites Trinkwassernetz, ein zweites Schulsystem und eine zweite Autobahn, wo man sich dann als Kunde aussuchen k\u00f6nnte, was man nutzt. Dies alles ist Grundversorgung, welches alle nutzen wollen und auch alle zu bezahlen haben. In einer H\u00f6he, die sich am Bedarf und bestm\u00f6glichen Erhalt orientiert &#8211; und mehr nicht.<\/p>\n<p><a href='https:\/\/netzpolitik.org\/2018\/bayerisches-polizeigesetz-csu-trick-2-handgranaten-sind-jetzt-explosivmittel' class='azc_bbc_url'>CSU-Trick #2 Handgranaten sind jetzt &#8222;Explosivmittel&#8220;<\/a><br \/>\nIm ZDF-Interview l\u00fcgt der Bayerische Innenminister Joachim Hermann (CSU), dass es &#8222;bez\u00fcglich der Handgranaten und Maschinenpistolen f\u00fcr die Polizei keinerlei Ver\u00e4nderung g\u00e4be&#8220;. Das ist schlicht falsch. Bisher gelten Handgranaten als Waffen. Nun hat die CSU das Spektrum der zul\u00e4ssigen Waffen im Einsatz gegen Personen ausgeweitet, indem sie Handgranaten (und einen Teil der Sprengmittel) zu &#8222;Explosivmittel&#8220; umdefiniert hat und deren Einsatz gegen Personen somit pauschal erlaubt.<\/p>\n<p>Bereits Anfang der Woche <a href='https:\/\/netzpolitik.org\/2018\/bayerisches-polizeigesetz-billige-tricks-der-csu-entlarvt' class='azc_bbc_url'>haben wir berichtet<\/a>, wie die CSU neuerdings behauptet, das Polizeigesetz w\u00fcrde in erster Linie Datenschutzrichtlinien umsetzen &#8211; was ebenfalls nicht stimmt.<\/p>\n<p><a href='https:\/\/www.heise.de\/newsticker\/meldung\/Niedersachsen-Neues-Polizeigesetz-zur-Sicherung-der-Freiheit-4036333.html' class='azc_bbc_url'>Niedersachsen: Neues Polizeigesetz zur &#8222;Sicherung der Freiheit&#8220;<\/a><br \/>\nNiedersachsens Innenminister Boris Pistorius (SPD) und die Justizministerin Barbara Havliza (CDU) rechtfertigen die pr\u00e4ventive Kommunikations\u00fcberwachung auch verschl\u00fcsselter Sprachnachrichten, den Einsatz elektronischer Fu\u00dffesseln, sowie die geplante Ausweitung der Pr\u00e4ventivhaft als Mittel zur Sicherung der Freiheit. <span class='azc_bbc_italic'>&#8222;Nur wenn die Polizei auch ohne Beweise eine Haft anordnen kann, erh\u00e4lt sie die n\u00f6tige Zeit, um anschlie\u00dfend nach Beweisen suchen zu k\u00f6nnen.&#8220;<\/span><\/p>\n<p>In weiteren Meldungen: Verteidigungsministerin Von der Leyen rechtfertigt Auslandseins\u00e4tze: &#8222;Nur wer Kriege f\u00fchrt kann Frieden schaffen&#8220; ++++ Gesundheitsminister Spahn rechtfertigt K\u00fcrzungen: &#8222;Weniger Notfallambulanzen schaffen effizientere Versorgung&#8220; ++++ Verkehrsminister Scheuer rechtfertigt KBA-Aussageverbot: &#8222;Wer Zeugenaussagen verbietet unterst\u00fctzt die Aufkl\u00e4rung&#8220; ++++ Aussenminister Maas rechtfertigt Syrien-Bombardierung: &#8222;V\u00f6lkerrechtsverst\u00f6sse sind daf\u00fcr da, das V\u00f6lkerrecht zu verteidigen&#8220; ++++ Arbeitsminister Heil rechtfertigt Agenda-Politik: &#8222;Trotz steigender Armut geht es Deutschland heute besser&#8220; ++++<\/p>\n<p>Und wer jetzt sagt: <span class='azc_bbc_italic'>&#8222;Hey, das ist doch gar nicht witzig, sondern so reden die tats\u00e4chlich!&#8220;<\/span><\/p>\n<p>Ja.<\/p>\n<p><a href='https:\/\/www.wsws.org\/de\/articles\/2018\/04\/26\/bamf-a26.html' class='azc_bbc_url'>Angeblicher Korruptionsskandal in Bremen dient der Einschr\u00e4nkung des Asylrechts<\/a><br \/>\n<span class='azc_bbc_italic'>&#8222;Berichte \u00fcber Korruption bei Asylentscheidungen in Bremen dienten in den letzten Tagen dazu, eine Kampagne gegen angeblich rechtswidrig erteilte Asylbescheide loszutreten und das v\u00f6llig zerrupfte Asylrecht weiter einzuschr\u00e4nken. Was hier zum &#8222;Riesenkorruptionsskandal&#8220; aufgeplustert wird, wie das Boulevard-Blatt BILD titelte, ist nicht einmal ein Sturm im Wasserglas. Denn tats\u00e4chlich geht es bei dem Fall weder um Korruption, da die Bamf-Mitarbeiterin weder f\u00fcr sich noch f\u00fcr Dritte irgendwelche Geld- oder Sachleistungen erhalten hat, noch um &#8222;rechtswidrig&#8220; erteilte positive Asylbescheide. In der \u00fcberwiegenden Mehrzahl der in Frage stehenden Asylentscheidungen geht es um Angeh\u00f6rige der Religionsgemeinschaft der Jesiden, die aus Syrien und dem Irak geflohen sind und die nach dem deutschen Asylrecht ohnehin Anspruch auf einen Schutzstatus haben.<\/p>\n<p>In Wirklichkeit handelte die Bremer Beamtin aus humanit\u00e4ren Erw\u00e4gungen. Sie besch\u00e4ftigte sich intensiv mit dem Schicksal der Jesiden und zitierte auf Twitter wohlwollend Berichte der Fl\u00fcchtlingshilfsorganisation ProAsyl. Diese menschliche Reaktion auf das Schicksal von Fl\u00fcchtenden wird ihr nun zum Verh\u00e4ngnis. Es soll an ihr ein Exempel statuiert werden, um eine solche humanit\u00e4re Haltung gegen\u00fcber Schutzsuchenden rigoros zu unterbinden. Es ist bezeichnend, dass das Bundesamt f\u00fcr Migration und Fl\u00fcchtlinge auf den Fall aufmerksam wurde, weil die Bremer Au\u00dfenstelle die Abschiebung einer kurdischen Familie in den Irak in letzter Sekunde verhindern konnte.<\/p>\n<p>Der nieders\u00e4chsische Innenminister Boris Pistorius (SPD) schrieb einen geharnischten Brief, in dem er sich bitter dar\u00fcber beklagte, dass die Abschiebung nicht durchgef\u00fchrt werden konnte. &#8222;Die Verfahrensweise der Au\u00dfenstelle Bremen sei nicht im Ansatz nachvollziehbar&#8220;, schimpfte der Innenminister laut S\u00fcddeutscher Zeitung. Dabei ist der Skandal nicht die Anerkennung von Menschen, die vor Verfolgung, Krieg und Elend fliehen. Der Skandal besteht darin, dass deutsche Beh\u00f6rden, Landes- und Bundesregierungen diesen verzweifelten Menschen den Schutzstatus verwehren und sie gnadenlos deportieren.<\/p>\n<p>Die rei\u00dferischen Artikel, die positive Asylbescheide in Zweifel ziehen, L\u00fcgen verbreiten und auch von ehemals als liberal geltenden Medien bereitwillig \u00fcbernommen werden, erf\u00fcllen eine politischen Zweck: Damit wird systematisch Hetze gegen Fl\u00fcchtlinge und Migranten betrieben. CDU, CSU und SPD haben im Koalitionsvertrag in Fragen der Migrations- und Asylpolitik weitgehend die Positionen der rechtsextremen AfD \u00fcbernommen und machen sich nun an deren Umsetzung. Die herrschende Klasse in Deutschland kehrt immer offener zu den reaktion\u00e4ren Methoden ihrer braunen Vergangenheit zur\u00fcck.&#8220;<\/span> <a href='https:\/\/www.wsws.org\/de\/articles\/2018\/04\/26\/bamf-a26.html' class='azc_bbc_url'>Weiterlesen&#8230;<\/a><\/p>\n<p><a href='https:\/\/www.rubikon.news\/artikel\/vorsicht-realitat' class='azc_bbc_url'>Wer die Wahrheit auch nur andeutet, wird unter Feuer genommen<\/a><br \/>\nAuch RUBIKON hat seinen Spass am ZDF-Interview mit Betroffenen aus Syrien zum Fake-Giftgas-Fall <img class='azc_bbc_image' src='https:\/\/www.rume.de\/smilies\/biggrin.gif'  \/> ABER VORSICHT: Niemand sollte jetzt einen ZDF-Mann wie Uli Gack f\u00fcr einen seri\u00f6sen Journalisten halten. Das macht schon <a href='https:\/\/propagandaschau.wordpress.com\/2018\/04\/26\/bevor-jetzt-jemand-uli-gack-fuer-einen-serioesen-journalisten-haelt' class='azc_bbc_url'>sein heutiger ZDF-Kommentar deutlich<\/a>, in dem er wieder voll auf der NATO-Propagandalinie reitet, obwohl er in Syrien h\u00f6chstpers\u00f6nlich eine ganz andere Realit\u00e4t erfahren musste.<\/p>\n<p>Aber hey: Beim ZDF muss man halt das sagen, was zur Propagandalinie passt &#8211; oder <a href='https:\/\/www.heise.de\/tp\/news\/Nikolaus-Brender-darf-nicht-mehr-ZDF-Chefredakteur-sein-2009260.html' class='azc_bbc_url'>man wird hinaus gebrendert<\/a>.<\/p>\n<p><a href='http:\/\/www.sueddeutsche.de\/bayern\/bayern-csu-bezeichnet-kritiker-von-kruzifix-befehl-als-religionsfeinde-1.3958812' class='azc_bbc_url'>CSU bezeichnet Kritiker von Kruzifix-Befehl als Religionsfeinde<\/a><br \/>\nAch sieh an, es geht also doch um Staatsreligion. Dabei hatte man bei der Einf\u00fchrung des Kreuzbefehls <a href='http:\/\/www.sueddeutsche.de\/bayern\/bayern-csu-beschliesst-aufhaengen-von-kreuzen-in-behoerden-1.3956892' class='azc_bbc_url'>noch scheinheilig behauptet<\/a>, es ginge nur <span class='azc_bbc_italic'>&#8222;um ein Bekenntnis zur Identit\u00e4t und zur kulturellen Pr\u00e4gung Bayerns&#8220;<\/span>. Hat ja nicht lange gehalten, dieses L\u00fcgengebilde.<\/p>\n<p>Und wie das alles zusammenpassen soll mit der grundgesetzlich garantierten Freiheit, ohne Diskriminierung jeden beliebigen (bzw. besser gar keinen) Aberglauben anbeten zu d\u00fcrfen, kann die CSU ohnehin nicht erkl\u00e4ren.<\/p>\n<p>Und zu guter Letzt:<\/p>\n<p><a href='http:\/\/sakurai-cartoons.de\/\/images\/g_ggwandschmuck.gif' class='azc_bbc_url'>Was in Bayern NICHT zur Identit\u00e4t geh\u00f6rt<\/a><br \/>\n<img class='azc_bbc_image' src='https:\/\/www.rume.de\/smilies\/nasiehste.gif'  \/><\/p>\n","protected":false},"excerpt":{"rendered":"<p>\/ Imagefilm Jobcenter \/ Wegen Rentenreformen: Immer mehr Rentner in Deutschland m\u00fcssen arbeiten \/ CDU fordert: &#8222;Hartz IV erst ab Alter 50&#8220; \/ Von Vollbesch\u00e4ftigung kann keine Rede sein \/ Finnisches Grundeinkommen: Mit Vorsatz gescheitert \/ Der Pflegenotstand ist hausgemacht \/ Opel: Wie die IG Metall die Verteidigung der Arbeitspl\u00e4tze sabotiert \/ DIE LINKE deckt &hellip; <a href=\"https:\/\/www.rume.de\/?p=592\" class=\"more-link\"><span class=\"screen-reader-text\">\u201eAufgelesen und kommentiert 2018-04-26\u201c <\/span>weiterlesen<\/a><\/p>\n","protected":false},"author":1,"featured_media":0,"comment_status":"open","ping_status":"closed","sticky":false,"template":"","format":"standard","meta":{"footnotes":""},"categories":[2],"tags":[],"class_list":["post-592","post","type-post","status-publish","format-standard","hentry","category-aufgelesen"],"_links":{"self":[{"href":"https:\/\/www.rume.de\/index.php?rest_route=\/wp\/v2\/posts\/592","targetHints":{"allow":["GET"]}}],"collection":[{"href":"https:\/\/www.rume.de\/index.php?rest_route=\/wp\/v2\/posts"}],"about":[{"href":"https:\/\/www.rume.de\/index.php?rest_route=\/wp\/v2\/types\/post"}],"author":[{"embeddable":true,"href":"https:\/\/www.rume.de\/index.php?rest_route=\/wp\/v2\/users\/1"}],"replies":[{"embeddable":true,"href":"https:\/\/www.rume.de\/index.php?rest_route=%2Fwp%2Fv2%2Fcomments&post=592"}],"version-history":[{"count":1,"href":"https:\/\/www.rume.de\/index.php?rest_route=\/wp\/v2\/posts\/592\/revisions"}],"predecessor-version":[{"id":593,"href":"https:\/\/www.rume.de\/index.php?rest_route=\/wp\/v2\/posts\/592\/revisions\/593"}],"wp:attachment":[{"href":"https:\/\/www.rume.de\/index.php?rest_route=%2Fwp%2Fv2%2Fmedia&parent=592"}],"wp:term":[{"taxonomy":"category","embeddable":true,"href":"https:\/\/www.rume.de\/index.php?rest_route=%2Fwp%2Fv2%2Fcategories&post=592"},{"taxonomy":"post_tag","embeddable":true,"href":"https:\/\/www.rume.de\/index.php?rest_route=%2Fwp%2Fv2%2Ftags&post=592"}],"curies":[{"name":"wp","href":"https:\/\/api.w.org\/{rel}","templated":true}]}}