{"id":590,"date":"2018-04-25T22:37:04","date_gmt":"2018-04-25T20:37:04","guid":{"rendered":"http:\/\/rume.katti.eu\/?p=590"},"modified":"2018-04-25T22:37:04","modified_gmt":"2018-04-25T20:37:04","slug":"aufgelesen-und-kommentiert-2018-04-25","status":"publish","type":"post","link":"https:\/\/www.rume.de\/?p=590","title":{"rendered":"Aufgelesen und kommentiert 2018-04-25"},"content":{"rendered":"<p>\/ Armut in Deutschland: Mit der Tochter in einem Zimmer<br \/>\n\/ Anstalt f\u00fcr Arbeit<br \/>\n\/ Bundesbank: &#8222;Auf die Deutschen wartet eine \u00c4ra der steigenden L\u00f6hne&#8220;<br \/>\n\/ Wiederanhebung des Rentenniveaus auf 53 Prozent ist finanzierbar<br \/>\n\/ 50 000<br \/>\n\/ Nach massiver Kritik: CSU schw\u00e4cht Psychatrie-Gesetz etwas ab<br \/>\n\/ CSU verh\u00e4ngt Kreuzpflicht f\u00fcr Beh\u00f6rden<br \/>\n\/ Bundeswehr schafft bewaffnete Drohnen an<br \/>\n\/ Kurzvideo: &#8222;Eigentlich unglaublich&#8220;<br \/>\n\/ FOCUS attackiert ZDF-Korrespondenten Uli Gack als &#8222;Verschw\u00f6rer&#8220;<br \/>\n\/ Wenn die Presse 1:1 von der Polizei abschreibt<br \/>\n\/ Programmkritik an der manipulierenden Berichterstattung der ARD-Tagesschau<br \/>\n\/ Rangliste der Pressefreiheit: Deutliche Kritik an pressefeindlichen deutschen Gesetzen<br \/>\n\/ Groko lehnt erneut Vertrag \u00fcber ein Atomwaffenverbot ab<br \/>\n\/ V\u00f6lkerrechtswidriger US-Drohnenkrieg: Amnesty International erh\u00f6ht Druck auf Bundesregierung<br \/>\n\/ Was macht eigentlich Jens Spahn?<\/p>\n<p>&#8212;<\/p>\n<p><!--more--><\/p>\n<p><a href='https:\/\/www.freitag.de\/autoren\/der-freitag\/mit-der-tochter-in-einem-zimmer-das-ist-armut' class='azc_bbc_url'>Armut in Deutschland: Mit der Tochter in einem Zimmer<\/a><br \/>\nDer FREITAG berichtet: <span class='azc_bbc_italic'>&#8222;Geringes Einkommen hei\u00dft wenig Platz zum Wohnen, hei\u00dft, viel aufeinander zu hocken, weil kaum Geld f\u00fcr Freizeitaktivit\u00e4ten da ist. Obwohl ich arbeite, reicht es manchmal nur gerade so &#8211; vor allem, wenn ich, wie jetzt im Fr\u00fchjahr, M\u00f6bel kaufen muss. Die Kinder sind zu gro\u00df geworden f\u00fcr Kleinkindmobiliar. Sie w\u00fcnschen sich ein eigenes Zimmer, und das ist dringend n\u00f6tig, um den Familienfrieden zu wahren. Niemand, der bei Verstand ist, w\u00fcrde eine lebhafte, quirlige Neunj\u00e4hrige mit einem introvertierten Zw\u00f6lfj\u00e4hrigen in ein Zimmer sperren. Was sechs Jahre lang gut ging, sorgte im vergangenen Herbst f\u00fcr Dauerzoff, der uns alle zerm\u00fcrbte. Und die gro\u00dfe Tochter braucht ihre Ruhe, um f\u00fcrs Abi lernen zu k\u00f6nnen.<\/p>\n<p>Ich r\u00e4umte mein kleines Schlafzimmer, schleppte mein Bett ins Kinderzimmer, dazu meine Kleiderstange, den Nachttisch und das B\u00fccherregal. Mehr besitze ich ohnehin nicht. Das steht jetzt alles direkt neben dem Himmelbett der J\u00fcngsten. Wie ich mittlerweile wei\u00df, bin ich nicht allein damit. Sehr viele Frauen schrieben mir, als ich \u00fcber die Umzugsaktion in meinem Blog berichtete, dass auch sie ihr Zimmer hergegeben h\u00e4tten und auf dem Sofa im Wohnzimmer und in Durchgangszimmern schlafen. Einige alleinerziehende M\u00fctter haben sogar nur in der K\u00fcche Platz zum Schlafen.&#8220;<\/span> <a href='https:\/\/www.freitag.de\/autoren\/der-freitag\/mit-der-tochter-in-einem-zimmer-das-ist-armut' class='azc_bbc_url'>Weiterlesen&#8230;<\/a><\/p>\n<p><a href='https:\/\/www.zdf.de\/comedy\/die-anstalt\/die-anstalt-vom-24-april-2018-100.html' class='azc_bbc_url'>Anstalt f\u00fcr Arbeit<\/a><br \/>\nSEN &#8211; SA &#8211; TIO &#8211; NELL <img class='azc_bbc_image' src='https:\/\/www.rume.de\/smilies\/verehr.gif'  \/> <img class='azc_bbc_image' src='https:\/\/www.rume.de\/smilies\/verehr.gif'  \/> <img class='azc_bbc_image' src='https:\/\/www.rume.de\/smilies\/verehr.gif'  \/><\/p>\n<p><a href='https:\/\/www.welt.de\/wirtschaft\/article175715407' class='azc_bbc_url'>Bundesbank: &#8222;Auf die Deutschen wartet eine \u00c4ra der steigenden L\u00f6hne&#8220;<\/a><br \/>\nJa nee, auf wen denn bittesch\u00f6n genau? Auf die IG Metaller mit ihrem miserablen Abschluss \u00fcber 27 Monate mit Dreikomma-Nochwas? Auf die Verdi-Knechte, die sogar noch weniger erhalten und daf\u00fcr sogar 30 Monate lang die Fresse halten m\u00fcssen? Auf die Mindestlohnopfer, wo die SPD jetzt schon ank\u00fcndigt, dass sie keinesfalls &#8222;\u00fcber Geb\u00fchr&#8220; anheben wird? Auf die Lohnsklaven, denen Andrea Nahles auch noch die Gewerkschaften auf den Hals hetzt, die dann Tarifvertr\u00e4ge unterhalb (!) des Gesetzes abschliessen d\u00fcrfen? Auf das Kranken- und Pflegepersonal, das sich auf eine weitere &#8222;Zerspahnung&#8220; zugunsten der &#8222;Schwarzen Null&#8220; freuen darf?<\/p>\n<p>Nein, Nein und nochmals Nein, denn es handelt sich bei diesem Bericht nat\u00fcrlich nur um kritiklos in die Zeitung geschissene Propaganda &#8211; gef\u00fcllt mit Fachkr\u00e4ftemangel- und Vollbesch\u00e4ftigungs-Sprechblasen fern ab der Realit\u00e4t. Zitat: <span class='azc_bbc_italic'>&#8222;Kamen vor zehn Jahren auf 1000 Arbeitslose lediglich etwas mehr als 300 offene Stellen, kamen zuletzt auf 1000 Arbeitslose 600 offene Stellen.&#8220;<\/span> Joah und darauf die Quizfrage: Wie viele dieser &#8222;offenen Stellen&#8220; bieten existenzsichernde L\u00f6hne? Ach, gar keine davon, sondern es werden sogar schon \u00fcber eine Million Kapitalismusopfer in solche Ausbeutungen sanktioniert, wo sie <a href='http:\/\/www.o-ton-arbeitsmarkt.de\/o-ton-news\/hartz-iv-aufstocker-staat-subventioniert-niedrigeinkommen-jaehrlich-mit-milliarden-euro' class='azc_bbc_url'>trotz &#8222;Stelle&#8220; noch um aufstockendes Hartz4 betteln<\/a> m\u00fcssen?<\/p>\n<p>Also ich pers\u00f6nlich w\u00fcrde das alles ja nicht gerade als &#8222;\u00c4ra der steigenden L\u00f6hne&#8220; bezeichnen, sondern eher als das Gegenteil. Aber ich bin ja auch kein Qualit\u00e4tsjournalist <img class='azc_bbc_image' src='https:\/\/www.rume.de\/smilies\/nasiehste.gif'  \/><\/p>\n<p><a href='https:\/\/www.facebook.com\/linksfraktion\/videos\/10155572989648434' class='azc_bbc_url'>Wiederanhebung des Rentenniveaus auf 53 Prozent ist finanzierbar<\/a><br \/>\nErw\u00e4hnte ich bereits, das Matthias W. Birkwald zu den besten Rentenexperten im gesamten Bundestag geh\u00f6rt <img class='azc_bbc_image' src='https:\/\/www.rume.de\/smilies\/verehr.gif'  \/><\/p>\n<p><a href='https:\/\/www.kontextwochenzeitung.de\/kolumne\/369\/50-000-5041.html' class='azc_bbc_url'>50 000<\/a><br \/>\n<span class='azc_bbc_italic'>&#8222;50 000 Krankenschwestern, Trostspenderinnen, Pflegediener, Arschputzer, Nachtw\u00e4chter und Kinderg\u00e4rtnerinnen fehlen in Deutschland, mindestens. Das wei\u00df man seit vielen Jahren. Das wei\u00df der schwarze Vielschwatz Spahn, aber er kann nat\u00fcrlich nix machen. Die Parteien wissen es auch, die k\u00f6nnen auch nix machen, genauso wenig wie die Krankenkassen, die Kostentr\u00e4ger oder die Sozialversicherungen, die Angeh\u00f6rigen.<\/p>\n<p>Nur die Betroffenen machen was. Ins Bett, in die Kissen heulen, nach Schmerztabletten klingeln, aufgeben. Sie liegen unrasiert und fern der Heimat im Nest und klingeln nach der Nachtschwester. Die hat aber zwischen 40 und 80 Leute zu bet\u00fctteln und betreuen, hin und wieder auch ein paar mehr, Schwerkranke und Simulanten, latente Demente, Bettn\u00e4sser, Aggressive, Verzweifelte, Sterbende. Sie rennt von Bett zu Bett, von Zimmer zu Zimmer, und wenn sie endlich beim sechzigsten Bett angekommen ist, ist der erste gestorben, ohne letztes H\u00e4ndchenhalten oder Nachricht an die Verwandtschaft.<\/p>\n<p>Ich wei\u00df, dass Sie alle das wissen, die \u00c4rzte wissen es, die Presse sowieso, aber da sind wir uns mit meiner Omi Glimbzsch in Zittau einig: Da kann man nix machen. Die Bezahlung der Dienste ist ungerecht und mehr als mies, die Ausbildung praxisfern, die Belastung f\u00fcr die Pflegekr\u00e4fte so gro\u00df, dass tausende das Pflegehandtuch in die Ecke schmei\u00dfen und mit Hartz IV sichtlich bessergestellt sind. Echt jetzt. Der Rest heult mit den Patienten.&#8220;<\/span><\/p>\n<p><a href='https:\/\/www.jungewelt.de\/artikel\/331368.html' class='azc_bbc_url'>Nach massiver Kritik: CSU schw\u00e4cht Psychatrie-Gesetz etwas ab<\/a><br \/>\nAuf die Datensammlung aller Kranken und Behinderten k\u00f6nnte man wohl verzichten &#8211; aber die Umwandlung unserer Krankenh\u00e4user in Zuchth\u00e4user und unserer \u00c4rzte zur Hilfspolizei, das muss weiterhin bleiben, so die CSU.<\/p>\n<p><a href='https:\/\/www.neues-deutschland.de\/artikel\/1086465.html' class='azc_bbc_url'>CSU verh\u00e4ngt Kreuzpflicht f\u00fcr Beh\u00f6rden<\/a><br \/>\nStatt christlicher Politik ein paar christliche Symbole &#8211; und schon ist der &#8222;Christlichkeit&#8220; in Bayern gen\u00fcge getan und man kann &#8222;in aller Fr\u00f6mmigkeit&#8220; weiter am r\u00fccksichtslosen Aufbau ihres rassistischen Polizeistaates arbeiten.<\/p>\n<p>Einzig der POSTILLON hat einmal mehr die richtige Meldung zum Thema: <a href='http:\/\/www.der-postillon.com\/2018\/04\/soeder-grundgesetz.html' class='azc_bbc_url'>Bayerische Beh\u00f6rden m\u00fcssen k\u00fcnftig Grundgesetz als Fu\u00dfabtreter benutzen<\/a>. <span class='azc_bbc_italic'>&#8222;In Bayern hat es schon lange Tradition, das Grundgesetz mit F\u00fc\u00dfen zu treten, etwa wenn es um das Supergrundrecht Sicherheit, das Recht auf Asyl oder um Religion geht&#8220;<\/span>, erkl\u00e4rte Ministerpr\u00e4sident S\u00f6der (CSU).<\/p>\n<p><a href='http:\/\/www.wsws.org\/de\/articles\/2018\/04\/25\/mili-a24.html' class='azc_bbc_url'>Bundeswehr schafft bewaffnete Drohnen an<\/a><br \/>\n<span class='azc_bbc_italic'>&#8222;Kaum im Amt, treibt die Gro\u00dfe Koalition ihre Aufr\u00fcstungspl\u00e4ne mit Hochdruck voran. 18 Gro\u00dfauftr\u00e4ge, die jeweils die 25-Millionen-H\u00fcrde \u00fcbersteigen und daher vom Haushaltsausschuss des Bundestages genehmigt werden m\u00fcssen, sollen noch in diesem Jahr an die R\u00fcstungsindustrie vergeben werden.<\/p>\n<p>Die Projektliste, die schon im Februar an Abgeordnete vergeben wurde, umfasst nur einen Bruchteil der R\u00fcstungsausgaben, auf die sich die Gro\u00dfe Koalition geeinigt hat. Dem war eine monatelange Propagandakampagne \u00fcber den &#8222;maroden Zustand der Bundeswehr&#8220; vorausgegangen, die die Bev\u00f6lkerung auf eine drastische Steigerungen der R\u00fcstungsausgaben vorbereiten sollte.<\/p>\n<p>Die gro\u00dfe Koalition will den Milit\u00e4rhaushalt auf \u00fcber 70 Milliarden Euro im Jahr verdoppeln. Au\u00dferdem sollen alle zus\u00e4tzlichen Mehreinnahmen je zur H\u00e4lfte in den Milit\u00e4rhaushalt und die Entwicklungshilfe flie\u00dfen, die eng mit der Milit\u00e4rpolitik verzahnt ist und eingesetzt wird, um Fl\u00fcchtlinge abzuwehren.&#8220;<\/span> <a href='http:\/\/www.wsws.org\/de\/articles\/2018\/04\/25\/mili-a24.html' class='azc_bbc_url'>Weiterlesen&#8230;<\/a><\/p>\n<p>Dazu passt auch:<\/p>\n<p><a href='https:\/\/www.youtube.com\/watch?v=htwGF-Gr-n4' class='azc_bbc_url'>Kurzvideo: &#8222;Eigentlich unglaublich&#8220;<\/a><br \/>\nEigentlich unglaublich, dass ihnen das immer wieder gelingt.<\/p>\n<p>Deinem Urgrossvater haben sie gesagt: <span class='azc_bbc_italic'>&#8222;Gegen den Erbfeind, f\u00fcr das Vaterland!&#8220;<\/span> Er hat das tats\u00e4chlich geglaubt. Was hat er gekriegt? Granatsplitter in Beine und Kopf vor Verdun!<\/p>\n<p>Deinem Grossvater haben sie gesagt: <span class='azc_bbc_italic'>&#8222;Gegen die slawischen Horden, f\u00fcr die abendl\u00e4ndische Kultur!&#8220;<\/span> Er hat das wirklich geglaubt. Was hat er gekriegt? Bauchschuss und einen verr\u00fcckten Kopf vor Stalingrad!<\/p>\n<p>Deinem Vater sagen sie jetzt: <span class='azc_bbc_italic'>&#8222;Gegen die V\u00f6lkerm\u00f6rder, f\u00fcr die Menschenrechte.&#8220;<\/span> Was soll ich sagen &#8230; er glaubt es! Was wird er wohl kriegen? Und wo wird das sein diesmal?<\/p>\n<p>Unglaublich. Es ist einfach unglaublich, dass ihnen DAS immer wieder gelingt.<\/p>\n<p><a href='https:\/\/propagandaschau.wordpress.com\/2018\/04\/25\/so-funktioniert-gleichschaltung-focus-attackiert-zdf-korrespondent-uli-gack' class='azc_bbc_url'>FOCUS attackiert ZDF-Korrespondenten Uli Gack als &#8222;Verschw\u00f6rer&#8220;<\/a><br \/>\nDer gesamte Bericht ist geradezu ein Fest <img class='azc_bbc_image' src='https:\/\/www.rume.de\/smilies\/laugh.gif'  \/> <img class='azc_bbc_image' src='https:\/\/www.rume.de\/smilies\/verehr.gif'  \/><\/p>\n<p>Hintergrund: Wie schon vor zwei Tagen berichtet, hatte das ZDF gegen ihren eigentlichen Auftrag verstossen und einmal NICHT die \u00fcbliche NATO-Propaganda als &#8222;Nachricht&#8220; serviert, sondern ausnahmsweise mal Journalismus betrieben. Man hat n\u00e4mlich eigenst\u00e4ndig vor Ort mit Betroffenen gesprochen und &#8222;v\u00f6llig \u00fcberraschend&#8220; mal ein paar Wahrheiten erz\u00e4hlt bekommen. Und zwar, dass die angeblichen Giftgas-Anschl\u00e4ge in Wirklichkeit nur f\u00fcr die &#8222;Wei\u00dfhelme&#8220; inszenierte PR-Videos waren.<\/p>\n<p>Solch eine Wahrheit konnte unsere keinesfalls gleichgeschaltete und stets kritische Qualit\u00e4tsjournaille so nat\u00fcrlich nicht unkommentiert stehen lassen <img class='azc_bbc_image' src='https:\/\/www.rume.de\/smilies\/sarkasm.gif'  \/> Und so wird nun der ZDF-Korrespondent Uli Gack, obwohl er seine Interviews noch fleissig mit NATO-Propaganda abzuschw\u00e4chen versuchte, jetzt als &#8222;Verschw\u00f6rungstheoretiker&#8220; durch die Presse gejagt. Obwohl er nichts anderes als Interviews mit Patienten und \u00c4rzten im syrischen Krankenhauses f\u00fchrte.<\/p>\n<p>Muss man noch mehr \u00fcber die Qualit\u00e4t der deutschen Presse wissen?<\/p>\n<p>Aber wartet, einen hab ich noch:<\/p>\n<p><a href='http:\/\/www.bildblog.de\/98124\/hier-spricht-die-polizei-redaktionen-bitte-selbst-recherchieren' class='azc_bbc_url'>Wenn die Presse 1:1 von der Polizei abschreibt<\/a><br \/>\nDie Polizei ist die Exekutive der Staatsmacht. Die Presse selber bezeichnet sich als &#8222;Kontrolleur der Staatsmacht&#8220;. Genau diese Presse (Welt, Tagesspiegel, Deutschlandfunk, FAZ, Stern, usw.) schreibt aber ohne jede Gegenrecherche die Polizeiberichte 1:1 ab und dekoriert diese dann als &#8222;neutrale Nachricht&#8220;.<\/p>\n<p>Ab wann nochmal genau spricht man von Staatspropaganda?<\/p>\n<p><a href='http:\/\/www.nrhz.de\/flyer\/beitrag.php?id=24802' class='azc_bbc_url'>Programmkritik an der manipulierenden Berichterstattung der ARD-Tagesschau<\/a><br \/>\nARD-aktuell bietet eine Analyse zu den &#8222;Luftschl\u00e4gen der USA, Gro\u00dfbritanniens und Frankreichs&#8220;, erkennt in ihnen einen &#8222;symbolischen Wert&#8220; und bezichtigt Russland, damit Verwirrung zu stiften. Und ARD-aktuell scheint in Heiko Maas mittels Desinformation, Manipulation und Hofberichterstattung unbedingt den besten Au\u00dfenminister aller Zeiten (BAaZ) erkennen zu wollen. Darum geht es in dieser Woche bei der Programmkritik von Volker Br\u00e4utigam und Friedhelm Klinkhammer. Denn die ARD-Nachrichten sind der Taktgeber f\u00fcr die meisten Medien der Bundesrepublik Deutschland. Wer sich kritisch mit ihnen auseinandersetzt, der kritisiert den Kern des deutschen Journalismus. Die Tagesschau-Maschine ist weder verl\u00e4sslich noch neutral und keinesfalls seri\u00f6s. Sie ist nur wenig Anderes als eben f\u00fcnfzehn Minuten Staatsfunk.<\/p>\n<p><a href='https:\/\/netzpolitik.org\/2018\/rangliste-der-pressefreiheit-deutliche-kritik-an-deutschen-gesetzen' class='azc_bbc_url'>Rangliste der Pressefreiheit: Deutliche Kritik an pressefeindlichen deutschen Gesetzen<\/a><br \/>\n<span class='azc_bbc_italic'>&#8222;Deutschland hat sich dieses Jahr zwar um einen Platz verbessert (jetzt Platz 15), dies sei allerdings haupts\u00e4chlich auf die Verschlechterungen der anderen L\u00e4nder zur\u00fcckzuf\u00fchren, erkl\u00e4rte ROG-Gesch\u00e4ftsf\u00fchrer Christian Mihr. &#8222;Auch in Deutschland ist ein deutlicher R\u00fcckschritt zu verzeichnen.&#8220; Kritisiert wurden neben Einsch\u00fcchterungsversuchen beim G20-Gipfel in Hamburg und Anfeindungen und Drohungen gegen Journalist*innen vor allem die ausgeweiteten Befugnisse von Geheimdiensten und Strafverfolgungsbeh\u00f6rden.<\/p>\n<p>Das BND-Gesetz kritisiert Reporter ohne Grenzen ganz offen als (Zitat) &#8222;Steilvorlage f\u00fcr Diktatoren&#8220;. Es erlaubt die \u00dcberwachung der kompletten Kommunikation von Journalist*innen im au\u00dfereurop\u00e4ischen Ausland, um &#8222;die Handlungsf\u00e4higkeit der BRD zu wahren&#8220;. Ein weiterer Angriff auf die Pressefreiheit sei das von Heiko Maas (SPD) initiierte Netzwerkdurchsetzungsgesetz (NetzDG). Die kurzen L\u00f6schfrist f\u00fcr &#8222;offensichtlich rechtswidrige&#8220; Inhalte unter gleichzeitiger Androhung von hohen Bu\u00dfgeldern verlangt geradezu das L\u00f6schen von zu vielen Inhalten. Problematisch sei hierbei au\u00dferdem die einseitige Verlagerung der Verantwortung auf privatwirtschaftliche Akteure.&#8220;<\/span><\/p>\n<p><a href='http:\/\/www.fr.de\/politik\/atomwaffenverbot-kein-abzug-von-us-atomwaffen-a-1491933' class='azc_bbc_url'>Groko lehnt erneut Vertrag \u00fcber ein Atomwaffenverbot ab<\/a><br \/>\nWir kennen das Gehampel von CDU\/CSU und SPD ja bereits zur Gen\u00fcge aus <a href='https:\/\/www.youtube.com\/results?search_query=Tilo+Jung+Atomwaffen' class='azc_bbc_url'>den Videos von Tilo Jung<\/a>, der in der Bundespressekonferenz fragt: <span class='azc_bbc_italic'>&#8222;Wenn die Bundesregierung sich f\u00fcr eine atomwaffenfreie Welt einsetzt, warum unterschreibt sie dann nicht diesen Vertrag?&#8220;<\/span> Mit dem anschliessenden Laienschauspiel eines Eiertanzes kann man Lehrb\u00fccher f\u00fcllen.<\/p>\n<p><a href='https:\/\/netzpolitik.org\/2018\/us-drohnenkrieg-amnesty-international-erhoeht-druck-auf-bundesregierung' class='azc_bbc_url'>V\u00f6lkerrechtswidriger US-Drohnenkrieg: Amnesty International erh\u00f6ht Druck auf Bundesregierung<\/a><br \/>\nDieses zweifellos richtige Anprangern der Bundesregierung als Mitt\u00e4ter bei v\u00f6lkerrechtswidrigen Kriegen wird allerdings von der Groko nur lachend im Papierkorb entsorgt. <span class='azc_bbc_italic'>&#8222;Wir h\u00e4tten auch in Syrien mitbombardiert, sind aber leider nicht gefragt worden&#8220;<\/span>, hatte Ursula von der Leyen (CDU) ja gerade erst lachend verk\u00fcndet. F\u00fcr das V\u00f6lkerrecht interessieren sich CDU\/CSU und SPD nur dann, wenn es den eigenen Interessen entgegen kommt. Wenn man hingegen Familien mitsamt ihren Kindern in Pakistan, Jemen und Afghanistan ermorden will (&#8222;alles Terroristen!!!&#8220;), dann kann man auf das V\u00f6lkerrecht auch ruhig ordentlich draufurinieren.<\/p>\n<p>Und zu guter Letzt:<\/p>\n<p><a href='https:\/\/twitter.com\/farbfiguren\/status\/986940586312781824' class='azc_bbc_url'>Was macht eigentlich Jens Spahn?<\/a><br \/>\n<img class='azc_bbc_image' src='https:\/\/www.rume.de\/smilies\/nasiehste.gif'  \/><\/p>\n","protected":false},"excerpt":{"rendered":"<p>\/ Armut in Deutschland: Mit der Tochter in einem Zimmer \/ Anstalt f\u00fcr Arbeit \/ Bundesbank: &#8222;Auf die Deutschen wartet eine \u00c4ra der steigenden L\u00f6hne&#8220; \/ Wiederanhebung des Rentenniveaus auf 53 Prozent ist finanzierbar \/ 50 000 \/ Nach massiver Kritik: CSU schw\u00e4cht Psychatrie-Gesetz etwas ab \/ CSU verh\u00e4ngt Kreuzpflicht f\u00fcr Beh\u00f6rden \/ Bundeswehr schafft &hellip; <a href=\"https:\/\/www.rume.de\/?p=590\" class=\"more-link\"><span class=\"screen-reader-text\">\u201eAufgelesen und kommentiert 2018-04-25\u201c <\/span>weiterlesen<\/a><\/p>\n","protected":false},"author":1,"featured_media":0,"comment_status":"open","ping_status":"closed","sticky":false,"template":"","format":"standard","meta":{"footnotes":""},"categories":[2],"tags":[],"class_list":["post-590","post","type-post","status-publish","format-standard","hentry","category-aufgelesen"],"_links":{"self":[{"href":"https:\/\/www.rume.de\/index.php?rest_route=\/wp\/v2\/posts\/590","targetHints":{"allow":["GET"]}}],"collection":[{"href":"https:\/\/www.rume.de\/index.php?rest_route=\/wp\/v2\/posts"}],"about":[{"href":"https:\/\/www.rume.de\/index.php?rest_route=\/wp\/v2\/types\/post"}],"author":[{"embeddable":true,"href":"https:\/\/www.rume.de\/index.php?rest_route=\/wp\/v2\/users\/1"}],"replies":[{"embeddable":true,"href":"https:\/\/www.rume.de\/index.php?rest_route=%2Fwp%2Fv2%2Fcomments&post=590"}],"version-history":[{"count":1,"href":"https:\/\/www.rume.de\/index.php?rest_route=\/wp\/v2\/posts\/590\/revisions"}],"predecessor-version":[{"id":591,"href":"https:\/\/www.rume.de\/index.php?rest_route=\/wp\/v2\/posts\/590\/revisions\/591"}],"wp:attachment":[{"href":"https:\/\/www.rume.de\/index.php?rest_route=%2Fwp%2Fv2%2Fmedia&parent=590"}],"wp:term":[{"taxonomy":"category","embeddable":true,"href":"https:\/\/www.rume.de\/index.php?rest_route=%2Fwp%2Fv2%2Fcategories&post=590"},{"taxonomy":"post_tag","embeddable":true,"href":"https:\/\/www.rume.de\/index.php?rest_route=%2Fwp%2Fv2%2Ftags&post=590"}],"curies":[{"name":"wp","href":"https:\/\/api.w.org\/{rel}","templated":true}]}}