{"id":588,"date":"2018-04-24T22:14:16","date_gmt":"2018-04-24T20:14:16","guid":{"rendered":"http:\/\/rume.katti.eu\/?p=588"},"modified":"2018-04-24T22:14:16","modified_gmt":"2018-04-24T20:14:16","slug":"aufgelesen-und-kommentiert-2018-04-24","status":"publish","type":"post","link":"https:\/\/www.rume.de\/?p=588","title":{"rendered":"Aufgelesen und kommentiert 2018-04-24"},"content":{"rendered":"<p>\/ Gedanken zum 200. Geburtstag von Karl Marx<br \/>\n\/ DIE LINKE deckt auf: Jobcenter zahlen 600 Mio. zu wenig Mietkosten<br \/>\n\/ Axel-Springer-Award f\u00fcr Ausbeutung und Steuerflucht ist blanker Zynismus<br \/>\n\/ PSA\/Opel-Management Hand in Hand mit IG Metall und Betriebsrat<br \/>\n\/ ARTE-Doku: Die menschliche Intelligenz l\u00e4sst nach<br \/>\n\/ Eine kleine Zivilisationskritik<br \/>\n\/ Freihandelsabkommen mit Mexiko n\u00fctzt nur den europ\u00e4ischen Gro\u00dfkonzernen<br \/>\n\/ EU will besseren Schutz f\u00fcr Whistleblower<br \/>\n\/ Biometrische \u00dcberwachung am S\u00fcdkreuz: Zwischenbericht bleibt geheim<br \/>\n\/ AfD wertet das Leben von Behinderten als nicht lebenswert ab<br \/>\n\/ Ein Gesetz bringt Angst und Schrecken<br \/>\n\/ CSU nennt ihr Polizeigesetz nun &#8222;Datenschutzanpassung&#8220;<br \/>\n\/ Groko will 450 Millionen Euro f\u00fcr Kriegswaffen ausgeben<br \/>\n\/ ARD &#8222;Weltspiegel&#8220; macht erneut Propaganda f\u00fcr Saudi-Arabien<br \/>\n\/ Gekreuzigter Hase: Keine Ermittlungen gegen Oliver Welke<br \/>\n\/ Bundeswehr erh\u00e4lt zus\u00e4tzliche Milliarden<\/p>\n<p>&#8212;<\/p>\n<p><!--more--><\/p>\n<p><a href='https:\/\/www.rubikon.news\/artikel\/die-gespensterdebatte' class='azc_bbc_url'>Gedanken zum 200. Geburtstag von Karl Marx<\/a><br \/>\nUm den 5. Mai herum wird man in den kapitalistischen Systemmedien wieder vermehrt h\u00f6ren, dass die Vorstellungen von Karl Marx zwar an sich gute Ideen sind; der Mensch sei aber f\u00fcr deren Umsetzung deshalb ungeeignet, weil er ein Egoist sei, dem das eigene Hemd immer n\u00e4her ist als die N\u00e4chstenliebe. Also sei der Kapitalismus die realpolitisch dem menschlichen Wesen am ehesten entsprechende Gesellschaftsordnung. <\/p>\n<p>Jedoch ist es mitnichten so, dass Karl Marx und Friedrich Engels sich alleine deshalb f\u00fcr den Kommunismus einsetzten, weil sie ihn als gerechter und insofern menschlicher ansahen. <span class='azc_bbc_italic'>&#8222;Alle bisherigen Gesellschaften beruhten auf dem Gegensatz unterdr\u00fcckender und unterdr\u00fcckter Klassen. Um aber eine Klasse unterdr\u00fccken zu k\u00f6nnen, m\u00fcssen ihre Bedingungen gesichert sein, innerhalb derer sie wenigstens ihre knechtische Existenz fristen kann. Der moderne Arbeiter dagegen, statt sich mit dem Fortschritt der Industrie zu heben, sinkt immer tiefer herab. Es tritt hiermit offen hervor, dass die Bourgeoisie unf\u00e4hig ist, noch l\u00e4nger die herrschende Klasse der Gesellschaft zu bleiben und die Lebensbedingungen ihrer Klasse der Gesellschaft als regelndes Gesetz aufzuzwingen. Sie ist unf\u00e4hig zu herrschen, weil sie unf\u00e4hig ist, ihrem Sklaven die Existenz selbst innerhalb seiner Sklaverei zu sichern, weil sie gezwungen ist, ihn in eine Lage herabsinken zu lassen, wo sie ihn ern\u00e4hren muss, statt von ihm ern\u00e4hrt zu werden. Die Gesellschaft kann nicht mehr unter ihr leben, d.h., ihr Leben ist nicht mehr vertr\u00e4glich mit der Gesellschaft.&#8220;<\/span><\/p>\n<p>Wie wir sehen, wird die \u00dcberwindung des Kapitalismus eben NICHT ideologisch begr\u00fcndet im Versuch, eine Vision mit Leben zu f\u00fcllen, sondern als Erfordernis der Geschichte auf einem bestimmten Stand der Produktivkraftentwicklung. Die dazu passenden Studien gibt es heute in H\u00fclle und F\u00fclle:<\/p>\n<span class='azc_bbc_italic'>&#8222;Der Einsatz von Robotern und anderen Technologien wird in den kommenden Jahren mehrere Millionen von Arbeitskr\u00e4ften hierzulande <a href='http:\/\/www.harm-bengen.de\/toonpool\/2018%2004%2023%20Hannover-Messe_2018-FARBE.jpg' class='azc_bbc_url'>\u00fcberfl\u00fcssig machen<\/a>. Das ist das Ergebnis einer Berechnung der Volkswirte der Bank ING-Diba. Von den 30,9 Millionen sozialversicherungspflichtig und geringf\u00fcgig Besch\u00e4ftigten, die in der Untersuchung ber\u00fccksichtigt werden, w\u00fcrden demnach 18 Millionen in den kommenden Jahren und Jahrzehnten durch Maschinen und Software ersetzt.&#8220;<\/span>\n<p>Diese Entwicklung droht so zu verlaufen, wie es Rosa Luxemburg unter R\u00fcckgriff auf eine Warnung von Karl Marx in diese Worte kleidete: &#8222;Sozialismus oder Barbarei.&#8220;<\/p>\n<p>Oder so wie ich es immer formuliere: <span class='azc_bbc_italic'>&#8222;Es gibt schon heute nicht genug existenzsichernde Arbeitspl\u00e4tze f\u00fcr alle. Wann bitte diskutieren wir endlich \u00fcber eine sanktionsfreie Mindestteilhabe am gesellschaftlichen Leben?&#8220;<\/span> <img class='azc_bbc_image' src='https:\/\/www.rume.de\/smilies\/nasiehste.gif'  \/><\/p>\n<p><a href='http:\/\/www.gegen-hartz.de\/news\/nicht-uebernommene-kdu' class='azc_bbc_url'>DIE LINKE deckt auf: Jobcenter zahlen 600 Mio. zu wenig Mietkosten<\/a><br \/>\n<span class='azc_bbc_italic'>&#8222;Auf eine Anfrage der LINKEN-Abgeordneten Katja Kipping legte das Bundesministerium f\u00fcr Arbeit und Soziales Zahlen der anerkannten und tats\u00e4chlichen Kosten der Unterkunft offen. 2015 betrug die Differenz zwischen anerkannt ausgezahlten und tats\u00e4chlichen Kosten der Unterkunft etwa 606 Mio. EUR. Von November 2016 bis Oktober 2017 lag die Differenz bei 592 Mio. EUR.&#8220;<\/span><\/p>\n<p>Und falls sich jemand fragt, wer denn stattdessen diese 600 Millionen Euro an Mietkosten gezahlt hat: Das mussten die Hartz4-Opfer von ihrem menschenverachtend niedrigen Regelsatz draufzahlen.<\/p>\n<p><a href='https:\/\/www.linksfraktion.de\/presse\/pressemitteilungen\/detail\/axel-springer-award-fuer-ausbeutung-und-steuerflucht-ist-blanker-zynismus' class='azc_bbc_url'>Axel-Springer-Award f\u00fcr Ausbeutung und Steuerflucht ist blanker Zynismus<\/a><br \/>\n<span class='azc_bbc_italic'>&#8222;Die Gesch\u00e4ftserfolge von Amazon gr\u00fcnden sich auf Lohndumping, permanente Kontrolle am Arbeitsplatz und Steuerflucht. W\u00e4hrend Amazon-Chef Bezos durch dieses Modell inzwischen zum reichsten Mann der Welt geworden ist, verweigert er seinen Besch\u00e4ftigten in Deutschland und Europa Tarifvertr\u00e4ge und l\u00e4sst nichts unversucht, um Betriebsr\u00e4te bei ihrer Arbeit zu behindern. Gleichzeitig hat es der US-Konzern durch Steuertricks und -schiebereien geschafft, in den Jahren 2006 bis 2014 auf drei Viertel seiner Gewinne in Europa keine Steuern zu zahlen. Auch damit zeigt Bezos, wie wenig er von gesellschaftlicher Verantwortung h\u00e4lt.&#8220;<\/span><\/p>\n<p>\u00dcbrigens: Vor zwei Jahren hat Facebook-Chef Zuckerberg den Springer-Award erhalten &#8211; f\u00fcr <a href='http:\/\/www.bildblog.de\/98097\/springer-ehrt-boesen-bezos' class='azc_bbc_url'>seine hohe gesellschaftliche Verantwortung<\/a>. Beim Axel-Springer-Verlag weiss man stets, wer zu den Guten geh\u00f6rt <img class='azc_bbc_image' src='https:\/\/www.rume.de\/smilies\/sarkasm.gif'  \/><\/p>\n<p><a href='http:\/\/www.wsws.org\/de\/articles\/2018\/04\/24\/opel-a24.html' class='azc_bbc_url'>PSA\/Opel-Management Hand in Hand mit IG Metall und Betriebsrat<\/a><br \/>\n<span class='azc_bbc_italic'>&#8222;Bei Opel greifen Management, Gewerkschaft und Betriebsrat die Arbeiter weiter massiv an. Das wurde am Donnerstag, den 19. April, auf Betriebsversammlungen an allen Standorten bekannt. Nach Antwerpen und Bochum k\u00f6nnte bald auch das Werk Eisenach geschlossen werden. Auch in R\u00fcsselsheim und Kaiserslautern wird scharf rationalisiert: Bis zum Jahresende sollen 4000 der bisher noch 18.600 Arbeitspl\u00e4tze abgebaut werden. Im Entwicklerzentrum R\u00fcsselsheim soll bis 2020 die H\u00e4lfte der 7700 Stellen gestrichen werden.<\/p>\n<p>Am heutigen Dienstag soll im Eisenacher Werk eine Protestversammlung und anschlie\u00dfende Demonstration stattfinden, an der auch Delegationen aus Kaiserslautern, R\u00fcsselsheim und Dudenhofen teilnehmen. Die Protestaktion ist Teil eines bekannten, abgekarteten Spiels. Mit ein paar abgedroschenen Phrasen gegen die Konzernleitung versuchen Betriebsrat und IG Metall dar\u00fcber hinweg zu t\u00e4uschen, dass sie aufs Engste mit dem Opel-Vorstand und der PSA-Unternehmensleitung zusammenarbeiten. Ihr Ziel ist es, die &#8222;Marke Opel&#8220; schnellstm\u00f6glich in die Profitzone zu bringen &#8211; auf Kosten der Arbeiter, versteht sich.<\/p>\n<p>Die Gewerkschaftsf\u00fchrer haben sichtbar M\u00fche, ihre Partnerschaft mit der Unternehmensleitung zu verbergen. Zum Abbau von Arbeitspl\u00e4tzen in Eisenach \u00e4u\u00dferte Opel-Betriebsratschef Wolfgang Sch\u00e4fer-Klug laut MDR Th\u00fcringen am Wochenende, der Wechsel von General Motors zu PSA sei &#8222;gut f\u00fcr das Werk&#8220;, weil die Produktion erh\u00f6ht werde. &#8222;Der Nachteil ist&#8220;, so Sch\u00e4fer-Klug weiter, &#8222;es gehen Arbeitspl\u00e4tze verloren. F\u00fcr Eisenach w\u00fcrde das den Wegfall von 400 bis 450 Arbeitspl\u00e4tzen bedeuten. Wir w\u00e4ren aber bereit, das in Kauf zu nehmen&#8220;. Wie auch die IG Metall setzt er sich daf\u00fcr ein, Opel als &#8222;deutsche Marke&#8220; zu erhalten und nicht zuzulassen, dass es in eine Art Zulieferer f\u00fcr PSA verwandelt wird. Sch\u00e4fer-Klug warf die Frage auf, &#8222;wie viel von der Marke Opel am Ende \u00fcbrig bleiben wird&#8220;. Mit andern Worten: die Arbeiter werden hier als Schachfiguren f\u00fcr rein nationalistische Ziele eingesetzt.<\/p>\n<p>Gewerkschaft und Betriebsrat nutzen die Ank\u00fcndigung von massivem Arbeitsplatzabbau und die drohende Schlie\u00dfung des Werks in Eisenach, um die Besch\u00e4ftigten zu erpressen, damit sie weitgehende Lohnsenkungen und schlechtere Arbeitsbedingungen akzeptieren. Obwohl alle Standorte betroffen sind, lehnen IG Metall und Betriebsrat die prinzipielle Verteidigung aller Arbeitspl\u00e4tze und sozialen Rechte entschieden ab.&#8220;<\/span> <a href='http:\/\/www.wsws.org\/de\/articles\/2018\/04\/24\/opel-a24.html' class='azc_bbc_url'>Weiterlesen&#8230;<\/a><\/p>\n<p>Lacher am Rande: Auch der Ministerpr\u00e4sident von Th\u00fcringen, Bodo Ramelow (LINKE), ist <a href='https:\/\/www.jungewelt.de\/artikel\/331333.html' class='azc_bbc_url'>eilig nach Eisenach gereist<\/a>, um das Phrasenschwein zu f\u00fcllen. Denn was wird der LINKEN-Politiker den Arbeitern wohl sagen? Dass endlich Schluss sein muss mit Zugest\u00e4ndnissen an Konzerne wie PSA? Dass die Fabriken enteignet und unter demokratische Kontrolle der Arbeiterschaft gestellt werden m\u00fcssen? <img class='azc_bbc_image' src='https:\/\/www.rume.de\/smilies\/biggrin.gif'  \/><\/p>\n<p>Nein, ganz im Gegenteil: Der &#8222;Linke&#8220; wedelt mit Steuergeschenken als Belohnung f\u00fcr den Konzern, wenn sich Konzernf\u00fchrung und Gewerkschaft m\u00f6glichst schnell irgendwie einig werden &#8211; bevor sich dann auch noch die Bev\u00f6lkerung mit den betroffenen Arbeitern solidarisiert und eine Systemdebatte entfacht.<\/p>\n<p>So macht man DIE LINKE regierungsf\u00e4hig <img class='azc_bbc_image' src='https:\/\/www.rume.de\/smilies\/nasiehste.gif'  \/><\/p>\n<p><a href='https:\/\/www.youtube.com\/watch?v=2Btr9TQKDZs' class='azc_bbc_url'>ARTE-Doku: Die menschliche Intelligenz l\u00e4sst nach<\/a><br \/>\nDas d\u00fcrfte wohl keinen \u00fcberraschen, der hier regelm\u00e4ssig mitliest <img class='azc_bbc_image' src='https:\/\/www.rume.de\/smilies\/biggrin.gif'  \/> Und nun haben wir es auch nochmal amtlich von ARTE best\u00e4tigt: <span class='azc_bbc_italic'>&#8222;R\u00fcckgang des IQs, Zunahme von Autismus: Wissenschaftliche Tests decken eine erschreckende Wahrheit auf, die noch vor 20 Jahren niemand f\u00fcr m\u00f6glich gehalten h\u00e4tte: Die menschliche Intelligenz l\u00e4sst nach. Erleben wir eine umgekehrte Evolution? Forscher geben Umweltschadstoffen die Schuld.&#8220;<\/span><\/p>\n<p>Ich w\u00fcrde ja das vors\u00e4tzlich kaputtgesparte Bildungssystem, dessen Endprodukte dann auch noch einer fl\u00e4chendeckenden Systempropaganda unterzogen werden, als Ursache ansehen &#8211; aber hey: Ich bin ja auch kein Forscher <img class='azc_bbc_image' src='https:\/\/www.rume.de\/smilies\/nasiehste.gif'  \/><\/p>\n<p><a href='https:\/\/www.nachrichtenspiegel.de\/2018\/04\/23\/warum-es-der-menschheit-schlecht-wie-nie-geht-obwohl-das-paradies-nahe-ist-eine-kleine-zivilisationskritik' class='azc_bbc_url'>Eine kleine Zivilisationskritik<\/a><br \/>\nDas Verkaufen von Menschen &#8211; ein Thema von dem wir dachten, es w\u00e4re vorbei, erledigt, abgeschlossen. Es ist wieder da &#8211; schlimmer als zuvor. Hauptakteur? Unsere westlich-demokratisch-aufgekl\u00e4rte Welt (<a href='http:\/\/www.sueddeutsche.de\/kultur\/interview-zu-konsumverhalten-es-gibt-heute-mehr-sklaven-als-zur-zeit-des-sklavenhandels-1.3923268' class='azc_bbc_url'>siehe S\u00fcddeutsche<\/a>): <span class='azc_bbc_italic'>&#8222;Wir sind Teil einer Gesellschaft, die systematisch auf Kosten anderer lebt. Es gibt heute mehr Sklaven als zur Zeit des Sklavenhandels, auch in Relation zur Gesamtbev\u00f6lkerung. Ein Beispiel: Palm\u00f6l ist das billigste Fett der Welt. Warum? Weil Palm\u00f6lkonzerne in Indonesien indigenen V\u00f6lker das Land wegnehmen und illegal Wald niederbrennen k\u00f6nnen. Also haben die Menschen, die sich nirgends mehr selbst versorgen k\u00f6nnen, gar keine andere Wahl mehr, als zu miserablen Bedingungen in den Plantagen zu arbeiten.&#8220;<\/span><\/p>\n<p>Es hat sogar mal jemand ausgerechnet, wie viel Sklaven jeder von uns Wohlstandsmenschen der Industrienationen pers\u00f6nlich zu verantworten hat. <a href='https:\/\/www.jetzt.de\/politik\/interview-mit-einer-professorin-fuer-supply-management' class='azc_bbc_url'>Es sind 60!<\/a><\/p>\n<p>Aber wehe, diese Sklaven machen sich auf den Weg nach Deutschland, um sich ihren Sklavenhalter hierzulande einmal anzuschauen. Dann reagieren die Deutschen Wutb\u00fcrger nicht anders, als die Sklavenhalter im ausgehenden Mittelalter &#8211; und sind auch intellektuell keinen Schritt aus dieser Epoche herausgekommen. Denn es ist, wie immer, <a href='https:\/\/www.youtube.com\/watch?v=TT4Yofl1Rfs' class='azc_bbc_url'>eine reine Verteilungsfrage<\/a>: Teilen die Reichen in Deutschland mit den Armen in Deutschland? Teilt das reiche Deutschland mit den \u00e4rmeren L\u00e4ndern in Europa? Teilt das reiche Europa mit den \u00e4rmeren L\u00e4ndern der Welt? Oder bauen die Reichen alle ihre ganz eigenen Abschottungsmauern &#8211; und glauben ernsthaft, dass sie damit eine bessere Welt erschaffen?<\/p>\n<p><a href='https:\/\/www.linksfraktion.de\/presse\/pressemitteilungen\/detail\/freihandelsabkommen-mit-mexiko-nuetzt-nur-den-europaeischen-grosskonzernen' class='azc_bbc_url'>Freihandelsabkommen mit Mexiko n\u00fctzt nur den europ\u00e4ischen Gro\u00dfkonzernen<\/a><br \/>\n\u00c4h ja, genau daf\u00fcr sind sogenannte &#8222;Freihandelsabkommen&#8220; doch schliesslich da. Nicht nur das Abkommen mit Mexiko, sondern ALLE! Ansonsten nennt mir doch mal bitte ein Abkommen, bei dem dies nicht der Fall ist. Nur ein einziges. Ich warte <img class='azc_bbc_image' src='https:\/\/www.rume.de\/smilies\/biggrin.gif'  \/><\/p>\n<p>Und Bonusquiz f\u00fcr Fortgeschrittene: Nennt mir mal einen Koalitionsvertrag, bei dem am Ende eine sozialgerechterere Gesellschaft herauskam als vor dessen Unterzeichnung. Ihr k\u00f6nnt auch gerne diverse &#8222;rot-rote&#8220; Landesregierungen daf\u00fcr absuchen. Ich warte gerne <img class='azc_bbc_image' src='https:\/\/www.rume.de\/smilies\/nasiehste.gif'  \/><\/p>\n<p><a href='http:\/\/www.dw.com\/de\/eu-will-besseren-schutz-f%C3%BCr-whistleblower\/a-43497525' class='azc_bbc_url'>EU will besseren Schutz f\u00fcr Whistleblower<\/a><br \/>\nDie Deutsche Welle meldet: <span class='azc_bbc_italic'>&#8222;EU-Vizepr\u00e4sident Frans Timmermans kann sie gar nicht hoch genug loben: die Whistleblower (engl. f\u00fcr Informanten, Hinweisgeber), die in den letzten Jahren eine Reihe von Skandalen aufgedeckten, die Europa ersch\u00fctterten. &#8222;Wenn Menschen mit Insider-Wissen den Mut finden, Informationen \u00fcber Missst\u00e4nde bekannt zu machen, dann m\u00fcssen wir sie viel besser sch\u00fctzen&#8220;, sagt der EU-Kommissar. Ausdr\u00fccklich lobt Timmermans ihre Bedeutung f\u00fcr die Demokratie in Europa.&#8220;<\/span><\/p>\n<p>Ja nee, ist klar. Wie begeistert die EU-Bonzen \u00fcber aufgedeckte Skandale sind, erkennt man ja an ihrem Verhalten im Fall Edward Snowden, Chelsea Manning und Julian Assange <img class='azc_bbc_image' src='https:\/\/www.rume.de\/smilies\/clown.gif'  \/> Und selbst im kleineren Rahmen sabotiert aktuell gerade die Bundesregierung die juristische Aufarbeitung des Dieselbetrugs, indem man dem Gericht verbietet, den KBA-Chef als Zeugen vorzuladen.<\/p>\n<p>Wirklichen Schutz f\u00fcr Whistleblower g\u00e4be es eh nur, wenn man Lohnabh\u00e4ngigen eine gesetzliche Garantie auf eine Lohnweiterzahlung geben w\u00fcrde, bis das aufgedeckte Verbrechen juristisch abgearbeitet ist. Und wird die Aufdeckung tats\u00e4chlich als Straftat verurteilt, besteht lebenslanger Zwang auf Gehaltsweiterzahlung durch den verurteilten Konzern. Dann kann der Betroffene ruhig offiziell gek\u00fcndigt werden &#8211; aber sein Lebensunterhalt ist weiterhin abgesichert. Und zwar durch den Konzern, der sich strafbar verhielt.<\/p>\n<p>DAS w\u00e4re ein echter Schutz f\u00fcr Whistleblower.<\/p>\n<p>Davon ist die EU aber kilometerweit entfernt. Man will Konzernen und Beh\u00f6rden lediglich vorschreiben, dass man interne Dienstwege installiert, bei denen Whistleblower anonym ihre Entdeckungen einreichen k\u00f6nnen. Erst wenn das nichts bringt, darf man an die \u00d6ffentlichkeit gehen. Und als ob dieser <span class='azc_bbc_italic'>&#8222;Bessere Schutz f\u00fcr Whistleblower&#8220;<\/span> <img class='azc_bbc_image' src='https:\/\/www.rume.de\/smilies\/clown.gif'  \/> nicht schon an Realsatire grenzt, lesen wir zudem auch noch (Zitat): <span class='azc_bbc_italic'>&#8222;Der Entwurf tritt jetzt zun\u00e4chst den Marsch durch die europ\u00e4ischen Institutionen an, wo er vor allem im Rat der Regierungen Gefahr l\u00e4uft, noch gefleddert zu werden. Und bis der neue Whistleblower-Schutz in der EU in Kraft treten kann, werden noch mehrere Jahre vergehen.&#8220;<\/span><\/p>\n<p>Fassen wir also zusammen: Es geht also noch Jahre weiter mit der ungestraften Korruption &#8211; und anschliessend dank eines gefledderten Gesetzes ebenfalls. Aber die EU hat da mal was Nettes angek\u00fcndigt. Passend zur Europawahl im kommenden Jahr und zum Einseifen naiver W\u00e4hler. Und bei weit \u00fcber 80 Prozent der W\u00e4hler reicht das ja auch v\u00f6llig aus <img class='azc_bbc_image' src='https:\/\/www.rume.de\/smilies\/nasiehste.gif'  \/><\/p>\n<p><a href='https:\/\/netzpolitik.org\/2018\/biometrische-ueberwachung-am-suedkreuz-zwischenbericht-bleibt-geheim' class='azc_bbc_url'>Biometrische \u00dcberwachung am S\u00fcdkreuz: Zwischenbericht bleibt geheim<\/a><br \/>\n<span class='azc_bbc_italic'>&#8222;Am S\u00fcdkreuz wird seit Monaten mit speziellen Videokameras gefilmt. Mit den daraus gewonnenen Daten testen die Beh\u00f6rden die biometrische Personenerkennung an der Rolltreppe, in der Bahnhofshalle und am Bahnhofseingang. Das Heimat- und Innenministerium verweigert Ausk\u00fcnfte zu erhobenen Messwerten der getesteten Software bei der Biometrie-Video\u00fcberwachung am Berliner Bahnhof S\u00fcdkreuz. Der Zwischenbericht bleibt Verschlusssache. In einer Antwort des Ministeriums an Alexander Ulrich (LINKE) kommen kaum Details zur k\u00fcnftigen zweiten Phase der automatisierten Personen\u00fcberwachung ans Licht.&#8220;<\/span><\/p>\n<p><a href='http:\/\/www.sueddeutsche.de\/politik\/sozialverbaende-die-afd-wertet-das-leben-von-behinderten-als-nicht-lebenswert-ab-1.3956029' class='azc_bbc_url'>AfD wertet das Leben von Behinderten als nicht lebenswert ab<\/a><br \/>\nL E S E B E F E H L !!<\/p>\n<p>Nur ein kurzer Auszug, denn auch der Rest ist absolut lesenswert: <span class='azc_bbc_italic'>&#8222;Behindertenpolitik ist KEINE Sozialpolitik. Und es geht auch NICHT um Armenrecht, sondern um Menschenrechtspolitik. Die UN-Konvention sagt ausdr\u00fccklich, dass behinderte Menschen zu einer Gesellschaft dazu geh\u00f6ren. Die meisten Behinderungen entstehen im Laufe des Lebens, durch Krankheit, Unf\u00e4lle, das ist Teil des Menschseins. Schon die Diskriminierung eines einzigen Behinderten ist eine zu viel.&#8220;<\/span><\/p>\n<p>Dazu passt auch:<\/p>\n<p><a href='http:\/\/www.sueddeutsche.de\/politik\/prantls-blick-ein-gesetz-das-angst-und-schrecken-bringt-1.3955373' class='azc_bbc_url'>Ein Gesetz bringt Angst und Schrecken<\/a><br \/>\nDie S\u00fcddeutsche kommentiert: <span class='azc_bbc_italic'>&#8222;Das vom bayerischen Ministerrat schon beschlossene Psychisch-Kranken-Hilfe-Gesetz ist ein Gesetz, das psychisch kranke Menschen in die N\u00e4he von Straft\u00e4tern r\u00fcckt und sie wie Straft\u00e4ter behandelt. Es ist ein Gesetz, das psychisch Kranke zu &#8222;Gef\u00e4hrdern&#8220; erkl\u00e4rt, das ihre \u00c4rzte zu Hilfspolizisten und die psychiatrischen Krankenh\u00e4user zu Verwahranstalten macht. Die Menschen, die von diesem &#8222;Hilfe-Gesetz&#8220; betroffen sind, sollen nach den Regeln des Kriminalrechts in den psychiatrischen Krankenh\u00e4usern festgehalten und der Polizei gemeldet werden. Ihre Krankheitsdaten sollen in einer zentralen Datei gespeichert und von den Sicherheitsbeh\u00f6rden abgerufen werden k\u00f6nnen. Wer traut sich da noch, mit Depressionen um Hilfe zu rufen? Er muss damit rechnen, dass ihm aus seiner Krankheit ein Strick gedreht wird, dass er in einem Staatsberuf nicht eingestellt oder dass er nicht bef\u00f6rdert wird. Ein Krankenhaus ist aber ein Ort, an dem geheilt werden soll &#8211; nicht stigmatisiert.<\/p>\n<p>Acht Millionen Menschen in Deutschland leiden an einer psychischen Krankheit; 1,2 Millionen werden station\u00e4r behandelt; 120 000 sind zur Diagnose und Therapie untergebracht &#8211; davon zehn Prozent gegen ihren Willen. Sie werden von so einem Gesetz in Angst und Schrecken versetzt. Und weil der Ministerpr\u00e4sident, unter dessen \u00c4gide dieses Gesetz entstanden ist, jetzt Bundesinnenminister ist, muss man f\u00fcrchten, dass der Ungeist dieses Gesetzes bundesweit zu spuken beginnt.<\/p>\n<p>F\u00fcnfzig Jahre nach dem Erlass der Notstandsgesetze auf Bundesebene produziert die CSU bayerische Notstandsgesetze, die zu ihrem Einsatz einen Notstand nicht mehr als Voraussetzung haben. Sie werden mit der Terrorgefahr begr\u00fcndet, sind aber bei ihrer Durchf\u00fchrung vom Terror losgel\u00f6st &#8211; f\u00fcr die Zugriffe und Eingriffe gen\u00fcgt die &#8222;drohende Gefahr&#8220; jeglicher Art.&#8220;<\/span><\/p>\n<p><a href='https:\/\/netzpolitik.org\/2018\/bayerisches-polizeigesetz-billige-tricks-der-csu-entlarvt' class='azc_bbc_url'>CSU nennt ihr Polizeigesetz nun &#8222;Datenschutzanpassung&#8220;<\/a><br \/>\nDiese Kehrtwende zeugt von dem Druck, unter dem die CSU angesichts des breiten Widerstands aus der Bev\u00f6lkerung steht. Die Behauptung, das neue Polizeigesetz w\u00fcrde vor allem die EU-Datenschutzrichtlinie und Verfassungsrecht umsetzen, ist eine dreiste T\u00e4uschung. Es handelt sich um einen Ausbau der Polizei zur Datensammelbeh\u00f6rde, den die CSU genauso gewollt hat.<\/p>\n<p><a href='http:\/\/www.spiegel.de\/politik\/deutschland\/bundeswehr-verteidigungsministerium-will-450-millionen-euro-fuer-waffen-ausgeben-a-1204245.html' class='azc_bbc_url'>Groko will 450 Millionen Euro f\u00fcr Kriegswaffen ausgeben<\/a><br \/>\nUnd das ausgerechnet an dem Tag, an dem der Bundesrechnungshof mal wieder die Einkaufsliste unserer kriegsgeilen Groko zerpfl\u00fcckt. <a href='http:\/\/www.sueddeutsche.de\/wirtschaft\/staatsausgaben-bundesrechnungshof-ruegt-mehrere-bundesministerien-1.3955976' class='azc_bbc_url'>Zitat<\/a>: <span class='azc_bbc_italic'>&#8222;Die Kosten pro Kriegsschiff verf\u00fcnffachten (!) sich demnach von 6 auf 30 Millionen Euro. Die Bundeswehr habe diese Verz\u00f6gerungen mitverursacht. Sie habe kein effektives Qualit\u00e4tsmanagement. So habe sie vereinbart, wesentliche Bestandteile erst nach Abnahme zu testen. Deshalb wurden Leistungen wie Software bezahlt, die gar nicht den Anforderungen entsprachen. \u00c4hnliche M\u00e4ngel seien schon bei anderen R\u00fcstungsprojekten festgestellt worden.&#8220;<\/span><\/p>\n<p>Aber hey: Eine bessere Kranken- und Pflegeunterst\u00fctzung ist nat\u00fcrlich &#8222;unfinanzierbar&#8220; und gef\u00e4hrdet die &#8222;schwarze Null&#8220; <img class='azc_bbc_image' src='https:\/\/www.rume.de\/smilies\/sarkasm.gif'  \/><\/p>\n<p><a href='https:\/\/propagandaschau.wordpress.com\/2018\/04\/24\/der-ard-weltspiegel-macht-erneut-propaganda-fuer-saudi-arabien' class='azc_bbc_url'>ARD &#8222;Weltspiegel&#8220; macht erneut Propaganda f\u00fcr Saudi-Arabien<\/a><br \/>\nSchon der Blick auf deren &#8222;s\u00e4mtliche Berichte&#8220; \u00fcber die islamistische Diktatur Saudi-Arabien in den vergangenen Monaten verdeutlicht, dass wir es hier nicht mit Journalismus, sondern mit einer GEZ-finanzierten Werbekampagne zu tun haben. Dass der Iran in der gleichen Ausgabe des &#8222;Weltspiegel&#8220; am vergangenen Sonntag als subversiver Kriegstreiber in Syrien dargestellt wird, obwohl das Land v\u00f6lkerrechtlich vollkommen einwandfrei an der Seite der regul\u00e4ren syrischen Armee gegen den von Saudi-Arabien unterst\u00fctzten Terror k\u00e4mpft, ist selbstverst\u00e4ndlich kein Zufall, sondern komplettiert das Bild einer gezielten Kriegspropaganda.<\/p>\n<p><a href='https:\/\/www.dwdl.de\/nachrichten\/66623\/gekreuzigter_hase_keine_ermittlungen_gegen_welke' class='azc_bbc_url'>Gekreuzigter Hase: Keine Ermittlungen gegen Oliver Welke<\/a><br \/>\nIn der &#8222;heute show&#8220; wurde ein ans Kreuz genagelter Pl\u00fcsch-Osterhase gezeigt. Abergl\u00e4ubige haben sich davon &#8222;in ihren Gef\u00fchlen verletzt&#8220; gesehen und Anzeige erstattet &#8211; was vom Gericht lachend abgewiesen wurde: <span class='azc_bbc_italic'>&#8222;Es sollte deutlich sein, dass die Kunstfigur des \u00bbOsterhasen\u00ab gerade nicht zu den Glaubensinhalten des Christentums geh\u00f6ren d\u00fcrfte&#8220;<\/span>, so die Oberstaatsanw\u00e4ltin <img class='azc_bbc_image' src='https:\/\/www.rume.de\/smilies\/biggrin.gif'  \/><\/p>\n<p>Und zu guter Letzt:<\/p>\n<p><a href='http:\/\/tomicek.de\/images\/tomicek_bw\/18_04_24_Bundesrechnungshof_Steuergelder_f.jpg' class='azc_bbc_url'>Bundeswehr erh\u00e4lt zus\u00e4tzliche Milliarden<\/a><br \/>\n<img class='azc_bbc_image' src='https:\/\/www.rume.de\/smilies\/sarkasm.gif'  \/><\/p>\n","protected":false},"excerpt":{"rendered":"<p>\/ Gedanken zum 200. Geburtstag von Karl Marx \/ DIE LINKE deckt auf: Jobcenter zahlen 600 Mio. zu wenig Mietkosten \/ Axel-Springer-Award f\u00fcr Ausbeutung und Steuerflucht ist blanker Zynismus \/ PSA\/Opel-Management Hand in Hand mit IG Metall und Betriebsrat \/ ARTE-Doku: Die menschliche Intelligenz l\u00e4sst nach \/ Eine kleine Zivilisationskritik \/ Freihandelsabkommen mit Mexiko n\u00fctzt &hellip; <a href=\"https:\/\/www.rume.de\/?p=588\" class=\"more-link\"><span class=\"screen-reader-text\">\u201eAufgelesen und kommentiert 2018-04-24\u201c <\/span>weiterlesen<\/a><\/p>\n","protected":false},"author":1,"featured_media":0,"comment_status":"open","ping_status":"closed","sticky":false,"template":"","format":"standard","meta":{"footnotes":""},"categories":[2],"tags":[],"class_list":["post-588","post","type-post","status-publish","format-standard","hentry","category-aufgelesen"],"_links":{"self":[{"href":"https:\/\/www.rume.de\/index.php?rest_route=\/wp\/v2\/posts\/588","targetHints":{"allow":["GET"]}}],"collection":[{"href":"https:\/\/www.rume.de\/index.php?rest_route=\/wp\/v2\/posts"}],"about":[{"href":"https:\/\/www.rume.de\/index.php?rest_route=\/wp\/v2\/types\/post"}],"author":[{"embeddable":true,"href":"https:\/\/www.rume.de\/index.php?rest_route=\/wp\/v2\/users\/1"}],"replies":[{"embeddable":true,"href":"https:\/\/www.rume.de\/index.php?rest_route=%2Fwp%2Fv2%2Fcomments&post=588"}],"version-history":[{"count":1,"href":"https:\/\/www.rume.de\/index.php?rest_route=\/wp\/v2\/posts\/588\/revisions"}],"predecessor-version":[{"id":589,"href":"https:\/\/www.rume.de\/index.php?rest_route=\/wp\/v2\/posts\/588\/revisions\/589"}],"wp:attachment":[{"href":"https:\/\/www.rume.de\/index.php?rest_route=%2Fwp%2Fv2%2Fmedia&parent=588"}],"wp:term":[{"taxonomy":"category","embeddable":true,"href":"https:\/\/www.rume.de\/index.php?rest_route=%2Fwp%2Fv2%2Fcategories&post=588"},{"taxonomy":"post_tag","embeddable":true,"href":"https:\/\/www.rume.de\/index.php?rest_route=%2Fwp%2Fv2%2Ftags&post=588"}],"curies":[{"name":"wp","href":"https:\/\/api.w.org\/{rel}","templated":true}]}}