{"id":584,"date":"2018-04-22T20:50:21","date_gmt":"2018-04-22T18:50:21","guid":{"rendered":"http:\/\/rume.katti.eu\/?p=584"},"modified":"2018-04-22T20:50:21","modified_gmt":"2018-04-22T18:50:21","slug":"aufgelesen-und-kommentiert-2018-04-22","status":"publish","type":"post","link":"https:\/\/www.rume.de\/?p=584","title":{"rendered":"Aufgelesen und kommentiert 2018-04-22"},"content":{"rendered":"<p>\/ Hartz-IV: Eine Bilanz der Sanktionen gegen Arbeitslose<br \/>\n\/ GR\u00dcNE fordern Abschaffung der Hartz IV Sanktionen<br \/>\n\/ Agenda 2010 wirkt: Armut hat sich deutlich ausgebreitet<br \/>\n\/ EuGH-Urteil zum kirchlichen Arbeitsrecht: Kirchen m\u00fcssen Realit\u00e4t anerkennen<br \/>\n\/ Mindestlohn reicht in vielen St\u00e4dten nicht<br \/>\n\/ Verdi schlie\u00dft die Reihen mit der Regierung<br \/>\n\/ Opel plant Job-Kahlschlag<br \/>\n\/ Bieterkampf um Klinikkette: Zwei Milliard\u00e4re ringen um Paracelsus<br \/>\n\/ Goldman Sachs: Pharmaindustrie sollte keine Medikamente entwickeln<br \/>\n\/ Toll-Collect zeigt: Die Idee der Public-Private-Partnerships ist gescheitert<br \/>\n\/ Die 10 Knaller der Berliner Schulprivatisierung<br \/>\n\/ Simone Lange: &#8222;So kann es mit der SPD definitiv nicht weitergehen&#8220;<br \/>\n\/ Abgasbetrug: Scheuer (CSU) blockiert gerichtliche Aufkl\u00e4rung<br \/>\n\/ Big Brother Awards 2018: Die Gewinner<br \/>\n\/ Neue Polizeigesetze: Krieg gegen die eigenen B\u00fcrger<br \/>\n\/ Syrien-Luftschlag war laut Bundestags-Gutachten v\u00f6lkerrechtswidrig<br \/>\n\/ Jetzt machen die Russen auch noch unsere sch\u00f6ne Bundes pressekonferenz kaputt!<br \/>\n\/ Spahn will Krankenkassenbeitr\u00e4ge senken<\/p>\n<p>&#8212;<\/p>\n<p><!--more--><\/p>\n<p><a href='http:\/\/www.wsws.org\/de\/articles\/2018\/04\/20\/hart-a20.html' class='azc_bbc_url'>Hartz-IV: Eine Bilanz der Sanktionen gegen Arbeitslose<\/a><br \/>\nInsbesondere dem Absatz, dass ja &#8222;die Hartzer&#8220; stets bei Terminen nicht erscheinen und deshalb &#8222;zurecht&#8220; eine Sanktion erhalten, wird hinterleuchtet: <span class='azc_bbc_italic'>&#8222;Bei rund 70 Prozent (6,69 Millionen) handelte es sich um sogenannte \u00bbkleine Sanktionen\u00ab, die aufgrund angeblicher \u00bbMeldevers\u00e4umnisse\u00ab erfolgten. Die Zahl der Meldevers\u00e4umnisse muss aber mit Vorsicht betrachtet werden. Nicht selten werden wahrgenommene Termine nicht in den Akten dokumentiert und es kommt deshalb zu einer Sanktion.<\/p>\n<p>Dieses Unrecht widerfuhr 2016 einem Hartz-IV-Betroffenen in Heilbronn. Er klagte vor dem Sozialgericht gegen das Jobcenter und gewann, da er einen glaubhaften Zeugen, einen befreundeten Rentner, vorweisen konnte, der in der Lage war sich &#8222;wahrhaftig und authentisch&#8220; daran zu erinnern, dass er den Sanktionierten &#8222;am fraglichen Vormittag bei dessen Vorsprache im Jobcenter&#8220; begleitet hatte.<\/p>\n<p>Das ist beileibe kein &#8222;Einzelfall&#8220;. Deswegen raten erfahrene Sozialrechtsanw\u00e4lte den Betroffenen, zu pers\u00f6nlichen Vorsprachen im Jobcenter entweder einen Zeugen mitzunehmen oder sich ihr Erscheinen quittieren zu lassen.&#8220;<\/span><\/p>\n<p>Fassen wir also zusammen: Hinter den &#8222;verpassten Terminen&#8220; steckt dieselbe (politisch gewollte) Willk\u00fcr, wie auch bei allen anderen &#8222;Massnahmen&#8220;, die die Jobcenter zu verh\u00e4ngen haben. Denn die Jobcenter sind schon laut Gesetz NICHT dazu verpflichtet, den Menschen zu helfen, sondern um m\u00f6glich viel Geld zu &#8222;sparen&#8220;.<\/p>\n<p><a href='https:\/\/www.berliner-zeitung.de\/politik\/-keine-positiven-effekte&#8211;gruene-fordern-abschaffung-der-hartz-iv-sanktionen-30037430' class='azc_bbc_url'>GR\u00dcNE fordern Abschaffung der Hartz IV Sanktionen<\/a><br \/>\nUnd wir erkennen an der GR\u00dcNEN &#8222;Begr\u00fcndung&#8220; sehr gut, dass diese Abschaffungsforderung keineswegs auf Mitmenschlichkeit basiert, sondern auf der kapitalistischen Verwertungslogik. Zitat: <span class='azc_bbc_italic'>&#8222;Mit Sanktionen Druck und Zwang auf die Arbeitsuchenden auszu\u00fcben, hat sich als Sackgasse erwiesen&#8220;, sagt Sven Lehmann, in der Bundestagsfraktion der Gr\u00fcnen Sprecher f\u00fcr Sozialpolitik, dieser Zeitung. &#8222;Die Praxis der Bestrafung und Leistungsk\u00fcrzung hat nachweislich keine positiven Effekte auf die nachhaltige Arbeitsmarktintegration, sondern dr\u00e4ngt Arbeitssuchende oft in existentielle Notlagen.&#8220;<\/span><\/p>\n<p>Nein, Nein und nochmals Nein!<\/p>\n<p>Es wird NIEMALS genug existenzsichernde Arbeitspl\u00e4tze f\u00fcr alle geben. Und selbst wenn es &#8222;positive Effekte auf die nachhaltige Arbeitsmarktintegration&#8220; gegeben h\u00e4tte, so w\u00e4ren die Menschen stets in Hungerlohnjobs gequetscht worden, deren Entlohnung niemals zum Leben ausreicht. Allein das Grundrecht auf Menschenw\u00fcrde verbietet also eine derart menschenverachtende und zynische Begr\u00fcndung f\u00fcr das K\u00fcrzen des Existenzminimums. Und wenn das Bundesverfassungsgericht auch mal auf dem Boden des Grundgesetzes stehen sollte (was schon viel zu oft nicht der Fall war), dann wird deren Urteil genauso ausfallen.<\/p>\n<p><a href='https:\/\/www.neues-deutschland.de\/artikel\/1085859.html' class='azc_bbc_url'>Agenda 2010 wirkt: Armut hat sich deutlich ausgebreitet<\/a><br \/>\nWaren im Jahr 2005 noch 9,96 Millionen Menschen in Deutschland von Armut bedroht, stieg ihre Zahl bis zum Jahr 2016 auf 13,42 Millionen. Die Armutsgef\u00e4hrdungsquote erh\u00f6hte sich in der Zeit von 12,2 Prozent auf 16,5 Prozent. Und das sind nur die offiziellen Zahlen der europ\u00e4ischen Statistikbeh\u00f6rde Eurostat.<\/p>\n<p><a href='http:\/\/www.deutschlandfunk.de\/eugh-urteil-zum-kirchlichen-arbeitsrecht-kirchen-muessen.720.de.html?dram:article_id=415848' class='azc_bbc_url'>EuGH-Urteil zum kirchlichen Arbeitsrecht: Kirchen m\u00fcssen Realit\u00e4t anerkennen<\/a><br \/>\nAuch der Deutschlandfunk wiederholt nochmal genau das, was ich vor ein paar Tagen <a href='https:\/\/www.rume.de\/2018\/04\/17\/aufgelesen-und-kommentiert-2018-04-17' class='azc_bbc_url'>bereits geschrieben hatte<\/a>.<\/p>\n<p>Was ich aber viel wichtiger finde: Bekommen die dann normal Besch\u00e4ftigten eines &#8222;kirchlichen&#8220; Krankenhauses auch s\u00e4mtliche Mitbestimmungsrechte &#8211; inklusive Streikrecht und Betriebsrat? Das alles war n\u00e4mlich bei mittelalterlichen &#8222;kirchlichen Arbeitsrecht&#8220; nicht vorgesehen. Bislang hatten die Kirchenbonzen festgelegt, was &#8222;gut genug&#8220; f\u00fcr ihre Sch\u00e4fchen ist.<\/p>\n<p><a href='https:\/\/www.taz.de\/!5499896' class='azc_bbc_url'>Mindestlohn reicht in vielen St\u00e4dten nicht<\/a><br \/>\nDieser Stundenlohn ist n\u00f6tig, um in deutschen St\u00e4dten kein &#8222;aufstockendes&#8220; Hartz4 mehr zu bekommen:<\/p>\n<img class='azc_bbc_image' src='https:\/\/www.rume.de\/wp-content\/uploads\/2018\/04\/stadtmindestlohn2018.png'  \/>\n<p><a href='http:\/\/www.wsws.org\/de\/articles\/2018\/04\/19\/verd-a19.html' class='azc_bbc_url'>Verdi schlie\u00dft die Reihen mit der Regierung<\/a><br \/>\n<span class='azc_bbc_italic'>&#8222;Der Tarifabschluss im \u00f6ffentlichen Dienst, den die Gewerkschaften und Arbeitgeberverb\u00e4nde am Mittwoch nach der dritten Verhandlungsrunde pr\u00e4sentierten, ist ein Schlag ins Gesicht der 2,3 Millionen \u00f6ffentlich Besch\u00e4ftigten der Kommunen und des Bundes, die in den letzten Wochen zu Zehntausenden f\u00fcr bessere Arbeitsbedingungen und h\u00f6here L\u00f6hne auf die Stra\u00dfe gegangen sind. Der Abschluss schreibt f\u00fcr viele Berufsgruppen den Reallohnverlust der letzten Jahre fort und verbietet den Arbeitern mit seiner extrem langen Laufzeit 30 Monate lang jegliche Arbeitskampfma\u00dfnahmen. F\u00fcr fast die gesamte Legislaturperiode sind damit Streiks gegen die unsoziale Politik der Gro\u00dfen Koalition illegal.<\/p>\n<p>Im Koalitionsvertrag ist die umfassendste Aufr\u00fcstung seit dem Zweiten Weltkrieg festgeschrieben. Daf\u00fcr m\u00fcssen dutzende Milliarden in anderen Bereichen gek\u00fcrzt werden. Die Warnstreiks der letzten Wochen haben gezeigt, dass Arbeiter nicht bereit sind, diese Politik und eine weitere Verschlechterung ihrer Arbeitsbedingungen hinzunehmen. In Krankenh\u00e4usern, Kitas und Pflegeheimen herrscht ein regelrechter Notstand, aber auch Entsorgungsbetriebe, der Nahverkehr und sogar \u00c4mter sind betroffen.<\/p>\n<p>Doch die Gewerkschaften hatten sich von Anfang an geweigert, diese Fragen auch nur aufzuwerfen. Und der \u00fcble Abschluss ist das Ergebnis der engen Zusammenarbeit zwischen den Gewerkschaften und der Bundesregierung. Nicht umsonst lobte Verdi-Chef Bsirske den Innenminister Horst Seehofer (CSU) auf der abschlie\u00dfenden Pressekonferenz in den h\u00f6chsten T\u00f6nen als &#8222;angenehmen Verhandlungspartner&#8220;, mit dem es w\u00e4hrend der Verhandlungen &#8222;launige, entspannte Momente&#8220; gegeben habe. Seehofer geh\u00f6rt zu den rechten Scharfmachern der Bundesregierung. Er hetzt gegen Fl\u00fcchtlinge und hat den Aufbau eines Polizeistaats angek\u00fcndigt.&#8220;<\/span> <a href='http:\/\/www.wsws.org\/de\/articles\/2018\/04\/19\/verd-a19.html' class='azc_bbc_url'>Weiterlesen&#8230;<\/a><\/p>\n<p>Das ist f\u00fcr mich DER zentrale Hinweis im Bericht: F\u00fcr die kommenden 30 Monate ist jeder Streik gegen die asoziale Politik der Bundesregierung illegal. Und wenn man weiss, was die Herren Scholz und Spahn gerade f\u00fcr den \u00d6ffentlichen Dienst erwarten lassen, dann weiss man, zu wessen Gunsten sich Verdi eingesetzt hat.<\/p>\n<p><a href='https:\/\/www.neues-deutschland.de\/artikel\/1085862.html' class='azc_bbc_url'>Opel plant Job-Kahlschlag<\/a><br \/>\nWie zu erwarten, wurde die sogenannte &#8222;Standortsicherung&#8220; abgewartet und anschliessend die Axt angesetzt. Und w\u00e4hrend die IG Metall noch medienwirksam ihre Emp\u00f6rung heuchelt, verhandelt man in den Hinterzimmern bereits, wie man Arbeiter im Hunderterpack am ger\u00e4uschlosesten entsorgen k\u00f6nnte. Ein l\u00e4ngst wie geschmiert laufendes Ritual, welches immer wieder eine Neuauff\u00fchrung bekommt.<\/p>\n<p><a href='http:\/\/www.spiegel.de\/wirtschaft\/unternehmen\/paracelsus-asklepios-und-felix-happel-wollen-klinikkette-kaufen-a-1203535.html' class='azc_bbc_url'>Bieterkampf um Klinikkette: Zwei Milliard\u00e4re ringen um Paracelsus<\/a><br \/>\nDas ehemalige Nachrichtenmagazin meldet: <span class='azc_bbc_italic'>&#8222;Der Verkauf der Klinikkette Paracelsus ist zum Bietergefecht zweier Milliard\u00e4re geworden. Um das Unternehmen ringen nach SPIEGEL-Informationen mittlerweile nur noch der Krankenhauskonzern Asklepios von Eigent\u00fcmer Bernard gro\u00dfe Broermann und die Beteiligungsfirma Porterhouse von Felix Happel, Sohn des in der Schweiz lebenden Milliard\u00e4rs Otto Happel.&#8220;<\/span><\/p>\n<p>Unsere Gesundheitsversorgung (!) in den H\u00e4nden von profitgeilen Milliard\u00e4ren. Kann man die Verh\u00e4ltnisse, die hier in Deutschland herrschen, eigentlich NOCH drastischer aufzeigen?<\/p>\n<p>Denn selbstverst\u00e4ndlich werden sich die Milliard\u00e4re anschliessend dransetzen und die Arbeitshetze erh\u00f6hen, Besch\u00e4ftigte entlassen und alles mit der Stoppuhr nachmessen lassen, ob es nicht noch schneller geht. Schliesslich sollen die eingesetzen Geldsummen mit Gewinn wieder in die eigene Tasche zur\u00fcckfliessen. Ob die Gesundheit der Menschen (egal ob Patient oder Besch\u00e4ftigter) darunter leidet, interessiert da nicht.<\/p>\n<p>Und was machen die Betroffenen? Organisieren sie sich und treten geschlossen solchen Pl\u00e4nen entgegen? Nat\u00fcrlich nicht, denn wir leben schliesslich in Deutschland <img class='azc_bbc_image' src='https:\/\/www.rume.de\/smilies\/biggrin.gif'  \/> Hier betteln (!) die Lohnabh\u00e4ngigen darum, sich ihren Kapitalisten aussuchen zu d\u00fcrfen, von dem sie dann ausgebeutet werden. Zitat: <span class='azc_bbc_italic'>&#8222;Schon jetzt aber machen Mitarbeiter von Paracelsus mobil &#8211; gegen Asklepios. Viele hoffen auf einen Zuschlag f\u00fcr die Beteiligungsfirma Porterhouse des Multimilliard\u00e4rs Felix Happel. Dessen Investmentholding aus Luzern wirbt damit, bei ihr stehe &#8222;nicht die kurzfristige Gewinnmaximierung, sondern die langfristige Begleitung und Entwicklung unserer Unternehmen im Sinne unserer mittelst\u00e4ndischen Tradition.&#8220;<\/span><\/p>\n<p>Hehe, ja genau: Der edle Kapitalist verzichtet gaaanz bestimmt auf seine Gewinnmaximierung, um den Besch\u00e4ftigten stattdessen Geld zu schenken <img class='azc_bbc_image' src='https:\/\/www.rume.de\/smilies\/laugh.gif'  \/><\/p>\n<p>Dazu passt auch:<\/p>\n<p><a href='https:\/\/blog.fdik.org\/2018-04\/s1524318081' class='azc_bbc_url'>Goldman Sachs: Pharmaindustrie sollte keine Medikamente entwickeln<\/a><br \/>\nDer Pharmaindustrie r\u00e4t das Geldhaus in der am 10. April ver\u00f6ffentlichten Studie \u00bbDie Genom-Revolution\u00ab davon ab, Kranke zu heilen. <span class='azc_bbc_italic'>&#8222;Menschenleben zu retten und Patienten gut zu versorgen, seien ein schlechtes Gesch\u00e4ftsmodell&#8220;<\/span>, wie der US-Sender CNBC am 11. April berichtete. Denn Heilungen h\u00e4tten im Vergleich zu Behandlungen von chronischen Krankheiten ganz andere Prognosen in Bezug auf wiederkehrende Ums\u00e4tze. <span class='azc_bbc_italic'>&#8222;Obwohl dieses Angebot einen enormen Wert f\u00fcr die Patienten und die Gesellschaft hat, k\u00f6nnte es eine Herausforderung f\u00fcr die Entwickler von Genom-Medizin darstellen, die einen nachhaltigen Geldfluss suchen&#8220;<\/span>, schreibt Goldman-Analystin Salveen Richter.<\/p>\n<p>Noch irgendjemand offene Fragen, ob eine privatisierte Gesundheitsversorgung in den H\u00e4nden profitgeiler Milliard\u00e4re eine &#8222;Gute Sache&#8220; sein kann?<\/p>\n<p><a href='https:\/\/www.heise.de\/newsticker\/meldung\/Kommentar-Kollateralschaden-fuer-die-Demokratie-das-Maut-Konsortium-Toll-Collect-und-die-Public-4026042.html' class='azc_bbc_url'>Toll-Collect zeigt: Die Idee der Public-Private-Partnerships ist gescheitert<\/a><br \/>\nSch\u00f6ner Bericht mit nur einem entscheidenden Haken: Bei Privatisierungen ging es NIE um eine Verbesserung f\u00fcr die Bev\u00f6lkerung, sondern IMMER um die Profitmaximierung f\u00fcr schwerreiche Investoren, Banken und Konzerne. Die Vertr\u00e4ge, die immer auch <a href='http:\/\/www.deutschlandfunkkultur.de\/erfolgreiche-rekommunalisierung-warum-die-wasserbetriebe.976.de.html?dram:article_id=330502' class='azc_bbc_url'>eine Gewinngarantie zugunsten der Konzerne<\/a> enthalten, sind deshalb ja auch stets geheim. Und deshalb ist der Einleitungstext auch grundfalsch.<\/p>\n<span class='azc_bbc_italic'>&#8222;Es klang nach einer netten Idee: Wo dem Staat das Geld fehlt, um etwa Schulen oder Autobahnen zu bauen, springt die Privatwirtschaft ein. Daf\u00fcr bekommt sie einen Teil der Miet- beziehungsweise Mauteinnahmen. Da sie ein starkes Eigeninteresse hat, solche Projekte m\u00f6glichst effizient zu wuppen, wird unter dem Strich alles schneller sowie preiswerter, und alle sind gl\u00fccklich. So zumindest die Theorie.&#8220;<\/span>\n<p>Nein, das war weder eine &#8222;nette Idee&#8220;, noch eine &#8222;Theorie&#8220;. Es war (und ist auch heute noch) gezielte Propaganda, die von der kapitalistischen Systempresse nat\u00fcrlich freudig begleitet wird. Schliesslich ist alles &#8222;toll&#8220;, was die Reichen noch reicher macht &#8211; und deren Kritiker sind &#8222;Reformbremser&#8220; und &#8222;Altgestrige&#8220;, weil sie sich noch um die Belange der Menschen und Arbeiter k\u00fcmmern.<\/p>\n<p>Die ganzen Floskeln im Bericht wie &#8222;Intransparentes Gekl\u00fcngel&#8220; und &#8222;Der Steuerzahler ist der Dumme&#8220; waren keine Fehlplanungen, sondern politisch gewollt.<\/p>\n<p><a href='https:\/\/www.gemeingut.org\/10-knaller-der-berliner-schulprivatisierung' class='azc_bbc_url'>Die 10 Knaller der Berliner Schulprivatisierung<\/a><br \/>\nLESEBEFEHL f\u00fcr alle Berliner. Und LINKE-W\u00e4hler <img class='azc_bbc_image' src='https:\/\/www.rume.de\/smilies\/biggrin.gif'  \/><\/p>\n<p><a href='https:\/\/www.neues-deutschland.de\/artikel\/1085970.html' class='azc_bbc_url'>Simone Lange: &#8222;So kann es mit der SPD definitiv nicht weitergehen&#8220;<\/a><br \/>\nSimone Lange ist Flensburgs Oberb\u00fcrgermeisterin und <a href='http:\/\/www.harm-bengen.de\/toonpool\/2018%2004%2020%20Lange_oder_Nahles-FARBE.jpg' class='azc_bbc_url'>Gegenkandidat von Andrea Nahles<\/a> um den SPD-Vorsitz. Bei den Nachdenkseiten wird sie schon abgefeiert nach dem Motto: <span class='azc_bbc_italic'>&#8222;Endlich wieder jemand, der Sozialreformen angehen w\u00fcrde.&#8220;<\/span><\/p>\n<p>Wir hingegen wissen: Mit &#8222;Reformen&#8220; ist der Kapitalismus, der sich stets Wege und Mittel zur Profitmaximierung suchen wird, <a href='https:\/\/www.burks.de\/burksblog\/pix\/2016\/11\/061116_1.gif' class='azc_bbc_url'>niemals zu verbessern<\/a>. Die letzten Beispiele, Barack Obama, Francois Hollande, Syriza in Griechenland und auch DIE LINKE in zahlreichen Landesregierungen zeigen das doch eindrucksvoll, dass die Schere zwischen Arm und Reich nur noch weiter auseinander geht.<\/p>\n<p>Aber sollen sie ruhig mal machen und falsche Hoffnungen wecken <img class='azc_bbc_image' src='https:\/\/www.rume.de\/smilies\/biggrin.gif'  \/><\/p>\n<p>UPDATE: Es kommt NOCH schlimmer, denn Andrea Nahles bleibt. <a href='https:\/\/www.rume.de\/2017\/09\/28\/die-neue-hoffnung-der-spd-andrea-nahles' class='azc_bbc_url'>DIE Andrea Nahles!<\/a> Aber das ist jetzt ganz bestimmt diese SPD-Erneuerung, \u00fcber die sie st\u00e4ndig reden <img class='azc_bbc_image' src='https:\/\/www.rume.de\/smilies\/sarkasm.gif'  \/><\/p>\n<p><a href='http:\/\/www.spiegel.de\/wirtschaft\/unternehmen\/porsche-andreas-scheuer-blockiert-aufklaerung-in-diesel-affaere-a-1203476.html' class='azc_bbc_url'>Abgasbetrug: Scheuer (CSU) blockiert gerichtliche Aufkl\u00e4rung<\/a><br \/>\nEin Gericht will Betrug aufkl\u00e4ren und die Bundesregierung blockiert dies \u00fcber die Verhinderung einer Zeugenaussage. Das nur mal so am Rande, ob die Justiz hierzulande unabh\u00e4ngig ist.<\/p>\n<p>Hintergrund ist \u00fcbrigens, dass das Kraftfahrtbundesamt (KBA) die Pr\u00fcfberichte des VW\/Audi\/Porsche-Betrugsmotoren &#8222;gesch\u00f6nt&#8220; haben soll und nun eine Zeugenaussage vor Gericht (!) diesen politisch gewollten Betrug auffliegen lassen k\u00f6nnte. Das wollen CDU\/CSU und SPD nat\u00fcrlich verhindern und untersagen deshalb die Zeugenbefragung.<\/p>\n<p>Ab wann nochmal genau spricht man von organisierter Kriminalit\u00e4t?<\/p>\n<p><a href='https:\/\/bigbrotherawards.de\/2018' class='azc_bbc_url'>Big Brother Awards 2018: Die Gewinner<\/a><br \/>\nArbeitswelt: Soma Analytics (Gesundheits-Apps)<br \/>\nPR &#038; Marketing: Konzept der &#8222;Smart City&#8220;<br \/>\nTechnik: Microsoft Deutschland (Windows 10)<br \/>\nVerwaltung: Cevisio GmbH (Totalkontrolle der Asylsuchenden im Fl\u00fcchtlingsheim)<br \/>\nVerbraucherschutz: Amazon Alexa (Lauschangriff-Dose f\u00fcr Jedermann)<br \/>\nPolitik: Landesregierung von CDU und GR\u00dcNE in Hessen (neues Verfassungsschutzgesetz)<\/p>\n<p>Zu Letzterem passt auch:<\/p>\n<a href='http:\/\/www.bento.de\/politik\/sachsen-so-hart-soll-das-neue-polizeigesetz-werden-2295602' class='azc_bbc_url'>Polizeigesetz in Sachsen: Handgranaten, Maschinengewehre und Elektroschocker<\/a>\n<a href='http:\/\/www.linksfraktion-saarland.de\/nc\/presse\/pressemitteilungen\/detail\/zurueck\/presse-4\/artikel\/dennis-lander-saarland-darf-sich-beim-polizeigesetz-kein-beispiel-an-bayern-nehmen-gesetzesversch' class='azc_bbc_url'>Saarland plant Polizeigesetz nach &#8222;bayerischen Vorbild&#8220;<\/a>\n<a href='https:\/\/www1.wdr.de\/nachrichten\/landespolitik\/polizeigesetz-gefaehrder-rechtsstaat-100.html' class='azc_bbc_url'>NRW-Polizeigesetz: &#8222;Erstmal wegsperren und dann gucken&#8220;<\/a>\n<a href='https:\/\/www.rundschau-online.de\/region\/koeln\/abschreckung-und-aufklaerung-koelner-polizei-will-videoueberwachung-ausweiten-29917888' class='azc_bbc_url'>K\u00f6lner Polizei will Video\u00fcberwachung ausweiten<\/a>\n<a href='https:\/\/www.weser-kurier.de\/bremen\/bremen-stadt_artikel,-massive-kritik-an-neuem-polizeigesetz-_arid,1717110.html' class='azc_bbc_url'>Polizeigesetz Bremen: Mehr \u00dcberwachung &#8211; weniger Rechtsstaat<\/a>\n<a href='http:\/\/www.haz.de\/Nachrichten\/Der-Norden\/Uebersicht\/Landtag-in-Niedersachsen-Hat-das-neue-Polizeigesetz-nur-Gefaehrder-im-Blick' class='azc_bbc_url'>Polizeigesetz Niedersachsen mit Pr\u00e4ventivhaft wie in Bayern<\/a>\n<a href='https:\/\/www.rubikon.news\/artikel\/faschismus-reloaded' class='azc_bbc_url'>Polizeigesetz von Bayern: Faschismus reloaded<\/a>\n<p>Wie wir sehen, bereiten sich praktisch alle Landesregierungen inklusive Bundesinnenminister Seehofer <a href='https:\/\/netzpolitik.org\/2018\/seehofer-bayerns-polizeigesetz-fuer-alle' class='azc_bbc_url'>auf den Krieg gegen die eigenen B\u00fcrger vor<\/a>. Und das zeitlich absolut passend mit dem Verdi-Tarifabschluss und 30-monatigen Streikverbot. L\u00e4uft also wieder in Deutschland. Und wenn dann die AfD an die Regierung kommt, wurde das gesamte Arsenal zur faschistischen Machtergreifung bereits von CDU\/SPD\/FDP\/GR\u00dcNE und Gewerkschaften durchgesetzt.<\/p>\n<p><a href='https:\/\/www.welt.de\/politik\/deutschland\/article175655631\/US-Angriff-auf-Syrien-Luftschlag-war-laut-Bundestags-Gutachten-voelkerrechtswidrig.html' class='azc_bbc_url'>Syrien-Luftschlag war laut Bundestags-Gutachten v\u00f6lkerrechtswidrig<\/a><br \/>\n<span class='azc_bbc_italic'>&#8222;Der Einsatz milit\u00e4rischer Gewalt gegen einen Staat, um die Verletzung einer internationalen Konvention durch diesen Staat zu ahnden, stellt einen Versto\u00df gegen das v\u00f6lkerrechtliche Gewaltverbot dar&#8220;, hei\u00dft es in einem elfseitigen Gutachten, das von der Linksfraktion in Auftrag gegeben wurde und der Deutschen Presse-Agentur vorliegt. Der Milit\u00e4rschlag war ohne Genehmigung des UN-Sicherheitsrats erfolgt. Union und SPD hatten sich nicht milit\u00e4risch beteiligt, das Vorgehen der drei gro\u00dfen NATO-Verb\u00fcndeten aber politisch unterst\u00fctzt. Eine rechtliche Grundlage daf\u00fcr hat die Bundesregierung bisher nicht dargelegt.&#8220;<\/span><\/p>\n<p>\u00dcbrigens geht <a href='https:\/\/www.bundestag.de\/blob\/551344\/f8055ab0bba0ced333ebcd8478e74e4e\/wd-2-048-18-pdf-data.pdf' class='azc_bbc_url'>das Bundestags-Gutachten (PDF)<\/a> noch viel weiter, denn darin prangert man auf Seite 10 auch noch an, dass es <span class='azc_bbc_italic'>&#8222;eine unverhohlene R\u00fcckkehr zu einer Form der bewaffneten Repressalie im humanit\u00e4ren Gewand&#8220;<\/span> ist. Wohlgemerkt: DAS schreiben nicht irgendwelche linksradikalen Pazifisten, sondern der Wissenschaftliche Dienst des Bundestags.<\/p>\n<p>Ich wiederhole: Wann werden Theresa May und Emmanuel Macron nach Den Haag \u00fcberstellt, um sich dort f\u00fcr ihre Kriegsverbrechen zu verantworten?<\/p>\n<p><a href='https:\/\/uebermedien.de\/27225\/jetzt-machen-die-russen-auch-noch-unsere-schoene-bundespressekonferenz-kaputt' class='azc_bbc_url'>Jetzt machen die Russen auch noch unsere sch\u00f6ne Bundes\u00adpressekonferenz kaputt!<\/a><br \/>\nTilo Jung kann nicht nur fies fragen, sondern auch gut schreiben <img class='azc_bbc_image' src='https:\/\/www.rume.de\/smilies\/nasiehste.gif'  \/><\/p>\n<p>Und zu guter Letzt:<\/p>\n<p><a href='http:\/\/www.harm-bengen.de\/toonpool\/2018%2004%2022%20Spahn_und_Beitraege-FARBE.jpg' class='azc_bbc_url'>Spahn will Krankenkassenbeitr\u00e4ge senken<\/a><br \/>\n<img class='azc_bbc_image' src='https:\/\/www.rume.de\/smilies\/nasiehste.gif'  \/><\/p>\n","protected":false},"excerpt":{"rendered":"<p>\/ Hartz-IV: Eine Bilanz der Sanktionen gegen Arbeitslose \/ GR\u00dcNE fordern Abschaffung der Hartz IV Sanktionen \/ Agenda 2010 wirkt: Armut hat sich deutlich ausgebreitet \/ EuGH-Urteil zum kirchlichen Arbeitsrecht: Kirchen m\u00fcssen Realit\u00e4t anerkennen \/ Mindestlohn reicht in vielen St\u00e4dten nicht \/ Verdi schlie\u00dft die Reihen mit der Regierung \/ Opel plant Job-Kahlschlag \/ Bieterkampf &hellip; <a href=\"https:\/\/www.rume.de\/?p=584\" class=\"more-link\"><span class=\"screen-reader-text\">\u201eAufgelesen und kommentiert 2018-04-22\u201c <\/span>weiterlesen<\/a><\/p>\n","protected":false},"author":1,"featured_media":0,"comment_status":"open","ping_status":"closed","sticky":false,"template":"","format":"standard","meta":{"footnotes":""},"categories":[2],"tags":[],"class_list":["post-584","post","type-post","status-publish","format-standard","hentry","category-aufgelesen"],"_links":{"self":[{"href":"https:\/\/www.rume.de\/index.php?rest_route=\/wp\/v2\/posts\/584","targetHints":{"allow":["GET"]}}],"collection":[{"href":"https:\/\/www.rume.de\/index.php?rest_route=\/wp\/v2\/posts"}],"about":[{"href":"https:\/\/www.rume.de\/index.php?rest_route=\/wp\/v2\/types\/post"}],"author":[{"embeddable":true,"href":"https:\/\/www.rume.de\/index.php?rest_route=\/wp\/v2\/users\/1"}],"replies":[{"embeddable":true,"href":"https:\/\/www.rume.de\/index.php?rest_route=%2Fwp%2Fv2%2Fcomments&post=584"}],"version-history":[{"count":1,"href":"https:\/\/www.rume.de\/index.php?rest_route=\/wp\/v2\/posts\/584\/revisions"}],"predecessor-version":[{"id":585,"href":"https:\/\/www.rume.de\/index.php?rest_route=\/wp\/v2\/posts\/584\/revisions\/585"}],"wp:attachment":[{"href":"https:\/\/www.rume.de\/index.php?rest_route=%2Fwp%2Fv2%2Fmedia&parent=584"}],"wp:term":[{"taxonomy":"category","embeddable":true,"href":"https:\/\/www.rume.de\/index.php?rest_route=%2Fwp%2Fv2%2Fcategories&post=584"},{"taxonomy":"post_tag","embeddable":true,"href":"https:\/\/www.rume.de\/index.php?rest_route=%2Fwp%2Fv2%2Ftags&post=584"}],"curies":[{"name":"wp","href":"https:\/\/api.w.org\/{rel}","templated":true}]}}