{"id":579,"date":"2018-04-17T22:07:21","date_gmt":"2018-04-17T20:07:21","guid":{"rendered":"http:\/\/rume.katti.eu\/?p=579"},"modified":"2018-04-17T22:07:21","modified_gmt":"2018-04-17T20:07:21","slug":"aufgelesen-und-kommentiert-2018-04-17","status":"publish","type":"post","link":"https:\/\/www.rume.de\/?p=579","title":{"rendered":"Aufgelesen und kommentiert 2018-04-17"},"content":{"rendered":"<p>\/ EuGH-Urteil: Kirchliche Arbeitgeber m\u00fcssen auch Konfessionslose anstellen<br \/>\n\/ Was an Hartz IV wirklich abgeschafft geh\u00f6rt<br \/>\n\/ Fachkr\u00e4ftemangel bremst unseren Profit &#8211; und kostet so an die 30 Milliarden Euro<br \/>\n\/ Spahn fordert Krankenkassen zu Beitragssenkungen auf<br \/>\n\/ Wirtschaftswoche-Ratgeber: So viel Geld sollten Sie f\u00fcr die Rente zur\u00fccklegen<br \/>\n\/ SPD-Entwurf f\u00fcr R\u00fcckkehrrecht von Teilzeit in Vollzeit<br \/>\n\/ Neue Sperrklausel zur Europawahl: GroKo will kleinere Parteien loswerden<br \/>\n\/ Wie verschwand Panama von der EU-Liste der Steuerhinterziehungsl\u00e4nder?<br \/>\n\/ MDR-Debatte: &#8222;Darf man heute noch \u00bbNeger\u00ab sagen?&#8220;<br \/>\n\/ Rundfunk-Kommission: ARD und ZDF sollen noch mehr sparen<br \/>\n\/ USA und GB warnen: &#8222;Die Russen wollen uns alle cybern&#8220;<br \/>\n\/ Kriegspropaganda bei &#8222;Anne Will&#8220;: Vier NATO-Lobbyisten und ein LINKER<br \/>\n\/ Bundesregierung bef\u00fcrwortet Bruch des V\u00f6lkerrechts ihrer Verb\u00fcndeten in Syrien<br \/>\n\/ Wieder Atomm\u00fcllf\u00e4sser mit Lecks<br \/>\n\/ Merkel: &#8222;Keine deutsche Beteiligung in Syrien&#8220;<\/p>\n<p>&#8212;<\/p>\n<p><!--more--><\/p>\n<p><a href='http:\/\/www.sueddeutsche.de\/karriere\/kirche-arbeitgeber-konfession-europaeischer-gerichtshof-1.3947638' class='azc_bbc_url'>EuGH-Urteil: Kirchliche Arbeitgeber m\u00fcssen auch Konfessionslose anstellen<\/a><br \/>\nNa endlich wurde dieses mittelalterliche &#8222;kirchliche Arbeitsrecht&#8220; f\u00fcr rechtswidrig erkl\u00e4rt. Wer Besch\u00e4ftigte im Kindergarten einfach so k\u00fcndigen kann, weil man sich scheiden liess und der Kindergarten <a href='https:\/\/www.swr.de\/betrifft\/betrifft-kirche-gott-nebenkosten\/-\/id=98466\/did=14285410\/nid=98466\/10vndql\/index.html' class='azc_bbc_url'>zu zwei Prozent von der Kirche finanziert<\/a> wird, handelt nat\u00fcrlich klar rechtswidrig. Und der EuGH sieht es genauso und sagt, dass sich nur Besch\u00e4ftigte mit &#8222;klar religi\u00f6sen T\u00e4tigkeiten&#8220; (z.B. Pfarrer) an den jeweiligen Aberglauben zu halten haben. Doch schon beim Orgelspieler sieht das u.U. anders aus. In den &#8222;kirchlichen&#8220; Kinderg\u00e4rten und Krankenh\u00e4usern erst recht. Ein seit Jahren \u00fcberf\u00e4lliges Urteil.<\/p>\n<p><a href='http:\/\/www.spiegel.de\/wirtschaft\/soziales\/was-an-hartz-iv-wirklich-abgeschafft-gehoert-a-1202763.html' class='azc_bbc_url'>Was an Hartz IV wirklich abgeschafft geh\u00f6rt<\/a><br \/>\nAch, sieh an: Pl\u00f6tzlich kann auch das ehemalige Nachrichtenmagazin zugeben, dass Hartz4 zutiefst ungerecht, schikan\u00f6s und stigmatisierend ist? Und dass der Regelsatz immer noch verfassungswidrig kleingerechnet wurde und davon sogar teils noch Mietkosten berappt werden m\u00fcssen? Ja Guten Morgen, liebe Qualit\u00e4tsjournaille.<\/p>\n<p>Aber bevor hier jemand in zu viel Euphorie verf\u00e4llt: TROTZ dieser eindeutigen Diagnose pl\u00e4diert man nat\u00fcrlich NICHT f\u00fcr die Menschlichkeit, sondern stellt die Menschenw\u00fcrde weiterhin unter Finanzierungsvorbehalt.<\/p>\n<p>&#8211; H\u00f6herer Mindestlohn? Gef\u00e4hrdet Arbeitspl\u00e4tze! Wenn die Putzfrau dann folgerichtig 15 Euro und mehr fordert, dann h\u00f6rt der Spass n\u00e4mlich auf bei den Besserverdienern. <span class='azc_bbc_italic'>&#8222;Die sollen mit zehn Euro zufrieden sein. Schwarz auf die Hand.&#8220;<\/span><\/p>\n<p>&#8211; H\u00f6herer Regelsatz? Angesichts des fl\u00e4chendeckenden Lohndumpings w\u00fcrde die ganze Drecksarbeit dann ja nicht mehr erledigt werden! Auch da h\u00f6rt der Spass auf und man fordert zwischen den Zeilen skrupellos dazu auf, dass &#8222;die Drecksarbeit doch gef\u00e4lligst jemand billig zu machen habe&#8220;.<\/p>\n<p>&#8211; Sanktionen? Na klar, das angebliche Existenzminimum auch noch zu k\u00fcrzen ist <span class='azc_bbc_italic'>&#8222;heikel&#8220;<\/span>, meint man. Aber Strafe muss halt sein. Wof\u00fcr? Egal. Zwar d\u00fcrfte jeder wissen, dass es nicht genug existenzsichernde Arbeitspl\u00e4tze f\u00fcr alle gibt. Aber ein Sozialstaat so ganz ohne Menschenverachtung? F\u00fcr den SPIEGEL undenkbar. <span class='azc_bbc_italic'>&#8222;Wir brauchen doch jemanden, der stets an allem schuld ist und auf dem alle herumtreten k\u00f6nnen!&#8220;<\/span><\/p>\n<p>&#8211; Ungerechtigkeit? Klar, wenn ein &#8222;Ewigarbeitsloser&#8220; genauso schlecht gestellt wird, wie jemand der nach 30 Jahren arbeitslos wird, erzeugt das nat\u00fcrlich ein &#8222;Ungerechtigkeitsgef\u00fchl&#8220;. Aber <span class='azc_bbc_italic'>&#8222;unbegrenzt von vergleichsweise komfortabler Arbeitslosenhilfe leben&#8220;<\/span> ist auch keine L\u00f6sung, meint man. Kurze Frage: Wie hoch war noch gleich die Arbeitslosenhilfe damals? 53 Prozent vom letzten Nettolohn? Wow, das nenne ich mal &#8222;komfortabel&#8220; <img class='azc_bbc_image' src='https:\/\/www.rume.de\/smilies\/clown.gif'  \/><\/p>\n<p>Allein schon der notorisch wiederholte Hinweis, dass ein h\u00f6herer Regelsatz dazu f\u00fchrt, dass dann mehr Menschen Bedarf anmelden m\u00fcssen &#8211; \u00e4h ja, richtig! Genau DAS ist ja die Kernkritik, die hinter dem Volksverarmungssystem Harz4 steht. N\u00e4mlich die fl\u00e4chendeckende Etablierung eines Hungerlohnsektors hier in Deutschland. Davon sind MENSCHEN betroffen und nicht nur irgendwelche &#8222;Wirtschaftszahlen&#8220; oder &#8222;B\u00f6rsenwerte&#8220;. Dieses Betreten eines v\u00f6llig unbekannten Gebiets (die Realit\u00e4t) kann einen Qualit\u00e4tsjournalisten schon ziemlich erschrecken, gell? Wahrscheinlich wird auch deshalb erst gar nicht im Bericht erw\u00e4hnt, dass Deutschland \u00fcber das Hartz-System die Euro-Zone zerst\u00f6rt (<a href='https:\/\/www.youtube.com\/watch?v=mfKuosvO6Ac' class='azc_bbc_url'>Stichwort Export\u00fcbersch\u00fcsse<\/a>).<\/p>\n<p>Aber ich will auch nicht nur meckern, denn f\u00fcr einen modernen Qualit\u00e4tsjournalisten ist der Bericht fast schon als kritisch einzustufen. Und mehr kann man von der heutigen Journaille eben nicht erwarten.<\/p>\n<p><a href='http:\/\/www.spiegel.de\/wirtschaft\/unternehmen\/fachkraeftemangel-wachstum-in-deutschland-koennte-30-milliarden-euro-hoeher-sein-a-1203049.html' class='azc_bbc_url'>Fachkr\u00e4ftemangel bremst unseren Profit &#8211; und kostet so an die 30 Milliarden Euro<\/a><br \/>\nDas ehemalige Nachrichtenmagazin schreibt: <span class='azc_bbc_italic'>&#8222;K\u00f6nnten die Betriebe alle entsprechenden Stellen mit Niedrigl\u00f6hnern besetzen, w\u00fcrde der Profit in Deutschland noch st\u00e4rker wachsen &#8211; und zwar deutlich. Der Mangel bei qualifiziertem Niedrigl\u00f6hnern verringert die deutschen Konzernprofite um j\u00e4hrlich bis zu 30 Milliarden Euro. Das geht aus einer Studie des Instituts der deutschen Wirtschaft (IW K\u00f6ln) hervor.&#8220;<\/span><\/p>\n<p>\u00dcbrigens: Falls ihr euch \u00fcber diesen Klartext im Bericht wundert &#8211; nat\u00fcrlich habe ich da ein wenig nachgeholfen <img class='azc_bbc_image' src='https:\/\/www.rume.de\/smilies\/biggrin.gif'  \/> Aber ist es nicht interessant, was der Austausch der W\u00f6rter &#8222;Fachkr\u00e4fte&#8220; in &#8222;Niedrigl\u00f6hner&#8220;, sowie &#8222;Wachstum&#8220; in &#8222;Profit&#8220; schon an Klarheit in solch eine Meldung hineinbringt? <img class='azc_bbc_image' src='https:\/\/www.rume.de\/smilies\/nasiehste.gif'  \/><\/p>\n<p>H\u00e4tten wir noch Journalismus hier in Deutschland, w\u00fcrde man immer im leserfreundlichen Klartext berichten. Alles andere ist n\u00e4mlich verschleierte Propaganda.<\/p>\n<p><a href='https:\/\/www.welt.de\/politik\/deutschland\/article175469969\/Jens-Spahn-fordert-Krankenkassen-zu-Beitragssenkungen-auf.html' class='azc_bbc_url'>Spahn fordert Krankenkassen zu Beitragssenkungen auf<\/a><br \/>\nDIE WELT berichtet: <span class='azc_bbc_italic'>&#8222;Der Spielraum ist bei sehr vielen Krankenkassen vorhanden, um die Beitr\u00e4ge zu senken. Die Wirtschaft habe einen Anspruch darauf. Es ist ihr Geld&#8220;, sagte Bundesgesundheitsminister Spahn (CDU) dem Redaktionsnetzwerk Deutschland. Laut Ministerium seien Beitragssenkungen um durchschnittlich 0,3 Prozentpunkte m\u00f6glich. Das entspreche einer Entlastung um 4,4 Milliarden Euro f\u00fcr die Wirtschaft.&#8220;<\/span><\/p>\n<p>Das nur mal so am Rande, f\u00fcr welche Gruppe ein Jens Spahn arbeitet: F\u00fcr die Patienten und Besch\u00e4ftigten in der Kranken- und Altenpflege, oder zugunsten der Konzerne, die Beitragssenkungen aus reiner Profitgier fordern.<\/p>\n<p><a href='https:\/\/www.wiwo.de\/finanzen\/vorsorge\/altersvorsorge-so-viel-geld-sollten-sie-fuer-die-rente-zuruecklegen\/21162802-all.html' class='azc_bbc_url'>Wirtschaftswoche-Ratgeber: So viel Geld sollten Sie f\u00fcr die Rente zur\u00fccklegen<\/a><br \/>\nKlare Antwort: Sparen sie lieber Nichts!<\/p>\n<p>Erstens: Bei Geringverdienern wird jeder gesparte Euro ohnehin wieder von der Grundrente abgezogen. Man spart also f\u00fcr den Arsch. Und zwar f\u00fcr den Arsch, der Provisionen daf\u00fcr kassiert, dass er euch diesen Sparvertrag aufgeschwatzt hat.<\/p>\n<p>Zweitens: Niemand kann 30 Jahre in die Zukunft schauen. Bis man selber in Rente geht, laufen noch mindestens f\u00fcnf verschiedene Bundesregierungen an unserem gesparten Geld vorbei und haben hunderte Ideen, wie man da gesetzlich herankommen k\u00f6nnte. Ulla Schmidt (SPD) hatte beispielsweise <a href='https:\/\/www.mdr.de\/nachrichten\/politik\/inland\/betriebsrenten-krankenversicherung-beitraege-100.html' class='azc_bbc_url'>Betriebsrenten r\u00fcckwirkend (!) steuer- und sozialabgabenpflichtig<\/a> gemacht. Und das ist nur ein Beispiel von vielen.<\/p>\n<p>Unn\u00f6tig zu erw\u00e4hnen, dass die Wirtschaftswoche ihren Lesern genau DAS nat\u00fcrlich nicht berichtet. Denn die Wirtschaftswoche betreibt keinen Journalismus, sondern Lobbypropaganda f\u00fcr Banken und Versicherungskonzerne. Und deshalb schreiben sie:<\/p>\n<span class='azc_bbc_italic'>&#8222;Herr M\u00fcller (3133 Euro brutto im Monat) m\u00fcsste 37 Jahre lang jeden Monat 461 Euro sparen, um im Alter seinen heutigen Lebensstandard zu halten. F\u00e4ngt Herr M\u00fcller hingegen erst 8 Jahre sp\u00e4ter an vorzusorgen, muss er jeden Monat 675 Euro zur\u00fccklegen. Herr Fischer (1.600 Euro brutto) m\u00fcsste die kommenden 37 Jahre lang 295 Euro im Monat zur\u00fccklegen. Beginnt auch Herr Fischer erst 8 Jahre sp\u00e4ter mit der Vorsorge, so muss er jeden Monat 432 Euro zur\u00fccklegen.&#8220;<\/span>\n<p>Davon einmal abgesehen, dass NIEMAND mit 1600 Euro brutto knapp 300 Euro sparen kann (und die anderen Zahlen sehen keinesfalls besser aus) &#8211; aber man stelle sich einmal vor: W\u00fcrde ein heutiger Durchschnittsverdiener <a href='http:\/\/www.fr.de\/politik\/meinung\/gastbeitraege\/rentenpolitik-grosser-wurf-statt-neiddebatte-a-1476276' class='azc_bbc_url'>nur 32 Euro im Monat zus\u00e4tzlich<\/a> in die Rentenkasse einzahlen, k\u00f6nnte die gesetzliche Rente wieder auf das Niveau VOR der Agenda 2010 angehoben werden. Und w\u00fcrden schwerreiche Multimillion\u00e4re sozialgerecht besteuert, k\u00f6nnte man <a href='https:\/\/www.linksfraktion.de\/presse\/pressemitteilungen\/detail\/unternehmen-duerfen-sich-nicht-aus-ihrer-verantwortung-fuer-gute-renten-stehlen' class='azc_bbc_url'>jedem eine steuerfreie Rente von 1.050 Euro monatlich<\/a> finanzieren.<\/p>\n<p>Darauf hinzuweisen, das w\u00e4re Journalismus. Stattdessen aber lesen wir: <span class='azc_bbc_italic'>&#8222;Niemand sollte darauf vertrauen, dass er im Alter seinen Lebensstandard allein durch die gesetzliche Rente halten kann. Wer sich f\u00fcrs Alter absichern will, muss also anfangen zu sparen, und das so fr\u00fch wie m\u00f6glich.&#8220;<\/span> Und DAS nennt man Propaganda.<\/p>\n<p><a href='https:\/\/www.freitag.de\/autoren\/der-freitag\/k-ein-problem-frau-schulze' class='azc_bbc_url'>SPD-Entwurf f\u00fcr R\u00fcckkehrrecht von Teilzeit in Vollzeit<\/a><br \/>\nTeilzeit ist seit Jahrzehnten eine &#8222;weibliche Dom\u00e4ne&#8220;. Dem Statistikportal Eurostat zufolge arbeiten 47 Prozent der Frauen im Alter zwischen 20 und 64 Jahren Teilzeit &#8211; aber nur 9 Prozent der M\u00e4nner. Immerhin wollen laut SPD eine Million Besch\u00e4ftigte ihre Arbeitszeit reduzieren. Und sie auch wieder aufstocken, wenn der &#8222;Reduzierungsgrund&#8220; (z.B. Kinderbetreuung) vor\u00fcber ist. Ihnen wird jetzt also geholfen?<\/p>\n<p>Nein!<\/p>\n<p>Laut SPD-Gesetzentwurf kommen nur wenige Menschen in den Genuss, ihre Arbeit ihrem Leben anzupassen: Bei Betrieben zwischen 45 bis 200 Mitarbeitenden soll nur eine (oder einer) pro 15 Betriebsangeh\u00f6rigen in den Genuss dieser Arbeitszeitflexibilit\u00e4t kommen. Und es gibt keine Auswahl nach angegebenen Gr\u00fcnden, famili\u00e4ren Erfordernissen oder \u00e4hnlichem. Sondern: Wer zuerst kommt, malt zuerst.<\/p>\n<p>Aber hey: Das muss diese SPD-Erneuerung sein, \u00fcber die sie st\u00e4ndig reden <img class='azc_bbc_image' src='https:\/\/www.rume.de\/smilies\/sarkasm.gif'  \/><\/p>\n<p><a href='https:\/\/www.abgeordnetenwatch.de\/blog\/2018-04-16\/verpflichtende-sperrklausel-zur-nachsten-europawahl-groko-will-kleinere-parteien' class='azc_bbc_url'>Neue Sperrklausel zur Europawahl: GroKo will kleinere Parteien loswerden<\/a><br \/>\nJe weniger Parteien bei k\u00fcnftigen Europawahlen ins EU-Parlament einziehen, desto mehr Mandate entfallen auf die \u00fcbrigen Parteien. Bei der vergangenen Wahl 2014 gingen insgesamt sieben Sitze an Parteien, die mit einer 3 Prozent-H\u00fcrde nicht im EU-Parlament vertreten gewesen w\u00e4ren (Die Partei, Familienpartei, Freie W\u00e4hler, NPD, \u00f6dp, Piratenpartei, Tierschutzpartei, f\u00fcr die mehr als 2 Mio. W\u00e4hlerinnen und W\u00e4hler gestimmt hatten).<\/p>\n<p>Der Europaabgeordnete der Partei DIE PARTEI, Martin Sonneborn, kommentierte das Vorhaben bei Twitter wie folgt: &#8222;F\u00fcr Milit\u00e4reins\u00e4tze, gegen GG, Kleinparteien &#038; Demokratie!&#8220; Belgien sei das einzige Land, &#8222;welches die deutsche Forderung nach einer Sperrklausel zur EU-Wahl 2019 (noch) blockiert&#8220;. <a href='https:\/\/www.heise.de\/tp\/features\/EU-Ministerrat-vertagt-Beschluss-ueber-neue-Sperrhuerde-bei-Europawahlen-4026086.html?seite=all' class='azc_bbc_url'>Die Stimme Belgiens ist entscheidend<\/a>, da der Beschluss einstimmig erfolgen muss.<\/p>\n<p><a href='http:\/\/www.lobbycontrol.de\/wie-verschwand-panama' class='azc_bbc_url'>Wie verschwand Panama von der EU-Liste der Steuerhinterziehungsl\u00e4nder?<\/a><br \/>\n<span class='azc_bbc_italic'>&#8222;Die Enth\u00fcllungen der &#8222;Panama-Papers&#8220; haben es ans Tageslicht gebracht: Panama hilft Konzernen und Verm\u00f6genden massiv, die Allgemeinheit um Milliardenbetr\u00e4ge zu prellen. Doch nun haben die Finanzminister im EU-Rat ausgerechnet Panama und sieben weitere L\u00e4nder von der schwarzen Liste der Steueroasen gestrichen. Warum? Die Regierungen der EU verweigern die Antwort. Keine Institution l\u00e4sst sich so wenig in die Karten schauen wie der EU-Rat.&#8220;<\/span><\/p>\n<p><a href='http:\/\/www.bildblog.de\/97939\/mdr-diskutiert-mit-weissen-ueber-rassismus-gegenueber-schwarzen' class='azc_bbc_url'>MDR-Debatte: &#8222;Darf man heute noch \u00bbNeger\u00ab sagen?&#8220;<\/a><br \/>\nW\u00e4hrend AfD-Politiker noch versch\u00e4mt &#8222;Halbneger&#8220; sagen, um halbherzig ihren Rassismus zu verschleiern, geht der MDR-Sachsen direkt in die braune Offensive. Unter dem Titel <span class='azc_bbc_italic'>&#8222;Darf man heute noch \u00bbNeger\u00ab sagen?&#8220;<\/span> startet man eine Diskussionsrunde und macht dar\u00fcber die Sprache der Nazis wieder zum Alltag. Darf man heute noch &#8222;K\u00fcmmelt\u00fcrke&#8220; sagen? Darf man heute noch &#8222;Judensau&#8220; sagen? Darf man Schwule &#8222;Schwuchteln&#8220; nennen? Darf man einen Menschen mit Down-Syndrom &#8222;Mongo&#8220; nennen? <span class='azc_bbc_italic'>&#8222;Das wird man doch wohl noch sagen d\u00fcrfen!&#8220;<\/span><\/p>\n<p>Unn\u00f6tig zu erw\u00e4hnen, dass diese Talkrunde nat\u00fcrlich nur aus Vertretern der arischen Herrenrasse mit heller Hautfarbe besteht. Aber gibt es sonst noch Fragen, warum ich stets \u00d6ffentlich-Rechte schreibe?<\/p>\n<p>UPDATE: Auch DIE ZEIT m\u00f6chte da nicht nur hinterherlaufen, sondern <a href='http:\/\/www.titanic-magazin.de\/news\/nach-sex-und-antisemitismus-so-provokant-werden-die-naechsten-zeit-titel-9610' class='azc_bbc_url'>pr\u00e4sentiert ebenfalls passende Titelbilder<\/a> zur grossdeutschen Stimmungsmache. Aus der Geschichte lernt man eben, oder man ist Deutscher.<\/p>\n<p><a href='https:\/\/www.rundschau-online.de\/kultur\/frist-der-rundfunk-kommission-ard-und-zdf-sollen-noch-mehr-sparen-30030600' class='azc_bbc_url'>Rundfunk-Kommission: ARD und ZDF sollen noch mehr sparen<\/a><br \/>\nIrgendwie ja belustigend, dass die Rundfunkkommission der Bundesl\u00e4nder nun ihre Endlagerst\u00e4tten f\u00fcr abgehalfterte Politbonzen zum Sparen auffordert. Was wir bereits an ehemaligen Intendanten und Parteigew\u00fcrm mitfinanzieren m\u00fcssen, <a href='http:\/\/www.faz.net\/aktuell\/wirtschaft\/horrende-rentenausgaben-oeffentlich-rechtliche-rentneranstalt-14043338.html' class='azc_bbc_url'>geht weit in die Milliarden<\/a>.<\/p>\n<p>Und Sparen beim Programm bringt direkt das n\u00e4chste Problem. Denn nur wenn eine (politisch gewollte) L\u00fcge von mehreren verschiedenen Sendern st\u00e4ndig wiederholt wird, verinnerlichen die Zuschauer diese L\u00fcge als Wahrheit. Also kann und darf man keinesfalls an den zahlreichen Propagandakan\u00e4len sparen, die uns immer wieder aufs Neue \u00fcber &#8222;b\u00f6se Russen&#8220; indoktrieren &#8211; und die eigenen V\u00f6lkerrechts- und Kriegsverbrechen schnell unter den Teppich kehren.<\/p>\n<p>Wenn man das alles also weiss, verkommt das medial aufbereitete Gez\u00e4nk zwischen den noch zu versorgenden Politbonzen (Rundfunkkommission) gegen die bereits versorgten Politbonzen (\u00d6ffentlich-Rechte) doch eher zum Laienschauspiel f\u00fcr das bildungspolitische Prekariat.<\/p>\n<p>Aber f\u00fcr weit \u00fcber 80 Prozent der W\u00e4hler reicht das ja auch <img class='azc_bbc_image' src='https:\/\/www.rume.de\/smilies\/nasiehste.gif'  \/><\/p>\n<p><a href='http:\/\/www.google.de\/search?q=russland+cyber+attacke&#038;hl=de&#038;pws=0&#038;tbm=nws' class='azc_bbc_url'>USA und GB warnen: &#8222;Die Russen wollen uns alle cybern&#8220;<\/a><br \/>\nUnsere allt\u00e4gliche Ration an &#8222;b\u00f6sen Russen&#8220; mal wieder &#8211; direkt heutmorgen im Radio als allererste Topnachricht serviert und weit \u00fcber 100.000 mal als &#8222;Nachricht&#8220; im Netz verbreitet. Muss ja wirklich schlimm sein, diese russische Unterwanderung.<\/p>\n<p>Bl\u00f6d nur, dass bislang nur eindeutig bewiesen wurde, dass USA und GB uns allen den Arsch abhorchen. Die NSA- und GCHQ-Spione sitzen in jedem Netz, unterwandern alles und \u00fcberwachen jeden &#8211; und all dies ist sogar bewiesen (!) dank der Enth\u00fcllungen von Edward Snowden. Von den &#8222;b\u00f6sen Russen&#8220; ist mir derartiges aber noch nicht unter die Augen gekommen.<\/p>\n<p>Halt, doch. Bei meinem neu gekauften Wasserkocher klebt ein Sticker, auf dem &#8222;Put in here&#8220; steht. Klarer Fall von &#8222;Putin here&#8220; <img class='azc_bbc_image' src='https:\/\/www.rume.de\/smilies\/sarkasm.gif'  \/><\/p>\n<p><a href='http:\/\/meedia.de\/2018\/04\/16\/drei-stuehle-eine-meinung-anne-will-laedt-gleich-drei-mitglieder-der-atlantik-bruecke-zum-thema-syrien-ein-erwaehnt-es-im-tv-aber-nicht' class='azc_bbc_url'>Kriegspropaganda bei &#8222;Anne Will&#8220;: Vier NATO-Lobbyisten und ein LINKER<\/a><br \/>\nEine sehr ausgewogen zusammengestellte &#8222;Diskussionsrunde&#8220; <img class='azc_bbc_image' src='https:\/\/www.rume.de\/smilies\/laugh.gif'  \/> Und nat\u00fcrlich verschweigt man den \u00f6ffentlich-rechten Zuschauern, dass die eingeladenen G\u00e4ste allesamt Kriegstreiber und NATO-Lobbyisten sind. Und ja, dazu geh\u00f6rt auch <a href='https:\/\/propagandaschau.wordpress.com\/\/?s=Golineh+Atai&#038;search=Los' class='azc_bbc_url'>die angebliche Journalistin Golineh Atai<\/a>.<\/p>\n<p><a href='https:\/\/www.youtube.com\/watch?v=wDR5Mt95bKw' class='azc_bbc_url'>Bundesregierung bef\u00fcrwortet Bruch des V\u00f6lkerrechts ihrer Verb\u00fcndeten in Syrien<\/a><br \/>\nDer Regierungssprecher mal wieder in bester Verlegenheit <img class='azc_bbc_image' src='https:\/\/www.rume.de\/smilies\/biggrin.gif'  \/> Schade, dass Tilo Jung nicht auch noch danach fragt, wann denn die bombardierenden franz\u00f6sischen und englischen Machthaber nach Den Haag \u00fcberstellt werden, um sich dort f\u00fcr ihre Kriegsverbrechen zu verantworten. Den Milit\u00e4rgerichtshof in N\u00fcrnberg gibt es seit Oktober 1946 ja leider nicht mehr.<\/p>\n<p>Und w\u00e4hrend sich der &#8222;Giftgas&#8220; Fall in Syrien laut englischer Presse erneut <a href='https:\/\/www.independent.co.uk\/voices\/syria-chemical-attack-gas-douma-robert-fisk-ghouta-damascus-a8307726.html' class='azc_bbc_url'>als Fake-News zu entpuppen scheint<\/a>, gibt es <a href='https:\/\/blog.fdik.org\/2018-04\/s1523944477' class='azc_bbc_url'>tats\u00e4chliche Giftgas-Anschl\u00e4ge im Jemen<\/a>. Hier wird aber nat\u00fcrlich nicht gegen die Giftgas-Kriegsverbrecher bombardiert, weil es sich um Saudis handelt. Also diejenigen, mit denen Deutschland dickste Waffengesch\u00e4fte macht. Und man m\u00f6chte doch nicht seine Kundschaft ver\u00e4rgern <img class='azc_bbc_image' src='https:\/\/www.rume.de\/smilies\/sarkasm.gif'  \/><\/p>\n<p>Ansonsten sind Chemiewaffeneins\u00e4tze aber &#8222;aufs Sch\u00e4rfste&#8220; zu verurteilen!!!11elf<\/p>\n<p><a href='https:\/\/www.jungewelt.de\/artikel\/330890.html' class='azc_bbc_url'>Wieder Atomm\u00fcllf\u00e4sser mit Lecks<\/a><br \/>\nErst Ende vergangener Woche hatte Wolfram K\u00f6nig, Chef des Bundesamtes f\u00fcr kerntechnische Entsorgungssicherheit (BfE), erkl\u00e4rt, er kenne \u00bbkeinen einzigen Fall\u00ab, in dem ein deutsches Zwischenlager f\u00fcr Atomm\u00fcll unsicher sei. Am Sonntag abend wurde dagegen bekannt, dass es im Depot f\u00fcr schwachradioaktive Abf\u00e4lle im nieders\u00e4chsischen Leese Probleme gibt. Landesumweltminister Olaf Lies (SPD) best\u00e4tigte gegen\u00fcber der Deutschen Presseagentur (dpa), dass dort 442 F\u00e4sser mit strahlenden Hinterlassenschaften aus der Medizintechnik auf Feuchtigkeitsbildung im Inneren \u00bb\u00fcberpr\u00fcft\u00ab werden m\u00fcssen. Der NDR hatte zuvor unter Berufung auf eine bisher unver\u00f6ffentlichte Studie im Auftrag des Umweltministeriums in Hannover von \u00bbsich aufbl\u00e4henden Deckeln\u00ab und \u00bbrostigen Verschl\u00fcssen\u00ab berichtet.<\/p>\n<p>Und zu guter Letzt:<\/p>\n<p><a href='http:\/\/www.schwarwel.de\/wp-content\/uploads\/2018\/04\/180412-merkel-syrien-1000-karikatur-schwarwel.jpg' class='azc_bbc_url'>Merkel: &#8222;Keine deutsche Beteiligung in Syrien&#8220;<\/a><br \/>\nDie Bombardierung h\u00e4lt sie aber <a href='http:\/\/www.schwarwel.de\/wp-content\/uploads\/2018\/04\/180415-syrien-merkel-1000-karikatur-schwarwel.jpg' class='azc_bbc_url'>deshalb f\u00fcr gerechtfertigt<\/a> <img class='azc_bbc_image' src='https:\/\/www.rume.de\/smilies\/nasiehste.gif'  \/><\/p>\n","protected":false},"excerpt":{"rendered":"<p>\/ EuGH-Urteil: Kirchliche Arbeitgeber m\u00fcssen auch Konfessionslose anstellen \/ Was an Hartz IV wirklich abgeschafft geh\u00f6rt \/ Fachkr\u00e4ftemangel bremst unseren Profit &#8211; und kostet so an die 30 Milliarden Euro \/ Spahn fordert Krankenkassen zu Beitragssenkungen auf \/ Wirtschaftswoche-Ratgeber: So viel Geld sollten Sie f\u00fcr die Rente zur\u00fccklegen \/ SPD-Entwurf f\u00fcr R\u00fcckkehrrecht von Teilzeit in &hellip; <a href=\"https:\/\/www.rume.de\/?p=579\" class=\"more-link\"><span class=\"screen-reader-text\">\u201eAufgelesen und kommentiert 2018-04-17\u201c <\/span>weiterlesen<\/a><\/p>\n","protected":false},"author":1,"featured_media":0,"comment_status":"open","ping_status":"closed","sticky":false,"template":"","format":"standard","meta":{"footnotes":""},"categories":[2],"tags":[],"class_list":["post-579","post","type-post","status-publish","format-standard","hentry","category-aufgelesen"],"_links":{"self":[{"href":"https:\/\/www.rume.de\/index.php?rest_route=\/wp\/v2\/posts\/579","targetHints":{"allow":["GET"]}}],"collection":[{"href":"https:\/\/www.rume.de\/index.php?rest_route=\/wp\/v2\/posts"}],"about":[{"href":"https:\/\/www.rume.de\/index.php?rest_route=\/wp\/v2\/types\/post"}],"author":[{"embeddable":true,"href":"https:\/\/www.rume.de\/index.php?rest_route=\/wp\/v2\/users\/1"}],"replies":[{"embeddable":true,"href":"https:\/\/www.rume.de\/index.php?rest_route=%2Fwp%2Fv2%2Fcomments&post=579"}],"version-history":[{"count":1,"href":"https:\/\/www.rume.de\/index.php?rest_route=\/wp\/v2\/posts\/579\/revisions"}],"predecessor-version":[{"id":580,"href":"https:\/\/www.rume.de\/index.php?rest_route=\/wp\/v2\/posts\/579\/revisions\/580"}],"wp:attachment":[{"href":"https:\/\/www.rume.de\/index.php?rest_route=%2Fwp%2Fv2%2Fmedia&parent=579"}],"wp:term":[{"taxonomy":"category","embeddable":true,"href":"https:\/\/www.rume.de\/index.php?rest_route=%2Fwp%2Fv2%2Fcategories&post=579"},{"taxonomy":"post_tag","embeddable":true,"href":"https:\/\/www.rume.de\/index.php?rest_route=%2Fwp%2Fv2%2Ftags&post=579"}],"curies":[{"name":"wp","href":"https:\/\/api.w.org\/{rel}","templated":true}]}}