{"id":565,"date":"2018-04-09T22:26:02","date_gmt":"2018-04-09T20:26:02","guid":{"rendered":"http:\/\/rume.katti.eu\/?p=565"},"modified":"2018-04-09T22:26:02","modified_gmt":"2018-04-09T20:26:02","slug":"aufgelesen-und-kommentiert-2018-04-09","status":"publish","type":"post","link":"https:\/\/www.rume.de\/?p=565","title":{"rendered":"Aufgelesen und kommentiert 2018-04-09"},"content":{"rendered":"<p>\/ SPD-Fraktionschefin Nahles will keine Debatten \u00fcber Schr\u00f6ders Agenda-Politik mehr<br \/>\n\/ Die Zust\u00e4nde in der deutschen Geburtshilfe sind verheerend<br \/>\n\/ Deutsche Bank aufspalten<br \/>\n\/ St\u00e4dte- und Gemeindebund: Kommunen sollten ihre B\u00fcrgerdaten verkaufen<br \/>\n\/ AfD in Halle: Wie rechte Propaganda auf den Schulhof kommt<br \/>\n\/ Facebook-Zensur: Nippel nein, Hakenkreuze ja<br \/>\n\/ Russland-Trolle<br \/>\n\/ Plastikverseuchung \u00fcberall: Geschichten vom M\u00fcll<br \/>\n\/ Bundesumweltministerin Schulze (SPD) will Kaufpr\u00e4mie von 7000 Euro f\u00fcr E-Lieferwagen<br \/>\n\/ Bundesregierung erw\u00e4gt Milliardenfonds f\u00fcr Diesel-Nachr\u00fcstungen<br \/>\n\/ Qualit\u00e4tsmedien warten auf Puigdemont<\/p>\n<p>&#8212;<\/p>\n<p><!--more--><\/p>\n<p><a href='http:\/\/www.zeit.de\/news\/2018-04\/06\/deutschland-nahles-will-keine-debatten-ueber-schroeders-agenda-politik-mehr-06162003' class='azc_bbc_url'>SPD-Fraktionschefin Nahles will keine Debatten \u00fcber Schr\u00f6ders Agenda-Politik mehr<\/a><br \/>\nDer Bundesarbeitsminister Heil (ebenfalls SPD) darf sich nur <a href='http:\/\/www.titanic-magazin.de\/news\/hubertus-heil-sucht-schoeneren-namen-fuer-hartz-iv-9593' class='azc_bbc_url'>einen neuen Namen f\u00fcr &#8222;Hartz4&#8220; ausdenken<\/a>. Damit sind die &#8222;sozialen Wohltaten&#8220; der SPD f\u00fcr die kommenden vier Jahre bereits voll ausgesch\u00f6pft.<\/p>\n<p>Das muss diese SPD-Erneuerung sein, von der sie st\u00e4ndig reden <img class='azc_bbc_image' src='https:\/\/www.rume.de\/smilies\/sarkasm.gif'  \/><\/p>\n<p><a href='http:\/\/www.spiegel.de\/panorama\/gesellschaft\/hebammen-jens-spahn-muss-das-gesundheitssystem-reformieren-a-1201266.html' class='azc_bbc_url'>Die Zust\u00e4nde in der deutschen Geburtshilfe sind verheerend<\/a><br \/>\nDas ehemalige Nachrichtenmagazin berichtet: <span class='azc_bbc_italic'>&#8222;In Deutschland werden wieder mehr Kinder geboren. So sch\u00f6n das ist, so versch\u00e4rft jede weitere Geburt ein gro\u00dfes Problem, denn die Anzahl der Hebammen und die der Geburtsstationen sinkt seit Jahren &#8211; mit zum Teil katastrophalen Folgen. In dieser Woche haben meine Kollegen und Kolleginnen auf SPIEGEL ONLINE unter anderem dar\u00fcber berichtet, dass es auf Sylt keine Geburtsstation mehr gibt. Hochschwangere werden nun vor die Wahl gestellt, sich entweder vor der Geburt auf dem Festland kasernieren zu lassen oder sich unter Wehen in den Regionalzug zu setzen. F\u00fcr ein reiches Industrieland wie Deutschland eine untragbare und besch\u00e4mende Situation.<\/p>\n<p>Die Insel ist kein Einzelfall, in immer mehr l\u00e4ndlichen Regionen, aber auch in Metropolen wie Berlin erleben werdende Eltern Horrorgeschichten, m\u00fcssen stundenlang von Krankenhaus zu Krankenhaus fahren, weil es nirgendwo Kapazit\u00e4ten gibt &#8211; und schlie\u00dflich wird das Kind auf einem Parkplatz geboren. Denn anders als unser neuer Gesundheitsminister behauptet, wei\u00df man oft nicht, wann genau eine Geburt stattfindet und schon gar nicht, wie sie verlaufen wird. Im Jahr 2016 wurden in Deutschland 66.851 Kinder vor der 37. Schwangerschaftswoche geboren, das sind immerhin 8,6 Prozent aller Neugeborenen.<\/p>\n<p>W\u00e4re Minister Jens Spahn nicht st\u00e4ndig anderweitig besch\u00e4ftigt, k\u00f6nnte er daran etwas \u00e4ndern.&#8220;<\/span><\/p>\n<p><a href='https:\/\/www.linksfraktion.de\/presse\/pressemitteilungen\/detail\/deutsche-bank-aufspalten-1' class='azc_bbc_url'>Deutsche Bank aufspalten<\/a><br \/>\n<span class='azc_bbc_italic'>&#8222;Die Deutsche Bank ist laut dem IWF immer noch die gef\u00e4hrlichste Bank der Welt. Sie ist zu gro\u00df und zu vernetzt zum Scheitern und daher eine Gefahr f\u00fcr die Finanzstabilit\u00e4t und die Steuerzahler. Die Deutsche Bank muss aufgespalten und das Investmentbanking vom seri\u00f6sen Kredit- und Einlagengesch\u00e4ft getrennt und abgewickelt werden. Wenn der neue Chef Christian Sewing ein Zur\u00fcck zur &#8222;J\u00e4germentalit\u00e4t&#8220; fordert, l\u00e4sst das nichts Gutes erwarten. Die kriminelle Energie im Investmentbanking zeigt auch der Prozessauftakt gegen ehemalige Deutsche-Bank-Mitarbeiter in London wegen der Euribor-Manipulationen. Um solche Machenschaften wirksam zu bek\u00e4mpfen, brauchen wir ein Unternehmensstrafrecht in Deutschland.&#8220;<\/span><\/p>\n<p>Falls jemand genickt hat &#8211; schaut mal, wer das fordert <img class='azc_bbc_image' src='https:\/\/www.rume.de\/smilies\/nasiehste.gif'  \/><\/p>\n<p><a href='https:\/\/www.tagesspiegel.de\/politik\/daten-als-geldquelle-staedte-und-gemeindebund-empfiehlt-kommunen-verkauf-von-daten\/21153954.html' class='azc_bbc_url'>St\u00e4dte- und Gemeindebund: Kommunen sollten ihre B\u00fcrgerdaten verkaufen<\/a><br \/>\nKlar, ist ja auch gerade gross in Mode &#8211; siehe Facebook, die sogar noch mit unseren Krankenakten dealen wollten, was aber wegen ihrem aktuellen Datenskandal erstmal gestoppt wurde, bis wieder Gras dr\u00fcber gewachsen ist. Und <a href='https:\/\/heise.de\/-2867735' class='azc_bbc_url'>auch Merkel sagte<\/a> ja bereits: <span class='azc_bbc_italic'>&#8222;Die privaten Daten der Bundesb\u00fcrger sind die Rohstoffe des 21. Jahrhunderts. Hier m\u00fcssen wir jetzt aufpassen, dass der Datenschutz nicht die Oberhand \u00fcber die wirtschaftliche Verarbeitung gewinnt.&#8220;<\/span><\/p>\n<p>Privatsph\u00e4re? Datenschutz? Alles l\u00e4ngst veraltetet Kram, was dem Profit nur im Wege steht. Und darauf kommt es ja schliesslich an im Kapitalismus.<\/p>\n<p><a href='https:\/\/blog.zeit.de\/stoerungsmelder\/2018\/04\/03\/wie-rechte-propaganda-auf-den-schulhof-kommt_26010' class='azc_bbc_url'>AfD in Halle: Wie rechte Propaganda auf den Schulhof kommt<\/a><br \/>\nDie AfD nimmt sich ein Beispiel an der NPD, die an den Schulen ihre rechtsextremen Musik-CDs verteilt &#8211; und verteilt dort nun ihrerseits ihre eigenen Hetz-Flyer.<\/p>\n<p><a href='http:\/\/meedia.de\/2018\/04\/06\/nippel-nein-hakenkreuze-ja-ein-cartoon-macht-sich-ueber-facebooks-pruede-regeln-lustig-und-wird-selbst-zensiert' class='azc_bbc_url'>Facebook-Zensur: Nippel nein, Hakenkreuze ja<\/a><br \/>\nLustig? Oder doch eher bedenkenswert?<\/p>\n<p><a href='http:\/\/feynsinn.org\/?p=9757' class='azc_bbc_url'>Russland-Trolle<\/a><br \/>\nWelch ein Lesegenuss <img class='azc_bbc_image' src='https:\/\/www.rume.de\/smilies\/verehr.gif'  \/> Und falls ihr ein tagesaktuelles Propagandabeispiel sehen m\u00f6chtet: <a href='https:\/\/propagandaschau.wordpress.com\/2018\/04\/06\/wie-die-zdf-propaganda-den-fall-skripal-auf-den-kopf-stellt' class='azc_bbc_url'>Hier bittesch\u00f6n die sogenannten &#8222;Nachrichten&#8220; des ZDF<\/a> <img class='azc_bbc_image' src='https:\/\/www.rume.de\/smilies\/clown.gif'  \/><\/p>\n<p><a href='https:\/\/www.arte.tv\/de\/videos\/077392-000-A\/plastik-ueberall' class='azc_bbc_url'>Plastikverseuchung \u00fcberall: Geschichten vom M\u00fcll<\/a><br \/>\nARTE berichtet: <span class='azc_bbc_italic'>&#8222;Plastik ist Wunderwerk und Teufelszeug zugleich. Einerseits ist Plastik vielf\u00e4ltig einsetzbar und preisg\u00fcnstig, andererseits verantwortlich f\u00fcr ein globales Umweltproblem. Denn Plastik ist \u00fcberall zu finden: als riesiger M\u00fcllstrudel in den Meeren und als Mikroplastik in der Nahrungskette. Mit 220 Kilogramm Verpackungsm\u00fcll pro Kopf waren die Deutschen 2014 sogar Europameister. Und die Wiederverwertung von Plastik funktioniert nur mangelhaft. Die Dokumentation geht der Frage nach, welche Gr\u00fcnde es gibt, dass man das Problem noch nicht in den Griff bekommen hat.&#8220;<\/span><\/p>\n<p>Und falls ihr jetzt denkt: <span class='azc_bbc_italic'>&#8222;Hey, dann trinke ich halt Mineralwasser&#8220;<\/span> &#8211; <a href='https:\/\/blog.fefe.de\/?ts=a4354fbe' class='azc_bbc_url'>joah, macht mal<\/a> <img class='azc_bbc_image' src='https:\/\/www.rume.de\/smilies\/nasiehste.gif'  \/><\/p>\n<p><a href='https:\/\/www.heise.de\/newsticker\/meldung\/Elektromobilitaet-Umweltministerin-will-Kaufpraemie-von-7000-Euro-fuer-E-Lieferwagen-4012767.html' class='azc_bbc_url'>Bundesumweltministerin Schulze (SPD) will Kaufpr\u00e4mie von 7000 Euro f\u00fcr E-Lieferwagen<\/a><br \/>\nDas ist typisch SPD: Den Konzernen bis zum Anschlag in den Arsch kriechen und mit Steuersubventionen beschenken &#8211; aber Diskussionen \u00fcber die Agenda 2010 direkt wieder beenden. SPD-Erneuerung eben <img class='azc_bbc_image' src='https:\/\/www.rume.de\/smilies\/sarkasm.gif'  \/><\/p>\n<p>Wie w\u00e4re es damit, die Altkarren danach steuerlich abzukassieren, <a href='https:\/\/umrath.files.wordpress.com\/2017\/04\/diagramm_pkw-diesel.jpg' class='azc_bbc_url'>was sie tats\u00e4chlich (!) hinten rausblasen<\/a>? Und wenn so ein neues Euro-5-Fahrzeug in Wirklichkeit noch nicht einmal Euro 3 einh\u00e4lt, dann wird es auch schlimmer als ein Euro 3-Fahrzeug besteuert (oder sogar die Zulassung entzogen). Einhergehend nat\u00fcrlich mit einem gesetzlich verankerten Recht auf Nachbesserung und\/oder R\u00fccknahme gegen\u00fcber den Automobilkonzernen. Die Frage nach dem <span class='azc_bbc_italic'>&#8222;wer soll das finanzieren&#8220;<\/span> stellt sich jedenfalls nicht:<\/p>\n<p>BMW: <a href='https:\/\/www.ksta.de\/wirtschaft\/autokonzern-bmw-macht-8&#8211;7-milliarden-euro-gewinn-29907140' class='azc_bbc_url'>8,7 Milliarden Euro Nettogewinn<\/a><br \/>\nVW: <a href='http:\/\/www.spiegel.de\/wirtschaft\/unternehmen\/volkswagen-erzielt-milliardengewinn-trotz-dieselkrise-a-1195167.html' class='azc_bbc_url'>11,4 Milliarden Euro Nettogewinn<\/a><br \/>\nDaimler: <a href='http:\/\/www.zeit.de\/wirtschaft\/unternehmen\/2018-02\/jahresbilanz-daimler-ag-umsatz-gewinn-plus' class='azc_bbc_url'>14,4 Milliarden Euro Nettogewinn<\/a><\/p>\n<p>Ihr wisst, was auch nur 1 (eine) Milliarde Euro bedeutet?<\/p>\n<p>&#8211; Eine Million Euro in 100-Euro-Scheinen sind 30 Zentimeter hoch, eine Milliarde Euro w\u00e4ren 300 Meter<br \/>\n&#8211; F\u00fcr eine Milliarde Euro m\u00fcsste man 18 Jahre lang jeden Samstag eine Million Euro im Lotto gewinnen<br \/>\n&#8211; Wenn du jeden Monat 10.000 Euro verprasst, w\u00e4re die eine Milliarde Euro nach 8.333 Jahren aufgebraucht<\/p>\n<p>Die oben genannten drei Automobilkonzerne haben zusammen weit \u00fcber 30 Milliarden Euro Nettogewinn kassiert. Das Geld w\u00e4re LOCKER vorhanden, um JEDE Stinkekarre mit der Hardware nachzur\u00fcsten, mit der sie die g\u00fcltigen Grenzwerte einh\u00e4lt. Und wenn das technisch nicht geht, w\u00e4re auch das Geld locker vorhanden, um die Karre f\u00fcr den jeweiligen Restwert bei den Automobilkonzernen abzugeben.<\/p>\n<p>So w\u00fcrde ein Rechtsstaat gegen\u00fcber Verbrechern vorgehen.<\/p>\n<p>Stattdessen aber leben wir in Deutschland. Da veruntreut die Bundesregierung nochmal weitere 7.000 Euro von unserem Steuergeld, um es genau diesen Automobilkonzernen zu schenken, die sich einen Dreck um g\u00fcltige Gesetze scheren. Ab wann nochmal genau spricht man von einem Unrechtsstaat? Oder einem Regime?<\/p>\n<p>Dazu passt:<\/p>\n<p><a href='http:\/\/www.spiegel.de\/auto\/aktuell\/abgasskandal-bundesregierung-erwaegt-nachruestung-fuer-teil-der-dieselflotte-a-1201537.html' class='azc_bbc_url'>Bundesregierung erw\u00e4gt Milliardenfonds f\u00fcr Diesel-Nachr\u00fcstungen<\/a><br \/>\n<span class='azc_bbc_italic'>&#8222;Berlin plant nach einem SPIEGEL-Bericht ein milliardenschweres Nachr\u00fcstprogramm f\u00fcr dreckige Dieselautos. Auch die Autokonzerne sollen zahlen&#8220;<\/span>, meldet das ehemalige Nachrichtenmagazin.<\/p>\n<p>Oh, auch die Autokonzerne sollen zahlen &#8211; und doch nicht nur wir Steuerdeppen? Wow, da wird ja mal knallhart durchgegriffen <img class='azc_bbc_image' src='https:\/\/www.rume.de\/smilies\/clown.gif'  \/><\/p>\n<p>Aber hey: Der bildungspolitisch intelligente Deutsche wirds schon schlucken &#8211; und in vier Jahren, zur n\u00e4chsten Bundestagswahl, alles wieder vergessen haben und erneut jubelnd seine schwarzrotgelbgr\u00fcnblaue Kapitalismuspartei w\u00e4hlen <img class='azc_bbc_image' src='https:\/\/www.rume.de\/smilies\/nasiehste.gif'  \/><\/p>\n<p>Und zu guter Letzt:<\/p>\n<a href='https:\/\/uebermedien.de\/26834\/warten-auf-puigdemont' class='azc_bbc_url'>Qualit\u00e4tsmedien warten auf Puigdemont<\/a>\n<img class='azc_bbc_image' src='https:\/\/www.rume.de\/smilies\/muahaha.gif'  \/>\n","protected":false},"excerpt":{"rendered":"<p>\/ SPD-Fraktionschefin Nahles will keine Debatten \u00fcber Schr\u00f6ders Agenda-Politik mehr \/ Die Zust\u00e4nde in der deutschen Geburtshilfe sind verheerend \/ Deutsche Bank aufspalten \/ St\u00e4dte- und Gemeindebund: Kommunen sollten ihre B\u00fcrgerdaten verkaufen \/ AfD in Halle: Wie rechte Propaganda auf den Schulhof kommt \/ Facebook-Zensur: Nippel nein, Hakenkreuze ja \/ Russland-Trolle \/ Plastikverseuchung \u00fcberall: Geschichten &hellip; <a href=\"https:\/\/www.rume.de\/?p=565\" class=\"more-link\"><span class=\"screen-reader-text\">\u201eAufgelesen und kommentiert 2018-04-09\u201c <\/span>weiterlesen<\/a><\/p>\n","protected":false},"author":1,"featured_media":0,"comment_status":"open","ping_status":"closed","sticky":false,"template":"","format":"standard","meta":{"footnotes":""},"categories":[2],"tags":[],"class_list":["post-565","post","type-post","status-publish","format-standard","hentry","category-aufgelesen"],"_links":{"self":[{"href":"https:\/\/www.rume.de\/index.php?rest_route=\/wp\/v2\/posts\/565","targetHints":{"allow":["GET"]}}],"collection":[{"href":"https:\/\/www.rume.de\/index.php?rest_route=\/wp\/v2\/posts"}],"about":[{"href":"https:\/\/www.rume.de\/index.php?rest_route=\/wp\/v2\/types\/post"}],"author":[{"embeddable":true,"href":"https:\/\/www.rume.de\/index.php?rest_route=\/wp\/v2\/users\/1"}],"replies":[{"embeddable":true,"href":"https:\/\/www.rume.de\/index.php?rest_route=%2Fwp%2Fv2%2Fcomments&post=565"}],"version-history":[{"count":1,"href":"https:\/\/www.rume.de\/index.php?rest_route=\/wp\/v2\/posts\/565\/revisions"}],"predecessor-version":[{"id":566,"href":"https:\/\/www.rume.de\/index.php?rest_route=\/wp\/v2\/posts\/565\/revisions\/566"}],"wp:attachment":[{"href":"https:\/\/www.rume.de\/index.php?rest_route=%2Fwp%2Fv2%2Fmedia&parent=565"}],"wp:term":[{"taxonomy":"category","embeddable":true,"href":"https:\/\/www.rume.de\/index.php?rest_route=%2Fwp%2Fv2%2Fcategories&post=565"},{"taxonomy":"post_tag","embeddable":true,"href":"https:\/\/www.rume.de\/index.php?rest_route=%2Fwp%2Fv2%2Ftags&post=565"}],"curies":[{"name":"wp","href":"https:\/\/api.w.org\/{rel}","templated":true}]}}