{"id":562,"date":"2018-04-08T21:26:25","date_gmt":"2018-04-08T19:26:25","guid":{"rendered":"http:\/\/rume.katti.eu\/?p=562"},"modified":"2018-04-08T21:30:10","modified_gmt":"2018-04-08T19:30:10","slug":"aufgelesen-und-kommentiert-2018-04-08","status":"publish","type":"post","link":"https:\/\/www.rume.de\/?p=562","title":{"rendered":"Aufgelesen und kommentiert 2018-04-08"},"content":{"rendered":"<p>\/ Bundesagentur f\u00fcr Arbeit warnt vor Erh\u00f6hung des Mindestlohns<br \/>\n\/ Es mangelt an gut bezahlter Arbeit &#8211; nicht an Fachkr\u00e4ften<br \/>\n\/ F\u00fcnf Jahre Warnstreiks bei Amazon &#8211; Zeit f\u00fcr eine Bilanz<br \/>\n\/ Ausbildung und Abbruch &#8211; Logische Folge<br \/>\n\/ Hubertus Heil (SPD) wird die gesetzliche Altersvorsorge nicht zukunftssicher machen<br \/>\n\/ Rassistisch unterlegte Kindergeld-Debatte im Bundestag<br \/>\n\/ Bayern reaktiviert den Radikalenerlass<br \/>\n\/ Massive Unregelm\u00e4\u00dfigkeiten: Bundesrechnungspr\u00fcfer schockt AfD-Parteitag<br \/>\n\/ Kataloniens Ex-Regionalpr\u00e4sident Puigdemont kommt unter Auflagen frei<br \/>\n\/ Facebook: Datenabgriff von 87 Millionen Nutzern nur die Spitze des Eisberges<br \/>\n\/ Hessen: Schwarz-Gr\u00fcn kauft umstrittene US-Software f\u00fcr die Polizei<br \/>\n\/ ZITiS: Die digitale Stasi von Bundesinnenminister De Maiziere (CDU)<br \/>\n\/ Polizei-Software verd\u00e4chtigt zwei von drei Personen falsch<br \/>\n\/ Dokumentation: Amerikas Drohnenkrieger<br \/>\n\/ Intelligente Stromz\u00e4hler kommen versp\u00e4tet<br \/>\n\/ Beschwerden gegen manipulierende Berichterstattung von ARD-aktuell mit ihrer Tagesschau<br \/>\n\/ ARD-B\u00f6rsensendung: Fernsehen f\u00fcr die Parallelgesellschaft<br \/>\n\/ Daimler-Chef: Mehr Elektroautos nicht so gut f\u00fcr die Bilanz<br \/>\n\/ Amokfahrt von M\u00fcnster<\/p>\n<p>&#8212;<\/p>\n<p><!--more--><\/p>\n<p><a href='https:\/\/www.neues-deutschland.de\/artikel\/1084491.html' class='azc_bbc_url'>Bundesagentur f\u00fcr Arbeit warnt vor Erh\u00f6hung des Mindestlohns<\/a><br \/>\nDas Forschungsinstitut des Bundesagentur f\u00fcr Arbeit (IAB) warnt vor einer Anhebung des Mindestlohnniveaus. Der Grund steht in ihrem Bericht. Zitat:<\/p>\n<p>&#8211; Der Mindestlohn hatte kaum negative Folgen f\u00fcr die Besch\u00e4ftigung<br \/>\n&#8211; Es sei wenig wahrscheinlich, dass eine weitere Anhebung markante negative Besch\u00e4ftigungseffekt bringt<br \/>\n&#8211; Auch dann nicht, wenn die Erh\u00f6hung des Mindestlohns \u00fcber der allgemeinen Lohnentwicklung liegen w\u00fcrde<\/p>\n<p>Und ja, genau das steht im Bericht! Es findet sich kein einziger Grund, den Mindestlohn weiterhin auf diesem menschenverachtend niedrigen Niveau zu belassen, sondern es spricht sogar ALLES f\u00fcr eine deutliche Anhebung.<\/p>\n<p><a href='https:\/\/www.kontextwochenzeitung.de\/debatte\/366\/es-mangelt-an-arbeit-nicht-an-fachkraeften-5005.html' class='azc_bbc_url'>Es mangelt an gut bezahlter Arbeit &#8211; nicht an Fachkr\u00e4ften<\/a><br \/>\n<span class='azc_bbc_italic'>&#8222;Es vergeht kaum ein Tag, an dem nicht der Fachkr\u00e4ftemangel beschworen wird. Wie man die Meinung, es herrsche Fachkr\u00e4ftemangel, &#8222;macht&#8220;, hat k\u00fcrzlich in vorbildlicher Weise der Deutsche Industrie- und Handelskammertag (DIHK) vorgef\u00fchrt. Am 13. M\u00e4rz ver\u00f6ffentlichte er seinen Arbeitsmarktreport 2018. Die zentrale Botschaft: 1,6 Millionen. So viele Stellen k\u00f6nnen, so der DIHK &#8222;l\u00e4ngerfristig nicht besetzt werden&#8220;. Von der &#8222;Zeit&#8220; bis zur &#8222;Heilbronner Stimme&#8220; war dann genau das als Headline zu lesen.<\/p>\n<p>Dass 1,6 Millionen Stellen l\u00e4ngerfristig nicht besetzt werden k\u00f6nnen, wird vom DIHK zwar im Arbeitsmarktreport 2018 behauptet, aber es wird nicht erkl\u00e4rt, woher diese Zahl kommt &#8211; es gibt nicht einmal eine unplausible Erkl\u00e4rung, sondern einfach gar keine. Dass es keine einzige empirische Untersuchung gibt, die einen Fachkr\u00e4ftemangel belegt oder wenigstens \u00fcberwiegend wahrscheinlich macht, scheint in Zeiten von &#8222;Fake News&#8220; unwichtig.<\/p>\n<p>Und noch eine Passage aus dem Arbeitsmarktreport 2018 des DIHK zeigt, dass das von den Arbeitgebern beklagte Problem zum gro\u00dfen Teil selbstgemacht ist: &#8222;Das zweith\u00e4ufigste Motiv der Unternehmen f\u00fcr die Fachkr\u00e4ftesuche ist die Fluktuation von Arbeitskr\u00e4ften (39 Prozent). Hier sind in erster Linie die Dienstleister betroffen (45 Prozent).&#8220;<\/p>\n<p>Im Klartext: Branchen mit miesen L\u00f6hnen haben Schwierigkeiten, qualifiziertes Personal zu bekommen. Und wer schlecht bezahlt wird, ist schnell wieder weg, wenn er etwas besser Bezahltes findet. Die Therapie des Problems ist naheliegend. Wenn &#8211; insbesondere im Dienstleistungsbereich &#8211; bessere L\u00f6hne bezahlt werden, werden auch die Stellenbesetzungsprobleme geringer.&#8220;<\/span> <a href='https:\/\/www.kontextwochenzeitung.de\/debatte\/366\/es-mangelt-an-arbeit-nicht-an-fachkraeften-5005.html' class='azc_bbc_url'>Weiterlesen&#8230;<\/a><\/p>\n<p><a href='http:\/\/www.wsws.org\/de\/articles\/2018\/04\/06\/amaz-a06.html' class='azc_bbc_url'>F\u00fcnf Jahre Warnstreiks bei Amazon &#8211; Zeit f\u00fcr eine Bilanz<\/a><br \/>\nMehr als tausend Amazon-Besch\u00e4ftigte legten am Dienstag nach Ostern in Leipzig und Bad Hersfeld erneut die Arbeit nieder. Sie k\u00e4mpfen gegen unmenschliche Arbeitsbedingungen, gegen st\u00e4ndige \u00dcberwachung und f\u00fcr mehr Lohn. Allerdings sorgt bei Amazon die Dienstleistungsgewerkschaft Verdi daf\u00fcr, dass die Streiks fein s\u00e4uberlich voneinander isoliert bleiben: Es gehe darum, &#8222;mit vereinzelten Streiks immer wieder Nadelstiche zu setzen&#8220;, wie es ein Verdi-Funktion\u00e4r vor kurzem in Leipzig ausdr\u00fcckte. Seit f\u00fcnf Jahren f\u00fchrt Verdi die Streiks nun schon mit dieser Taktik. Es ist Zeit, Bilanz zu ziehen.<\/p>\n<p><a href='https:\/\/www.neues-deutschland.de\/artikel\/1084418.html' class='azc_bbc_url'>Ausbildung und Abbruch &#8211; Logische Folge<\/a><br \/>\n<span class='azc_bbc_italic'>&#8222;Eigentlich sind es beliebte, wenn nicht gar Traumberufe f\u00fcr Jugendliche: Koch, Friseur, Restaurantfachkraft. Deshalb beginnen sie der kargen Bezahlung zum Trotz eine Ausbildung. Friseure bekommen im ersten Lehrjahr zwischen 210 und 450 Euro pro Monat, die anderen genannten unwesentlich mehr. Wo es einen Tarifvertrag gibt, ist alles etwas besser. Aber wo ist das in der Gastronomie und im Friseurhandwerk schon der Fall?<\/p>\n<p>Vielleicht w\u00fcrden Azubis die miserable Bezahlung sogar in Kauf nehmen, wenn der Job ansonsten Spa\u00df macht. Doch der Spa\u00dffaktor in Salons und Restaurants ist \u00e4hnlich niedrig wie die Verg\u00fctung. Da m\u00fcssen sich Friseur-Azubis teure Scheren selbst kaufen, statt Locken zu legen. Und in der Gastronomie sind \u00fcberlange Arbeitstage, abends und an den Wochenenden ohne Ausgleich schlechter Standard. Kein Wunder, dass jeder zweite Auszubildende hier die Flucht ergreift.<\/p>\n<p>Der Rat von \u00c4lteren, doch auch mal die Z\u00e4hne zusammenzubei\u00dfen, ist falsch. Schlechte Arbeitsbedingungen sind nicht zu erdulden, sondern zu verbessern. Denn oh Wunder: Am geringsten ist die Abbrecherquote in Berufen, wo Verg\u00fctung und Ausbildungsbedingungen stimmen.&#8220;<\/span><\/p>\n<p><a href='http:\/\/www.fr.de\/politik\/meinung\/gastbeitraege\/rentenpolitik-grosser-wurf-statt-neiddebatte-a-1476276' class='azc_bbc_url'>Hubertus Heil (SPD) wird die gesetzliche Altersvorsorge nicht zukunftssicher machen<\/a><br \/>\nL E S E B E F E H L !!<\/p>\n<p>Erw\u00e4hnte ich bereits, dass Matthias W. Birkwald zu den besten Rentenexperten im gesamten Bundestag geh\u00f6rt? <img class='azc_bbc_image' src='https:\/\/www.rume.de\/smilies\/verehr.gif'  \/><\/p>\n<p><a href='https:\/\/www.tagesspiegel.de\/politik\/21141950.html' class='azc_bbc_url'>Rassistisch unterlegte Kindergeld-Debatte im Bundestag<\/a><br \/>\n<span class='azc_bbc_italic'>&#8222;Den deutschen Steuerzahlern ist es nicht vermittelbar, warum sie beispielsweise f\u00fcr bulgarische Kinder, die in Bulgarien leben, Monat f\u00fcr Monat Kindergeld \u00fcberweisen m\u00fcssen&#8220;<\/span>, hetzt die AfD im Bundestag &#8211; und sofort bereiten CDU\/CSU und SPD gemeinsam die K\u00fcrzung des Kindergelds nach AfD-Wunsch vor. Dies soll nur noch &#8222;an den Lebenshaltungskosten in deren Wohnsitzland&#8220; bemessen werden, wie das SPD-Arbeitsministerium verk\u00fcndet.<\/p>\n<p>Allein der Aufwand, diese Lebenshaltungskosten immer wieder neu berechnen und jeden einzelnen Anspruch \u00fcberpr\u00fcfen zu lassen, ist schon an Schwachsinnigkeit kaum zu \u00fcberbieten. Aber wenn man sich die menschenverachtenden Hartz-Gesetze anschaut, dann ist der schwarzrotgelbgr\u00fcnblauen Einheitspartei ALLES zuzutrauen, was den Opfern unseres Systems zus\u00e4tzlich schadet.<\/p>\n<p>Der Tagesspiegel erg\u00e4nzt zudem noch (Zitat): <span class='azc_bbc_italic'>&#8222;EU-Ausl\u00e4nder haben Anspruch auf das im Land ihrer Anstellung geltende Kindergeld, auch wenn ihre Kinder im Herkunftsland leben. Das hat der Europ\u00e4ische Gerichtshof 2012 h\u00f6chstrichterlich festgestellt. Und das ist auch nur logisch. &#8222;Wer seine Steuern zahlt, f\u00fcr den m\u00fcssen auch die gleichen Anspr\u00fcche gelten wie f\u00fcr alle anderen Steuerzahler&#8220;, konstatiert die zust\u00e4ndige EU-Kommissarin Marianne Thyssen.&#8220;<\/span><\/p>\n<p>Man m\u00fcsste also das EU-Recht \u00e4ndern, um in Deutschland die B\u00fcrger aus anderen EU-L\u00e4ndern zu &#8222;Menschen zweiter Klasse&#8220; zu degradieren. Und es ist mehr als bezeichnend, dass sich nur die Rechtsaussenregierung von D\u00e4nemark und die nationalsozialistische Regierung \u00d6sterreichs daran zu schaffen machen &#8211; und nun eben auch CDU\/CSU und SPD, die sich applaudierend mit in diese Reihe. <a href='https:\/\/www.wsws.org\/de\/articles\/2018\/03\/15\/grok-m15.html' class='azc_bbc_url'>Die rechteste deutsche Bundesregierung seit 1945 eben<\/a>.<\/p>\n<p>Aber hey: Das muss diese SPD-Erneuerung sein, \u00fcber die sie st\u00e4ndig reden <img class='azc_bbc_image' src='https:\/\/www.rume.de\/smilies\/sarkasm.gif'  \/><\/p>\n<p><a href='http:\/\/www.wsws.org\/de\/articles\/2018\/04\/05\/radi-a05.html' class='azc_bbc_url'>Bayern reaktiviert den Radikalenerlass<\/a><br \/>\n<span class='azc_bbc_italic'>&#8222;Die Bezirksregierung von Oberbayern hat einem Lehreranw\u00e4rter eine Referendar-Stelle verwehrt, weil er bis zum Fr\u00fchjahr 2017 Mitglied der Studierenden- und Jugendorganisation der Linkspartei war. Erst nach einer einstweilige Anordnung des Bayrischen Verwaltungsgerichts darf der 34-j\u00e4hrigen Benedikt Glasl seine Ausbildung zum Lehrer vorl\u00e4ufig fortsetzen. Der Fall ist trotz der Entscheidung des Gerichts eine ernste Warnung. Er zeigt, dass staatliche Stellen bereit sind, gegen noch so harmlose Kritiker des Kapitalismus vorzugehen, und dass die seit dem NSU-Skandal diskreditierten Geheimdienste wieder an Einfluss gewinnen.&#8220;<\/span> <a href='http:\/\/www.wsws.org\/de\/articles\/2018\/04\/05\/radi-a05.html' class='azc_bbc_url'>Weiterlesen&#8230;<\/a><\/p>\n<p><a href='https:\/\/blog.fdik.org\/2018-04\/s1523184347' class='azc_bbc_url'>Massive Unregelm\u00e4\u00dfigkeiten: Bundesrechnungspr\u00fcfer schockt AfD-Parteitag<\/a><br \/>\nWie schockierend! Korrupte Nazis! So etwas hat es in Deutschland <a href='https:\/\/www.metmuseum.org\/toah\/works-of-art\/1987.1125.8' class='azc_bbc_url'>ja NOCH NIE gegeben<\/a>! <img class='azc_bbc_image' src='https:\/\/www.rume.de\/smilies\/sarkasm.gif'  \/><\/p>\n<p><a href='https:\/\/www.neues-deutschland.de\/artikel\/1084535.html' class='azc_bbc_url'>Kataloniens Ex-Regionalpr\u00e4sident Puigdemont kommt unter Auflagen frei<\/a><br \/>\nDamit ist klar: Schon die Verhaftung war ein (politisch gewollter) Skandal f\u00fcr jeden Rechtsstaat. Die Verhaftung kam n\u00e4mlich nur zustande, weil die CDU als Schwesterpartei des Spanischen Regimes diese Verhaftung wollte. Die Telefonorgie zwischen s\u00e4mtlichen deutschen Ministerien und die absurde Auslieferungsforderung der weisungsgebundenen Staatsanwaltschaft zeigen das nur allzu deutlich.<\/p>\n<p>Ebenso unfassbar, dass immer noch kein vollst\u00e4ndiger Freispruch plus Schadenersatz erfolgte, sondern sogar Kaution f\u00fcr seine Freilassung verlangt wurde.<\/p>\n<p>Offen bleibt n\u00e4mlich noch der Volksentscheid, der als &#8222;Veruntreuung von Steuergeld&#8220; angeklagt &#8211; und vom OLG mit einem Korruptionsvorwurf gleichgesetzt wurde. Wenn DAS tats\u00e4chlich G\u00fcltigkeit erlangen sollte, dass politische Entscheidungen nachtr\u00e4glich vor Gericht gekippt werden und das daf\u00fcr eingesetzte Steuergeld dann als Korruption eingestuft wird, dann d\u00fcrfen sich auch deutsche Politiker warm anziehen. Denn <a href='http:\/\/www.daten-speicherung.de\/index.php\/ueberwachungsgesetze' class='azc_bbc_url'>zahlreiche von CDU\/CSU\/SPD\/FDP\/GR\u00dcNE verbrochene Gesetze wurden bereits vom BVerfG wieder kassiert<\/a>, haben aber viel Steuergeld gekostet!<\/p>\n<p>Und diese Verfassungsfeinde m\u00fcssen dann wegen &#8222;Veruntreuung von Steuergeld&#8220; in den Knast? Bitte sofort durchziehen. JETZT! <img class='azc_bbc_image' src='https:\/\/www.rume.de\/smilies\/nasiehste.gif'  \/><\/p>\n<p><a href='https:\/\/netzpolitik.org\/2018\/facebook-datenabgriff-von-87-millionen-nutzern-ist-nur-spitze-des-eisberges' class='azc_bbc_url'>Facebook: Datenabgriff von 87 Millionen Nutzern nur die Spitze des Eisberges<\/a><br \/>\nFacebook musste bereits zugeben, dass durch \u00e4hnliche Datenabgriffe wohl fast alle zwei Milliarden Nutzer betroffen sind. Der CDU\/CSU-Teil der Bundesregierung geht derweilen auf Tauchstation, weil man auf EU-Ebene gerade daran arbeitet (ePrivacy-Verordnung), genau solchen Datenmissbrauch durch die Wirtschaft zu legalisieren. Und die (wie immer schweigende) Bundesdatenschutzbeauftragte Andrea Vo\u00dfhoff (CDU) bereitet sich offensichtlich schon auf ihren Ruhestand vor.<\/p>\n<p>UPDATE: <a href='https:\/\/www.futurezone.de\/digital-life\/article213936999\/Facebook-verhandelte-mit-Krankenhaeusern-ueber-Patientendaten.html' class='azc_bbc_url'>Facebook verhandelte mit Krankenh\u00e4usern \u00fcber Patientendaten<\/a>. Und nur wegen dem aktuellen Datenskandal hat man den Patientendaten-Verkauf erstmal gestoppt, bis Gras \u00fcber die Sache gewachsen ist. Aber hey: Wer hat schon was zu verbergen? <img class='azc_bbc_image' src='https:\/\/www.rume.de\/smilies\/sarkasm.gif'  \/><\/p>\n<p><a href='http:\/\/www.zeit.de\/digital\/2018-04\/palantir-software-hessen-kriminalitaet-islamismus-cambridge-analytica' class='azc_bbc_url'>Hessen: Schwarz-Gr\u00fcn kauft umstrittene US-Software f\u00fcr die Polizei<\/a><br \/>\nKonkret geht es um die Firma &#8222;Palantir&#8220;, die mit finanzieller Hilfe der CIA gegr\u00fcndet wurde. Diese Firma saugt ALLE eure pers\u00f6nlichen Profile im Netz ab, um damit eine Vorhersage von m\u00f6glichen Straftaten zu erstellen. Daf\u00fcr erstellt sie \u00fcber jeden B\u00fcrger <a href='http:\/\/www.faz.net\/video\/medien\/punktrichter-citizen-score-ueberwachung-in-china-13848403.html' class='azc_bbc_url'>einen &#8222;Social Score&#8220; wie in China<\/a>, nur wird dieser zus\u00e4tzlich komplett geheim gehalten. Und dass Palantir bereits beim Missbrauch unserer Pers\u00f6nlichkeitsprofile erwischt wurde, wissen auch CDU und GR\u00dcNE in Hessen. Deshalb gab es auch gar keine \u00f6ffentliche Ausschreibung, sondern der Deal wurde direkt hintenrum unterschrieben. Auch der Preis und der Leistungsumfang wird &#8222;ganz demokratisch&#8220; geheim gehalten. Wenn n\u00e4mlich \u00f6ffentlich bekannt w\u00fcrde, WAS man alles \u00fcber seine B\u00fcrger ausforscht, verkn\u00fcpft und dauerhaft speichert, k\u00f6nnte es ja (siehe Vorratsdatenspeicherung) eine Verfassungsklage geben und das sch\u00f6ne Stasi-Spielzeug w\u00e4re verboten.<\/p>\n<p>So l\u00e4sst sich <a href='https:\/\/police-it.org\/it-der-sicherheitsbehoerden-quo-vadis' class='azc_bbc_url'>verfassungsfeindliches staatliches Handeln<\/a> geschickt verbergen.<\/p>\n<p>Und was macht der Deutsche? Er freut sich, dass es draussen w\u00e4rmer wird, legt sich ne weitere Wurst auf den Grill und wird auch beim n\u00e4chsten Mal wieder mehrheitlich die Verfassungsfeinde von der CDU w\u00e4hlen. <span class='azc_bbc_italic'>&#8222;Die sorgen wenigsten f\u00fcr Recht und Ordnung!!11elf&#8220;<\/span> <img class='azc_bbc_image' src='https:\/\/www.rume.de\/smilies\/sarkasm.gif'  \/><\/p>\n<p>Dazu passt auch:<\/p>\n<p><a href='http:\/\/internetz-zeitung.eu\/index.php\/4736-zitis-jetzt-kommt-die-digital-stasi-und-der-%C3%BCberwachungsstaat-xxl' class='azc_bbc_url'>ZITiS: Die digitale Stasi von Bundesinnenminister De Maiziere (CDU)<\/a><br \/>\nOhne rechtliche Grundlage einfach so per Ministerbefehl eingef\u00fchrt und ausschliesslich mit der anlasslosen Bespitzelung der Bev\u00f6lkerung beauftragt. Fragt hier jemand nach dem Trennungsgebot von Polizei und Geheimdienst? <img class='azc_bbc_image' src='https:\/\/www.rume.de\/smilies\/laugh.gif'  \/> Genau dessen Umgehung war erkl\u00e4rtes Zeil, warum der CDU-Bundesinnenminister diese &#8222;Zentrale Stelle f\u00fcr Informationstechnik im Sicherheitsbereich&#8220; (ZITiS) gegr\u00fcndet hatte. Damit man sich an das Grundgesetz nicht so genau halten muss.<\/p>\n<p>Ein Erich Mielke d\u00fcrfte im Grab rotieren angesichts dessen was seine nachfolgenden Regierungskollegen &#8222;mal eben&#8220; alles durchdr\u00fccken.<\/p>\n<p><a href='https:\/\/www.srf.ch\/news\/schweiz\/predictive-policing-polizei-software-verdaechtigt-zwei-von-drei-personen-falsch' class='azc_bbc_url'>Polizei-Software verd\u00e4chtigt zwei von drei Personen falsch<\/a><br \/>\nIn der Schweiz setzt die Polizei schon seit mehreren Jahren eine Software zur &#8222;Fr\u00fcherkennung von Gef\u00e4hrdern&#8220; ein. Das Ergebnis: <span class='azc_bbc_italic'>&#8222;Am Ende spuckt das System eine Gefahrenstufe von 0 bis 5 aus. Bei &#8222;4&#8220; zum Beispiel sind &#8222;massive Anzeichen f\u00fcr eine schwere Gewalttat vorhanden&#8220;. Jedoch zwei Drittel von denen, die w\u00e4hrend den Jahren 2000 bis 2012 vom Polizeisystem &#8222;Dyrias&#8220; als hochgef\u00e4hrlich stigmatisiert wurden, schritten nie zur Tat.&#8220;<\/span><\/p>\n<p>Tja und als die Polizei darauf angesprochen wurde, sagt sie nur lachend (Zitat): <span class='azc_bbc_italic'>&#8222;Eine \u00ab4\u00bb oder \u00ab5\u00bb bedeute nicht, dass jemand gleich verhaftet werde.&#8220;<\/span> Und das ist doch gn\u00e4dig, oder? Nichts getan, auch nie etwas B\u00f6ses geplant &#8211; aber der Computer sagt halt, dass ich &#8222;gef\u00e4hrlich&#8220; bin und ich lande nur &#8222;gn\u00e4digerweise&#8220; nicht im Knast.<\/p>\n<p>Unn\u00f6tig zu erw\u00e4hnen, dass <a href='https:\/\/www.heise.de\/newsticker\/meldung\/Experten-kritisieren-massiv-geplante-bayerische-Polizeirechtsreform-4001651.html' class='azc_bbc_url'>die CSU in Bayern schon deutlich weiter<\/a> ist. Hier sollen &#8222;Gef\u00e4hrder&#8220; ohne Prozess und Pflichtverteidiger direkt in den Knast. Und so lange der Computer sagt, man k\u00f6nnte &#8222;gef\u00e4hrlich&#8220; sein, bleibt man auch im Knast. Und genau dieses Polizeigesetz ist Vorbild des neuen Bundesinnenministers Seehofer, der auch von der CSU ist.<\/p>\n<p>Aber hey: Lasst uns ruhig weiter vom &#8222;Verfassungsschutz&#8220; diese b\u00f6sen LINKEN beobachten. Die gef\u00e4hrden n\u00e4mlich unseren Rechtsstaat <img class='azc_bbc_image' src='https:\/\/www.rume.de\/smilies\/sarkasm.gif'  \/><\/p>\n<p><a href='http:\/\/www.ardmediathek.de\/tv\/Reportage-Dokumentation\/Amerikas-Drohnenkrieger\/Das-Erste\/Video?bcastId=799280&#038;documentId=51355134' class='azc_bbc_url'>Dokumentation: Amerikas Drohnenkrieger<\/a><br \/>\nDie ARD hat den Dokumentarfilm &#8222;National Bird&#8220; ins Deutsche \u00fcbersetzt. <span class='azc_bbc_italic'>&#8222;Wir wussten alles \u00fcber das Leben der Menschen. Wir schwebten \u00fcber ihnen. Manchmal beobachtet man sie tagelang &#8211; dann heisst es pl\u00f6tzlich: &#8222;Dieser Typ ist b\u00f6se!&#8220; Dann wartet man, bis er das Haus verl\u00e4sst und jagt ihn in die Luft. Feuert eine Rakete auf ihn ab&#8230;&#8220;<\/span><\/p>\n<p>Diese Killerdrohnen wurden \u00fcbrigens erst vom Friedensnobelpreistr\u00e4ger Barack Obama massiv eingesetzt. Aber der Massenm\u00f6rder konnte halt so sch\u00f6n l\u00e4cheln. Der war viel menschlicher, als jetzt dieser b\u00f6se Trump <img class='azc_bbc_image' src='https:\/\/www.rume.de\/smilies\/sarkasm.gif'  \/><\/p>\n<p><a href='http:\/\/www.faz.net\/aktuell\/finanzen\/meine-finanzen\/geld-ausgeben\/intelligente-stromzaehler-kommen-aber-spaeter-15527518.html' class='azc_bbc_url'>Intelligente Stromz\u00e4hler kommen versp\u00e4tet<\/a><br \/>\nQuizfrage: Was macht man mit einem Ger\u00e4t, welches ein hochinteressantes (weil millionenfach verbreitetes) <a href='https:\/\/derstandard.at\/2000007005760\/Kein-Strom-mehr-Smart-Meter-in-Spanien-gehackt' class='azc_bbc_url'>Ziel von Hackern<\/a> ist, sich f\u00fcr die minutengenaue Erfassung des Alltagslebens von allen Haushalten eignet (zu welcher Uhrzeit wird Licht und\/oder Kaffeemaschine eingeschaltet) &#8211; und wo heute schon klar ist, dass unsere Nutzungsdaten <a href='http:\/\/www.zeit.de\/digital\/datenschutz\/2013-11\/smart-meter-teuer-daten-vermarkten\/komplettansicht' class='azc_bbc_url'>nach dem &#8222;Vorbild&#8220; Facebook gewinnbringend weiter verkauft<\/a> werden sollen?<\/p>\n<p>Man nennt es &#8222;Intelligente Stromz\u00e4hler&#8220; <img class='azc_bbc_image' src='https:\/\/www.rume.de\/smilies\/sarkasm.gif'  \/><\/p>\n<p>Intelligent ist das Ger\u00e4t zwar <a href='https:\/\/www.youtube.com\/watch?v=aqHauk3bNFA' class='azc_bbc_url'>wie ein Sack Kartoffeln<\/a>, aber da der Deutsche ohnehin nicht der Hellste ist, wird er das schon schlucken. <span class='azc_bbc_italic'>&#8222;W\u00e4sche waschen, wenn der Strom f\u00fcr die Waschmaschine besonders preiswert ist&#8220;<\/span>, jubelt daher auch unsere stets kritische Qualit\u00e4tsjournaille. Zwar kenne ich niemanden, der Nachts um Drei aufsteht und den Nachbarn zuliebe im Mietshaus den Schleudergang poltern lassen w\u00fcrde &#8211; aber hey: Um <a href='https:\/\/www.stromspiegel.de\/stromkosten\/smart-meter-im-test' class='azc_bbc_url'>die hohen Einbaukosten und den fast doppelt so hohen Grundpreis<\/a> wieder reinzuholen, l\u00e4sst man doch gerne seine nasse W\u00e4sche mehrere Stunden in der Maschine <img class='azc_bbc_image' src='https:\/\/www.rume.de\/smilies\/sarkasm.gif'  \/><\/p>\n<p>Ach \u00fcbrigens: In Spanien, wo diese &#8222;intelligenten&#8220; Stromz\u00e4hler bereits fl\u00e4chendeckend ausgerollt wurden, zeigt sich: Die Kunden bekommen zwar &#8222;flexible Stromtarife&#8220;, aber niemand weiss wirklich genau, wann der Strom wie viel kostet. Mit der im Kapitalismus logischen Folge: Die Menschen m\u00fcssen <a href='https:\/\/www.heise.de\/tp\/news\/Extreme-Strompreise-in-Spanien-3604516.html' class='azc_bbc_url'>nun NOCH MEHR zahlen<\/a>, als vorher mit Altz\u00e4hler und starren Strompreisen.<\/p>\n<p>Wie wir sehen, haben diese Ger\u00e4te den Beinamen &#8222;intelligent&#8220; wahrlich verdient <img class='azc_bbc_image' src='https:\/\/www.rume.de\/smilies\/sarkasm.gif'  \/><\/p>\n<p><a href='http:\/\/www.nrhz.de\/flyer\/beitrag.php?id=24740' class='azc_bbc_url'>Beschwerden gegen manipulierende Berichterstattung von ARD-aktuell mit ihrer Tagesschau<\/a><br \/>\n<span class='azc_bbc_italic'>&#8222;Die Berichterstattung von ARD-aktuell versetzt die Zuschauer in Trauer &#8211; nicht wegen eines Nashorns, sondern wegen der Schieflage der gesamten Berichterstattung, wegen der Liebedienerei f\u00fcr die Kriegsministerin von der Leyen und wegen der billigen Inszenierung des Au\u00dfenministerdarstellers Maas bei seinem Israel-Besuch. Darum geht es in dieser Woche bei den Programmbeschwerden, die Volker Br\u00e4utigam und Friedhelm Klinkhammer beim NDR-Rundfunkrat eingereicht haben. Denn die ARD-Nachrichten sind der Taktgeber f\u00fcr die meisten Medien der Bundesrepublik Deutschland. Wer sich kritisch mit ihnen auseinandersetzt, der kritisiert den Kern des deutschen Journalismus. Die Tagesschau-Maschine ist weder verl\u00e4sslich noch neutral und keinesfalls seri\u00f6s. Sie ist nur wenig Anderes als eben f\u00fcnfzehn Minuten Staatsfunk.&#8220;<\/span> <a href='http:\/\/www.nrhz.de\/flyer\/beitrag.php?id=24740' class='azc_bbc_url'>Weiterlesen&#8230;<\/a><\/p>\n<p>Dazu passt auch:<\/p>\n<p><a href='http:\/\/www.spiegel.de\/wirtschaft\/soziales\/boerse-im-ersten-fernsehen-fuer-die-parallelgesellschaft-kolumne-a-1201069.html' class='azc_bbc_url'>ARD-B\u00f6rsensendung: Fernsehen f\u00fcr die Parallelgesellschaft<\/a><br \/>\nErstaunlich ist, wie geduldig das Volk bisher jeden Abend zu bester Sendezeit eine der verr\u00fccktesten Minderheitensendungen mitverfolgt, die es je gab: die &#8222;B\u00f6rse vor acht&#8220;, fr\u00fcher &#8222;B\u00f6rse im Ersten&#8220;. Wer, au\u00dfer ein paar finanziell Auff\u00e4lligen, braucht zur besten Sendezeit den B\u00f6rsenbericht? Gerade einmal acht Prozent der Bundesb\u00fcrger besitzen Aktien. Was &#8211; nur mal so zum Vergleich &#8211; in etwa dem Bev\u00f6lkerungsanteil der Muslime in Deutschland entspricht. Wobei wir jetzt gar nicht ausmalen wollen, was wohl Horst Seehofer sagt, wenn wir vor der &#8222;Tagesschau&#8220; immer den &#8222;Muslim vor acht&#8220; gucken m\u00fcssten.<\/p>\n<p><a href='https:\/\/www.heise.de\/newsticker\/meldung\/Daimler-Chef-Mehr-Elektroautos-nicht-so-gut-fuer-die-Bilanz-4011384.html' class='azc_bbc_url'>Daimler-Chef: Mehr Elektroautos nicht so gut f\u00fcr die Bilanz<\/a><br \/>\nVorstandschef Dieter Zetsche betonte auf der Hauptversammlung am Donnerstag, wie wichtig der Diesel sei, um den Kohlendioxid-Aussto\u00df zu senken. Fahrverbote lehnte er strikt ab, zudem sprach er sich auch gegen die inzwischen von vielen geforderte Hardwarenachr\u00fcstung von Diesel-Autos aus.<\/p>\n<p>In weiteren Meldungen: Apple-Chef: Steueroasen sind gut f\u00fcr unsere Bilanz, Hausdurchsuchungen durch Steuerbeh\u00f6rden lehne er strikt ab ++++ HSV-Pr\u00e4sident: Siege sind gut f\u00fcr uns, Niederlagen eher nicht ++++ CDU-Sprecher: Parteispenden sind gut f\u00fcr die Demokratie, Transparenz und Begrenzungen lehne er ab ++++ Konzernlobbyist: Steuersenkungen sind gut f\u00fcr unseren Profit, Diskussion um Lohndumping und Niedrigl\u00f6hne lehne er ab ++++ AfD-Landeschef: Angstmacherei vor Fremden ist gut f\u00fcr uns, Debatte \u00fcber knapp 200 Morde durch Neonazis lehne er ab ++++ SPD-Parteivorstand: Erneuerung sicherlich gut f\u00fcr uns, Debatte \u00fcber die Agenda 2010 lehnen wir aber ab ++++ <\/p>\n<p>Und zu guter Letzt:<\/p>\n<p><a href='http:\/\/www.harm-bengen.de\/toonpool\/2018%2004%2008%20Amokfahrt_Muenster-FARBE.jpg' class='azc_bbc_url'>Amokfahrt von M\u00fcnster<\/a><br \/>\nWas will man <a href='https:\/\/www.taz.de\/!5494550' class='azc_bbc_url'>mit denen<\/a> noch diskutieren?<\/p>\n","protected":false},"excerpt":{"rendered":"<p>\/ Bundesagentur f\u00fcr Arbeit warnt vor Erh\u00f6hung des Mindestlohns \/ Es mangelt an gut bezahlter Arbeit &#8211; nicht an Fachkr\u00e4ften \/ F\u00fcnf Jahre Warnstreiks bei Amazon &#8211; Zeit f\u00fcr eine Bilanz \/ Ausbildung und Abbruch &#8211; Logische Folge \/ Hubertus Heil (SPD) wird die gesetzliche Altersvorsorge nicht zukunftssicher machen \/ Rassistisch unterlegte Kindergeld-Debatte im Bundestag &hellip; <a href=\"https:\/\/www.rume.de\/?p=562\" class=\"more-link\"><span class=\"screen-reader-text\">\u201eAufgelesen und kommentiert 2018-04-08\u201c <\/span>weiterlesen<\/a><\/p>\n","protected":false},"author":1,"featured_media":0,"comment_status":"open","ping_status":"closed","sticky":false,"template":"","format":"standard","meta":{"footnotes":""},"categories":[2],"tags":[],"class_list":["post-562","post","type-post","status-publish","format-standard","hentry","category-aufgelesen"],"_links":{"self":[{"href":"https:\/\/www.rume.de\/index.php?rest_route=\/wp\/v2\/posts\/562","targetHints":{"allow":["GET"]}}],"collection":[{"href":"https:\/\/www.rume.de\/index.php?rest_route=\/wp\/v2\/posts"}],"about":[{"href":"https:\/\/www.rume.de\/index.php?rest_route=\/wp\/v2\/types\/post"}],"author":[{"embeddable":true,"href":"https:\/\/www.rume.de\/index.php?rest_route=\/wp\/v2\/users\/1"}],"replies":[{"embeddable":true,"href":"https:\/\/www.rume.de\/index.php?rest_route=%2Fwp%2Fv2%2Fcomments&post=562"}],"version-history":[{"count":2,"href":"https:\/\/www.rume.de\/index.php?rest_route=\/wp\/v2\/posts\/562\/revisions"}],"predecessor-version":[{"id":564,"href":"https:\/\/www.rume.de\/index.php?rest_route=\/wp\/v2\/posts\/562\/revisions\/564"}],"wp:attachment":[{"href":"https:\/\/www.rume.de\/index.php?rest_route=%2Fwp%2Fv2%2Fmedia&parent=562"}],"wp:term":[{"taxonomy":"category","embeddable":true,"href":"https:\/\/www.rume.de\/index.php?rest_route=%2Fwp%2Fv2%2Fcategories&post=562"},{"taxonomy":"post_tag","embeddable":true,"href":"https:\/\/www.rume.de\/index.php?rest_route=%2Fwp%2Fv2%2Ftags&post=562"}],"curies":[{"name":"wp","href":"https:\/\/api.w.org\/{rel}","templated":true}]}}