{"id":554,"date":"2018-03-28T23:09:34","date_gmt":"2018-03-28T21:09:34","guid":{"rendered":"http:\/\/rume.katti.eu\/?p=554"},"modified":"2018-03-28T23:09:34","modified_gmt":"2018-03-28T21:09:34","slug":"aufgelesen-und-kommentiert-2018-03-28","status":"publish","type":"post","link":"https:\/\/www.rume.de\/?p=554","title":{"rendered":"Aufgelesen und kommentiert 2018-03-28"},"content":{"rendered":"<p>\/ Zu den kursierenden SPD-Vorschl\u00e4gen vom &#8222;neuen Hartz IV&#8220;<br \/>\n\/ Das bedingungslose Grundeinkommen: Ein ahnungsloser Witz<br \/>\n\/ Ambulante Intensivpflege: Ein Milliardengesch\u00e4ft auf Kosten von Schwerkranken<br \/>\n\/ Wie bezahlbarer Wohnraum entstehen k\u00f6nnte<br \/>\n\/ So oft beantworten die Abgeordneten im Bundestag eure Fragen<br \/>\n\/ Facebook-Skandal: Der f\u00fcr Datenschutz zust\u00e4ndige Minister Seehofer (CSU) schweigt<br \/>\n\/ Winfried Wolf: &#8222;Ex-Bahnchef R\u00fcdiger Grube ist ein Abzocker&#8220;<br \/>\n\/ Studie enth\u00fcllt die Fake News der Qualit\u00e4tsjournaille<br \/>\n\/ Rechtsextremes Sachsen: Der CDU-Staat<br \/>\n\/ Von der Leyen (CDU) setzt neuen Traditionserlass der Bundeswehr in Kraft<br \/>\n\/ Deutsches CO2-Budget f\u00fcr 2018 bereits aufgebraucht<br \/>\n\/ DIE ZEIT versus Thomas Fischer<br \/>\n\/ Erneut entlarvt &#8222;Die Anstalt&#8220; die ZDF &#8222;Nachrichten&#8220; als Desinformation und Propaganda<br \/>\n\/ Dobrindts christlich-j\u00fcdisches Vaterland<\/p>\n<p>&#8212;<\/p>\n<p><!--more--><\/p>\n<p><a href='http:\/\/www.google.de\/search?q=hartz+spd&#038;hl=de&#038;tbm=nws' class='azc_bbc_url'>Zu den kursierenden SPD-Vorschl\u00e4gen vom &#8222;neuen Hartz IV&#8220;<\/a><br \/>\nZwar schreiben unsere Systemmedien fleissig, dass die SPD <span class='azc_bbc_italic'>&#8222;Hartz4 abschaffen&#8220;<\/span> will &#8211; aber die Journaille hat (wie gewohnt) keine Ahnung <img class='azc_bbc_image' src='https:\/\/www.rume.de\/smilies\/nasiehste.gif'  \/><\/p>\n<p>Auch das &#8222;neue&#8220; SPD-System verpflichtet weiterhin zur Niedriglohn-Zwangsarbeit, um aus Hartz4 heraus zu kommen. Die derzeit angedachten 1.500 Euro brutto f\u00fcr eine Vollzeitstelle sind nichts anderes als Ausbeutung, denn f\u00fcr die vorgeschlagenen T\u00e4tigkeiten kann man auch ganz normale Arbeitsvertr\u00e4ge mit Tariflohn, Urlaubsanspruch und Arbeitnehmer-Mitbestimmungsrechte abschliessen. Genau das ist aber von der SPD nicht gewollt, sondern die Kitas, Stadtparks, Bibliotheken und Gehwege sollen von Niedrigl\u00f6hnern &#8222;in Schuss&#8220; gehalten werden. Und diese Lohnsklaven sollen sich auch nicht gewerkschaftlich zusammenschliessen, sondern haben den Lohn zu akzeptieren, die die Regierenden beim Blick in ihre leergemachten Kassen f\u00fcr &#8222;angemessen&#8220; halten.<\/p>\n<p>Diese &#8222;angemessenen&#8220; L\u00f6hne sind keinesfalls existenzsichernd &#8211; was man auch daran erkennt, wenn man diesen Ausbeutungsjob wieder verliert. Denn dann ist der Anspruch auf Arbeitslosengeld derart gering, dass man direkt wieder in die Hartz-Maschine f\u00e4llt. Denn Hartz4 wird eben NICHT abgeschafft, sondern bleibt f\u00fcr alle bestehen, die nicht arbeiten d\u00fcrfen und\/oder k\u00f6nnen &#8211; inklusive Jocenter-Willk\u00fcr und Sanktionen.<\/p>\n<p>Die SPD nennt DAS zynischerweise auch noch <a href='http:\/\/sakurai-cartoons.de\/\/images\/g_grundeinkommenei.gif' class='azc_bbc_url'>&#8220;solidarisches Grundeinkommen&#8220;<\/a>. Aber genau DAS muss wohl diese SPD-Erneuerung sein, von der sie st\u00e4ndig reden. Man verpackt seine menschenverachtende Politik einfach nur in Neusprech-Pralinenpapier &#8211; fertig.<\/p>\n<p><a href='http:\/\/www.nrhz.de\/flyer\/beitrag.php?id=24711' class='azc_bbc_url'>Das bedingungslose Grundeinkommen: Ein ahnungsloser Witz<\/a><br \/>\n<span class='azc_bbc_italic'>&#8222;Das bedingungslose Grundeinkommen &#8211; eine sch\u00f6ne Idee, doch v\u00f6llig unfinanzierbar und nicht in Einklang zu bringen mit den Prinzipien der &#8222;Leistungsgesellschaft&#8220;. So ungef\u00e4hr schallt es her\u00fcber aus der breiten Front der Grundeinkommensgegner. Sogar Gewerkschaften und Gro\u00dfteile der Linken meinen, man solle lieber auf Arbeitszeitverk\u00fcrzung setzen. Als st\u00fcnde das BGE k\u00fcrzeren Arbeitszeiten entgegen. Und noch absurder: SPIEGEL-Kolumnist Jan Fleischhauer (&#8222;Der schwarze Kanal&#8220;), meinte letzten Herbst, wir h\u00e4tten doch schon ein bedingungsloses Grundeinkommen: Hartz IV.<\/p>\n<p>Seit Jahren dieselbe Leier.<\/p>\n<p>Nicht nur L\u00e4cheln, sondern schallendes Gel\u00e4chter garantieren Satiresendungen wie &#8222;extra 3&#8220; (NDR), moderiert von Christian Ehring, der auch schon bei den Kollegen der &#8222;heute show&#8220; (ZDF) h\u00e4ufiger zu Gast war. Ob Groko-Gepl\u00e4nkel oder Abgasskandal, Politik und Wirtschaft bekommen von Ehring &#038; Co ihr mehr rednerisch als redlich verdientes Fett ab. In der Sendung vom 01.02.2018 traf es wieder einmal die Deutsche Bank. Trotz wiederholter roter Zahlen, g\u00f6nnte sich die F\u00fchrungsspitze erneut gro\u00dfz\u00fcgige Bonuszahlungen. Diesbez\u00fcgliche Ausreden von Deutsche-Bank-Chef Cryan fand Ehring nicht \u00fcberzeugend. Das kl\u00e4nge Richtung &#8222;Bedingungsloses Grundeinkommen&#8220;, merkte der Satiriker an. Er habe gar nicht gewusst, dass die bei der Deutschen Bank so linke Socken seien.<\/p>\n<p>Ha, ha, lustig. Da lacht es sich so schallend&#8230; wie ahnungslos. Zum Einen sind viele &#8222;linke Socken&#8220; gegen das Grundeinkommen, nicht zuletzt die Mehrheit der Linkspartei. Zum anderen wird das Grundeinkommen mit Bequemlichkeit, Passivit\u00e4t und Antriebslosigkeit gleich gesetzt. Schwachsinn. Tats\u00e4chlich will es T\u00e4tigkeit auf freiwilliger Basis f\u00f6rdern, was auch klappt, wie mehrere Pilotprojekte, u.a. in Finnland, vorf\u00fchren. Satire, die dieses \u00fcbergeht, verliert ihren Scharfsinn und verkommt zu billigen Polemik.<\/p>\n<p>Wer die Grundeinkommensidee verstanden hat, tut sich hier schwer mit Lachen.&#8220;<\/span><\/p>\n<p><a href='http:\/\/www.tagesschau.de\/inland\/ambulante-intensivpflege-101.html' class='azc_bbc_url'>Ambulante Intensivpflege: Ein Milliardengesch\u00e4ft auf Kosten von Schwerkranken<\/a><br \/>\nEs ist wie immer im Kapitalismus: Statt darauf zu schauen, was die Menschen ben\u00f6tigen, um trotz ihrer krankheitsbedingten Einschr\u00e4nkungen ein menschenw\u00fcrdiges Leben leben k\u00f6nnen, unterwirft man die Betreuung der Menschen dem Ziel des gr\u00f6sstm\u00f6glichen Profits. Insofern ist es zwar l\u00f6blich, dass die \u00d6ffentlich-Rechten dar\u00fcber berichten. Aber so lange sie nicht die Ursache benennen, ist das alles nur eine moralische Emp\u00f6rung an der Oberfl\u00e4che des kapitalistischen Profitstrebens.<\/p>\n<p>Oder anders gesagt: Solche Reportagen machen genau das, was sich die Bundesregierung an Kritiksimulation w\u00fcnscht. Denn dagegen lassen sich lachend &#8222;Arbeitskommissionen&#8220; und &#8222;Zukunftspl\u00e4ne&#8220; verk\u00fcnden, die dann bestenfalls mal irgendwo ein kleines Pflaster hinkleben &#8211; aber die kapitalistische Ausbeutung bleibt weiterhin bestehen.<\/p>\n<p><a href='http:\/\/www.deutschlandfunkkultur.de\/mittel-gegen-explodierende-grundstueckspreise-wie.976.de.html?dram:article_id=414075' class='azc_bbc_url'>Wie bezahlbarer Wohnraum entstehen k\u00f6nnte<\/a><br \/>\n<span class='azc_bbc_italic'>&#8222;Gibt es ein Recht darauf, mit dem Kauf und Verkauf von Boden Gewinne zu erzielen&#8220;<\/span>, wirft der Deutschlandfunk in die Runde. Oder (auch hier) anders gefragt: Was ben\u00f6tigen die Menschen (n\u00e4mlich Wohnraum) und was wird tats\u00e4chlich daraus gemacht (kapitalistische Profitmaximierung durch Spekulation mit Grundst\u00fccken).<\/p>\n<p>Aber den Kapitalismus endlich mal \u00fcberwinden und ein System aufbauen, was auf die Bed\u00fcrfnisse der Menschen ausgerichtet ist, statt auf maximalen Profit? Das ist selbst mit &#8222;linken Sozialdemokraten&#8220; nicht machbar. Die fordern stattdessen lieber <a href='http:\/\/feynsinn.org\/?p=9683' class='azc_bbc_url'>ein paar Sozialreformen<\/a>. Na dann mal &#8222;Viel Erfolg&#8220; <img class='azc_bbc_image' src='https:\/\/www.rume.de\/smilies\/sarkasm.gif'  \/><\/p>\n<p><a href='https:\/\/www.abgeordnetenwatch.de\/blog\/2018-03-27\/so-antworten-die-abgeordneten-im-bundestag' class='azc_bbc_url'>So oft beantworten die Abgeordneten im Bundestag eure Fragen<\/a><br \/>\nAuch w\u00e4hrend der Regierungsbildung gab es viele Fragen an Politiker. Abgeordnetenwatch hat mal nachgeschaut, welche Parteien auf die zwischen 24. Oktober und 16. M\u00e4rz abgegebenen Fragen antworteten.<\/p>\n<p>&#8211; DIE LINKE mit fast 70 Prozent<br \/>\n&#8211; SPD mit 68,5 Prozent<br \/>\n&#8211; GR\u00dcNE mit 62,5 Prozent<\/p>\n<p>CDU und CSU haben noch nicht einmal die H\u00e4lfte aller Fragen der B\u00fcrger beantwortet.<br \/>\nUnd die AfD interessiert sich noch weniger f\u00fcr die Menschen und beantwortete sogar nur jede dritte Frage.<\/p>\n<p>Keine einzige Frage beantwortet haben:<\/p>\n<p>&#8211; Jens Spahn (CDU)<br \/>\n&#8211; Ursula von der Leyen (CDU)<br \/>\n&#8211; Heiko Maas (SPD)<br \/>\n&#8211; Angela Merkel (CDU)<br \/>\n&#8211; Horst Seehofer (CSU)<\/p>\n<p>Dazu passt auch:<\/p>\n<p><a href='https:\/\/netzpolitik.org\/2018\/kaempferisch-ignorant-hilflos-wie-die-politik-auf-den-facebook-skandal-reagiert' class='azc_bbc_url'>Facebook-Skandal: Der f\u00fcr Datenschutz zust\u00e4ndige Minister Seehofer (CSU) schweigt<\/a><br \/>\nBetrachtet man den Datenschutz-Debatte in Deutschland, sticht zun\u00e4chst ins Auge, wer daran NICHT teilnimmt. Kein einziges Wort zum Thema ist bislang von dem Minister zu h\u00f6ren, in dessen Ressort Datenschutz schwerpunktm\u00e4\u00dfig f\u00e4llt: Horst Seehofer. Aber auch andere Unionspolitiker halten sich auff\u00e4llig zur\u00fcck. Das ist kein Wunder, stehen CSU und CDU doch wie keine andere Partei in Deutschland f\u00fcr den Kurs, Datenschutz pauschal als Wirtschaftshemmnis zu verteufeln und nach M\u00f6glichkeit abzubauen.<\/p>\n<p>Nur zwei Wochen vor der Cambridge-Analytica-Welle hatte Digitalstaatsministerin Dorothee B\u00e4r sich etwa \u00fcber &#8222;Datenschutz aus dem 18. Jahrhundert&#8220; beschwert, der Innovationen bremse. Auch Kanzlerin Merkel vermied es bislang, ausf\u00fchrlich Stellung zu nehmen. Was aber folgerichtig ist, denn wir B\u00fcrger sind f\u00fcr sie nur <a href='[url=https:\/\/heise.de\/-2867735' class='azc_bbc_url'>]&#8220;Datenrohstoff f\u00fcr die Wirtschaft&#8220;<\/a>.<\/p>\n<p>Auff\u00e4llig zur\u00fcckhaltend gibt sich bei diesem Thema die FDP. Zwar forderte ihr parlamentarischer Gesch\u00e4ftsf\u00fchrer, Marco Buschmann, im Bundestag Stellungnahmen von Seehofer und B\u00e4r ein, von den Liberalen selbst ist aber nichts zu h\u00f6ren. Denn auch bei der FDP genie\u00dft die kapitalistische Verwertung unserer Privatsph\u00e4re nat\u00fcrlich Vorrang vor einem &#8222;wirtschaftshemmenden&#8220; Datenschutz.<\/p>\n<p><a href='https:\/\/www.kontextwochenzeitung.de\/wirtschaft\/365\/bohren-nach-barem-5002.html' class='azc_bbc_url'>Winfried Wolf: &#8222;Ex-Bahnchef R\u00fcdiger Grube ist ein Abzocker&#8220;<\/a><br \/>\nTja, sich als Berater einer Firma f\u00fcrstlich bezahlen lassen, der man vorher als Bahnchef millionenschwere Auftr\u00e4ge zugeschanzt hat &#8211; gegen jeden \u00f6ffentlichen Widerstand. In JEDEM Rechtsstaat w\u00e4re dies ein Fall f\u00fcr die Justiz. Inklusive sofortiger Razzia und Sicherungsverwahrung wegen Verdunkelungsgefahr.<\/p>\n<p>Stattdessen aber leben wir in Deutschland. Da k\u00f6nnen solche Gestalten sogar noch mit rechtlichen Schritten drohen, wenn man dar\u00fcber berichtet und kritische Nachfragen stellt.<\/p>\n<p>Ist aber auch nichts Neues. Schon in den 1970er Jahren wusste man sich kaum noch anders gegen solch offen ausgelebtes Unrecht zu wehren und hat diverse Herrschaften im Kofferraum herumgefahren. Heute haben diese Herrschaften nur noch ein paar n\u00f6rgelnde Zeitungsberichte zu &#8222;bef\u00fcrchten&#8220;, die schon kommende Woche wieder vergessen sind.<\/p>\n<p><a href='https:\/\/www.golem.de\/news\/studie-veroeffentlicht-wie-aus-falschnachrichten-fake-news-werden-1803-133533.html' class='azc_bbc_url'>Studie enth\u00fcllt die Fake News der Qualit\u00e4tsjournaille<\/a><br \/>\nDas Nachrichtenportal von golem.de berichtet: <span class='azc_bbc_italic'>&#8222;Hinter den im vergangenen Jahr in Deutschland verbreiteten Fake-News haben nur in seltenen F\u00e4llen v\u00f6llig erfundene Nachrichten gesteckt. Das geht aus einer am Montag in Berlin vorgestellten Studie der Stiftung Neue Verantwortung hervor. Demnach wurden solche &#8222;falschen und irref\u00fchrenden Informationen&#8220; zwar vor allem von Rechten, Rechtspopulisten und Rechtsextremen gezielt verbreitet. Jedoch seien auch redaktionelle Medien stark daran beteiligt, weil sie Nachrichten falsch interpretiert oder selbst bewusst falsch dargestellt h\u00e4tten.<\/p>\n<p>Manche Medien machen sich sogar auffallend oft zum Verbreiter falscher Informationen, wie Bild.de oder Welt.de &#8211; sei es aus \u00f6konomischen Gr\u00fcnden, weil sich bestimmte Nachrichten besser verkaufen oder aufgrund extrem ungenauer journalistischer Arbeit. Das Problem: Sp\u00e4tere Richtigstellungen erreichten in der Regel deutlich weniger Menschen &#8211; und zudem nicht unbedingt diejenigen, die bereits auf diese Fake-News reagiert hatten.&#8220;<\/span><\/p>\n<p>Mit anderen Worten: Unsere Qualit\u00e4tsjournaille verbreitet absichtlich und gezielt fremdenfeindlich zurechtgebogene &#8222;Nachrichten&#8220;, um damit mehr Klicks und Reichweite bei den Rechtsextremen zu bekommen. Und trotzdem wird behauptet, die Journaille sei mehrheitlich linksgr\u00fcn-versifft, ja?<\/p>\n<p><a href='https:\/\/www.jungewelt.de\/artikel\/329888.html' class='azc_bbc_url'>Rechtsextremes Sachsen: Der CDU-Staat<\/a><br \/>\nDie CDU herrscht in Sachsen seit 1990 ununterbrochen. Sie kontrollieren den Apparat (inkl. Justiz, Polizei und Verfassungsschutz) und lassen Faschisten gedeihen. Sachsen ist das logische Ergebnis, wenn Konservative und Industrielle \u00fcber 25 Jahre lang kapitalistische Herrschaft aus\u00fcben. Nirgendwo in Deutschland herrscht eine noch asozialere Schere zwischen Arm und Reich, als in Sachsen. Und nirgendwo in Deutschland wurde der Rassismus derart konsequent zum gutb\u00fcrgerlichen Alltag erkl\u00e4rt &#8211; und nun Pegida marschiert und die AfD die st\u00e4rkste politische Kraft ist.<\/p>\n<p>Soviel auch ganz nebenbei zum Thema, dass man nach rechts r\u00fccken muss, um Rassismus zu verhindern <img class='azc_bbc_image' src='https:\/\/www.rume.de\/smilies\/clown.gif'  \/> Das Gegenteil ist der Fall: Man adelt damit den Rechtsextremismus als &#8222;vern\u00fcnftige Normalit\u00e4t&#8220;.<\/p>\n<p><a href='https:\/\/www.neues-deutschland.de\/artikel\/1083799.html' class='azc_bbc_url'>Von der Leyen (CDU) setzt neuen Traditionserlass der Bundeswehr in Kraft<\/a><br \/>\nNachdem schon seit Jahren wieder das Eiserne Kreuz verliehen wird und nun auch wieder Kasernen nach &#8222;gefallenen Soldaten&#8220; benannt werden &#8211; was fehlt eigentlich noch zum R\u00fcckschritt in alte Wehrmachtstraditionen? Na klar: Das Hochjubeln erfolgreicher Kriegsschlachten. Und hier bietet der &#8222;neue&#8220; Traditionserlass von Ursula von der Leyen (CDU) einiges an Potential. <span class='azc_bbc_italic'>&#8222;Erstmals ist nun festgelegt, dass zentraler Bezugspunkt der Tradition der Bundeswehr ihre eigene Geschichte ist.&#8220;<\/span> Man darf also stolz sein auf:<\/p>\n<p>&#8211; das Abknallen unschuldiger <a href='http:\/\/www.sueddeutsche.de\/politik\/afghanistan-polizeichef-bundeswehrsoldaten-haben-frau-erschossen-1.1070088' class='azc_bbc_url'>Frauen<\/a> und <a href='https:\/\/www.welt.de\/politik\/article2371055\/Bundeswehr-soll-Kinder-erschossen-haben.html' class='azc_bbc_url'>Kinder<\/a><br \/>\n&#8211; die <a href='https:\/\/www.n-tv.de\/politik\/Befoerderung-ist-Kriegserklaerung-article6926231.html' class='azc_bbc_url'>Bombardierung unschuldiger Zivilisten<\/a>, die sich mit Benzin versorgen<br \/>\n&#8211; die Beihilfe f\u00fcr v\u00f6lkerrechtswidrige Angriffskriege <a href='http:\/\/www.spiegel.de\/politik\/deutschland\/urteil-bundesrichter-rueffeln-deutsche-unterstuetzung-des-irak-kriegs-a-372819.html' class='azc_bbc_url'>(1)<\/a> <a href='http:\/\/www.spiegel.de\/spiegel\/print\/d-97012793.html' class='azc_bbc_url'>(2)<\/a> <a href='https:\/\/www.jungewelt.de\/artikel\/328525.es-handelt-sich-um-beihilfe-zu-kriegsverbrechen.html' class='azc_bbc_url'>(3)<\/a> <\/p>\n<p>Und vielleicht auch bald auf das milit\u00e4rische Niederm\u00e4hen von Demonstrationen im Inland, wie es <a href='http:\/\/www.sueddeutsche.de\/politik\/bundeswehreinsaetze-im-inland-karlsruhe-faellt-katastrophen-entscheidung-1.1443401' class='azc_bbc_url'>das Bundesverfassungsgericht ja neulich erlaubte<\/a>. All das sind nun &#8222;vorbildliche Traditionen&#8220; f\u00fcr die Bundeswehr, an die man sich gerne erinnern darf.<\/p>\n<p><a href='https:\/\/www.n-tv.de\/politik\/Deutsches-CO2-Budget-fuer-2018-aufgebraucht-article20358164.html' class='azc_bbc_url'>Deutsches CO2-Budget f\u00fcr 2018 bereits aufgebraucht<\/a><br \/>\n<span class='azc_bbc_italic'>&#8222;Deutschland hat einer Studie zufolge bis Ende M\u00e4rz schon so viel klimasch\u00e4dliches Kohlendioxid (CO2) ausgesto\u00dfen, wie nach dem Pariser Klimaabkommen f\u00fcr ganz 2018 erlaubt w\u00e4re&#8220;<\/span>, berichtet der Nachrichtensender n-tv. Und erinnert ihr euch noch an die kollektive Emp\u00f6rung, als Donald Trump, dieses Klimaschwein, das Pariser Klimaabkommen k\u00fcndigte?<\/p>\n<p>Unsere Klimakanzlerin Merkel macht das cleverer. Sie wirft das Abkommen still und leise in die Toilette und scheisst anschliessend hinter abgeschlossener T\u00fcr nochmal richtig dick obendrauf. So wird daraus nur eine kurze Meldung am Zeitungsrand &#8211; und ist dank unserer kritiklosen Qualit\u00e4tspresse schon morgen wieder vergessen <img class='azc_bbc_image' src='https:\/\/www.rume.de\/smilies\/nasiehste.gif'  \/><\/p>\n<p><a href='https:\/\/uebermedien.de\/26570\/du-bist-unser-autor-du-hast-uns-nicht-in-den-ruecken-zu-fallen' class='azc_bbc_url'>DIE ZEIT versus Thomas Fischer<\/a><br \/>\nDas Medienportal &#8222;\u00dcbermedien&#8220; hat den Verlauf der Trennung recherchiert und aufgeschrieben. Das Fazit: DIE ZEIT hat mal wieder auf ganzer Linie versagt und sich erneute als beleidigte Leberwurst pr\u00e4sentiert, wie schon nach der Klage gegen die Enth\u00fcllung ihrer Edelfedern Joffe und Bittner als NATO-Lobbyhuren in der ZDF-Sendung &#8222;Die Anstalt&#8220;.<\/p>\n<p>Dazu passt auch:<\/p>\n<p><a href='https:\/\/propagandaschau.wordpress.com\/2018\/03\/28\/und-wieder-entlarvt-das-zdf-kabarett-die-zdf-nachrichten-als-desinformation-und-propaganda' class='azc_bbc_url'>Erneut entlarvt &#8222;Die Anstalt&#8220; die ZDF &#8222;Nachrichten&#8220; als Desinformation und Propaganda<\/a><br \/>\nDie komplette Sendung gibt es <a href='https:\/\/www.zdf.de\/comedy\/die-anstalt\/die-anstalt-vom-27-maerz-2018-100.html' class='azc_bbc_url'>hier (klick)<\/a> nochmal zum Geniessen. Allein die ersten 11 Minuten sind ein satter Schlag in die Fresse <img class='azc_bbc_image' src='https:\/\/www.rume.de\/smilies\/nasiehste.gif'  \/><\/p>\n<p>Und zu guter Letzt:<\/p>\n<p><a href='https:\/\/www.stuttmann-karikaturen.de\/karikaturen\/2018\/praegung_kol.jpg' class='azc_bbc_url'>Dobrindts christlich-j\u00fcdisches Vaterland<\/a><br \/>\n&#8230;.<\/p>\n","protected":false},"excerpt":{"rendered":"<p>\/ Zu den kursierenden SPD-Vorschl\u00e4gen vom &#8222;neuen Hartz IV&#8220; \/ Das bedingungslose Grundeinkommen: Ein ahnungsloser Witz \/ Ambulante Intensivpflege: Ein Milliardengesch\u00e4ft auf Kosten von Schwerkranken \/ Wie bezahlbarer Wohnraum entstehen k\u00f6nnte \/ So oft beantworten die Abgeordneten im Bundestag eure Fragen \/ Facebook-Skandal: Der f\u00fcr Datenschutz zust\u00e4ndige Minister Seehofer (CSU) schweigt \/ Winfried Wolf: &#8222;Ex-Bahnchef &hellip; <a href=\"https:\/\/www.rume.de\/?p=554\" class=\"more-link\"><span class=\"screen-reader-text\">\u201eAufgelesen und kommentiert 2018-03-28\u201c <\/span>weiterlesen<\/a><\/p>\n","protected":false},"author":1,"featured_media":0,"comment_status":"open","ping_status":"closed","sticky":false,"template":"","format":"standard","meta":{"footnotes":""},"categories":[2],"tags":[],"class_list":["post-554","post","type-post","status-publish","format-standard","hentry","category-aufgelesen"],"_links":{"self":[{"href":"https:\/\/www.rume.de\/index.php?rest_route=\/wp\/v2\/posts\/554","targetHints":{"allow":["GET"]}}],"collection":[{"href":"https:\/\/www.rume.de\/index.php?rest_route=\/wp\/v2\/posts"}],"about":[{"href":"https:\/\/www.rume.de\/index.php?rest_route=\/wp\/v2\/types\/post"}],"author":[{"embeddable":true,"href":"https:\/\/www.rume.de\/index.php?rest_route=\/wp\/v2\/users\/1"}],"replies":[{"embeddable":true,"href":"https:\/\/www.rume.de\/index.php?rest_route=%2Fwp%2Fv2%2Fcomments&post=554"}],"version-history":[{"count":1,"href":"https:\/\/www.rume.de\/index.php?rest_route=\/wp\/v2\/posts\/554\/revisions"}],"predecessor-version":[{"id":555,"href":"https:\/\/www.rume.de\/index.php?rest_route=\/wp\/v2\/posts\/554\/revisions\/555"}],"wp:attachment":[{"href":"https:\/\/www.rume.de\/index.php?rest_route=%2Fwp%2Fv2%2Fmedia&parent=554"}],"wp:term":[{"taxonomy":"category","embeddable":true,"href":"https:\/\/www.rume.de\/index.php?rest_route=%2Fwp%2Fv2%2Fcategories&post=554"},{"taxonomy":"post_tag","embeddable":true,"href":"https:\/\/www.rume.de\/index.php?rest_route=%2Fwp%2Fv2%2Ftags&post=554"}],"curies":[{"name":"wp","href":"https:\/\/api.w.org\/{rel}","templated":true}]}}