{"id":547,"date":"2018-03-26T21:38:22","date_gmt":"2018-03-26T19:38:22","guid":{"rendered":"http:\/\/rume.katti.eu\/?p=547"},"modified":"2018-03-27T06:34:01","modified_gmt":"2018-03-27T04:34:01","slug":"aufgelesen-und-kommentiert-2018-03-26","status":"publish","type":"post","link":"https:\/\/www.rume.de\/?p=547","title":{"rendered":"Aufgelesen und kommentiert 2018-03-26"},"content":{"rendered":"<p>\/ Massenph\u00e4nomen Hartz IV: 18 Millionen Opfer binnen zehn Jahren<br \/>\n\/ Sozenbashing<br \/>\n\/ Ex-Bahn-Chef Grube ber\u00e4t Stuttgart-21-Tunnelbauer<br \/>\n\/ Bayer und Monsanto planen Monster-Hochzeit<br \/>\n\/ AfD-Klimapolitik: Millionen Fl\u00fcchtlinge verschweigen<br \/>\n\/ AfD-Abgeordnete besch\u00e4ftigen Rechtsextreme<br \/>\n\/ Schulen au\u00dfer Kontrolle: BILD macht Werbung f\u00fcr AfD<br \/>\n\/ Bayern bekommt das h\u00e4rteste Polizeigesetz seit 1945<br \/>\n\/ Facebook best\u00e4tigt jahrelange Sammlung von Anrufdaten seiner User<br \/>\n\/ Umfrage: H\u00e4lfte der Nutzer denkt \u00fcber Social-Media-Abmeldung nach<br \/>\n\/ Im Unterschied zu Belgien wurde Puigdemont in Deutschland festgenommen<br \/>\n\/ DIE LINKE: Festnahme von Puigdemont in Deutschland ist eine Schande<br \/>\n\/ Bundesaussenminister Maas (SPD) l\u00e4sst vier russische Diplomaten ausweisen<br \/>\n\/ Neulich beim Diplomatentreffen<\/p>\n<p>&#8212;<\/p>\n<p><!--more--><\/p>\n<p><a href='https:\/\/www.merkur.de\/politik\/18-millionen-hartz-iv-bezieher-binnen-zehn-jahren-zr-9724263.html' class='azc_bbc_url'>Massenph\u00e4nomen Hartz IV: 18 Millionen Opfer binnen zehn Jahren<\/a><br \/>\nDer MERKUR berichtet: <span class='azc_bbc_italic'>&#8222;In den vergangenen zehn Jahren haben insgesamt 18,2 Millionen Menschen Hartz-IV-Leistungen bezogen, wie aus einer der Deutschen Presse-Agentur vorliegenden Antwort der Bundesregierung auf eine Anfrage von DIE LINKE im Bundestag hervorgeht. Unter 15 Jahre alt waren 5,47 Millionen.&#8220;<\/span><\/p>\n<p>Weit \u00fcber 5 Millionen Kinder werden lachend in Hartz4 geparkt, damit die obersten 10 Prozent es richtig krachen lassen k\u00f6nnen. Besser kann man den Kapitalismus nicht mehr demaskieren.<\/p>\n<span class='azc_bbc_italic'>&#8222;Im Februar bekamen laut Bundesagentur f\u00fcr Arbeit 5,95 Millionen Menschen Hartz IV.&#8220;<\/span>\n<p>Ach und in der ARD Tagespropaganda wird immer von zwei Millionen Arbeitslosen geredet. Ohne jede kritische Anmerkung. Ab wann nochmal spricht man von Regierungsfernsehen?<\/p>\n<span class='azc_bbc_italic'>&#8222;Rund zwei Drittel hiervon bekamen Hartz IV, ohne arbeitslos zu sein, etwa weil sie einem Minijob oder einer Ma\u00dfnahme zur R\u00fcckkehr auf den Arbeitsmarkt nachgingen, Schule oder Hochschule besuchten oder weil sie wegen Krankheit arbeitsunf\u00e4hig waren. Unterm Strich bekommt demnach fast jeder zehnte Haushalt in Deutschland Hartz IV.&#8220;<\/span>\n<p>Und wann bitte fangen wir endlich an, \u00fcber eine Mindestteilhabe am gesellschaftlichen Leben zu diskutieren? Ohne Sanktionen und Arbeitszwang? Es ist ja nun schon mehr als hundert mal nachgewiesen worden, dass das Hartz-Regime nur Hoffnungslosigkeit, Verelendung und Selbstmorde produziert.<\/p>\n<p><a href='http:\/\/feynsinn.org\/?p=9683' class='azc_bbc_url'>Sozenbashing<\/a><br \/>\nWas passiert eigentlich, wenn man die &#8222;linke Sozialdemokratie&#8220; w\u00e4hlt und auf einen sozial reformierten Kapitalismus hofft? <img class='azc_bbc_image' src='https:\/\/www.rume.de\/smilies\/nasiehste.gif'  \/><\/p>\n<p><a href='http:\/\/www.spiegel.de\/wirtschaft\/ruediger-grube-beraet-stuttgart-21-tunnelbauer-a-1199508.html' class='azc_bbc_url'>Ex-Bahn-Chef Grube ber\u00e4t Stuttgart-21-Tunnelbauer<\/a><br \/>\nR\u00fcdiger Grube ber\u00e4t seit seinem Abgang als Bahn-Chef im vergangenen Jahr den Schwanauer Tunnelbauer Martin Herrenknecht, der im Auftrag der Bahn zwei Tunnel f\u00fcr den neuen Gro\u00dfbahnhof Stuttgart 21 bohrt. In seiner Zeit als Vorstandsvorsitzender der Bahn hatte Grube das umstrittene Neubauprojekt gegen heftige Kritik vorangetrieben. Grube war gerade erst in die Kritik geraten, als bekannt wurde, dass er im vergangenen Jahr f\u00fcr nur 30 Tage Amtszeit \u00fcber 2,3 Millionen Euro von der Bahn abkassierte.<\/p>\n<p>In weiteren Meldungen: Pharmalobbyist wird Bundesgesundheitsminister ++++ Banker wird rechte Hand des Bundesfinanzministers ++++ Bayerischer Salonrassist wird Bundesinnenminister ++++ Bundesverkehrsministerium bleibt in den H\u00e4nden der vorherigen Versagerpartei ++++<\/p>\n<p>Und wie jetzt? Das ist alles gar nicht witzig, sondern die dreckige Realit\u00e4t? Da k\u00f6nnt ihr mal sehen, was ihr euch f\u00fcr ne Scheisse zusammenw\u00e4hlt <img class='azc_bbc_image' src='https:\/\/www.rume.de\/smilies\/nasiehste.gif'  \/><\/p>\n<p><a href='https:\/\/www.heise.de\/tp\/features\/Bayer-und-Monsanto-planen-Monster-Hochzeit-4003369.html' class='azc_bbc_url'>Bayer und Monsanto planen Monster-Hochzeit<\/a><br \/>\nAus gegebenem Anlass an dieser Stelle dann auch nochmal <a href='https:\/\/www.youtube.com\/watch?v=fxg0HMdw-0I' class='azc_bbc_url'>die Kurzreportage \u00fcber Glyphosat (klick)<\/a> mit den Fotos von Arbeitern und Kindern, die mit diesen Pflanzenschutzmittel in Kontakt gerieten.<\/p>\n<p><a href='http:\/\/klima-luegendetektor.de\/2018\/03\/25\/afd-millionen-fluechtlinge-verleugnen' class='azc_bbc_url'>AfD-Klimapolitik: Millionen Fl\u00fcchtlinge verschweigen<\/a><br \/>\nLaut Aussage der AfD gibt es ja gar keinen Klimawandel. Komisch nur, dass es Millionen von Klimafl\u00fcchtlinge gibt, die sich (wie schon vor vielen Jahren vorhergesagt) auf den Weg gemacht haben.<\/p>\n<p><a href='http:\/\/www.zeit.de\/politik\/deutschland\/2018-03\/afd-bundestag-mitarbeiter-rechtsextreme-identitaere-bewegung\/komplettansicht' class='azc_bbc_url'>AfD-Abgeordnete besch\u00e4ftigen Rechtsextreme<\/a><br \/>\nDIE ZEIT berichtet: <span class='azc_bbc_italic'>&#8222;Die Bundestagsverwaltung z\u00e4hlt 297 Mitarbeiterinnen und Mitarbeiter der AfD-Abgeordneten und der AfD-Fraktion im Bundestag. Viele von ihnen verbreiten rassistische Kommentare und Verschw\u00f6rungstheorien, besuchen Demonstrationen von Pegida oder folgen den Social-Media-Kan\u00e4len von fremdenfeindlichen Gruppierungen. Mindestens 27 der Fraktions- und Abgeordnetenmitarbeiter der AfD haben sogar einen eindeutig rechtsradikalen bis rechtsextremen Hintergrund. 18 AfD-Mandatstr\u00e4ger besch\u00e4ftigen Mitarbeiter aus diesem Milieu. Unter ihnen sind Anh\u00e4nger der NPD und der neonazistischen, verbotenen Organisation &#8222;Heimattreue Deutsche Jugend&#8220; (HDJ), Aktivisten der &#8222;Identit\u00e4ren Bewegung&#8220; und der rechtsradikalen Gruppe &#8222;Ein Prozent&#8220;. Unter den besonders radikal gesinnten Bundestagsmitarbeitern der AfD sind zahlreiche ehemalige Bundeswehrsoldaten.&#8220;<\/span><\/p>\n<p>Nein &#8211; Doch &#8211; Oooh&#8230;<\/p>\n<p><a href='http:\/\/www.bildblog.de\/97524\/bild-de-laesst-situation-an-schulen-ausser-kontrolle-geraten' class='azc_bbc_url'>Schulen au\u00dfer Kontrolle: BILD macht Werbung f\u00fcr AfD<\/a><br \/>\nUnd nat\u00fcrlich nicht auf den wahren Aussagen des Lehrerverbandes gest\u00fctzt, sondern eifrig zurechtgebogen, damit die AfD den BILD Bericht auch fleissig weiter verbreitet.<\/p>\n<p><a href='https:\/\/netzpolitik.org\/2018\/ab-sommer-in-bayern-das-haerteste-polizeigesetz-seit-1945' class='azc_bbc_url'>Bayern bekommt das h\u00e4rteste Polizeigesetz seit 1945<\/a><br \/>\nUnd die \u00dcberschrift ist keinesfalls \u00fcberzogen. Denn JEDE Person beliebig auf Verdacht wegzusperren, ohne Recht auf einen Anwalt, ohne Gerichtsverhandlung, daf\u00fcr aber mit &#8222;Beweisen&#8220;, die man legal ver\u00e4ndert hat &#8211; wer, wenn nicht die Nazis, sind Vorbild f\u00fcr SOLCH eine Gesetzgebung?<\/p>\n<p>Die blau-alternativen Nazis warten schon freudig auf die Machtergreifung, um DIESE Polizeigesetze umfassend anzuwenden: gegen Gewerkschafter, Umweltsch\u00fctzer und Integrationshelfer. Aus der eigenen Geschichte lernt man &#8211; oder man ist Deutscher.<\/p>\n<p><a href='https:\/\/derstandard.at\/2000076804404\/Selbst-schuld-Facebook-bestaetigt-jahrelange-Sammlung-von-Anrufdaten' class='azc_bbc_url'>Facebook best\u00e4tigt jahrelange Sammlung von Anrufdaten seiner User<\/a><br \/>\nHabt ihr eure Daten von Facebook mal <a href='https:\/\/twitter.com\/dylanmckaynz\/status\/976368845635035138\/photo\/1' class='azc_bbc_url'>runtergeladen?<\/a> Nein? Es stecken n\u00e4mlich einige \u00dcberraschungen drin. Beispielsweise die Sammlung aller eurer Telefonate und SMS, die sich Facebook ebenfalls unter den Nagel gerissen hat. Wie jetzt? Das habt ihr nicht gewusst, als die Facebook-App den Zugriff auf euer Smartphone verlangte? Weil ihr im Appstore nicht draufgeklickt habt, <a href='https:\/\/play.google.com\/store\/apps\/details?id=com.facebook.katana' class='azc_bbc_url'>welche Berechtigungen sich Facebook alle unter den Nagel reisst?<\/a> Tja Leute, genau solche Datensammlungen sind es, \u00fcber <a href='https:\/\/heise.de\/-2867735' class='azc_bbc_url'>die Merkel neulich sagt<\/a>: <span class='azc_bbc_italic'>&#8222;Die privaten Daten der Bundesb\u00fcrger sind die Rohstoffe des 21. Jahrhunderts. Hier m\u00fcssen wir jetzt aufpassen, dass der Datenschutz nicht die Oberhand \u00fcber die wirtschaftliche Verarbeitung gewinnt.&#8220;<\/span><\/p>\n<p>Wenn ihr also entsetzt dar\u00fcber seid, dass Facebook eure Telefonate und SMS abschnorchelt, seid stattdessen lieber entsetzt dar\u00fcber, dass die Groko eure Telefonate und SMS nur als &#8222;Rohstoff f\u00fcr die Wirtschaft&#8220; ansieht und keinen Finger zu eurem Schutz r\u00fchren wird <img class='azc_bbc_image' src='https:\/\/www.rume.de\/smilies\/nasiehste.gif'  \/><\/p>\n<p><a href='http:\/\/www.faz.net\/agenturmeldungen\/dpa\/umfrage-haelfte-der-nutzer-denkt-ueber-social-media-abmeldung-nach-15510482.html' class='azc_bbc_url'>Umfrage: H\u00e4lfte der Nutzer denkt \u00fcber Social-Media-Abmeldung nach<\/a><br \/>\nKein Facebook mehr, kein Twitter, kein Instagram, kein Tinder, kein Snapchat, kein Android, Youtube, Google, Apple, Microsoft und wer noch so alles unsere Daten abgreift? Ja aber wo poste ich denn dann, <a href='https:\/\/dietagespresse.com\/protest-gegen-facebook-frau-25-verschickt-instagram-selfie-ihrer-facebook-loeschung-auf-whatsapp' class='azc_bbc_url'>dass ich mich von Facebook abgemeldet habe<\/a>? <img class='azc_bbc_image' src='https:\/\/www.rume.de\/smilies\/sarkasm.gif'  \/><\/p>\n<p>Aber auch so kann man sich diese Umfrage ganz tief hinten reinschieben. Nach den Enth\u00fcllungen von Edward Snowden wollten auch alle anders agieren, vielleicht mal ihre Mails verschl\u00fcsseln, einen Tor-Browser benutzen, Cookies abschalten &#8211; oder sogar Linux statt Windows benutzen!<\/p>\n<p>Und heute?<\/p>\n<p>Heute stellen sich die Leute Alexa, Echodots und Siris in ihre eigene Wohnung, holen sich FitnessApps und Armbanduhren mit &#8222;smarten&#8220; Anwendungen, vernetzen ihre Wohnungen (Jalousie, Heizung) und auch der neue schicke Flachfernseher ist nat\u00fcrlich &#8222;smart&#8220;. Dazu Xbox und Playstation, die nur mit Internetverbindung funktionieren &#8211; und alles bestellt bei Amazon, mit Deutschlandcard und\/oder Payback-System. Ach ja, und das schicke neue Auto ist auch verwanzt und verpeilsendert, ohne dass es jemanden st\u00f6rt. \u00dcber die ganzen staatlichen Sachen wie den ePass oder die neue Krankenkassenkarte reden wir lieber gar nicht erst.<\/p>\n<p>Die H\u00e4lfte aller Nutzer denkt \u00fcber Social-Media-Abmeldung nach? Befragt diese cleveren Leute nochmal in 14 Tagen, was daraus geworden ist <img class='azc_bbc_image' src='https:\/\/www.rume.de\/smilies\/sarkasm.gif'  \/><\/p>\n<p><a href='https:\/\/www.heise.de\/tp\/features\/Jagd-auf-Separatisten-Im-Unterschied-zu-Belgien-wurde-Puigdemont-in-Deutschland-festgenommen-4003524.html?seite=all' class='azc_bbc_url'>Im Unterschied zu Belgien wurde Puigdemont in Deutschland festgenommen<\/a><br \/>\nWenn man sich diesen TELEPOLIS Bericht durchgelesen hat, dann fragt man sich, wo denn der politische Unterschied zwischen Erdogans T\u00fcrkei und Rajoys Spanien liegt?<\/p>\n<p>Und ganz nebenbei angemerkt: Wurde Puigdemont nur deshalb so schnell und direkt von der Autobahn weg verhaftet, weil unsere Geheimdienste das Mautsystem bereits umfassend missbrauchen? Wo ist die Qualit\u00e4tsjournaille, wenn sie tats\u00e4chlich mal etwas zu recherchieren h\u00e4tte?<\/p>\n<p><a href='https:\/\/www.linksfraktion.de\/presse\/pressemitteilungen\/detail\/festnahme-von-puigdemont-in-deutschland-ist-eine-schande' class='azc_bbc_url'>DIE LINKE: Festnahme von Puigdemont in Deutschland ist eine Schande<\/a><br \/>\nVorbildlich, denn <a href='http:\/\/www.sueddeutsche.de\/politik\/verhaftung-von-carles-puigdemont-deutschland-hat-seinen-ersten-politischen-gefangenen-1.3920198' class='azc_bbc_url'>ein derartiges Unrecht<\/a> muss man anprangern. Punkt.<\/p>\n<p>Und was sagen die anderen Parteien so?<\/p>\n<p><a href='https:\/\/is.gd\/Z1pqVT' class='azc_bbc_url'>GR\u00dcNE: Deine Suche nach &#8222;Puigdemont&#8220; ergab 0 Treffer.<\/a><br \/>\n<a href='https:\/\/www.fdp.de\/suche?query=Puigdemont' class='azc_bbc_url'>FDP: Keine Suchergebnisse vorhanden.<\/a><br \/>\n<a href='https:\/\/www.afd.de\/presse' class='azc_bbc_url'>AfD: Noch nicht mal eine &#8222;Abschieben diesen Ausl\u00e4nder&#8220; Presseerkl\u00e4rung.<\/a><\/p>\n<p>Opposition &#8211; geht anders!<\/p>\n<p>Und was sagen CDU, CSU und SPD zu diesem Thema? <a href='http:\/\/www.zeit.de\/politik\/ausland\/2018-03\/politisches-asyl-carles-puigdemont-deutschland' class='azc_bbc_url'>Zitat<\/a>: <span class='azc_bbc_italic'>&#8222;Die Bundesregierung stellt sich hinter das spanische Regime. &#8222;Spanien ist ein demokratischer Rechtsstaat&#8220;, sagte Regierungssprecher Steffen Seibert in Berlin.&#8220;<\/span> <img class='azc_bbc_image' src='https:\/\/www.rume.de\/smilies\/clown.gif'  \/> Aber hey, was will man auch von CDU und SPD erwarten, die auch lachend einen Edward Snowden ans Messer der US-Amerikaner ausgeliefert h\u00e4tten?<\/p>\n<p><span class='azc_bbc_italic'>&#8222;Die Gro\u00dfe Koalition unterst\u00fctzt die spanische Regierung von Mariano Rajoy, weil sie mit dessen Ziel \u00fcbereinstimmt, jegliche soziale und politische Opposition zu unterdr\u00fccken. Die Aufr\u00fcstung der Polizei, die Ausdehnung des \u00dcberwachungsapparats und die Verwandlung Europas in eine waffenstarrende Festung bilden einen wesentlichen Bestandteil des Koalitionsvertrags, auf den sich SPD und Union geeinigt haben.<\/p>\n<p>Aus diesem Grund stellt sich die deutsche Regierung hinter das brutale Vorgehen Rajoys, dessen Volkspartei (PP) direkt auf die Tradition der Diktatur Francisco Francos zur\u00fcckgeht, der Spanien von 1936 bis 1975 beherrschte. Wie damals arbeiten heute in Europa extrem rechte Regierungen wieder daran, einen Polizei- und Terrorstaat zu errichten, der jede Form von Opposition brutal unterdr\u00fcckt.<\/p>\n<p>Rajoy, dessen Minderheitsregierung von allen Seiten bedr\u00e4ngt wird, hat tausende Polizisten der verhassten Guardia Civil nach Katalonien entsandt, um gegen Teilnehmer des Unabh\u00e4ngigkeitsreferendums vorzugehen. Nachdem die Separatisten trotz erzwungener Neuwahlen erneut eine Mehrheit gewannen, l\u00e4sst er einen potentiellen Kandidaten nach dem anderen verhaften, um die Wahl eines Ministerpr\u00e4sidenten zu verhindern.<\/p>\n<p>In Berlin findet das volle Unterst\u00fctzung, da die herrschende Klasse auch hierzulande jede soziale und politische Opposition gegen ihre reaktion\u00e4re Politik unterdr\u00fccken will. Die Festnahme von Puigdemont ist direkt Bestandteil der Durchsetzung von Polizeistaatsma\u00dfnahmen in Deutschland und ganz Europa.&#8220;<\/span> <a href='http:\/\/www.wsws.org\/de\/articles\/2018\/03\/26\/pers-m26.html' class='azc_bbc_url'>Weiterlesen&#8230;<\/a><\/p>\n<p><a href='https:\/\/blog.fefe.de\/?ts=a447c4c6' class='azc_bbc_url'>Bundesaussenminister Maas (SPD) l\u00e4sst vier russische Diplomaten ausweisen<\/a><br \/>\nBegr\u00fcndung: Die &#8222;b\u00f6sen Russen&#8220; helfen nicht mit bei der Aufkl\u00e4rung des Giftmordes von Salisbury <img class='azc_bbc_image' src='https:\/\/www.rume.de\/smilies\/clown.gif'  \/><\/p>\n<p>Also Erstens mal angemerkt: Seit wann m\u00fcssen Angeklagte (!) denn Beweise vorlegen, dass die gegen sie erhobenen Vorw\u00fcrfe nicht stimmen? Stichwort Unschuldsvermutung. Und noch dreister: Wie bitte soll man etwas aufkl\u00e4ren, was man gar nicht getan hat? <span class='azc_bbc_italic'>&#8222;Wo waren sie gestern gegen 22:30 Uhr nicht?&#8220;<\/span> <img class='azc_bbc_image' src='https:\/\/www.rume.de\/smilies\/clown.gif'  \/><\/p>\n<p>Und bei so etwas steht die SPD in erster Reihe und verh\u00e4ngt die Zwangsausreise russischer Diplomaten? Das muss dann wohl diese SPD-Erneuerung sein, von der gerade alle reden.<\/p>\n<p>Und zu guter Letzt:<\/p>\n<p><a href='https:\/\/www.stuttmann-karikaturen.de\/karikaturen\/2018\/treffen_kol_1.jpg' class='azc_bbc_url'>Neulich beim Diplomatentreffen<\/a><br \/>\n<img class='azc_bbc_image' src='https:\/\/www.rume.de\/smilies\/nasiehste.gif'  \/><\/p>\n","protected":false},"excerpt":{"rendered":"<p>\/ Massenph\u00e4nomen Hartz IV: 18 Millionen Opfer binnen zehn Jahren \/ Sozenbashing \/ Ex-Bahn-Chef Grube ber\u00e4t Stuttgart-21-Tunnelbauer \/ Bayer und Monsanto planen Monster-Hochzeit \/ AfD-Klimapolitik: Millionen Fl\u00fcchtlinge verschweigen \/ AfD-Abgeordnete besch\u00e4ftigen Rechtsextreme \/ Schulen au\u00dfer Kontrolle: BILD macht Werbung f\u00fcr AfD \/ Bayern bekommt das h\u00e4rteste Polizeigesetz seit 1945 \/ Facebook best\u00e4tigt jahrelange Sammlung von &hellip; <a href=\"https:\/\/www.rume.de\/?p=547\" class=\"more-link\"><span class=\"screen-reader-text\">\u201eAufgelesen und kommentiert 2018-03-26\u201c <\/span>weiterlesen<\/a><\/p>\n","protected":false},"author":1,"featured_media":0,"comment_status":"open","ping_status":"closed","sticky":false,"template":"","format":"standard","meta":{"footnotes":""},"categories":[2],"tags":[],"class_list":["post-547","post","type-post","status-publish","format-standard","hentry","category-aufgelesen"],"_links":{"self":[{"href":"https:\/\/www.rume.de\/index.php?rest_route=\/wp\/v2\/posts\/547","targetHints":{"allow":["GET"]}}],"collection":[{"href":"https:\/\/www.rume.de\/index.php?rest_route=\/wp\/v2\/posts"}],"about":[{"href":"https:\/\/www.rume.de\/index.php?rest_route=\/wp\/v2\/types\/post"}],"author":[{"embeddable":true,"href":"https:\/\/www.rume.de\/index.php?rest_route=\/wp\/v2\/users\/1"}],"replies":[{"embeddable":true,"href":"https:\/\/www.rume.de\/index.php?rest_route=%2Fwp%2Fv2%2Fcomments&post=547"}],"version-history":[{"count":3,"href":"https:\/\/www.rume.de\/index.php?rest_route=\/wp\/v2\/posts\/547\/revisions"}],"predecessor-version":[{"id":550,"href":"https:\/\/www.rume.de\/index.php?rest_route=\/wp\/v2\/posts\/547\/revisions\/550"}],"wp:attachment":[{"href":"https:\/\/www.rume.de\/index.php?rest_route=%2Fwp%2Fv2%2Fmedia&parent=547"}],"wp:term":[{"taxonomy":"category","embeddable":true,"href":"https:\/\/www.rume.de\/index.php?rest_route=%2Fwp%2Fv2%2Fcategories&post=547"},{"taxonomy":"post_tag","embeddable":true,"href":"https:\/\/www.rume.de\/index.php?rest_route=%2Fwp%2Fv2%2Ftags&post=547"}],"curies":[{"name":"wp","href":"https:\/\/api.w.org\/{rel}","templated":true}]}}